{"id":87470,"date":"2019-06-06T06:09:25","date_gmt":"2019-06-06T04:09:25","guid":{"rendered":"http:\/\/www.radiopiu.net\/wordpress\/?p=87470"},"modified":"2019-06-06T16:45:05","modified_gmt":"2019-06-06T14:45:05","slug":"mini-idroelettrico-abbiamo-fatto-il-possibile-dichiara-dinca","status":"publish","type":"post","link":"https:\/\/www.radiopiu.net\/wordpress\/mini-idroelettrico-abbiamo-fatto-il-possibile-dichiara-dinca\/","title":{"rendered":"MINI IDROELETTRICO &#8220;ABBIAMO FATTO IL POSSIBILE&#8221; DICHIARA D&#8217;INCA&#8217;"},"content":{"rendered":"<h2><\/h2>\n<p><a class=\"dt-pswp-item\" href=\"http:\/\/www.radiopiu.net\/wordpress\/wp-content\/uploads\/2018\/07\/acqua-bene-comune-visentin-adesso-basta-centrali.jpg\" data-dt-img-description=\"\" data-large_image_width=\"350\" data-large_image_height=\"182\"><img loading=\"lazy\" decoding=\"async\" class=\"alignnone  wp-image-53226\" src=\"http:\/\/www.radiopiu.net\/wordpress\/wp-content\/uploads\/2018\/07\/acqua-bene-comune-visentin-adesso-basta-centrali-300x156.jpg\" alt=\"\" width=\"594\" height=\"309\" srcset=\"https:\/\/www.radiopiu.net\/wordpress\/wp-content\/uploads\/2018\/07\/acqua-bene-comune-visentin-adesso-basta-centrali-300x156.jpg 300w, https:\/\/www.radiopiu.net\/wordpress\/wp-content\/uploads\/2018\/07\/acqua-bene-comune-visentin-adesso-basta-centrali.jpg 350w\" sizes=\"auto, (max-width: 594px) 100vw, 594px\" \/><\/a><\/p>\n<p><strong>ROMA<\/strong> Il deputato veneto commenta il secondo incontro che si \u00e8 tenuto ieri a Bruxelles con le associazioni ambientaliste. Forniti i chiarimenti necessari e informazioni sul diritto ambientale italiano. <em>\u201cAdesso abbiamo fatto tutto il possibile per convincere anche la Direzione Concorrenza della bont\u00e0 del nuovo decreto incentivi. Tramite questo decreto, voluto fortemente dal Movimento 5 Stelle, potremo difendere i nostri fiumi dalla speculazione. Sono orgoglioso di tutto il lavoro svolto e ringrazio le associazioni e i comitati, in particolare Lucia Ruffato e Vanda Bonardo per la grande collaborazione\u201d. <\/em>Il deputato del Movimento 5 Stelle, Federico D\u2019Inc\u00e0, commenta cos\u00ec la riunione che si \u00e8 tenuta nel pomeriggio di ier a Bruxelles nella sede della Direzione generale per la Concorrenza della Commissione europea. Un incontro positivo, a poche settimane da quello organizzato dal deputato bellunese con la Direzione per l\u2019Ambiente, in cui i tecnici avevano appreso le istanze delle associazioni ambientaliste e quelle dello stesso D\u2019Inc\u00e0, per evitare modifiche al decreto \u2018Fer1\u2019 che, senza variazioni, eviterebbe nuovi incentivi al mini idroelettrico. All\u2019appuntamento, i funzionari della Direzione generale per la Concorrenza hanno formulato numerose domande ai rappresentanti di Free Rivers Italia (Lucia Ruffato), Legambiente (Vanda Bonardo) e Centro Italiano per la Riqualificazione Fluviale (Andrea Goltara), che hanno fornito tutti i chiarimenti necessari per potere adottare una decisione in merito agli incentivi sul mini-idroelettrico. Si tratta di delucidazioni in merito a fatti, dati quantitativi e informazioni sul diritto ambientale italiano. <em>\u201cL\u2019esito della procedura da parte della Direzione generale per la Concorrenza potrebbe essere imminente e rimaniamo fiduciosi \u2013 conclude D\u2019Inc\u00e0 \u2013. Solo il Movimento 5 Stelle si \u00e8 prodigato cos\u00ec tanto, mettendo al centro la qualit\u00e0 delle nostre acque per proteggere la bellezza delle nostre Dolomiti\u201d.<\/em><\/p>\n","protected":false},"excerpt":{"rendered":"<p>ROMA Il deputato veneto commenta il secondo incontro che si \u00e8 tenuto ieri a Bruxelles con le associazioni ambientaliste. Forniti i chiarimenti necessari e informazioni sul diritto ambientale italiano. \u201cAdesso abbiamo fatto tutto il possibile per convincere anche la Direzione Concorrenza della bont\u00e0 del nuovo decreto incentivi. Tramite questo decreto, voluto fortemente dal Movimento 5&hellip;<\/p>\n","protected":false},"author":1,"featured_media":77113,"comment_status":"closed","ping_status":"closed","sticky":false,"template":"","format":"standard","meta":{"_monsterinsights_skip_tracking":false,"_monsterinsights_sitenote_active":false,"_monsterinsights_sitenote_note":"","_monsterinsights_sitenote_category":0,"footnotes":""},"categories":[49],"tags":[],"class_list":["post-87470","post","type-post","status-publish","format-standard","has-post-thumbnail","hentry","category-news-18","category-49","description-off"],"img_url":"https:\/\/www.radiopiu.net\/wordpress\/wp-content\/uploads\/2019\/02\/val-di-scalve-centralina-protesta-Schermata-2018-07-23-alle-11.23.08.png","_links":{"self":[{"href":"https:\/\/www.radiopiu.net\/wordpress\/wp-json\/wp\/v2\/posts\/87470","targetHints":{"allow":["GET"]}}],"collection":[{"href":"https:\/\/www.radiopiu.net\/wordpress\/wp-json\/wp\/v2\/posts"}],"about":[{"href":"https:\/\/www.radiopiu.net\/wordpress\/wp-json\/wp\/v2\/types\/post"}],"author":[{"embeddable":true,"href":"https:\/\/www.radiopiu.net\/wordpress\/wp-json\/wp\/v2\/users\/1"}],"replies":[{"embeddable":true,"href":"https:\/\/www.radiopiu.net\/wordpress\/wp-json\/wp\/v2\/comments?post=87470"}],"version-history":[{"count":0,"href":"https:\/\/www.radiopiu.net\/wordpress\/wp-json\/wp\/v2\/posts\/87470\/revisions"}],"wp:featuredmedia":[{"embeddable":true,"href":"https:\/\/www.radiopiu.net\/wordpress\/wp-json\/wp\/v2\/media\/77113"}],"wp:attachment":[{"href":"https:\/\/www.radiopiu.net\/wordpress\/wp-json\/wp\/v2\/media?parent=87470"}],"wp:term":[{"taxonomy":"category","embeddable":true,"href":"https:\/\/www.radiopiu.net\/wordpress\/wp-json\/wp\/v2\/categories?post=87470"},{"taxonomy":"post_tag","embeddable":true,"href":"https:\/\/www.radiopiu.net\/wordpress\/wp-json\/wp\/v2\/tags?post=87470"}],"curies":[{"name":"wp","href":"https:\/\/api.w.org\/{rel}","templated":true}]}}