{"id":87545,"date":"2019-06-07T05:58:04","date_gmt":"2019-06-07T03:58:04","guid":{"rendered":"http:\/\/www.radiopiu.net\/wordpress\/?p=87545"},"modified":"2019-06-07T09:58:55","modified_gmt":"2019-06-07T07:58:55","slug":"giornale-radiopiu-07-giugno-2019-direttore-mirko-mezzacasa","status":"publish","type":"post","link":"https:\/\/www.radiopiu.net\/wordpress\/giornale-radiopiu-07-giugno-2019-direttore-mirko-mezzacasa\/","title":{"rendered":"GIORNALE RADIOPIU 07 GIUGNO 2019 DIRETTORE MIRKO MEZZACASA"},"content":{"rendered":"<p><strong>La Procura di Belluno<\/strong> chiamer\u00e0 a giudizio Nemesio e Samuele, padre e figlio indagati per il caso &#8220;Erostrato&#8221;, gli Aquini sono stati rinviati a giudizio con 14 capi di accusa, il sindaco Zanella\u00a0 si costituir\u00e0 parte civile e i difensori mettono le mani avanti <em>&#8220;nessuna prova, solo indizi&#8221;.\u00a0<\/em><strong>Alpe del Nevegal alla frutta,<\/strong> il Comune mette a disposizione mezzo milione di euro per una societ\u00e0 che gestisca il colle che potrebbe diventare il pi\u00f9\u00a0 grande campo scuola della Regione.<strong> Agcom guarda alla montagna<\/strong> e tra i 120 piccoli Comuni nel progetto 5G inserisce anche Vallada e La Valle Agordina, qui sar\u00e0 testata la nuova tecnologia 5G. <strong>850 mila euro<\/strong> per la strada della Val Fiorentina, sar\u00e0 Dolomiti Rocce ad interessarsi dell&#8217;intervento per la messa in sicurezza della provinciale 20, il soggetto attuattore \u00e8 Veneto Strade pur essendo una strada in capo alla Provincia, come si promette da tempo (la strada si diceva che avrebbe dovuto aprire a maggio e siamo a giugno con luglio alle porte e agosto altrettanto vicino) saranno realizzate le strutture para sassi e di regimazione del torrente Fiorentina.<strong> In Alpago<\/strong> hanno preso il via i lavori alla frana di Borsoi, all&#8217;opera i servizi forestali regionali nei lavori di somma urgenza.T<strong>utto pronto ad Agordo e nell&#8217;Alto Agordino<\/strong> per i due eventi del fine settimana, ad Agordo, San Tomaso, Vallada e Voltago domani e domenica il 4 Dolomiti Rally (nello sport i servizi di Roberto Bona e la viabilit\u00e0), sui Passi Dolomitici la Haute Route con base a Cortina D&#8217;Ampezzo.<\/p>\n<p>&nbsp;<\/p>\n<p>&nbsp;<\/p>\n<p><span style=\"color: #ff0000;\"><strong>IMPORTANTE<\/strong><\/span><\/p>\n<p style=\"font-weight: 400;\"><strong>\u00a0L\u2019ENI cerca Periti Minerari\u00a0\u00a0diplomatesi a Agordo negli ultimi 3 anni da inserire nella propria azienda. Inoltre <\/strong><strong>Cava di Brescia cerca Perito Minerario. <\/strong><strong>\u00a0 <\/strong><strong>Per Informazioni rivolgersi all\u2019Istituto Minerario di Agordo\u00a0\u00a0043762015 e chiedere di Dino Preloran o telefonare direttamente al 3288180959<\/strong><\/p>\n<p>&nbsp;<\/p>\n<p><strong>RIVAMONTE<\/strong> <span style=\"font-family: Arial, serif;\">\u00a0nelle localita&#8217; Miotte, Zenich, Mottes, Zep, Schena, Saret, Roste, Paluch, Gona di Conedera, Ponte Alto, Lonie e Santel l&#8217;acqua erogata dall&#8217;acquedotto non \u00e8 potabile e pu\u00f2 essere usata per scopi alimentari solo previa bollitura.<\/span><\/p>\n<p><strong>ROCCA PIETORE<\/strong> nelle localit\u00e0 Masar\u00e8, Badiot e Le Pale l&#8217;acqua erogata dall&#8217;acquedotto non \u00e8 potabile e pu\u00f2 essere usata per scopi alimentari solo previa bollitura.<\/p>\n<p><strong>SAN TOMASO<\/strong> In frazione La Costa di San Tomaso acqua non potabile, la prossima settimana \u00e8 previsto il prelievo di controllo.<\/p>\n<p>&nbsp;<\/p>\n<p>&nbsp;<\/p>\n<p>&nbsp;<\/p>\n<h2>AREA CAMPER E PARCHEGGI IN ZONA INDUSTRIALE VALCOZZENA<\/h2>\n<p><strong><a class=\"dt-pswp-item\" href=\"http:\/\/www.radiopiu.net\/wordpress\/wp-content\/uploads\/2019\/06\/20190508_190509.jpg\" data-dt-img-description=\"\" data-large_image_width=\"3264\" data-large_image_height=\"1836\"><img loading=\"lazy\" decoding=\"async\" class=\" wp-image-87506 alignleft\" src=\"http:\/\/www.radiopiu.net\/wordpress\/wp-content\/uploads\/2019\/06\/20190508_190509-300x169.jpg\" alt=\"\" width=\"186\" height=\"105\" srcset=\"https:\/\/www.radiopiu.net\/wordpress\/wp-content\/uploads\/2019\/06\/20190508_190509-300x169.jpg 300w, https:\/\/www.radiopiu.net\/wordpress\/wp-content\/uploads\/2019\/06\/20190508_190509-768x432.jpg 768w, https:\/\/www.radiopiu.net\/wordpress\/wp-content\/uploads\/2019\/06\/20190508_190509-1024x576.jpg 1024w\" sizes=\"auto, (max-width: 186px) 100vw, 186px\" \/><\/a>AGORDO<\/strong> Di ieri lo spunto di Gianniantonio Cassisi che riproponiamo a margine sui parcheggi per i camper molto spesso a servizio delle maestranze Luxottica. Ne Abbiamo parlato con il sindaco Roberto Chissal\u00e8 e con il consigliere Paolo Selva Moretti.<\/p>\n<p>&nbsp;<\/p>\n<p><strong>IL SINDACO DI AGORDO ROBERTO CHISSALE&#8217;<\/strong><\/p>\n<audio class=\"wp-audio-shortcode\" id=\"audio-87545-1\" preload=\"none\" style=\"width: 100%;\" controls=\"controls\"><source type=\"audio\/mpeg\" src=\"http:\/\/www.radiopiu.net\/wordpress\/wp-content\/uploads\/2019\/06\/roberto-chissale.mp3?_=1\" \/><a href=\"http:\/\/www.radiopiu.net\/wordpress\/wp-content\/uploads\/2019\/06\/roberto-chissale.mp3\">http:\/\/www.radiopiu.net\/wordpress\/wp-content\/uploads\/2019\/06\/roberto-chissale.mp3<\/a><\/audio>\n<p><strong>IL CONSIGLIERE COMUNALE PAOLO SELVA MORETTI<\/strong><\/p>\n<audio class=\"wp-audio-shortcode\" id=\"audio-87545-2\" preload=\"none\" style=\"width: 100%;\" controls=\"controls\"><source type=\"audio\/mpeg\" src=\"http:\/\/www.radiopiu.net\/wordpress\/wp-content\/uploads\/2019\/06\/paolo-selva-moretti.mp3?_=2\" \/><a href=\"http:\/\/www.radiopiu.net\/wordpress\/wp-content\/uploads\/2019\/06\/paolo-selva-moretti.mp3\">http:\/\/www.radiopiu.net\/wordpress\/wp-content\/uploads\/2019\/06\/paolo-selva-moretti.mp3<\/a><\/audio>\n<p><strong>DAL NOTIZIARIO DI IERI GIANNIANTONIO CASSISI<\/strong><\/p>\n<audio class=\"wp-audio-shortcode\" id=\"audio-87545-3\" preload=\"none\" style=\"width: 100%;\" controls=\"controls\"><source type=\"audio\/mpeg\" src=\"http:\/\/www.radiopiu.net\/wordpress\/wp-content\/uploads\/2019\/06\/CASSISI.mp3?_=3\" \/><a href=\"http:\/\/www.radiopiu.net\/wordpress\/wp-content\/uploads\/2019\/06\/CASSISI.mp3\">http:\/\/www.radiopiu.net\/wordpress\/wp-content\/uploads\/2019\/06\/CASSISI.mp3<\/a><\/audio>\n<p>&nbsp;<\/p>\n<p>&nbsp;<\/p>\n<p>&nbsp;<\/p>\n<h2>FORESTALI REGIONALI AL LAVORO SULLA FRANA DI BORSOI.<\/h2>\n<p><strong><a class=\"dt-pswp-item\" href=\"http:\/\/www.radiopiu.net\/wordpress\/wp-content\/uploads\/2019\/06\/917-2019-DIFESA-DEL-SUOLO.-FORESTALI-REGIONALI-AL-LAVORO-SULLA-FRANA-DI-BORSOI2.jpg\" data-dt-img-description=\"\" data-large_image_width=\"1600\" data-large_image_height=\"900\"><img loading=\"lazy\" decoding=\"async\" class=\"size-medium wp-image-87577 alignleft\" src=\"http:\/\/www.radiopiu.net\/wordpress\/wp-content\/uploads\/2019\/06\/917-2019-DIFESA-DEL-SUOLO.-FORESTALI-REGIONALI-AL-LAVORO-SULLA-FRANA-DI-BORSOI2-300x169.jpg\" alt=\"\" width=\"300\" height=\"169\" srcset=\"https:\/\/www.radiopiu.net\/wordpress\/wp-content\/uploads\/2019\/06\/917-2019-DIFESA-DEL-SUOLO.-FORESTALI-REGIONALI-AL-LAVORO-SULLA-FRANA-DI-BORSOI2-300x169.jpg 300w, https:\/\/www.radiopiu.net\/wordpress\/wp-content\/uploads\/2019\/06\/917-2019-DIFESA-DEL-SUOLO.-FORESTALI-REGIONALI-AL-LAVORO-SULLA-FRANA-DI-BORSOI2-768x432.jpg 768w, https:\/\/www.radiopiu.net\/wordpress\/wp-content\/uploads\/2019\/06\/917-2019-DIFESA-DEL-SUOLO.-FORESTALI-REGIONALI-AL-LAVORO-SULLA-FRANA-DI-BORSOI2-1024x576.jpg 1024w, https:\/\/www.radiopiu.net\/wordpress\/wp-content\/uploads\/2019\/06\/917-2019-DIFESA-DEL-SUOLO.-FORESTALI-REGIONALI-AL-LAVORO-SULLA-FRANA-DI-BORSOI2.jpg 1600w\" sizes=\"auto, (max-width: 300px) 100vw, 300px\" \/><\/a>ALPAGO <\/strong>Gli uomini dei Servizi Forestali regionali hanno avviato\u00a0 i lavori di somma urgenza per alleggerire il corpo della frana di Borsoi a Tambre. Il movimento franoso si \u00e8 riattivato nelle ultime settimane a causa delle consistenti piogge che hanno portato ad un aumento delle acque circolanti nel terreno.<\/p>\n<blockquote><p><em>\u201cI lavori in corso prevedono l&#8217;asportazione di consistenti volumi di terreno limoso misto a pietre \u2013 spiega l\u2019assessore regionale alla Difesa del Suolo Gianpaolo Bottacin \u2013 questo al fine di diminuire, per quanto possibile, il peso della massa di terra in movimento e da rallentarne lo spostamento\u201d. Tra le attivit\u00e0 realizzate si \u00e8 provveduto ad eseguire anche un rilievo topografico della morfologia dell&#8217;area della frana per una migliore individuazione della circolazione idrica, causa del peggioramento delle caratteristiche geotecniche dei terreni.<\/em><\/p><\/blockquote>\n<p>\u00c8 stato prevista la regimazione delle acque superficiali per favorire un rapido scarico nel torrente Borsoia attraverso la rete di canalette gi\u00e0 esistenti e localmente danneggiate. I lavori, per i quali sono stati messi a disposizione 300mila euro, saranno completati in circa due mesi, tempo necessario allo spostamento della terra a fondo valle in posizione sicura dal punto di vista idrogeologico.<\/p>\n<p>&nbsp;<\/p>\n<p>&nbsp;<\/p>\n<p>&nbsp;<\/p>\n<h2>A FODOM LA SCUOLA DEL BOSCO E LEZIONE AMBIENTALE<\/h2>\n<div id=\"fb-root\"><\/div>\n<p><script async=\"1\" defer=\"1\" crossorigin=\"anonymous\" src=\"https:\/\/connect.facebook.net\/it_IT\/sdk.js#xfbml=1&amp;version=v6.0\"><\/script><\/p>\n<div class=\"fb-video\" data-href=\"https:\/\/www.facebook.com\/leandro.grones\/videos\/2628712723848351\/\" data-width=\"1200\">\n<blockquote cite=\"https:\/\/www.facebook.com\/leandro.grones\/videos\/2628712723848351\/\" class=\"fb-xfbml-parse-ignore\"><p><a href=\"https:\/\/www.facebook.com\/leandro.grones\/videos\/2628712723848351\/\"><\/a><\/p>\n<p>Pubblicato da <a href=\"https:\/\/www.facebook.com\/leandro.grones\">Leandro Grones<\/a> su Gioved\u00ec 6 giugno 2019<\/p><\/blockquote>\n<\/div>\n<p><strong><a class=\"dt-pswp-item\" href=\"http:\/\/www.radiopiu.net\/wordpress\/wp-content\/uploads\/2019\/06\/62372102_2628712877181669_9185882929480335360_n.jpg\" data-dt-img-description=\"\" data-large_image_width=\"960\" data-large_image_height=\"720\"><img loading=\"lazy\" decoding=\"async\" class=\"wp-image-87598 alignright\" src=\"http:\/\/www.radiopiu.net\/wordpress\/wp-content\/uploads\/2019\/06\/62372102_2628712877181669_9185882929480335360_n-300x225.jpg\" alt=\"\" width=\"246\" height=\"185\" srcset=\"https:\/\/www.radiopiu.net\/wordpress\/wp-content\/uploads\/2019\/06\/62372102_2628712877181669_9185882929480335360_n-300x225.jpg 300w, https:\/\/www.radiopiu.net\/wordpress\/wp-content\/uploads\/2019\/06\/62372102_2628712877181669_9185882929480335360_n-768x576.jpg 768w, https:\/\/www.radiopiu.net\/wordpress\/wp-content\/uploads\/2019\/06\/62372102_2628712877181669_9185882929480335360_n.jpg 960w\" sizes=\"auto, (max-width: 246px) 100vw, 246px\" \/><\/a>LIVINALLONGO<\/strong> I\u00a0 ragazzi delle scuole\u00a0 si sono dedicati alla gestione forestale dopo la devastazione di Vaia che a Fodom ha raso al suolo 600 ettari di bosco, 130.000 metri cubi di legname. Una mattinata di formazione dove i ragazzi hanno potuto vedere da vicino come un potentissimo\u00a0 processore forestale\u00a0 che afferra, sposta e seziona gli alberi schiantati. Alcuni hanno\u00a0 provato l\u2019ebrezza di fare un \u201cgiretto\u201d seduti in cabina e osservare la complessit\u00e0 dei comandi che muovono questi mezzi forestali mai visti prima a Fodom. Al campo di calcio di Cernadoi il ricordo di Vaia e interventi. Rimarcata l&#8217;importanza di fare squadra\u00a0 con\u00a0 il contributo di tutti per ripulire e ripristinare il\u00a0 territorio <em>&#8220;Bellissima &#8211; dice il sindaco Leandro Grones &#8211; e intrisa di significati la lettura di alcune lettere scritte dei ragazzi delle medie sul\u00a0 vento di quella terribile notte di ottobre, sul bosco profondamente ferito e di ringraziamento a tutte le\u00a0 persone che all\u2019alba del 30 ottobre di sono rimboccati le maniche per aiutare chi aveva bisogno e che tutt\u2019ora contribuiscono a riparare e sistemare il territorio&#8221;.<\/em><\/p>\n<p><strong>IL SINDACO DI LIVINALLONGO LEANDRO GRONES DAL GR DI RADIO PIU<\/strong><\/p>\n<audio class=\"wp-audio-shortcode\" id=\"audio-87545-4\" preload=\"none\" style=\"width: 100%;\" controls=\"controls\"><source type=\"audio\/mpeg\" src=\"http:\/\/www.radiopiu.net\/wordpress\/wp-content\/uploads\/2019\/06\/LEANDRO.mp3?_=4\" \/><a href=\"http:\/\/www.radiopiu.net\/wordpress\/wp-content\/uploads\/2019\/06\/LEANDRO.mp3\">http:\/\/www.radiopiu.net\/wordpress\/wp-content\/uploads\/2019\/06\/LEANDRO.mp3<\/a><\/audio>\n<p>&nbsp;<\/p>\n<p>U<\/p>\n<p>&nbsp;<\/p>\n<p>&nbsp;<\/p>\n<p>&nbsp;<\/p>\n<h2>FEDERALISMO, DE MENECH: &#8220;RIDURRE IL DIFFERENZIALE&#8221;<\/h2>\n<p>dalla rassegna stampa Roger De Menech<\/p>\n<audio class=\"wp-audio-shortcode\" id=\"audio-87545-5\" preload=\"none\" style=\"width: 100%;\" controls=\"controls\"><source type=\"audio\/mpeg\" src=\"http:\/\/www.radiopiu.net\/wordpress\/wp-content\/uploads\/2019\/06\/r.mp3?_=5\" \/><a href=\"http:\/\/www.radiopiu.net\/wordpress\/wp-content\/uploads\/2019\/06\/r.mp3\">http:\/\/www.radiopiu.net\/wordpress\/wp-content\/uploads\/2019\/06\/r.mp3<\/a><\/audio>\n<p>&nbsp;<\/p>\n<p><strong><a class=\"dt-pswp-item\" href=\"http:\/\/www.radiopiu.net\/wordpress\/wp-content\/uploads\/2016\/01\/slider_01-roger-de-menech-07-07-620x248-e1454393337533.jpg\" data-dt-img-description=\"\" data-large_image_width=\"620\" data-large_image_height=\"248\"><img loading=\"lazy\" decoding=\"async\" class=\" wp-image-16099 alignleft\" src=\"http:\/\/www.radiopiu.net\/wordpress\/wp-content\/uploads\/2016\/01\/slider_01-roger-de-menech-07-07-620x248-e1454393337533-300x120.jpg\" alt=\"\" width=\"265\" height=\"106\" \/><\/a>ROMA<\/strong> \u00abPer rendere davvero equa la ripartizione delle risorse tra i Comuni bisogna tenere conto di una serie di criteri di cui discutiamo da anni, ma che finora non sono stati messi in atto\u00bb. Il deputato bellunese Roger De Menech ha salutato con una serie di richieste il neo presidente della Commissione tecnica per i fabbisogni standard, Giampaolo Arachi, presente in audizione questa mattina alla commissione bicamerale Federalismo fiscale. Il fondo annuale per i Comuni viene distribuito applicando al 50 per cento il criterio dei fabbisogni e dei costi standard, mentre per il restante \u00e8 gestito in base alla spesa storica. \u00abCredo siano necessari alcuni correttivi per rendere equa la ripartizione\u00bb, ha ricordato De Menech: \u00abin primo luogo la revisione del catasto, perch\u00e9 la capacit\u00e0 fiscale dei Comuni non \u00e8 uguale in tutto il territorio nazionale; inoltre va trovato un modo di distribuire maggiori risorse ai comuni turistici di piccole e medie dimensioni, dove alla bassa popolazione residente, fa da contraltare un afflusso altissimo di turisti durante alcuni periodi dell\u2019anno. Le limitate capacit\u00e0 di soddisfare i servizi da parte di questi comuni sono causate da una distribuzione delle risorse basata sulla popolazione residente; infine, chiedo come riusciamo tenere conto del \u2018differenziale montagna\u2019 per garantire equit\u00e0 di servizi alle aree interne, periferiche e montane e contrastare lo spopolamento in atto. I Comuni di queste zone, ormai ne abbiamo prove documentate, da soli non ce la fanno\u00bb. Nel corso dell\u2019audizione \u00e8 stato affrontato anche il tema del federalismo regionale. \u00abPer stabilire la spesa delle Regioni e per favorire la conclusione del processo di autonomia avviato da tre Consigli regionali auspico una rapida definizione dei fabbisogno standard delle regioni\u00bb, ha detto De Menech chiedendo al presidente la natura del suo incarico, cio\u00e8 se sia solo di carattere politico oppure abbia un mandato tecnico preciso per costruire la griglia di riferimento dei servizi delle regioni e relativa spesa. \u00abNon certo per colpa sua\u00bb, ha detto De Menech, \u00abma la nomina \u00e8 arrivata con un anno di ritardo. Ora sarebbe un fallimento se dopo tanto tempo e con la grande mole di dati a disposizione, gi\u00e0 raccolta e disponibile, non si riuscisse a definire un modello di fabbisogni e conseguenti necessit\u00e0 economiche e fossimo costretti a ricorrere al criterio del valore medio pro capite\u00bb. Obiettivo di questo lavoro, ha sottolineato il deputato veneto, deve essere un documento tecnico che diventi la base per le intese con le regioni che hanno richiesto forme particolari di autonomia come previsto dal Titolo V della Costituzione. \u00abSpero si passi nel pi\u00f9 breve tempo possibile dalla propaganda alla concretezza\u00bb.<\/p>\n<p>&nbsp;<\/p>\n<blockquote>\n<h3><\/h3>\n<\/blockquote>\n<p>&nbsp;<\/p>\n<h3><\/h3>\n<blockquote><p>&nbsp;<\/p><\/blockquote>\n<h3>SINERGIE NEL FUTURO DELL&#8217;ALPE DEL NEVEGAL: BELLUNO, PONTE NELLE ALPI, LIMANA E REGIONE VENETO<\/h3>\n<blockquote><p><em>&#8220;Pronti a mettere mezzo milione di euro per una nuova societ\u00e0 se in presenza di un piano industriale credibile&#8221;<\/em><\/p><\/blockquote>\n<p><strong>BELLUNO<\/strong> Importanti comunicazioni del sindaco di Belluno Jacopo Massaro stamane in conferenza con Marco Bogo, assessore allo Sport; Biagio Giannone, assessore alle manutenzioni; Ida Bortoluzzi, per la lista Belluno D+ (in rappresentanza del capogruppo Giangiacomo Nicolini); Marco Ciociano Bottaretto, capogruppo di InMovimento. Assente per impegni dell&#8217;ultima ora Massimo De Pellegrin, capogruppo di Insieme per Belluno.<\/p>\n<p><a class=\"dt-pswp-item\" href=\"http:\/\/www.radiopiu.net\/wordpress\/wp-content\/uploads\/2019\/06\/WhatsApp-Image-2019-06-06-at-14.02.17-1.jpeg\" data-dt-img-description=\"\" data-large_image_width=\"1600\" data-large_image_height=\"1066\"><img loading=\"lazy\" decoding=\"async\" class=\"alignnone size-medium wp-image-87550\" src=\"http:\/\/www.radiopiu.net\/wordpress\/wp-content\/uploads\/2019\/06\/WhatsApp-Image-2019-06-06-at-14.02.17-1-300x200.jpeg\" alt=\"\" width=\"300\" height=\"200\" srcset=\"https:\/\/www.radiopiu.net\/wordpress\/wp-content\/uploads\/2019\/06\/WhatsApp-Image-2019-06-06-at-14.02.17-1-300x200.jpeg 300w, https:\/\/www.radiopiu.net\/wordpress\/wp-content\/uploads\/2019\/06\/WhatsApp-Image-2019-06-06-at-14.02.17-1-768x512.jpeg 768w, https:\/\/www.radiopiu.net\/wordpress\/wp-content\/uploads\/2019\/06\/WhatsApp-Image-2019-06-06-at-14.02.17-1-1024x682.jpeg 1024w, https:\/\/www.radiopiu.net\/wordpress\/wp-content\/uploads\/2019\/06\/WhatsApp-Image-2019-06-06-at-14.02.17-1.jpeg 1600w\" sizes=\"auto, (max-width: 300px) 100vw, 300px\" \/><\/a><a class=\"dt-pswp-item\" href=\"http:\/\/www.radiopiu.net\/wordpress\/wp-content\/uploads\/2019\/06\/WhatsApp-Image-2019-06-06-at-14.02.17.jpeg\" data-dt-img-description=\"\" data-large_image_width=\"1600\" data-large_image_height=\"1066\"><img loading=\"lazy\" decoding=\"async\" class=\"alignnone size-medium wp-image-87546\" src=\"http:\/\/www.radiopiu.net\/wordpress\/wp-content\/uploads\/2019\/06\/WhatsApp-Image-2019-06-06-at-14.02.17-300x200.jpeg\" alt=\"\" width=\"300\" height=\"200\" srcset=\"https:\/\/www.radiopiu.net\/wordpress\/wp-content\/uploads\/2019\/06\/WhatsApp-Image-2019-06-06-at-14.02.17-300x200.jpeg 300w, https:\/\/www.radiopiu.net\/wordpress\/wp-content\/uploads\/2019\/06\/WhatsApp-Image-2019-06-06-at-14.02.17-768x512.jpeg 768w, https:\/\/www.radiopiu.net\/wordpress\/wp-content\/uploads\/2019\/06\/WhatsApp-Image-2019-06-06-at-14.02.17-1024x682.jpeg 1024w, https:\/\/www.radiopiu.net\/wordpress\/wp-content\/uploads\/2019\/06\/WhatsApp-Image-2019-06-06-at-14.02.17.jpeg 1600w\" sizes=\"auto, (max-width: 300px) 100vw, 300px\" \/><\/a><\/p>\n<audio class=\"wp-audio-shortcode\" id=\"audio-87545-6\" preload=\"none\" style=\"width: 100%;\" controls=\"controls\"><source type=\"audio\/mpeg\" src=\"http:\/\/www.radiopiu.net\/wordpress\/wp-content\/uploads\/2019\/06\/MASSARO-1.mp3?_=6\" \/><a href=\"http:\/\/www.radiopiu.net\/wordpress\/wp-content\/uploads\/2019\/06\/MASSARO-1.mp3\">http:\/\/www.radiopiu.net\/wordpress\/wp-content\/uploads\/2019\/06\/MASSARO-1.mp3<\/a><\/audio>\n<h3><\/h3>\n<p>&nbsp;<\/p>\n<p>&nbsp;<\/p>\n<p>&nbsp;<\/p>\n<h3>LAVORATORI BELLUNESI IN PARTENZA PER LA CAPITALE<\/h3>\n<p><strong><a class=\"dt-pswp-item\" href=\"http:\/\/www.radiopiu.net\/wordpress\/wp-content\/uploads\/2019\/06\/FP_volantino_manifestazione_8.6.19.jpg\" data-dt-img-description=\"\" data-large_image_width=\"1131\" data-large_image_height=\"1599\"><img loading=\"lazy\" decoding=\"async\" class=\" wp-image-87553 alignleft\" src=\"http:\/\/www.radiopiu.net\/wordpress\/wp-content\/uploads\/2019\/06\/FP_volantino_manifestazione_8.6.19-212x300.jpg\" alt=\"\" width=\"155\" height=\"219\" srcset=\"https:\/\/www.radiopiu.net\/wordpress\/wp-content\/uploads\/2019\/06\/FP_volantino_manifestazione_8.6.19-212x300.jpg 212w, https:\/\/www.radiopiu.net\/wordpress\/wp-content\/uploads\/2019\/06\/FP_volantino_manifestazione_8.6.19-768x1086.jpg 768w, https:\/\/www.radiopiu.net\/wordpress\/wp-content\/uploads\/2019\/06\/FP_volantino_manifestazione_8.6.19-724x1024.jpg 724w, https:\/\/www.radiopiu.net\/wordpress\/wp-content\/uploads\/2019\/06\/FP_volantino_manifestazione_8.6.19.jpg 1131w\" sizes=\"auto, (max-width: 155px) 100vw, 155px\" \/><\/a>BELLUNO<\/strong> Anche da Belluno gli addetti del settore pubblico domani\u00a0 parteciperanno alla manifestazione nazionale indetta\u00a0 Cgil, Cis e Uil in piazza del Popolo a Roma per rivendicare risorse e occupazione per i 5.200 lavoratori e lavoratrici delle funzioni centrali, locali e della sanit\u00e0 pubblica, ai quali si uniranno in corteo anche i dipendenti della sanit\u00e0 privata e del terzo settore. &#8220;futuro \u00e8 pubblico&#8221; \u00e8 lo slogan scelto. Molte le rivendicazioni: lo sblocco immediato del turn-over, un piano straordinario di assunzioni e la stabilizzazione di precari, il rinnovo di tutti i contratti pubblici e privati, la cancellazione delle disparit\u00e0 nel sistema previdenziale sia nel settore pubblico riguardo al trattamento di fine rapporto, sia su Quota 100 e sui lavori gravosi, la garanzia di una contrattazione sui processi di riorganizzazione e sulle questioni del personale per dare pi\u00f9 valore alla contrattazione decentrata e tutelare la dignit\u00e0 dei lavoratori, maggiori investimenti nei servizi pubblici per contrastare i processi di esternalizzazione dei servizi che determinano dumping contrattuale e mancata universalit\u00e0 dei diritti per i cittadini. io Sanitario Nazionale, per le politiche sociali, a sostegno dell\u2019infanzia e della non autosufficienza.<\/p>\n<blockquote><p>&nbsp;<\/p><\/blockquote>\n<p>&nbsp;<\/p>\n<p>&nbsp;<\/p>\n<p>&nbsp;<\/p>\n<h3>PASSO AVANTI NEI CANTIERI: DECORO, SICUREZZA E VIDEOSORVEGLIANZA.<\/h3>\n<p><strong><a class=\"dt-pswp-item\" href=\"http:\/\/www.radiopiu.net\/wordpress\/wp-content\/uploads\/2019\/06\/WhatsApp-Image-2019-06-06-at-14.19.03.jpeg\" data-dt-img-description=\"\" data-large_image_width=\"1328\" data-large_image_height=\"747\"><img loading=\"lazy\" decoding=\"async\" class=\"wp-image-87549 alignleft\" src=\"http:\/\/www.radiopiu.net\/wordpress\/wp-content\/uploads\/2019\/06\/WhatsApp-Image-2019-06-06-at-14.19.03-300x169.jpeg\" alt=\"\" width=\"295\" height=\"167\" srcset=\"https:\/\/www.radiopiu.net\/wordpress\/wp-content\/uploads\/2019\/06\/WhatsApp-Image-2019-06-06-at-14.19.03-300x169.jpeg 300w, https:\/\/www.radiopiu.net\/wordpress\/wp-content\/uploads\/2019\/06\/WhatsApp-Image-2019-06-06-at-14.19.03-768x432.jpeg 768w, https:\/\/www.radiopiu.net\/wordpress\/wp-content\/uploads\/2019\/06\/WhatsApp-Image-2019-06-06-at-14.19.03-1024x576.jpeg 1024w, https:\/\/www.radiopiu.net\/wordpress\/wp-content\/uploads\/2019\/06\/WhatsApp-Image-2019-06-06-at-14.19.03.jpeg 1328w\" sizes=\"auto, (max-width: 295px) 100vw, 295px\" \/><\/a>FELTRE\u00a0<\/strong> Si sono conclusi in questi giorni alcuni interventi di manutenzione, relativi al decoro e alla sicurezza urbana di particolare importanza, che hanno riguardato, nello specifico: <strong>-la manutenzione integrale della galleria F,lli Angelini<\/strong> (compresa l&#8217;area dei servizi), comprensiva della sostituzione di 3 telecamere di videosorveglianza; <strong>&#8211; la pulizia e la manutenzione delle mura storiche della citt\u00e0 e del percorso della Sentinella<\/strong> con l&#8217;installazione di un nuovo impianto di videosorveglianza. Altri interventi sono allo studio e riguarderanno, tra le altre, la zona del centro dal ponte delle Tezze verso via C. Battisti, l&#8217;ex manifattura e l&#8217;ecocentro cittadino. Attualmente in citt\u00e0 sono operative 50 telecamere (la maggior parte delle quali ad alta definizione e di ultima generazione) collegate on-line alle centrali operative delle Forze dell&#8217;Ordine (Polizia Locale e carabinieri; altre 60 dislocate nei musei, oltre a 10 telecamere mobili.<\/p>\n<p><strong>L&#8217;ASSESSORE ADIS ZATTA<\/strong><\/p>\n<audio class=\"wp-audio-shortcode\" id=\"audio-87545-7\" preload=\"none\" style=\"width: 100%;\" controls=\"controls\"><source type=\"audio\/mpeg\" src=\"http:\/\/www.radiopiu.net\/wordpress\/wp-content\/uploads\/2019\/06\/ZATTA.mp3?_=7\" \/><a href=\"http:\/\/www.radiopiu.net\/wordpress\/wp-content\/uploads\/2019\/06\/ZATTA.mp3\">http:\/\/www.radiopiu.net\/wordpress\/wp-content\/uploads\/2019\/06\/ZATTA.mp3<\/a><\/audio>\n<p>&nbsp;<\/p>\n<h3><\/h3>\n<p>&nbsp;<\/p>\n<p>&nbsp;<\/p>\n<h3>IL 109 NEXUS E&#8217; IL NUOVO ELICOTTERO MULTIUSO DELLA GUARDIA DI FINANZA<\/h3>\n<p><strong>VENEZIA<\/strong> Venerdi alle 10.30 nella sede della sezione aerea della Guardia di Finanza all&#8217;aeroporto Marco Polo di Venezia sar\u00e0 presentato il nuovo elicottero bimotore leggero muliruolo a 109 Nexus, recentemente assegnato al reparto volo. L&#8217;iniziativa nell&#8217;ambito delle celebrazioni del 245esimo anniversario della Fondazione del Corpo della Guardia di Finanza. L&#8217;elicottero Nexus consentir\u00e0 di ampliare le\u00a0 capacit\u00e0 operative di tutela del territorio veneto e delle acque marittime a tutela dell&#8217;ordine e sicurezza pubblica.<\/p>\n<p>&nbsp;<\/p>\n<p>&nbsp;<\/p>\n<p>&nbsp;<\/p>\n<p>&nbsp;<\/p>\n<h3><a class=\"dt-pswp-item\" href=\"http:\/\/www.radiopiu.net\/wordpress\/wp-content\/uploads\/2019\/05\/ALLEGHE-DANILO-DE-TONI.jpeg\" data-dt-img-description=\"\" data-large_image_width=\"1373\" data-large_image_height=\"1600\"><img loading=\"lazy\" decoding=\"async\" class=\"wp-image-86463 alignleft\" src=\"http:\/\/www.radiopiu.net\/wordpress\/wp-content\/uploads\/2019\/05\/ALLEGHE-DANILO-DE-TONI-257x300.jpeg\" alt=\"\" width=\"89\" height=\"103\" srcset=\"https:\/\/www.radiopiu.net\/wordpress\/wp-content\/uploads\/2019\/05\/ALLEGHE-DANILO-DE-TONI-257x300.jpeg 257w, https:\/\/www.radiopiu.net\/wordpress\/wp-content\/uploads\/2019\/05\/ALLEGHE-DANILO-DE-TONI-768x895.jpeg 768w, https:\/\/www.radiopiu.net\/wordpress\/wp-content\/uploads\/2019\/05\/ALLEGHE-DANILO-DE-TONI-879x1024.jpeg 879w, https:\/\/www.radiopiu.net\/wordpress\/wp-content\/uploads\/2019\/05\/ALLEGHE-DANILO-DE-TONI.jpeg 1373w\" sizes=\"auto, (max-width: 89px) 100vw, 89px\" \/><\/a>PER DANILO DE TONI BUONA LA PRIMA<\/h3>\n<p><strong>ALLEGHE<\/strong> Consiglio comunale, il primo del sindaco Danilo De Toni con la nomina degli assessore e il primo saluto al paese.\u00a0 Questa sera il sindaco sar\u00e0 ad Abano (Padova) nella chiesa del Sacro Cuore per una serata per coro pianofore e harmonium (Petite messe solennelle di Rossini) il cui ricavato sar\u00e0 devoluto alla ricostruzione post Vaia ad Alleghe. Domani invece arriver\u00e0 in riva al lago l\u2019assessore alla protezione civile Gianpaolo Bottacin.<\/p>\n<p><span style=\"color: #ff0000;\"><strong>IERI ALLA RADIO E IL DISCORSO DEL SINDACO<\/strong><\/span><\/p>\n<blockquote class=\"wp-embedded-content\" data-secret=\"m3GZq1Qlu6\"><p><a href=\"http:\/\/www.radiopiu.net\/wordpress\/per-danilo-de-toni-buona-la-prima\/\">PER DANILO DE TONI BUONA LA PRIMA<\/a><\/p><\/blockquote>\n<p><iframe loading=\"lazy\" class=\"wp-embedded-content\" sandbox=\"allow-scripts\" security=\"restricted\" style=\"position: absolute; clip: rect(1px, 1px, 1px, 1px);\" src=\"http:\/\/www.radiopiu.net\/wordpress\/per-danilo-de-toni-buona-la-prima\/embed\/#?secret=m3GZq1Qlu6\" data-secret=\"m3GZq1Qlu6\" width=\"600\" height=\"338\" title=\"&#8220;PER DANILO DE TONI BUONA LA PRIMA&#8221; &#8212; Radio Pi\u00f9\" frameborder=\"0\" marginwidth=\"0\" marginheight=\"0\" scrolling=\"no\"><\/iframe><\/p>\n<p>&nbsp;<\/p>\n<p>&nbsp;<\/p>\n<p>&nbsp;<\/p>\n<p>&nbsp;<\/p>\n<h3>PER IL PARCO: &#8220;CONVIVERE CON IL LUPO SI PUO'&#8221; COLLABORAZIONE CON GLI ALLEVATORI PER PROTEGGERE IL BESTIAME E TUTELARE IL LUPO<\/h3>\n<p><strong><a class=\"dt-pswp-item\" href=\"http:\/\/www.radiopiu.net\/wordpress\/wp-content\/uploads\/2016\/11\/parco_nazionale-632x1086.jpg\" data-dt-img-description=\"\" data-large_image_width=\"632\" data-large_image_height=\"1086\"><img loading=\"lazy\" decoding=\"async\" class=\" wp-image-25076 alignleft\" src=\"http:\/\/www.radiopiu.net\/wordpress\/wp-content\/uploads\/2016\/11\/parco_nazionale-632x1086-175x300.jpg\" alt=\"\" width=\"113\" height=\"193\" \/><\/a>FELTRE<\/strong> Il Parco Nazionale Dolomiti Bellunesi ha invitato tutti gli allevatori che operano all\u2019interno dei confini dell\u2019area protetta ad un incontro tecnico a Feltre. C\u2019\u00e8 stato un utile confronto tecnico sulle migliori strategie di difesa dei domestici dalle predazioni e sono state illustrate agli allevatori le attivit\u00e0 avviate dal Parco per prevenire possibili attacchi da lupi all\u2019interno dell\u2019area protetta. Durante la stagione estiva 2018 all\u2019interno del Parco non si sono verificate predazioni a carico di domestici, ma sono stati comunque visitati, dai tecnici del Parco e dai Carabinieri Forestali, tutti i pascoli e le malghe del Parco per individuare in ciascun sito le vulnerabilit\u00e0 dei domestici ai possibili attacchi del lupo e per definire gli strumenti di prevenzione pi\u00f9 adatti a ciascuna situazione (ricovero del bestiame, tipo e dimensione delle recinzioni elettrificate, uso di cani da guardiania). Le attivit\u00e0 in corso dimostrano che la convivenza tra il lupo e l\u2019allevamento \u00e8 possibile, ma richiede l\u2019impegno congiunto dei soggetti pubblici (il Parco Nazionale in questo caso) e degli allevatori, che hanno dimostrato grande disponibilit\u00e0 e sensibilit\u00e0 a collaborare con il Parco su questa tematica. Proprio per sostenere e rinforzare questa alleanza il Parco ha presentato all\u2019Unione Europea una richiesta di finanziamento nell\u2019ambito del programma LIFE, per realizzare nel periodo 2020-2024 un progetto dal titolo \u201cAzioni coordinate per migliorare la coesistenza tra uomo e lupo sulle Alpi\u201d.<\/p>\n<p>&nbsp;<\/p>\n<p>&nbsp;<\/p>\n<p>&nbsp;<\/p>\n<p>&nbsp;<\/p>\n<h3>IL LUPO A SCUOLA VALORE ETICO E SOPRAVVIVENZA DEGLI ECOSISTEMI<\/h3>\n<p><strong><a class=\"dt-pswp-item\" href=\"http:\/\/www.radiopiu.net\/wordpress\/wp-content\/uploads\/2019\/06\/IC-FELTRE-Il-lupo-a-scuola-1.jpg\" data-dt-img-description=\"\" data-large_image_width=\"3264\" data-large_image_height=\"1836\"><img loading=\"lazy\" decoding=\"async\" class=\"size-medium wp-image-87558 alignleft\" src=\"http:\/\/www.radiopiu.net\/wordpress\/wp-content\/uploads\/2019\/06\/IC-FELTRE-Il-lupo-a-scuola-1-300x169.jpg\" alt=\"\" width=\"300\" height=\"169\" srcset=\"https:\/\/www.radiopiu.net\/wordpress\/wp-content\/uploads\/2019\/06\/IC-FELTRE-Il-lupo-a-scuola-1-300x169.jpg 300w, https:\/\/www.radiopiu.net\/wordpress\/wp-content\/uploads\/2019\/06\/IC-FELTRE-Il-lupo-a-scuola-1-768x432.jpg 768w, https:\/\/www.radiopiu.net\/wordpress\/wp-content\/uploads\/2019\/06\/IC-FELTRE-Il-lupo-a-scuola-1-1024x576.jpg 1024w\" sizes=\"auto, (max-width: 300px) 100vw, 300px\" \/><\/a>FELTRE<\/strong> Il ritorno del lupo nelle nostre montagne. Di questo e delle caratteristiche di un animale che ha rischiato l\u2019estinzione, si \u00e8 parlato nell\u2019aula magna della scuola media \u201cRocca\u201d dell\u2019IC di Feltre lo scorso luned\u00ec (3 giugno 2019). Una conferenza, a cui hanno partecipato tutte le classi prime, alla presenza di Christian Losso, esperto del Corpo di Polizia Provinciale. \u201cIl ritorno del lupo sulle Alpi centro-orientali \u2013 ha spiegato Losso \u2013 \u00e8 un fenomeno naturale legato alle mutate condizioni ecologiche: il progressivo abbandono delle attivit\u00e0 agricole in montagna, iniziato gi\u00e0 nel secondo dopoguerra, ha portato ad un progressivo incremento della copertura boschiva, assieme ad una ripresa delle popolazioni di ungulati selvatici. Il lupo, posto sotto tutela giuridica a partire dal 1971, e ridotto in quegli anni a pochi individui presenti solo in residuali aree dell\u2019Appennino centro-meridionale, ha quindi gradualmente potuto ricolonizzare spazi ritornati idonei, ed arrivare a formare nuclei stabili sulle Alpi piemontesi gi\u00e0 alla fine degli anni \u201890. Il fenomeno, per le stesse ragioni, interessa tutti i paesi europei, e le popolazioni di lupo sono in ripresa un po&#8217; ovunque. Ma \u00e8 chiaro \u2013 prosegue ancora Losso \u2013 che il ritorno di questo predatore rinnova antichi conflitti, laddove colpisce le attivit\u00e0 zootecniche di montagna; i mezzi di prevenzione ci sono, ma non sono sempre attuabili, se non con grandi sforzi da parte degli allevatori. Coniugare il perseguimento del valore etico e scientifico legato alla sopravvivenza degli ecosistemi complessi con l\u2019altrettanto importante valore del mantenimento delle attivit\u00e0 produttive umane e delle tradizioni culturali ad esse legate, sar\u00e0 la sfida che attende la nostra societ\u00e0 nei prossimi anni\u201d. Molto interesse quello dimostrato dagli alunni della scuola media, che con i docenti di matematica e scienze, si sono ritrovati ad affrontare il tema del ritorno dei grandi carnivori sul nostro territorio. \u201cE\u2019 stata un\u2019esperienza positiva che ci ha aiutato a far chiarezza su un argomento spinoso \u2013 spiega la professoressa Patrizia Meneghel \u2013 La presenza di un esperto ci ha permesso di avere una visione concreta di quello che poi viene studiato sui libri\u201d.<\/p>\n<p>&nbsp;<\/p>\n<p>&nbsp;<\/p>\n<p>&nbsp;<\/p>\n<h3>IL SOSTEGNO DEL CSV AL VOLONTARIATO, OPPORTUNITA&#8217; CON FONDI REGIONALI<\/h3>\n<p><strong>BELLUNO<\/strong> Csv Belluno al servizio dei volontari. Ragion d&#8217;essere del Centro di servizio per il volontariato bellunese \u00e8 mettersi a disposizione delle realt\u00e0 volontaristiche territoriali anche supportandole nella partecipazione a bandi che prevedano l&#8217;ottenimento di risorse utili per il loro operato. \u00c8 il caso di una delibera regionale, pubblicata da poco, che destina fondi a progetti di rilevanza sociale per Organizzazioni di volontariato (Odv) e Associazioni di promozione sociale (Aps). Ad esse il Csv Belluno si rende disponibile per raccogliere eventuali idee progettuali, costruire una rete qualora necessario e accompagnarle nella costruzione del progetto preparando, insieme alle associazioni stesse, i formulari necessari. Le iniziative e i progetti dovranno essere avviati a partire dal 01 ottobre 2019 e non oltre il 31 ottobre 2019 e concludersi il 30 settembre 2020. Lo stanziamento \u00e8 di 2.097.360 euro, di cui 697.360 per la realizzazione di iniziative e progetti di piccole dimensioni a valenza locale (con un finanziamento minimo di euro 15.000 e fino ad un massimo di 30.000) e 1.400.000 per progetti di dimensioni pi\u00f9 consistenti, a valenza provinciale, interprovinciale o regionale (finanziamento da 30.000 euro e fino a 80.000). Per informazioni ci si pu\u00f2 rivolgere al Csv Belluno (0437 950374) chiedendo di Nevio Meneguz o Christian Liva.<\/p>\n<p>&nbsp;<\/p>\n<p>&nbsp;<\/p>\n<p>&nbsp;<\/p>\n<p>&nbsp;<\/p>\n<h2>LIMITARE I PRODOTTI FITO SANITARI, LO CHIEDE IL COMITATO BELLUNO AMBIENTE E SALUTE<\/h2>\n<blockquote>\n<h1 align=\"JUSTIFY\"><span style=\"font-family: Times New Roman, serif;\"><span style=\"font-size: medium;\">Il comitato Belluno Ambiente e Salute manifesta forte apprensione per il rapido moltiplicarsi dei vigneti negli ultimi anni anche all\u2019interno del nostro territorio comunale e per la pressione sull\u2019ambiente esercitata dai viticoltori.<\/span><\/span><\/h1>\n<\/blockquote>\n<p><a class=\"dt-pswp-item\" href=\"http:\/\/www.radiopiu.net\/wordpress\/wp-content\/uploads\/2019\/06\/images.jpg\" data-dt-img-description=\"\" data-large_image_width=\"302\" data-large_image_height=\"167\"><img loading=\"lazy\" decoding=\"async\" class=\"size-medium wp-image-87603 alignleft\" src=\"http:\/\/www.radiopiu.net\/wordpress\/wp-content\/uploads\/2019\/06\/images-300x166.jpg\" alt=\"\" width=\"300\" height=\"166\" srcset=\"https:\/\/www.radiopiu.net\/wordpress\/wp-content\/uploads\/2019\/06\/images-300x166.jpg 300w, https:\/\/www.radiopiu.net\/wordpress\/wp-content\/uploads\/2019\/06\/images.jpg 302w\" sizes=\"auto, (max-width: 300px) 100vw, 300px\" \/><\/a><strong>BELLUNO<\/strong> Il comitato ritiente <span style=\"font-family: Times New Roman, serif;\"><span style=\"font-size: medium;\">\u00a0che l\u2019amministrazione comunale debba far proprio il principio di precauzione, scrivendo norme in grado di limitare efficacemente l\u2019impiego dei prodotti fitosanitari, scoraggiando decisamente per il futuro la diffusione di monocolture e sostenendo invece concretamente la biodiversit\u00e0. <\/span><\/span><span style=\"font-size: medium; font-family: 'Times New Roman', serif;\">Si riconosca la pericolosit\u00e0 dei prodotti fitosanitari per la salute umana e delle specie animali. Negli ultimi tre anni, si registra nella zona di Castoi (torrente Cuntissa) la scomparsa dei gamberi di fiume. Non si pu\u00f2 ridurre il problema dell\u2019aria irrespirabile a un innocuo, transitorio e soggettivo cattivo odore. Al contrario l\u2019amministrazione comunale, in rappresentanza della popolazione, faccia proprio il grave malessere dei cittadini. <\/span><span style=\"font-family: Times New Roman, serif;\"><span style=\"font-size: medium;\">Abbiamo richiesto e ottenuto un\u2019audizione in Comune di Belluno, Commissione Consiliare II, lo scorso 21 maggio, nella quale abbiamo mostrato varie perplessit\u00e0 rispetto alle variazioni al Regolamento per l\u2019utilizzo dei Prodotti Fitosanitari. Le nostre osservazioni sono state riportate\u00a0 in Consiglio Comunale: <\/span><\/span><span style=\"font-family: Times New Roman, serif;\"><span style=\"font-size: medium;\">mantenere il preavviso di 48 ore rispetto alla comunicazione dei trattamenti, <\/span><\/span><span style=\"font-size: medium; font-family: 'Times New Roman', serif;\">\u00a0rispettare la distanza di 30 metri tra i vigneti e le abitazioni civili,\u00a0 <\/span><span style=\"font-size: medium; font-family: 'Times New Roman', serif;\">maggiori controlli e pi\u00f9 frequenti e senza preavviso; <\/span><span style=\"font-size: medium; font-family: 'Times New Roman', serif;\">i prodotti fitosanitari saranno effettivamente quelli riportati nei cartelli? <\/span><span style=\"font-size: medium; font-family: 'Times New Roman', serif;\">la manipolazione lo stoccaggio il lavaggio e lo smaltimento dei prodotti fitosanitari avvengono nel rispetto dell\u2019ambiente e delle procedure? <\/span><span style=\"font-size: medium; font-family: 'Times New Roman', serif;\">Il personale impiegato, perlopi\u00f9 extracomunitario da quanto ci \u00e8 dato vedere, \u00e8 formato al corretto utilizzo per s\u00e9 e per la salute pubblica?<\/span><\/p>\n<p>&nbsp;<\/p>\n<p>&nbsp;<\/p>\n<p>&nbsp;<\/p>\n<p>&nbsp;<\/p>\n<h2>INGLESE E ATTIVITA&#8217; RICREATIVE<\/h2>\n<p><a class=\"dt-pswp-item\" href=\"http:\/\/www.radiopiu.net\/wordpress\/wp-content\/uploads\/2019\/06\/download-3.jpg\" data-dt-img-description=\"\" data-large_image_width=\"290\" data-large_image_height=\"174\"><img loading=\"lazy\" decoding=\"async\" class=\"wp-image-87595 alignleft\" src=\"http:\/\/www.radiopiu.net\/wordpress\/wp-content\/uploads\/2019\/06\/download-3.jpg\" alt=\"\" width=\"158\" height=\"95\" \/><\/a><strong>BORGO VALBELLUNA<\/strong> Imparare l&#8217;inglese nella settimana di campeggio tra colazione e cena, per ragazzi dai 6 ai 13 anni<\/p>\n<p><strong>DI DAMIANO TORMEN<\/strong><\/p>\n<audio class=\"wp-audio-shortcode\" id=\"audio-87545-8\" preload=\"none\" style=\"width: 100%;\" controls=\"controls\"><source type=\"audio\/mpeg\" src=\"http:\/\/www.radiopiu.net\/wordpress\/wp-content\/uploads\/2019\/06\/DAMIANO.mp3?_=8\" \/><a href=\"http:\/\/www.radiopiu.net\/wordpress\/wp-content\/uploads\/2019\/06\/DAMIANO.mp3\">http:\/\/www.radiopiu.net\/wordpress\/wp-content\/uploads\/2019\/06\/DAMIANO.mp3<\/a><\/audio>\n<p>&nbsp;<\/p>\n<p>&nbsp;<\/p>\n<p>&nbsp;<\/p>\n<p>&nbsp;<\/p>\n<h2>L&#8217;ASSEMBLEA DEI GEMELLI<\/h2>\n<p><strong><a class=\"dt-pswp-item\" href=\"http:\/\/www.radiopiu.net\/wordpress\/wp-content\/uploads\/2015\/05\/gemellaggio.jpg\" data-dt-img-description=\"\" data-large_image_width=\"1500\" data-large_image_height=\"1125\"><img loading=\"lazy\" decoding=\"async\" class=\" wp-image-5010 alignleft\" src=\"http:\/\/www.radiopiu.net\/wordpress\/wp-content\/uploads\/2015\/05\/gemellaggio-300x225.jpg\" alt=\"\" width=\"160\" height=\"120\" \/><\/a><\/strong><\/p>\n<p>&nbsp;<\/p>\n<p><strong>AGORDO\u00a0<\/strong> Si \u00e8 riunita l&#8217;Assemblea del Comitato di Gemellaggio di Agordo.<\/p>\n<p>&nbsp;<\/p>\n<p>&nbsp;<\/p>\n<p><strong>VOCE DI CLAUDIA CATTADORI<\/strong><\/p>\n<audio class=\"wp-audio-shortcode\" id=\"audio-87545-9\" preload=\"none\" style=\"width: 100%;\" controls=\"controls\"><source type=\"audio\/mpeg\" src=\"http:\/\/www.radiopiu.net\/wordpress\/wp-content\/uploads\/2019\/06\/CLAUDIA.mp3?_=9\" \/><a href=\"http:\/\/www.radiopiu.net\/wordpress\/wp-content\/uploads\/2019\/06\/CLAUDIA.mp3\">http:\/\/www.radiopiu.net\/wordpress\/wp-content\/uploads\/2019\/06\/CLAUDIA.mp3<\/a><\/audio>\n<h3><\/h3>\n<p>&nbsp;<\/p>\n<p>&nbsp;<\/p>\n<p>&nbsp;<\/p>\n<h3><a class=\"dt-pswp-item\" href=\"http:\/\/www.radiopiu.net\/wordpress\/wp-content\/uploads\/2018\/09\/appuntamenti.jpeg\" data-dt-img-description=\"\" data-large_image_width=\"800\" data-large_image_height=\"100\"><img loading=\"lazy\" decoding=\"async\" class=\"alignnone size-full wp-image-61958\" src=\"http:\/\/www.radiopiu.net\/wordpress\/wp-content\/uploads\/2018\/09\/appuntamenti.jpeg\" alt=\"\" width=\"800\" height=\"100\" srcset=\"https:\/\/www.radiopiu.net\/wordpress\/wp-content\/uploads\/2018\/09\/appuntamenti.jpeg 800w, https:\/\/www.radiopiu.net\/wordpress\/wp-content\/uploads\/2018\/09\/appuntamenti-300x38.jpeg 300w, https:\/\/www.radiopiu.net\/wordpress\/wp-content\/uploads\/2018\/09\/appuntamenti-768x96.jpeg 768w\" sizes=\"auto, (max-width: 800px) 100vw, 800px\" \/><\/a><\/h3>\n<h3><\/h3>\n<h3>IN CORSO A COLLE SANTA LUCIA<\/h3>\n<p><strong>COLLE SANTA LUCIA<\/strong> La mostra \u201cEmigrazione dalla montagna dolomitica nel corso del novecento\u201d, progetto finanziato e organizzato dall\u2019Istituto Culturale Ladini di Colle S. Lucia \u00e8 aperta fino al 15 settembre con i seguenti orari: giugno, luglio e settembre &#8211; gioved\u00ec, venerd\u00ec e sabato dalle ore 16.00 alle 19:00; agosto &#8211; tutti i giorni dalle 16.00 alle 19.00. Per informazioni o prenotazioni di gruppi anche al di fuori di quest&#8217;orario, si prega di contattare l&#8217;Istituto Culturale Ladino \u201cCesa de Jan\u201d a Colle S. Lucia: 0437\/720609; info@istitutoladino.org &#8211; www.istitutoladino.org<\/p>\n<p>&nbsp;<\/p>\n<p>&nbsp;<\/p>\n<p>&nbsp;<\/p>\n<h3>OGGI\u00a0 QUARTA EDIZIONE DE \u201cLA LUNGA NOTTE DELLE CHIESE\u201d<\/h3>\n<p><strong>VENEZIA <\/strong>Si terr\u00e0 oggi la quarta edizione de \u201cLa Lunga Notte delle Chiese\u201d, una \u2018notte bianca\u2019 che si svolge all\u2019interno dei luoghi di culto e che tra riflessione e spiritualit\u00e0 propone momenti di cultura, arte, musica e teatro. L\u2019iniziativa\u00a0 avr\u00e0 per la prima volta un tema ufficiale: la luce. L\u2019ingresso \u00e8 gratuito. Maggiori informazioni sono disponibili nella pagina Facebook ufficiale \u201cLunga Notte delle Chiese\u201d e nel sito internet, costantemente aggiornato con i programmi che si terranno nei diversi luoghi di culto www.lunganottedellechiese.com.<\/p>\n<p>&nbsp;<\/p>\n<p>&nbsp;<\/p>\n<p>&nbsp;<\/p>\n<h3><a class=\"dt-pswp-item\" href=\"http:\/\/www.radiopiu.net\/wordpress\/wp-content\/uploads\/2019\/06\/Copertina.jpg\" data-dt-img-description=\"\" data-large_image_width=\"1678\" data-large_image_height=\"2594\"><img loading=\"lazy\" decoding=\"async\" class=\"wp-image-87465 alignleft\" src=\"http:\/\/www.radiopiu.net\/wordpress\/wp-content\/uploads\/2019\/06\/Copertina-194x300.jpg\" alt=\"\" width=\"69\" height=\"107\" srcset=\"https:\/\/www.radiopiu.net\/wordpress\/wp-content\/uploads\/2019\/06\/Copertina-194x300.jpg 194w, https:\/\/www.radiopiu.net\/wordpress\/wp-content\/uploads\/2019\/06\/Copertina-768x1187.jpg 768w, https:\/\/www.radiopiu.net\/wordpress\/wp-content\/uploads\/2019\/06\/Copertina-662x1024.jpg 662w, https:\/\/www.radiopiu.net\/wordpress\/wp-content\/uploads\/2019\/06\/Copertina.jpg 1678w\" sizes=\"auto, (max-width: 69px) 100vw, 69px\" \/><\/a>MARGHERITA BELGIOJOSO DAGLI EDDINI<\/h3>\n<p><strong>BELLUNO<\/strong> Oggi alle 18.30 alla Mondadori di Edda e Alberto in via Mezzaterra ospite <strong>Margherita Belgiojoso <\/strong>in occasione della presentazione del suo libro \u201c<strong>L\u00e0 dove s\u2019inventano i sogni &#8211; Donne di Russia<\/strong>\u201d (Guanda edizioni). L\u2019incontro sar\u00e0 introdotto da <strong>Nicoletta Comar<\/strong> con la partecipazione speciale di <strong>Alessandro Marzo Magno<\/strong>.<\/p>\n<p>&nbsp;<\/p>\n<p>&nbsp;<\/p>\n<h2><\/h2>\n<h3>SABATO POMERIGGIO CON IL GRUPPO ARCHEOLOGICO AGORDINO<\/h3>\n<p><strong>AGORDO <\/strong>Domani\u00a0alle 17.30 in sala Papa Luciani (presso la Chiesa Parrocchiale) il Gruppo Archeologico Agordino organizza una conferenza con Massimo Vidale, Docente di Near Eastern Archaeology, Universit\u00e0 di Padova. Tratter\u00e0 il tema: &#8220;Nuove scoperte archeologiche dell&#8217;et\u00e0 del Bronzo nell&#8217;Iran sud-orientale&#8221;<\/p>\n<p>&nbsp;<\/p>\n<p>&nbsp;<\/p>\n<p>&nbsp;<\/p>\n<h3>CONVIVIUM DI COLORE A GIUGNO IN SALA DON TAMIS<\/h3>\n<p><strong>AGORDO<\/strong> Prossimo appuntamento con Convivium 2019,\u00a0 mercoled\u00ec 12 giugno\u00a0 in sala Don Tamis su\u00a0 &#8220;Il colore: ma \u00e8 realmente quello che noi vediamo?&#8221;. &#8220;<em>Sono particolarmente entusiasta\u00a0 &#8211; dice Roberto Favero &#8211; nel lanciare questo invito, al fine di condividere\u00a0 un argomento di particolare interesse e, al tempo stesso, di estrema complessit\u00e0, il cui approfondimento da tempo mi impegna e mi appassiona&#8221;. <\/em>Dopo qualche breve cenno di carattere storico, ricordando fra l&#8217;altro alcune interessanti &#8220;idee&#8221; sul colore attribuite a illustri maestri della filosofia e della scienza, sar\u00e0\u00a0 avvincente il percorso nel mondo della visione e delle teorie elaborate in materia di colore per omprendere come quest&#8217;ultimo non sia una propriet\u00e0 fisica degli oggetti bens\u00ec una vera propria elaborazione e creazione della mente.<\/p>\n<p>&nbsp;<\/p>\n<p>&nbsp;<\/p>\n<p>&nbsp;<\/p>\n<h3>SABATO DA MAURIZIO E IL SUO STAFF L&#8217;AUTO DEL RALLY<\/h3>\n<p><strong>TAIBON<\/strong> Sabato\u00a0 dalle 18:00, presentazione dell&#8217;equipaggio Lino Lena e Nicola Decima che parteciper\u00e0 al 4\u00b0 Dolomiti Rally su Renault Clio Williams A7 presso Dersut Taibon. Aperitivo ed esposizione della vettura.<br \/>\n<a href=\"https:\/\/www.facebook.com\/events\/314272652833137\/\"><span style=\"color: #0000ff;\"><strong>CLICCA QUI<\/strong><\/span><\/a><\/p>\n<p>&nbsp;<\/p>\n<p>&nbsp;<\/p>\n<p>&nbsp;<\/p>\n<h3>CANI PERICOLOSI, L&#8217;INCONTRO AD AGORDO NON E&#8217; CASUALE<\/h3>\n<p><strong>AGORDO<\/strong> Si terr\u00e0 domani in sala Don Tamis ad Agordo alle 16 l\u2019incontro \u201cMettiamo ordine per Kaos\u201d in memoria del cane ucciso ad Agordo ad Aprile. L\u2019incontro aperto alla popolazione \u00e8 stato organizzato da Agordino dove rinascono le Dolomiti e Siamo tutti animali Belluno, strutturato per dare delle risposte e fare chiarezza sul tema dei cani \u201cpericolosi\u201d sulla scelta, educazione e gestione degli animali<\/p>\n<p>&nbsp;<\/p>\n<p>&nbsp;<\/p>\n<h3>PRANZO CON JABAR E RACCOLTA LIBRI PER I RECLUSI<\/h3>\n<p><strong>BELLUNO<\/strong> Domenica 9 giugno alle 12.30 la Casa dei Beni Comuni (via Tiziano Vecellio 82\/i a Belluno)\u00a0 pranzo sociale dell\u2019associazione Jabar, nell\u2019ambito dei festeggiamenti per i 5 anni dell\u2019associazione. Con l\u2019occasione, l\u2019associazione raccoglier\u00e0 libri in buono stato (anche in lingua francese, inglese o portoghese) da donare alle persone detenute a Belluno.<\/p>\n<p>&nbsp;<\/p>\n<p>&nbsp;<\/p>\n<p>&nbsp;<\/p>\n<h1 class=\"entry-title\">347 ANNI DELLA CHIESA DEI SANTI FERMO E RUSTICO DI BALDENIGA DI RENATO BONA<\/h1>\n<blockquote class=\"wp-embedded-content\" data-secret=\"QTaEW9SXt2\"><p><a href=\"http:\/\/www.radiopiu.net\/wordpress\/347-anni-della-chiesa-dei-santi-fermo-e-rustico-di-baldeniga-di-renato-bona\/\">347 ANNI DELLA CHIESA DEI SANTI FERMO E RUSTICO DI BALDENIGA di RENATO BONA<\/a><\/p><\/blockquote>\n<p><iframe loading=\"lazy\" class=\"wp-embedded-content\" sandbox=\"allow-scripts\" security=\"restricted\" style=\"position: absolute; clip: rect(1px, 1px, 1px, 1px);\" src=\"http:\/\/www.radiopiu.net\/wordpress\/347-anni-della-chiesa-dei-santi-fermo-e-rustico-di-baldeniga-di-renato-bona\/embed\/#?secret=QTaEW9SXt2\" data-secret=\"QTaEW9SXt2\" width=\"600\" height=\"338\" title=\"&#8220;347 ANNI DELLA CHIESA DEI SANTI FERMO E RUSTICO DI BALDENIGA di RENATO BONA&#8221; &#8212; Radio Pi\u00f9\" frameborder=\"0\" marginwidth=\"0\" marginheight=\"0\" scrolling=\"no\"><\/iframe><\/p>\n<p>&nbsp;<\/p>\n<p>&nbsp;<\/p>\n<p>&nbsp;<\/p>\n<p><a class=\"dt-pswp-item\" href=\"http:\/\/www.radiopiu.net\/wordpress\/wp-content\/uploads\/2018\/09\/viabilita.jpeg\" data-dt-img-description=\"\" data-large_image_width=\"800\" data-large_image_height=\"100\"><img loading=\"lazy\" decoding=\"async\" class=\"alignnone size-full wp-image-61954\" src=\"http:\/\/www.radiopiu.net\/wordpress\/wp-content\/uploads\/2018\/09\/viabilita.jpeg\" alt=\"\" width=\"800\" height=\"100\" srcset=\"https:\/\/www.radiopiu.net\/wordpress\/wp-content\/uploads\/2018\/09\/viabilita.jpeg 800w, https:\/\/www.radiopiu.net\/wordpress\/wp-content\/uploads\/2018\/09\/viabilita-300x38.jpeg 300w, https:\/\/www.radiopiu.net\/wordpress\/wp-content\/uploads\/2018\/09\/viabilita-768x96.jpeg 768w\" sizes=\"auto, (max-width: 800px) 100vw, 800px\" \/><\/a><\/p>\n<p>&nbsp;<\/p>\n<blockquote><p><strong>Fino al 7 giugno lungo la provinciale 251 Val di Zoldo e Cellina, senso unico alternato per lavori di ripristino della funzionalit\u00e0 delle opere fermaneve, in localit\u00e0 Galleria La Mole.<\/strong><\/p>\n<p><strong>PROVINCIALE 3 VALLE IMPERINA<\/strong> fino al\u00a0 28 GIUGNO IN LOCALITA&#8217; LE FESTE SENSO UNICO ALTERNATO PER COSTRUZIONE AREA ADIBITA A PARCHEGGIO<\/p><\/blockquote>\n<p><strong>REGIONALE 203 AGORDINA<\/strong> Fino al 28 giugno sabato e domenica escluso, senso unico alternato tra Alleghe e Caprile.<\/p>\n<p><strong>PROVINCIALE 563 DI SALESEI<\/strong> Fino al 28 giugno esclusi giorni festivi e prefestivi senso unico alternato tra Caprile e Saviner<\/p>\n<p><strong>PROVINCIALE 3 VALLE IMPERINA<\/strong> Fino a revoca senso unico a vista\u00a0 in localit\u00e0 Corde Mole per cedimento della careggiata. Dal 13 maggio e\u00a0 fino al 28 giugno tra Rivamonte e Forcella Franche senso unico alternato per la posa di tubazione per conto di Enel.<\/p>\n<p><strong>PROVINCIALE 8 DI SAN TOMASO<\/strong> Fino\u00a0 al 28 giugno (esclusi festivi e prefestivi) senso unico alternato tra Pian Molin e Roi<\/p>\n<p><strong>PROVINCIALE 563 DI SALESEI <\/strong>Fino al\u00a014 giugno\u00a0 In localit\u00e0 Sopracordevole in Comune di Rocca Pietore senso unico alternato con semaforo o movieri e divieto di transito ai mezzi con massa superiore a 7,5 tonellate.<\/p>\n<p>&nbsp;<\/p>\n<p>&nbsp;<\/p>\n<p>&nbsp;<\/p>\n<p>&nbsp;<\/p>\n<p>&nbsp;<\/p>\n<p>&nbsp;<\/p>\n<p>&nbsp;<\/p>\n<h2><img loading=\"lazy\" decoding=\"async\" class=\"wp-image-60761 aligncenter\" src=\"http:\/\/www.radiopiu.net\/wordpress\/wp-content\/uploads\/2018\/09\/sport.jpg\" alt=\"\" width=\"992\" height=\"124\" srcset=\"https:\/\/www.radiopiu.net\/wordpress\/wp-content\/uploads\/2018\/09\/sport.jpg 800w, https:\/\/www.radiopiu.net\/wordpress\/wp-content\/uploads\/2018\/09\/sport-300x38.jpg 300w, https:\/\/www.radiopiu.net\/wordpress\/wp-content\/uploads\/2018\/09\/sport-768x96.jpg 768w\" sizes=\"auto, (max-width: 992px) 100vw, 992px\" \/><\/h2>\n<h3>IL CAMPIONATO DI PESCA SUL CORDEVOLE A CAPRILE<\/h3>\n<p><strong>CENCENIGHE<\/strong>\u00a0 <strong>Inizia oggi a Caprile di Alleghe con l&#8217;organizzazione della societ\u00e0 pescatori sportivi di Cencenighe la tre giornie del campionato italiano indivuale promozionale di pesca a spinning da riva in torrente. <\/strong><strong>Programma: oggi dalle 16 composizione settori presso l&#8217;Hotel Dolomiti di Cencenighe, nel pomeriggio immissione trote sul campo di gara alle 16 a Caprile. DOMANI 6.30 ritrovo a Cencenighe Hotel Dolomiti, 8 inizio prova, 16 composizione settori per la seconda prova DOMENICA 6.30 ritrovo a Cencenighe 8 inizio seconda prova 13 premiazioni al Nof Filo&#8217; di Cencenighe<\/strong><\/p>\n<p>&nbsp;<\/p>\n<h2>DOMANI E DOMENICA IL 4 RALLY DOLOMITI AD AGORDO,<\/h2>\n<p>di ROBERTO BONA<\/p>\n<audio class=\"wp-audio-shortcode\" id=\"audio-87545-10\" preload=\"none\" style=\"width: 100%;\" controls=\"controls\"><source type=\"audio\/mpeg\" src=\"http:\/\/www.radiopiu.net\/wordpress\/wp-content\/uploads\/2019\/06\/RALLY.mp3?_=10\" \/><a href=\"http:\/\/www.radiopiu.net\/wordpress\/wp-content\/uploads\/2019\/06\/RALLY.mp3\">http:\/\/www.radiopiu.net\/wordpress\/wp-content\/uploads\/2019\/06\/RALLY.mp3<\/a><\/audio>\n<p>&nbsp;<\/p>\n<blockquote>\n<blockquote>\n<h2><em>LA FESTA<\/em><\/h2>\n<h2><em>In piazza Libert\u00e0 ad Agordo BAR MINIERE\u00a0 festa ufficiale del 4\u00b0 Dolomiti Rally.<\/em><\/h2>\n<audio class=\"wp-audio-shortcode\" id=\"audio-87545-11\" preload=\"none\" style=\"width: 100%;\" controls=\"controls\"><source type=\"audio\/mpeg\" src=\"http:\/\/www.radiopiu.net\/wordpress\/wp-content\/uploads\/2019\/06\/dolomiti-rally-c.mp3?_=11\" \/><a href=\"http:\/\/www.radiopiu.net\/wordpress\/wp-content\/uploads\/2019\/06\/dolomiti-rally-c.mp3\">http:\/\/www.radiopiu.net\/wordpress\/wp-content\/uploads\/2019\/06\/dolomiti-rally-c.mp3<\/a><\/audio><\/blockquote>\n<p>&nbsp;<\/p><\/blockquote>\n<p>&nbsp;<\/p>\n<h3>LO SPECIALE ALLA RADIO CON MAURO RIVA<\/h3>\n<h4>DI CLAUDIO FONTANIVE<\/h4>\n<audio class=\"wp-audio-shortcode\" id=\"audio-87545-12\" preload=\"none\" style=\"width: 100%;\" controls=\"controls\"><source type=\"audio\/mpeg\" src=\"http:\/\/www.radiopiu.net\/wordpress\/wp-content\/uploads\/2019\/06\/mauro-riva-dolomiti-rally.mp3?_=12\" \/><a href=\"http:\/\/www.radiopiu.net\/wordpress\/wp-content\/uploads\/2019\/06\/mauro-riva-dolomiti-rally.mp3\">http:\/\/www.radiopiu.net\/wordpress\/wp-content\/uploads\/2019\/06\/mauro-riva-dolomiti-rally.mp3<\/a><\/audio>\n<p>&nbsp;<\/p>\n<p><strong>VIABILITA&#8217;, STRADE CHIUSE<\/strong><\/p>\n<blockquote class=\"wp-embedded-content\" data-secret=\"ZRQz2ZaRX6\"><p><a href=\"http:\/\/www.radiopiu.net\/wordpress\/4-dolomiti-rally-8-9-giugno-speciale-viabilita\/\">4 DOLOMITI RALLY 8-9 GIUGNO, SPECIALE VIABILITA&#8217;<\/a><\/p><\/blockquote>\n<p><iframe loading=\"lazy\" class=\"wp-embedded-content\" sandbox=\"allow-scripts\" security=\"restricted\" style=\"position: absolute; clip: rect(1px, 1px, 1px, 1px);\" src=\"http:\/\/www.radiopiu.net\/wordpress\/4-dolomiti-rally-8-9-giugno-speciale-viabilita\/embed\/#?secret=ZRQz2ZaRX6\" data-secret=\"ZRQz2ZaRX6\" width=\"600\" height=\"338\" title=\"&#8220;4 DOLOMITI RALLY 8-9 GIUGNO, SPECIALE VIABILITA&#8217;&#8221; &#8212; Radio Pi\u00f9\" frameborder=\"0\" marginwidth=\"0\" marginheight=\"0\" scrolling=\"no\"><\/iframe><\/p>\n<p><strong>DI ROBERTO BONA<\/strong><\/p>\n<blockquote class=\"wp-embedded-content\" data-secret=\"YIYsc8wMGq\"><p><a href=\"http:\/\/www.radiopiu.net\/wordpress\/rally-delle-dolomiti-auto-e-nomi-al-via-nel-fine-settimana-motoristico-dellagordino\/\">RALLY DELLE DOLOMITI AUTO E NOMI AL VIA NEL FINE SETTIMANA MOTORISTICO DELL&#8217;AGORDINO<\/a><\/p><\/blockquote>\n<p><iframe loading=\"lazy\" class=\"wp-embedded-content\" sandbox=\"allow-scripts\" security=\"restricted\" style=\"position: absolute; clip: rect(1px, 1px, 1px, 1px);\" src=\"http:\/\/www.radiopiu.net\/wordpress\/rally-delle-dolomiti-auto-e-nomi-al-via-nel-fine-settimana-motoristico-dellagordino\/embed\/#?secret=YIYsc8wMGq\" data-secret=\"YIYsc8wMGq\" width=\"600\" height=\"338\" title=\"&#8220;RALLY DELLE DOLOMITI AUTO E NOMI AL VIA NEL FINE SETTIMANA MOTORISTICO DELL&#8217;AGORDINO&#8221; &#8212; Radio Pi\u00f9\" frameborder=\"0\" marginwidth=\"0\" marginheight=\"0\" scrolling=\"no\"><\/iframe><\/p>\n<blockquote class=\"wp-embedded-content\" data-secret=\"zs09yAWCyI\"><p><a href=\"http:\/\/www.radiopiu.net\/wordpress\/rally-dolomiti-la-quarta-edizione\/\">RALLY DOLOMITI, LA QUARTA EDIZIONE<\/a><\/p><\/blockquote>\n<p><iframe loading=\"lazy\" class=\"wp-embedded-content\" sandbox=\"allow-scripts\" security=\"restricted\" style=\"position: absolute; clip: rect(1px, 1px, 1px, 1px);\" src=\"http:\/\/www.radiopiu.net\/wordpress\/rally-dolomiti-la-quarta-edizione\/embed\/#?secret=zs09yAWCyI\" data-secret=\"zs09yAWCyI\" width=\"600\" height=\"338\" title=\"&#8220;RALLY DOLOMITI, LA QUARTA EDIZIONE&#8221; &#8212; Radio Pi\u00f9\" frameborder=\"0\" marginwidth=\"0\" marginheight=\"0\" scrolling=\"no\"><\/iframe><\/p>\n<blockquote class=\"wp-embedded-content\" data-secret=\"Abhp8omdg1\"><p><a href=\"http:\/\/www.radiopiu.net\/wordpress\/dolomiti-rally-ecco-le-prime-iscrizioni-per-il-collaudato-percorso\/\">DOLOMITI RALLY, ECCO LE PRIME ISCRIZIONI PER IL COLLAUDATO PERCORSO<\/a><\/p><\/blockquote>\n<p><iframe loading=\"lazy\" class=\"wp-embedded-content\" sandbox=\"allow-scripts\" security=\"restricted\" style=\"position: absolute; clip: rect(1px, 1px, 1px, 1px);\" src=\"http:\/\/www.radiopiu.net\/wordpress\/dolomiti-rally-ecco-le-prime-iscrizioni-per-il-collaudato-percorso\/embed\/#?secret=Abhp8omdg1\" data-secret=\"Abhp8omdg1\" width=\"600\" height=\"338\" title=\"&#8220;DOLOMITI RALLY, ECCO LE PRIME ISCRIZIONI PER IL COLLAUDATO PERCORSO&#8221; &#8212; Radio Pi\u00f9\" frameborder=\"0\" marginwidth=\"0\" marginheight=\"0\" scrolling=\"no\"><\/iframe><\/p>\n<blockquote class=\"wp-embedded-content\" data-secret=\"ZpfEUZWQWB\"><p><a href=\"http:\/\/www.radiopiu.net\/wordpress\/manca-poco-al-4-dolomiti-rally-di-roberto-bona\/\">MANCA POCO AL 4\u00b0 DOLOMITI RALLY &#8211; DI ROBERTO BONA<\/a><\/p><\/blockquote>\n<p><iframe loading=\"lazy\" class=\"wp-embedded-content\" sandbox=\"allow-scripts\" security=\"restricted\" style=\"position: absolute; clip: rect(1px, 1px, 1px, 1px);\" src=\"http:\/\/www.radiopiu.net\/wordpress\/manca-poco-al-4-dolomiti-rally-di-roberto-bona\/embed\/#?secret=ZpfEUZWQWB\" data-secret=\"ZpfEUZWQWB\" width=\"600\" height=\"338\" title=\"&#8220;MANCA POCO AL 4\u00b0 DOLOMITI RALLY &#8211; DI ROBERTO BONA&#8221; &#8212; Radio Pi\u00f9\" frameborder=\"0\" marginwidth=\"0\" marginheight=\"0\" scrolling=\"no\"><\/iframe><\/p>\n<p>&nbsp;<\/p>\n<p>&nbsp;<\/p>\n<p>&nbsp;<\/p>\n<h2>VOLTAGO E LE VILLE VINCONO ALLA PRIMA GIORNATA DEL CAMPIONATO AGORDINO FEMMINILE<\/h2>\n<p><strong>di Marco Gaz<\/strong><\/p>\n<p>\u00c8 iniziata mercoled\u00ec sera la quinta edizione del Campionato Agordino femminile. Come lo scorso anno 5 le compagini che si daranno battaglia da qui al 3 agosto per conquistare il titolo che lo scorso anno era andato al Le Ville. Torneo che si concluder\u00e0 sul campo di Voltago il primo sabato di agosto quando, in notturna, si giocher\u00e0 la giornata finale. Intanto mercoled\u00ec sera i primi verdetti. A Cernadoi le campionesse in carica del Le Ville sono riuscite a vincere contro il Fodom per 3 a 1. Doppietta di Nessenzia e gol di Murer per la squadra di Agordo. Padrone di casa a segno con Floner. A Bosco Verde il Voltago ha battuto l&#8217;Alleghe con il punteggio di 3 a 1. Alleghesi che siglano il gol della bandiera con Tibolla. Doppietta di Conedera e rete di De Marco per il Voltago. Nella prima giornata ha riposato il Taibon. CLASSIFICA Le Ville e Voltago 3 Taibon, Alleghe e Fodom 0 PROSSIMO TURNO Mercoled\u00ec prossimo alle 19:45, sul campo di Canale D&#8217;Agordo, Le Ville \u2013 Alleghe, alle 20:30 Taibon \u2013 Fodom.<\/p>\n<p>&nbsp;<\/p>\n<p>&nbsp;<\/p>\n<p>&nbsp;<\/p>\n<h2>A CORTINA D&#8217;AMPEZZO LA HAUTE ROUTE DOLOMITES 2019. AL VIA CICLISTI DA 31 NAZIONI<\/h2>\n<blockquote><p><em>Appuntamento da oggi a domenica\u00a0 sulle salite del mito: dal Giau al Pordoi, dal Falzarego alle Tre Cime di Lavaredo. <span style=\"font-family: verdana, sans-serif;\"><span lang=\"fr-FR\">\u00c8<\/span><span style=\"color: #000000;\"> prevista la sospensione temporanea della circolazione per il tempo strettamente necessario al transito della gara e fino a un massimo di 30 minuti. I<\/span> diversi valichi sui quali i concorrenti transiteranno non saranno chiusi.<span style=\"color: #000000;\"> La manifestazione infatti <\/span>\u00e8 una ciclosportiva che permette di avere una ottimale gestione del percorso sia per quanto riguarda gli atleti sia relativamente al traffico: la classifica di tappa sar\u00e0 infatti determinata dalla somma dei tempi ottenuta nei tratti cronometrati (sostanzialmente le salite).<\/span><\/em><\/p><\/blockquote>\n<p><strong><a class=\"dt-pswp-item\" href=\"http:\/\/www.radiopiu.net\/wordpress\/wp-content\/uploads\/2018\/09\/haute-route-dolomites-2017-1.jpg\" data-dt-img-description=\"\" data-large_image_width=\"2000\" data-large_image_height=\"1335\"><img loading=\"lazy\" decoding=\"async\" class=\" wp-image-61203 alignleft\" src=\"http:\/\/www.radiopiu.net\/wordpress\/wp-content\/uploads\/2018\/09\/haute-route-dolomites-2017-1-300x200.jpg\" alt=\"\" width=\"251\" height=\"167\" srcset=\"https:\/\/www.radiopiu.net\/wordpress\/wp-content\/uploads\/2018\/09\/haute-route-dolomites-2017-1-300x200.jpg 300w, https:\/\/www.radiopiu.net\/wordpress\/wp-content\/uploads\/2018\/09\/haute-route-dolomites-2017-1-768x513.jpg 768w, https:\/\/www.radiopiu.net\/wordpress\/wp-content\/uploads\/2018\/09\/haute-route-dolomites-2017-1-1024x684.jpg 1024w, https:\/\/www.radiopiu.net\/wordpress\/wp-content\/uploads\/2018\/09\/haute-route-dolomites-2017-1.jpg 2000w\" sizes=\"auto, (max-width: 251px) 100vw, 251px\" \/><\/a>CORTINA<\/strong> Ritorna sulle Dolomiti la Haute Route, manifestazione ciclosportiva organizzata da Oc Sport,\u00a0 una tre giorni che avr\u00e0 il suo &#8220;cuore&#8221; a Cortina, luogo di partenza di tutte e tre le tappe. 402 sono I concorrenti, provenienti da 31 nazioni <strong>La prima frazione,\u00a0 oggi <\/strong>la Cortina &#8211; Passo Valparola, 97 chilometri di sviluppo e 3320 metri di dislivello con ascese ai passi FaLzarego, Pordoi, Sella, Gardena e, appunto, Valparola. Per il &#8220;compact&#8221; i chilometri saranno 67, con 2270 metri di dislivello e ascese a Falzarego, Campolongo e Valparola.\u00a0 <strong>La seconda tappa, domani <\/strong>, sar\u00e0 la Cortina &#8211; Tre Cime di Lavaredo: 95 chilometri e 3370 metri di dislivello, con ascese a Falzarego, Giau e Tre Cime. Il &#8220;compact&#8221; proporr\u00e0 &#8220;solo&#8221; 46 chilometri e 2060 metri di dislivello, distribuiti tra e salite al Falzarego e al Giau. <strong>La terza e ultima tappa, domenica 9<\/strong>, sar\u00e0 uguale per tutti e sar\u00e0 una sfida contro le lancette del cronometro: Cortina &#8211; Passo Giau, 17 chilometri per 1160 metri di dislivello. Per tutte le informazioni su Haute Route Dolomites \u00a0www.hauteroute.org.<\/p>\n<h2>\u00a0LO SPECIALE ALLA RADIO CON DAVIDE MARCHEGIANO<\/h2>\n<audio class=\"wp-audio-shortcode\" id=\"audio-87545-13\" preload=\"none\" style=\"width: 100%;\" controls=\"controls\"><source type=\"audio\/mpeg\" src=\"http:\/\/www.radiopiu.net\/wordpress\/wp-content\/uploads\/2019\/06\/davide-marchegiano-haute-route.mp3?_=13\" \/><a href=\"http:\/\/www.radiopiu.net\/wordpress\/wp-content\/uploads\/2019\/06\/davide-marchegiano-haute-route.mp3\">http:\/\/www.radiopiu.net\/wordpress\/wp-content\/uploads\/2019\/06\/davide-marchegiano-haute-route.mp3<\/a><\/audio>\n<p>&nbsp;<\/p>\n<p>&nbsp;<\/p>\n<p>&nbsp;<\/p>\n<h3>AL DOLOMITI EXTREME TRAIL CI SARANNO 46 NAZIONI IN CORSA<\/h3>\n<blockquote>\n<p style=\"text-align: left;\"><em>Tutto esaurito per l&#8217;evento bellunese: 1500 concorrenti divisi in gara l&#8217;8 e 9 giugno. Tre i percorsi previsti: 103, 53 e 23 chilometri. Spazio anche ai pi\u00f9 piccoli con la Mini Dxt . Per tutto il mese di maggio squadre di volontari, coordinate dalla sezione Cai Val di Zoldo, hanno lavorato per il ripristino dei sentieri rovinati lo scorso autunno a seguito della tempesta &#8220;Vaia&#8221;.\u00a0<\/em><\/p>\n<\/blockquote>\n<p><strong><a class=\"dt-pswp-item\" href=\"http:\/\/www.radiopiu.net\/wordpress\/wp-content\/uploads\/2019\/06\/dxt-2017.jpg\" data-dt-img-description=\"\" data-large_image_width=\"1200\" data-large_image_height=\"778\"><img loading=\"lazy\" decoding=\"async\" class=\"size-medium wp-image-87552 alignleft\" src=\"http:\/\/www.radiopiu.net\/wordpress\/wp-content\/uploads\/2019\/06\/dxt-2017-300x195.jpg\" alt=\"\" width=\"300\" height=\"195\" srcset=\"https:\/\/www.radiopiu.net\/wordpress\/wp-content\/uploads\/2019\/06\/dxt-2017-300x195.jpg 300w, https:\/\/www.radiopiu.net\/wordpress\/wp-content\/uploads\/2019\/06\/dxt-2017-768x498.jpg 768w, https:\/\/www.radiopiu.net\/wordpress\/wp-content\/uploads\/2019\/06\/dxt-2017-1024x664.jpg 1024w, https:\/\/www.radiopiu.net\/wordpress\/wp-content\/uploads\/2019\/06\/dxt-2017.jpg 1200w\" sizes=\"auto, (max-width: 300px) 100vw, 300px\" \/><\/a>VAL DI ZOLDO<\/strong> Fa ancora una volta registrare il tutto esaurito la Dolomiti Extreme Trail, l&#8217;evento della Val della Val di Zoldo\u00a0 che domani e domenica\u00a0 porter\u00e0 i concorrenti a confrontarsi sui tre durissimi e spettacolari tracciati, tutti con partenza e arrivo a Forno di Zoldo. I paesi maggiormente rappresentati sono la Francia, la Spagna e la Polonia. I concorrenti che arriveranno da pi\u00f9 lontano sono sudafricani, giapponesi, australiani, brasiliani, messicani e statunitensi. Il mondo a correre in Val di Zoldo, dunque: una bella occasione di sport, dai contenuti tecnici elevati, ma anche una grandissima opportunit\u00e0 di promozione per un territorio dalle valenze ambientali, storiche e culturali notevolissime. OGGI \u00a0registrazione dei partecipanti DOMANI\u00a0 103 K e della 53 K che partiranno, rispettivamente, alle 5 e alle 5.30.\u00a0 DOMENICA 23 K, il cui via sar\u00e0 dato alle 9.30. Alle 10 ci sar\u00e0 la partenza della Mini Dxt, gara promozionale per bambini e ragazzi (fino a 17 anni) che si snoder\u00e0 su un tracciato di 2.5 chilometri.\u00a0 Alle 11 si svolgeranno le premiazioni .<\/p>\n<p>&nbsp;<\/p>\n<p>&nbsp;<\/p>\n<p>&nbsp;<\/p>\n<p><a class=\"dt-pswp-item\" href=\"http:\/\/www.radiopiu.net\/wordpress\/wp-content\/uploads\/2018\/09\/WhatsApp-Image-2018-09-20-at-16.04.06.jpeg\" data-dt-img-description=\"\" data-large_image_width=\"800\" data-large_image_height=\"100\"><img loading=\"lazy\" decoding=\"async\" class=\"size-full wp-image-61378 aligncenter\" src=\"http:\/\/www.radiopiu.net\/wordpress\/wp-content\/uploads\/2018\/09\/WhatsApp-Image-2018-09-20-at-16.04.06.jpeg\" alt=\"\" width=\"800\" height=\"100\" srcset=\"https:\/\/www.radiopiu.net\/wordpress\/wp-content\/uploads\/2018\/09\/WhatsApp-Image-2018-09-20-at-16.04.06.jpeg 800w, https:\/\/www.radiopiu.net\/wordpress\/wp-content\/uploads\/2018\/09\/WhatsApp-Image-2018-09-20-at-16.04.06-300x38.jpeg 300w, https:\/\/www.radiopiu.net\/wordpress\/wp-content\/uploads\/2018\/09\/WhatsApp-Image-2018-09-20-at-16.04.06-768x96.jpeg 768w\" sizes=\"auto, (max-width: 800px) 100vw, 800px\" \/><\/a><\/p>\n<p>&nbsp;<\/p>\n<p><center><b>Venerdi 7<\/b><\/center><b>Tempo atteso: <\/b>Tempo di nuovo assai pi\u00f9 soleggiato con cielo sereno al mattino e modesta cumulificazione diurna, solo in singoli casi potr\u00e0 essere moderata con rischio piuttosto basso di fenomeni convettivi (i forti venti da Sud in quota non saranno propizi allo sviluppo eccessivo degli addensamenti). Clima diurno prettamente estivo.<br \/>\n<b>Precipitazioni: <\/b>Generalmente assenti (0%), eccetto probabilit\u00e0 molto bassa di qualche sporadico piovasco nel tardo pomeriggio\/sera sulle Prealpi occidentali (10%).<br \/>\n<b>Temperature: <\/b>Minime in lieve calo nelle valli e stazionarie in quota; massime in lieve aumento con punte di 29\/30\u00b0C nei fondovalle prealpini e di 25\/26\u00b0C a 1000\/1200 m. Su Prealpi a 1500 m min 10\u00b0C max 15\u00b0C, a 2000 m min 7\u00b0C max 10\u00b0C. Su Dolomiti a 2000 m min 6\u00b0C max 11\u00b0C, a 3000 m min 2\u00b0C max 5\u00b0C.<br \/>\n<b>Venti: <\/b>Nelle valli da deboli a localmente moderati a regime di brezza; in quota moderati\/tesi da Sud-Ovest, in serata anche forti sulle cime Dolomitiche pi\u00f9 alte, a 10-35 km\/h a 2000 m, 25-60 km\/h a 3000 m.<\/p>\n<hr \/>\n<p><center><b>Sabato 8<\/b><\/center><b>Tempo atteso: <\/b>Giornata simile a venerd\u00ec, con cielo sereno o poco nuvoloso per modesti cumuli diurni. L&#8217;insidia di fenomeni convettivi sar\u00e0 molto bassa. Clima sempre pi\u00f9 estivo e l&#8217;afa potrebbe aumentare nei fondovalle prealpini.<br \/>\n<b>Precipitazioni: <\/b>Assenti (0%) su tutto il territorio montano.<br \/>\n<b>Temperature: <\/b>In generale lieve aumento a tutte le quote con punte di 31\/32\u00b0C nei fondovalle prealpini e di 27\/29\u00b0C a 1000\/1200 m. Su Prealpi a 1500 m min 12\u00b0C max 19\u00b0C, a 2000 m min 8\u00b0C max 15\u00b0C. Su Dolomiti a 2000 m min 7\u00b0C max 15\u00b0C, a 3000 m min 4\u00b0C max 7\u00b0C.<br \/>\n<b>Venti: <\/b>Nelle valli da deboli a localmente moderati a regime di brezza; in quota moderati\/tesi da Sud-Ovest, a tratti forti durante la notte e al primo mattino, poi in attenuazione e perlopi\u00f9 moderati, a 10-35 km\/h a 2000 m, 25-55 km\/h a 3000 m.<\/p>\n<hr \/>\n<p><center><b>Domenica 9<\/b><\/center>Al mattino tratti soleggiati e velature. Dalle ore centrali la nuvolosit\u00e0 alta tender\u00e0 ad intensificarsi e la cumulificazione sar\u00e0 sempre pi\u00f9 intensa. Tuttavia il rischio di rovesci e temporali rimarr\u00e0 assai contenuto e perlopi\u00f9 limitato ai settori confinanti con il Trentino e l&#8217;Alto Adige, altrove i fenomeni potrebbero affatto essere del tutto assente. Temperature diurne in lieve calo, con clima sempre pi\u00f9 afoso nei fondovalle prealpini. Venti deboli sud-occidentali in quota.<\/p>\n<hr \/>\n<p><center><b>Lunedi 10<\/b><\/center>Il sole predominer\u00e0 al mattino, mentre la nuvolosit\u00e0 cumuliforme sar\u00e0 pi\u00f9 presente rispetto ai giorni precedenti e l&#8217;insidia convettiva aumenter\u00e0. Temperature senza notevoli variazioni rispetto a domenica. Venti meridionali da deboli a moderati in quota e brezze nelle valli. Previsore: R.L.Th.<\/p>\n<p>&nbsp;<\/p>\n","protected":false},"excerpt":{"rendered":"<p>La Procura di Belluno chiamer\u00e0 a giudizio Nemesio e Samuele, padre e figlio indagati per il caso &#8220;Erostrato&#8221;, gli Aquini sono stati rinviati a giudizio con 14 capi di accusa, il sindaco Zanella\u00a0 si costituir\u00e0 parte civile e i difensori mettono le mani avanti &#8220;nessuna prova, solo indizi&#8221;.\u00a0Alpe del Nevegal alla frutta, il Comune mette&hellip;<\/p>\n","protected":false},"author":1,"featured_media":87577,"comment_status":"closed","ping_status":"closed","sticky":false,"template":"","format":"standard","meta":{"_monsterinsights_skip_tracking":false,"_monsterinsights_sitenote_active":false,"_monsterinsights_sitenote_note":"","_monsterinsights_sitenote_category":0,"footnotes":""},"categories":[1,86],"tags":[],"class_list":["post-87545","post","type-post","status-publish","format-standard","has-post-thumbnail","hentry","category-senza-categoria","category-gr","category-1","category-86","description-off"],"img_url":"https:\/\/www.radiopiu.net\/wordpress\/wp-content\/uploads\/2019\/06\/917-2019-DIFESA-DEL-SUOLO.-FORESTALI-REGIONALI-AL-LAVORO-SULLA-FRANA-DI-BORSOI2.jpg","_links":{"self":[{"href":"https:\/\/www.radiopiu.net\/wordpress\/wp-json\/wp\/v2\/posts\/87545","targetHints":{"allow":["GET"]}}],"collection":[{"href":"https:\/\/www.radiopiu.net\/wordpress\/wp-json\/wp\/v2\/posts"}],"about":[{"href":"https:\/\/www.radiopiu.net\/wordpress\/wp-json\/wp\/v2\/types\/post"}],"author":[{"embeddable":true,"href":"https:\/\/www.radiopiu.net\/wordpress\/wp-json\/wp\/v2\/users\/1"}],"replies":[{"embeddable":true,"href":"https:\/\/www.radiopiu.net\/wordpress\/wp-json\/wp\/v2\/comments?post=87545"}],"version-history":[{"count":0,"href":"https:\/\/www.radiopiu.net\/wordpress\/wp-json\/wp\/v2\/posts\/87545\/revisions"}],"wp:featuredmedia":[{"embeddable":true,"href":"https:\/\/www.radiopiu.net\/wordpress\/wp-json\/wp\/v2\/media\/87577"}],"wp:attachment":[{"href":"https:\/\/www.radiopiu.net\/wordpress\/wp-json\/wp\/v2\/media?parent=87545"}],"wp:term":[{"taxonomy":"category","embeddable":true,"href":"https:\/\/www.radiopiu.net\/wordpress\/wp-json\/wp\/v2\/categories?post=87545"},{"taxonomy":"post_tag","embeddable":true,"href":"https:\/\/www.radiopiu.net\/wordpress\/wp-json\/wp\/v2\/tags?post=87545"}],"curies":[{"name":"wp","href":"https:\/\/api.w.org\/{rel}","templated":true}]}}