{"id":87556,"date":"2019-06-07T06:07:31","date_gmt":"2019-06-07T04:07:31","guid":{"rendered":"http:\/\/www.radiopiu.net\/wordpress\/?p=87556"},"modified":"2019-06-08T06:17:52","modified_gmt":"2019-06-08T04:17:52","slug":"per-danilo-de-toni-buona-la-prima","status":"publish","type":"post","link":"https:\/\/www.radiopiu.net\/wordpress\/per-danilo-de-toni-buona-la-prima\/","title":{"rendered":"PER DANILO DE TONI BUONA LA PRIMA"},"content":{"rendered":"<p><strong>ALLEGHE<\/strong> Consiglio comunale, il primo del sindaco Danilo De Toni con la nomina degli assessore e il primo saluto al paese.\u00a0 Questa sera il sindaco sar\u00e0 ad Abano nella chiesa del Sacro Cuore per una serata per coro pianofore e harmonium (Petite messe solennelle di Rossini) il cui ricavato sar\u00e0 devoluto alla ricostruzione post Vaia ad Alleghe. Domani invece arriver\u00e0 in riva al lago l&#8217;assessore alla protezione civile Gianpaolo Bottacin.<\/p>\n<h3>L&#8217;INTERVENTO ALLA RADIO<\/h3>\n<audio class=\"wp-audio-shortcode\" id=\"audio-87556-1\" preload=\"none\" style=\"width: 100%;\" controls=\"controls\"><source type=\"audio\/mpeg\" src=\"http:\/\/www.radiopiu.net\/wordpress\/wp-content\/uploads\/2019\/06\/danilo-de-toni.mp3?_=1\" \/><a href=\"http:\/\/www.radiopiu.net\/wordpress\/wp-content\/uploads\/2019\/06\/danilo-de-toni.mp3\">http:\/\/www.radiopiu.net\/wordpress\/wp-content\/uploads\/2019\/06\/danilo-de-toni.mp3<\/a><\/audio>\n<p>&nbsp;<\/p>\n<h1>IL DISCORSO DEL SINDACO<\/h1>\n<p><span style=\"font-size: large;\">Egregi Consiglieri, Egregi Assessori, cari concittadini <\/span><span style=\"font-size: large;\">E\u2019 con grande emozione che assumo, con il giuramento che ho prestato, la carica di Sindaco del Comune di Alleghe. <\/span><span style=\"font-size: large;\">Il riconoscimento e la fiducia che avete voluto attribuirmi mi riempie di orgoglio e mi da\u2019 il coraggio di affrontare questa nuova esperienza. <\/span><span style=\"font-size: large;\">Sono fortunato perch\u00e9 in questo percorso sar\u00f2 affiancato da valide persone con le quali condivido il risultato di queste elezioni. <\/span><span style=\"font-size: large;\">Sento il dovere di ringraziare:<\/span><\/p>\n<ul>\n<li><span style=\"font-size: large;\">Tutte le persone che hanno dato fiducia alla lista Alleghe Domani;<\/span><\/li>\n<li><span style=\"font-size: large;\">La squadra che mi ha sostenuto ed accompagnato in questa campagna elettorale e mi complimento con tutti i consiglieri per la loro elezione;<\/span><\/li>\n<li><span style=\"font-size: large;\">La Segretaria Comunale e tutto il personale impegnato per i lavori di questa consultazione elettorale;<\/span><\/li>\n<li><span style=\"font-size: large;\">Il Sindaco, gli assessori ed i Consiglieri dell\u2019Amministrazione uscente per il lavoro svolto nel corso del loro mandato ed in particolare in occasione della tempesta Vaia;<\/span><\/li>\n<li><span style=\"font-size: large;\">I collaboratori dipendenti comunali che continueranno a dare il loro prezioso contributo,<\/span><\/li>\n<li><span style=\"font-size: large;\">Un ringraziamento particolare alla mia famiglia che mi ha sostenuto in questa decisione.<\/span><\/li>\n<\/ul>\n<p><span style=\"font-size: large;\">Sono consapevole delle responsabilit\u00e0 e dell\u2019impegno che questo ruolo comporta e far\u00f2 tutto quanto nelle mie possibilit\u00e0 per essere all\u2019altezza del compito che mi avete affidato e delle aspettative che in me avete riposto. <\/span><span style=\"font-size: large;\">I cinque anni che abbiamo davanti saranno impegnativi e ci vedranno da subito impegnati per cercare di sanare le profonde ferite che la tempesta Vaia ha inflitto al nostro territorio. L\u2019asportazione del materiale dal lago, la riqualificazione degli alvei e dei versanti spondali dei torrenti, la rimozione degli alberi abbattuti e la messa in sicurezza dei pendii,\u00a0<\/span> <span style=\"font-size: large;\">saranno le nostre priorit\u00e0. Sar\u00e0 un nostro impegno vigilare costantemente sull\u2019attivit\u00e0 degli organi preposti all\u2019esecuzione di tali interventi e mi riferisco alle Stazioni Appaltanti, affinch\u00e8 gli stessi vengano realizzati nel migliore dei modi e nel pi\u00f9 breve tempo possibile. <\/span><span style=\"font-size: large;\">Questo perch\u00e9 Il territorio \u00e8 il nostro patrimonio, la nostra azienda, che grazie al turismo pu\u00f2 creare sviluppo e nuove opportunit\u00e0. Per far questo \u00e8 per\u00f2 necessaria una sinergia tra tutti coloro che operano nel settore, perch\u00e9 solo cos\u00ec potranno essere raggiunti gli obiettivi. <\/span><span style=\"font-size: large;\">L\u2019amministrazione non pu\u00f2 sostituirsi all\u2019iniziativa privata ma pu\u00f2 adoperarsi e questo sar\u00e0 un altro nostro impegno, per rendere i nostri paesi puliti, ordinati ed accoglienti per i cittadini e per gli ospiti e per supportare compatibilmente alle risorse economico finanziarie disponibili, le iniziative che verranno proposte, sia a livello sociale, culturale che turistico. <\/span><span style=\"font-size: large;\">Ma saranno comunque sempre i cittadini al centro della nostra attenzione, i cittadini che dovranno ritrovare nel Comune e quindi negli amministratori e negli uffici competenti del municipio il punto di riferimento per ogni loro necessit\u00e0. <\/span><span style=\"font-size: large;\">Un\u2019attenzione particolare verr\u00e0 rivolta agli anziani che tanto hanno dato al territorio e ai nostri paesi , ai giovani che di questi paesi sono il futuro e non ultimo il volontariato, grande e irrinunciabile risorsa del nostro comune. <\/span><span style=\"font-size: large;\">Concludendo esprimo un solo rammarico. In questo Consiglio non ci sar\u00e0 una minoranza con la quale confrontarsi. Ci\u00f2 significa che saremo ancora pi\u00f9 attenti e scrupolosi nelle scelte e nelle decisioni che verranno prese, tenendo sempre presente l\u2019interesse della nostra Comunit\u00e0.<\/span><\/p>\n","protected":false},"excerpt":{"rendered":"<p>ALLEGHE Consiglio comunale, il primo del sindaco Danilo De Toni con la nomina degli assessore e il primo saluto al paese.\u00a0 Questa sera il sindaco sar\u00e0 ad Abano nella chiesa del Sacro Cuore per una serata per coro pianofore e harmonium (Petite messe solennelle di Rossini) il cui ricavato sar\u00e0 devoluto alla ricostruzione post Vaia&hellip;<\/p>\n","protected":false},"author":1,"featured_media":86463,"comment_status":"closed","ping_status":"closed","sticky":false,"template":"","format":"standard","meta":{"_monsterinsights_skip_tracking":false,"_monsterinsights_sitenote_active":false,"_monsterinsights_sitenote_note":"","_monsterinsights_sitenote_category":0,"footnotes":""},"categories":[51,49],"tags":[],"class_list":["post-87556","post","type-post","status-publish","format-standard","has-post-thumbnail","hentry","category-evidenza-top","category-news-18","category-51","category-49","description-off"],"img_url":"https:\/\/www.radiopiu.net\/wordpress\/wp-content\/uploads\/2019\/05\/ALLEGHE-DANILO-DE-TONI.jpeg","_links":{"self":[{"href":"https:\/\/www.radiopiu.net\/wordpress\/wp-json\/wp\/v2\/posts\/87556","targetHints":{"allow":["GET"]}}],"collection":[{"href":"https:\/\/www.radiopiu.net\/wordpress\/wp-json\/wp\/v2\/posts"}],"about":[{"href":"https:\/\/www.radiopiu.net\/wordpress\/wp-json\/wp\/v2\/types\/post"}],"author":[{"embeddable":true,"href":"https:\/\/www.radiopiu.net\/wordpress\/wp-json\/wp\/v2\/users\/1"}],"replies":[{"embeddable":true,"href":"https:\/\/www.radiopiu.net\/wordpress\/wp-json\/wp\/v2\/comments?post=87556"}],"version-history":[{"count":0,"href":"https:\/\/www.radiopiu.net\/wordpress\/wp-json\/wp\/v2\/posts\/87556\/revisions"}],"wp:featuredmedia":[{"embeddable":true,"href":"https:\/\/www.radiopiu.net\/wordpress\/wp-json\/wp\/v2\/media\/86463"}],"wp:attachment":[{"href":"https:\/\/www.radiopiu.net\/wordpress\/wp-json\/wp\/v2\/media?parent=87556"}],"wp:term":[{"taxonomy":"category","embeddable":true,"href":"https:\/\/www.radiopiu.net\/wordpress\/wp-json\/wp\/v2\/categories?post=87556"},{"taxonomy":"post_tag","embeddable":true,"href":"https:\/\/www.radiopiu.net\/wordpress\/wp-json\/wp\/v2\/tags?post=87556"}],"curies":[{"name":"wp","href":"https:\/\/api.w.org\/{rel}","templated":true}]}}