{"id":87719,"date":"2019-06-08T05:15:20","date_gmt":"2019-06-08T03:15:20","guid":{"rendered":"http:\/\/www.radiopiu.net\/wordpress\/?p=87719"},"modified":"2019-06-10T06:09:36","modified_gmt":"2019-06-10T04:09:36","slug":"diretto-al-pordoi-in-bicicletta-e-travolto-dal-branco-di-cervi","status":"publish","type":"post","link":"https:\/\/www.radiopiu.net\/wordpress\/diretto-al-pordoi-in-bicicletta-e-travolto-dal-branco-di-cervi\/","title":{"rendered":"DIRETTO AL PORDOI IN BICICLETTA  E&#8217; TRAVOLTO DAL\u00a0 BRANCO DI CERVI"},"content":{"rendered":"<p>&nbsp;<\/p>\n<p>&nbsp;<\/p>\n<p><strong><a class=\"dt-pswp-item\" href=\"http:\/\/www.radiopiu.net\/wordpress\/wp-content\/uploads\/2019\/06\/images-1.jpg\" data-dt-img-description=\"\" data-large_image_width=\"271\" data-large_image_height=\"186\"><img loading=\"lazy\" decoding=\"async\" class=\" wp-image-87720 alignleft\" src=\"http:\/\/www.radiopiu.net\/wordpress\/wp-content\/uploads\/2019\/06\/images-1.jpg\" alt=\"\" width=\"151\" height=\"104\" \/><\/a>LIVINALLONGO<\/strong> J.H.D,\u00a0 \u00a0turista francese di 65 anni \u00e8 stato &#8220;investito&#8221; da un cervo mentre con la bicicletta stava salendo la regionale 48 delle Dolomiti. L&#8217;episodio in localit\u00e0 Precomun di Arabba ieri alle 14, l&#8217;uomo diretto a Passo Pordoi si \u00e8 ritrovato improvvisamente nel branco di ungulati uscito dal bosco e finito direttamente in strada. L&#8217;uomo \u00e8 rovinato a terra riportando diverse ferite, all&#8217;ospedale di Agordo \u00e8 stato sottoposto a intervento chirurgico per le ferite multiple all&#8217;avambraccio, \u00e8 in prognosi riservata ma non in pericolo di vita.<\/p>\n","protected":false},"excerpt":{"rendered":"<p>&nbsp; &nbsp; LIVINALLONGO J.H.D,\u00a0 \u00a0turista francese di 65 anni \u00e8 stato &#8220;investito&#8221; da un cervo mentre con la bicicletta stava salendo la regionale 48 delle Dolomiti. L&#8217;episodio in localit\u00e0 Precomun di Arabba ieri alle 14, l&#8217;uomo diretto a Passo Pordoi si \u00e8 ritrovato improvvisamente nel branco di ungulati uscito dal bosco e finito direttamente in&hellip;<\/p>\n","protected":false},"author":1,"featured_media":87720,"comment_status":"closed","ping_status":"closed","sticky":false,"template":"","format":"standard","meta":{"_monsterinsights_skip_tracking":false,"_monsterinsights_sitenote_active":false,"_monsterinsights_sitenote_note":"","_monsterinsights_sitenote_category":0,"footnotes":""},"categories":[51,49],"tags":[],"class_list":["post-87719","post","type-post","status-publish","format-standard","has-post-thumbnail","hentry","category-evidenza-top","category-news-18","category-51","category-49","description-off"],"img_url":"https:\/\/www.radiopiu.net\/wordpress\/wp-content\/uploads\/2019\/06\/images-1.jpg","_links":{"self":[{"href":"https:\/\/www.radiopiu.net\/wordpress\/wp-json\/wp\/v2\/posts\/87719","targetHints":{"allow":["GET"]}}],"collection":[{"href":"https:\/\/www.radiopiu.net\/wordpress\/wp-json\/wp\/v2\/posts"}],"about":[{"href":"https:\/\/www.radiopiu.net\/wordpress\/wp-json\/wp\/v2\/types\/post"}],"author":[{"embeddable":true,"href":"https:\/\/www.radiopiu.net\/wordpress\/wp-json\/wp\/v2\/users\/1"}],"replies":[{"embeddable":true,"href":"https:\/\/www.radiopiu.net\/wordpress\/wp-json\/wp\/v2\/comments?post=87719"}],"version-history":[{"count":0,"href":"https:\/\/www.radiopiu.net\/wordpress\/wp-json\/wp\/v2\/posts\/87719\/revisions"}],"wp:featuredmedia":[{"embeddable":true,"href":"https:\/\/www.radiopiu.net\/wordpress\/wp-json\/wp\/v2\/media\/87720"}],"wp:attachment":[{"href":"https:\/\/www.radiopiu.net\/wordpress\/wp-json\/wp\/v2\/media?parent=87719"}],"wp:term":[{"taxonomy":"category","embeddable":true,"href":"https:\/\/www.radiopiu.net\/wordpress\/wp-json\/wp\/v2\/categories?post=87719"},{"taxonomy":"post_tag","embeddable":true,"href":"https:\/\/www.radiopiu.net\/wordpress\/wp-json\/wp\/v2\/tags?post=87719"}],"curies":[{"name":"wp","href":"https:\/\/api.w.org\/{rel}","templated":true}]}}