{"id":87730,"date":"2019-06-08T05:39:46","date_gmt":"2019-06-08T03:39:46","guid":{"rendered":"http:\/\/www.radiopiu.net\/wordpress\/?p=87730"},"modified":"2019-06-10T06:08:39","modified_gmt":"2019-06-10T04:08:39","slug":"in-ginocchio-il-settore-abbigliamento-calzature-la-causa-il-maltempo","status":"publish","type":"post","link":"https:\/\/www.radiopiu.net\/wordpress\/in-ginocchio-il-settore-abbigliamento-calzature-la-causa-il-maltempo\/","title":{"rendered":"IN GINOCCHIO IL SETTORE ABBIGLIAMENTO-CALZATURE, LA CAUSA IL MALTEMPO."},"content":{"rendered":"<h3><\/h3>\n<p><strong>DI DAMIANO TORMEN<\/strong><\/p>\n<audio class=\"wp-audio-shortcode\" id=\"audio-87730-1\" preload=\"none\" style=\"width: 100%;\" controls=\"controls\"><source type=\"audio\/mpeg\" src=\"http:\/\/www.radiopiu.net\/wordpress\/wp-content\/uploads\/2019\/06\/DAMIANOFIDI.mp3?_=1\" \/><a href=\"http:\/\/www.radiopiu.net\/wordpress\/wp-content\/uploads\/2019\/06\/DAMIANOFIDI.mp3\">http:\/\/www.radiopiu.net\/wordpress\/wp-content\/uploads\/2019\/06\/DAMIANOFIDI.mp3<\/a><\/audio>\n<p>&nbsp;<\/p>\n<p><a class=\"dt-pswp-item\" href=\"http:\/\/www.radiopiu.net\/wordpress\/wp-content\/uploads\/2019\/06\/foto.jpg\" data-dt-img-description=\"\" data-large_image_width=\"1772\" data-large_image_height=\"1014\"><img loading=\"lazy\" decoding=\"async\" class=\" wp-image-87660 alignleft\" src=\"http:\/\/www.radiopiu.net\/wordpress\/wp-content\/uploads\/2019\/06\/foto-300x172.jpg\" alt=\"\" width=\"270\" height=\"155\" srcset=\"https:\/\/www.radiopiu.net\/wordpress\/wp-content\/uploads\/2019\/06\/foto-300x172.jpg 300w, https:\/\/www.radiopiu.net\/wordpress\/wp-content\/uploads\/2019\/06\/foto-768x439.jpg 768w, https:\/\/www.radiopiu.net\/wordpress\/wp-content\/uploads\/2019\/06\/foto-1024x586.jpg 1024w, https:\/\/www.radiopiu.net\/wordpress\/wp-content\/uploads\/2019\/06\/foto.jpg 1772w\" sizes=\"auto, (max-width: 270px) 100vw, 270px\" \/><\/a><strong>BELLUNO<\/strong> Confcommercio, attraverso Fidi Impresa &amp; Turismo Veneto, si muove in aiuto delle imprese in difficolt\u00e0 con le scadenze: finanziamenti da 10 a 40 mila euro rimborsabili fino a 18 mesi ad un tasso del 3,75% Due mesi. Tanto \u00e8 durato il maltempo. Con effetti negativi su pi\u00f9 di un comparto, non ultimo quello dell\u2019abbigliamento-calzature che, in Veneto, ha registrato vendite in diminuzione nell\u2019ordine del 70%. Per far fronte a questa che, sul piano finanziario, \u00e8 una vera e propria emergenza <strong>Foto da sx, Mauro Rocchesso Fidi Impresa; Paolo Doglioni, presidente Confcommercio Belluno; Angelo Smaniotto, Fidi Impresa; Vittorio Zampieri Federmoda .<\/strong><\/p>\n<p>&nbsp;<\/p>\n","protected":false},"excerpt":{"rendered":"<p>DI DAMIANO TORMEN &nbsp; BELLUNO Confcommercio, attraverso Fidi Impresa &amp; Turismo Veneto, si muove in aiuto delle imprese in difficolt\u00e0 con le scadenze: finanziamenti da 10 a 40 mila euro rimborsabili fino a 18 mesi ad un tasso del 3,75% Due mesi. Tanto \u00e8 durato il maltempo. Con effetti negativi su pi\u00f9 di un comparto,&hellip;<\/p>\n","protected":false},"author":1,"featured_media":87660,"comment_status":"closed","ping_status":"closed","sticky":false,"template":"","format":"standard","meta":{"_monsterinsights_skip_tracking":false,"_monsterinsights_sitenote_active":false,"_monsterinsights_sitenote_note":"","_monsterinsights_sitenote_category":0,"footnotes":""},"categories":[51,49],"tags":[],"class_list":["post-87730","post","type-post","status-publish","format-standard","has-post-thumbnail","hentry","category-evidenza-top","category-news-18","category-51","category-49","description-off"],"img_url":"https:\/\/www.radiopiu.net\/wordpress\/wp-content\/uploads\/2019\/06\/foto.jpg","_links":{"self":[{"href":"https:\/\/www.radiopiu.net\/wordpress\/wp-json\/wp\/v2\/posts\/87730","targetHints":{"allow":["GET"]}}],"collection":[{"href":"https:\/\/www.radiopiu.net\/wordpress\/wp-json\/wp\/v2\/posts"}],"about":[{"href":"https:\/\/www.radiopiu.net\/wordpress\/wp-json\/wp\/v2\/types\/post"}],"author":[{"embeddable":true,"href":"https:\/\/www.radiopiu.net\/wordpress\/wp-json\/wp\/v2\/users\/1"}],"replies":[{"embeddable":true,"href":"https:\/\/www.radiopiu.net\/wordpress\/wp-json\/wp\/v2\/comments?post=87730"}],"version-history":[{"count":0,"href":"https:\/\/www.radiopiu.net\/wordpress\/wp-json\/wp\/v2\/posts\/87730\/revisions"}],"wp:featuredmedia":[{"embeddable":true,"href":"https:\/\/www.radiopiu.net\/wordpress\/wp-json\/wp\/v2\/media\/87660"}],"wp:attachment":[{"href":"https:\/\/www.radiopiu.net\/wordpress\/wp-json\/wp\/v2\/media?parent=87730"}],"wp:term":[{"taxonomy":"category","embeddable":true,"href":"https:\/\/www.radiopiu.net\/wordpress\/wp-json\/wp\/v2\/categories?post=87730"},{"taxonomy":"post_tag","embeddable":true,"href":"https:\/\/www.radiopiu.net\/wordpress\/wp-json\/wp\/v2\/tags?post=87730"}],"curies":[{"name":"wp","href":"https:\/\/api.w.org\/{rel}","templated":true}]}}