{"id":87736,"date":"2019-06-08T06:09:16","date_gmt":"2019-06-08T04:09:16","guid":{"rendered":"http:\/\/www.radiopiu.net\/wordpress\/?p=87736"},"modified":"2019-06-08T06:09:16","modified_gmt":"2019-06-08T04:09:16","slug":"cento-anni-per-la-chiesa-di-meano-a-santa-giustina-di-renato-bona","status":"publish","type":"post","link":"https:\/\/www.radiopiu.net\/wordpress\/cento-anni-per-la-chiesa-di-meano-a-santa-giustina-di-renato-bona\/","title":{"rendered":"CENTO ANNI PER LA CHIESA DI MEANO A SANTA GIUSTINA di Renato Bona"},"content":{"rendered":"<p>\u201cTra gli atti dell\u2019archivio vescovile troviamo, in data 10 aprile 1632, una domanda di Antonio Viecel, Zuanne Viecel e Battista Marsango da Mean a nome anche di Zussan e Calibac di avere tutte le feste e domeniche la S. Messa nella Chiesa di S. Felice de Mean, eleggendo per sacerdote Jeronimo Tibola della villa di Bribano \u2018ad insegnar le litanie della B. Vergine dove che sono gran utile per le anime\u2019\u201d. Quanto precede si pu\u00f2 leggere nel libro \u201cSanta Giustina di Feltre. Notizie storiche\u201d delle quali \u00e8 autore monsignor Ernesto Minella nella pregevole opera data alle stampa nel settembre 1995 dalle Grafiche Antiga di Cornuda ad iniziativa dell\u2019Amministrazione comunale di Santa Giustina. Aggiungeva, il monsignore: \u201cPresentandosi al vescovo adducono la strada longa, il caldo del sole e i vecchi che stentano ad andare alla pieve. Il vescovo Mons. Paolo Savio accoglie l\u2019istanza con la condizione che il sacerdote eletto avesse a riconoscere come superiore il Pievano di S. Giustina. Meano ha cos\u00ec il primo sacerdote\u201d. E di seguito precisava: \u201cLa chiesa ricostruita nel 1662 \u00e8 dedicata alla B.V. della Pace e a S. Felice. E\u2019 stata consacrata da S.E. Mons. Cattarossi nel maggio 1919. Ha tre altari in legno, di stile barocco; il maggiore di buon effetto con una pala buona di ignoto autore\u201d. Accanto a queste notizie, ecco quelle, molto sintetiche, del sito della Provincia di Belluno: \u201cLa chiesa di Meano \u00e8 dedicata a Santa Maria Regina Pacis e risale al 1662 quando venne ricostruita. Originariamente era intestata a San Felice. Da sempre unita a Santa Giustina, nel 1919 fu eretta in parrocchia e consacrata nel giugno dello stesso anno. Custodisce tre dipinti probabilmente di fattura seicentesca\u201d. Il settimanale \u201cDomenica\u201d della Diocesi di Belluno-Feltre, diretto dal vescovo emerito Giuseppe Andrich, nel pi\u00f9 recente numero ricorda che domenica 9 giugno, giorno di Pentecoste, ricorre l\u2019anniversario della dedicazione (spostata a luned\u00ec per la coincidenza con la giornata festiva). Si tratta del centesimo, e per l\u2019occasione sar\u00e0 il vescovo monsignor Renato Marangoni a presiedere la concelebrazione della messa delle 16 con il parroco don Luigi Calvi, a coronamento di una serie di iniziative che erano partite fin dal Natale scorso e che si concluderanno con l\u2019inaugurazione di una mostra fotografica sulla vecchia Meano e con un concerto. Torniamo al libro \u201cSanta Giustina\u201d perch\u00e9 nell\u2019interessante capitolo \u201cAlcuni dipinti nel territorio di Santa Giustina\u201d, curato dallo storico prof. Sergio Claut, si pu\u00f2 leggere fra l\u2019altro: \u201cIl dipinto dell\u2019altar maggiore pare opera di Giovanni Fossa (Belluno 1645 -1732) per confronto con la pala nella chiesa di San Lorenzo a Modolo di Castion del 1684, mentre quello di sinistra nella navata spetta al pittore Agostino Ridolfi (Belluno 1646-1727). Convenzionale il primo, con due piani raffigurativi ben separati dove posano melensi personaggi, riscattati soltanto dal profilo arguto della Madonna che volge repentinamente il capo. Meglio costruito il secondo, con un\u2019impaginazione semicircolare ascendente e centrata sulla figuretta di Ges\u00f9 bambino che si offre allo sguardo scrutatore di Sant\u2019 Antonio. A dire il vero i due francescani non sembrano ispirare propriamente santit\u00e0, perch\u00e9 l\u2019espressione dei loro volti \u00e8 terragna e ben poco serafica\u2026 La terza opera sull\u2019altare di destra in navata si presta a considerazioni interessanti e tali da innestare la produzione artistica locale dentro un ambito pi\u00f9 articolato ed importante. Infatti il Sant\u2019Antonio con Ges\u00f9 e angeli \u00e8 una copia tratta dalla Nativit\u00e0 con Sant\u2019Antonio, dipinta da Luca Giordano (Napoli 1634-1705) per la chiesa dello Spirito Santo a Venezia attorno al 1653 ed ora conservata nel Seminario di Venegono Inferiore per deposito dell\u2019Accademia di Brera a Milano\u201d.<\/p>\n<p>NELLE FOTO (Parrocchia su Fecebook e riproduzioni dal libro Santa Giustina edito dal Comune bellunese): esterni della chiesa di Meano; tre dipinti sugli altari all\u2019interno dell\u2019edificio sacro.<\/p>\n\n\t\t\t<style type='text\/css'>\n\t\t\t\t#gallery-1 {\n\t\t\t\t\tmargin: auto;\n\t\t\t\t}\n\t\t\t\t#gallery-1 .gallery-item {\n\t\t\t\t\tfloat: left;\n\t\t\t\t\tmargin-top: 10px;\n\t\t\t\t\ttext-align: center;\n\t\t\t\t\twidth: 33%;\n\t\t\t\t}\n\t\t\t\t#gallery-1 img {\n\t\t\t\t\tborder: 2px solid #cfcfcf;\n\t\t\t\t}\n\t\t\t\t#gallery-1 .gallery-caption {\n\t\t\t\t\tmargin-left: 0;\n\t\t\t\t}\n\t\t\t\t\/* see gallery_shortcode() in wp-includes\/media.php *\/\n\t\t\t<\/style>\n\t\t<div id='gallery-1' class='dt-gallery-container gallery galleryid-87736 gallery-columns-3 gallery-size-thumbnail'><dl class='gallery-item'>\n\t\t\t\t<dt class='gallery-icon landscape'>\n\t\t\t\t\t<a class=\"rollover\" href='https:\/\/www.radiopiu.net\/wordpress\/cento-anni-per-la-chiesa-di-meano-a-santa-giustina-di-renato-bona\/62528293_756963091372761_158358334716510208_n\/'><img loading=\"lazy\" decoding=\"async\" width=\"150\" height=\"150\" src=\"https:\/\/www.radiopiu.net\/wordpress\/wp-content\/uploads\/2019\/06\/62528293_756963091372761_158358334716510208_n-150x150.jpg\" class=\"attachment-thumbnail size-thumbnail\" alt=\"\" \/><\/a>\n\t\t\t\t<\/dt><\/dl><dl class='gallery-item'>\n\t\t\t\t<dt class='gallery-icon portrait'>\n\t\t\t\t\t<a class=\"rollover\" href='https:\/\/www.radiopiu.net\/wordpress\/cento-anni-per-la-chiesa-di-meano-a-santa-giustina-di-renato-bona\/62091754_447101836077299_7767684668211593216_n\/'><img loading=\"lazy\" decoding=\"async\" width=\"150\" height=\"150\" src=\"https:\/\/www.radiopiu.net\/wordpress\/wp-content\/uploads\/2019\/06\/62091754_447101836077299_7767684668211593216_n-150x150.jpg\" class=\"attachment-thumbnail size-thumbnail\" alt=\"\" \/><\/a>\n\t\t\t\t<\/dt><\/dl><dl class='gallery-item'>\n\t\t\t\t<dt class='gallery-icon portrait'>\n\t\t\t\t\t<a class=\"rollover\" href='https:\/\/www.radiopiu.net\/wordpress\/cento-anni-per-la-chiesa-di-meano-a-santa-giustina-di-renato-bona\/62053048_627627864315207_1736150734526742528_n\/'><img loading=\"lazy\" decoding=\"async\" width=\"150\" height=\"150\" src=\"https:\/\/www.radiopiu.net\/wordpress\/wp-content\/uploads\/2019\/06\/62053048_627627864315207_1736150734526742528_n-150x150.jpg\" class=\"attachment-thumbnail size-thumbnail\" alt=\"\" \/><\/a>\n\t\t\t\t<\/dt><\/dl><br style=\"clear: both\" \/><dl class='gallery-item'>\n\t\t\t\t<dt class='gallery-icon portrait'>\n\t\t\t\t\t<a class=\"rollover\" href='https:\/\/www.radiopiu.net\/wordpress\/cento-anni-per-la-chiesa-di-meano-a-santa-giustina-di-renato-bona\/61956807_992514017619275_3344054982545506304_n\/'><img loading=\"lazy\" decoding=\"async\" width=\"150\" height=\"150\" src=\"https:\/\/www.radiopiu.net\/wordpress\/wp-content\/uploads\/2019\/06\/61956807_992514017619275_3344054982545506304_n-150x150.jpg\" class=\"attachment-thumbnail size-thumbnail\" alt=\"\" \/><\/a>\n\t\t\t\t<\/dt><\/dl><dl class='gallery-item'>\n\t\t\t\t<dt class='gallery-icon portrait'>\n\t\t\t\t\t<a class=\"rollover\" href='https:\/\/www.radiopiu.net\/wordpress\/cento-anni-per-la-chiesa-di-meano-a-santa-giustina-di-renato-bona\/62077712_676532852782297_8381962826599628800_n\/'><img loading=\"lazy\" decoding=\"async\" width=\"150\" height=\"150\" src=\"https:\/\/www.radiopiu.net\/wordpress\/wp-content\/uploads\/2019\/06\/62077712_676532852782297_8381962826599628800_n-150x150.jpg\" class=\"attachment-thumbnail size-thumbnail\" alt=\"\" \/><\/a>\n\t\t\t\t<\/dt><\/dl>\n\t\t\t\t<br style='clear: both' \/>\n\t\t\t<\/div>\n\n<p>&nbsp;<\/p>\n<p>&nbsp;<\/p>\n","protected":false},"excerpt":{"rendered":"<p>\u201cTra gli atti dell\u2019archivio vescovile troviamo, in data 10 aprile 1632, una domanda di Antonio Viecel, Zuanne Viecel e Battista Marsango da Mean a nome anche di Zussan e Calibac di avere tutte le feste e domeniche la S. Messa nella Chiesa di S. Felice de Mean, eleggendo per sacerdote Jeronimo Tibola della villa di&hellip;<\/p>\n","protected":false},"author":1,"featured_media":87737,"comment_status":"closed","ping_status":"closed","sticky":false,"template":"","format":"standard","meta":{"_monsterinsights_skip_tracking":false,"_monsterinsights_sitenote_active":false,"_monsterinsights_sitenote_note":"","_monsterinsights_sitenote_category":0,"footnotes":""},"categories":[49,84],"tags":[],"class_list":["post-87736","post","type-post","status-publish","format-standard","has-post-thumbnail","hentry","category-news-18","category-speciali","category-49","category-84","description-off"],"img_url":"https:\/\/www.radiopiu.net\/wordpress\/wp-content\/uploads\/2019\/06\/62091754_447101836077299_7767684668211593216_n.jpg","_links":{"self":[{"href":"https:\/\/www.radiopiu.net\/wordpress\/wp-json\/wp\/v2\/posts\/87736","targetHints":{"allow":["GET"]}}],"collection":[{"href":"https:\/\/www.radiopiu.net\/wordpress\/wp-json\/wp\/v2\/posts"}],"about":[{"href":"https:\/\/www.radiopiu.net\/wordpress\/wp-json\/wp\/v2\/types\/post"}],"author":[{"embeddable":true,"href":"https:\/\/www.radiopiu.net\/wordpress\/wp-json\/wp\/v2\/users\/1"}],"replies":[{"embeddable":true,"href":"https:\/\/www.radiopiu.net\/wordpress\/wp-json\/wp\/v2\/comments?post=87736"}],"version-history":[{"count":0,"href":"https:\/\/www.radiopiu.net\/wordpress\/wp-json\/wp\/v2\/posts\/87736\/revisions"}],"wp:featuredmedia":[{"embeddable":true,"href":"https:\/\/www.radiopiu.net\/wordpress\/wp-json\/wp\/v2\/media\/87737"}],"wp:attachment":[{"href":"https:\/\/www.radiopiu.net\/wordpress\/wp-json\/wp\/v2\/media?parent=87736"}],"wp:term":[{"taxonomy":"category","embeddable":true,"href":"https:\/\/www.radiopiu.net\/wordpress\/wp-json\/wp\/v2\/categories?post=87736"},{"taxonomy":"post_tag","embeddable":true,"href":"https:\/\/www.radiopiu.net\/wordpress\/wp-json\/wp\/v2\/tags?post=87736"}],"curies":[{"name":"wp","href":"https:\/\/api.w.org\/{rel}","templated":true}]}}