{"id":87746,"date":"2019-06-08T06:29:27","date_gmt":"2019-06-08T04:29:27","guid":{"rendered":"http:\/\/www.radiopiu.net\/wordpress\/?p=87746"},"modified":"2019-06-10T06:08:32","modified_gmt":"2019-06-10T04:08:32","slug":"sapcortina-snobbata-ancora-una-volta-2","status":"publish","type":"post","link":"https:\/\/www.radiopiu.net\/wordpress\/sapcortina-snobbata-ancora-una-volta-2\/","title":{"rendered":"SAP:\u201dCORTINA SNOBBATA ANCORA UNA VOLTA"},"content":{"rendered":"<blockquote><p><em>Polizia, rinforzi estivi per il Commissariato: \u201c3 soli agenti, per 1 solo mese\u201d<\/em><\/p><\/blockquote>\n<p><strong><a class=\"dt-pswp-item\" href=\"http:\/\/www.radiopiu.net\/wordpress\/wp-content\/uploads\/2019\/05\/POLIZIAI.jpg\" data-dt-img-description=\"\" data-large_image_width=\"200\" data-large_image_height=\"200\"><img loading=\"lazy\" decoding=\"async\" class=\"size-full wp-image-85743 alignleft\" src=\"http:\/\/www.radiopiu.net\/wordpress\/wp-content\/uploads\/2019\/05\/POLIZIAI.jpg\" alt=\"\" width=\"200\" height=\"200\" srcset=\"https:\/\/www.radiopiu.net\/wordpress\/wp-content\/uploads\/2019\/05\/POLIZIAI.jpg 200w, https:\/\/www.radiopiu.net\/wordpress\/wp-content\/uploads\/2019\/05\/POLIZIAI-150x150.jpg 150w\" sizes=\"auto, (max-width: 200px) 100vw, 200px\" \/><\/a>BELLUNO<\/strong> Confermati anche quest\u2019anno i rinforzi estivi per il Commissariato di Cortina d\u2019Ampezzo: 3 poliziotti, provenienti dagli uffici ministeriali, saranno aggregati al Commissariato ampezzano per un mese, dal 19 luglio al 19 agosto \u2013 fa sapere il Sap (Sindacato Autonomo di Polizia). E\u2019 quanto emerge dal piano di potenziamento dei servizi di vigilanza per la stagione estiva reso noto ieri (06.06.) dal Dipartimento. Invariato quindi il dispositivo di rinforzo (3 agenti) ma ad essere variato nel frattempo \u2013 afferma il Sap di Belluno \u2013 \u00e8 il numero dell\u2019organico effettivo che dal 2013 (primo anno in cui Cortina \u00e8 stata inserita tra le localit\u00e0 turistiche per le quali viene predisposto un potenziamento dei servizi di vigilanza nella stagione estiva) ad oggi \u00e8 diminuito di 5 unit\u00e0. Quindi nulla di nuovo su questo fronte, anzi, in perfetto ossequio al motto tanto caro all\u2019attuale Capo della Polizia: \u201cbisogna fare meglio con meno\u201d. E ancora una volta &#8211; anche quest\u2019anno &#8211; alla faccia di quelli che gongolavano dopo la visita bellunese di due anni fa del Prefetto Gabrielli, dichiarandosi entusiasti per l\u2019apprezzamento espresso relativamente a loro peculiari rivendicazioni quali l\u2019insostenibilit\u00e0 delle aggregazioni ad altre sedi ed il principio di reciprocit\u00e0 per il subentro di rinforzi adeguati stagionali per l\u2019intera stagione turistica \u2013 prosegue il Sap, che riferisce poi: \u201cConfermata anche la riduzione del periodo di aggregazione per gli operatori di rinforzo: 32 giorni come l\u2019anno scorso e come nel 2017, a fronte dei 48 giorni del 2013 (8 luglio-24 agosto), dei 57 del 2014-2015 (6 luglio-31 agosto) e dei 46 del 2016 (11 luglio-25 agosto)\u201d.<br \/>\n3 agenti in pi\u00f9 quindi, per un solo mese e nemmeno sufficienti a garantire con il restante personale una Volante per turno, che oramai l\u2019esiguit\u00e0 d\u2019organico del Commissariato non permette pi\u00f9 da tempo di assicurare con continuit\u00e0 durante tutto l\u2019arco dell\u2019anno. E che un Commissariato di P.S. non riesca a garantire con continuit\u00e0 una Volante per turno, \u00e8 veramente vergognoso. Emblematico il dato relativo all\u2019intero 2018: su 1460 servizi di Volante previsti (ovvero 4 al giorno e cio\u00e8 1 per turno) ne sono stati effettuati 317. Quest\u2019anno, da gennaio a maggio su 604 ne sono stati effettuati 116.<\/p>\n<blockquote><p><em>Quindi &#8211; conclude il Sap bellunese &#8211; passiamo dalla soddisfazione dei giorni scorsi per il piano dei potenziamenti di personale &#8211; con l\u2019arrivo di 25 nuovi poliziotti tra Questura e Commissariato nel periodo luglio 2019\/aprile 2020 &#8211; al totale disappunto odierno per questo piano dei rinforzi estivi, ancora una volta ridicolo. Ma evidentemente non la pensa cos\u00ec chi oggi al Dipartimento &#8211; al di l\u00e0 della politica &#8211; ancora decide.<\/em><\/p><\/blockquote>\n","protected":false},"excerpt":{"rendered":"<p>Polizia, rinforzi estivi per il Commissariato: \u201c3 soli agenti, per 1 solo mese\u201d BELLUNO Confermati anche quest\u2019anno i rinforzi estivi per il Commissariato di Cortina d\u2019Ampezzo: 3 poliziotti, provenienti dagli uffici ministeriali, saranno aggregati al Commissariato ampezzano per un mese, dal 19 luglio al 19 agosto \u2013 fa sapere il Sap (Sindacato Autonomo di Polizia).&hellip;<\/p>\n","protected":false},"author":1,"featured_media":85743,"comment_status":"closed","ping_status":"closed","sticky":false,"template":"","format":"standard","meta":{"_monsterinsights_skip_tracking":false,"_monsterinsights_sitenote_active":false,"_monsterinsights_sitenote_note":"","_monsterinsights_sitenote_category":0,"footnotes":""},"categories":[51,49],"tags":[],"class_list":["post-87746","post","type-post","status-publish","format-standard","has-post-thumbnail","hentry","category-evidenza-top","category-news-18","category-51","category-49","description-off"],"img_url":"https:\/\/www.radiopiu.net\/wordpress\/wp-content\/uploads\/2019\/05\/POLIZIAI.jpg","_links":{"self":[{"href":"https:\/\/www.radiopiu.net\/wordpress\/wp-json\/wp\/v2\/posts\/87746","targetHints":{"allow":["GET"]}}],"collection":[{"href":"https:\/\/www.radiopiu.net\/wordpress\/wp-json\/wp\/v2\/posts"}],"about":[{"href":"https:\/\/www.radiopiu.net\/wordpress\/wp-json\/wp\/v2\/types\/post"}],"author":[{"embeddable":true,"href":"https:\/\/www.radiopiu.net\/wordpress\/wp-json\/wp\/v2\/users\/1"}],"replies":[{"embeddable":true,"href":"https:\/\/www.radiopiu.net\/wordpress\/wp-json\/wp\/v2\/comments?post=87746"}],"version-history":[{"count":0,"href":"https:\/\/www.radiopiu.net\/wordpress\/wp-json\/wp\/v2\/posts\/87746\/revisions"}],"wp:featuredmedia":[{"embeddable":true,"href":"https:\/\/www.radiopiu.net\/wordpress\/wp-json\/wp\/v2\/media\/85743"}],"wp:attachment":[{"href":"https:\/\/www.radiopiu.net\/wordpress\/wp-json\/wp\/v2\/media?parent=87746"}],"wp:term":[{"taxonomy":"category","embeddable":true,"href":"https:\/\/www.radiopiu.net\/wordpress\/wp-json\/wp\/v2\/categories?post=87746"},{"taxonomy":"post_tag","embeddable":true,"href":"https:\/\/www.radiopiu.net\/wordpress\/wp-json\/wp\/v2\/tags?post=87746"}],"curies":[{"name":"wp","href":"https:\/\/api.w.org\/{rel}","templated":true}]}}