{"id":87838,"date":"2019-06-10T05:53:31","date_gmt":"2019-06-10T03:53:31","guid":{"rendered":"http:\/\/www.radiopiu.net\/wordpress\/?p=87838"},"modified":"2019-06-10T08:38:47","modified_gmt":"2019-06-10T06:38:47","slug":"giornale-radiopiu-10-giugno-2019-direttore-mirko-mezzacasa","status":"publish","type":"post","link":"https:\/\/www.radiopiu.net\/wordpress\/giornale-radiopiu-10-giugno-2019-direttore-mirko-mezzacasa\/","title":{"rendered":"GIORNALE RADIOPIU 10 GIUGNO 2019 DIRETTORE MIRKO MEZZACASA"},"content":{"rendered":"<h2><\/h2>\n<p><strong>Giornata impegnativa<\/strong> per vigili del fuoco, soccorso alpino e forze di polizia nel primo vero settimana estivo. A Cancia di Borca di Cadore due le persone evacuate e una donna intossicata \u00e8 il bilancio dell&#8217;incendio che ha distrutto tetto e mansarda di un&#8217;abitazione ora dichiarata inagibile. L&#8217;incendio a mezzogiorno ed \u00e8 servita un&#8217;intera giornata per spegnere anche gli ultimi focolai. Un altro incendio simile si era verificato nella stessa abitazione 6 anni fa, sulle cause indagano i Carabinieri. <strong>Grave incidente a Mel,<\/strong> padre e figlio finiscono all&#8217;ospedale, entrambi viaggaivano sulla moto entrata in collisione con un&#8217;auto lungo la sinistra Piave. \u00a0Inevitabile l&#8217;impatto tra la Mercedes classe A e la moto guidata da M.P.,49 anni di Castelfranco. L&#8217;incidente si \u00e8 verificato alle 18.30 circa, proprio di fronte alla stazione dei carabinieri di Mel, che si sono occupati di effettuare i rilievi. Padre e figlio sono stati portati all&#8217;ospedale di Feltre in ambulanza per gli accertamenti e le cure del caso. Sul posto sono intervenuti anche i Vigili del fuoco di Belluno.\u00a0 <strong>Difficile recupero nella notte<\/strong> per due alpinisti autriaci bloccati sulla Tre Cime di Lavaredo, il Soccorso Alpino \u00e8 intervenuto nella notte, non mancano i consigli alla prudenza per la presenza di tanta neve in quota, a volte meglio rinunciare all&#8217;impresa che rischiare la propria vita e mettere a repentaglio quella altrui.<strong> Riecco il maltempo<\/strong> con corollario di allarmi, si teme per la frana di Schiucaz e il Centro di protezione civile della Regione ha diramato ieri un avviso di criticit\u00e0 idrogeologica per l&#8217;Alto Piave e la provincia di Belluno\u00a0 fino a domani alle 14<strong>. Lunedi ricco di sport, oggi gli speciali alla radio sul campionato agordino di calcio (terza giornata), 4 Rally Dolomiti ad Agordo con la vittoria di Bernardi e Signor e Luca Cagnati ai mondiali di trail in Portogallo.<\/strong><\/p>\n<p><a class=\"dt-pswp-item\" href=\"http:\/\/www.radiopiu.net\/wordpress\/wp-content\/uploads\/2019\/06\/photo_2019-06-09_18-50-15logo-1.jpg\" data-dt-img-description=\"\" data-large_image_width=\"1280\" data-large_image_height=\"960\"><img loading=\"lazy\" decoding=\"async\" class=\"alignnone wp-image-87876\" src=\"http:\/\/www.radiopiu.net\/wordpress\/wp-content\/uploads\/2019\/06\/photo_2019-06-09_18-50-15logo-1-300x225.jpg\" alt=\"\" width=\"141\" height=\"106\" srcset=\"https:\/\/www.radiopiu.net\/wordpress\/wp-content\/uploads\/2019\/06\/photo_2019-06-09_18-50-15logo-1-300x225.jpg 300w, https:\/\/www.radiopiu.net\/wordpress\/wp-content\/uploads\/2019\/06\/photo_2019-06-09_18-50-15logo-1-768x576.jpg 768w, https:\/\/www.radiopiu.net\/wordpress\/wp-content\/uploads\/2019\/06\/photo_2019-06-09_18-50-15logo-1-1024x768.jpg 1024w, https:\/\/www.radiopiu.net\/wordpress\/wp-content\/uploads\/2019\/06\/photo_2019-06-09_18-50-15logo-1.jpg 1280w\" sizes=\"auto, (max-width: 141px) 100vw, 141px\" \/><\/a><a class=\"dt-pswp-item\" href=\"http:\/\/www.radiopiu.net\/wordpress\/wp-content\/uploads\/2019\/06\/IMG-20190608-WA0017.jpg\" data-dt-img-description=\"\" data-large_image_width=\"1600\" data-large_image_height=\"900\"><img loading=\"lazy\" decoding=\"async\" class=\"alignnone wp-image-87852\" src=\"http:\/\/www.radiopiu.net\/wordpress\/wp-content\/uploads\/2019\/06\/IMG-20190608-WA0017-300x169.jpg\" alt=\"\" width=\"190\" height=\"108\" srcset=\"https:\/\/www.radiopiu.net\/wordpress\/wp-content\/uploads\/2019\/06\/IMG-20190608-WA0017-300x169.jpg 300w, https:\/\/www.radiopiu.net\/wordpress\/wp-content\/uploads\/2019\/06\/IMG-20190608-WA0017-768x432.jpg 768w, https:\/\/www.radiopiu.net\/wordpress\/wp-content\/uploads\/2019\/06\/IMG-20190608-WA0017-1024x576.jpg 1024w, https:\/\/www.radiopiu.net\/wordpress\/wp-content\/uploads\/2019\/06\/IMG-20190608-WA0017.jpg 1600w\" sizes=\"auto, (max-width: 190px) 100vw, 190px\" \/><\/a><a class=\"dt-pswp-item\" href=\"http:\/\/www.radiopiu.net\/wordpress\/wp-content\/uploads\/2019\/06\/e4942d3a-9a19-4642-890e-4f881ea6f389.jpg\" data-dt-img-description=\"\" data-large_image_width=\"1280\" data-large_image_height=\"960\"><img loading=\"lazy\" decoding=\"async\" class=\"alignnone wp-image-87794\" src=\"http:\/\/www.radiopiu.net\/wordpress\/wp-content\/uploads\/2019\/06\/e4942d3a-9a19-4642-890e-4f881ea6f389-300x225.jpg\" alt=\"\" width=\"142\" height=\"107\" srcset=\"https:\/\/www.radiopiu.net\/wordpress\/wp-content\/uploads\/2019\/06\/e4942d3a-9a19-4642-890e-4f881ea6f389-300x225.jpg 300w, https:\/\/www.radiopiu.net\/wordpress\/wp-content\/uploads\/2019\/06\/e4942d3a-9a19-4642-890e-4f881ea6f389-768x576.jpg 768w, https:\/\/www.radiopiu.net\/wordpress\/wp-content\/uploads\/2019\/06\/e4942d3a-9a19-4642-890e-4f881ea6f389-1024x768.jpg 1024w, https:\/\/www.radiopiu.net\/wordpress\/wp-content\/uploads\/2019\/06\/e4942d3a-9a19-4642-890e-4f881ea6f389.jpg 1280w\" sizes=\"auto, (max-width: 142px) 100vw, 142px\" \/><\/a><a class=\"dt-pswp-item\" href=\"http:\/\/www.radiopiu.net\/wordpress\/wp-content\/uploads\/2019\/06\/IMG-20190609-WA0001.jpg\" data-dt-img-description=\"\" data-large_image_width=\"1368\" data-large_image_height=\"765\"><img loading=\"lazy\" decoding=\"async\" class=\"alignnone wp-image-87788\" src=\"http:\/\/www.radiopiu.net\/wordpress\/wp-content\/uploads\/2019\/06\/IMG-20190609-WA0001-300x168.jpg\" alt=\"\" width=\"191\" height=\"106\" srcset=\"https:\/\/www.radiopiu.net\/wordpress\/wp-content\/uploads\/2019\/06\/IMG-20190609-WA0001-300x168.jpg 300w, https:\/\/www.radiopiu.net\/wordpress\/wp-content\/uploads\/2019\/06\/IMG-20190609-WA0001-768x429.jpg 768w, https:\/\/www.radiopiu.net\/wordpress\/wp-content\/uploads\/2019\/06\/IMG-20190609-WA0001-1024x573.jpg 1024w, https:\/\/www.radiopiu.net\/wordpress\/wp-content\/uploads\/2019\/06\/IMG-20190609-WA0001.jpg 1368w\" sizes=\"auto, (max-width: 191px) 100vw, 191px\" \/><\/a><\/p>\n<p>&nbsp;<\/p>\n<p>&nbsp;<\/p>\n<p>&nbsp;<\/p>\n<h2>LA SETTIMANA DEL SINDACO<\/h2>\n<p><strong>CONSIGLI COMUNALI E GIURAMENTO DEL SINDACO:<\/strong> Questa sera alle 18.30 Ezio Zuanel\u00a0 a La Valle Agordina, 20.30 Fabio Luchetta a Vallada; Domani alle 18.30 Andrea De Bernardin a Rocca Pietore. Mercoledi alle 20 Moreno De Val a San Tomaso; Giovedi alle 18.45 Roberto Chissale&#8217; ad Agordo; Venerdi alle 20 Silvia Tormen a Taibon.<\/p>\n<p>&nbsp;<\/p>\n<p>&nbsp;<\/p>\n<p>&nbsp;<\/p>\n<h2><\/h2>\n<h2>RIFLESSIONI IN MONTAGNA, DI CLAUDIO PRA<\/h2>\n<blockquote><p>Nonostante l\u2019ammirevole e mai troppo lodato lavoro per il ripristino della rete sentieristica che tanti volontari stanno conducendo sui nostri territori, l\u2019immane devastazione di Vaia \u00e8 ancora ben presente su molti tracciati. Ci vorr\u00e0 tempo e tanto altro sudore prima che tutto venga sistemato. Nel frattempo, con l\u2019apertura della stagione estiva, non \u00e8 infrequente ritrovarsi a quote medio basse in un labirinto di piante abbattute dove il passaggio, se non impossibile, risulta molto difficoltoso, faticoso e anche pericoloso. Raggiunta una cima o un posto in quota il panorama appare totalmente modificato, con amplissime zone marroncine disseminate tra il verde. Sono le migliaia di alberi abbattuti, che risaltano per contrasto molto pi\u00f9 di qualche mese fa. Un qualcosa a cui non si riesce a fare l\u2019abitudine e che lascia ogni volta stupiti<\/p><\/blockquote>\n<p><a class=\"dt-pswp-item\" href=\"http:\/\/www.radiopiu.net\/wordpress\/wp-content\/uploads\/2019\/06\/62262992_2339795003010638_8782885052879994880_n.jpg\" data-dt-img-description=\"\" data-large_image_width=\"960\" data-large_image_height=\"540\"><img loading=\"lazy\" decoding=\"async\" class=\"alignnone size-medium wp-image-87918\" src=\"http:\/\/www.radiopiu.net\/wordpress\/wp-content\/uploads\/2019\/06\/62262992_2339795003010638_8782885052879994880_n-300x169.jpg\" alt=\"\" width=\"300\" height=\"169\" srcset=\"https:\/\/www.radiopiu.net\/wordpress\/wp-content\/uploads\/2019\/06\/62262992_2339795003010638_8782885052879994880_n-300x169.jpg 300w, https:\/\/www.radiopiu.net\/wordpress\/wp-content\/uploads\/2019\/06\/62262992_2339795003010638_8782885052879994880_n-768x432.jpg 768w, https:\/\/www.radiopiu.net\/wordpress\/wp-content\/uploads\/2019\/06\/62262992_2339795003010638_8782885052879994880_n.jpg 960w\" sizes=\"auto, (max-width: 300px) 100vw, 300px\" \/><\/a><a class=\"dt-pswp-item\" href=\"http:\/\/www.radiopiu.net\/wordpress\/wp-content\/uploads\/2019\/06\/62536744_2339795159677289_1628286504948203520_n.jpg\" data-dt-img-description=\"\" data-large_image_width=\"960\" data-large_image_height=\"540\"><img loading=\"lazy\" decoding=\"async\" class=\"alignnone size-medium wp-image-87919\" src=\"http:\/\/www.radiopiu.net\/wordpress\/wp-content\/uploads\/2019\/06\/62536744_2339795159677289_1628286504948203520_n-300x169.jpg\" alt=\"\" width=\"300\" height=\"169\" srcset=\"https:\/\/www.radiopiu.net\/wordpress\/wp-content\/uploads\/2019\/06\/62536744_2339795159677289_1628286504948203520_n-300x169.jpg 300w, https:\/\/www.radiopiu.net\/wordpress\/wp-content\/uploads\/2019\/06\/62536744_2339795159677289_1628286504948203520_n-768x432.jpg 768w, https:\/\/www.radiopiu.net\/wordpress\/wp-content\/uploads\/2019\/06\/62536744_2339795159677289_1628286504948203520_n.jpg 960w\" sizes=\"auto, (max-width: 300px) 100vw, 300px\" \/><\/a><a class=\"dt-pswp-item\" href=\"http:\/\/www.radiopiu.net\/wordpress\/wp-content\/uploads\/2019\/06\/62105196_2339793939677411_1706161529109348352_n.jpg\" data-dt-img-description=\"\" data-large_image_width=\"960\" data-large_image_height=\"540\"><img loading=\"lazy\" decoding=\"async\" class=\"alignnone size-medium wp-image-87920\" src=\"http:\/\/www.radiopiu.net\/wordpress\/wp-content\/uploads\/2019\/06\/62105196_2339793939677411_1706161529109348352_n-300x169.jpg\" alt=\"\" width=\"300\" height=\"169\" srcset=\"https:\/\/www.radiopiu.net\/wordpress\/wp-content\/uploads\/2019\/06\/62105196_2339793939677411_1706161529109348352_n-300x169.jpg 300w, https:\/\/www.radiopiu.net\/wordpress\/wp-content\/uploads\/2019\/06\/62105196_2339793939677411_1706161529109348352_n-768x432.jpg 768w, https:\/\/www.radiopiu.net\/wordpress\/wp-content\/uploads\/2019\/06\/62105196_2339793939677411_1706161529109348352_n.jpg 960w\" sizes=\"auto, (max-width: 300px) 100vw, 300px\" \/><\/a><a class=\"dt-pswp-item\" href=\"http:\/\/www.radiopiu.net\/wordpress\/wp-content\/uploads\/2019\/06\/62451319_2339794126344059_3011439327730204672_n.jpg\" data-dt-img-description=\"\" data-large_image_width=\"960\" data-large_image_height=\"540\"><img loading=\"lazy\" decoding=\"async\" class=\"alignnone size-medium wp-image-87921\" src=\"http:\/\/www.radiopiu.net\/wordpress\/wp-content\/uploads\/2019\/06\/62451319_2339794126344059_3011439327730204672_n-300x169.jpg\" alt=\"\" width=\"300\" height=\"169\" srcset=\"https:\/\/www.radiopiu.net\/wordpress\/wp-content\/uploads\/2019\/06\/62451319_2339794126344059_3011439327730204672_n-300x169.jpg 300w, https:\/\/www.radiopiu.net\/wordpress\/wp-content\/uploads\/2019\/06\/62451319_2339794126344059_3011439327730204672_n-768x432.jpg 768w, https:\/\/www.radiopiu.net\/wordpress\/wp-content\/uploads\/2019\/06\/62451319_2339794126344059_3011439327730204672_n.jpg 960w\" sizes=\"auto, (max-width: 300px) 100vw, 300px\" \/><\/a><a class=\"dt-pswp-item\" href=\"http:\/\/www.radiopiu.net\/wordpress\/wp-content\/uploads\/2019\/06\/62030061_2339794379677367_6171770182176866304_n.jpg\" data-dt-img-description=\"\" data-large_image_width=\"960\" data-large_image_height=\"720\"><img loading=\"lazy\" decoding=\"async\" class=\"alignnone wp-image-87922\" src=\"http:\/\/www.radiopiu.net\/wordpress\/wp-content\/uploads\/2019\/06\/62030061_2339794379677367_6171770182176866304_n-300x225.jpg\" alt=\"\" width=\"231\" height=\"174\" srcset=\"https:\/\/www.radiopiu.net\/wordpress\/wp-content\/uploads\/2019\/06\/62030061_2339794379677367_6171770182176866304_n-300x225.jpg 300w, https:\/\/www.radiopiu.net\/wordpress\/wp-content\/uploads\/2019\/06\/62030061_2339794379677367_6171770182176866304_n-768x576.jpg 768w, https:\/\/www.radiopiu.net\/wordpress\/wp-content\/uploads\/2019\/06\/62030061_2339794379677367_6171770182176866304_n.jpg 960w\" sizes=\"auto, (max-width: 231px) 100vw, 231px\" \/><\/a><a class=\"dt-pswp-item\" href=\"http:\/\/www.radiopiu.net\/wordpress\/wp-content\/uploads\/2019\/06\/62070806_2339794723010666_5228538670406959104_n.jpg\" data-dt-img-description=\"\" data-large_image_width=\"960\" data-large_image_height=\"540\"><img loading=\"lazy\" decoding=\"async\" class=\"alignnone size-medium wp-image-87923\" src=\"http:\/\/www.radiopiu.net\/wordpress\/wp-content\/uploads\/2019\/06\/62070806_2339794723010666_5228538670406959104_n-300x169.jpg\" alt=\"\" width=\"300\" height=\"169\" srcset=\"https:\/\/www.radiopiu.net\/wordpress\/wp-content\/uploads\/2019\/06\/62070806_2339794723010666_5228538670406959104_n-300x169.jpg 300w, https:\/\/www.radiopiu.net\/wordpress\/wp-content\/uploads\/2019\/06\/62070806_2339794723010666_5228538670406959104_n-768x432.jpg 768w, https:\/\/www.radiopiu.net\/wordpress\/wp-content\/uploads\/2019\/06\/62070806_2339794723010666_5228538670406959104_n.jpg 960w\" sizes=\"auto, (max-width: 300px) 100vw, 300px\" \/><\/a><\/p>\n<p>&nbsp;<\/p>\n<p>&nbsp;<\/p>\n<p>&nbsp;<\/p>\n<p>&nbsp;<\/p>\n<p>&nbsp;<\/p>\n<p><strong>RIVAMONTE<\/strong> <span style=\"font-family: Arial, serif;\">\u00a0nelle localita&#8217; Miotte, Zenich, Mottes, Zep, Schena, Saret, Roste, Paluch, Gona di Conedera, Ponte Alto, Lonie e Santel l&#8217;acqua erogata dall&#8217;acquedotto non \u00e8 potabile e pu\u00f2 essere usata per scopi alimentari solo previa bollitura.<\/span><\/p>\n<p><strong>ROCCA PIETORE<\/strong> nelle localit\u00e0 Masar\u00e8, Badiot e Le Pale l&#8217;acqua erogata dall&#8217;acquedotto non \u00e8 potabile e pu\u00f2 essere usata per scopi alimentari solo previa bollitura.<\/p>\n<p><strong>SAN TOMASO<\/strong> In frazione La Costa di San Tomaso acqua non potabile, la prossima settimana \u00e8 previsto il prelievo di controllo.<\/p>\n<p><strong>GOSALDO<\/strong> Provinciale 3 Valle Imperina, localit\u00e0 Le Feste. Domani e mercoledi <span style=\"color: #ff0000;\">dalle 8 alle 18<\/span> interdizione al transito per lavori di messa in sicurezza del versante a monte.<\/p>\n<p><strong>LA VALLE<\/strong> Da oggi al 31 luglio (festivi e prefestivi esclusi) senso unico a seconda delle esigenze con semaforo o movieri lungo la regionale 203 agordina in localit\u00e0 La Muda<\/p>\n<p><strong>BELLUNO<\/strong> Ferrovia, chiude la tratta Feltre-Montebelluna: da\u00a0 ieri le corse sono garantite da pullman sostitutivi. Riapre il tratto Belluno-Calalzo e Belluno-Ponte.<\/p>\n<h2><\/h2>\n<p>&nbsp;<\/p>\n<p>&nbsp;<\/p>\n<p>&nbsp;<\/p>\n<h3><strong>METEO: NEL BELLUNESE PROBABILI ROVESCI E TEMPORALI<\/strong><\/h3>\n<p><strong>\u00a0<\/strong><strong>VENEZIA\u00a0<\/strong> Stato di attenzione nel Bellunese, e in particolare nel bacino dell\u2019Alto Piave, per rovesci e temporali a probabilit\u00e0 contenuta. Il Centro decentrato della Protezione civile del Veneto ha diramato l\u2019avviso di criticit\u00e0 idrogeologica, valido sino alle ore 14 di\u00a0 domani, per possibili precipitazioni intense nella zona dolomitica e rovesci e temporali nelle zone pedemontane. Si segnala, inoltre, la possibilit\u00e0 d&#8217;innesco di fenomeni franosi superficiali sui versanti e la possibilit\u00e0 di innesco di colate rapide specie nelle aree di frana del Bellunese gi\u00e0 oggetto di monitoraggio.<\/p>\n<p>&nbsp;<\/p>\n<p>&nbsp;<\/p>\n<p>&nbsp;<\/p>\n<h2>IMPEGNATIVO RECUPERO SULLE TRE CIME DI LAVAREDO<\/h2>\n<p><strong><a class=\"dt-pswp-item\" href=\"http:\/\/www.radiopiu.net\/wordpress\/wp-content\/uploads\/2019\/06\/IMG-20190609-WA0001.jpg\" data-dt-img-description=\"\" data-large_image_width=\"1368\" data-large_image_height=\"765\"><img loading=\"lazy\" decoding=\"async\" class=\"size-medium wp-image-87788 alignleft\" src=\"http:\/\/www.radiopiu.net\/wordpress\/wp-content\/uploads\/2019\/06\/IMG-20190609-WA0001-300x168.jpg\" alt=\"\" width=\"300\" height=\"168\" srcset=\"https:\/\/www.radiopiu.net\/wordpress\/wp-content\/uploads\/2019\/06\/IMG-20190609-WA0001-300x168.jpg 300w, https:\/\/www.radiopiu.net\/wordpress\/wp-content\/uploads\/2019\/06\/IMG-20190609-WA0001-768x429.jpg 768w, https:\/\/www.radiopiu.net\/wordpress\/wp-content\/uploads\/2019\/06\/IMG-20190609-WA0001-1024x573.jpg 1024w, https:\/\/www.radiopiu.net\/wordpress\/wp-content\/uploads\/2019\/06\/IMG-20190609-WA0001.jpg 1368w\" sizes=\"auto, (max-width: 300px) 100vw, 300px\" \/><\/a>AURONZO<\/strong> Ieri il Soccorso alpino di Auronzo di Cadore ha effettuato un recupero impegnativo sulla Piccolissima delle Tre Cime di Lavaredo, l&#8217;unica a non avere una via normale di accesso e caratterizzata unicamente da pareti strapiombanti, per cui, in caso di emergenza, l&#8217;unico modo di accedere alla cima \u00e8 il trasporto in quota con l&#8217;elicottero o, avendo tempo a disposizione, scalare una delle vie di IV e V grado. Attorno alle 18.30 la Centrale del 118 \u00e8 stata allertata per una coppia di alpinisti austriaci rimasti bloccati in un canale di roccia liscia, le corde incastrate durante la fase di rientro con le doppie a circa due tiri dalla base. Purtroppo l&#8217;avvicinamento dell&#8217;elicottero del Suem di Pieve di Cadore \u00e8 stato a lungo ostacolato dalla presenza di nubi basse. Finch\u00e9, poco prima della scadenza delle effemeridi, un varco nella nebbia ha permesso all&#8217;equipaggio di sbarcare sulla cime tre soccorritori, calandoli con un verricello di 50 metri. La squadra ha quindi attrezzato le doppie (7-8 in totale) e ha raggiunto la coppia, 31 anni lui, 28 anni lei, che aveva scalato la Via Preuss. I due rocciatori erano illesi, ma infreddoliti. Liberate le corde degli alpinisti, i soccorrirori hanno completato con loro la calata e sono rientrati assieme a piedi al Rifugio Lavaredo. Un&#8217;altra squadra era pronta a intervenire in supporto alle operazioni se necessario<\/p>\n<p>&nbsp;<\/p>\n<p>&nbsp;<\/p>\n<p>&nbsp;<\/p>\n<h2>ESCURSIONISTA IN DIFFICOLT\u00c0 PER GLI SCHIANTI<\/h2>\n<p><strong>PEDAVENA<\/strong>\u00a0 Alle 11.40 di sabato la Centrale del 118 ha allertato il Soccorso alpino di Feltre per un escursionista in difficolt\u00e0. Incamminatosi per una passeggiata da Pra de Gnela verso il Monte Avena, A.S., 78 anni, di Feltre (BL), si era trovato la strada forestale sbarrata dagli schianti seguiti al passaggio di Vaia. Dopo aver proseguito per un po&#8217;, l&#8217;uomo era tornato sui suoi passi, perdendo per\u00f2 l&#8217;orientamento e riuscendo con difficolt\u00e0, ormai sfinito dalla stanchezza, a ritrovare la strada. Una squadra si \u00e8 avvicinata in jeep per poi avanzare a piedi oltre gli alberi abbattuti, lo ha raggiunto e riaccompagnato alla macchina.<\/p>\n<h2><span style=\"color: #ff0000;\">INVITO ALLA PRUDENZA<\/span><\/h2>\n<p>Vi ricordiamo che dopo i danni che il territorio ha subito a seguito della tempesta Vaia e in relazione alla ultime nevicate che sono state particolarmente abbondanti, i consueti itinerari estivi possono essere gravati da notevoli difficolt\u00e0 durante il percorso per la presenza di alberi abbattuti, oltre che per la probabilit\u00e0 di frane e smottamenti che ostacolano la percorrenza dei sentieri. Il Suem e il Cnsas raccomandano prudenza e, prima di pianificare le escursioni, di informarsi sullo stato di percorribilit\u00e0 dei sentieri nelle sedi Cai e nelle Stazioni del Soccorso Alpino competenti per territorio, nei Rifugi e dalle Guide alpine. Eventuali informazioni possono essere richieste al Numero Verde Montagna Sicura 800.22.13.25<\/p>\n<p>&nbsp;<\/p>\n<p>&nbsp;<\/p>\n<p>&nbsp;<\/p>\n<h2><span class=\"Apple-style-span\">TRE CIME DI LAVAREDO: ADDESTRAMENTO CONGIUNTO SOCCORSO ALPINO E SAGF<\/span><\/h2>\n<p><a class=\"dt-pswp-item\" href=\"http:\/\/www.radiopiu.net\/wordpress\/wp-content\/uploads\/2019\/06\/IMG-20190608-WA0015.jpg\" data-dt-img-description=\"\" data-large_image_width=\"1416\" data-large_image_height=\"1062\"><img loading=\"lazy\" decoding=\"async\" class=\"alignnone size-thumbnail wp-image-87848\" src=\"http:\/\/www.radiopiu.net\/wordpress\/wp-content\/uploads\/2019\/06\/IMG-20190608-WA0015-150x150.jpg\" alt=\"\" width=\"150\" height=\"150\" \/><\/a><a class=\"dt-pswp-item\" href=\"http:\/\/www.radiopiu.net\/wordpress\/wp-content\/uploads\/2019\/06\/IMG-20190608-WA0019.jpg\" data-dt-img-description=\"\" data-large_image_width=\"1416\" data-large_image_height=\"1062\"><img loading=\"lazy\" decoding=\"async\" class=\"alignnone wp-image-87849\" src=\"http:\/\/www.radiopiu.net\/wordpress\/wp-content\/uploads\/2019\/06\/IMG-20190608-WA0019-300x225.jpg\" alt=\"\" width=\"200\" height=\"150\" srcset=\"https:\/\/www.radiopiu.net\/wordpress\/wp-content\/uploads\/2019\/06\/IMG-20190608-WA0019-300x225.jpg 300w, https:\/\/www.radiopiu.net\/wordpress\/wp-content\/uploads\/2019\/06\/IMG-20190608-WA0019-768x576.jpg 768w, https:\/\/www.radiopiu.net\/wordpress\/wp-content\/uploads\/2019\/06\/IMG-20190608-WA0019-1024x768.jpg 1024w, https:\/\/www.radiopiu.net\/wordpress\/wp-content\/uploads\/2019\/06\/IMG-20190608-WA0019.jpg 1416w\" sizes=\"auto, (max-width: 200px) 100vw, 200px\" \/><\/a><a class=\"dt-pswp-item\" href=\"http:\/\/www.radiopiu.net\/wordpress\/wp-content\/uploads\/2019\/06\/IMG-20190608-WA0018.jpg\" data-dt-img-description=\"\" data-large_image_width=\"1600\" data-large_image_height=\"900\"><img loading=\"lazy\" decoding=\"async\" class=\"alignnone wp-image-87850\" src=\"http:\/\/www.radiopiu.net\/wordpress\/wp-content\/uploads\/2019\/06\/IMG-20190608-WA0018-300x169.jpg\" alt=\"\" width=\"268\" height=\"151\" srcset=\"https:\/\/www.radiopiu.net\/wordpress\/wp-content\/uploads\/2019\/06\/IMG-20190608-WA0018-300x169.jpg 300w, https:\/\/www.radiopiu.net\/wordpress\/wp-content\/uploads\/2019\/06\/IMG-20190608-WA0018-768x432.jpg 768w, https:\/\/www.radiopiu.net\/wordpress\/wp-content\/uploads\/2019\/06\/IMG-20190608-WA0018-1024x576.jpg 1024w, https:\/\/www.radiopiu.net\/wordpress\/wp-content\/uploads\/2019\/06\/IMG-20190608-WA0018.jpg 1600w\" sizes=\"auto, (max-width: 268px) 100vw, 268px\" \/><\/a><a class=\"dt-pswp-item\" href=\"http:\/\/www.radiopiu.net\/wordpress\/wp-content\/uploads\/2019\/06\/IMG-20190608-WA0016.jpg\" data-dt-img-description=\"\" data-large_image_width=\"1600\" data-large_image_height=\"900\"><img loading=\"lazy\" decoding=\"async\" class=\"alignnone wp-image-87851\" src=\"http:\/\/www.radiopiu.net\/wordpress\/wp-content\/uploads\/2019\/06\/IMG-20190608-WA0016-300x169.jpg\" alt=\"\" width=\"264\" height=\"149\" srcset=\"https:\/\/www.radiopiu.net\/wordpress\/wp-content\/uploads\/2019\/06\/IMG-20190608-WA0016-300x169.jpg 300w, https:\/\/www.radiopiu.net\/wordpress\/wp-content\/uploads\/2019\/06\/IMG-20190608-WA0016-768x432.jpg 768w, https:\/\/www.radiopiu.net\/wordpress\/wp-content\/uploads\/2019\/06\/IMG-20190608-WA0016-1024x576.jpg 1024w, https:\/\/www.radiopiu.net\/wordpress\/wp-content\/uploads\/2019\/06\/IMG-20190608-WA0016.jpg 1600w\" sizes=\"auto, (max-width: 264px) 100vw, 264px\" \/><\/a><a class=\"dt-pswp-item\" href=\"http:\/\/www.radiopiu.net\/wordpress\/wp-content\/uploads\/2019\/06\/IMG-20190608-WA0017.jpg\" data-dt-img-description=\"\" data-large_image_width=\"1600\" data-large_image_height=\"900\"><img loading=\"lazy\" decoding=\"async\" class=\"alignnone size-thumbnail wp-image-87852\" src=\"http:\/\/www.radiopiu.net\/wordpress\/wp-content\/uploads\/2019\/06\/IMG-20190608-WA0017-150x150.jpg\" alt=\"\" width=\"150\" height=\"150\" \/><\/a><\/p>\n<div><strong>AURONZO\u00a0<\/strong> <span class=\"Apple-style-span\">In vista dell\u2019estate e dell\u2019aumento delle situazioni di emergenza in montagna, sabato mattina si \u00e8 svolta un\u2019importante esercitazione congiunta tra il Sasv, Soccorso alpino e speleologico del Veneto, e il Sagf, Soccorso alpino della Guardia di finanza di Auronzo di Cadore e Cortina d&#8217;Ampezzo, che suggella ancor pi\u00f9 la collaborazione tra le due realt\u00e0, ufficializzata dopo decenni di cooperazione nel 2015 dalla firma di un protocollo d\u2019intesa, che uniforma intenti e modalit\u00e0 operative. Teatro dell\u2019addestramento le Tre Cime di Lavaredo, meta turistica con migliaia di presenze quotidiane, dove per il terzo anno, Sagf (dal luned\u00ec al venerd\u00ec) e Sasv (il sabato e la domenica) garantiranno un presidio con proprio personale, immediatamente pronto a intervenire in aiuto di escursionisti in difficolt\u00e0 e per dare supporto in missioni pi\u00f9 complesse con l\u2019elicottero del Suem di Piave di Cadore. La base delle operazioni \u00e8 stata fissata al Rifugio Auronzo, punto di ritrovo per una trentina di soccorritori della Stazione del Soccorso alpino e del Sagf di Auronzo e Cortina, e di atterraggio dell\u2019elicottero AB 412 della Sezione Aerea della Guardia di Finanza di Bolzano. Dopo un briefing iniziale, i soccorritori sono stati elitrasportati nella zona del Cadin di Longeres, per procedere nella simulazione del recupero di una persona infortunatasi in un canale. I soccorritori, elitrasportati in quota, dopo aver allestito una teleferica tra due guglie hanno calato a met\u00e0 percorso un tecnico. Una volta provveduto all&#8217;imbarellamento, il ferito \u00e8 stato sollevato verso l&#8217;alto per concludere il suo spostamento fino al secondo sperone, da dove, con barella lecchese \u00e8 stato portato gi\u00f9 per essere infine recuperato dall&#8217;elicottero. \u201c\u00c8 stata \u00a0un\u2019esercitazione molto importante \u2013 ha sottolineato il comandante provinciale della Guardia di finanza Gaetano Giacchi \u2013 perch\u00e9 consente agli operatori di migliorare il coordinamento e la rapidit\u00e0 dei soccorsi, in un contesto ambientale bellissimo, ma impegnativo, frequentato da alpinisti provenienti da tutto il mondo. \u00c8 stata rafforzata la sinergia all&#8217;interno delle Stazioni Sagf di Cortina e Auronzo e tra Sagf e Sasv, con un addestramento su operazoni che non consentono improvvisazioni\u201d. \u201cE\u2019 fondamentale lavorare assieme \u2013 aggiunge il presidente del Sasv Rodolfo Selenati \u2013 per migliorare la reciproca conoscenza e l\u2019affiatamento di squadra e per acquisire la necessaria familiarit\u00e0 con tecniche operative identiche. Un rapporto collaborativo ormai consolidato come da protocollo\u201d. Hanno assistito alle manovre il prefetto di Belluno Francesco Esposito, Fabio Gidoni per la Regione Veneto, il sindaco Tatiana Pais Becher.<\/span><\/div>\n<blockquote>\n<div><\/div>\n<\/blockquote>\n<div><\/div>\n<div><\/div>\n<div><\/div>\n<div><\/div>\n<div><\/div>\n<blockquote><p>&nbsp;<\/p><\/blockquote>\n<h2>SPORT IN PIAZZA , PER CONOSCERE LO SPORT PER AVVICINARE I GIOVANI ALLE ASSOCIAZIONI SPORTIVE DEL TERRITORIO<\/h2>\n<p><strong>VIDEO DIRETTA RADIO PIU, MARCO GAZ.\u00a0<\/strong><\/p>\n<div id=\"fb-root\"><\/div>\n<p><script async=\"1\" defer=\"1\" crossorigin=\"anonymous\" src=\"https:\/\/connect.facebook.net\/it_IT\/sdk.js#xfbml=1&amp;version=v6.0\"><\/script><\/p>\n<div class=\"fb-video\" data-href=\"https:\/\/www.facebook.com\/marcobaghy\/videos\/10219157442510957\/\" data-width=\"1200\">\n<blockquote cite=\"https:\/\/www.facebook.com\/marcobaghy\/videos\/10219157442510957\/\" class=\"fb-xfbml-parse-ignore\"><p><a href=\"https:\/\/www.facebook.com\/marcobaghy\/videos\/10219157442510957\/\"><\/a><\/p>\n<p>SPORT IN PIAZZA AGORDO<\/p>\n<p>Pubblicato da <a href=\"https:\/\/www.facebook.com\/marcobaghy\">Marco Gaz<\/a> su Sabato 8 giugno 2019<\/p><\/blockquote>\n<\/div>\n<p><strong>LE CONCLUSIONI DI MARIA ROSA SALMAZO &#8220;Con il grazie all&#8217;Aics per il grande impegno&#8221;<\/strong><\/p>\n<audio class=\"wp-audio-shortcode\" id=\"audio-87838-1\" preload=\"none\" style=\"width: 100%;\" controls=\"controls\"><source type=\"audio\/mpeg\" src=\"http:\/\/www.radiopiu.net\/wordpress\/wp-content\/uploads\/2019\/06\/maria-rosa.mp3?_=1\" \/><a href=\"http:\/\/www.radiopiu.net\/wordpress\/wp-content\/uploads\/2019\/06\/maria-rosa.mp3\">http:\/\/www.radiopiu.net\/wordpress\/wp-content\/uploads\/2019\/06\/maria-rosa.mp3<\/a><\/audio>\n<blockquote><p>&nbsp;<\/p><\/blockquote>\n<h2><\/h2>\n<p>&nbsp;<\/p>\n<p>&nbsp;<\/p>\n<p>&nbsp;<\/p>\n<blockquote><p>&nbsp;<\/p><\/blockquote>\n<h2>NEL RICORDO DI MARIA LALI ZULIAN IL CONTRIBUTO ALLA PETTIROSSO AGORDINO, NELLA SFIDA VINCE IL &#8220;NOI&#8221;<\/h2>\n<p><strong>di GIANNI SANTOMASO<\/strong><\/p>\n<audio class=\"wp-audio-shortcode\" id=\"audio-87838-2\" preload=\"none\" style=\"width: 100%;\" controls=\"controls\"><source type=\"audio\/mpeg\" src=\"http:\/\/www.radiopiu.net\/wordpress\/wp-content\/uploads\/2019\/06\/GIANNNI-SU.mp3?_=2\" \/><a href=\"http:\/\/www.radiopiu.net\/wordpress\/wp-content\/uploads\/2019\/06\/GIANNNI-SU.mp3\">http:\/\/www.radiopiu.net\/wordpress\/wp-content\/uploads\/2019\/06\/GIANNNI-SU.mp3<\/a><\/audio>\n<p>CONCLUSIONI E RICORDI DI<\/p>\n<audio class=\"wp-audio-shortcode\" id=\"audio-87838-3\" preload=\"none\" style=\"width: 100%;\" controls=\"controls\"><source type=\"audio\/mpeg\" src=\"http:\/\/www.radiopiu.net\/wordpress\/wp-content\/uploads\/2019\/06\/Memorial-Maria-Lali-Zulian-06_06_19.mp3?_=3\" \/><a href=\"http:\/\/www.radiopiu.net\/wordpress\/wp-content\/uploads\/2019\/06\/Memorial-Maria-Lali-Zulian-06_06_19.mp3\">http:\/\/www.radiopiu.net\/wordpress\/wp-content\/uploads\/2019\/06\/Memorial-Maria-Lali-Zulian-06_06_19.mp3<\/a><\/audio>\n<p><strong>FOTO.<\/strong><\/p>\n<p><a class=\"dt-pswp-item\" href=\"http:\/\/www.radiopiu.net\/wordpress\/wp-content\/uploads\/2019\/06\/d91d4d99-9b26-468b-90fc-97df409b4075.jpg\" data-dt-img-description=\"\" data-large_image_width=\"1600\" data-large_image_height=\"901\"><img loading=\"lazy\" decoding=\"async\" class=\"alignnone size-thumbnail wp-image-87888\" src=\"http:\/\/www.radiopiu.net\/wordpress\/wp-content\/uploads\/2019\/06\/d91d4d99-9b26-468b-90fc-97df409b4075-150x150.jpg\" alt=\"\" width=\"150\" height=\"150\" \/><\/a><a class=\"dt-pswp-item\" href=\"http:\/\/www.radiopiu.net\/wordpress\/wp-content\/uploads\/2019\/06\/41adf155-7a12-4b7c-bd91-ef0c031a426a.jpg\" data-dt-img-description=\"\" data-large_image_width=\"1600\" data-large_image_height=\"901\"><img loading=\"lazy\" decoding=\"async\" class=\"alignnone size-thumbnail wp-image-87887\" src=\"http:\/\/www.radiopiu.net\/wordpress\/wp-content\/uploads\/2019\/06\/41adf155-7a12-4b7c-bd91-ef0c031a426a-150x150.jpg\" alt=\"\" width=\"150\" height=\"150\" \/><\/a><a class=\"dt-pswp-item\" href=\"http:\/\/www.radiopiu.net\/wordpress\/wp-content\/uploads\/2019\/06\/e5998dd5-1716-4067-b280-be975965290a.jpg\" data-dt-img-description=\"\" data-large_image_width=\"1600\" data-large_image_height=\"901\"><img loading=\"lazy\" decoding=\"async\" class=\"alignnone size-thumbnail wp-image-87886\" src=\"http:\/\/www.radiopiu.net\/wordpress\/wp-content\/uploads\/2019\/06\/e5998dd5-1716-4067-b280-be975965290a-150x150.jpg\" alt=\"\" width=\"150\" height=\"150\" \/><\/a><a class=\"dt-pswp-item\" href=\"http:\/\/www.radiopiu.net\/wordpress\/wp-content\/uploads\/2019\/06\/4070c617-5558-4847-9500-3d06f809e98e.jpg\" data-dt-img-description=\"\" data-large_image_width=\"1600\" data-large_image_height=\"901\"><img loading=\"lazy\" decoding=\"async\" class=\"alignnone size-thumbnail wp-image-87885\" src=\"http:\/\/www.radiopiu.net\/wordpress\/wp-content\/uploads\/2019\/06\/4070c617-5558-4847-9500-3d06f809e98e-150x150.jpg\" alt=\"\" width=\"150\" height=\"150\" \/><\/a><a class=\"dt-pswp-item\" href=\"http:\/\/www.radiopiu.net\/wordpress\/wp-content\/uploads\/2019\/06\/9653c773-4ddf-488c-bc45-6dcde746d2b1.jpg\" data-dt-img-description=\"\" data-large_image_width=\"1600\" data-large_image_height=\"901\"><img loading=\"lazy\" decoding=\"async\" class=\"alignnone size-thumbnail wp-image-87884\" src=\"http:\/\/www.radiopiu.net\/wordpress\/wp-content\/uploads\/2019\/06\/9653c773-4ddf-488c-bc45-6dcde746d2b1-150x150.jpg\" alt=\"\" width=\"150\" height=\"150\" \/><\/a><a class=\"dt-pswp-item\" href=\"http:\/\/www.radiopiu.net\/wordpress\/wp-content\/uploads\/2019\/06\/d883b8fa-1b19-47aa-920a-2b35367f3dc5.jpg\" data-dt-img-description=\"\" data-large_image_width=\"1600\" data-large_image_height=\"901\"><img loading=\"lazy\" decoding=\"async\" class=\"alignnone size-thumbnail wp-image-87883\" src=\"http:\/\/www.radiopiu.net\/wordpress\/wp-content\/uploads\/2019\/06\/d883b8fa-1b19-47aa-920a-2b35367f3dc5-150x150.jpg\" alt=\"\" width=\"150\" height=\"150\" \/><\/a><a class=\"dt-pswp-item\" href=\"http:\/\/www.radiopiu.net\/wordpress\/wp-content\/uploads\/2019\/06\/39453e79-1ead-402d-ad16-957478fb0d2f.jpg\" data-dt-img-description=\"\" data-large_image_width=\"1600\" data-large_image_height=\"901\"><img loading=\"lazy\" decoding=\"async\" class=\"alignnone size-thumbnail wp-image-87882\" src=\"http:\/\/www.radiopiu.net\/wordpress\/wp-content\/uploads\/2019\/06\/39453e79-1ead-402d-ad16-957478fb0d2f-150x150.jpg\" alt=\"\" width=\"150\" height=\"150\" \/><\/a><a class=\"dt-pswp-item\" href=\"http:\/\/www.radiopiu.net\/wordpress\/wp-content\/uploads\/2019\/06\/765bae05-76cc-47d2-bdf7-6ced66cd39b5.jpg\" data-dt-img-description=\"\" data-large_image_width=\"1600\" data-large_image_height=\"901\"><img loading=\"lazy\" decoding=\"async\" class=\"alignnone size-thumbnail wp-image-87881\" src=\"http:\/\/www.radiopiu.net\/wordpress\/wp-content\/uploads\/2019\/06\/765bae05-76cc-47d2-bdf7-6ced66cd39b5-150x150.jpg\" alt=\"\" width=\"150\" height=\"150\" \/><\/a><a class=\"dt-pswp-item\" href=\"http:\/\/www.radiopiu.net\/wordpress\/wp-content\/uploads\/2019\/06\/0c7f22d2-6275-4aa7-bf81-cfb0d4590706.jpg\" data-dt-img-description=\"\" data-large_image_width=\"1600\" data-large_image_height=\"901\"><img loading=\"lazy\" decoding=\"async\" class=\"alignnone size-thumbnail wp-image-87880\" src=\"http:\/\/www.radiopiu.net\/wordpress\/wp-content\/uploads\/2019\/06\/0c7f22d2-6275-4aa7-bf81-cfb0d4590706-150x150.jpg\" alt=\"\" width=\"150\" height=\"150\" \/><\/a><a class=\"dt-pswp-item\" href=\"http:\/\/www.radiopiu.net\/wordpress\/wp-content\/uploads\/2019\/06\/23996418-9774-40f1-a53a-90752cabd6f8.jpg\" data-dt-img-description=\"\" data-large_image_width=\"1600\" data-large_image_height=\"901\"><img loading=\"lazy\" decoding=\"async\" class=\"alignnone size-thumbnail wp-image-87879\" src=\"http:\/\/www.radiopiu.net\/wordpress\/wp-content\/uploads\/2019\/06\/23996418-9774-40f1-a53a-90752cabd6f8-150x150.jpg\" alt=\"\" width=\"150\" height=\"150\" \/><\/a><a class=\"dt-pswp-item\" href=\"http:\/\/www.radiopiu.net\/wordpress\/wp-content\/uploads\/2019\/06\/d41b2b04-2f7c-4fa5-b504-0f666d95f34a.jpg\" data-dt-img-description=\"\" data-large_image_width=\"1600\" data-large_image_height=\"901\"><img loading=\"lazy\" decoding=\"async\" class=\"alignnone size-thumbnail wp-image-87878\" src=\"http:\/\/www.radiopiu.net\/wordpress\/wp-content\/uploads\/2019\/06\/d41b2b04-2f7c-4fa5-b504-0f666d95f34a-150x150.jpg\" alt=\"\" width=\"150\" height=\"150\" \/><\/a><a class=\"dt-pswp-item\" href=\"http:\/\/www.radiopiu.net\/wordpress\/wp-content\/uploads\/2019\/06\/12efeaf4-e95f-4c3d-b150-dd5bae4f8e9d.jpg\" data-dt-img-description=\"\" data-large_image_width=\"1600\" data-large_image_height=\"901\"><img loading=\"lazy\" decoding=\"async\" class=\"alignnone size-thumbnail wp-image-87877\" src=\"http:\/\/www.radiopiu.net\/wordpress\/wp-content\/uploads\/2019\/06\/12efeaf4-e95f-4c3d-b150-dd5bae4f8e9d-150x150.jpg\" alt=\"\" width=\"150\" height=\"150\" \/><\/a><\/p>\n<p>&nbsp;<\/p>\n<p>&nbsp;<\/p>\n<p>&nbsp;<\/p>\n<h2>IL PRIMO CONSIGLIO COMUNALE DI ROCCA PIETORE ED E&#8217; GIA&#8217; PERPLESSITA&#8217;<\/h2>\n<p><strong><a class=\"dt-pswp-item\" href=\"http:\/\/www.radiopiu.net\/wordpress\/wp-content\/uploads\/2019\/05\/ROCCA-MAURIZIO-DE-CASSAN.jpeg\" data-dt-img-description=\"\" data-large_image_width=\"768\" data-large_image_height=\"1024\"><img loading=\"lazy\" decoding=\"async\" class=\"size-thumbnail wp-image-86474 alignleft\" src=\"http:\/\/www.radiopiu.net\/wordpress\/wp-content\/uploads\/2019\/05\/ROCCA-MAURIZIO-DE-CASSAN-150x150.jpeg\" alt=\"\" width=\"150\" height=\"150\" \/><\/a><a class=\"dt-pswp-item\" href=\"http:\/\/www.radiopiu.net\/wordpress\/wp-content\/uploads\/2015\/10\/andrea-de-bernardin-tuttacronaca.jpg\" data-dt-img-description=\"\" data-large_image_width=\"600\" data-large_image_height=\"354\"><img loading=\"lazy\" decoding=\"async\" class=\"size-thumbnail wp-image-12402 alignleft\" src=\"http:\/\/www.radiopiu.net\/wordpress\/wp-content\/uploads\/2015\/10\/andrea-de-bernardin-tuttacronaca-150x150.jpg\" alt=\"\" width=\"150\" height=\"150\" \/><\/a><\/strong><\/p>\n<p><strong>ROCCA PIETORE<\/strong> Eugenio Don\u00e0 consigliere di minoranza dimissionario e la frazione rimane senza un proprio rappresentante al Municipio. Le perplessit\u00e0 sono del sindaco che Critica l&#8217;avversario Maurizio De Cassan l&#8217;accusatore del &#8220;avete dimenticato le periferie&#8230;&#8221; In consiglio entra il consigliere che lavora a Malga Ciapela e <strong>vive a Boscoverde\u00a0<\/strong><br \/>\n<strong>ANDREA DE BERNARDIN<\/strong><\/p>\n<audio class=\"wp-audio-shortcode\" id=\"audio-87838-4\" preload=\"none\" style=\"width: 100%;\" controls=\"controls\"><source type=\"audio\/mpeg\" src=\"http:\/\/www.radiopiu.net\/wordpress\/wp-content\/uploads\/2019\/06\/andrea.mp3?_=4\" \/><a href=\"http:\/\/www.radiopiu.net\/wordpress\/wp-content\/uploads\/2019\/06\/andrea.mp3\">http:\/\/www.radiopiu.net\/wordpress\/wp-content\/uploads\/2019\/06\/andrea.mp3<\/a><\/audio>\n<p>&nbsp;<\/p>\n<p>&nbsp;<\/p>\n<p>&nbsp;<\/p>\n<h2><a class=\"dt-pswp-item\" href=\"http:\/\/www.radiopiu.net\/wordpress\/wp-content\/uploads\/2019\/06\/IMG-20190608-WA0001-1.jpg\" data-dt-img-description=\"\" data-large_image_width=\"1147\" data-large_image_height=\"1599\"><img loading=\"lazy\" decoding=\"async\" class=\"size-thumbnail wp-image-87866 alignleft\" src=\"http:\/\/www.radiopiu.net\/wordpress\/wp-content\/uploads\/2019\/06\/IMG-20190608-WA0001-1-150x150.jpg\" alt=\"\" width=\"150\" height=\"150\" \/><\/a>ABANO TERME PER LA RICOSTRUZIONE IN RIVA AL LAGO<\/h2>\n<div><strong>ALLEGHE<\/strong> Sabato\u00a0 sera presso la chiesa del Sacro Cuore di Abano Terme, organizzato dall&#8217;assessorato alla cultura dell citt\u00e0 di Abano terme e dall&#8217;associazione Artisti insieme per il Veneto si \u00e8 tenuto il concerto di solidariet\u00e0 per la raccolta fondi per il Comune di Alleghe, del coro Citt\u00e0 di Piazzola Sul Brenta diretto dal maestro Paolo Piana. Prima dell&#8217;inizio l&#8217;assessore alla cultura del comune di Abano ha consegnato al sindaco\u00a0 Danili De Toni una targa ricordo. De Toni a sua volta ha consegnato all&#8217;assessore Cristina Pollazzi e al maestro Franceschetti il gagliardetto del comune di Alleghe e due sculture in legno dell&#8217;artista Gianni Da Tos. L&#8217;assessore Spollazzi ha ribadito che la presenza del sindaco di Alleghe al concerto ha suggellato l&#8217;amicizia tra i due Comuni<\/div>\n<div><\/div>\n<div><\/div>\n<div><a class=\"dt-pswp-item\" href=\"http:\/\/www.radiopiu.net\/wordpress\/wp-content\/uploads\/2019\/06\/IMG-20190608-WA0006.jpg\" data-dt-img-description=\"\" data-large_image_width=\"1200\" data-large_image_height=\"1600\"><img loading=\"lazy\" decoding=\"async\" class=\"alignnone size-thumbnail wp-image-87869\" src=\"http:\/\/www.radiopiu.net\/wordpress\/wp-content\/uploads\/2019\/06\/IMG-20190608-WA0006-150x150.jpg\" alt=\"\" width=\"150\" height=\"150\" \/><\/a><a class=\"dt-pswp-item\" href=\"http:\/\/www.radiopiu.net\/wordpress\/wp-content\/uploads\/2019\/06\/IMG-20190607-WA0016.jpg\" data-dt-img-description=\"\" data-large_image_width=\"1600\" data-large_image_height=\"1200\"><img loading=\"lazy\" decoding=\"async\" class=\"alignnone size-thumbnail wp-image-87867\" src=\"http:\/\/www.radiopiu.net\/wordpress\/wp-content\/uploads\/2019\/06\/IMG-20190607-WA0016-150x150.jpg\" alt=\"\" width=\"150\" height=\"150\" \/><\/a><a class=\"dt-pswp-item\" href=\"http:\/\/www.radiopiu.net\/wordpress\/wp-content\/uploads\/2019\/06\/IMG-20190608-WA0009.jpg\" data-dt-img-description=\"\" data-large_image_width=\"1600\" data-large_image_height=\"1200\"><img loading=\"lazy\" decoding=\"async\" class=\"alignnone size-thumbnail wp-image-87865\" src=\"http:\/\/www.radiopiu.net\/wordpress\/wp-content\/uploads\/2019\/06\/IMG-20190608-WA0009-150x150.jpg\" alt=\"\" width=\"150\" height=\"150\" \/><\/a><a class=\"dt-pswp-item\" href=\"http:\/\/www.radiopiu.net\/wordpress\/wp-content\/uploads\/2019\/06\/IMG-20190607-WA0011-1.jpg\" data-dt-img-description=\"\" data-large_image_width=\"1600\" data-large_image_height=\"1200\"><img loading=\"lazy\" decoding=\"async\" class=\"alignnone wp-image-87864\" src=\"http:\/\/www.radiopiu.net\/wordpress\/wp-content\/uploads\/2019\/06\/IMG-20190607-WA0011-1-300x225.jpg\" alt=\"\" width=\"201\" height=\"151\" srcset=\"https:\/\/www.radiopiu.net\/wordpress\/wp-content\/uploads\/2019\/06\/IMG-20190607-WA0011-1-300x225.jpg 300w, https:\/\/www.radiopiu.net\/wordpress\/wp-content\/uploads\/2019\/06\/IMG-20190607-WA0011-1-768x576.jpg 768w, https:\/\/www.radiopiu.net\/wordpress\/wp-content\/uploads\/2019\/06\/IMG-20190607-WA0011-1-1024x768.jpg 1024w, https:\/\/www.radiopiu.net\/wordpress\/wp-content\/uploads\/2019\/06\/IMG-20190607-WA0011-1.jpg 1600w\" sizes=\"auto, (max-width: 201px) 100vw, 201px\" \/><\/a><\/div>\n<div><\/div>\n<div><\/div>\n<blockquote>\n<div><\/div>\n<\/blockquote>\n<div><\/div>\n<div><\/div>\n<div><\/div>\n<div><\/div>\n<div><\/div>\n<blockquote>\n<div><\/div>\n<\/blockquote>\n<h1>&#8220;Mettiamo ordine per Kaos&#8221; incontro sul tema uomo-cane di sabato 8 giugno ad Agordo &#8211; buona affluenza di pubblico e qualche risposta utile al tema della sicurezza, competenze, e convivenza.<\/h1>\n<p>ILIANA COMINA<\/p>\n<blockquote class=\"wp-embedded-content\" data-secret=\"MaEFmbv8lu\"><p><a href=\"http:\/\/www.radiopiu.net\/wordpress\/mettiamo-ordine-per-kaos-incontro-sul-tema-uomo-cane-di-sabato-8-giugno-ad-agordo-buona-affluenza-di-pubblico-e-qualche-risposta-utile-al-tema-della-sicurezza-competenze-e-convivenza\/\">&#8220;Mettiamo ordine per Kaos&#8221; incontro sul tema uomo-cane di sabato 8 giugno ad Agordo &#8211; buona affluenza di pubblico e qualche risposta utile al tema della sicurezza, competenze,  e convivenza.<\/a><\/p><\/blockquote>\n<p><iframe loading=\"lazy\" class=\"wp-embedded-content\" sandbox=\"allow-scripts\" security=\"restricted\" style=\"position: absolute; clip: rect(1px, 1px, 1px, 1px);\" src=\"http:\/\/www.radiopiu.net\/wordpress\/mettiamo-ordine-per-kaos-incontro-sul-tema-uomo-cane-di-sabato-8-giugno-ad-agordo-buona-affluenza-di-pubblico-e-qualche-risposta-utile-al-tema-della-sicurezza-competenze-e-convivenza\/embed\/#?secret=MaEFmbv8lu\" data-secret=\"MaEFmbv8lu\" width=\"600\" height=\"338\" title=\"&#8220;&#8220;Mettiamo ordine per Kaos&#8221; incontro sul tema uomo-cane di sabato 8 giugno ad Agordo &#8211; buona affluenza di pubblico e qualche risposta utile al tema della sicurezza, competenze,  e convivenza.&#8221; &#8212; Radio Pi\u00f9\" frameborder=\"0\" marginwidth=\"0\" marginheight=\"0\" scrolling=\"no\"><\/iframe><\/p>\n<div><\/div>\n<blockquote>\n<div><\/div>\n<\/blockquote>\n<div><\/div>\n<div><\/div>\n<div><\/div>\n<div><\/div>\n<div><\/div>\n<blockquote>\n<div><\/div>\n<\/blockquote>\n<div>\n<h2>STUDENTI DEL NEGRELLI A SCUOLA DI DAE<\/h2>\n<p><a class=\"dt-pswp-item\" href=\"http:\/\/www.radiopiu.net\/wordpress\/wp-content\/uploads\/2019\/06\/792b23cc-e6bc-438c-b3ee-89f93eecd0a6.jpg\" data-dt-img-description=\"\" data-large_image_width=\"1200\" data-large_image_height=\"1600\"><img loading=\"lazy\" decoding=\"async\" class=\"size-thumbnail wp-image-87873 alignleft\" src=\"http:\/\/www.radiopiu.net\/wordpress\/wp-content\/uploads\/2019\/06\/792b23cc-e6bc-438c-b3ee-89f93eecd0a6-150x150.jpg\" alt=\"\" width=\"150\" height=\"150\" \/><\/a> Quando l\u2019educazione e l\u2019istruzione scolastica travalicano i confini delle discipline tradizionali.<br \/>\nVenticinque allievi dell\u2019I.T.I.S. \u201cNegrelli\u201d di Feltre sono stati protagonisti gioved\u00ec scorso di un corso della durata di 5 ore per l\u2019abilitazione all\u2019utilizzo del DAE (il defibrillatore semiautomatico) tenuto dal dottor Giacomo Longo, medico chirurgo dell\u2019ospedale Santa Maria del Prato e istruttore Regionale \u2013 in questo caso \u2013 anche in veste di socio del club Rotary feltrino.<br \/>\nL\u2019iniziativa trae infatti spunto da quanto proposto nel corso del \u201cRyla junior\u201d nel 2018 dallo stesso Rotary di Feltre in collaborazione con il Centro di Formazione CISOM Gruppo di Padova (Corpo Italiano di Soccorso dell\u2019Ordine di Malta): tra le altre attivit\u00e0 proposte ai ragazzi selezionati durante la tre giorni tenutasi al santuario di San Vittore vi era anche \u2013 per l\u2019appunto &#8211; un corso sulla rianimazione ed utilizzo del defibrillatore.<\/p>\n<p><a class=\"dt-pswp-item\" href=\"http:\/\/www.radiopiu.net\/wordpress\/wp-content\/uploads\/2019\/06\/c9f83f77-1edd-41ca-8d30-b9017c1abbe4.jpg\" data-dt-img-description=\"\" data-large_image_width=\"1200\" data-large_image_height=\"1600\"><img loading=\"lazy\" decoding=\"async\" class=\"size-thumbnail wp-image-87872 alignright\" src=\"http:\/\/www.radiopiu.net\/wordpress\/wp-content\/uploads\/2019\/06\/c9f83f77-1edd-41ca-8d30-b9017c1abbe4-150x150.jpg\" alt=\"\" width=\"150\" height=\"150\" \/><\/a>Il club feltrino intende per\u00f2 ora andare oltre. \u201cD\u2019intesa con il prossimo presidente del club Niccol\u00f2 Doglioni, spiega Longo, abbiamo in animo di proporre agli istituti superiori della citt\u00e0, per il prossimo anno scolastico, un progetto pilota. L\u2019intenzione \u2013 prosegue il medico \u2013 \u00e8 quella di avvicinare il maggior numero di ragazzi possibile (probabilmente appartenenti all\u2019ultimo o penultimo anno del corso di studi) per insegnare la tecnica di RCP e l&#8217;utilizzo del DAE, che in molte occasioni rappresenta un vero e proprio salva-vita, e fornire loro la relativa abilitazione. Questi strumenti sono oramai piuttosto diffusi, ma \u00e8 necessario saperli maneggiare con perizia e competenza; siamo convinti che l\u2019educazione e la crescita dei nostri ragazzi passi anche attraverso iniziative di questo tipo, che ampliano le loro conoscenze curriculari, rendendoli davvero pronti ad essere i cittadini di oggi e domani\u201d, conclude Longo.<\/p>\n<\/div>\n<blockquote><p>&nbsp;<\/p><\/blockquote>\n<p>&nbsp;<\/p>\n<p>&nbsp;<\/p>\n<p>&nbsp;<\/p>\n<blockquote><p>&nbsp;<\/p><\/blockquote>\n<h2>PALIO DI FELTRE, ALLESTIMENTO E MANUTENZIONE DELLA ROTATORIA AD OVEST.<\/h2>\n<p><strong><a class=\"dt-pswp-item\" href=\"http:\/\/www.radiopiu.net\/wordpress\/wp-content\/uploads\/2019\/06\/inaugurazione-rotatoria.jpg\" data-dt-img-description=\"\" data-large_image_width=\"1600\" data-large_image_height=\"1200\"><img loading=\"lazy\" decoding=\"async\" class=\" wp-image-87862 alignleft\" src=\"http:\/\/www.radiopiu.net\/wordpress\/wp-content\/uploads\/2019\/06\/inaugurazione-rotatoria-150x150.jpg\" alt=\"\" width=\"208\" height=\"208\" \/><\/a>FELTRE<\/strong> Due grandi rotatorie, quella di via Belluno e quella collocata all\u2019ingresso Ovest della citt\u00e0, in corrispondenza dell\u2019inizio di Via Dante Alighieri, da molti anni ormai comunicano ai passanti gli eventi programmati per la citt\u00e0. Ecco allora che il Palio di Feltre ha deciso di occuparsi dell\u2019abbellimento e della manutenzione di quest\u2019ultima ed ha conseguentemente sottoscritto un accordo con l\u2019amministrazione comunale. Prezioso il contributo dei volontari che gioved\u00ec scorso, alla presenza del Direttivo del Palio e dell\u2019assessore Anna Maria Rossi hanno inaugurato l\u2019iniziativa con la posa in opera di cinque grandi stendardi, acquistati dal Palio stesso e rappresentanti i simboli dei quattro Quartieri, oltre a diversi elementi decorativi che erano stati disposti sull\u2019area spartitraffico in occasione del Giro d\u2019Italia. \u201cCon la cura a nostre spese di quest\u2019area della citt\u00e0, ha dichiarato il Presidente Tamburrino, la nostra intenzione \u00e8 quella di ricambiare l\u2019affetto che stiamo percependo dalla cittadinanza. Se, infatti, ormai dopo 41 anni non pu\u00f2 esistere una Feltre senza il Palio, allo stesso modo non esiste il Palio di Feltre senza un forte legame con la citt\u00e0. Da una parte, questa <a class=\"dt-pswp-item\" href=\"http:\/\/www.radiopiu.net\/wordpress\/wp-content\/uploads\/2019\/06\/IMG-20190606-WA0069.jpg\" data-dt-img-description=\"\" data-large_image_width=\"1600\" data-large_image_height=\"1200\"><img loading=\"lazy\" decoding=\"async\" class=\"wp-image-87863 alignright\" src=\"http:\/\/www.radiopiu.net\/wordpress\/wp-content\/uploads\/2019\/06\/IMG-20190606-WA0069-150x150.jpg\" alt=\"\" width=\"193\" height=\"193\" \/><\/a>occasione ci \u00e8 sembrata ideale per ringraziare i tanti volontari che hanno ideato e curato questa iniziativa, gli sponsor che l\u2019hanno sostenuta e l\u2019Amministrazione comunale che ha accolto l\u2019idea. Dall\u2019altra, sono contento di aver potuto salutare e ringraziare ufficialmente Anna Maria Rossi, che negli ultimi due anni ha seguito per conto dell\u2019Amministrazione le attivit\u00e0 del Palio, e a cui siamo molto riconoscenti.\u00a0 \u201cLa sistemazione della rotonda del Palio, ha aggiunto l\u2019assessore Rossi, \u00e8 veramente un esempio di come l\u2019Associazione sia quest\u2019anno molto attiva. Il nuovo aspetto della rotonda rappresenta anche un bellissimo invito verso l\u2019esterno a partecipare alla manifestazione di agosto. Rivolgo quindi un grande ringraziamento al Presidente e al Direttivo dell\u2019Associazione Palio di Feltre per l\u2019attenzione rivolta alla citt\u00e0\u201d.<\/p>\n<p>&nbsp;<\/p>\n<h2><\/h2>\n<p>&nbsp;<\/p>\n<p>&nbsp;<\/p>\n<h2>COMUNICAZIONE LIMITAZIONE AL TRAFFICO DEI PASSI<\/h2>\n<div class=\"\"><span class=\"\">i<a class=\"dt-pswp-item\" href=\"http:\/\/www.radiopiu.net\/wordpress\/wp-content\/uploads\/2019\/06\/Schermata-2019-06-08-alle-09.58.36.png\" data-dt-img-description=\"\" data-large_image_width=\"2272\" data-large_image_height=\"1148\"><img loading=\"lazy\" decoding=\"async\" class=\"size-medium wp-image-87759 alignleft\" src=\"http:\/\/www.radiopiu.net\/wordpress\/wp-content\/uploads\/2019\/06\/Schermata-2019-06-08-alle-09.58.36-300x152.png\" alt=\"\" width=\"300\" height=\"152\" srcset=\"https:\/\/www.radiopiu.net\/wordpress\/wp-content\/uploads\/2019\/06\/Schermata-2019-06-08-alle-09.58.36-300x152.png 300w, https:\/\/www.radiopiu.net\/wordpress\/wp-content\/uploads\/2019\/06\/Schermata-2019-06-08-alle-09.58.36-768x388.png 768w, https:\/\/www.radiopiu.net\/wordpress\/wp-content\/uploads\/2019\/06\/Schermata-2019-06-08-alle-09.58.36-1024x517.png 1024w\" sizes=\"auto, (max-width: 300px) 100vw, 300px\" \/><\/a>n occasione del:<\/span><\/div>\n<div class=\"\">\n<ul class=\"m_1500262103021052267MailOutline\">\n<li class=\"\"><span class=\"\">DOLOMITES BIKE DAY \u00a0domenica, 16 giugno 2019\u00a0<a class=\"\" href=\"http:\/\/www.dolomitesbikeday.it\/\" target=\"_blank\" rel=\"noopener noreferrer\">www.dolomitesbikeday.it<\/a><\/span><\/li>\n<\/ul>\n<ul class=\"m_1500262103021052267MailOutline\">\n<li class=\"\"><span class=\"\" style=\"font-family: Arial, sans-serif;\">SELLARONDA\u00a0BIKE DAY \u00a0sabato, 22 giugno 2019 \u00a0<a class=\"\" href=\"http:\/\/www.sellarondabikeday.com\/\" target=\"_blank\" rel=\"noopener noreferrer\">www.sellarondabikeday.com<\/a><\/span><\/li>\n<\/ul>\n<\/div>\n<div class=\"\"><span class=\"\" lang=\"IT\">\u00a0<\/span><\/div>\n<div class=\"\"><span class=\"\">due eventi non competitivi e gratuiti dedicati agli amanti della bicicletta, di seguito si comunicano gli orari di chiusura delle strade.<\/span><\/div>\n<div class=\"\"><span class=\"\" lang=\"IT\">\u00a0<\/span><\/div>\n<div class=\"\"><span class=\"\" lang=\"IT\">&#8211;<span class=\"\" style=\"color: #ff2600;\">\u00a0DOMENICA 16 giugno 2019\u00a0<\/span><\/span><span class=\"\" lang=\"IT\"><b class=\"\"><u class=\"\"><span class=\"\" style=\"color: #ff2600;\">DOLOMITES BIKE DAY<\/span><\/u><\/b><\/span><span class=\"\" lang=\"IT\">\u00a0<b class=\"\">chiusura dalle ore 09:00 alle ore 15:00\u00a0<\/b>anello\u00a0<\/span><span class=\"\">da\u00a0<\/span><b class=\"\">Passo<\/b><span class=\"\">\u00a0<\/span><b class=\"\">Campolongo<\/b><span class=\"\">\u00a0\u2013\u00a0<\/span><b class=\"\">A<wbr class=\"\" \/>rabba<\/b><span class=\"\">\u00a0\u2013\u00a0<\/span><b class=\"\">Pieve di Livinallongo (SS48)\u00a0<\/b><span class=\"\">\u2013\u00a0<\/span><b class=\"\">Passo Falzarego\u00a0\u2013 (SP 37) Passo Valparola\u00a0<\/b><span class=\"\">\u2013\u00a0San Cassiano\u00a0\u2013\u00a0La Villa\u00a0(SS244) \u2013\u00a0Corvara bivio direzione Passo Campolongo.\u00a0<\/span><\/div>\n<div class=\"\"><span class=\"\">Ai ciclisti \u00e8 consigliato il senso\u00a0<\/span><span class=\"\">antiorario, quindi da Passo Campolongo, Arabba, Pieve di Livinallongo in salita verso il Passo Falzarego\u00a0<\/span><\/div>\n<div class=\"\">\u2014\u2014\u2014\u2014\u2014\u2014\u2014\u2014\u2014\u2014\u2014\u2014\u2014\u2014\u2014\u2014\u2014\u2014\u2014\u2014\u2014\u2014\u2014\u2014\u2014\u2014\u2014\u2014\u2014\u2014<wbr class=\"\" \/>\u2014\u2014\u2014\u2014\u2014\u2014\u2014\u2014\u2014<\/div>\n<div class=\"\"><b class=\"\"><span class=\"\" lang=\"IT\">\u00a0<\/span><\/b><\/div>\n<div class=\"\"><span class=\"\" style=\"color: #ff2600;\"><b class=\"\"><span class=\"\" lang=\"IT\">&#8211;\u00a0<\/span><\/b><span class=\"\" lang=\"IT\">SABATO 22 giugno 2019 \u00e8 in programma il\u00a0<\/span><u class=\"\"><span class=\"\" lang=\"IT\"><b class=\"\">SELLA RONDA BIKE DAY<\/b><\/span><\/u><\/span><span class=\"\" lang=\"IT\">\u00a0con la chiusura<b class=\"\">\u00a0<\/b><\/span><b class=\"\"><span class=\"\" lang=\"IT\">dei 4 Passi Dolomitici: Passo Campolongo, Passo Gardena, Passo Sella e Passo Pordoi dalle ore 8:30 alle ore 15:30.\u00a0<\/span><\/b><span class=\"\" lang=\"IT\">\u00a0<\/span><\/div>\n<div class=\"\"><span class=\"\" lang=\"IT\">Ai ciclisti si consiglia il senso antiorario, quindi in salita da Arabba verso il Passo Campolongo.<\/span><\/div>\n<div><\/div>\n<div><\/div>\n<div><\/div>\n<div><\/div>\n<div><\/div>\n<div><\/div>\n<div>\n<blockquote>\n<p style=\"font-weight: 400;\">\n<\/blockquote>\n<\/div>\n<p>&nbsp;<\/p>\n<h3>BANDO PER OLTRE 1500 ALLIEVI AGENTI DI POLIZIA<\/h3>\n<p>Nella Gazzetta Ufficiale della Repubblica \u00e8 stato pubblicato il bando di concorso pubblico, per esame e titoli, per il reclutamento di 1515 allievi agenti della Polizia di Stato, riservato ai volontari in ferma. La domanda di partecipazione\u00a0 deve essere compilata e trasmessa entro il termine perentorio di trenta giorni (dalla pubblicazione in Gazzetta)\u00a0 utilizzando esclusivamente la procedura informatica disponibile sul sito della\u00a0 <strong>poliziadistato.it<\/strong><\/p>\n<p>&nbsp;<\/p>\n<p>&nbsp;<\/p>\n<p>&nbsp;<\/p>\n<h2>DALLA CGIA DI MESTRE<\/h2>\n<div>http:\/\/www.radiopiu.net\/wordpress\/tra-giugno-e-luglio-previsti-quasi-88-mila-nuovi-ingressi-nel-mercato-del-lavoro-veneto-il-62-circa-sara-offerto-dalle-piccole-imprese-con-meno-di-50-dipendenti\/<\/div>\n<div><\/div>\n<p>&nbsp;<\/p>\n<p>&nbsp;<\/p>\n<p>&nbsp;<\/p>\n<p>&nbsp;<\/p>\n<h2 align=\"JUSTIFY\">VALPE INFORMA, NOVITA&#8217; E CHIUSURE PER SAGRA<\/h2>\n<p style=\"font-weight: 400;\">TEMPORANEO SPOSTAMENTO ECOSPORTELLO DI ALLEGHE NEL MESE DI GIUGNO E CHIUSURA ECOSPORTELLO RIVAMONTE AGORDINO IL 13 GIUGNO PER FESTA SANTO PATRONO<\/p>\n<p style=\"font-weight: 400;\"><a class=\"dt-pswp-item\" href=\"http:\/\/www.radiopiu.net\/wordpress\/wp-content\/uploads\/2018\/10\/logo-valpe-verticale.jpg\" data-dt-img-description=\"\" data-large_image_width=\"370\" data-large_image_height=\"367\"><img loading=\"lazy\" decoding=\"async\" class=\" wp-image-65542 alignleft\" src=\"http:\/\/www.radiopiu.net\/wordpress\/wp-content\/uploads\/2018\/10\/logo-valpe-verticale-300x298.jpg\" alt=\"\" width=\"135\" height=\"134\" srcset=\"https:\/\/www.radiopiu.net\/wordpress\/wp-content\/uploads\/2018\/10\/logo-valpe-verticale-300x298.jpg 300w, https:\/\/www.radiopiu.net\/wordpress\/wp-content\/uploads\/2018\/10\/logo-valpe-verticale-150x150.jpg 150w, https:\/\/www.radiopiu.net\/wordpress\/wp-content\/uploads\/2018\/10\/logo-valpe-verticale.jpg 370w\" sizes=\"auto, (max-width: 135px) 100vw, 135px\" \/><\/a><strong>AGORDO<\/strong> A\u00a0seguito di un evento in programma nel mese di giugno 2019 presso la palestra comunale di Caprile,dall\u20198 al 29 giugno 2019 l&#8217;Ecosportello di Alleghe\u00a0di via Carducci n. 6\u00a0verr\u00e0 temporaneamente spostato presso il palaghiaccio &#8220;A. De Toni&#8221; in via Lungolago n. 18; l\u2019orario rimarr\u00e0 invariato e gli uffici apriranno al pubblico il sabato dalle 9.00 alle 12.00. Inoltre, si avvisano i cittadini che, in occasione della festa del S. Patrono,\u00a0gioved\u00ec 13 giugno 2019 l&#8217;Ecosportello\u00a0attivo presso il Municipio\u00a0di Rivamonte Agordino rimarr\u00e0 chiuso.<\/p>\n<blockquote>\n<p style=\"font-weight: 400;\"><em>Ricordiamo che \u00e8 possibile accedere a qualsiasi Ecosportello. Per conoscere sedi e orari consultare il sitowww.valpeambiente.it,\u00a0oppure\u00a0contattare i numeri 0437 640462 oppure 0437 643621.<\/em><\/p>\n<\/blockquote>\n<p>&nbsp;<\/p>\n<p>&nbsp;<\/p>\n<p>&nbsp;<\/p>\n<p>&nbsp;<\/p>\n<p>&nbsp;<\/p>\n<h3><a class=\"dt-pswp-item\" href=\"http:\/\/www.radiopiu.net\/wordpress\/wp-content\/uploads\/2018\/09\/appuntamenti.jpeg\" data-dt-img-description=\"\" data-large_image_width=\"800\" data-large_image_height=\"100\"><img loading=\"lazy\" decoding=\"async\" class=\"alignnone size-full wp-image-61958\" src=\"http:\/\/www.radiopiu.net\/wordpress\/wp-content\/uploads\/2018\/09\/appuntamenti.jpeg\" alt=\"\" width=\"800\" height=\"100\" srcset=\"https:\/\/www.radiopiu.net\/wordpress\/wp-content\/uploads\/2018\/09\/appuntamenti.jpeg 800w, https:\/\/www.radiopiu.net\/wordpress\/wp-content\/uploads\/2018\/09\/appuntamenti-300x38.jpeg 300w, https:\/\/www.radiopiu.net\/wordpress\/wp-content\/uploads\/2018\/09\/appuntamenti-768x96.jpeg 768w\" sizes=\"auto, (max-width: 800px) 100vw, 800px\" \/><\/a><\/h3>\n<h3><\/h3>\n<h3>IN CORSO A COLLE SANTA LUCIA<\/h3>\n<p><strong>COLLE SANTA LUCIA<\/strong> La mostra \u201cEmigrazione dalla montagna dolomitica nel corso del novecento\u201d, progetto finanziato e organizzato dall\u2019Istituto Culturale Ladini di Colle S. Lucia \u00e8 aperta fino al 15 settembre con i seguenti orari: giugno, luglio e settembre &#8211; gioved\u00ec, venerd\u00ec e sabato dalle ore 16.00 alle 19:00; agosto &#8211; tutti i giorni dalle 16.00 alle 19.00. Per informazioni o prenotazioni di gruppi anche al di fuori di quest&#8217;orario, si prega di contattare l&#8217;Istituto Culturale Ladino \u201cCesa de Jan\u201d a Colle S. Lucia: 0437\/720609; info@istitutoladino.org &#8211; www.istitutoladino.org<\/p>\n<p><strong>DOMANI ALLE 10.30 E ALLE 19 ALLA RADIO\u00a0<\/strong><br \/>\nEleonora De Mattia e Denni Dorigo ospiti in studio per presentare le attivita&#8217; estive. In primo piano l&#8217;apertura al pubblico del castello di Andraz, tradizionalmente fissata per il 15 giugno, con data mantenuta anche in quest&#8217;occasione. Inoltre si parlera&#8217; delle attivita&#8217; del Castello per l&#8217;estate, della mostra sull&#8217;immigrazione e altre tematiche.<\/p>\n<p>&nbsp;<\/p>\n<p>&nbsp;<\/p>\n<h3>CONVIVIUM DI COLORE A GIUGNO IN SALA DON TAMIS<\/h3>\n<p><strong>AGORDO<\/strong> Prossimo appuntamento con Convivium 2019,\u00a0 mercoled\u00ec 12 giugno\u00a0 in sala Don Tamis su\u00a0 &#8220;Il colore: ma \u00e8 realmente quello che noi vediamo?&#8221;. &#8220;<em>Sono particolarmente entusiasta\u00a0 &#8211; dice Roberto Favero &#8211; nel lanciare questo invito, al fine di condividere\u00a0 un argomento di particolare interesse e, al tempo stesso, di estrema complessit\u00e0, il cui approfondimento da tempo mi impegna e mi appassiona&#8221;. <\/em>Dopo qualche breve cenno di carattere storico, ricordando fra l&#8217;altro alcune interessanti &#8220;idee&#8221; sul colore attribuite a illustri maestri della filosofia e della scienza, sar\u00e0\u00a0 avvincente il percorso nel mondo della visione e delle teorie elaborate in materia di colore per omprendere come quest&#8217;ultimo non sia una propriet\u00e0 fisica degli oggetti bens\u00ec una vera propria elaborazione e creazione della mente.<\/p>\n<p>&nbsp;<\/p>\n<p>&nbsp;<\/p>\n<p>&nbsp;<\/p>\n<h3>THIS IS ME, IL MUSICAL<\/h3>\n<p><strong>BELLUNO<\/strong> Giovedi alle 20.30 al Teatro Comunale di Belluno &#8220;This is me&#8221;, il musical. Una storia ricca di emozioni, scenografie ed effetti speciali. Testi, coreografia, regia e direzione artistica di Tiziano Iudica.<\/p>\n<p>&nbsp;<\/p>\n<p>&nbsp;<\/p>\n<p>&nbsp;<\/p>\n<h3>TABELLAZIONE DI FONDOVALLE ALLA FACCIA DI VAIA<\/h3>\n<p><strong>FALCADE<\/strong> Domenica 16 giugno alle 15.30 in piazza del Municipio sar\u00e0 inaugurato il progetto di tabellazione sentieristica di fondovalle nel territorio del Comune di Falcade. Presentazione davanti alla bacheca con la cartina dei sentieri. Arrivo degli amici di &#8220;adotta un sentiero&#8221; progetto di raccolta fondi per la sistemazione dei sentieri da parte di 5 ragazzi che arriveranno a Falcade da Venezia in bicicletta.<\/p>\n<p>&nbsp;<\/p>\n<p>&nbsp;<\/p>\n<p>&nbsp;<\/p>\n<p>&nbsp;<\/p>\n<p>&nbsp;<\/p>\n<p><a class=\"dt-pswp-item\" href=\"http:\/\/www.radiopiu.net\/wordpress\/wp-content\/uploads\/2018\/09\/viabilita.jpeg\" data-dt-img-description=\"\" data-large_image_width=\"800\" data-large_image_height=\"100\"><img loading=\"lazy\" decoding=\"async\" class=\"alignnone size-full wp-image-61954\" src=\"http:\/\/www.radiopiu.net\/wordpress\/wp-content\/uploads\/2018\/09\/viabilita.jpeg\" alt=\"\" width=\"800\" height=\"100\" srcset=\"https:\/\/www.radiopiu.net\/wordpress\/wp-content\/uploads\/2018\/09\/viabilita.jpeg 800w, https:\/\/www.radiopiu.net\/wordpress\/wp-content\/uploads\/2018\/09\/viabilita-300x38.jpeg 300w, https:\/\/www.radiopiu.net\/wordpress\/wp-content\/uploads\/2018\/09\/viabilita-768x96.jpeg 768w\" sizes=\"auto, (max-width: 800px) 100vw, 800px\" \/><\/a><\/p>\n<p>&nbsp;<\/p>\n<blockquote><p><strong>GOSALDO<\/strong> Provinciale 3 Valle Imperina, localit\u00e0 Le Feste. Domani\u00a0 e mercoledi <span style=\"color: #ff0000;\">dalle 8 alle 18<\/span> interdizione al transito per lavori di messa in sicurezza del versante a monte.<\/p>\n<p><strong>LA VALLE<\/strong> Da oggi al 31 luglio (festivi e prefestivi esclusi) senso unico a seconda delle esigenze con semaforo o movieri lungo la regionale 203 agordina in localit\u00e0 La Muda<\/p>\n<p>&nbsp;<\/p><\/blockquote>\n<p><strong>REGIONALE 203 AGORDINA<\/strong> Fino al 28 giugno sabato e domenica escluso, senso unico alternato tra Alleghe e Caprile.<\/p>\n<p><strong>PROVINCIALE 563 DI SALESEI<\/strong> Fino al 28 giugno esclusi giorni festivi e prefestivi senso unico alternato tra Caprile e Saviner<\/p>\n<p><strong>PROVINCIALE 8 DI SAN TOMASO<\/strong> Fino\u00a0 al 28 giugno (esclusi festivi e prefestivi) senso unico alternato tra Pian Molin e Roi<\/p>\n<p><strong>PROVINCIALE 563 DI SALESEI <\/strong>Fino al\u00a014 giugno\u00a0 In localit\u00e0 Sopracordevole in Comune di Rocca Pietore senso unico alternato con semaforo o movieri e divieto di transito ai mezzi con massa superiore a 7,5 tonellate.<\/p>\n<p>&nbsp;<\/p>\n<p>&nbsp;<\/p>\n<p>&nbsp;<\/p>\n<p>&nbsp;<\/p>\n<h2><img loading=\"lazy\" decoding=\"async\" class=\"wp-image-60761 aligncenter\" src=\"http:\/\/www.radiopiu.net\/wordpress\/wp-content\/uploads\/2018\/09\/sport.jpg\" alt=\"\" width=\"992\" height=\"124\" srcset=\"https:\/\/www.radiopiu.net\/wordpress\/wp-content\/uploads\/2018\/09\/sport.jpg 800w, https:\/\/www.radiopiu.net\/wordpress\/wp-content\/uploads\/2018\/09\/sport-300x38.jpg 300w, https:\/\/www.radiopiu.net\/wordpress\/wp-content\/uploads\/2018\/09\/sport-768x96.jpg 768w\" sizes=\"auto, (max-width: 992px) 100vw, 992px\" \/><\/h2>\n<h1><\/h1>\n<h1>BRUCE CASSIDY UNO DI NOI E TRA DUE GIORNI SARA&#8217; FINALISSIMA<\/h1>\n<p><iframe loading=\"lazy\" title=\"Blues&#039; David Perron scores controversial goal after missed call in Game 5 | NHL | NBC Sports\" width=\"1200\" height=\"675\" src=\"https:\/\/www.youtube.com\/embed\/snm2HcX1le4?feature=oembed\" frameborder=\"0\" allow=\"accelerometer; autoplay; encrypted-media; gyroscope; picture-in-picture\" allowfullscreen><\/iframe><\/p>\n<p>&nbsp;<\/p>\n<p>&nbsp;<\/p>\n<p>&nbsp;<\/p>\n<p>&nbsp;<\/p>\n<h1>CAMPIONATO AGORDINO TERZA GIORNATA<\/h1>\n<blockquote>\n<h4 class=\"p1\"><span class=\"s1\"><b> <a class=\"dt-pswp-item\" href=\"http:\/\/www.radiopiu.net\/wordpress\/wp-content\/uploads\/2019\/06\/VOLTAGO.jpeg\" data-dt-img-description=\"\" data-large_image_width=\"1600\" data-large_image_height=\"1200\"><img loading=\"lazy\" decoding=\"async\" class=\"size-thumbnail wp-image-87899 alignleft\" src=\"http:\/\/www.radiopiu.net\/wordpress\/wp-content\/uploads\/2019\/06\/VOLTAGO-150x150.jpeg\" alt=\"\" width=\"150\" height=\"150\" \/><\/a><\/b><\/span>Il Fodom \u00e8 l\u2019unica squadra del Campionato Agordino che dopo 3 giornate riesce a totalizzare pieni punti. Nel girone A Voltago\u00a0 (foto) e Rivamonte sono in testa alla classifica. I campioni in carica non sono andati oltre il pareggio con il Le Ville mentre i rivamontini vincono di misura con il Cencenighe. Il Gosaldo incamera 3 punti a Vallada mentre il derby di Alleghe va al Caprile con un punteggio tennistico. Nel girone B il Taibon stravince con il Canale mentre Agordo 2009 e Caviola si spartiscono la posta in palio e lasciano l\u2019ultimo posto in classifica. Nel big match di La Valle gli orsetti vincono negli ultimi minuti nella giornata in cui il Frassen\u00e8 riposava.<\/h4>\n<\/blockquote>\n<blockquote>\n<h3 class=\"p1\"><span class=\"s1\"><b>I RISULTATI<\/b><\/span><\/h3>\n<\/blockquote>\n<p class=\"p1\"><span class=\"s1\">GIRONE A <\/span>Voltago &#8211; Le Ville 1-1 <span class=\"s1\">Vallada &#8211; Gosaldo 2-3 <\/span><span class=\"s1\">Alleghe &#8211; Caprile 1-6 <\/span><span class=\"s1\">Cencenighe &#8211; Rivamonte 1-2<\/span><\/p>\n<p class=\"p1\"><span class=\"s1\">GIRONE B <\/span><span class=\"s1\">Agordo 2009 &#8211; Atletico Caviola 1-1 <\/span><span class=\"s1\">Taibon &#8211; Canale 5-1 <\/span><span class=\"s1\">La Valle &#8211; Fodom 2-3 <\/span><span class=\"s1\">Riposa il Frassen\u00e8<\/span><\/p>\n<blockquote>\n<h3 class=\"p1\"><span class=\"s1\"><b>LA CLASSIFICA<\/b><\/span><\/h3>\n<\/blockquote>\n<p class=\"p1\"><span class=\"s1\">GIRONE A <\/span><span class=\"s1\">Voltago e Rivamonte 7 <\/span><span class=\"s1\">Gosaldo e Caprile 6 <\/span><span class=\"s1\">Vallada 4 <\/span><span class=\"s1\">Le Ville 3 <\/span><span class=\"s1\">Alleghe e Cencenighe 0 <\/span><span class=\"s1\">GIRONE B <\/span><span class=\"s1\">Fodom 9 <\/span><span class=\"s1\">Frassen\u00e8 7* <\/span><span class=\"s1\">La Valle 6 <\/span><span class=\"s1\">Taibon 4 <\/span><span class=\"s1\">Agordo 2009 e Atletico Caviola 1 <\/span><span class=\"s1\">Canale* 0 <\/span><span class=\"s1\">* una partita in pi\u00f9 <\/span><\/p>\n<blockquote>\n<h3 class=\"p1\"><span class=\"s1\"><b>PROSSIMO TURNO <\/b><\/span><\/h3>\n<\/blockquote>\n<p class=\"p1\"><span class=\"s1\">GIRONE A: Sabato alle 15:30 Voltago &#8211; Rivamonte, alle 20:30 Alleghe &#8211; Gosaldo. Domenica alle 16 Le Ville &#8211; Caprile e Vallada &#8211; Cencenighe <\/span><span class=\"s1\">GIRONE B: domenica alle 16 La Valle &#8211; Frassen\u00e8 e Canale &#8211; Agordo 2009, alle 17 Fodom &#8211; Atletico Caviola. Riposa il Taibon<\/span><\/p>\n<p>&nbsp;<\/p>\n<p>&nbsp;<\/p>\n<p>&nbsp;<\/p>\n<p>&nbsp;<\/p>\n<h1>Luca Cagnati ai mondiali di trail in Portogallo, quarto posto con la Nazionale.<\/h1>\n<p>il ragazzo di Canale d&#8217;Agordo ha chiuso al 15esimo posto ma purtroppo anche con un&#8217;infortunio, \u00a0secondo azzurro dopo Francesco Puppi, quarto al traguardo a soli 10 secondi dal bronzo. <strong>LA DICHIARAZIONE DI LUCA<\/strong> <em>\u00abNel giorno del mio ventinovesimo compleanno le gambe giravano davvero bene. Il fato ha voluto che poco prima di met\u00e0 gara mi slogassi una caviglia in malomodo, il dolore era tanto e aumentava sempre di pi\u00f9, ma quando si indossa questa maglia bisogna dare davvero tutto fino alla fine. Chiudo in quindicesima posizione, anche se per come stavo ambivo sicuramente a qualcosa in pi\u00f9\u00bb.<\/em><\/p>\n<p><a class=\"dt-pswp-item\" href=\"http:\/\/www.radiopiu.net\/wordpress\/wp-content\/uploads\/2019\/06\/62252878_2687924361221061_6754646056547385344_n.jpg\" data-dt-img-description=\"\" data-large_image_width=\"667\" data-large_image_height=\"667\"><img loading=\"lazy\" decoding=\"async\" class=\"alignnone size-thumbnail wp-image-87904\" src=\"http:\/\/www.radiopiu.net\/wordpress\/wp-content\/uploads\/2019\/06\/62252878_2687924361221061_6754646056547385344_n-150x150.jpg\" alt=\"\" width=\"150\" height=\"150\" srcset=\"https:\/\/www.radiopiu.net\/wordpress\/wp-content\/uploads\/2019\/06\/62252878_2687924361221061_6754646056547385344_n-150x150.jpg 150w, https:\/\/www.radiopiu.net\/wordpress\/wp-content\/uploads\/2019\/06\/62252878_2687924361221061_6754646056547385344_n-300x300.jpg 300w, https:\/\/www.radiopiu.net\/wordpress\/wp-content\/uploads\/2019\/06\/62252878_2687924361221061_6754646056547385344_n.jpg 667w\" sizes=\"auto, (max-width: 150px) 100vw, 150px\" \/><\/a><a class=\"dt-pswp-item\" href=\"http:\/\/www.radiopiu.net\/wordpress\/wp-content\/uploads\/2019\/06\/62438828_10217866774399096_282241684207566848_n.jpg\" data-dt-img-description=\"\" data-large_image_width=\"960\" data-large_image_height=\"631\"><img loading=\"lazy\" decoding=\"async\" class=\"alignnone size-thumbnail wp-image-87905\" src=\"http:\/\/www.radiopiu.net\/wordpress\/wp-content\/uploads\/2019\/06\/62438828_10217866774399096_282241684207566848_n-150x150.jpg\" alt=\"\" width=\"150\" height=\"150\" \/><\/a><a class=\"dt-pswp-item\" href=\"http:\/\/www.radiopiu.net\/wordpress\/wp-content\/uploads\/2019\/06\/62108204_10217866774799106_1083138082867249152_n.jpg\" data-dt-img-description=\"\" data-large_image_width=\"960\" data-large_image_height=\"628\"><img loading=\"lazy\" decoding=\"async\" class=\"alignnone size-thumbnail wp-image-87906\" src=\"http:\/\/www.radiopiu.net\/wordpress\/wp-content\/uploads\/2019\/06\/62108204_10217866774799106_1083138082867249152_n-150x150.jpg\" alt=\"\" width=\"150\" height=\"150\" \/><\/a><a class=\"dt-pswp-item\" href=\"http:\/\/www.radiopiu.net\/wordpress\/wp-content\/uploads\/2019\/06\/62141184_10217866775159115_1952796963770466304_n.jpg\" data-dt-img-description=\"\" data-large_image_width=\"960\" data-large_image_height=\"617\"><img loading=\"lazy\" decoding=\"async\" class=\"alignnone size-thumbnail wp-image-87907\" src=\"http:\/\/www.radiopiu.net\/wordpress\/wp-content\/uploads\/2019\/06\/62141184_10217866775159115_1952796963770466304_n-150x150.jpg\" alt=\"\" width=\"150\" height=\"150\" \/><\/a><\/p>\n<p>&nbsp;<\/p>\n<p>&nbsp;<\/p>\n<p>&nbsp;<\/p>\n<h1>4\u00b0 DOLOMITI RALLY<\/h1>\n<p><strong>DI ROBERTO BONA<\/strong><\/p>\n<p>ORE 17.30 IL SERVIZIO FINALE<\/p>\n<audio class=\"wp-audio-shortcode\" id=\"audio-87838-5\" preload=\"none\" style=\"width: 100%;\" controls=\"controls\"><source type=\"audio\/mpeg\" src=\"http:\/\/www.radiopiu.net\/wordpress\/wp-content\/uploads\/2019\/06\/RALLY-1730-FINALE.mp3?_=5\" \/><a href=\"http:\/\/www.radiopiu.net\/wordpress\/wp-content\/uploads\/2019\/06\/RALLY-1730-FINALE.mp3\">http:\/\/www.radiopiu.net\/wordpress\/wp-content\/uploads\/2019\/06\/RALLY-1730-FINALE.mp3<\/a><\/audio>\n<p>CONFERENZA STAMPA<\/p>\n<audio class=\"wp-audio-shortcode\" id=\"audio-87838-6\" preload=\"none\" style=\"width: 100%;\" controls=\"controls\"><source type=\"audio\/mpeg\" src=\"http:\/\/www.radiopiu.net\/wordpress\/wp-content\/uploads\/2019\/06\/RALLY-CONFERENZA-STAMPA.mp3?_=6\" \/><a href=\"http:\/\/www.radiopiu.net\/wordpress\/wp-content\/uploads\/2019\/06\/RALLY-CONFERENZA-STAMPA.mp3\">http:\/\/www.radiopiu.net\/wordpress\/wp-content\/uploads\/2019\/06\/RALLY-CONFERENZA-STAMPA.mp3<\/a><\/audio>\n<h1>LE PREMIAZIONI<\/h1>\n<div id=\"fb-root\"><\/div>\n<p><script async=\"1\" defer=\"1\" crossorigin=\"anonymous\" src=\"https:\/\/connect.facebook.net\/it_IT\/sdk.js#xfbml=1&amp;version=v6.0\"><\/script><\/p>\n<div class=\"fb-video\" data-href=\"https:\/\/www.facebook.com\/mirko.mezzacasa\/videos\/10219928070178969\/\" data-width=\"1200\">\n<blockquote cite=\"https:\/\/www.facebook.com\/mirko.mezzacasa\/videos\/10219928070178969\/\" class=\"fb-xfbml-parse-ignore\"><p><a href=\"https:\/\/www.facebook.com\/mirko.mezzacasa\/videos\/10219928070178969\/\"><\/a><\/p>\n<p>4 rally Dolomiti, le premiazioni<\/p>\n<p>Pubblicato da <a href=\"https:\/\/www.facebook.com\/mirko.mezzacasa\">Mirko Mezzacasa<\/a> su Domenica 9 giugno 2019<\/p><\/blockquote>\n<\/div>\n<h1><\/h1>\n<p><strong>LA FOTOGALLERY<\/strong><\/p>\n\n\t\t\t<style type='text\/css'>\n\t\t\t\t#gallery-1 {\n\t\t\t\t\tmargin: auto;\n\t\t\t\t}\n\t\t\t\t#gallery-1 .gallery-item {\n\t\t\t\t\tfloat: left;\n\t\t\t\t\tmargin-top: 10px;\n\t\t\t\t\ttext-align: center;\n\t\t\t\t\twidth: 33%;\n\t\t\t\t}\n\t\t\t\t#gallery-1 img {\n\t\t\t\t\tborder: 2px solid #cfcfcf;\n\t\t\t\t}\n\t\t\t\t#gallery-1 .gallery-caption {\n\t\t\t\t\tmargin-left: 0;\n\t\t\t\t}\n\t\t\t\t\/* see gallery_shortcode() in wp-includes\/media.php *\/\n\t\t\t<\/style>\n\t\t<div id='gallery-1' class='dt-gallery-container gallery galleryid-87838 gallery-columns-3 gallery-size-thumbnail'><dl class='gallery-item'>\n\t\t\t\t<dt class='gallery-icon landscape'>\n\t\t\t\t\t<a class=\"rollover\" href='https:\/\/www.radiopiu.net\/wordpress\/92f97859-6ca9-4ca5-ad81-30ed07497df5\/'><img loading=\"lazy\" decoding=\"async\" width=\"150\" height=\"150\" src=\"https:\/\/www.radiopiu.net\/wordpress\/wp-content\/uploads\/2019\/06\/92F97859-6CA9-4CA5-AD81-30ED07497DF5-150x150.jpeg\" class=\"attachment-thumbnail size-thumbnail\" alt=\"\" \/><\/a>\n\t\t\t\t<\/dt><\/dl><dl class='gallery-item'>\n\t\t\t\t<dt class='gallery-icon portrait'>\n\t\t\t\t\t<a class=\"rollover\" href='https:\/\/www.radiopiu.net\/wordpress\/1bb879f3-9b98-4523-8f31-9f7f830b9e76\/'><img loading=\"lazy\" decoding=\"async\" width=\"150\" height=\"150\" src=\"https:\/\/www.radiopiu.net\/wordpress\/wp-content\/uploads\/2019\/06\/1BB879F3-9B98-4523-8F31-9F7F830B9E76-150x150.jpeg\" class=\"attachment-thumbnail size-thumbnail\" alt=\"\" \/><\/a>\n\t\t\t\t<\/dt><\/dl><dl class='gallery-item'>\n\t\t\t\t<dt class='gallery-icon portrait'>\n\t\t\t\t\t<a class=\"rollover\" href='https:\/\/www.radiopiu.net\/wordpress\/4f093c5f-cedc-4e01-9b54-5ed745001ec8\/'><img loading=\"lazy\" decoding=\"async\" width=\"150\" height=\"150\" src=\"https:\/\/www.radiopiu.net\/wordpress\/wp-content\/uploads\/2019\/06\/4F093C5F-CEDC-4E01-9B54-5ED745001EC8-150x150.jpeg\" class=\"attachment-thumbnail size-thumbnail\" alt=\"\" \/><\/a>\n\t\t\t\t<\/dt><\/dl><br style=\"clear: both\" \/><dl class='gallery-item'>\n\t\t\t\t<dt class='gallery-icon portrait'>\n\t\t\t\t\t<a class=\"rollover\" href='https:\/\/www.radiopiu.net\/wordpress\/5fedb8d6-4957-4090-a797-97fa31ac47c0\/'><img loading=\"lazy\" decoding=\"async\" width=\"150\" height=\"150\" src=\"https:\/\/www.radiopiu.net\/wordpress\/wp-content\/uploads\/2019\/06\/5FEDB8D6-4957-4090-A797-97FA31AC47C0-150x150.jpeg\" class=\"attachment-thumbnail size-thumbnail\" alt=\"\" \/><\/a>\n\t\t\t\t<\/dt><\/dl><dl class='gallery-item'>\n\t\t\t\t<dt class='gallery-icon portrait'>\n\t\t\t\t\t<a class=\"rollover\" href='https:\/\/www.radiopiu.net\/wordpress\/8f512b41-b50a-4215-ba69-d1540c49f681\/'><img loading=\"lazy\" decoding=\"async\" width=\"150\" height=\"150\" src=\"https:\/\/www.radiopiu.net\/wordpress\/wp-content\/uploads\/2019\/06\/8F512B41-B50A-4215-BA69-D1540C49F681-150x150.jpeg\" class=\"attachment-thumbnail size-thumbnail\" alt=\"\" \/><\/a>\n\t\t\t\t<\/dt><\/dl><dl class='gallery-item'>\n\t\t\t\t<dt class='gallery-icon portrait'>\n\t\t\t\t\t<a class=\"rollover\" href='https:\/\/www.radiopiu.net\/wordpress\/93d52355-61c4-43c8-aac5-704e343d5ea6\/'><img loading=\"lazy\" decoding=\"async\" width=\"150\" height=\"150\" src=\"https:\/\/www.radiopiu.net\/wordpress\/wp-content\/uploads\/2019\/06\/93D52355-61C4-43C8-AAC5-704E343D5EA6-150x150.jpeg\" class=\"attachment-thumbnail size-thumbnail\" alt=\"\" \/><\/a>\n\t\t\t\t<\/dt><\/dl><br style=\"clear: both\" \/><dl class='gallery-item'>\n\t\t\t\t<dt class='gallery-icon portrait'>\n\t\t\t\t\t<a class=\"rollover\" href='https:\/\/www.radiopiu.net\/wordpress\/20db551a-0eb6-471a-9abe-17a6e90dbeb3\/'><img loading=\"lazy\" decoding=\"async\" width=\"150\" height=\"150\" src=\"https:\/\/www.radiopiu.net\/wordpress\/wp-content\/uploads\/2019\/06\/20DB551A-0EB6-471A-9ABE-17A6E90DBEB3-150x150.jpeg\" class=\"attachment-thumbnail size-thumbnail\" alt=\"\" \/><\/a>\n\t\t\t\t<\/dt><\/dl><dl class='gallery-item'>\n\t\t\t\t<dt class='gallery-icon portrait'>\n\t\t\t\t\t<a class=\"rollover\" href='https:\/\/www.radiopiu.net\/wordpress\/e7986ef0-e5da-4127-8099-5fd572c41d38\/'><img loading=\"lazy\" decoding=\"async\" width=\"150\" height=\"150\" src=\"https:\/\/www.radiopiu.net\/wordpress\/wp-content\/uploads\/2019\/06\/E7986EF0-E5DA-4127-8099-5FD572C41D38-150x150.jpeg\" class=\"attachment-thumbnail size-thumbnail\" alt=\"\" \/><\/a>\n\t\t\t\t<\/dt><\/dl><dl class='gallery-item'>\n\t\t\t\t<dt class='gallery-icon portrait'>\n\t\t\t\t\t<a class=\"rollover\" href='https:\/\/www.radiopiu.net\/wordpress\/4daefd2f-d96b-4df9-b728-b3bc487f4050\/'><img loading=\"lazy\" decoding=\"async\" width=\"150\" height=\"150\" src=\"https:\/\/www.radiopiu.net\/wordpress\/wp-content\/uploads\/2019\/06\/4DAEFD2F-D96B-4DF9-B728-B3BC487F4050-150x150.jpeg\" class=\"attachment-thumbnail size-thumbnail\" alt=\"\" \/><\/a>\n\t\t\t\t<\/dt><\/dl><br style=\"clear: both\" \/><dl class='gallery-item'>\n\t\t\t\t<dt class='gallery-icon portrait'>\n\t\t\t\t\t<a class=\"rollover\" href='https:\/\/www.radiopiu.net\/wordpress\/f75a9618-3643-49e3-a734-11a0a111d288\/'><img loading=\"lazy\" decoding=\"async\" width=\"150\" height=\"150\" src=\"https:\/\/www.radiopiu.net\/wordpress\/wp-content\/uploads\/2019\/06\/F75A9618-3643-49E3-A734-11A0A111D288-150x150.jpeg\" class=\"attachment-thumbnail size-thumbnail\" alt=\"\" \/><\/a>\n\t\t\t\t<\/dt><\/dl><dl class='gallery-item'>\n\t\t\t\t<dt class='gallery-icon portrait'>\n\t\t\t\t\t<a class=\"rollover\" href='https:\/\/www.radiopiu.net\/wordpress\/b3841d40-dafc-4474-ba27-94374a2382ef\/'><img loading=\"lazy\" decoding=\"async\" width=\"150\" height=\"150\" src=\"https:\/\/www.radiopiu.net\/wordpress\/wp-content\/uploads\/2019\/06\/B3841D40-DAFC-4474-BA27-94374A2382EF-150x150.jpeg\" class=\"attachment-thumbnail size-thumbnail\" alt=\"\" \/><\/a>\n\t\t\t\t<\/dt><\/dl><dl class='gallery-item'>\n\t\t\t\t<dt class='gallery-icon portrait'>\n\t\t\t\t\t<a class=\"rollover\" href='https:\/\/www.radiopiu.net\/wordpress\/f48a81ad-eaf6-4e33-9697-769f9bac434d\/'><img loading=\"lazy\" decoding=\"async\" width=\"150\" height=\"150\" src=\"https:\/\/www.radiopiu.net\/wordpress\/wp-content\/uploads\/2019\/06\/F48A81AD-EAF6-4E33-9697-769F9BAC434D-150x150.jpeg\" class=\"attachment-thumbnail size-thumbnail\" alt=\"\" \/><\/a>\n\t\t\t\t<\/dt><\/dl><br style=\"clear: both\" \/><dl class='gallery-item'>\n\t\t\t\t<dt class='gallery-icon portrait'>\n\t\t\t\t\t<a class=\"rollover\" href='https:\/\/www.radiopiu.net\/wordpress\/68122228-45ba-43cb-802e-348bc34054a5\/'><img loading=\"lazy\" decoding=\"async\" width=\"150\" height=\"150\" src=\"https:\/\/www.radiopiu.net\/wordpress\/wp-content\/uploads\/2019\/06\/68122228-45BA-43CB-802E-348BC34054A5-150x150.jpeg\" class=\"attachment-thumbnail size-thumbnail\" alt=\"\" \/><\/a>\n\t\t\t\t<\/dt><\/dl><dl class='gallery-item'>\n\t\t\t\t<dt class='gallery-icon portrait'>\n\t\t\t\t\t<a class=\"rollover\" href='https:\/\/www.radiopiu.net\/wordpress\/dd226c63-d538-43e0-aee4-b1b8d0039a8b\/'><img loading=\"lazy\" decoding=\"async\" width=\"150\" height=\"150\" src=\"https:\/\/www.radiopiu.net\/wordpress\/wp-content\/uploads\/2019\/06\/DD226C63-D538-43E0-AEE4-B1B8D0039A8B-150x150.jpeg\" class=\"attachment-thumbnail size-thumbnail\" alt=\"\" \/><\/a>\n\t\t\t\t<\/dt><\/dl><dl class='gallery-item'>\n\t\t\t\t<dt class='gallery-icon portrait'>\n\t\t\t\t\t<a class=\"rollover\" href='https:\/\/www.radiopiu.net\/wordpress\/59a9896b-2fe4-4331-b57d-6e36f0ec74f8\/'><img loading=\"lazy\" decoding=\"async\" width=\"150\" height=\"150\" src=\"https:\/\/www.radiopiu.net\/wordpress\/wp-content\/uploads\/2019\/06\/59A9896B-2FE4-4331-B57D-6E36F0EC74F8-150x150.jpeg\" class=\"attachment-thumbnail size-thumbnail\" alt=\"\" \/><\/a>\n\t\t\t\t<\/dt><\/dl><br style=\"clear: both\" \/><dl class='gallery-item'>\n\t\t\t\t<dt class='gallery-icon portrait'>\n\t\t\t\t\t<a class=\"rollover\" href='https:\/\/www.radiopiu.net\/wordpress\/52d7e3ca-598b-4c94-a305-9cf5bf2ce1ac\/'><img loading=\"lazy\" decoding=\"async\" width=\"150\" height=\"150\" src=\"https:\/\/www.radiopiu.net\/wordpress\/wp-content\/uploads\/2019\/06\/52D7E3CA-598B-4C94-A305-9CF5BF2CE1AC-150x150.jpeg\" class=\"attachment-thumbnail size-thumbnail\" alt=\"\" \/><\/a>\n\t\t\t\t<\/dt><\/dl><dl class='gallery-item'>\n\t\t\t\t<dt class='gallery-icon portrait'>\n\t\t\t\t\t<a class=\"rollover\" href='https:\/\/www.radiopiu.net\/wordpress\/67ddd21d-7f7a-4a84-8986-172164c6c1a9\/'><img loading=\"lazy\" decoding=\"async\" width=\"150\" height=\"150\" src=\"https:\/\/www.radiopiu.net\/wordpress\/wp-content\/uploads\/2019\/06\/67DDD21D-7F7A-4A84-8986-172164C6C1A9-150x150.jpeg\" class=\"attachment-thumbnail size-thumbnail\" alt=\"\" \/><\/a>\n\t\t\t\t<\/dt><\/dl><dl class='gallery-item'>\n\t\t\t\t<dt class='gallery-icon portrait'>\n\t\t\t\t\t<a class=\"rollover\" href='https:\/\/www.radiopiu.net\/wordpress\/d81daab7-0960-489f-9701-a4da10873213\/'><img loading=\"lazy\" decoding=\"async\" width=\"150\" height=\"150\" src=\"https:\/\/www.radiopiu.net\/wordpress\/wp-content\/uploads\/2019\/06\/D81DAAB7-0960-489F-9701-A4DA10873213-150x150.jpeg\" class=\"attachment-thumbnail size-thumbnail\" alt=\"\" \/><\/a>\n\t\t\t\t<\/dt><\/dl><br style=\"clear: both\" \/><dl class='gallery-item'>\n\t\t\t\t<dt class='gallery-icon portrait'>\n\t\t\t\t\t<a class=\"rollover\" href='https:\/\/www.radiopiu.net\/wordpress\/a599f314-e5e2-45dc-9443-38eb3f6d7294\/'><img loading=\"lazy\" decoding=\"async\" width=\"150\" height=\"150\" src=\"https:\/\/www.radiopiu.net\/wordpress\/wp-content\/uploads\/2019\/06\/A599F314-E5E2-45DC-9443-38EB3F6D7294-150x150.jpeg\" class=\"attachment-thumbnail size-thumbnail\" alt=\"\" \/><\/a>\n\t\t\t\t<\/dt><\/dl><dl class='gallery-item'>\n\t\t\t\t<dt class='gallery-icon portrait'>\n\t\t\t\t\t<a class=\"rollover\" href='https:\/\/www.radiopiu.net\/wordpress\/907648db-afac-45f8-b3e2-ebfdb808999d\/'><img loading=\"lazy\" decoding=\"async\" width=\"150\" height=\"150\" src=\"https:\/\/www.radiopiu.net\/wordpress\/wp-content\/uploads\/2019\/06\/907648DB-AFAC-45F8-B3E2-EBFDB808999D-150x150.jpeg\" class=\"attachment-thumbnail size-thumbnail\" alt=\"\" \/><\/a>\n\t\t\t\t<\/dt><\/dl>\n\t\t\t\t<br style='clear: both' \/>\n\t\t\t<\/div>\n\n<p>&nbsp;<\/p>\n<p>&nbsp;<\/p>\n<p>&nbsp;<\/p>\n<p>&nbsp;<\/p>\n<h1>MARCO TORMEN VINCE LA SUA PRIMA GARA NELL\u2019ITALIANO<\/h1>\n<p>DI MARCO GAZ<\/p>\n<p><a class=\"dt-pswp-item\" href=\"http:\/\/www.radiopiu.net\/wordpress\/wp-content\/uploads\/2019\/06\/9329B431-DBF1-4FCE-BF9D-3984781EDCDD.jpeg\" data-dt-img-description=\"\" data-large_image_width=\"1600\" data-large_image_height=\"1067\"><img loading=\"lazy\" decoding=\"async\" class=\"size-medium wp-image-87802 alignleft\" src=\"http:\/\/www.radiopiu.net\/wordpress\/wp-content\/uploads\/2019\/06\/9329B431-DBF1-4FCE-BF9D-3984781EDCDD-300x200.jpeg\" alt=\"\" width=\"300\" height=\"200\" srcset=\"https:\/\/www.radiopiu.net\/wordpress\/wp-content\/uploads\/2019\/06\/9329B431-DBF1-4FCE-BF9D-3984781EDCDD-300x200.jpeg 300w, https:\/\/www.radiopiu.net\/wordpress\/wp-content\/uploads\/2019\/06\/9329B431-DBF1-4FCE-BF9D-3984781EDCDD-768x512.jpeg 768w, https:\/\/www.radiopiu.net\/wordpress\/wp-content\/uploads\/2019\/06\/9329B431-DBF1-4FCE-BF9D-3984781EDCDD-1024x683.jpeg 1024w, https:\/\/www.radiopiu.net\/wordpress\/wp-content\/uploads\/2019\/06\/9329B431-DBF1-4FCE-BF9D-3984781EDCDD.jpeg 1600w\" sizes=\"auto, (max-width: 300px) 100vw, 300px\" \/><\/a>\u00c8 andata in scena a Siena la seconda prova del Campionato Italiano Kart. Tra i protagonisti del fine settimana toscano anche l\u2019agordino Marco Tormen. Dopo una qualifica terminata tra le prime posizioni, il pilota di Voltago ha concluso al quinto posto gara 1 in mattinata. Il clou della giornata in gara 2 quando Tormen ha azzeccato la partenza e, giro dopo giro, \u00e8 riuscito a superare i diretti avversari fino a concludere in prima posizione. Prima vittoria per Marco nel Campionato Italiano e tanta commozione a fine gara per il pilota agordino che \u00e8 sceso in lacrime dal suo kart.<\/p>\n<p>&nbsp;<\/p>\n<p>LA GALLERY DELLA GIORNATA<\/p>\n\n\t\t\t<style type='text\/css'>\n\t\t\t\t#gallery-2 {\n\t\t\t\t\tmargin: auto;\n\t\t\t\t}\n\t\t\t\t#gallery-2 .gallery-item {\n\t\t\t\t\tfloat: left;\n\t\t\t\t\tmargin-top: 10px;\n\t\t\t\t\ttext-align: center;\n\t\t\t\t\twidth: 33%;\n\t\t\t\t}\n\t\t\t\t#gallery-2 img {\n\t\t\t\t\tborder: 2px solid #cfcfcf;\n\t\t\t\t}\n\t\t\t\t#gallery-2 .gallery-caption {\n\t\t\t\t\tmargin-left: 0;\n\t\t\t\t}\n\t\t\t\t\/* see gallery_shortcode() in wp-includes\/media.php *\/\n\t\t\t<\/style>\n\t\t<div id='gallery-2' class='dt-gallery-container gallery galleryid-87838 gallery-columns-3 gallery-size-thumbnail'><dl class='gallery-item'>\n\t\t\t\t<dt class='gallery-icon landscape'>\n\t\t\t\t\t<a class=\"rollover\" href='https:\/\/www.radiopiu.net\/wordpress\/marco-tormen-vince-la-sua-prima-gara-nellitaliano\/087e0647-b81c-4b77-8c0b-90ab0a0b67c0\/'><img loading=\"lazy\" decoding=\"async\" width=\"150\" height=\"150\" src=\"https:\/\/www.radiopiu.net\/wordpress\/wp-content\/uploads\/2019\/06\/087E0647-B81C-4B77-8C0B-90AB0A0B67C0-150x150.jpeg\" class=\"attachment-thumbnail size-thumbnail\" alt=\"\" \/><\/a>\n\t\t\t\t<\/dt><\/dl><dl class='gallery-item'>\n\t\t\t\t<dt class='gallery-icon landscape'>\n\t\t\t\t\t<a class=\"rollover\" href='https:\/\/www.radiopiu.net\/wordpress\/marco-tormen-vince-la-sua-prima-gara-nellitaliano\/610b9d69-3b34-42d5-8660-0317f12d3910\/'><img loading=\"lazy\" decoding=\"async\" width=\"150\" height=\"150\" src=\"https:\/\/www.radiopiu.net\/wordpress\/wp-content\/uploads\/2019\/06\/610B9D69-3B34-42D5-8660-0317F12D3910-150x150.jpeg\" class=\"attachment-thumbnail size-thumbnail\" alt=\"\" \/><\/a>\n\t\t\t\t<\/dt><\/dl><dl class='gallery-item'>\n\t\t\t\t<dt class='gallery-icon landscape'>\n\t\t\t\t\t<a class=\"rollover\" href='https:\/\/www.radiopiu.net\/wordpress\/marco-tormen-vince-la-sua-prima-gara-nellitaliano\/96397e44-5780-483b-afab-85e9a0dc4b58\/'><img loading=\"lazy\" decoding=\"async\" width=\"150\" height=\"150\" src=\"https:\/\/www.radiopiu.net\/wordpress\/wp-content\/uploads\/2019\/06\/96397E44-5780-483B-AFAB-85E9A0DC4B58-150x150.jpeg\" class=\"attachment-thumbnail size-thumbnail\" alt=\"\" \/><\/a>\n\t\t\t\t<\/dt><\/dl><br style=\"clear: both\" \/><dl class='gallery-item'>\n\t\t\t\t<dt class='gallery-icon portrait'>\n\t\t\t\t\t<a class=\"rollover\" href='https:\/\/www.radiopiu.net\/wordpress\/marco-tormen-vince-la-sua-prima-gara-nellitaliano\/88eae33f-7eb6-418f-8db3-b4bc8686c7b2\/'><img loading=\"lazy\" decoding=\"async\" width=\"150\" height=\"150\" src=\"https:\/\/www.radiopiu.net\/wordpress\/wp-content\/uploads\/2019\/06\/88EAE33F-7EB6-418F-8DB3-B4BC8686C7B2-150x150.jpeg\" class=\"attachment-thumbnail size-thumbnail\" alt=\"\" \/><\/a>\n\t\t\t\t<\/dt><\/dl>\n\t\t\t\t<br style='clear: both' \/>\n\t\t\t<\/div>\n\n<p><strong>LE PAROLE DI MARCO TORMEN<\/strong><\/p>\n<audio class=\"wp-audio-shortcode\" id=\"audio-87838-7\" preload=\"none\" style=\"width: 100%;\" controls=\"controls\"><source type=\"audio\/mpeg\" src=\"http:\/\/www.radiopiu.net\/wordpress\/wp-content\/uploads\/2019\/06\/80-TORMEN-KART.mp3?_=7\" \/><a href=\"http:\/\/www.radiopiu.net\/wordpress\/wp-content\/uploads\/2019\/06\/80-TORMEN-KART.mp3\">http:\/\/www.radiopiu.net\/wordpress\/wp-content\/uploads\/2019\/06\/80-TORMEN-KART.mp3<\/a><\/audio>\n<p>&nbsp;<\/p>\n<p>&nbsp;<\/p>\n<p>&nbsp;<\/p>\n<p>&nbsp;<\/p>\n<h2>LA DOLOMITI EXETREME TRAIL DI JIMMY<\/h2>\n<blockquote><p><strong>Jimmy Pellegrini formato gigante nella settima edizione di Dolomiti Extreme Trail: sua la spettacolare 103 K della Val di Zoldo<\/strong> <strong>L&#8217;atleta altoatesino si impone nella gara regina della Val di Zoldo, la 103 K (7150 metri di dislivello). Piazza d&#8217;onore per il lombardo Nicola Bassi. In 1500 al via, provenienti da 46 nazioni<\/strong><\/p><\/blockquote>\n<p><strong><a class=\"dt-pswp-item\" href=\"http:\/\/www.radiopiu.net\/wordpress\/wp-content\/uploads\/2019\/06\/jimmy-pellegrini-vincitore-dxt-2019-sullo-sfondo-il-monte-pelmo-credito-ANDREA-SAGUI.jpg\" data-dt-img-description=\"\" data-large_image_width=\"1200\" data-large_image_height=\"801\"><img loading=\"lazy\" decoding=\"async\" class=\"size-medium wp-image-87845 alignleft\" src=\"http:\/\/www.radiopiu.net\/wordpress\/wp-content\/uploads\/2019\/06\/jimmy-pellegrini-vincitore-dxt-2019-sullo-sfondo-il-monte-pelmo-credito-ANDREA-SAGUI-300x200.jpg\" alt=\"\" width=\"300\" height=\"200\" srcset=\"https:\/\/www.radiopiu.net\/wordpress\/wp-content\/uploads\/2019\/06\/jimmy-pellegrini-vincitore-dxt-2019-sullo-sfondo-il-monte-pelmo-credito-ANDREA-SAGUI-300x200.jpg 300w, https:\/\/www.radiopiu.net\/wordpress\/wp-content\/uploads\/2019\/06\/jimmy-pellegrini-vincitore-dxt-2019-sullo-sfondo-il-monte-pelmo-credito-ANDREA-SAGUI-768x513.jpg 768w, https:\/\/www.radiopiu.net\/wordpress\/wp-content\/uploads\/2019\/06\/jimmy-pellegrini-vincitore-dxt-2019-sullo-sfondo-il-monte-pelmo-credito-ANDREA-SAGUI-1024x684.jpg 1024w, https:\/\/www.radiopiu.net\/wordpress\/wp-content\/uploads\/2019\/06\/jimmy-pellegrini-vincitore-dxt-2019-sullo-sfondo-il-monte-pelmo-credito-ANDREA-SAGUI.jpg 1200w\" sizes=\"auto, (max-width: 300px) 100vw, 300px\" \/><\/a>Val di Zoldo (Dolomiti Bellunesi), 9 giugno 2019 \u2013 <\/strong>Due giorni di fatica e spettacolo, corsa e panorami mozzafiato in Val di Zoldo, con le rocce dolomitiche (dal Pelmo al Civetta, dalla Moiazza al San Sebastiano al Bosconero) a fare da cornice. E il mondo protagonista. Sono state infatti 46 le nazioni che tra sabato 8 e domenica 9 giugno hanno dato vita alla settima edizione della Dolomiti Extreme Trail. Un trail davvero estremo quello proposto dall&#8217;Atletica Zoldo, con tre percorsi tecnici, severi, scenografici: la gara regina, 103 chilometri di sviluppo e 7.150 metri di dislivello positivo e altrettanti di dislivello negativo, la 53 chilometri (3.800 metri di dislivello) e la 23 chilometri (1.000 metri di dislivello). 1500 i concorrenti al via. <strong>Jimmy Pellegrini, un gigante nella 103 K <\/strong>\u2013 Dopo tante partecipazioni e tanti piazzamenti, in questo 2019 Jimmy Pellegrini \u00e8 salito finalmente sul gradino pi\u00f9 alto del podio. Il &#8220;gigante&#8221; di Laghetti di Egna (Bolzano) ha portato a termine la propria fatica nella gara regina, la 103 K, partita alle 5 del mattino di sabato 8 (e disputata su un tracciato che presentava alcune variazioni rispetto all&#8217;originale a causa dell&#8217;ancora abbondante neve in quota, variazioni che comunque non hanno modificato i contenuti tecnici dell&#8217;evento che ha mantenuto inalterati chilometraggio e dislivello), con il tempo di 12h28&#8217;24&#8221;. Dopo aver lasciato sfogare lo svizzero Serge Lattion nella prima parte di gara, fino al transito al Passo Duran, Pellegrini ha preso in mano le redini della gara insieme a Nicola Bassi. Con il mantovano di Castiglione delle Stiviere, Pellegrini ha fatto gara di testa per poi far valere la sua potenza nel tratto finale, pi\u00f9 corribile. \u00abHo iniziato a fare trail proprio qui, in Val di Zoldo, nel 2013 (ottavo nella gara che allora misurava 52 km ndr), e da allora sono venuto quasi tutti gli anni. Ho sempre fatto bene e questa volta ho vinto: la soddisfazione \u00e8 davvero tanta\u00bb spiega Pellegrini. \u00abSono sincero, per usare un termine ciclistico ho succhiato un po&#8217; la ruota a Nicola e poi nel leggero falsopiano in discesa finale ho fatto valere le mie lunghe leve. Ho vinto io, s\u00ec, ma abbiamo vinto entrambi\u00bb. Tra le donne, la pi\u00f9 brava \u00e8 stata la svizzera Corine Kagerer, prima in 16h02&#8217;50&#8221;. Piazza d&#8217;onore per Maria Elisabetta Lastri (16h35&#8217;11&#8221;) e terzo posto per Marta Poretti (17h10&#8217;28&#8221;) arrivata insieme a Chiara Boggio e Graziana P\u00e8. <a class=\"dt-pswp-item\" href=\"http:\/\/www.radiopiu.net\/wordpress\/wp-content\/uploads\/2019\/06\/dxt-53-K-08.06.2019-il-vincitore-simone-corsini.jpg\" data-dt-img-description=\"\" data-large_image_width=\"1600\" data-large_image_height=\"968\"><img loading=\"lazy\" decoding=\"async\" class=\"size-medium wp-image-87847 alignright\" src=\"http:\/\/www.radiopiu.net\/wordpress\/wp-content\/uploads\/2019\/06\/dxt-53-K-08.06.2019-il-vincitore-simone-corsini-300x182.jpg\" alt=\"\" width=\"300\" height=\"182\" srcset=\"https:\/\/www.radiopiu.net\/wordpress\/wp-content\/uploads\/2019\/06\/dxt-53-K-08.06.2019-il-vincitore-simone-corsini-300x182.jpg 300w, https:\/\/www.radiopiu.net\/wordpress\/wp-content\/uploads\/2019\/06\/dxt-53-K-08.06.2019-il-vincitore-simone-corsini-768x465.jpg 768w, https:\/\/www.radiopiu.net\/wordpress\/wp-content\/uploads\/2019\/06\/dxt-53-K-08.06.2019-il-vincitore-simone-corsini-1024x620.jpg 1024w, https:\/\/www.radiopiu.net\/wordpress\/wp-content\/uploads\/2019\/06\/dxt-53-K-08.06.2019-il-vincitore-simone-corsini.jpg 1600w\" sizes=\"auto, (max-width: 300px) 100vw, 300px\" \/><\/a> <strong>53 K, vittorie per Corsini e Valmassoi \u2013<\/strong> Nella gara sui 53 chilometri, partita alle 5.30 di sabato mattina, si \u00e8 imposto l&#8217;emiliano Simone Corsini (6h37&#8217;52) che nella discesa finale \u00e8 riuscito a distanziare il lombardo Giovanni Tacchini con il quale aveva fatto gara parallela per tanti chilometri. Al secondo e terzo posto lo stesso Tacchini (6h39&#8217;09) e il veronese Francesco Lorenzi (6h40&#8217;50&#8221;). Tra le donne, dominio della bellunese, ex azzurra dello sci alpinismo, Martina Valmassoi, che ha completato il percorso in 7h35&#8217;15&#8221;, precedendo l&#8217;altoatesina Maria Kamenater (8h270&#8217;33&#8221;) e la veneta Camilla Spagnol (8h27&#8217;46&#8221;). <strong>Nella 23 K Val di Zoldo protagonista \u2013 <\/strong>Domenica 9 giugno, la seconda e conclusiva giornata della Dolomiti Extreme Trail ha visto la disputa della 23 K, gara spettacolare che attraversava tanti paesini e frazioni della Val di Zoldo. E proprio gli atleti zoldani sono stati protagonisti assoluti: vittoria per lo specialista della corsa in montagna Elia Costa(1h51&#8217;11&#8221;) e terzo posto per Luca Mosena (1h59&#8217;10&#8221;). Nel mezzo, il tedesco Johannes Hinterseer (1h52&#8217;07&#8221;). Tra le donne, successo per la britannica Rachel Normand ( 2h21&#8217;06&#8221;) su Angela De Poi (2h25&#8217;39&#8221;) e Chiara Gianola (2h28&#8217;56&#8221;). Le classifiche <strong>103 K maschile<\/strong>: 1. Jimmy Pellegrini 12h28.24; 2. Nicola Bassi 12h28.31; 3. Andrea Mattiato 13h28.04; 4. Peter Kienzl 13h36.34; 5. Rainer Hilz (Germania) 14h01.13; 6. Michel van Dijk (Olanda) 14h16.06; 7. Adrien Foix (Francia) 14h47.03; 8. Yann Theodin (Francia) 14h56.48; 9. Gabriele Gallo 15h04.26; 10. Serge Lattion (Svizzera) 15h10.16. <strong>103 K femminile<\/strong>: 1. Corine Kagerer (Svizzera) 16h02.50; 2. Maria Elisabetta Lastri 16h35.11; 3. Marta Poretti 17h10.28; 4. Chiara Boggio 17h10.35; 5. Graziana P\u00e8 17h10.39. <strong>53 K maschile<\/strong>: 1. Simone Corsini 6h37.52; 2. Giovanni Tacchini 6h39.09; 3. Francesco Lorenzi 6h40.50; 4. Daniele Fant 6h59.39; 5. Daniele Bell\u00e8 7h00.36; 6. Andrea Protti 7h01.21; 7. Kim Roervik (Norvegia) 7h14.43; 8. Rafael Couto (Spagna) 7h16.45; 9. Mirko Fioretti 7h19.54; 10. Marco Piccin 7h21.17. <a class=\"dt-pswp-item\" href=\"http:\/\/www.radiopiu.net\/wordpress\/wp-content\/uploads\/2019\/06\/podio-femminile-103-K-DXT-2019.jpg\" data-dt-img-description=\"\" data-large_image_width=\"1600\" data-large_image_height=\"1066\"><img loading=\"lazy\" decoding=\"async\" class=\"size-medium wp-image-87846 alignleft\" src=\"http:\/\/www.radiopiu.net\/wordpress\/wp-content\/uploads\/2019\/06\/podio-femminile-103-K-DXT-2019-300x200.jpg\" alt=\"\" width=\"300\" height=\"200\" srcset=\"https:\/\/www.radiopiu.net\/wordpress\/wp-content\/uploads\/2019\/06\/podio-femminile-103-K-DXT-2019-300x200.jpg 300w, https:\/\/www.radiopiu.net\/wordpress\/wp-content\/uploads\/2019\/06\/podio-femminile-103-K-DXT-2019-768x512.jpg 768w, https:\/\/www.radiopiu.net\/wordpress\/wp-content\/uploads\/2019\/06\/podio-femminile-103-K-DXT-2019-1024x682.jpg 1024w, https:\/\/www.radiopiu.net\/wordpress\/wp-content\/uploads\/2019\/06\/podio-femminile-103-K-DXT-2019.jpg 1600w\" sizes=\"auto, (max-width: 300px) 100vw, 300px\" \/><\/a> <strong>53 K femminile<\/strong>: 1. Martina Valmassoi 7h35.15; 2. Maria Kamenater 8h27.33; 3. Camilla Spagnol 8h27.46; 4. Angelika Eckl 8h45.15; 5. Malin Martensson (Svezia) 9h17.46. <strong>23 K maschile<\/strong>: 1. Elia Costa 1h51.11; 2. Johannes Hinterseer (Germania) 1h52.07; 3. Luca Mosena 1h59.10; 4. Nico Dalcolmo (Svizzera) 2hh.05; 5. Gilbert Llado Colom (Spagna) 2h06.10; 6. Martin Berger 2h06.15; 7. Stefano Mognol 2h07.30; 8. Dino Grbic (Slovenia) 2h06.15; 9. Sandro Dimai 2h09.59; 10. Giacomo Zanon 2h10.26. <strong>23 K femminile<\/strong>: 1. Rachel Normand (Gran Bretagna) 2h21.06; 2. Angela De Poi 2h25.39; 3. Chiara Gianola 2h28.56; 4. Victoria Otten (Germania) 2h32.05; 5. Claire Vrolant (Francia) 2h38.27. <strong>La Mini Dxt e gli organizzatori &#8211;<\/strong> Da segnalare che la mattinata di domenica ha visto anche la disputa della Mini Dxt, con oltre centocinquanta bambini e ragazzi a confrontarsi sul tracciato di 2.5 e 5 km. \u00abChiudiamo un&#8217;altra bella edizione della Dxt, caratterizzata da una partecipazione record\u00bb commentano Paolo Franchi e Corrado De Rocco, coordinatori dello staff organizzativo. \u00abAbbiamo avuto tantissimi stranieri, met\u00e0 degli iscritti, con 46 nazioni presenti. Un grande grazie a tutti coloro che ci hanno sostenuto, in particolare ai volontari che hanno lavorato per il\u00a0<strong>ripristino dei sentieri<\/strong>\u00a0rovinati lo scorso autunno a seguito della tempesta Vaia\u00bb.<\/p>\n<p>&nbsp;<\/p>\n<p>&nbsp;<\/p>\n<p>&nbsp;<\/p>\n<p>&nbsp;<\/p>\n<p><a class=\"dt-pswp-item\" href=\"http:\/\/www.radiopiu.net\/wordpress\/wp-content\/uploads\/2018\/09\/WhatsApp-Image-2018-09-20-at-16.04.06.jpeg\" data-dt-img-description=\"\" data-large_image_width=\"800\" data-large_image_height=\"100\"><img loading=\"lazy\" decoding=\"async\" class=\"alignnone wp-image-61378 size-full\" src=\"http:\/\/www.radiopiu.net\/wordpress\/wp-content\/uploads\/2018\/09\/WhatsApp-Image-2018-09-20-at-16.04.06.jpeg\" alt=\"\" width=\"800\" height=\"100\" srcset=\"https:\/\/www.radiopiu.net\/wordpress\/wp-content\/uploads\/2018\/09\/WhatsApp-Image-2018-09-20-at-16.04.06.jpeg 800w, https:\/\/www.radiopiu.net\/wordpress\/wp-content\/uploads\/2018\/09\/WhatsApp-Image-2018-09-20-at-16.04.06-300x38.jpeg 300w, https:\/\/www.radiopiu.net\/wordpress\/wp-content\/uploads\/2018\/09\/WhatsApp-Image-2018-09-20-at-16.04.06-768x96.jpeg 768w\" sizes=\"auto, (max-width: 800px) 100vw, 800px\" \/><\/a><\/p>\n<p>&nbsp;<\/p>\n<p><center><b>Martedi 11<\/b><\/center><b>Tempo atteso: <\/b>Alternanza di nuvole e rasserenamenti. <b>Precipitazioni: <\/b>Probabilit\u00e0 media (40-60%) per rovesci\/temporali sparsi in vari momenti della giornata.<br \/>\n<b>Temperature: <\/b>Rispetto a luned\u00ec nelle ore notturne avranno andamento irregolare, nelle ore diurne in calo anche sensibile. Min\/max su Prealpi 13\/16 \u00b0C a 1500 m e 10\/12 \u00b0C a 2000 m, su Dolomiti 10\/13 \u00b0C a 2000 m e 3\/5 \u00b0C a 3000 m.<b>Venti: <\/b>Nelle valli deboli\/moderati con direzione variabile, in alta montagna moderati\/tesi da sud. A 2000 m 25\/40 km\/h, a 3000 m 50\/70 km\/h.<\/p>\n<hr \/>\n<p><center><b>Mercoledi 12<\/b><\/center>Alternanza di nuvole e rasserenamenti con alcuni rovesci\/temporali in vari momenti della giornata, temperature in calo.<\/p>\n<hr \/>\n<p><center><b>Giovedi 13<\/b><\/center>Cielo in prevalenza poco nuvoloso, temporaneamente parzialmente nuvoloso o nuvoloso. Precipitazioni generalmente assenti, a tratti piovaschi\/rovesci locali. Temperature con andamento irregolare nelle ore notturne e in aumento nelle ore diurne. Previsore: SV<\/p>\n","protected":false},"excerpt":{"rendered":"<p>Giornata impegnativa per vigili del fuoco, soccorso alpino e forze di polizia nel primo vero settimana estivo. A Cancia di Borca di Cadore due le persone evacuate e una donna intossicata \u00e8 il bilancio dell&#8217;incendio che ha distrutto tetto e mansarda di un&#8217;abitazione ora dichiarata inagibile. L&#8217;incendio a mezzogiorno ed \u00e8 servita un&#8217;intera giornata per&hellip;<\/p>\n","protected":false},"author":1,"featured_media":87876,"comment_status":"closed","ping_status":"closed","sticky":false,"template":"","format":"standard","meta":{"_monsterinsights_skip_tracking":false,"_monsterinsights_sitenote_active":false,"_monsterinsights_sitenote_note":"","_monsterinsights_sitenote_category":0,"footnotes":""},"categories":[86],"tags":[],"class_list":["post-87838","post","type-post","status-publish","format-standard","has-post-thumbnail","hentry","category-gr","category-86","description-off"],"img_url":"https:\/\/www.radiopiu.net\/wordpress\/wp-content\/uploads\/2019\/06\/photo_2019-06-09_18-50-15logo-1.jpg","_links":{"self":[{"href":"https:\/\/www.radiopiu.net\/wordpress\/wp-json\/wp\/v2\/posts\/87838","targetHints":{"allow":["GET"]}}],"collection":[{"href":"https:\/\/www.radiopiu.net\/wordpress\/wp-json\/wp\/v2\/posts"}],"about":[{"href":"https:\/\/www.radiopiu.net\/wordpress\/wp-json\/wp\/v2\/types\/post"}],"author":[{"embeddable":true,"href":"https:\/\/www.radiopiu.net\/wordpress\/wp-json\/wp\/v2\/users\/1"}],"replies":[{"embeddable":true,"href":"https:\/\/www.radiopiu.net\/wordpress\/wp-json\/wp\/v2\/comments?post=87838"}],"version-history":[{"count":0,"href":"https:\/\/www.radiopiu.net\/wordpress\/wp-json\/wp\/v2\/posts\/87838\/revisions"}],"wp:featuredmedia":[{"embeddable":true,"href":"https:\/\/www.radiopiu.net\/wordpress\/wp-json\/wp\/v2\/media\/87876"}],"wp:attachment":[{"href":"https:\/\/www.radiopiu.net\/wordpress\/wp-json\/wp\/v2\/media?parent=87838"}],"wp:term":[{"taxonomy":"category","embeddable":true,"href":"https:\/\/www.radiopiu.net\/wordpress\/wp-json\/wp\/v2\/categories?post=87838"},{"taxonomy":"post_tag","embeddable":true,"href":"https:\/\/www.radiopiu.net\/wordpress\/wp-json\/wp\/v2\/tags?post=87838"}],"curies":[{"name":"wp","href":"https:\/\/api.w.org\/{rel}","templated":true}]}}