{"id":87868,"date":"2019-06-09T20:28:12","date_gmt":"2019-06-09T18:28:12","guid":{"rendered":"http:\/\/www.radiopiu.net\/wordpress\/?p=87868"},"modified":"2019-06-11T06:29:49","modified_gmt":"2019-06-11T04:29:49","slug":"abano-terme-per-la-ricostruzione-in-riva-al-lago","status":"publish","type":"post","link":"https:\/\/www.radiopiu.net\/wordpress\/abano-terme-per-la-ricostruzione-in-riva-al-lago\/","title":{"rendered":"ABANO TERME PER LA RICOSTRUZIONE IN RIVA AL LAGO\u00a0"},"content":{"rendered":"<h2><\/h2>\n<div><a class=\"dt-pswp-item\" href=\"http:\/\/www.radiopiu.net\/wordpress\/wp-content\/uploads\/2019\/06\/IMG-20190608-WA0001-1.jpg\" data-dt-img-description=\"\" data-large_image_width=\"1147\" data-large_image_height=\"1599\"><img loading=\"lazy\" decoding=\"async\" class=\"size-thumbnail wp-image-87866 alignleft\" src=\"http:\/\/www.radiopiu.net\/wordpress\/wp-content\/uploads\/2019\/06\/IMG-20190608-WA0001-1-150x150.jpg\" alt=\"\" width=\"150\" height=\"150\" \/><\/a><\/div>\n<div>\n<h2><\/h2>\n<div><strong>ALLEGHE<\/strong> Sabato\u00a0 sera presso la chiesa del Sacro Cuore di Abano Terme, organizzato dall&#8217;assessorato alla cultura dell citt\u00e0 di Abano terme e dall&#8217;associazione Artisti insieme per il Veneto si \u00e8 tenuto il concerto di solidariet\u00e0 per la raccolta fondi per il Comune di Alleghe, del coro Citt\u00e0 di Piazzola Sul Brenta diretto dal maestro Paolo Piana. Prima dell&#8217;inizio l&#8217;assessore alla cultura del comune di Abano ha consegnato al sindaco\u00a0 Danili De Toni una targa ricordo. De Toni a sua volta ha consegnato all&#8217;assessore Cristina Pollazzi e al maestro Franceschetti il gagliardetto del comune di Alleghe e due sculture in legno dell&#8217;artista Gianni Da Tos. L&#8217;assessore Spollazzi ha ribadito che la presenza del sindaco di Alleghe al concerto ha suggellato l&#8217;amicizia tra i due Comuni<\/div>\n<div><\/div>\n<div><\/div>\n<div><a class=\"dt-pswp-item\" href=\"http:\/\/www.radiopiu.net\/wordpress\/wp-content\/uploads\/2019\/06\/IMG-20190608-WA0006.jpg\" data-dt-img-description=\"\" data-large_image_width=\"1200\" data-large_image_height=\"1600\"><img loading=\"lazy\" decoding=\"async\" class=\"alignnone size-thumbnail wp-image-87869\" src=\"http:\/\/www.radiopiu.net\/wordpress\/wp-content\/uploads\/2019\/06\/IMG-20190608-WA0006-150x150.jpg\" alt=\"\" width=\"150\" height=\"150\" \/><\/a><a class=\"dt-pswp-item\" href=\"http:\/\/www.radiopiu.net\/wordpress\/wp-content\/uploads\/2019\/06\/IMG-20190607-WA0016.jpg\" data-dt-img-description=\"\" data-large_image_width=\"1600\" data-large_image_height=\"1200\"><img loading=\"lazy\" decoding=\"async\" class=\"alignnone size-thumbnail wp-image-87867\" src=\"http:\/\/www.radiopiu.net\/wordpress\/wp-content\/uploads\/2019\/06\/IMG-20190607-WA0016-150x150.jpg\" alt=\"\" width=\"150\" height=\"150\" \/><\/a><a class=\"dt-pswp-item\" href=\"http:\/\/www.radiopiu.net\/wordpress\/wp-content\/uploads\/2019\/06\/IMG-20190608-WA0009.jpg\" data-dt-img-description=\"\" data-large_image_width=\"1600\" data-large_image_height=\"1200\"><img loading=\"lazy\" decoding=\"async\" class=\"alignnone size-thumbnail wp-image-87865\" src=\"http:\/\/www.radiopiu.net\/wordpress\/wp-content\/uploads\/2019\/06\/IMG-20190608-WA0009-150x150.jpg\" alt=\"\" width=\"150\" height=\"150\" \/><\/a><a class=\"dt-pswp-item\" href=\"http:\/\/www.radiopiu.net\/wordpress\/wp-content\/uploads\/2019\/06\/IMG-20190607-WA0011-1.jpg\" data-dt-img-description=\"\" data-large_image_width=\"1600\" data-large_image_height=\"1200\"><img loading=\"lazy\" decoding=\"async\" class=\"alignnone  wp-image-87864\" src=\"http:\/\/www.radiopiu.net\/wordpress\/wp-content\/uploads\/2019\/06\/IMG-20190607-WA0011-1-300x225.jpg\" alt=\"\" width=\"201\" height=\"151\" srcset=\"https:\/\/www.radiopiu.net\/wordpress\/wp-content\/uploads\/2019\/06\/IMG-20190607-WA0011-1-300x225.jpg 300w, https:\/\/www.radiopiu.net\/wordpress\/wp-content\/uploads\/2019\/06\/IMG-20190607-WA0011-1-768x576.jpg 768w, https:\/\/www.radiopiu.net\/wordpress\/wp-content\/uploads\/2019\/06\/IMG-20190607-WA0011-1-1024x768.jpg 1024w, https:\/\/www.radiopiu.net\/wordpress\/wp-content\/uploads\/2019\/06\/IMG-20190607-WA0011-1.jpg 1600w\" sizes=\"auto, (max-width: 201px) 100vw, 201px\" \/><\/a><\/div>\n<div><\/div>\n<div><\/div>\n<div><\/div>\n<\/div>\n","protected":false},"excerpt":{"rendered":"<p>ALLEGHE Sabato\u00a0 sera presso la chiesa del Sacro Cuore di Abano Terme, organizzato dall&#8217;assessorato alla cultura dell citt\u00e0 di Abano terme e dall&#8217;associazione Artisti insieme per il Veneto si \u00e8 tenuto il concerto di solidariet\u00e0 per la raccolta fondi per il Comune di Alleghe, del coro Citt\u00e0 di Piazzola Sul Brenta diretto dal maestro Paolo&hellip;<\/p>\n","protected":false},"author":1,"featured_media":87869,"comment_status":"closed","ping_status":"closed","sticky":false,"template":"","format":"standard","meta":{"_monsterinsights_skip_tracking":false,"_monsterinsights_sitenote_active":false,"_monsterinsights_sitenote_note":"","_monsterinsights_sitenote_category":0,"footnotes":""},"categories":[103,49],"tags":[],"class_list":["post-87868","post","type-post","status-publish","format-standard","has-post-thumbnail","hentry","category-evidenza_2","category-news-18","category-103","category-49","description-off"],"img_url":"https:\/\/www.radiopiu.net\/wordpress\/wp-content\/uploads\/2019\/06\/IMG-20190608-WA0006.jpg","_links":{"self":[{"href":"https:\/\/www.radiopiu.net\/wordpress\/wp-json\/wp\/v2\/posts\/87868","targetHints":{"allow":["GET"]}}],"collection":[{"href":"https:\/\/www.radiopiu.net\/wordpress\/wp-json\/wp\/v2\/posts"}],"about":[{"href":"https:\/\/www.radiopiu.net\/wordpress\/wp-json\/wp\/v2\/types\/post"}],"author":[{"embeddable":true,"href":"https:\/\/www.radiopiu.net\/wordpress\/wp-json\/wp\/v2\/users\/1"}],"replies":[{"embeddable":true,"href":"https:\/\/www.radiopiu.net\/wordpress\/wp-json\/wp\/v2\/comments?post=87868"}],"version-history":[{"count":0,"href":"https:\/\/www.radiopiu.net\/wordpress\/wp-json\/wp\/v2\/posts\/87868\/revisions"}],"wp:featuredmedia":[{"embeddable":true,"href":"https:\/\/www.radiopiu.net\/wordpress\/wp-json\/wp\/v2\/media\/87869"}],"wp:attachment":[{"href":"https:\/\/www.radiopiu.net\/wordpress\/wp-json\/wp\/v2\/media?parent=87868"}],"wp:term":[{"taxonomy":"category","embeddable":true,"href":"https:\/\/www.radiopiu.net\/wordpress\/wp-json\/wp\/v2\/categories?post=87868"},{"taxonomy":"post_tag","embeddable":true,"href":"https:\/\/www.radiopiu.net\/wordpress\/wp-json\/wp\/v2\/tags?post=87868"}],"curies":[{"name":"wp","href":"https:\/\/api.w.org\/{rel}","templated":true}]}}