{"id":87925,"date":"2019-06-10T06:02:00","date_gmt":"2019-06-10T04:02:00","guid":{"rendered":"http:\/\/www.radiopiu.net\/wordpress\/?p=87925"},"modified":"2019-06-11T06:28:02","modified_gmt":"2019-06-11T04:28:02","slug":"riflessioni-in-montagna-di-claudio-pra","status":"publish","type":"post","link":"https:\/\/www.radiopiu.net\/wordpress\/riflessioni-in-montagna-di-claudio-pra\/","title":{"rendered":"RIFLESSIONI IN MONTAGNA, DI CLAUDIO PRA"},"content":{"rendered":"<h2><\/h2>\n<blockquote><p>Nonostante l\u2019ammirevole e mai troppo lodato lavoro per il ripristino della rete sentieristica che tanti volontari stanno conducendo sui nostri territori, l\u2019immane devastazione di Vaia \u00e8 ancora ben presente su molti tracciati. Ci vorr\u00e0 tempo e tanto altro sudore prima che tutto venga sistemato. Nel frattempo, con l\u2019apertura della stagione estiva, non \u00e8 infrequente ritrovarsi a quote medio basse in un labirinto di piante abbattute dove il passaggio, se non impossibile, risulta molto difficoltoso, faticoso e anche pericoloso. Raggiunta una cima o un posto in quota il panorama appare totalmente modificato, con amplissime zone marroncine disseminate tra il verde. Sono le migliaia di alberi abbattuti, che risaltano per contrasto molto pi\u00f9 di qualche mese fa. Un qualcosa a cui non si riesce a fare l\u2019abitudine e che lascia ogni volta stupiti<\/p><\/blockquote>\n<p><a class=\"dt-pswp-item\" href=\"http:\/\/www.radiopiu.net\/wordpress\/wp-content\/uploads\/2019\/06\/62262992_2339795003010638_8782885052879994880_n.jpg\" data-dt-img-description=\"\" data-large_image_width=\"960\" data-large_image_height=\"540\"><img loading=\"lazy\" decoding=\"async\" class=\"alignnone size-medium wp-image-87918\" src=\"http:\/\/www.radiopiu.net\/wordpress\/wp-content\/uploads\/2019\/06\/62262992_2339795003010638_8782885052879994880_n-300x169.jpg\" alt=\"\" width=\"300\" height=\"169\" srcset=\"https:\/\/www.radiopiu.net\/wordpress\/wp-content\/uploads\/2019\/06\/62262992_2339795003010638_8782885052879994880_n-300x169.jpg 300w, https:\/\/www.radiopiu.net\/wordpress\/wp-content\/uploads\/2019\/06\/62262992_2339795003010638_8782885052879994880_n-768x432.jpg 768w, https:\/\/www.radiopiu.net\/wordpress\/wp-content\/uploads\/2019\/06\/62262992_2339795003010638_8782885052879994880_n.jpg 960w\" sizes=\"auto, (max-width: 300px) 100vw, 300px\" \/><\/a><a class=\"dt-pswp-item\" href=\"http:\/\/www.radiopiu.net\/wordpress\/wp-content\/uploads\/2019\/06\/62536744_2339795159677289_1628286504948203520_n.jpg\" data-dt-img-description=\"\" data-large_image_width=\"960\" data-large_image_height=\"540\"><img loading=\"lazy\" decoding=\"async\" class=\"alignnone size-medium wp-image-87919\" src=\"http:\/\/www.radiopiu.net\/wordpress\/wp-content\/uploads\/2019\/06\/62536744_2339795159677289_1628286504948203520_n-300x169.jpg\" alt=\"\" width=\"300\" height=\"169\" srcset=\"https:\/\/www.radiopiu.net\/wordpress\/wp-content\/uploads\/2019\/06\/62536744_2339795159677289_1628286504948203520_n-300x169.jpg 300w, https:\/\/www.radiopiu.net\/wordpress\/wp-content\/uploads\/2019\/06\/62536744_2339795159677289_1628286504948203520_n-768x432.jpg 768w, https:\/\/www.radiopiu.net\/wordpress\/wp-content\/uploads\/2019\/06\/62536744_2339795159677289_1628286504948203520_n.jpg 960w\" sizes=\"auto, (max-width: 300px) 100vw, 300px\" \/><\/a><a class=\"dt-pswp-item\" href=\"http:\/\/www.radiopiu.net\/wordpress\/wp-content\/uploads\/2019\/06\/62105196_2339793939677411_1706161529109348352_n.jpg\" data-dt-img-description=\"\" data-large_image_width=\"960\" data-large_image_height=\"540\"><img loading=\"lazy\" decoding=\"async\" class=\"alignnone size-medium wp-image-87920\" src=\"http:\/\/www.radiopiu.net\/wordpress\/wp-content\/uploads\/2019\/06\/62105196_2339793939677411_1706161529109348352_n-300x169.jpg\" alt=\"\" width=\"300\" height=\"169\" srcset=\"https:\/\/www.radiopiu.net\/wordpress\/wp-content\/uploads\/2019\/06\/62105196_2339793939677411_1706161529109348352_n-300x169.jpg 300w, https:\/\/www.radiopiu.net\/wordpress\/wp-content\/uploads\/2019\/06\/62105196_2339793939677411_1706161529109348352_n-768x432.jpg 768w, https:\/\/www.radiopiu.net\/wordpress\/wp-content\/uploads\/2019\/06\/62105196_2339793939677411_1706161529109348352_n.jpg 960w\" sizes=\"auto, (max-width: 300px) 100vw, 300px\" \/><\/a><a class=\"dt-pswp-item\" href=\"http:\/\/www.radiopiu.net\/wordpress\/wp-content\/uploads\/2019\/06\/62451319_2339794126344059_3011439327730204672_n.jpg\" data-dt-img-description=\"\" data-large_image_width=\"960\" data-large_image_height=\"540\"><img loading=\"lazy\" decoding=\"async\" class=\"alignnone size-medium wp-image-87921\" src=\"http:\/\/www.radiopiu.net\/wordpress\/wp-content\/uploads\/2019\/06\/62451319_2339794126344059_3011439327730204672_n-300x169.jpg\" alt=\"\" width=\"300\" height=\"169\" srcset=\"https:\/\/www.radiopiu.net\/wordpress\/wp-content\/uploads\/2019\/06\/62451319_2339794126344059_3011439327730204672_n-300x169.jpg 300w, https:\/\/www.radiopiu.net\/wordpress\/wp-content\/uploads\/2019\/06\/62451319_2339794126344059_3011439327730204672_n-768x432.jpg 768w, https:\/\/www.radiopiu.net\/wordpress\/wp-content\/uploads\/2019\/06\/62451319_2339794126344059_3011439327730204672_n.jpg 960w\" sizes=\"auto, (max-width: 300px) 100vw, 300px\" \/><\/a><a class=\"dt-pswp-item\" href=\"http:\/\/www.radiopiu.net\/wordpress\/wp-content\/uploads\/2019\/06\/62030061_2339794379677367_6171770182176866304_n.jpg\" data-dt-img-description=\"\" data-large_image_width=\"960\" data-large_image_height=\"720\"><img loading=\"lazy\" decoding=\"async\" class=\"alignnone  wp-image-87922\" src=\"http:\/\/www.radiopiu.net\/wordpress\/wp-content\/uploads\/2019\/06\/62030061_2339794379677367_6171770182176866304_n-300x225.jpg\" alt=\"\" width=\"242\" height=\"181\" srcset=\"https:\/\/www.radiopiu.net\/wordpress\/wp-content\/uploads\/2019\/06\/62030061_2339794379677367_6171770182176866304_n-300x225.jpg 300w, https:\/\/www.radiopiu.net\/wordpress\/wp-content\/uploads\/2019\/06\/62030061_2339794379677367_6171770182176866304_n-768x576.jpg 768w, https:\/\/www.radiopiu.net\/wordpress\/wp-content\/uploads\/2019\/06\/62030061_2339794379677367_6171770182176866304_n.jpg 960w\" sizes=\"auto, (max-width: 242px) 100vw, 242px\" \/><\/a><a class=\"dt-pswp-item\" href=\"http:\/\/www.radiopiu.net\/wordpress\/wp-content\/uploads\/2019\/06\/62070806_2339794723010666_5228538670406959104_n.jpg\" data-dt-img-description=\"\" data-large_image_width=\"960\" data-large_image_height=\"540\"><img loading=\"lazy\" decoding=\"async\" class=\"alignnone  wp-image-87923\" src=\"http:\/\/www.radiopiu.net\/wordpress\/wp-content\/uploads\/2019\/06\/62070806_2339794723010666_5228538670406959104_n-300x169.jpg\" alt=\"\" width=\"321\" height=\"181\" srcset=\"https:\/\/www.radiopiu.net\/wordpress\/wp-content\/uploads\/2019\/06\/62070806_2339794723010666_5228538670406959104_n-300x169.jpg 300w, https:\/\/www.radiopiu.net\/wordpress\/wp-content\/uploads\/2019\/06\/62070806_2339794723010666_5228538670406959104_n-768x432.jpg 768w, https:\/\/www.radiopiu.net\/wordpress\/wp-content\/uploads\/2019\/06\/62070806_2339794723010666_5228538670406959104_n.jpg 960w\" sizes=\"auto, (max-width: 321px) 100vw, 321px\" \/><\/a><\/p>\n<p>&nbsp;<\/p>\n<p>&nbsp;<\/p>\n<p>&nbsp;<\/p>\n<p>&nbsp;<\/p>\n<p>&nbsp;<\/p>\n<p><strong>RIVAMONTE<\/strong> <span style=\"font-family: Arial, serif;\">\u00a0nelle localita&#8217; Miotte, Zenich, Mottes, Zep, Schena, Saret, Roste, Paluch, Gona di Conedera, Ponte Alto, Lonie e Santel l&#8217;acqua erogata dall&#8217;acquedotto non \u00e8 potabile e pu\u00f2 essere usata per scopi alimentari solo previa bollitura.<\/span><\/p>\n<p><strong>ROCCA PIETORE<\/strong> nelle localit\u00e0 Masar\u00e8, Badiot e Le Pale l&#8217;acqua erogata dall&#8217;acquedotto non \u00e8 potabile e pu\u00f2 essere usata per scopi alimentari solo previa bollitura.<\/p>\n","protected":false},"excerpt":{"rendered":"<p>Nonostante l\u2019ammirevole e mai troppo lodato lavoro per il ripristino della rete sentieristica che tanti volontari stanno conducendo sui nostri territori, l\u2019immane devastazione di Vaia \u00e8 ancora ben presente su molti tracciati. Ci vorr\u00e0 tempo e tanto altro sudore prima che tutto venga sistemato. Nel frattempo, con l\u2019apertura della stagione estiva, non \u00e8 infrequente ritrovarsi&hellip;<\/p>\n","protected":false},"author":1,"featured_media":87918,"comment_status":"closed","ping_status":"closed","sticky":false,"template":"","format":"standard","meta":{"_monsterinsights_skip_tracking":false,"_monsterinsights_sitenote_active":false,"_monsterinsights_sitenote_note":"","_monsterinsights_sitenote_category":0,"footnotes":""},"categories":[51,49],"tags":[],"class_list":["post-87925","post","type-post","status-publish","format-standard","has-post-thumbnail","hentry","category-evidenza-top","category-news-18","category-51","category-49","description-off"],"img_url":"https:\/\/www.radiopiu.net\/wordpress\/wp-content\/uploads\/2019\/06\/62262992_2339795003010638_8782885052879994880_n.jpg","_links":{"self":[{"href":"https:\/\/www.radiopiu.net\/wordpress\/wp-json\/wp\/v2\/posts\/87925","targetHints":{"allow":["GET"]}}],"collection":[{"href":"https:\/\/www.radiopiu.net\/wordpress\/wp-json\/wp\/v2\/posts"}],"about":[{"href":"https:\/\/www.radiopiu.net\/wordpress\/wp-json\/wp\/v2\/types\/post"}],"author":[{"embeddable":true,"href":"https:\/\/www.radiopiu.net\/wordpress\/wp-json\/wp\/v2\/users\/1"}],"replies":[{"embeddable":true,"href":"https:\/\/www.radiopiu.net\/wordpress\/wp-json\/wp\/v2\/comments?post=87925"}],"version-history":[{"count":0,"href":"https:\/\/www.radiopiu.net\/wordpress\/wp-json\/wp\/v2\/posts\/87925\/revisions"}],"wp:featuredmedia":[{"embeddable":true,"href":"https:\/\/www.radiopiu.net\/wordpress\/wp-json\/wp\/v2\/media\/87918"}],"wp:attachment":[{"href":"https:\/\/www.radiopiu.net\/wordpress\/wp-json\/wp\/v2\/media?parent=87925"}],"wp:term":[{"taxonomy":"category","embeddable":true,"href":"https:\/\/www.radiopiu.net\/wordpress\/wp-json\/wp\/v2\/categories?post=87925"},{"taxonomy":"post_tag","embeddable":true,"href":"https:\/\/www.radiopiu.net\/wordpress\/wp-json\/wp\/v2\/tags?post=87925"}],"curies":[{"name":"wp","href":"https:\/\/api.w.org\/{rel}","templated":true}]}}