{"id":88001,"date":"2019-06-10T17:00:06","date_gmt":"2019-06-10T15:00:06","guid":{"rendered":"http:\/\/www.radiopiu.net\/wordpress\/?p=88001"},"modified":"2019-06-12T06:06:23","modified_gmt":"2019-06-12T04:06:23","slug":"soccorse-escursioniste-sul-lagazuoi","status":"publish","type":"post","link":"https:\/\/www.radiopiu.net\/wordpress\/soccorse-escursioniste-sul-lagazuoi\/","title":{"rendered":"SOCCORSE ESCURSIONISTE SUL LAGAZUOI"},"content":{"rendered":"<h2><\/h2>\n<p><strong><a class=\"dt-pswp-item\" href=\"http:\/\/www.radiopiu.net\/wordpress\/wp-content\/uploads\/2019\/06\/IMG-20190610-WA0004.jpg\" data-dt-img-description=\"\" data-large_image_width=\"1406\" data-large_image_height=\"740\"><img loading=\"lazy\" decoding=\"async\" class=\"size-medium wp-image-87999 alignleft\" src=\"http:\/\/www.radiopiu.net\/wordpress\/wp-content\/uploads\/2019\/06\/IMG-20190610-WA0004-300x158.jpg\" alt=\"\" width=\"300\" height=\"158\" srcset=\"https:\/\/www.radiopiu.net\/wordpress\/wp-content\/uploads\/2019\/06\/IMG-20190610-WA0004-300x158.jpg 300w, https:\/\/www.radiopiu.net\/wordpress\/wp-content\/uploads\/2019\/06\/IMG-20190610-WA0004-768x404.jpg 768w, https:\/\/www.radiopiu.net\/wordpress\/wp-content\/uploads\/2019\/06\/IMG-20190610-WA0004-1024x539.jpg 1024w, https:\/\/www.radiopiu.net\/wordpress\/wp-content\/uploads\/2019\/06\/IMG-20190610-WA0004.jpg 1406w\" sizes=\"auto, (max-width: 300px) 100vw, 300px\" \/><\/a>CORTINA\u00a0<\/strong> Alle 13.10 circa la Centrale del 118 \u00e8 stata allertata per due escursioniste in difficolt\u00e0 sul Lagazuoi. Partite dal Passo Valparola, le due turiste, trentunenni australiane, stavano risalendo il Sentiero attrezzato dei Kaiserj\u00e4ger, ma arrivate a circa 2.700 metri non erano pi\u00f9 riuscite a proseguire per la presenza di neve. Ricevute le coordinate Gps, l&#8217;elicottero del Suem di Pieve di Cadore si \u00e8 diretto nel punto indicato, che per\u00f2 si \u00e8 rivelato errato. Dopo una ricognizione, l&#8217;equipaggio \u00e8 riuscito a individuarle e, una volta calato da loro, il tecnico di elisoccorso le ha assicurate e imbarcate utilizzando un verricello di 20 metri. Le due escursioniste sono state quindi trasportate al Passo Valparola.<\/p>\n","protected":false},"excerpt":{"rendered":"<p>CORTINA\u00a0 Alle 13.10 circa la Centrale del 118 \u00e8 stata allertata per due escursioniste in difficolt\u00e0 sul Lagazuoi. Partite dal Passo Valparola, le due turiste, trentunenni australiane, stavano risalendo il Sentiero attrezzato dei Kaiserj\u00e4ger, ma arrivate a circa 2.700 metri non erano pi\u00f9 riuscite a proseguire per la presenza di neve. Ricevute le coordinate Gps,&hellip;<\/p>\n","protected":false},"author":1,"featured_media":87999,"comment_status":"closed","ping_status":"closed","sticky":false,"template":"","format":"standard","meta":{"_monsterinsights_skip_tracking":false,"_monsterinsights_sitenote_active":false,"_monsterinsights_sitenote_note":"","_monsterinsights_sitenote_category":0,"footnotes":""},"categories":[49],"tags":[],"class_list":["post-88001","post","type-post","status-publish","format-standard","has-post-thumbnail","hentry","category-news-18","category-49","description-off"],"img_url":"https:\/\/www.radiopiu.net\/wordpress\/wp-content\/uploads\/2019\/06\/IMG-20190610-WA0004.jpg","_links":{"self":[{"href":"https:\/\/www.radiopiu.net\/wordpress\/wp-json\/wp\/v2\/posts\/88001","targetHints":{"allow":["GET"]}}],"collection":[{"href":"https:\/\/www.radiopiu.net\/wordpress\/wp-json\/wp\/v2\/posts"}],"about":[{"href":"https:\/\/www.radiopiu.net\/wordpress\/wp-json\/wp\/v2\/types\/post"}],"author":[{"embeddable":true,"href":"https:\/\/www.radiopiu.net\/wordpress\/wp-json\/wp\/v2\/users\/1"}],"replies":[{"embeddable":true,"href":"https:\/\/www.radiopiu.net\/wordpress\/wp-json\/wp\/v2\/comments?post=88001"}],"version-history":[{"count":0,"href":"https:\/\/www.radiopiu.net\/wordpress\/wp-json\/wp\/v2\/posts\/88001\/revisions"}],"wp:featuredmedia":[{"embeddable":true,"href":"https:\/\/www.radiopiu.net\/wordpress\/wp-json\/wp\/v2\/media\/87999"}],"wp:attachment":[{"href":"https:\/\/www.radiopiu.net\/wordpress\/wp-json\/wp\/v2\/media?parent=88001"}],"wp:term":[{"taxonomy":"category","embeddable":true,"href":"https:\/\/www.radiopiu.net\/wordpress\/wp-json\/wp\/v2\/categories?post=88001"},{"taxonomy":"post_tag","embeddable":true,"href":"https:\/\/www.radiopiu.net\/wordpress\/wp-json\/wp\/v2\/tags?post=88001"}],"curies":[{"name":"wp","href":"https:\/\/api.w.org\/{rel}","templated":true}]}}