{"id":88029,"date":"2019-06-11T05:31:24","date_gmt":"2019-06-11T03:31:24","guid":{"rendered":"http:\/\/www.radiopiu.net\/wordpress\/?p=88029"},"modified":"2019-06-12T06:08:06","modified_gmt":"2019-06-12T04:08:06","slug":"luxottica-tempo-di-assemblee-ecco-il-contratto-al-rinnovo","status":"publish","type":"post","link":"https:\/\/www.radiopiu.net\/wordpress\/luxottica-tempo-di-assemblee-ecco-il-contratto-al-rinnovo\/","title":{"rendered":"LUXOTTICA, TEMPO DI ASSEMBLEE: ECCO IL CONTRATTO AL RINNOVO"},"content":{"rendered":"<h1 class=\"post-title entry-title\">Rinnovo contratto: un&#8217;assemblea per spiegare.<\/h1>\n<p><strong><a class=\"dt-pswp-item\" href=\"http:\/\/www.radiopiu.net\/wordpress\/wp-content\/uploads\/2019\/06\/time-3242249_640.jpg\" data-dt-img-description=\"\" data-large_image_width=\"640\" data-large_image_height=\"426\"><img loading=\"lazy\" decoding=\"async\" class=\" wp-image-88028 alignleft\" src=\"http:\/\/www.radiopiu.net\/wordpress\/wp-content\/uploads\/2019\/06\/time-3242249_640-300x200.jpg\" alt=\"\" width=\"215\" height=\"143\" srcset=\"https:\/\/www.radiopiu.net\/wordpress\/wp-content\/uploads\/2019\/06\/time-3242249_640-300x200.jpg 300w, https:\/\/www.radiopiu.net\/wordpress\/wp-content\/uploads\/2019\/06\/time-3242249_640.jpg 640w\" sizes=\"auto, (max-width: 215px) 100vw, 215px\" \/><\/a>AGORDO<\/strong> Domani giornata di assemblee in Luxottica: all&#8217;ordine del giorno il rinnovo del contratto integrativo aziendale. Dopo la bufera mediatica di qualche settimana fa sulle ventilate ipotesi di una rivoluzione degli orari in fabbrica, possiamo ben dire che la curiosit\u00e0 per queste assemblee \u00e8 abbastanza diffusa, tuttavia \u00e8 opportuno tenere presente alcune cose.<\/p>\n<blockquote><p><em>&#8220;Innanzitutto\u00a0 &#8211; dice Emilio Bez Coordinatore Uiltec Luxottica Agordo &#8211;\u00a0 non \u00e8 ancora stato siglato un nuovo accordo, le assemblee sindacali serviranno alle segreterie per illustrare quanto \u00e8 stato discusso finora in questi lunghi mesi e per spiegare in che direzione sta andando il rinnovo del contratto. A fronte di ci\u00f2, qualcuno potrebbe pensare che questa assemblea non sia cos\u00ec importante e che si possa tranquillamente attendere la presentazione dell&#8217;accordo firmato. Invece sar\u00e0 fondamentale per tutti quanti partecipare a quest&#8217;incontro&#8221;.<\/em><\/p><\/blockquote>\n<p><a class=\"dt-pswp-item\" href=\"http:\/\/www.radiopiu.net\/wordpress\/wp-content\/uploads\/2019\/06\/logo-UILTEC-21_5_2013.jpg\" data-dt-img-description=\"\" data-large_image_width=\"282\" data-large_image_height=\"179\"><img loading=\"lazy\" decoding=\"async\" class=\" wp-image-88027 alignright\" src=\"http:\/\/www.radiopiu.net\/wordpress\/wp-content\/uploads\/2019\/06\/logo-UILTEC-21_5_2013.jpg\" alt=\"\" width=\"154\" height=\"98\" \/><\/a>Circa una quindicina di anni fa venne introdotta negli stabilimenti la ben nota flessibilit\u00e0 che consente all&#8217;Azienda di gestire meglio la produzione in base alle richieste del mercato, pianificando alcuni sabati nei periodi di picco e all&#8217;opposto le corrispondenti giornate di recupero nei momenti di calo produttivo. Oltre che per l&#8217;Azienda, fu un cambiamento non da poco anche per i lavoratori, pur a fronte di una retribuzione annua sostanzialmente invariata.<\/p>\n<blockquote><p><em><a class=\"dt-pswp-item\" href=\"http:\/\/www.radiopiu.net\/wordpress\/wp-content\/uploads\/2017\/01\/BEZ-UIL.jpg\" data-dt-img-description=\"\" data-large_image_width=\"168\" data-large_image_height=\"300\"><img loading=\"lazy\" decoding=\"async\" class=\"wp-image-27165 alignleft\" src=\"http:\/\/www.radiopiu.net\/wordpress\/wp-content\/uploads\/2017\/01\/BEZ-UIL-168x300.jpg\" alt=\"\" width=\"64\" height=\"115\" \/><\/a>&#8220;In queste assemblee &#8211; continua Bez &#8211; verr\u00e0 illustrata dai segretari, tra le altre cose, una nuova e diversa ipotesi di orario che non sostituisce la flessibilit\u00e0 ma si affianca ad essa. Come sarebbe strutturato il nuovo orario, che effetti avrebbe sull&#8217;organizzazione del lavoro, per chi sarebbe facoltativo e per chi no, con quale retribuzione: in assemblea parleranno di questo (e non solo di questo). Da qui l&#8217;importanza di essere presenti, ascoltare e, visto che l&#8217;assemblea \u00e8 anche un momento di confronto, fare qualche intervento se lo si ritiene opportuno&#8221;.<\/em><\/p><\/blockquote>\n<p>&nbsp;<\/p>\n","protected":false},"excerpt":{"rendered":"<p>Rinnovo contratto: un&#8217;assemblea per spiegare. AGORDO Domani giornata di assemblee in Luxottica: all&#8217;ordine del giorno il rinnovo del contratto integrativo aziendale. Dopo la bufera mediatica di qualche settimana fa sulle ventilate ipotesi di una rivoluzione degli orari in fabbrica, possiamo ben dire che la curiosit\u00e0 per queste assemblee \u00e8 abbastanza diffusa, tuttavia \u00e8 opportuno tenere&hellip;<\/p>\n","protected":false},"author":1,"featured_media":85089,"comment_status":"closed","ping_status":"closed","sticky":false,"template":"","format":"standard","meta":{"_monsterinsights_skip_tracking":false,"_monsterinsights_sitenote_active":false,"_monsterinsights_sitenote_note":"","_monsterinsights_sitenote_category":0,"footnotes":""},"categories":[49],"tags":[],"class_list":["post-88029","post","type-post","status-publish","format-standard","has-post-thumbnail","hentry","category-news-18","category-49","description-off"],"img_url":"https:\/\/www.radiopiu.net\/wordpress\/wp-content\/uploads\/2019\/05\/LUX-ELI-2.jpg","_links":{"self":[{"href":"https:\/\/www.radiopiu.net\/wordpress\/wp-json\/wp\/v2\/posts\/88029","targetHints":{"allow":["GET"]}}],"collection":[{"href":"https:\/\/www.radiopiu.net\/wordpress\/wp-json\/wp\/v2\/posts"}],"about":[{"href":"https:\/\/www.radiopiu.net\/wordpress\/wp-json\/wp\/v2\/types\/post"}],"author":[{"embeddable":true,"href":"https:\/\/www.radiopiu.net\/wordpress\/wp-json\/wp\/v2\/users\/1"}],"replies":[{"embeddable":true,"href":"https:\/\/www.radiopiu.net\/wordpress\/wp-json\/wp\/v2\/comments?post=88029"}],"version-history":[{"count":0,"href":"https:\/\/www.radiopiu.net\/wordpress\/wp-json\/wp\/v2\/posts\/88029\/revisions"}],"wp:featuredmedia":[{"embeddable":true,"href":"https:\/\/www.radiopiu.net\/wordpress\/wp-json\/wp\/v2\/media\/85089"}],"wp:attachment":[{"href":"https:\/\/www.radiopiu.net\/wordpress\/wp-json\/wp\/v2\/media?parent=88029"}],"wp:term":[{"taxonomy":"category","embeddable":true,"href":"https:\/\/www.radiopiu.net\/wordpress\/wp-json\/wp\/v2\/categories?post=88029"},{"taxonomy":"post_tag","embeddable":true,"href":"https:\/\/www.radiopiu.net\/wordpress\/wp-json\/wp\/v2\/tags?post=88029"}],"curies":[{"name":"wp","href":"https:\/\/api.w.org\/{rel}","templated":true}]}}