{"id":88067,"date":"2019-06-12T06:00:42","date_gmt":"2019-06-12T04:00:42","guid":{"rendered":"http:\/\/www.radiopiu.net\/wordpress\/?p=88067"},"modified":"2019-06-12T10:47:15","modified_gmt":"2019-06-12T08:47:15","slug":"giornale-radiopiu-12-giugno-2019","status":"publish","type":"post","link":"https:\/\/www.radiopiu.net\/wordpress\/giornale-radiopiu-12-giugno-2019\/","title":{"rendered":"GIORNALE RADIOPIU 12 GIUGNO 2019"},"content":{"rendered":"<p><strong>Il Ministro dell&#8217;ambiente<\/strong> ha nominato il nuovo commissario del Parco Dolomiti Bellunesi, la politica ha quindi trovato l&#8217;accordo e la quadra nominando Ennio Vigne. Preoccupano<strong> i furti di biciclette,<\/strong> due episodi negli ultimi giorni a Cortina e Santa Croce, in riva al lago rubate due biciclette del valore di 12mila euro. <strong>La Polizia<\/strong> ha denunciato una peruviana truffatrice online, 21 truffe e oltre 15 mila euro &#8220;rubati&#8221; agli acquirenti in rete. Due le denunce per guida in <strong>stato di ebbrezza<\/strong> nel corso dell&#8217;operazione Tispol di inizio giugno, e sempre dalla Polizia le <strong>nuove direttive<\/strong> per i detentori di armi. Buon lavoro ai volontari della<strong> Proloco di Rivamonte<\/strong> da oggi in festa per il Santo Patrono, questa sera apertura delle cucine con gnocchi di patate con ricotta affumicata. Dalle 20,30 intrattenimento musicale. Domani solenne celebrazione religiosa; non mancher\u00e0 il mercatino di Sant&#8217;Antonio. <strong>Hockey, il &#8220;bidone&#8221; zoldano<\/strong>. Soddisfazione e attesa ad Alleghe per il nuovo straniero,\u00a0 novit\u00e0 dopo 8 anni ma intanto da Zoldo la societ\u00e0 ha fatto sapere (telefonicamente) che non ha pi\u00f9 intenzione di collaborare con gli agordini, una comunicazione all&#8217;ultimo momento che ha colto di sorpresa le Civette, una comunicazione all&#8217;ultimo momento che crea alcune difficolt\u00e0 mentre gli zoldani s&#8217;accasano in Cadore con il Pieve.<\/p>\n<p>&nbsp;<\/p>\n<p>&nbsp;<\/p>\n<p><strong>RIVAMONTE<\/strong> <span style=\"font-family: Arial, serif;\">\u00a0nelle localita&#8217; Miotte, Zenich, Mottes, Zep, Schena, Saret, Roste, Paluch, Gona di Conedera, Ponte Alto, Lonie e Santel l&#8217;acqua erogata dall&#8217;acquedotto non \u00e8 potabile e pu\u00f2 essere usata per scopi alimentari solo previa bollitura.<\/span><\/p>\n<p><strong>ROCCA PIETORE<\/strong> nelle localit\u00e0 Masar\u00e8, Badiot e Le Pale l&#8217;acqua erogata dall&#8217;acquedotto non \u00e8 potabile e pu\u00f2 essere usata per scopi alimentari solo previa bollitura.<\/p>\n<p><strong>SAN TOMASO<\/strong> In frazione La Costa di San Tomaso acqua non potabile, la prossima settimana \u00e8 previsto il prelievo di controllo.<\/p>\n<p><strong>GOSALDO<\/strong> Provinciale 3 Valle Imperina, localit\u00e0 Le Feste. OGGI\u00a0 <span style=\"color: #ff0000;\">dalle 8 alle 18<\/span> interdizione al transito per lavori di messa in sicurezza del versante a monte.<\/p>\n<p>&nbsp;<\/p>\n<p>&nbsp;<\/p>\n<h3>ALLARME FURTI BICICLETTE COSTOSE, SECONDO EPISODIO<\/h3>\n<p><strong><a class=\"dt-pswp-item\" href=\"http:\/\/www.radiopiu.net\/wordpress\/wp-content\/uploads\/2019\/06\/images-2.jpg\" data-dt-img-description=\"\" data-large_image_width=\"296\" data-large_image_height=\"170\"><img loading=\"lazy\" decoding=\"async\" class=\"size-full wp-image-88063 alignleft\" src=\"http:\/\/www.radiopiu.net\/wordpress\/wp-content\/uploads\/2019\/06\/images-2.jpg\" alt=\"\" width=\"296\" height=\"170\" \/><\/a>ALPAGO<\/strong> Nel fine settimana in un campeggio di Cortina e l&#8217;altra sera in Alpago, ieri alle 18 la denuncia di un turista austriaco del furto di due biciclette del valore di 6000 euro l&#8217;una peraltro non coperte da assicurazione. L&#8217;ingegnese austriaco afferma che il furto \u00e8 avvenuto tra le 21 del 7 giugno e le 8 del giorno successivo presso un campeggio in riva al lago. Prima \u00e8 stata spezzata la catena e poi rubate le bici che erano state posizionate regolarmente sul carrello del camper.<\/p>\n<p>&nbsp;<\/p>\n<p>&nbsp;<\/p>\n<p>&nbsp;<\/p>\n<h2>FURTO NEL CAMPER<\/h2>\n<p><strong>ALPAGO\u00a0<\/strong>Un sessantenne trevigiano ha denunciato il furto dal proprio camper di 650 euro. L&#8217;uomo ha denunciato il fatto ai Carabinieri. Il furto tra le 11 e le 17 del 8 giugno, ignoti hanno forzato la serratura del camper parcheggiato in localit\u00e0 Poiatte, dall&#8217;abitacolo oltre al denaro rubato anche un orologio Hamilton del valore di quasi 2000 euro<\/p>\n<p>&nbsp;<\/p>\n<p>&nbsp;<\/p>\n<h2>PERUVIANA DENUNCIATA PER 21 TRUFFE<\/h2>\n<p><strong>BELLUNO<\/strong> Una donna peruviana di 59 anni\u00a0 contattava i venditori di merce on-line e li convinceva con una scusa a farsi ricaricare la propria carta prepagata, in un mese \u00e8 riuscita a farsi versare quasi 15 mila euro in ben ventuno operazioni. La donna \u00e8 stata denunciata a piede libero al termine delle indagini eseguite dalla Questura di Belluno in seguito alla querela per truffa presentata a gennaio da una cadorina che aveva messo in vendita on-line un macchinario da cucina.Contattata telefonicamente da una possibile acquirente, era stata indotta a ricaricare una carta prepagata e si \u00e8 vista derubata di una discreta somma di denaro. Le indagini si sono concluse con la denuncia a piede libero della cinquantanovenne peruviana H.A.C., che ora rischia da sei mesi a tre anni di reclusione<\/p>\n<p>&nbsp;<\/p>\n<p>&nbsp;<\/p>\n<h2><a class=\"dt-pswp-item\" href=\"http:\/\/www.radiopiu.net\/wordpress\/wp-content\/uploads\/2016\/02\/tispol-4.jpg\" data-dt-img-description=\"\" data-large_image_width=\"600\" data-large_image_height=\"400\"><img loading=\"lazy\" decoding=\"async\" class=\" wp-image-16990 alignleft\" src=\"http:\/\/www.radiopiu.net\/wordpress\/wp-content\/uploads\/2016\/02\/tispol-4-300x200.jpg\" alt=\"\" width=\"179\" height=\"119\" \/><\/a>TISPOL, PER RIDURRE IL NUMERO DI VITTIME DELLA STRADA<\/h2>\n<p>Il network Tispol ha programmato dal 3 al 9 giugno l&#8217;effettuazione della campagna europea &#8220;Alcool and drugs&#8221; con l&#8217;obiettivo di elevare gli standard di sicurezza stradale armonizzando l&#8217;attivit\u00e0 di prevenzione, informazione e controllo anche attraverso campagne di comunicazione e operazioni congiunte. Il compartimento polizia stradale per il Trentino e Belluno nell&#8217;ambito delle attivit\u00e0 previste ha predisposto l&#8217;effettuazione di mirati controlli. La Polizia di Belluno ha effettuato 140 verifiche tra conducenti in buona parte professionisti. Due le violazioni accertate per guida in stato di ebbrezza.<\/p>\n<h2><\/h2>\n<h2><\/h2>\n<h2><\/h2>\n<h2>NUOVI DECRETI. NOVITA&#8217; PER I DETENTORI DI ARMI<\/h2>\n<p><strong>BELLUNO<\/strong> Dallo scorso 14 settembre \u00e8 entrata in vigore la nuova normativa in materia di acquisizione e detenzione di armi. Tutti i detentori, ad esclusione dei titolari di licenza e porto d&#8217;armi in corso di validit\u00e0 dovranno produrre entro il 14 settembre certificazione medica di idoneit\u00e0 psico fisica per la detenzione di armi. La certificazione va prodotta verso l&#8217;ufficio di Polizia o Carabinieri dove sono state denunciate le armi e dovr\u00e0 essere presentata ogni 5 anni. La mancata presentazione del certificato leggittimer\u00e0 il Prefetto all&#8217;emissione del provvedimento di divieto di detenzione di armi.<\/p>\n<p>&nbsp;<\/p>\n<p>&nbsp;<\/p>\n<h2><a class=\"dt-pswp-item\" href=\"http:\/\/www.radiopiu.net\/wordpress\/wp-content\/uploads\/2019\/06\/DOMEGGE-incidente.jpg\" data-dt-img-description=\"\" data-large_image_width=\"1280\" data-large_image_height=\"960\"><img loading=\"lazy\" decoding=\"async\" class=\" wp-image-88120 alignleft\" src=\"http:\/\/www.radiopiu.net\/wordpress\/wp-content\/uploads\/2019\/06\/DOMEGGE-incidente-300x225.jpg\" alt=\"\" width=\"152\" height=\"114\" srcset=\"https:\/\/www.radiopiu.net\/wordpress\/wp-content\/uploads\/2019\/06\/DOMEGGE-incidente-300x225.jpg 300w, https:\/\/www.radiopiu.net\/wordpress\/wp-content\/uploads\/2019\/06\/DOMEGGE-incidente-768x576.jpg 768w, https:\/\/www.radiopiu.net\/wordpress\/wp-content\/uploads\/2019\/06\/DOMEGGE-incidente-1024x768.jpg 1024w, https:\/\/www.radiopiu.net\/wordpress\/wp-content\/uploads\/2019\/06\/DOMEGGE-incidente.jpg 1280w\" sizes=\"auto, (max-width: 152px) 100vw, 152px\" \/><\/a>AUTO SI RIBALTA, ILLESO IL CONDUCENTE<\/h2>\n<p><strong>DOMEGGE<\/strong> Un&#8217;auto ribaltata in centro, incidente stradale autonomo\u00a0 Poco dopo le 13 un&#8217;Audi A4 si \u00e8 rovesciata in un tratto rettilineo di strada. L&#8217;uomo al volante \u00e8 uscito illeso. Da stabilire le cause dell&#8217;incidente, che ha bloccato il traffico. Dei rilievi si sono occupati i carabinieri di Auronzo.Qualche minuto prima delle 14 i pompieri si sono recati in un&#8217;abitazione per un principio d&#8217;incendio in una cucina, dove un giovane aveva messo sui fornelli una pentola con l&#8217;olio da scaldare per fare le patate fritte. Si \u00e8 bruciato il mobile in legno, ma il fuoco \u00e8 stato spento subito<\/p>\n<p>&nbsp;<\/p>\n<p>&nbsp;<\/p>\n<p>&nbsp;<\/p>\n<blockquote><p><strong>IMPEGNATIVO INTERVENTO DEI VIGILI DEL FUOCO IERI SOPRA CAPRILE DI ALLEGHE PER UN CAMION FINITO FUORI STRADA POCO SOPRA UN&#8217;ABITAZIONE. DISAGI AL TRAFFICO.<\/strong><\/p><\/blockquote>\n<p><a class=\"dt-pswp-item\" href=\"http:\/\/www.radiopiu.net\/wordpress\/wp-content\/uploads\/2019\/06\/b0fd78fe-1ea0-464e-ac3c-b6be7fd085ec.jpg\" data-dt-img-description=\"\" data-large_image_width=\"1200\" data-large_image_height=\"1600\"><img loading=\"lazy\" decoding=\"async\" class=\"alignnone size-medium wp-image-88128\" src=\"http:\/\/www.radiopiu.net\/wordpress\/wp-content\/uploads\/2019\/06\/b0fd78fe-1ea0-464e-ac3c-b6be7fd085ec-225x300.jpg\" alt=\"\" width=\"225\" height=\"300\" srcset=\"https:\/\/www.radiopiu.net\/wordpress\/wp-content\/uploads\/2019\/06\/b0fd78fe-1ea0-464e-ac3c-b6be7fd085ec-225x300.jpg 225w, https:\/\/www.radiopiu.net\/wordpress\/wp-content\/uploads\/2019\/06\/b0fd78fe-1ea0-464e-ac3c-b6be7fd085ec-768x1024.jpg 768w, https:\/\/www.radiopiu.net\/wordpress\/wp-content\/uploads\/2019\/06\/b0fd78fe-1ea0-464e-ac3c-b6be7fd085ec.jpg 1200w\" sizes=\"auto, (max-width: 225px) 100vw, 225px\" \/><\/a><a class=\"dt-pswp-item\" href=\"http:\/\/www.radiopiu.net\/wordpress\/wp-content\/uploads\/2019\/06\/d75f1095-c99c-4273-9fff-d6f9b198dcd4.jpg\" data-dt-img-description=\"\" data-large_image_width=\"1200\" data-large_image_height=\"1600\"><img loading=\"lazy\" decoding=\"async\" class=\"alignnone size-medium wp-image-88129\" src=\"http:\/\/www.radiopiu.net\/wordpress\/wp-content\/uploads\/2019\/06\/d75f1095-c99c-4273-9fff-d6f9b198dcd4-225x300.jpg\" alt=\"\" width=\"225\" height=\"300\" srcset=\"https:\/\/www.radiopiu.net\/wordpress\/wp-content\/uploads\/2019\/06\/d75f1095-c99c-4273-9fff-d6f9b198dcd4-225x300.jpg 225w, https:\/\/www.radiopiu.net\/wordpress\/wp-content\/uploads\/2019\/06\/d75f1095-c99c-4273-9fff-d6f9b198dcd4-768x1024.jpg 768w, https:\/\/www.radiopiu.net\/wordpress\/wp-content\/uploads\/2019\/06\/d75f1095-c99c-4273-9fff-d6f9b198dcd4.jpg 1200w\" sizes=\"auto, (max-width: 225px) 100vw, 225px\" \/><\/a><a class=\"dt-pswp-item\" href=\"http:\/\/www.radiopiu.net\/wordpress\/wp-content\/uploads\/2019\/06\/d3267dcf-2236-4521-a4fa-c3cd35ce06bc.jpg\" data-dt-img-description=\"\" data-large_image_width=\"1200\" data-large_image_height=\"1600\"><img loading=\"lazy\" decoding=\"async\" class=\"alignnone size-medium wp-image-88127\" src=\"http:\/\/www.radiopiu.net\/wordpress\/wp-content\/uploads\/2019\/06\/d3267dcf-2236-4521-a4fa-c3cd35ce06bc-225x300.jpg\" alt=\"\" width=\"225\" height=\"300\" srcset=\"https:\/\/www.radiopiu.net\/wordpress\/wp-content\/uploads\/2019\/06\/d3267dcf-2236-4521-a4fa-c3cd35ce06bc-225x300.jpg 225w, https:\/\/www.radiopiu.net\/wordpress\/wp-content\/uploads\/2019\/06\/d3267dcf-2236-4521-a4fa-c3cd35ce06bc-768x1024.jpg 768w, https:\/\/www.radiopiu.net\/wordpress\/wp-content\/uploads\/2019\/06\/d3267dcf-2236-4521-a4fa-c3cd35ce06bc.jpg 1200w\" sizes=\"auto, (max-width: 225px) 100vw, 225px\" \/><\/a><a class=\"dt-pswp-item\" href=\"http:\/\/www.radiopiu.net\/wordpress\/wp-content\/uploads\/2019\/06\/9eba4f2e-bb35-4fd6-b193-f2b8a9b04f9c.jpg\" data-dt-img-description=\"\" data-large_image_width=\"1600\" data-large_image_height=\"1200\"><img loading=\"lazy\" decoding=\"async\" class=\"alignnone wp-image-88126\" src=\"http:\/\/www.radiopiu.net\/wordpress\/wp-content\/uploads\/2019\/06\/9eba4f2e-bb35-4fd6-b193-f2b8a9b04f9c-300x225.jpg\" alt=\"\" width=\"199\" height=\"149\" srcset=\"https:\/\/www.radiopiu.net\/wordpress\/wp-content\/uploads\/2019\/06\/9eba4f2e-bb35-4fd6-b193-f2b8a9b04f9c-300x225.jpg 300w, https:\/\/www.radiopiu.net\/wordpress\/wp-content\/uploads\/2019\/06\/9eba4f2e-bb35-4fd6-b193-f2b8a9b04f9c-768x576.jpg 768w, https:\/\/www.radiopiu.net\/wordpress\/wp-content\/uploads\/2019\/06\/9eba4f2e-bb35-4fd6-b193-f2b8a9b04f9c-1024x768.jpg 1024w, https:\/\/www.radiopiu.net\/wordpress\/wp-content\/uploads\/2019\/06\/9eba4f2e-bb35-4fd6-b193-f2b8a9b04f9c.jpg 1600w\" sizes=\"auto, (max-width: 199px) 100vw, 199px\" \/><\/a><a class=\"dt-pswp-item\" href=\"http:\/\/www.radiopiu.net\/wordpress\/wp-content\/uploads\/2019\/06\/43ceb54a-ffe3-4310-9cbc-39b2a6165168.jpg\" data-dt-img-description=\"\" data-large_image_width=\"1600\" data-large_image_height=\"1200\"><img loading=\"lazy\" decoding=\"async\" class=\"alignnone wp-image-88125\" src=\"http:\/\/www.radiopiu.net\/wordpress\/wp-content\/uploads\/2019\/06\/43ceb54a-ffe3-4310-9cbc-39b2a6165168-300x225.jpg\" alt=\"\" width=\"201\" height=\"151\" srcset=\"https:\/\/www.radiopiu.net\/wordpress\/wp-content\/uploads\/2019\/06\/43ceb54a-ffe3-4310-9cbc-39b2a6165168-300x225.jpg 300w, https:\/\/www.radiopiu.net\/wordpress\/wp-content\/uploads\/2019\/06\/43ceb54a-ffe3-4310-9cbc-39b2a6165168-768x576.jpg 768w, https:\/\/www.radiopiu.net\/wordpress\/wp-content\/uploads\/2019\/06\/43ceb54a-ffe3-4310-9cbc-39b2a6165168-1024x768.jpg 1024w, https:\/\/www.radiopiu.net\/wordpress\/wp-content\/uploads\/2019\/06\/43ceb54a-ffe3-4310-9cbc-39b2a6165168.jpg 1600w\" sizes=\"auto, (max-width: 201px) 100vw, 201px\" \/><\/a><a class=\"dt-pswp-item\" href=\"http:\/\/www.radiopiu.net\/wordpress\/wp-content\/uploads\/2019\/06\/03dc65cc-1258-4161-a183-2ab40dd83511.jpg\" data-dt-img-description=\"\" data-large_image_width=\"1200\" data-large_image_height=\"1600\"><img loading=\"lazy\" decoding=\"async\" class=\"alignnone wp-image-88122\" src=\"http:\/\/www.radiopiu.net\/wordpress\/wp-content\/uploads\/2019\/06\/03dc65cc-1258-4161-a183-2ab40dd83511-225x300.jpg\" alt=\"\" width=\"112\" height=\"149\" srcset=\"https:\/\/www.radiopiu.net\/wordpress\/wp-content\/uploads\/2019\/06\/03dc65cc-1258-4161-a183-2ab40dd83511-225x300.jpg 225w, https:\/\/www.radiopiu.net\/wordpress\/wp-content\/uploads\/2019\/06\/03dc65cc-1258-4161-a183-2ab40dd83511-768x1024.jpg 768w, https:\/\/www.radiopiu.net\/wordpress\/wp-content\/uploads\/2019\/06\/03dc65cc-1258-4161-a183-2ab40dd83511.jpg 1200w\" sizes=\"auto, (max-width: 112px) 100vw, 112px\" \/><\/a><\/p>\n<p>&nbsp;<\/p>\n<p>&nbsp;<\/p>\n<p>&nbsp;<\/p>\n<p>&nbsp;<\/p>\n<h2>LA SETTIMANA DEL SINDACO<\/h2>\n<p><strong>CONSIGLI COMUNALI E GIURAMENTO DEL SINDACO:<\/strong> Questa sera alle 20 Moreno De Val a San Tomaso; Domani alle 18.45 Roberto Chissale&#8217; ad Agordo; Venerdi alle 20 Silvia Tormen a Taibon.<\/p>\n<p>&nbsp;<\/p>\n<p>&nbsp;<\/p>\n<h2>IL GIURAMENTO DI ANDREA DE BERNARDIN<\/h2>\n<p><strong>ROCCA PIETORE<\/strong> Andrea De Bernardin ha giurato, ieri sera nel primo consiglio comunale della nuova legislatura. Nel programma tra le priorit\u00e0 la ricostruzione dopo i danni provocati da Vaia.<\/p>\n<div style=\"width: 848px;\" class=\"wp-video\"><video class=\"wp-video-shortcode\" id=\"video-88067-1\" width=\"848\" height=\"480\" preload=\"metadata\" controls=\"controls\"><source type=\"video\/mp4\" src=\"http:\/\/www.radiopiu.net\/wordpress\/wp-content\/uploads\/2019\/06\/WhatsApp-Video-2019-06-11-at-19.28.03.mp4?_=1\" \/><a href=\"http:\/\/www.radiopiu.net\/wordpress\/wp-content\/uploads\/2019\/06\/WhatsApp-Video-2019-06-11-at-19.28.03.mp4\">http:\/\/www.radiopiu.net\/wordpress\/wp-content\/uploads\/2019\/06\/WhatsApp-Video-2019-06-11-at-19.28.03.mp4<\/a><\/video><\/div>\n<p>&nbsp;<\/p>\n<p>&nbsp;<\/p>\n<p>&nbsp;<\/p>\n<h3>CLAUDIO LUCHETTA L&#8217;ASSESSORE AI LAVORI PUBBLICI CON LA CONOSCENZA DEL TERRITORIO<\/h3>\n<p><strong><a class=\"dt-pswp-item\" href=\"http:\/\/www.radiopiu.net\/wordpress\/wp-content\/uploads\/2019\/06\/14d40a9f-943b-4d99-b7ce-c9997fa0cf0f.jpg\" data-dt-img-description=\"\" data-large_image_width=\"1600\" data-large_image_height=\"900\"><img loading=\"lazy\" decoding=\"async\" class=\"wp-image-88018 alignleft\" src=\"http:\/\/www.radiopiu.net\/wordpress\/wp-content\/uploads\/2019\/06\/14d40a9f-943b-4d99-b7ce-c9997fa0cf0f-300x169.jpg\" alt=\"\" width=\"172\" height=\"97\" srcset=\"https:\/\/www.radiopiu.net\/wordpress\/wp-content\/uploads\/2019\/06\/14d40a9f-943b-4d99-b7ce-c9997fa0cf0f-300x169.jpg 300w, https:\/\/www.radiopiu.net\/wordpress\/wp-content\/uploads\/2019\/06\/14d40a9f-943b-4d99-b7ce-c9997fa0cf0f-768x432.jpg 768w, https:\/\/www.radiopiu.net\/wordpress\/wp-content\/uploads\/2019\/06\/14d40a9f-943b-4d99-b7ce-c9997fa0cf0f-1024x576.jpg 1024w, https:\/\/www.radiopiu.net\/wordpress\/wp-content\/uploads\/2019\/06\/14d40a9f-943b-4d99-b7ce-c9997fa0cf0f.jpg 1600w\" sizes=\"auto, (max-width: 172px) 100vw, 172px\" \/><\/a>VALLADA<\/strong> E&#8217; Claudio Antonio Luchetta l&#8217;assessore ai lavori pubblici, uomo del territorio che ha ricevuto l&#8217;apprezzamento del sindaco per il suo impegno anche in seguito ai danni dell&#8217;uragano Vaia. Questo il suo intervento nel consiglio comunale di apertura dovei il primo cittadino Fabio Luchetta ha giurato per la terza volta.<\/p>\n<p><strong>CLAUDIO ANTONIO LUCHETTA<\/strong><\/p>\n<audio class=\"wp-audio-shortcode\" id=\"audio-88067-1\" preload=\"none\" style=\"width: 100%;\" controls=\"controls\"><source type=\"audio\/mpeg\" src=\"http:\/\/www.radiopiu.net\/wordpress\/wp-content\/uploads\/2019\/06\/luchetta.mp3?_=1\" \/><a href=\"http:\/\/www.radiopiu.net\/wordpress\/wp-content\/uploads\/2019\/06\/luchetta.mp3\">http:\/\/www.radiopiu.net\/wordpress\/wp-content\/uploads\/2019\/06\/luchetta.mp3<\/a><\/audio>\n<p>&nbsp;<\/p>\n<p>&nbsp;<\/p>\n<p>&nbsp;<\/p>\n<h2>IL GIURAMENTO DI LEANDRO GRONES<\/h2>\n<p><strong><a class=\"dt-pswp-item\" href=\"http:\/\/www.radiopiu.net\/wordpress\/wp-content\/uploads\/2017\/08\/Leandro-Grones-e1550756704790.jpg\" data-dt-img-description=\"\" data-large_image_width=\"1280\" data-large_image_height=\"853\"><img loading=\"lazy\" decoding=\"async\" class=\"size-medium wp-image-35242 alignleft\" src=\"http:\/\/www.radiopiu.net\/wordpress\/wp-content\/uploads\/2017\/08\/Leandro-Grones-e1550756704790-300x200.jpg\" alt=\"\" width=\"300\" height=\"200\" \/><\/a>LIVINALLONGO<\/strong> Primo Consiglio comunale ieri sera anche a Fodom per il secondo mandato del Sindaco Grones che ha giurato di essere fedele alla Repubblica, di osservare lealmente la Costituzione e le Leggi dello Stato, di adempiere al mandato ricevuto nell\u2019interesse supremo di tutti i cittadini, ai doveri del suo Ufficio nell\u2019interesse dell\u2019Amministrazione per il Pubblico Bene. <strong>LE NOMINE <\/strong>Commissione Boschiva Comunale, Gianni Palla, Marco Pezzei\u00a0 e Claudio\u00a0 Sorarui . In Unione Montana, oltre al Sindaco, siederanno sugli scranni di Palazzo Bianco i consiglieri\u00a0 Christian Grones Christian e\u00a0 Silvia De Dorigo Delmonego. Il Sindaco Grones ha inoltre provveduto a comunicare al Consiglio la Giunta Comunale composta dal Vicesindaco Leo Crepaz che ha ottenuto una valanga di voti e si occuper\u00e0 di Lavori pubblici, Politiche dell&#8217;Infanzia e Scuola, Rischio Idrogeologico oltre a collaborare con il Sindaco nella ricostruzione post Vaia. L\u2019Assessore Francesco Martini si occuper\u00e0 di bilancio e programmazione finanziaria, Personale e organizzazione interna, Usi Civici, Demanio e Patrimonio. Il Sindaco coordiner\u00e0 la gestione postemergenza Vaia e ha tenuto per s\u00e9 l\u2019attuazione del programma, la programmazione, il turismo, la cultura il settore sociale, l\u2019urbanistica e l\u2019edilizia privata oltre a quanto non espressamente delegato alla Giunta. Importanti deleghe sono state affidate ai Consiglieri comunali; Gianni Palla, che \u00e8 anche Capogruppo consiliare, si occuper\u00e0 del coordinamento operai, parco macchine, squadra ambientale ma anche del patrimonio boschivo, dei rapporti con le Frazioni e dei danni causati da Vaia, Christian Grones di agricoltura, Marco Pezzei di Protezione Civile, impianti ripetitori, artigianato e ricostruzione Vaia, Alois Bredariol di sport e impianti sportivi, associazionismo, e ripristino post Vaia della sentieristica, infine Massimo Pallua della viabilit\u00e0 silvopastorale e boschiva, che a Fodom si sviluppa per ben 125 kilometri, e che ha subito notevoli danni a fine ottobre. Approvate infine all\u2019unanimit\u00e0 la convenzione tra i 46 comuni dell\u2019Agordino, del Bellunese e del Cadore per la gestione associata dei servizi e delle attivit\u00e0 di cui al piano nazionale e regionale di contrasto alla povert\u00e0 e il bilancio di esercizio 2018 dell\u2019Azienda Fodom Servizi che gestisce la casa di riposo Villa S. Giuseppe e tutto il settore sociale per la parte non delegata ad Asca.<\/p>\n<p>IL SINDACO LEANDRO GRONES<\/p>\n<audio class=\"wp-audio-shortcode\" id=\"audio-88067-2\" preload=\"none\" style=\"width: 100%;\" controls=\"controls\"><source type=\"audio\/mpeg\" src=\"http:\/\/www.radiopiu.net\/wordpress\/wp-content\/uploads\/2019\/06\/LEANDRO-1.mp3?_=2\" \/><a href=\"http:\/\/www.radiopiu.net\/wordpress\/wp-content\/uploads\/2019\/06\/LEANDRO-1.mp3\">http:\/\/www.radiopiu.net\/wordpress\/wp-content\/uploads\/2019\/06\/LEANDRO-1.mp3<\/a><\/audio>\n<p>&nbsp;<\/p>\n<p>&nbsp;<\/p>\n<p>&nbsp;<\/p>\n<p>&nbsp;<\/p>\n<h2>EZIO ZUANEL AL LAVORO PER RIAPRIRE AL PIU&#8217; PRESTO MALGA FOCA<\/h2>\n<p><strong><a class=\"dt-pswp-item\" href=\"http:\/\/www.radiopiu.net\/wordpress\/wp-content\/uploads\/2019\/06\/0c2a1b91-fac1-49ea-9e0f-25eece188768.jpg\" data-dt-img-description=\"\" data-large_image_width=\"1600\" data-large_image_height=\"900\"><img loading=\"lazy\" decoding=\"async\" class=\"wp-image-88021 alignleft\" src=\"http:\/\/www.radiopiu.net\/wordpress\/wp-content\/uploads\/2019\/06\/0c2a1b91-fac1-49ea-9e0f-25eece188768-300x169.jpg\" alt=\"\" width=\"176\" height=\"99\" srcset=\"https:\/\/www.radiopiu.net\/wordpress\/wp-content\/uploads\/2019\/06\/0c2a1b91-fac1-49ea-9e0f-25eece188768-300x169.jpg 300w, https:\/\/www.radiopiu.net\/wordpress\/wp-content\/uploads\/2019\/06\/0c2a1b91-fac1-49ea-9e0f-25eece188768-768x432.jpg 768w, https:\/\/www.radiopiu.net\/wordpress\/wp-content\/uploads\/2019\/06\/0c2a1b91-fac1-49ea-9e0f-25eece188768-1024x576.jpg 1024w, https:\/\/www.radiopiu.net\/wordpress\/wp-content\/uploads\/2019\/06\/0c2a1b91-fac1-49ea-9e0f-25eece188768.jpg 1600w\" sizes=\"auto, (max-width: 176px) 100vw, 176px\" \/><\/a>LA VALLE<\/strong> Anche una cena di pesce a La Muda per la ricostruzione di Malga Foca, non basteranno i soldi dell&#8217;assicurazione nonostante il braccio di ferro al rialzo del sindaco Ezio Zuanel. Per il progetto il rieletto sindaco Ezio Zuanel \u00e8 pronto a battere cassa a Palazzo Bianco per un progetto da 200 mila euro. Cos\u00ec Zuanel \u00e8 intervenuto nel recente consiglio comunale, quello del giuramento.<\/p>\n<p><strong>EZIO ZUANEL<\/strong><\/p>\n<audio class=\"wp-audio-shortcode\" id=\"audio-88067-3\" preload=\"none\" style=\"width: 100%;\" controls=\"controls\"><source type=\"audio\/mpeg\" src=\"http:\/\/www.radiopiu.net\/wordpress\/wp-content\/uploads\/2019\/06\/zuanel-1.mp3?_=3\" \/><a href=\"http:\/\/www.radiopiu.net\/wordpress\/wp-content\/uploads\/2019\/06\/zuanel-1.mp3\">http:\/\/www.radiopiu.net\/wordpress\/wp-content\/uploads\/2019\/06\/zuanel-1.mp3<\/a><\/audio>\n<h2>PER NON DIMENTICARE QUELLE FIAMME DI GENNAIO, DUE MESI DOPO VAIA<\/h2>\n<p><em><strong>Malga Foca \u00e8 stata divorata dalle fiamme lo scorso 13 gennaio, ma Vaia non centra. Rispolveriamo la memoria con il servizio d&#8217;archivio di RADIO PIU<\/strong><\/em><\/p>\n<blockquote class=\"wp-embedded-content\" data-secret=\"Tlobg1XL0o\"><p><a href=\"http:\/\/www.radiopiu.net\/wordpress\/e-bruciata-malga-foca-a-la-valle\/\">E&#8217; BRUCIATA  MALGA FOCA A LA VALLE<\/a><\/p><\/blockquote>\n<p><iframe loading=\"lazy\" class=\"wp-embedded-content\" sandbox=\"allow-scripts\" security=\"restricted\" style=\"position: absolute; clip: rect(1px, 1px, 1px, 1px);\" src=\"http:\/\/www.radiopiu.net\/wordpress\/e-bruciata-malga-foca-a-la-valle\/embed\/#?secret=Tlobg1XL0o\" data-secret=\"Tlobg1XL0o\" width=\"600\" height=\"338\" title=\"&#8220;E&#8217; BRUCIATA  MALGA FOCA A LA VALLE&#8221; &#8212; Radio Pi\u00f9\" frameborder=\"0\" marginwidth=\"0\" marginheight=\"0\" scrolling=\"no\"><\/iframe><\/p>\n<blockquote class=\"wp-embedded-content\" data-secret=\"72vCazuz4R\"><p><a href=\"http:\/\/www.radiopiu.net\/wordpress\/notte-in-quota-a-per-i-vigili-del-fuoco-dopo-le-fiamme-che-hanno-distrutto-malga-foca\/\">NOTTE IN QUOTA A PER I VIGILI DEL FUOCO DOPO LE FIAMME CHE HANNO DISTRUTTO MALGA FOCA<\/a><\/p><\/blockquote>\n<p><iframe loading=\"lazy\" class=\"wp-embedded-content\" sandbox=\"allow-scripts\" security=\"restricted\" style=\"position: absolute; clip: rect(1px, 1px, 1px, 1px);\" src=\"http:\/\/www.radiopiu.net\/wordpress\/notte-in-quota-a-per-i-vigili-del-fuoco-dopo-le-fiamme-che-hanno-distrutto-malga-foca\/embed\/#?secret=72vCazuz4R\" data-secret=\"72vCazuz4R\" width=\"600\" height=\"338\" title=\"&#8220;NOTTE IN QUOTA A PER I VIGILI DEL FUOCO DOPO LE FIAMME CHE HANNO DISTRUTTO MALGA FOCA&#8221; &#8212; Radio Pi\u00f9\" frameborder=\"0\" marginwidth=\"0\" marginheight=\"0\" scrolling=\"no\"><\/iframe><\/p>\n<p>&nbsp;<\/p>\n<p>&nbsp;<\/p>\n<p>&nbsp;<\/p>\n<h3>FRANA DI SAN MARTINO, INIZIATI I LAVORI DI MESSA IN SICUREZZA<\/h3>\n<p><strong>ALPAGO<\/strong> Ripristino della viabilit\u00e0 in frazione San Martino, importante arteria che permette il collegamento con Funes. Non solo asfalto, ma anche abitati da mettere in sicurezza come spiega il consigliere provinciale Massimo Bortoluzzi che tra l&#8217;altro guarda anche alla frana del Tessina.<\/p>\n<div style=\"width: 640px;\" class=\"wp-video\"><video class=\"wp-video-shortcode\" id=\"video-88067-2\" width=\"640\" height=\"352\" preload=\"metadata\" controls=\"controls\"><source type=\"video\/mp4\" src=\"http:\/\/www.radiopiu.net\/wordpress\/wp-content\/uploads\/2019\/06\/WhatsApp-Video-2019-06-11-at-16.10.23.mp4?_=2\" \/><a href=\"http:\/\/www.radiopiu.net\/wordpress\/wp-content\/uploads\/2019\/06\/WhatsApp-Video-2019-06-11-at-16.10.23.mp4\">http:\/\/www.radiopiu.net\/wordpress\/wp-content\/uploads\/2019\/06\/WhatsApp-Video-2019-06-11-at-16.10.23.mp4<\/a><\/video><\/div>\n<p>Lavori di somma urgenza importanti, ribadisce dalla Provincia, Pierantonio Zanchetta. L&#8217;importo dei lavori supera i 200 mila euro, intervento di edilizia specializzata<\/p>\n<div style=\"width: 640px;\" class=\"wp-video\"><video class=\"wp-video-shortcode\" id=\"video-88067-3\" width=\"640\" height=\"352\" preload=\"metadata\" controls=\"controls\"><source type=\"video\/mp4\" src=\"http:\/\/www.radiopiu.net\/wordpress\/wp-content\/uploads\/2019\/06\/WhatsApp-Video-2019-06-11-at-16.13.25.mp4?_=3\" \/><a href=\"http:\/\/www.radiopiu.net\/wordpress\/wp-content\/uploads\/2019\/06\/WhatsApp-Video-2019-06-11-at-16.13.25.mp4\">http:\/\/www.radiopiu.net\/wordpress\/wp-content\/uploads\/2019\/06\/WhatsApp-Video-2019-06-11-at-16.13.25.mp4<\/a><\/video><\/div>\n<p><a class=\"dt-pswp-item\" href=\"http:\/\/www.radiopiu.net\/wordpress\/wp-content\/uploads\/2019\/06\/d6a43e08-9791-4b77-92c6-77b692e8ae3a.jpg\" data-dt-img-description=\"\" data-large_image_width=\"900\" data-large_image_height=\"1600\"><img loading=\"lazy\" decoding=\"async\" class=\"alignnone wp-image-88076\" src=\"http:\/\/www.radiopiu.net\/wordpress\/wp-content\/uploads\/2019\/06\/d6a43e08-9791-4b77-92c6-77b692e8ae3a-169x300.jpg\" alt=\"\" width=\"104\" height=\"185\" srcset=\"https:\/\/www.radiopiu.net\/wordpress\/wp-content\/uploads\/2019\/06\/d6a43e08-9791-4b77-92c6-77b692e8ae3a-169x300.jpg 169w, https:\/\/www.radiopiu.net\/wordpress\/wp-content\/uploads\/2019\/06\/d6a43e08-9791-4b77-92c6-77b692e8ae3a-768x1365.jpg 768w, https:\/\/www.radiopiu.net\/wordpress\/wp-content\/uploads\/2019\/06\/d6a43e08-9791-4b77-92c6-77b692e8ae3a-576x1024.jpg 576w, https:\/\/www.radiopiu.net\/wordpress\/wp-content\/uploads\/2019\/06\/d6a43e08-9791-4b77-92c6-77b692e8ae3a.jpg 900w\" sizes=\"auto, (max-width: 104px) 100vw, 104px\" \/><\/a><a class=\"dt-pswp-item\" href=\"http:\/\/www.radiopiu.net\/wordpress\/wp-content\/uploads\/2019\/06\/d5519bf4-b19a-4e42-95e3-1fe4967750c2.jpg\" data-dt-img-description=\"\" data-large_image_width=\"1600\" data-large_image_height=\"900\"><img loading=\"lazy\" decoding=\"async\" class=\"alignnone wp-image-88074\" src=\"http:\/\/www.radiopiu.net\/wordpress\/wp-content\/uploads\/2019\/06\/d5519bf4-b19a-4e42-95e3-1fe4967750c2-300x169.jpg\" alt=\"\" width=\"229\" height=\"129\" srcset=\"https:\/\/www.radiopiu.net\/wordpress\/wp-content\/uploads\/2019\/06\/d5519bf4-b19a-4e42-95e3-1fe4967750c2-300x169.jpg 300w, https:\/\/www.radiopiu.net\/wordpress\/wp-content\/uploads\/2019\/06\/d5519bf4-b19a-4e42-95e3-1fe4967750c2-768x432.jpg 768w, https:\/\/www.radiopiu.net\/wordpress\/wp-content\/uploads\/2019\/06\/d5519bf4-b19a-4e42-95e3-1fe4967750c2-1024x576.jpg 1024w, https:\/\/www.radiopiu.net\/wordpress\/wp-content\/uploads\/2019\/06\/d5519bf4-b19a-4e42-95e3-1fe4967750c2.jpg 1600w\" sizes=\"auto, (max-width: 229px) 100vw, 229px\" \/><\/a><\/p>\n<div style=\"width: 640px;\" class=\"wp-video\"><video class=\"wp-video-shortcode\" id=\"video-88067-4\" width=\"640\" height=\"352\" preload=\"metadata\" controls=\"controls\"><source type=\"video\/mp4\" src=\"http:\/\/www.radiopiu.net\/wordpress\/wp-content\/uploads\/2019\/06\/WhatsApp-Video-2019-06-11-at-16.13.37.mp4?_=4\" \/><a href=\"http:\/\/www.radiopiu.net\/wordpress\/wp-content\/uploads\/2019\/06\/WhatsApp-Video-2019-06-11-at-16.13.37.mp4\">http:\/\/www.radiopiu.net\/wordpress\/wp-content\/uploads\/2019\/06\/WhatsApp-Video-2019-06-11-at-16.13.37.mp4<\/a><\/video><\/div>\n<p>&nbsp;<\/p>\n<p>&nbsp;<\/p>\n<p>&nbsp;<\/p>\n<h2>LA PRIORITA&#8217;: LA STRADA PER PONT, PRESTO SARA&#8217; RIAPERTA.<\/h2>\n<p><strong><a class=\"dt-pswp-item\" href=\"http:\/\/www.radiopiu.net\/wordpress\/wp-content\/uploads\/2019\/06\/50b7298b-912e-464b-b633-053e5fed6293.jpg\" data-dt-img-description=\"\" data-large_image_width=\"1600\" data-large_image_height=\"1069\"><img loading=\"lazy\" decoding=\"async\" class=\" wp-image-88097 alignleft\" src=\"http:\/\/www.radiopiu.net\/wordpress\/wp-content\/uploads\/2019\/06\/50b7298b-912e-464b-b633-053e5fed6293-300x200.jpg\" alt=\"\" width=\"266\" height=\"177\" srcset=\"https:\/\/www.radiopiu.net\/wordpress\/wp-content\/uploads\/2019\/06\/50b7298b-912e-464b-b633-053e5fed6293-300x200.jpg 300w, https:\/\/www.radiopiu.net\/wordpress\/wp-content\/uploads\/2019\/06\/50b7298b-912e-464b-b633-053e5fed6293-768x513.jpg 768w, https:\/\/www.radiopiu.net\/wordpress\/wp-content\/uploads\/2019\/06\/50b7298b-912e-464b-b633-053e5fed6293-1024x684.jpg 1024w, https:\/\/www.radiopiu.net\/wordpress\/wp-content\/uploads\/2019\/06\/50b7298b-912e-464b-b633-053e5fed6293.jpg 1600w\" sizes=\"auto, (max-width: 266px) 100vw, 266px\" \/><\/a>TAIBON<\/strong> Una buona notizia dalla Valle di San Lucano, l&#8217;amministrazione Comunale ha dato il via ai lavori di realizzazione di una pista provvisoria in localit\u00e0 \u201c Tornante dei Cadene \u201c a Col Di Pr\u00e0 in maniera di poter accedere con mezzi alla pulizia della strada di Pont. Tale pista \u00e8 stata sollecitata varie volte agli incontri pubblici ed anche per iscritto da varie associazioni di volontariato presenti nel Comune di Taibon. Tra i promotori delle iniziative Alessandro Savio che ci scrive &#8220;<em>Si ringrazia pertanto la nuova Amministrazione Comunale per la sensibilit\u00e0 e disponibilit\u00e0 dimostrata verso questo atteso lavoro dopo la alluvione dell\u2019autunno scorso. Sar\u00e0 inoltre auspicabile a fine intervento in localit\u00e0 PONT che i massi squadrati di marmo nero venuti alla luce proprio a seguito dell\u2019evento calamitoso non vengano di nuovo sotterrati ma siano messi in evidenza a fianco strada anche in prospettiva futura di valorizzazione del sito come zona di archeologia industriale in memoria delle famose cave di marmo nero ( Calcare nodulare bituminoso degli strati di Livinallongo del Ladinico inferiore) in attivit\u00e0 fino alla met\u00e0 del secolo scorso. Grazie ancora alla Amministrazione e buon lavoro alla ditta esecutrice delle opere&#8221;.<\/em><\/p>\n<h2>ARCHIVIO RADIO PIU, 27 GENNAIO 2019<\/h2>\n<blockquote class=\"wp-embedded-content\" data-secret=\"uzlXFlybi8\"><p><a href=\"http:\/\/www.radiopiu.net\/wordpress\/col-di-pra-pont-la-distruzione-con-la-collaborazione-di-manuel-conedera\/\">COL DI PRA &#8211; PONT: LA DISTRUZIONE con la collaborazione di MANUEL CONEDERA<\/a><\/p><\/blockquote>\n<p><iframe loading=\"lazy\" class=\"wp-embedded-content\" sandbox=\"allow-scripts\" security=\"restricted\" style=\"position: absolute; clip: rect(1px, 1px, 1px, 1px);\" src=\"http:\/\/www.radiopiu.net\/wordpress\/col-di-pra-pont-la-distruzione-con-la-collaborazione-di-manuel-conedera\/embed\/#?secret=uzlXFlybi8\" data-secret=\"uzlXFlybi8\" width=\"600\" height=\"338\" title=\"&#8220;COL DI PRA &#8211; PONT: LA DISTRUZIONE con la collaborazione di MANUEL CONEDERA&#8221; &#8212; Radio Pi\u00f9\" frameborder=\"0\" marginwidth=\"0\" marginheight=\"0\" scrolling=\"no\"><\/iframe><\/p>\n<p>&nbsp;<\/p>\n<p>&nbsp;<\/p>\n<p>&nbsp;<\/p>\n<h2>LE ASSOCIAZIONI DI VOLONTARIATO &#8220;PREGANO&#8221; IL SINDACO&#8230;<\/h2>\n<p><strong><a class=\"dt-pswp-item\" href=\"http:\/\/www.radiopiu.net\/wordpress\/wp-content\/uploads\/2019\/06\/download-7.jpg\" data-dt-img-description=\"\" data-large_image_width=\"293\" data-large_image_height=\"172\"><img loading=\"lazy\" decoding=\"async\" class=\"size-full wp-image-88098 alignleft\" src=\"http:\/\/www.radiopiu.net\/wordpress\/wp-content\/uploads\/2019\/06\/download-7.jpg\" alt=\"\" width=\"293\" height=\"172\" \/><\/a>TAIBON<\/strong> Proloco, Piodech, Cacciatori, Castellani, Pescatori e Alpini, tutti assieme hanno scritto al riconfermato sindaco Silvia Tormen. Si tratta di un gruppo di volontari sempre attenti e presenti nella comunit\u00e0 con opere di salvaguardia, pulizia dei sentieri, intereventi di bonifica. Uomini e donne legati all&#8217;ambiente non al cemento, uomini e donne nati e cresciuti sul territorio che non vogliono vederlo ne&#8217; abbandonato n\u00e8 terra di avventura per speculatori, che non sono solo quelli delle centraline sul Tegnas. Di qui la richiesta al sindaco di intervenire per ripristinare la viabilit\u00e0 verso Pont (vedi articolo precedente) ma anche\u00a0 la richiesta di intervenire presso gli organi superiori competenti per una rimodulazione del progetto dell&#8217;Arena al laghetto delle Peschiere per un intervento pi\u00f9 modesto cercando di limitare l&#8217;uso del cemento e l&#8217;impatto ambientale impiegando le risorse per la pulizia del lago e per mantenere integro il luogo.<\/p>\n<p>&nbsp;<\/p>\n<p>&nbsp;<\/p>\n<p>&nbsp;<\/p>\n<h2>A SPASSO PER LA REGINA CAJADA<\/h2>\n<p><strong><a class=\"dt-pswp-item\" href=\"http:\/\/www.radiopiu.net\/wordpress\/wp-content\/uploads\/2019\/06\/DSC02339.jpg\" data-dt-img-description=\"\" data-large_image_width=\"1097\" data-large_image_height=\"1458\"><img loading=\"lazy\" decoding=\"async\" class=\" wp-image-88060 alignleft\" src=\"http:\/\/www.radiopiu.net\/wordpress\/wp-content\/uploads\/2019\/06\/DSC02339-226x300.jpg\" alt=\"\" width=\"133\" height=\"177\" srcset=\"https:\/\/www.radiopiu.net\/wordpress\/wp-content\/uploads\/2019\/06\/DSC02339-226x300.jpg 226w, https:\/\/www.radiopiu.net\/wordpress\/wp-content\/uploads\/2019\/06\/DSC02339-768x1021.jpg 768w, https:\/\/www.radiopiu.net\/wordpress\/wp-content\/uploads\/2019\/06\/DSC02339-770x1024.jpg 770w, https:\/\/www.radiopiu.net\/wordpress\/wp-content\/uploads\/2019\/06\/DSC02339.jpg 1097w\" sizes=\"auto, (max-width: 133px) 100vw, 133px\" \/><\/a>BELLUNO<\/strong> Nel ricco programma di \u201cCammina con me\u201d di Valmorel e del Comune di Limana \u00e8 prevista, per domenica 16 giugno, un\u2019escursione in Cajada con Anacleto Boranga, guida e divulgatore naturalistico. Nell\u2019altopiano di Cajada, situato all\u2019interno del Parco Nazionale Dolomiti Bellunesi, in Comune di Longarone, c\u2019\u00e8 una delle pi\u00f9 belle foreste del Veneto, gi\u00e0 bandita ai tempi della Serenissima. Un maestoso Abete bianco, la Regina di quel Bosco, \u00e8 stato designato a rappresentarla. Si tratta del primo albero monumentale del Veneto tutelato con legge dello Stato. Tra le innumerevoli attrattive paesaggistiche, botaniche e faunistiche <a class=\"dt-pswp-item\" href=\"http:\/\/www.radiopiu.net\/wordpress\/wp-content\/uploads\/2019\/06\/P1220774.jpg\" data-dt-img-description=\"\" data-large_image_width=\"1060\" data-large_image_height=\"795\"><img loading=\"lazy\" decoding=\"async\" class=\" wp-image-88059 alignright\" src=\"http:\/\/www.radiopiu.net\/wordpress\/wp-content\/uploads\/2019\/06\/P1220774-300x225.jpg\" alt=\"\" width=\"228\" height=\"171\" srcset=\"https:\/\/www.radiopiu.net\/wordpress\/wp-content\/uploads\/2019\/06\/P1220774-300x225.jpg 300w, https:\/\/www.radiopiu.net\/wordpress\/wp-content\/uploads\/2019\/06\/P1220774-768x576.jpg 768w, https:\/\/www.radiopiu.net\/wordpress\/wp-content\/uploads\/2019\/06\/P1220774-1024x768.jpg 1024w, https:\/\/www.radiopiu.net\/wordpress\/wp-content\/uploads\/2019\/06\/P1220774.jpg 1060w\" sizes=\"auto, (max-width: 228px) 100vw, 228px\" \/><\/a>della zona merita citare soprattutto la Conca pascoliva di Palughet, formata ancora in tempo preistorico, da una gigantesca frana, solo parzialmente stabilizzata, di dimensioni doppie di quella del Vajont. L\u2019escursione di un\u2019intera giornata, prevede circa 3 ore di effettivo cammino (dislivello ca. 300m) e diverse soste per osservazioni naturalistiche, antropiche e storiche. Ritrovo alle 8,30 presso la Scuola elementare di Limana.<\/p>\n<blockquote><p><em><strong>Per iscrizioni (obbligatorie) : Eugenio Frigerio 347 761 9696 &#8211; Tormen Paolo 339 700 3364 dopo le 18.00 &#8211; Venturin Sergio 335 729 1783- Per Info: Anacleto Boranga 0437 926732 \u2013340 876 9665.<\/strong><\/em><\/p><\/blockquote>\n<p>&nbsp;<\/p>\n<p>&nbsp;<\/p>\n<p>&nbsp;<\/p>\n<h3><strong>L&#8217;OPINIONE<\/strong><\/h3>\n<h3>di Claudio Pra conduttore &#8220;Montagna nel cuore, 360 gradi di passione ad alta quota&#8221;.<\/h3>\n<blockquote><p><em>Rispetto e cultura per una montagna diversa<\/em><\/p><\/blockquote>\n<p><a class=\"dt-pswp-item\" href=\"http:\/\/www.radiopiu.net\/wordpress\/wp-content\/uploads\/2019\/06\/45eba254-ef98-460a-8d65-2fc58b197340.jpg\" data-dt-img-description=\"\" data-large_image_width=\"1600\" data-large_image_height=\"1200\"><img loading=\"lazy\" decoding=\"async\" class=\" wp-image-88086 alignleft\" src=\"http:\/\/www.radiopiu.net\/wordpress\/wp-content\/uploads\/2019\/06\/45eba254-ef98-460a-8d65-2fc58b197340-300x225.jpg\" alt=\"\" width=\"232\" height=\"174\" srcset=\"https:\/\/www.radiopiu.net\/wordpress\/wp-content\/uploads\/2019\/06\/45eba254-ef98-460a-8d65-2fc58b197340-300x225.jpg 300w, https:\/\/www.radiopiu.net\/wordpress\/wp-content\/uploads\/2019\/06\/45eba254-ef98-460a-8d65-2fc58b197340-768x576.jpg 768w, https:\/\/www.radiopiu.net\/wordpress\/wp-content\/uploads\/2019\/06\/45eba254-ef98-460a-8d65-2fc58b197340-1024x768.jpg 1024w, https:\/\/www.radiopiu.net\/wordpress\/wp-content\/uploads\/2019\/06\/45eba254-ef98-460a-8d65-2fc58b197340.jpg 1600w\" sizes=\"auto, (max-width: 232px) 100vw, 232px\" \/><\/a>Con l\u2019apertura ufficiale di tutti i rifugi parte per la grande maggioranza degli escursionisti la stagione estiva 2019 che sar\u00e0 segnata dalle profonde ferite lasciate da Vaia. Ma per stavolta l\u2019argomento non \u00e8 il catastrofico evento e le sue conseguenze. In questa occasione parliamo di rispetto e cultura per una montagna diversa. Non sono nessuno per dettare delle regole, sia chiaro, ed infatti le mie sono riflessioni ispirate, almeno spero, dal buon senso e dalla mia etica dell\u2019andare per monti, che penso sia quella di tanti altri appassionati. Quelle che dico potranno anche sembrare cose banali, superflue, gi\u00e0 sentite, eppure chi frequenta l\u2019ambiente montano sa che sono le problematiche reali con cui si fa i conti, che mi piacerebbe venissero periodicamente discusse per sensibilizzare quante pi\u00f9 persone possibile. La montagna va (andrebbe) accostata con rispetto e almeno un minimo di cultura. Sulla mancanza di rispetto \u00e8 molto pi\u00f9 difficile agire, perch\u00e9 si entra maggiormente nel personale, mentre sulla cultura i margini sono pi\u00f9 ampi. Le due cose vanno per\u00f2 a braccetto e latitano in molti, troppi casi. Lo si nota chiaramente su sentieri e luoghi battuti dalla massa, ma raramente coinvolge persino chi \u00e8 ritenuto il \u201cvero\u201d appassionato, magari solo perch\u00e9 \u00e8 un assiduo frequentatore. Ovviamente lo spirito con cui ci si immerge nella natura fa la differenza e questo fa parte del nostro essere. Difficilmente se ho rispetto e sensibilit\u00e0 getto a terra rifiuti, ed \u00e8 una condotta che adotto in qualunque posto mi trovi, che sia in mezzo al bosco o in centro citt\u00e0. Ma non \u00e8 solo una questione di rifiuti, \u00e8 tutta una serie di comportamenti che lasciano allibiti e che fanno capire come la possibilit\u00e0 di vivere un\u2019esperienza diversa e fantastica venga sprecata se accostata con la mentalit\u00e0 sbagliata.\u00a0 Parlavo qualche riga fa di rifiuti, che ovviamente sono la prima cosa che balza all\u2019occhio. Trovarli sui sentieri e sulle cime \u00e8 avvilente ed \u00e8 l\u2019indice del degrado mentale e culturale di chi li ha gettati a terra. Cos\u2019hanno a che fare costoro con l\u2019ambiente che hanno frequentato? Cosa si portano a casa? solo il selfie di cima? Tra i vari rifiuti spiccano i fazzolettini, quelli per soffiarsi il naso. Se ne trovano in abbondanza e l\u2019impressione \u00e8 che spesso vengano gettati perch\u00e9 ritenuti biodegradabili. Gi\u00e0, ma dopo quanto tempo si dissolveranno, sempre che siano totalmente degradabili? Ci vorr\u00e0 comunque molto e non sar\u00e0 un bel vedere per chi li\u00a0 incrocer\u00e0. Chi li ha gettati camminerebbe volentieri su un tappeto di fazzolettini? Perch\u00e9 non tenerseli in tasca e buttarli nella spazzatura una volta giunti a casa? Non costa davvero nulla!\u00a0 Altra insensibilit\u00e0 e mancanza di rispetto \u00e8 trovare in bella vista gli escrementi degli escursionisti di fianco ai sentieri o a ridosso di rifugi, bivacchi o casere. Ma costa tanto trovare dei posti appartati in cui espletare i bisogni fisiologici, avendo cura di farlo lasciando meno tracce possibili? Eppure si trovano latrine a cielo aperto, spesso a fianco del luogo dove si pass<a class=\"dt-pswp-item\" href=\"http:\/\/www.radiopiu.net\/wordpress\/wp-content\/uploads\/2019\/06\/e40b0483-1ccf-4a17-ab65-30a13dc9fe72.jpg\" data-dt-img-description=\"\" data-large_image_width=\"1080\" data-large_image_height=\"1390\"><img loading=\"lazy\" decoding=\"async\" class=\"size-medium wp-image-88089 alignright\" src=\"http:\/\/www.radiopiu.net\/wordpress\/wp-content\/uploads\/2019\/06\/e40b0483-1ccf-4a17-ab65-30a13dc9fe72-233x300.jpg\" alt=\"\" width=\"233\" height=\"300\" srcset=\"https:\/\/www.radiopiu.net\/wordpress\/wp-content\/uploads\/2019\/06\/e40b0483-1ccf-4a17-ab65-30a13dc9fe72-233x300.jpg 233w, https:\/\/www.radiopiu.net\/wordpress\/wp-content\/uploads\/2019\/06\/e40b0483-1ccf-4a17-ab65-30a13dc9fe72-768x988.jpg 768w, https:\/\/www.radiopiu.net\/wordpress\/wp-content\/uploads\/2019\/06\/e40b0483-1ccf-4a17-ab65-30a13dc9fe72-796x1024.jpg 796w, https:\/\/www.radiopiu.net\/wordpress\/wp-content\/uploads\/2019\/06\/e40b0483-1ccf-4a17-ab65-30a13dc9fe72.jpg 1080w\" sizes=\"auto, (max-width: 233px) 100vw, 233px\" \/><\/a>er\u00e0 la notte facendo magari un suggestivo fuoco serale.\u00a0 Anche gli schiamazzi sono fastidiosi. Le urla sono fuori luogo, non necessarie e spaventano gli animali che si potrebbero incontrare. Urlare inutilmente in montagna \u00e8 per me come farlo in chiesa. Sono entrambi luoghi dove il chiasso stona. Siamo gi\u00e0 immersi abbondantemente in un mondo fatto di rumori e quindi il silenzio conquistato assume un valore assoluto.\u00a0 Capitolo rifugi: non stiamo parlando di alberghi (anche se alcuni lo diventano). Un rifugio solitamente propone un men\u00f9 ottimo ma spesso limitato, ed una sistemazione comoda ma spartana, cos\u00ec come \u00e8 giusto che sia. Si \u00e8 consapevoli di dove si va quando si sale lass\u00f9 e di quanta fatica costa gestire quella struttura che ci fa comodo trovare dopo una lunga camminata?\u00a0 Parliamo anche dei bivacchi (ma per certi versi possiamo estendere il discorso anche alle casere). Sono in primis ricoveri di emergenza, non luoghi dove pretendere di passare le vacanze stazionando per giorni e giorni. E\u2019 anche fondamentale, una volta usati, lasciare tutto in ordine per chi verr\u00e0 dopo di noi, rifarsi la branda, darci dentro di ramazza, chiudere per bene porte e finestre. Queste sono alcune cose che mi sono sentito di scrivere, ma sono sicuro che in tanti ne avranno altre da aggiungere. <a class=\"dt-pswp-item\" href=\"http:\/\/www.radiopiu.net\/wordpress\/wp-content\/uploads\/2019\/06\/78ad0920-dfb8-4661-aaf8-6bfb57212c2b.jpg\" data-dt-img-description=\"\" data-large_image_width=\"1133\" data-large_image_height=\"640\"><img loading=\"lazy\" decoding=\"async\" class=\"size-medium wp-image-88088 alignleft\" src=\"http:\/\/www.radiopiu.net\/wordpress\/wp-content\/uploads\/2019\/06\/78ad0920-dfb8-4661-aaf8-6bfb57212c2b-300x169.jpg\" alt=\"\" width=\"300\" height=\"169\" srcset=\"https:\/\/www.radiopiu.net\/wordpress\/wp-content\/uploads\/2019\/06\/78ad0920-dfb8-4661-aaf8-6bfb57212c2b-300x169.jpg 300w, https:\/\/www.radiopiu.net\/wordpress\/wp-content\/uploads\/2019\/06\/78ad0920-dfb8-4661-aaf8-6bfb57212c2b-768x434.jpg 768w, https:\/\/www.radiopiu.net\/wordpress\/wp-content\/uploads\/2019\/06\/78ad0920-dfb8-4661-aaf8-6bfb57212c2b-1024x578.jpg 1024w, https:\/\/www.radiopiu.net\/wordpress\/wp-content\/uploads\/2019\/06\/78ad0920-dfb8-4661-aaf8-6bfb57212c2b.jpg 1133w\" sizes=\"auto, (max-width: 300px) 100vw, 300px\" \/><\/a>Auspico per\u00f2 una discussione costruttiva, senza accuse generiche, senza mettersi sul piedistallo, senza barricarsi solo ed esclusivamente nelle proprie convinzioni, senza creare squadre contrapposte che si accusano. Ripeto un mio concetto di cui sono convinto, che ho affermato nelle prime righe: il rispetto \u00e8 difficile inculcarlo in chi non ce l\u2019ha, bisogna agire sulla cultura. Quest\u2019ultima \u00e8 l\u2019unica leva per sperare di portare a casa qualche risultato. Parlare quindi con chi \u00e8 meno \u201csensibile\u201d (magari lo \u00e8 solo perch\u00e9 non conosce o si \u00e8 fatto un\u2019idea errata). In fondo potrebbe toccare a tutti noi di ritrovarci in questa condizione muovendoci in ambienti che non conosciamo.\u00a0 Ultimo pensiero e poi chiudo: se frequentassimo la montagna senza lasciare tracce del nostro passaggio, o limitandole al minimo, avremmo raggiunto un obbiettivo che va molto al di l\u00e0 della cima.<\/p>\n<p>&nbsp;<\/p>\n<p>&nbsp;<\/p>\n<p>&nbsp;<\/p>\n<h1>ENNIO VIGNE, L&#8217;UOMO DEL PARCO<\/h1>\n<p>audio dalla rassegna stampa Federico D&#8217;Inca&#8217;<\/p>\n<audio class=\"wp-audio-shortcode\" id=\"audio-88067-4\" preload=\"none\" style=\"width: 100%;\" controls=\"controls\"><source type=\"audio\/mpeg\" src=\"http:\/\/www.radiopiu.net\/wordpress\/wp-content\/uploads\/2019\/06\/INCA.mp3?_=4\" \/><a href=\"http:\/\/www.radiopiu.net\/wordpress\/wp-content\/uploads\/2019\/06\/INCA.mp3\">http:\/\/www.radiopiu.net\/wordpress\/wp-content\/uploads\/2019\/06\/INCA.mp3<\/a><\/audio>\n<p>&nbsp;<\/p>\n<p><a class=\"dt-pswp-item\" href=\"http:\/\/www.radiopiu.net\/wordpress\/wp-content\/uploads\/2019\/06\/download-6.jpg\" data-dt-img-description=\"\" data-large_image_width=\"155\" data-large_image_height=\"231\"><img loading=\"lazy\" decoding=\"async\" class=\"size-full wp-image-88092 alignleft\" src=\"http:\/\/www.radiopiu.net\/wordpress\/wp-content\/uploads\/2019\/06\/download-6.jpg\" alt=\"\" width=\"155\" height=\"231\" \/><\/a>ROMA\u00a0 <em>\u201cUn augurio di buon lavoro al nuovo commissario del Parco Nazionale delle Dolomiti Bellunesi Ennio Vigne. Un amministratore capace, che da molti anni svolge il proprio servizio nei confronti della comunit\u00e0 di Santa Giustina. Dopo le elezioni europee, finalmente si sono sciolti alcuni nodi sulle nomine dei Parchi italiani: credo che il metodo scelto di condividere la nomina con i sindaci porter\u00e0 ad un futuro di maggiore centralit\u00e0 e condivisione del Parco all\u2019interno del tessuto culturale ed economico del Veneto\u201d. <\/em>\u00c8 il commento di Federico D\u2019Inc\u00e0 (M5S) in merito alla nomina del nuovo commissario straordinario del Parco Nazionale delle Dolomiti Bellunesi Ennio Vigne. <em>\u201cIn queste ore ho parlato con il Ministro Costa \u2013 prosegue D\u2019Inc\u00e0 \u2013 e adesso il nuovo commissario avr\u00e0 il compito di gestire al meglio il nuovo Piano ed il Regolamento del Parco, i tanti lavori di ripristino della sentieristica dopo la tempesta Vaia e, soprattutto, il passaggio al demanio della met\u00e0 del Parco che era sotto la Forestale e, oggi, sotto l\u2019Arma dei Carabinieri. Tutti punti che, insieme a una visione di studio e protezione ambientale, turistica e di accoglienza diffusa, saranno centrali nel prossimo futuro\u201d. <\/em>Secondo D\u2019Inc\u00e0 \u201cnon \u00e8 stato un percorso facile quello avuto dal Parco negli ultimi anni.&#8221;<em>Per questo motivo sento di dover ringraziare Franco Zaetta e tutto il direttivo che ha lavorato, seppur senza un presidente effettivo, e che ha saputo gestire al meglio strutture, personale ed investimenti. Ricordo a tutti che l\u2019ambiente \u00e8 una delle sfide pi\u00f9 importanti del prossimo futuro. Avere a disposizione un territorio, quello bellunese, al cui interno \u00e8 presente un\u2019oasi di rara bellezza incontaminata con il Parco delle Dolomiti Bellunesi, deve renderci responsabili nel preservalo e mantenerlo per le prossime generazioni\u201d.<\/em><\/p>\n<p>&nbsp;<\/p>\n<p>&nbsp;<\/p>\n<p>&nbsp;<\/p>\n<p>&nbsp;<\/p>\n<h1 class=\"post-title entry-title\">Rinnovo contratto: un&#8217;assemblea per spiegare.<\/h1>\n<p><strong>AGORDO<\/strong> Oggi giornata di assemblee in Luxottica: all&#8217;ordine del giorno il rinnovo del contratto integrativo aziendale. Dopo la bufera mediatica di qualche settimana fa sulle ventilate ipotesi di una rivoluzione degli orari in fabbrica, possiamo ben dire che la curiosit\u00e0 per queste assemblee \u00e8 abbastanza diffusa, tuttavia \u00e8 opportuno tenere presente alcune cose.<em><a class=\"dt-pswp-item\" href=\"http:\/\/www.radiopiu.net\/wordpress\/wp-content\/uploads\/2017\/01\/BEZ-UIL.jpg\" data-dt-img-description=\"\" data-large_image_width=\"168\" data-large_image_height=\"300\"><img loading=\"lazy\" decoding=\"async\" class=\"wp-image-27165 alignleft\" src=\"http:\/\/www.radiopiu.net\/wordpress\/wp-content\/uploads\/2017\/01\/BEZ-UIL-168x300.jpg\" alt=\"\" width=\"64\" height=\"115\" \/><\/a><\/em> <em>&#8220;Innanzitutto\u00a0 &#8211; dice Emilio Bez Coordinatore Uiltec Luxottica Agordo &#8211;\u00a0 non \u00e8 ancora stato siglato<a class=\"dt-pswp-item\" href=\"http:\/\/www.radiopiu.net\/wordpress\/wp-content\/uploads\/2017\/01\/LUIGI-DELL-ATTI.jpg\" data-dt-img-description=\"\" data-large_image_width=\"918\" data-large_image_height=\"918\"><img loading=\"lazy\" decoding=\"async\" class=\"wp-image-27320 alignright\" src=\"http:\/\/www.radiopiu.net\/wordpress\/wp-content\/uploads\/2017\/01\/LUIGI-DELL-ATTI-300x300.jpg\" alt=\"\" width=\"87\" height=\"87\" \/><\/a> un nuovo accordo, le assemblee sindacali serviranno alle segreterie per illustrare quanto \u00e8 stato discusso finora in questi lunghi mesi e per spiegare in che direzione sta andando il rinnovo del contratto. A fronte di ci\u00f2, qualcuno potrebbe pensare che questa assemblea non sia cos\u00ec importante e che si possa tranquillamente attendere la presentazione dell&#8217;accordo firmato. Invece sar\u00e0 fondamentale per tutti quanti partecipare a quest&#8217;incontro&#8221;.\u00a0\u00a0<\/em>Luigi Dell&#8217;Atti della Cgil ai microfoni di RADIO PIU<\/p>\n<audio class=\"wp-audio-shortcode\" id=\"audio-88067-5\" preload=\"none\" style=\"width: 100%;\" controls=\"controls\"><source type=\"audio\/mpeg\" src=\"http:\/\/www.radiopiu.net\/wordpress\/wp-content\/uploads\/2019\/06\/luxottica.mp3?_=5\" \/><a href=\"http:\/\/www.radiopiu.net\/wordpress\/wp-content\/uploads\/2019\/06\/luxottica.mp3\">http:\/\/www.radiopiu.net\/wordpress\/wp-content\/uploads\/2019\/06\/luxottica.mp3<\/a><\/audio>\n<p>&nbsp;<\/p>\n<p>&nbsp;<\/p>\n<p>&nbsp;<\/p>\n<p>&nbsp;<\/p>\n<h3>BILANCIO. SBLOCCATE RISORSE VINCOLATE PER OLTRE 114 MILIONI A VANTAGGIO DI PROTEZIONE CIVILE<\/h3>\n<p><strong>VENEZIA\u00a0<\/strong> La Giunta regionale oggi ha provveduto alla reiscrizione nel Bilancio 2019 di risorse per un importo complessivo pari a euro 114.406.808,80 di avanzo di amministrazione vincolato ad investimenti. <em>\u201cSi tratta di un provvedimento che dispone una variazione al bilancio di previsione &#8211; spiega il vicepresidente della Giunta Regionale e assessore al Bilancio Gianluca Forcolin &#8211; consentendo cos\u00ec l\u2019utilizzo immediato di una rilevante quota di avanzo di amministrazione per investimenti, ai quali \u00e8 stata data assoluta priorit\u00e0 in coerenza con quanto definito in accordo con il Governo, con un significativo aiuto per il miglioramento dei saldi di finanza pubblica ed un tangibile sostegno per lo sviluppo dell\u2019economia reale\u201d. Con questa manovra complessiva \u2013 prosegue il Vicepresidente &#8211; sono stati destinati oltre 21 milioni agli interventi di Protezione Civile e di ripristino dei territori e dei corsi d\u2019acqua a seguito di calamit\u00e0 naturali, quasi 59 milioni sono stati assegnati alla tutela del territorio, la riduzione del rischio idrogeologico e la salvaguardia delle zone a rischio; oltre 17 milioni sono stati dedicati al settore dei trasporti e la mobilit\u00e0 mentre il settore del turismo potr\u00e0 contare su 11,6 milioni. Infine sono stati previsti 3 milioni per l\u2019edilizia abitativa e 1 milione e mezzo per quella scolastica.<\/em><\/p>\n<p>&nbsp;<\/p>\n<p>&nbsp;<\/p>\n<h3>ZONE ECONOMICHE SPECIALI E SEMPLIFICATE PER AUMENTARE PRODUTTIVITA&#8217; E COMPETITIVITA&#8217;.<\/h3>\n<p><strong><a class=\"dt-pswp-item\" href=\"http:\/\/www.radiopiu.net\/wordpress\/wp-content\/uploads\/2017\/02\/confartigianato-imprese-belluno.jpg\" data-dt-img-description=\"\" data-large_image_width=\"170\" data-large_image_height=\"79\"><img loading=\"lazy\" decoding=\"async\" class=\"size-full wp-image-28523 alignleft\" src=\"http:\/\/www.radiopiu.net\/wordpress\/wp-content\/uploads\/2017\/02\/confartigianato-imprese-belluno.jpg\" alt=\"\" width=\"170\" height=\"79\" \/><\/a>BELLUNO<\/strong> Confartigianato Belluno \u00e8 intenzionata a combattere lo spopolamento con un&#8217;arma chiamata Zes e Ztl, un ampio bagaglio di fiscalit\u00e0 agevolata e semplificazione.<\/p>\n<p><strong>DAMIANO TORMEN\u00a0<\/strong><\/p>\n<audio class=\"wp-audio-shortcode\" id=\"audio-88067-6\" preload=\"none\" style=\"width: 100%;\" controls=\"controls\"><source type=\"audio\/mpeg\" src=\"http:\/\/www.radiopiu.net\/wordpress\/wp-content\/uploads\/2019\/06\/DAMIANO-1.mp3?_=6\" \/><a href=\"http:\/\/www.radiopiu.net\/wordpress\/wp-content\/uploads\/2019\/06\/DAMIANO-1.mp3\">http:\/\/www.radiopiu.net\/wordpress\/wp-content\/uploads\/2019\/06\/DAMIANO-1.mp3<\/a><\/audio>\n<p>&nbsp;<\/p>\n<p>&nbsp;<\/p>\n<p>&nbsp;<\/p>\n<p>&nbsp;<\/p>\n<h2>COMUNICAZIONE LIMITAZIONE AL TRAFFICO DEI PASSI<\/h2>\n<blockquote><p><span style=\"color: #ff0000;\"><strong>DOMANI ALLE 15.10 E ALLE 21 SPECIALE ALLA RADIO CON MANUEL RONCA DA ARABBA FODOM TURISMO per domenica sono attesi migliaia di ciclisti e cicloamatori sui passi dolomitici per il dolomites bike day. l&#8217;intervista con il presidente con i particolari sull&#8217;iniziativa che vede i passi chiusi al traffico motorizzato dalle 9 alle 15 (Campolongo Falzarego, Val Parola).<\/strong><\/span><\/p><\/blockquote>\n<div class=\"\"><span class=\"\">i<a class=\"dt-pswp-item\" href=\"http:\/\/www.radiopiu.net\/wordpress\/wp-content\/uploads\/2019\/06\/Schermata-2019-06-08-alle-09.58.36.png\" data-dt-img-description=\"\" data-large_image_width=\"2272\" data-large_image_height=\"1148\"><img loading=\"lazy\" decoding=\"async\" class=\"size-medium wp-image-87759 alignleft\" src=\"http:\/\/www.radiopiu.net\/wordpress\/wp-content\/uploads\/2019\/06\/Schermata-2019-06-08-alle-09.58.36-300x152.png\" alt=\"\" width=\"300\" height=\"152\" srcset=\"https:\/\/www.radiopiu.net\/wordpress\/wp-content\/uploads\/2019\/06\/Schermata-2019-06-08-alle-09.58.36-300x152.png 300w, https:\/\/www.radiopiu.net\/wordpress\/wp-content\/uploads\/2019\/06\/Schermata-2019-06-08-alle-09.58.36-768x388.png 768w, https:\/\/www.radiopiu.net\/wordpress\/wp-content\/uploads\/2019\/06\/Schermata-2019-06-08-alle-09.58.36-1024x517.png 1024w\" sizes=\"auto, (max-width: 300px) 100vw, 300px\" \/><\/a>n occasione del:<\/span><\/div>\n<div class=\"\">\n<ul class=\"m_1500262103021052267MailOutline\">\n<li class=\"\"><span class=\"\">DOLOMITES BIKE DAY \u00a0domenica, 16 giugno 2019\u00a0<a class=\"\" href=\"http:\/\/www.dolomitesbikeday.it\/\" target=\"_blank\" rel=\"noopener noreferrer\">www.dolomitesbikeday.it<\/a><\/span><\/li>\n<\/ul>\n<ul class=\"m_1500262103021052267MailOutline\">\n<li class=\"\"><span class=\"\" style=\"font-family: Arial, sans-serif;\">SELLARONDA\u00a0BIKE DAY \u00a0sabato, 22 giugno 2019 \u00a0<a class=\"\" href=\"http:\/\/www.sellarondabikeday.com\/\" target=\"_blank\" rel=\"noopener noreferrer\">www.sellarondabikeday.com<\/a><\/span><\/li>\n<\/ul>\n<\/div>\n<div class=\"\"><span class=\"\" lang=\"IT\">\u00a0<\/span><\/div>\n<div class=\"\"><span class=\"\">due eventi non competitivi e gratuiti dedicati agli amanti della bicicletta, di seguito si comunicano gli orari di chiusura delle strade.<\/span><\/div>\n<div class=\"\"><span class=\"\" lang=\"IT\">\u00a0<\/span><\/div>\n<div class=\"\"><span class=\"\" lang=\"IT\">&#8211;<span class=\"\" style=\"color: #ff2600;\">\u00a0DOMENICA 16 giugno 2019\u00a0<\/span><\/span><span class=\"\" lang=\"IT\"><b class=\"\"><u class=\"\"><span class=\"\" style=\"color: #ff2600;\">DOLOMITES BIKE DAY<\/span><\/u><\/b><\/span><span class=\"\" lang=\"IT\">\u00a0<b class=\"\">chiusura dalle ore 09:00 alle ore 15:00\u00a0<\/b>anello\u00a0<\/span><span class=\"\">da\u00a0<\/span><b class=\"\">Passo<\/b><span class=\"\">\u00a0<\/span><b class=\"\">Campolongo<\/b><span class=\"\">\u00a0\u2013\u00a0<\/span><b class=\"\">A<wbr class=\"\" \/>rabba<\/b><span class=\"\">\u00a0\u2013\u00a0<\/span><b class=\"\">Pieve di Livinallongo (SS48)\u00a0<\/b><span class=\"\">\u2013\u00a0<\/span><b class=\"\">Passo Falzarego\u00a0\u2013 (SP 37) Passo Valparola\u00a0<\/b><span class=\"\">\u2013\u00a0San Cassiano\u00a0\u2013\u00a0La Villa\u00a0(SS244) \u2013\u00a0Corvara bivio direzione Passo Campolongo.\u00a0<\/span><\/div>\n<div class=\"\"><span class=\"\">Ai ciclisti \u00e8 consigliato il senso\u00a0<\/span><span class=\"\">antiorario, quindi da Passo Campolongo, Arabba, Pieve di Livinallongo in salita verso il Passo Falzarego\u00a0<\/span><\/div>\n<div class=\"\">\u2014\u2014\u2014\u2014\u2014\u2014\u2014\u2014\u2014\u2014\u2014\u2014\u2014\u2014\u2014\u2014\u2014\u2014\u2014\u2014\u2014\u2014\u2014\u2014\u2014\u2014\u2014\u2014\u2014\u2014<wbr class=\"\" \/>\u2014\u2014\u2014\u2014\u2014\u2014\u2014\u2014\u2014<\/div>\n<div class=\"\"><b class=\"\"><span class=\"\" lang=\"IT\">\u00a0<\/span><\/b><\/div>\n<div class=\"\"><span class=\"\" style=\"color: #ff2600;\"><b class=\"\"><span class=\"\" lang=\"IT\">&#8211;\u00a0<\/span><\/b><span class=\"\" lang=\"IT\">SABATO 22 giugno 2019 \u00e8 in programma il\u00a0<\/span><u class=\"\"><span class=\"\" lang=\"IT\"><b class=\"\">SELLA RONDA BIKE DAY<\/b><\/span><\/u><\/span><span class=\"\" lang=\"IT\">\u00a0con la chiusura<b class=\"\">\u00a0<\/b><\/span><b class=\"\"><span class=\"\" lang=\"IT\">dei 4 Passi Dolomitici: Passo Campolongo, Passo Gardena, Passo Sella e Passo Pordoi dalle ore 8:30 alle ore 15:30.\u00a0<\/span><\/b><span class=\"\" lang=\"IT\">\u00a0<\/span><\/div>\n<div class=\"\"><span class=\"\" lang=\"IT\">Ai ciclisti si consiglia il senso antiorario, quindi in salita da Arabba verso il Passo Campolongo.<\/span><\/div>\n<div><\/div>\n<p>&nbsp;<\/p>\n<p>&nbsp;<\/p>\n<p>&nbsp;<\/p>\n<h2>LA BICICLETTA SI CONFERMA UNO DEI \u201cMUST\u201d DELL\u2019ESTATE DEL PASSO SAN PELLEGRINO<\/h2>\n<blockquote><p><em>Sabato 22 giugno a Falcade arriva il Giro Giovani. Domenica 23 cicloturistica benefica per rinascere dalla tempesta Vaia.<\/em><\/p><\/blockquote>\n<p><strong>FALCADE<\/strong> \u00a0Con l\u2019arrivo della bella stagione il bianco della neve ha finalmente lasciato spazio al verde brillante dei prati. La Ski Area San Pellegrino si prepara a una grande estate proponendosi come la meta ideale per chi cerca una vacanza che sia rilassante ma attiva. La bicicletta diventa lo strumento ideale per scoprire e godere a pieno delle bellezze naturali del Passo San Pellegrino. Con i suo innumerevoli percosi, sia per il ciclismo su strada sia per la mountain bike, che si snodano a cavallo tra le province di Belluno e Trento, nel cuore delle Dolomiti, il Passo San Pellegrino \u00e8 da sempre sinonimo di grande ciclismo. Ciclismo inteso sia come grandi eventi sportivi sia come sport per tutti. Nel programma degli eventi ciclistici di questa prima parte dell\u2019estate spicca il Giro d\u2019Italia Giovani, 10-23 giugno, una delle pi\u00f9 importanti manifestazioni a livello internazionale riservata ai corridori under23 che sono i giovani talenti campioni di domani. La Ski Area San Pellegrino sar\u00e0 interessata in particolare dall\u2019 8a tappa, sabato 22 giugno, la Ros\u00e0-Falcade di km 133.6.\u00a0 Info tappa http:\/\/www.giroditaliau23.it\/2019-stage-8\/. Il giorno successivo l\u2019arrivo di Falcade, domenica 23 giugno tutti gli appasionati potranno partecipare alla pedalata cicloturistica (info nel volantino in allegato) a scopo benefico da Agordo a Rocca Pietore (30 km andata + 30 km ritorno) che ricalca parte del tracciato della tappa finale del Giro Giovani che quel giorno arriver\u00e0 sul Fedaia. La pedalata non \u00e8 competitiva, \u00e8 aperta a tutti e il costo \u00e8 di 15,00 Euro (iscrizioni al mattino direttamente alla partenza).<\/p>\n<p>&nbsp;<\/p>\n<p>&nbsp;<\/p>\n<p>&nbsp;<\/p>\n<p>&nbsp;<\/p>\n<h2>GENITORI SEMPRE A SPORT IN PIAZZA 2019<\/h2>\n<blockquote>\n<p style=\"text-align: left;\"><em>Noi \u201cAssociazione Genitori Sempre\u201d presenti a Sport in piazza . Noi genitori con i nostri ragazzi nel cuore. Presenti in una giornata di sole, all\u2019insegna del divertimento e dello sport. Con noi la Poliz<a class=\"dt-pswp-item\" href=\"http:\/\/www.radiopiu.net\/wordpress\/wp-content\/uploads\/2019\/06\/20190608_181230.jpg\" data-dt-img-description=\"\" data-large_image_width=\"5312\" data-large_image_height=\"2988\"><img loading=\"lazy\" decoding=\"async\" class=\"size-medium wp-image-88031 alignleft\" src=\"http:\/\/www.radiopiu.net\/wordpress\/wp-content\/uploads\/2019\/06\/20190608_181230-300x169.jpg\" alt=\"\" width=\"300\" height=\"169\" srcset=\"https:\/\/www.radiopiu.net\/wordpress\/wp-content\/uploads\/2019\/06\/20190608_181230-300x169.jpg 300w, https:\/\/www.radiopiu.net\/wordpress\/wp-content\/uploads\/2019\/06\/20190608_181230-768x432.jpg 768w, https:\/\/www.radiopiu.net\/wordpress\/wp-content\/uploads\/2019\/06\/20190608_181230-1024x576.jpg 1024w\" sizes=\"auto, (max-width: 300px) 100vw, 300px\" \/><\/a>ia Stradale perch\u00e9 si , si pu\u00f2 imparare anche divertendosi, e che divertimento sia allora, tra i giri in bicicletta all\u2019interno di un percorso contrassegnato da tanti segnali stradali che facilitano la conoscenza del codice della strada nei bambini e ragazzi e insegnano loro a guardare alla strada con la dovuta attenzione.<\/em><\/p>\n<\/blockquote>\n<p><strong>La presenza della polizia stradale di Belluno, che da anni accompagna Genitori Sempre nei vari percorsi che\u00a0 di Prevenzione degli incidenti stradali, riesce da sempre a catturare l\u2019attenzione dei bambini e dei ragazzi anche durante queste manifestazioni. Questo, infatti, il valore aggiunto a questa giornata di festa , riuscire a trasformare con loro una manifestazione gioiosa in una giornata divertente e anche costruttiva.<\/strong><\/p>\n<blockquote><p><em>Tante immagini, una bella musica, le parole speriamo giuste per rappresentare ci\u00f2 che siamo, le motivazioni che c<span class=\"text_exposed_show\">i hanno spinto a costituirla anni fa e la motivazione che ci tengono insieme. Perch\u00e8 \u00e8 vero insieme siamo un p\u00f2 pi\u00f9 forti! Per chi avr\u00e0 voglia di vederlo, di dedicarci 8 minuti del proprio tempo e condividerlo vi ringraziamo e vi auguriamo buona visione<\/span><\/em><\/p><\/blockquote>\n<p><a href=\"https:\/\/www.facebook.com\/genitorisempreagordo\/videos\/842059075970390\/\">VIDEO GENITORI SEMPRE, CLICCA QUI<\/a><\/p>\n<p>&nbsp;<\/p>\n<p>&nbsp;<\/p>\n<h2>POLO ADOLESCENTI,\u00a0 NUOVA SEDE<\/h2>\n<p><strong>FELTRE<\/strong>. Il Polo Adolescenti sbarca anche a Feltre grazie al progetto finanziato da Cariverona \u201cUna comunit\u00e0 a sostegno della famiglia\u201d. Da mercoled\u00ec 12 giugno una psicologa e due educatrici del dall&#8217;Unit\u00e0 Infanzia Adolescenza e Famiglia di Feltre accoglieranno i ragazzi tra gli 11 e i 21 anni il mercoled\u00ec mattina nelle stanze del Centro Giovani di Borgo Ruga, messe a disposizione del Comune di Feltre. Sempre pi\u00f9 adolescenti vengono intercettati precocemente perch\u00e9 a rischio di sviluppare disagio e convogliati verso i nuovi servizi offerti dai Poli Adolescenti, nati grazie al finanziamento di Cariverona. Attualmente, in provincia sono presenti 6 poli: uno a Belluno, uno a Ponte nelle Alpi, uno in Cadore, uno ad Agordo e, per il Distretto di Feltre, uno a Santa Giustina e Mel. All&#8217;interno di ogni Polo Adolescenti operano, per alcune ore alla settimana, una psicologa e una educatrice, specializzate nella psicologia dell&#8217;adolescenza, che offrono sia percorsi individuali che attivit\u00e0 di gruppo, che permettono il confronto e il sentirsi meno soli. Viene data risposta anche alle nuove forme di disagio adolescenziale, che si stanno diffondendo in provincia di Belluno: dipendenza da videogiochi ed internet, autolesionismo, difficolt\u00e0 di socializzazione fino al ritiro sociale. I Poli adolescenti accolgono ragazzi dagli 11 ai 21 anni e sono dislocati in spazi non connotati istituzionalmente, come la Biblioteca di Santa Giustina o il Comune di Mel. Questa scelta \u00e8 una carta vincente per far breccia sugli adolescenti, che non provano vergogna nel recarsi in luoghi che frequentano per altre attivit\u00e0.<\/p>\n<p>&nbsp;<\/p>\n<p>&nbsp;<\/p>\n<p>&nbsp;<\/p>\n<p>&nbsp;<\/p>\n<p>&nbsp;<\/p>\n<h2>IC FELTRE: Alla media \u201cRocca\u201d oggi il via agli Esami di Stato con la prima prova scritta, il tema d&#8217;italiano. Domani lingue straniere. Gioved\u00ec matematica.<\/h2>\n<p><strong><a class=\"dt-pswp-item\" href=\"http:\/\/www.radiopiu.net\/wordpress\/wp-content\/uploads\/2019\/06\/IC-FELTRE-Foto-scritti-esami-2019-1.jpg\" data-dt-img-description=\"\" data-large_image_width=\"1024\" data-large_image_height=\"768\"><img loading=\"lazy\" decoding=\"async\" class=\" wp-image-88105 alignleft\" src=\"http:\/\/www.radiopiu.net\/wordpress\/wp-content\/uploads\/2019\/06\/IC-FELTRE-Foto-scritti-esami-2019-1-300x225.jpg\" alt=\"\" width=\"239\" height=\"179\" srcset=\"https:\/\/www.radiopiu.net\/wordpress\/wp-content\/uploads\/2019\/06\/IC-FELTRE-Foto-scritti-esami-2019-1-300x225.jpg 300w, https:\/\/www.radiopiu.net\/wordpress\/wp-content\/uploads\/2019\/06\/IC-FELTRE-Foto-scritti-esami-2019-1-768x576.jpg 768w, https:\/\/www.radiopiu.net\/wordpress\/wp-content\/uploads\/2019\/06\/IC-FELTRE-Foto-scritti-esami-2019-1.jpg 1024w\" sizes=\"auto, (max-width: 239px) 100vw, 239px\" \/><\/a>FELTRE<\/strong> L&#8217;adolescenza, i social network e Salvatore Quasimodo (con la poesia Uomo del mio tempo). Sono gli argomenti della terna di temi estratta alla \u201cRocca\u201d dell&#8217;IC di Feltre che oggi (11.06.2019) ha dato il via agli Esami di Stato di terza media. Oltre un centinaio i ragazzi che alle 8.30 si sono ritrovati una parte in aula magna e un&#8217;altra parte nelle aule di arte e chitarra, per affrontare la prima giornata di scritti (domani alle 8.30 la prova di inglese; alle 10.50 la prova di tedesco e di francese, a seconda di chi ha scelto l&#8217;una o l&#8217;altra lingua durante il percorso triennale; gioved\u00ec alle 8.30 la prova finale di matematica). Quattro ore la durata massima della prova d&#8217;italiano; due ore quella di inglese; un&#8217;ora e quaranta quella di tedesco; tre ore quella di matematica, cos\u00ec come previsto dal Ministero. Sul banco solo i fogli timbrati, il dizionario e le penne. Giusto per la statistica, equa la scelta operata dagli studenti in merito alle tracce proposte oggi, anche se ha prevalso, seppur di poco, quella che prevedeva l&#8217;analisi del testo poetico del Premio Nobel per la letteratura Salvatore Quasimodo. Da luned\u00ec si partir\u00e0 con gli orali. Un momento importante per tutti i ragazzi impegnati nel primo vero esame scolastico, ai quali il presidente di commissione, Paolo Perco, e la dirigente dell&#8217;IC di Feltre, Cristina Beltrame, hanno rivolto un augurio affinch\u00e9 tutto possa andare per il meglio, non solo oggi ma complessivamente durante l&#8217;arco del percorso scolastico che gli alunni dovranno affrontare in futuro.<\/p>\n<p>&nbsp;<\/p>\n<p>&nbsp;<\/p>\n<h3><a class=\"dt-pswp-item\" href=\"http:\/\/www.radiopiu.net\/wordpress\/wp-content\/uploads\/2018\/09\/appuntamenti.jpeg\" data-dt-img-description=\"\" data-large_image_width=\"800\" data-large_image_height=\"100\"><img loading=\"lazy\" decoding=\"async\" class=\"alignnone size-full wp-image-61958\" src=\"http:\/\/www.radiopiu.net\/wordpress\/wp-content\/uploads\/2018\/09\/appuntamenti.jpeg\" alt=\"\" width=\"800\" height=\"100\" srcset=\"https:\/\/www.radiopiu.net\/wordpress\/wp-content\/uploads\/2018\/09\/appuntamenti.jpeg 800w, https:\/\/www.radiopiu.net\/wordpress\/wp-content\/uploads\/2018\/09\/appuntamenti-300x38.jpeg 300w, https:\/\/www.radiopiu.net\/wordpress\/wp-content\/uploads\/2018\/09\/appuntamenti-768x96.jpeg 768w\" sizes=\"auto, (max-width: 800px) 100vw, 800px\" \/><\/a><\/h3>\n<p><span style=\"color: #ff0000;\">#378, LO SPETTACOLO DEL CIRCO PATUF<\/span><\/p>\n<h3><a class=\"dt-pswp-item\" href=\"http:\/\/www.radiopiu.net\/wordpress\/wp-content\/uploads\/2019\/06\/0662e48d-2909-415c-8f2f-8bf4c4230e4c.jpg\" data-dt-img-description=\"\" data-large_image_width=\"1134\" data-large_image_height=\"1600\"><img loading=\"lazy\" decoding=\"async\" class=\"wp-image-87968 alignleft\" src=\"http:\/\/www.radiopiu.net\/wordpress\/wp-content\/uploads\/2019\/06\/0662e48d-2909-415c-8f2f-8bf4c4230e4c-213x300.jpg\" alt=\"\" width=\"104\" height=\"146\" srcset=\"https:\/\/www.radiopiu.net\/wordpress\/wp-content\/uploads\/2019\/06\/0662e48d-2909-415c-8f2f-8bf4c4230e4c-213x300.jpg 213w, https:\/\/www.radiopiu.net\/wordpress\/wp-content\/uploads\/2019\/06\/0662e48d-2909-415c-8f2f-8bf4c4230e4c-768x1084.jpg 768w, https:\/\/www.radiopiu.net\/wordpress\/wp-content\/uploads\/2019\/06\/0662e48d-2909-415c-8f2f-8bf4c4230e4c-726x1024.jpg 726w, https:\/\/www.radiopiu.net\/wordpress\/wp-content\/uploads\/2019\/06\/0662e48d-2909-415c-8f2f-8bf4c4230e4c.jpg 1134w\" sizes=\"auto, (max-width: 104px) 100vw, 104px\" \/><\/a>FINO AL 15 GIUGNO A FELTRE IL CIRCO PATUF, IL CIRCO SENZA ANIMALI. Domani, giovedi e venerdi alle 21. Sabato alle 18 e 21, domenica alle 16, 18 e 21. Info 392 7342915<\/h3>\n<p>&nbsp;<\/p>\n<p>&nbsp;<\/p>\n<p>alla radio&#8230;.<\/p>\n<audio class=\"wp-audio-shortcode\" id=\"audio-88067-7\" preload=\"none\" style=\"width: 100%;\" controls=\"controls\"><source type=\"audio\/mpeg\" src=\"http:\/\/www.radiopiu.net\/wordpress\/wp-content\/uploads\/2019\/06\/CIRCO-PATUF.mp3?_=7\" \/><a href=\"http:\/\/www.radiopiu.net\/wordpress\/wp-content\/uploads\/2019\/06\/CIRCO-PATUF.mp3\">http:\/\/www.radiopiu.net\/wordpress\/wp-content\/uploads\/2019\/06\/CIRCO-PATUF.mp3<\/a><\/audio>\n<p>DELLO SPETTACOLO #378 NE PARLA\u00a0 Lidy<\/p>\n<audio class=\"wp-audio-shortcode\" id=\"audio-88067-8\" preload=\"none\" style=\"width: 100%;\" controls=\"controls\"><source type=\"audio\/mpeg\" src=\"http:\/\/www.radiopiu.net\/wordpress\/wp-content\/uploads\/2019\/06\/lidy-patuff.mp3?_=8\" \/><a href=\"http:\/\/www.radiopiu.net\/wordpress\/wp-content\/uploads\/2019\/06\/lidy-patuff.mp3\">http:\/\/www.radiopiu.net\/wordpress\/wp-content\/uploads\/2019\/06\/lidy-patuff.mp3<\/a><\/audio>\n<p>&nbsp;<\/p>\n<p>&nbsp;<\/p>\n<p>&nbsp;<\/p>\n<h3>IN CORSO A COLLE SANTA LUCIA<\/h3>\n<p><strong>COLLE SANTA LUCIA<\/strong> La mostra \u201cEmigrazione dalla montagna dolomitica nel corso del novecento\u201d, progetto finanziato e organizzato dall\u2019Istituto Culturale Ladini di Colle S. Lucia \u00e8 aperta fino al 15 settembre con i seguenti orari: giugno, luglio e settembre &#8211; gioved\u00ec, venerd\u00ec e sabato dalle ore 16.00 alle 19:00; agosto &#8211; tutti i giorni dalle 16.00 alle 19.00. Per informazioni o prenotazioni di gruppi anche al di fuori di quest&#8217;orario, si prega di contattare l&#8217;Istituto Culturale Ladino \u201cCesa de Jan\u201d a Colle S. Lucia: 0437\/720609; info@istitutoladino.org &#8211; www.istitutoladino.org<\/p>\n<p>&nbsp;<\/p>\n<p>&nbsp;<\/p>\n<h3>CONVIVIUM DI COLORE\u00a0 IN SALA DON TAMIS<\/h3>\n<p><strong>AGORDO<\/strong> appuntamento con Convivium 2019, QUESTA SERA\u00a0 \u00a0in sala Don Tamis su\u00a0 &#8220;Il colore: ma \u00e8 realmente quello che noi vediamo?&#8221;. &#8220;<em>Sono particolarmente entusiasta\u00a0 &#8211; dice Roberto Favero &#8211; nel lanciare questo invito, al fine di condividere\u00a0 un argomento di particolare interesse e, al tempo stesso, di estrema complessit\u00e0, il cui approfondimento da tempo mi impegna e mi appassiona&#8221;. <\/em>Dopo qualche breve cenno di carattere storico, ricordando fra l&#8217;altro alcune interessanti &#8220;idee&#8221; sul colore attribuite a illustri maestri della filosofia e della scienza, sar\u00e0\u00a0 avvincente il percorso nel mondo della visione e delle teorie elaborate in materia di colore per omprendere come quest&#8217;ultimo non sia una propriet\u00e0 fisica degli oggetti bens\u00ec una vera propria elaborazione e creazione della mente.<\/p>\n<p>&nbsp;<\/p>\n<p>&nbsp;<\/p>\n<p>&nbsp;<\/p>\n<h3>THIS IS ME, IL MUSICAL<\/h3>\n<p><strong>BELLUNO<\/strong> Domani alle 20.30 al Teatro Comunale di Belluno &#8220;This is me&#8221;, il musical. Una storia ricca di emozioni, scenografie ed effetti ssopeciali. Testi, coreografia, regia e direzione artistica di Tiziano Iudica.<\/p>\n<p>&nbsp;<\/p>\n<p>&nbsp;<\/p>\n<p>&nbsp;<\/p>\n<h3>TABELLAZIONE DI FONDOVALLE ALLA FACCIA DI VAIA<\/h3>\n<p><strong>FALCADE<\/strong> Domenica 16 giugno alle 15.30 in piazza del Municipio sar\u00e0 inaugurato il progetto di tabellazione sentieristica di fondovalle nel territorio del Comune di Falcade. Presentazione davanti alla bacheca con la cartina dei sentieri. Arrivo degli amici di &#8220;adotta un sentiero&#8221; progetto di raccolta fondi per la sistemazione dei sentieri da parte di 5 ragazzi che arriveranno a Falcade da Venezia in bicicletta.<\/p>\n<p>&nbsp;<\/p>\n<h3>LE CHIAVI DI SAN PIETRO APRONO GLI SCRIGNI BELLUNESI<\/h3>\n<p><strong>BELLUNO<\/strong> L&#8217;associazione Campedel presenta &#8220;Con le chiavi di San Pietro&#8221;, porte aperte a chiese e palazzi di Belluno, il 29 giugno: Battistero, Chiesa San Pietro, Palazzo Pagani Cesa, Palazzo Doglioni Dal Mas, Monte di Piet\u00e0, Archivio di Stato, Chiesa della Salute, Cammino della Sentinella. Alle 18 nel seminario Gregoriano il restauro della via Crucis della chiesa di San Pietro alle 20.30 concerto del Conservatorio A. Steffani di Castelfranco. Il ricavato andr\u00e0 alla Vai Crucis di A. Federici nella chiesa di San Pietro.<\/p>\n<p>&nbsp;<\/p>\n<p>&nbsp;<\/p>\n<p>&nbsp;<\/p>\n<p>&nbsp;<\/p>\n<p>&nbsp;<\/p>\n<p><a class=\"dt-pswp-item\" href=\"http:\/\/www.radiopiu.net\/wordpress\/wp-content\/uploads\/2018\/09\/viabilita.jpeg\" data-dt-img-description=\"\" data-large_image_width=\"800\" data-large_image_height=\"100\"><img loading=\"lazy\" decoding=\"async\" class=\"alignnone size-full wp-image-61954\" src=\"http:\/\/www.radiopiu.net\/wordpress\/wp-content\/uploads\/2018\/09\/viabilita.jpeg\" alt=\"\" width=\"800\" height=\"100\" srcset=\"https:\/\/www.radiopiu.net\/wordpress\/wp-content\/uploads\/2018\/09\/viabilita.jpeg 800w, https:\/\/www.radiopiu.net\/wordpress\/wp-content\/uploads\/2018\/09\/viabilita-300x38.jpeg 300w, https:\/\/www.radiopiu.net\/wordpress\/wp-content\/uploads\/2018\/09\/viabilita-768x96.jpeg 768w\" sizes=\"auto, (max-width: 800px) 100vw, 800px\" \/><\/a><\/p>\n<p>&nbsp;<\/p>\n<blockquote><p><strong>GOSALDO<\/strong> Provinciale 3 Valle Imperina, localit\u00e0 Le Feste. OGGI <span style=\"color: #ff0000;\">dalle 8 alle 18<\/span> interdizione al transito per lavori di messa in sicurezza del versante a monte.<\/p>\n<p><strong>LA VALLE\u00a0 <\/strong>Fino\u00a031 luglio (festivi e prefestivi esclusi) senso unico a seconda delle esigenze con semaforo o movieri lungo la regionale 203 agordina in localit\u00e0 La Muda<\/p>\n<p>&nbsp;<\/p><\/blockquote>\n<p><strong>REGIONALE 203 AGORDINA<\/strong> Fino al 28 giugno sabato e domenica escluso, senso unico alternato tra Alleghe e Caprile.<\/p>\n<p><strong>PROVINCIALE 563 DI SALESEI<\/strong> Fino al 28 giugno esclusi giorni festivi e prefestivi senso unico alternato tra Caprile e Saviner<\/p>\n<p><strong>PROVINCIALE 8 DI SAN TOMASO<\/strong> Fino\u00a0 al 28 giugno (esclusi festivi e prefestivi) senso unico alternato tra Pian Molin e Roi<\/p>\n<p><strong>PROVINCIALE 563 DI SALESEI <\/strong>Fino al\u00a014 giugno\u00a0 In localit\u00e0 Sopracordevole in Comune di Rocca Pietore senso unico alternato con semaforo o movieri e divieto di transito ai mezzi con massa superiore a 7,5 tonellate.<\/p>\n<p>&nbsp;<\/p>\n<p>&nbsp;<\/p>\n<p>&nbsp;<\/p>\n<p>&nbsp;<\/p>\n<h2><img loading=\"lazy\" decoding=\"async\" class=\"wp-image-60761 aligncenter\" src=\"http:\/\/www.radiopiu.net\/wordpress\/wp-content\/uploads\/2018\/09\/sport.jpg\" alt=\"\" width=\"992\" height=\"124\" srcset=\"https:\/\/www.radiopiu.net\/wordpress\/wp-content\/uploads\/2018\/09\/sport.jpg 800w, https:\/\/www.radiopiu.net\/wordpress\/wp-content\/uploads\/2018\/09\/sport-300x38.jpg 300w, https:\/\/www.radiopiu.net\/wordpress\/wp-content\/uploads\/2018\/09\/sport-768x96.jpg 768w\" sizes=\"auto, (max-width: 992px) 100vw, 992px\" \/><\/h2>\n<p>&nbsp;<\/p>\n<p>&nbsp;<\/p>\n<h3><a class=\"dt-pswp-item\" href=\"http:\/\/www.radiopiu.net\/wordpress\/wp-content\/uploads\/2019\/06\/download-5.jpg\" data-dt-img-description=\"\" data-large_image_width=\"300\" data-large_image_height=\"168\"><img loading=\"lazy\" decoding=\"async\" class=\" wp-image-88084 alignleft\" src=\"http:\/\/www.radiopiu.net\/wordpress\/wp-content\/uploads\/2019\/06\/download-5-300x168.jpg\" alt=\"\" width=\"182\" height=\"102\" \/><\/a>ADRIANO LEVIS E L&#8217;ALLEGHE HOCKEY DOPO LA CONFERMA DELLO STRANIERO CHE S&#8217;ACCASERA&#8217; IN RIVA AL LAGO<\/h3>\n<h3>Si interrompe il rapporti di collaborazione tra Alleghe e Zoldo per le giovanili.<\/h3>\n<p><em>MARCO GAZ<\/em><\/p>\n<audio class=\"wp-audio-shortcode\" id=\"audio-88067-9\" preload=\"none\" style=\"width: 100%;\" controls=\"controls\"><source type=\"audio\/mpeg\" src=\"http:\/\/www.radiopiu.net\/wordpress\/wp-content\/uploads\/2019\/06\/ALLEGHE-HOCKEY-ADRIANO-LEVIS.mp3?_=9\" \/><a href=\"http:\/\/www.radiopiu.net\/wordpress\/wp-content\/uploads\/2019\/06\/ALLEGHE-HOCKEY-ADRIANO-LEVIS.mp3\">http:\/\/www.radiopiu.net\/wordpress\/wp-content\/uploads\/2019\/06\/ALLEGHE-HOCKEY-ADRIANO-LEVIS.mp3<\/a><\/audio>\n<p>&nbsp;<\/p>\n<p>&nbsp;<\/p>\n<p>&nbsp;<\/p>\n<h2>SECONDA GIORNATA DEL CAMPIONATO AGORDINO FEMMINILE<\/h2>\n<p>Si gioca questa sera la seconda giornata del Campionato Agordino femminile di calcio. Le Ville e Voltago sono in testa alla classifica dopo le vittorie della settimana scorsa rispettivamente contro Fodom ed Alleghe. Questa sera far\u00e0 il suo esordio il Taibon che nella prima giornata aveva riposato. Alle 19:45 sul campo di Canale D&#8217;Agordo il Le Ville se la vedr\u00e0 contro l&#8217;Alleghe mentre alle 20:30 al \u201cCesare Scatena\u201d di Taibon le padrone di casa giocheranno la loro prima partita contro il Fodom. Riposa il Voltago.<br \/>\nLa classifica: Le Ville e Voltago 3, Taibon, Alleghe e Fodom 0<\/p>\n<p>&nbsp;<\/p>\n<p>&nbsp;<\/p>\n<h1>In Alpago i Campionati italiani di mountain bike &#8211; cross country<\/h1>\n<p style=\"text-align: left;\"><strong>CHIES D&#8217;ALPAGO\u00a0<\/strong> Sar\u00e0 un&#8217;estate tricolore quella di Chies d&#8217;Alpago, il comune bellunese che costituisce una delle piccole grandi capitali italiane della mountain bike. Dal 19 al 21 luglio, inf<a class=\"dt-pswp-item\" href=\"http:\/\/www.radiopiu.net\/wordpress\/wp-content\/uploads\/2019\/06\/EuropeiAlpago15-1847-credito-Alessandro-Billiani.jpg\" data-dt-img-description=\"\" data-large_image_width=\"1200\" data-large_image_height=\"800\"><img loading=\"lazy\" decoding=\"async\" class=\"size-medium wp-image-88091 alignleft\" src=\"http:\/\/www.radiopiu.net\/wordpress\/wp-content\/uploads\/2019\/06\/EuropeiAlpago15-1847-credito-Alessandro-Billiani-300x200.jpg\" alt=\"\" width=\"300\" height=\"200\" srcset=\"https:\/\/www.radiopiu.net\/wordpress\/wp-content\/uploads\/2019\/06\/EuropeiAlpago15-1847-credito-Alessandro-Billiani-300x200.jpg 300w, https:\/\/www.radiopiu.net\/wordpress\/wp-content\/uploads\/2019\/06\/EuropeiAlpago15-1847-credito-Alessandro-Billiani-768x512.jpg 768w, https:\/\/www.radiopiu.net\/wordpress\/wp-content\/uploads\/2019\/06\/EuropeiAlpago15-1847-credito-Alessandro-Billiani-1024x683.jpg 1024w, https:\/\/www.radiopiu.net\/wordpress\/wp-content\/uploads\/2019\/06\/EuropeiAlpago15-1847-credito-Alessandro-Billiani.jpg 1200w\" sizes=\"auto, (max-width: 300px) 100vw, 300px\" \/><\/a>atti, a Chies, sui sentieri di Lamosano, si disputer\u00e0 Alpago bike Funtastic, una tre giorni che metter\u00e0 in palio i titoli di campione italiano Elite, Under 23 e Juniores di cross country ma anche quelli Amatori, oltre alle maglie tricolori del Team relay. Si tratta dell&#8217;appuntamento clou della stagione 2019 delle ruote grasse nazionali, un evento che ritorna in Alpago, a cura della Societ\u00e0 ciclistica Chies, a distanza di 18 anni: la prima esperienza tricolore, dedicata proprio al cross country assoluto, si svolse qui nell&#8217;estate del 2001. Ma in diverse altre occasioni a Lamosano si sono assegnate maglie di campione italiano: nel 2012 \u00e8 stata la volta del campionato italiano Team Relay (a squadre) e del Trial, specialit\u00e0 quest\u2019ultima che in versione \u201ctricolore\u201d \u00e8 stata riproposta anche nel 2013. Nel 2018, invece, la Societ\u00e0 ciclistica Chies ha organizzato il Campionato Italiano cross country giovanile nonch\u00e9 quello nella specialit\u00e0 Eliminator. Una vasta esperienza, dunque, per il sodalizio bellunese, che. \u00e8 da sottolineare, nel corso degli anni ha proposto anche diversi appuntamenti degli Internazionali d&#8217;Italia e, soprattutto, due edizioni dei Campionati Europei (2006 e 2015).<\/p>\n<p>&nbsp;<\/p>\n<p>&nbsp;<\/p>\n<p>&nbsp;<\/p>\n<p><a class=\"dt-pswp-item\" href=\"http:\/\/www.radiopiu.net\/wordpress\/wp-content\/uploads\/2018\/09\/WhatsApp-Image-2018-09-20-at-16.04.06.jpeg\" data-dt-img-description=\"\" data-large_image_width=\"800\" data-large_image_height=\"100\"><img loading=\"lazy\" decoding=\"async\" class=\"wp-image-61378 size-full alignnone\" src=\"http:\/\/www.radiopiu.net\/wordpress\/wp-content\/uploads\/2018\/09\/WhatsApp-Image-2018-09-20-at-16.04.06.jpeg\" alt=\"\" width=\"800\" height=\"100\" srcset=\"https:\/\/www.radiopiu.net\/wordpress\/wp-content\/uploads\/2018\/09\/WhatsApp-Image-2018-09-20-at-16.04.06.jpeg 800w, https:\/\/www.radiopiu.net\/wordpress\/wp-content\/uploads\/2018\/09\/WhatsApp-Image-2018-09-20-at-16.04.06-300x38.jpeg 300w, https:\/\/www.radiopiu.net\/wordpress\/wp-content\/uploads\/2018\/09\/WhatsApp-Image-2018-09-20-at-16.04.06-768x96.jpeg 768w\" sizes=\"auto, (max-width: 800px) 100vw, 800px\" \/><\/a><\/p>\n<p>&nbsp;<\/p>\n<p><b>Mercoledi 12<\/b> <b>Tempo atteso: <\/b>Tempo discreto variabile, con qualche intervallo d&#8217;instabilit\u00e0. Alternanza di momenti soleggiati e di addensamenti irregolari. Il sole dovrebbe farsi vedere maggiormente sulle Prealpi rispetto alle Dolomiti. Clima diurno assai mite o addirittura caldo, nonostante la riduzione del soleggiamento.<br \/>\n<b>Precipitazioni: <\/b>Probabilit\u00e0 medio-alta (50\/70%) per rovesci\/temporali tra la notte ed il mattino e non si potr\u00e0 escludere del tutto qualche fenomeno intenso. Al pomeriggio lieve riduzione dell&#8217;instabilit\u00e0. Tra marted\u00ec e mercoled\u00ec, gli apporti di pioggia saranno molto variabili in relazione alla componente temporalesca dei rovesci (5\/30 mm, localmente anche fino sui 40\/50 mm). Particolarit\u00e0 le precipitazioni sanno cariche di sabbia sahariana per la matrice africana del flusso.<br \/>\n<b>Temperature: <\/b>Minime stazionarie e massime in leggera ripresa. Sono previste punte di 25\/27\u00b0C nei fondovalle prealpini e di 21\/23\u00b0C a 1000\/1200 m. Su Prealpi a 1500 m min 12\u00b0C max 16\u00b0C, a 2000 m min 9\u00b0C max 13\u00b0C. Su Dolomiti a 2000 m min 9\u00b0C max 13\u00b0C, a 3000 m min 4\u00b0C max 6\u00b0C.<br \/>\n<b>Venti: <\/b>Nelle valli deboli\/moderati con direzione variabile, non escluse forti raffiche in caso di temporali; in alta montagna tesi\/forti da Sud Sud-Ovest, a 2000 m 15\/30 km\/h, a 3000 m 50\/60 km\/h.<\/p>\n<hr \/>\n<p><b>Giovedi 13<\/b> <b>Tempo atteso: <\/b>Cielo in prevalenza sereno o poco nuvoloso per locali e residue nubi basse mattutine, in rapido dissolvimento, e modesti cumuli di bel tempo. Clima diurno di nuovo di stampo estivo.<br \/>\n<b>Precipitazioni: <\/b>Assenti (0%).<br \/>\n<b>Temperature: <\/b>Minime in calo nelle valli e pressoch\u00e9 stazionarie in quota; massime in generale aumento, con punte di 28\/29\u00b0C nei fondovalle prealpini e di 24\/25\u00b0C a 1000\/1200 m. Su Prealpi a 1500 m min 12\u00b0C max 18\u00b0C, a 2000 m min 9\u00b0C max 14\u00b0C. Su Dolomiti a 2000 m min 8\u00b0C max 15\u00b0C, a 3000 m min 4\u00b0C max 7\u00b0C.<br \/>\n<b>Venti: <\/b>Nelle valli deboli\/moderati a regime di brezza; in alta montagna moderati\/tesi da Sud-Ovest, a 2000 m 15\/25 km\/h, a 3000 m 30\/40 km\/h.<\/p>\n<hr \/>\n<p><b>Venerdi 14<\/b>Tempo assai pi\u00f9 stabile e maggiormente soleggiato con sottili velature e modesta cumulificazione pomeridiana. Temperature in generale lieve rialzo di stampo estivo a tutte le quote (di nuovo sui 30\u00b0C nei fondovalle prealpini). Venti deboli\/moderati a regime di brezza nelle valli; moderati da Sud-Ovest in quota.<\/p>\n<hr \/>\n<p><b>Sabato 15<\/b>Probabile variabile tra la notte e il primo mattino. Poi il tempo migliorer\u00e0 con prevalenza di sole e leggera cumulificazione pomeridiana. Temperature in generale lieve rialzo con valori elevati per il periodo. Venti deboli\/moderati a regime di brezza nelle valli; moderati\/tesi da Sud-Ovest in quota, in attenuazione alla sera. Previsore: R.L.Th.<\/p>\n","protected":false},"excerpt":{"rendered":"<p>Il Ministro dell&#8217;ambiente ha nominato il nuovo commissario del Parco Dolomiti Bellunesi, la politica ha quindi trovato l&#8217;accordo e la quadra nominando Ennio Vigne. Preoccupano i furti di biciclette, due episodi negli ultimi giorni a Cortina e Santa Croce, in riva al lago rubate due biciclette del valore di 12mila euro. La Polizia ha denunciato&hellip;<\/p>\n","protected":false},"author":1,"featured_media":88121,"comment_status":"closed","ping_status":"closed","sticky":false,"template":"","format":"standard","meta":{"_monsterinsights_skip_tracking":false,"_monsterinsights_sitenote_active":false,"_monsterinsights_sitenote_note":"","_monsterinsights_sitenote_category":0,"footnotes":""},"categories":[86],"tags":[],"class_list":["post-88067","post","type-post","status-publish","format-standard","has-post-thumbnail","hentry","category-gr","category-86","description-off"],"img_url":"https:\/\/www.radiopiu.net\/wordpress\/wp-content\/uploads\/2019\/06\/DOMEGGE-incidente-1.jpg","_links":{"self":[{"href":"https:\/\/www.radiopiu.net\/wordpress\/wp-json\/wp\/v2\/posts\/88067","targetHints":{"allow":["GET"]}}],"collection":[{"href":"https:\/\/www.radiopiu.net\/wordpress\/wp-json\/wp\/v2\/posts"}],"about":[{"href":"https:\/\/www.radiopiu.net\/wordpress\/wp-json\/wp\/v2\/types\/post"}],"author":[{"embeddable":true,"href":"https:\/\/www.radiopiu.net\/wordpress\/wp-json\/wp\/v2\/users\/1"}],"replies":[{"embeddable":true,"href":"https:\/\/www.radiopiu.net\/wordpress\/wp-json\/wp\/v2\/comments?post=88067"}],"version-history":[{"count":0,"href":"https:\/\/www.radiopiu.net\/wordpress\/wp-json\/wp\/v2\/posts\/88067\/revisions"}],"wp:featuredmedia":[{"embeddable":true,"href":"https:\/\/www.radiopiu.net\/wordpress\/wp-json\/wp\/v2\/media\/88121"}],"wp:attachment":[{"href":"https:\/\/www.radiopiu.net\/wordpress\/wp-json\/wp\/v2\/media?parent=88067"}],"wp:term":[{"taxonomy":"category","embeddable":true,"href":"https:\/\/www.radiopiu.net\/wordpress\/wp-json\/wp\/v2\/categories?post=88067"},{"taxonomy":"post_tag","embeddable":true,"href":"https:\/\/www.radiopiu.net\/wordpress\/wp-json\/wp\/v2\/tags?post=88067"}],"curies":[{"name":"wp","href":"https:\/\/api.w.org\/{rel}","templated":true}]}}