{"id":88087,"date":"2019-06-12T12:23:45","date_gmt":"2019-06-12T10:23:45","guid":{"rendered":"http:\/\/www.radiopiu.net\/wordpress\/?p=88087"},"modified":"2019-06-12T12:27:56","modified_gmt":"2019-06-12T10:27:56","slug":"rispetto-per-una-montagna-diversa","status":"publish","type":"post","link":"https:\/\/www.radiopiu.net\/wordpress\/rispetto-per-una-montagna-diversa\/","title":{"rendered":"RISPETTO PER UNA MONTAGNA DIVERSA"},"content":{"rendered":"<h3><strong>L&#8217;OPINIONE<\/strong><\/h3>\n<h3>di Claudio Pra conduttore &#8220;Montagna nel cuore, 360 gradi di passione ad alta quota&#8221;.<\/h3>\n<blockquote><p><em>Rispetto e cultura per una montagna diversa<\/em><\/p><\/blockquote>\n<p><a class=\"dt-pswp-item\" href=\"http:\/\/www.radiopiu.net\/wordpress\/wp-content\/uploads\/2019\/06\/45eba254-ef98-460a-8d65-2fc58b197340.jpg\" data-dt-img-description=\"\" data-large_image_width=\"1600\" data-large_image_height=\"1200\"><img loading=\"lazy\" decoding=\"async\" class=\" wp-image-88086 alignleft\" src=\"http:\/\/www.radiopiu.net\/wordpress\/wp-content\/uploads\/2019\/06\/45eba254-ef98-460a-8d65-2fc58b197340-300x225.jpg\" alt=\"\" width=\"232\" height=\"174\" srcset=\"https:\/\/www.radiopiu.net\/wordpress\/wp-content\/uploads\/2019\/06\/45eba254-ef98-460a-8d65-2fc58b197340-300x225.jpg 300w, https:\/\/www.radiopiu.net\/wordpress\/wp-content\/uploads\/2019\/06\/45eba254-ef98-460a-8d65-2fc58b197340-768x576.jpg 768w, https:\/\/www.radiopiu.net\/wordpress\/wp-content\/uploads\/2019\/06\/45eba254-ef98-460a-8d65-2fc58b197340-1024x768.jpg 1024w, https:\/\/www.radiopiu.net\/wordpress\/wp-content\/uploads\/2019\/06\/45eba254-ef98-460a-8d65-2fc58b197340.jpg 1600w\" sizes=\"auto, (max-width: 232px) 100vw, 232px\" \/><\/a>Con l\u2019apertura ufficiale di tutti i rifugi parte per la grande maggioranza degli escursionisti la stagione estiva 2019 che sar\u00e0 segnata dalle profonde ferite lasciate da Vaia. Ma per stavolta l\u2019argomento non \u00e8 il catastrofico evento e le sue conseguenze. In questa occasione parliamo di rispetto e cultura per una montagna diversa. Non sono nessuno per dettare delle regole, sia chiaro, ed infatti le mie sono riflessioni ispirate, almeno spero, dal buon senso e dalla mia etica dell\u2019andare per monti, che penso sia quella di tanti altri appassionati. Quelle che dico potranno anche sembrare cose banali, superflue, gi\u00e0 sentite, eppure chi frequenta l\u2019ambiente montano sa che sono le problematiche reali con cui si fa i conti, che mi piacerebbe venissero periodicamente discusse per sensibilizzare quante pi\u00f9 persone possibile. La montagna va (andrebbe) accostata con rispetto e almeno un minimo di cultura. Sulla mancanza di rispetto \u00e8 molto pi\u00f9 difficile agire, perch\u00e9 si entra maggiormente nel personale, mentre sulla cultura i margini sono pi\u00f9 ampi. Le due cose vanno per\u00f2 a braccetto e latitano in molti, troppi casi. Lo si nota chiaramente su sentieri e luoghi battuti dalla massa, ma raramente coinvolge persino chi \u00e8 ritenuto il \u201cvero\u201d appassionato, magari solo perch\u00e9 \u00e8 un assiduo frequentatore. Ovviamente lo spirito con cui ci si immerge nella natura fa la differenza e questo fa parte del nostro essere. Difficilmente se ho rispetto e sensibilit\u00e0 getto a terra rifiuti, ed \u00e8 una condotta che adotto in <a class=\"dt-pswp-item\" href=\"http:\/\/www.radiopiu.net\/wordpress\/wp-content\/uploads\/2019\/06\/78ad0920-dfb8-4661-aaf8-6bfb57212c2b.jpg\" data-dt-img-description=\"\" data-large_image_width=\"1133\" data-large_image_height=\"640\"><img loading=\"lazy\" decoding=\"async\" class=\"size-medium wp-image-88088 alignleft\" src=\"http:\/\/www.radiopiu.net\/wordpress\/wp-content\/uploads\/2019\/06\/78ad0920-dfb8-4661-aaf8-6bfb57212c2b-300x169.jpg\" alt=\"\" width=\"300\" height=\"169\" srcset=\"https:\/\/www.radiopiu.net\/wordpress\/wp-content\/uploads\/2019\/06\/78ad0920-dfb8-4661-aaf8-6bfb57212c2b-300x169.jpg 300w, https:\/\/www.radiopiu.net\/wordpress\/wp-content\/uploads\/2019\/06\/78ad0920-dfb8-4661-aaf8-6bfb57212c2b-768x434.jpg 768w, https:\/\/www.radiopiu.net\/wordpress\/wp-content\/uploads\/2019\/06\/78ad0920-dfb8-4661-aaf8-6bfb57212c2b-1024x578.jpg 1024w, https:\/\/www.radiopiu.net\/wordpress\/wp-content\/uploads\/2019\/06\/78ad0920-dfb8-4661-aaf8-6bfb57212c2b.jpg 1133w\" sizes=\"auto, (max-width: 300px) 100vw, 300px\" \/><\/a>qualunque posto mi trovi, che sia in mezzo al bosco o in centro citt\u00e0. Ma non \u00e8 solo una questione di rifiuti, \u00e8 tutta una serie di comportamenti che lasciano allibiti e che fanno capire come la possibilit\u00e0 di vivere un\u2019esperienza diversa e fantastica venga sprecata se accostata con la mentalit\u00e0 sbagliata.\u00a0 Parlavo qualche riga fa di rifiuti, che ovviamente sono la prima cosa che balza all\u2019occhio. Trovarli sui sentieri e sulle cime \u00e8 avvilente ed \u00e8 l\u2019indice del degrado mentale e culturale di chi li ha gettati a terra. Cos\u2019hanno a che fare costoro con l\u2019ambiente che hanno frequentato? Cosa si portano a casa? solo il selfie di cima? Tra i vari rifiuti spiccano i fazzolettini, quelli per soffiarsi il naso. Se ne trovano in abbondanza e l\u2019impressione \u00e8 che spesso vengano gettati perch\u00e9 ritenuti biodegradabili. Gi\u00e0, ma dopo quanto tempo si dissolveranno, sempre che siano totalmente degradabili? Ci vorr\u00e0 comunque molto e non sar\u00e0 un bel vedere per chi li\u00a0 incrocer\u00e0. Chi li <a class=\"dt-pswp-item\" href=\"http:\/\/www.radiopiu.net\/wordpress\/wp-content\/uploads\/2019\/06\/e40b0483-1ccf-4a17-ab65-30a13dc9fe72.jpg\" data-dt-img-description=\"\" data-large_image_width=\"1080\" data-large_image_height=\"1390\"><img loading=\"lazy\" decoding=\"async\" class=\"size-medium wp-image-88089 alignright\" src=\"http:\/\/www.radiopiu.net\/wordpress\/wp-content\/uploads\/2019\/06\/e40b0483-1ccf-4a17-ab65-30a13dc9fe72-233x300.jpg\" alt=\"\" width=\"233\" height=\"300\" srcset=\"https:\/\/www.radiopiu.net\/wordpress\/wp-content\/uploads\/2019\/06\/e40b0483-1ccf-4a17-ab65-30a13dc9fe72-233x300.jpg 233w, https:\/\/www.radiopiu.net\/wordpress\/wp-content\/uploads\/2019\/06\/e40b0483-1ccf-4a17-ab65-30a13dc9fe72-768x988.jpg 768w, https:\/\/www.radiopiu.net\/wordpress\/wp-content\/uploads\/2019\/06\/e40b0483-1ccf-4a17-ab65-30a13dc9fe72-796x1024.jpg 796w, https:\/\/www.radiopiu.net\/wordpress\/wp-content\/uploads\/2019\/06\/e40b0483-1ccf-4a17-ab65-30a13dc9fe72.jpg 1080w\" sizes=\"auto, (max-width: 233px) 100vw, 233px\" \/><\/a>ha gettati camminerebbe volentieri su un tappeto di fazzolettini? Perch\u00e9 non tenerseli in tasca e buttarli nella spazzatura una volta giunti a casa? Non costa davvero nulla!\u00a0 Altra insensibilit\u00e0 e mancanza di rispetto \u00e8 trovare in bella vista gli escrementi degli escursionisti di fianco ai sentieri o a ridosso di rifugi, bivacchi o casere. Ma costa tanto trovare dei posti appartati in cui espletare i bisogni fisiologici, avendo cura di farlo lasciando meno tracce possibili? Eppure si trovano latrine a cielo aperto, spesso a fianco del luogo dove si passer\u00e0 la notte facendo magari un suggestivo fuoco serale.\u00a0 Anche gli schiamazzi sono fastidiosi. Le urla sono fuori luogo, non necessarie e spaventano gli animali che si potrebbero incontrare. Urlare inutilmente in montagna \u00e8 per me come farlo in chiesa. Sono entrambi luoghi dove il chiasso stona. Siamo gi\u00e0 immersi abbondantemente in un mondo fatto di rumori e quindi il silenzio conquistato assume un valore assoluto.\u00a0 Capitolo rifugi: non stiamo parlando di alberghi (anche se alcuni lo diventano). Un rifugio solitamente propon e un men\u00f9 ottimo ma spesso limitato, ed una sistemazione comoda ma spartana, cos\u00ec come \u00e8 giusto che sia. Si \u00e8 consapevoli di dove si va quando si sale lass\u00f9 e di quanta fatica costa gestire quella struttura che ci fa comodo trovare dopo una lunga camminata?\u00a0 Parliamo anche dei bivacchi (ma per certi versi possiamo estendere il discorso anche alle casere). Sono in primis ricoveri di emergenza, non luoghi dove pretendere di passare le vacanze stazionando per giorni e giorni. E\u2019 anche fondamentale, una volta usati, lasciare tutto in ordine per chi verr\u00e0 dopo di noi, rifarsi la branda, darci dentro di ramazza, chiudere per bene porte e finestre. Queste sono alcune cose che mi sono sentito di scrivere, ma sono sicuro che in tanti ne avranno altre da aggiungere. Auspico per\u00f2 una discussione costruttiva, senza accuse generiche, senza mettersi sul piedistallo, senza barricarsi solo ed esclusivamente nelle proprie convinzioni, senza creare squadre contrapposte che si accusano. Ripeto un mio concetto di cui sono convinto, che ho affermato nelle prime righe: il rispetto \u00e8 difficile inculcarlo in chi non ce l\u2019ha, bisogna agire sulla cultura. Quest\u2019ultima \u00e8 l\u2019unica leva per sperare di portare a casa qualche risultato. Parlare quindi con chi \u00e8 meno \u201csensibile\u201d (magari lo \u00e8 solo perch\u00e9 non conosce o si \u00e8 fatto un\u2019idea errata). In fondo potrebbe toccare a tutti noi di ritrovarci in questa condizione muovendoci in ambienti che non conosciamo.\u00a0 Ultimo pensiero e poi chiudo: se frequentassimo la montagna senza lasciare tracce del nostro passaggio, o limitandole al minimo, avremmo raggiunto un obbiettivo che va molto al di l\u00e0 della cima.<\/p>\n","protected":false},"excerpt":{"rendered":"<p>L&#8217;OPINIONE di Claudio Pra conduttore &#8220;Montagna nel cuore, 360 gradi di passione ad alta quota&#8221;. Rispetto e cultura per una montagna diversa Con l\u2019apertura ufficiale di tutti i rifugi parte per la grande maggioranza degli escursionisti la stagione estiva 2019 che sar\u00e0 segnata dalle profonde ferite lasciate da Vaia. Ma per stavolta l\u2019argomento non \u00e8&hellip;<\/p>\n","protected":false},"author":1,"featured_media":88086,"comment_status":"closed","ping_status":"closed","sticky":false,"template":"","format":"standard","meta":{"_monsterinsights_skip_tracking":false,"_monsterinsights_sitenote_active":false,"_monsterinsights_sitenote_note":"","_monsterinsights_sitenote_category":0,"footnotes":""},"categories":[49],"tags":[],"class_list":["post-88087","post","type-post","status-publish","format-standard","has-post-thumbnail","hentry","category-news-18","category-49","description-off"],"img_url":"https:\/\/www.radiopiu.net\/wordpress\/wp-content\/uploads\/2019\/06\/45eba254-ef98-460a-8d65-2fc58b197340.jpg","_links":{"self":[{"href":"https:\/\/www.radiopiu.net\/wordpress\/wp-json\/wp\/v2\/posts\/88087","targetHints":{"allow":["GET"]}}],"collection":[{"href":"https:\/\/www.radiopiu.net\/wordpress\/wp-json\/wp\/v2\/posts"}],"about":[{"href":"https:\/\/www.radiopiu.net\/wordpress\/wp-json\/wp\/v2\/types\/post"}],"author":[{"embeddable":true,"href":"https:\/\/www.radiopiu.net\/wordpress\/wp-json\/wp\/v2\/users\/1"}],"replies":[{"embeddable":true,"href":"https:\/\/www.radiopiu.net\/wordpress\/wp-json\/wp\/v2\/comments?post=88087"}],"version-history":[{"count":0,"href":"https:\/\/www.radiopiu.net\/wordpress\/wp-json\/wp\/v2\/posts\/88087\/revisions"}],"wp:featuredmedia":[{"embeddable":true,"href":"https:\/\/www.radiopiu.net\/wordpress\/wp-json\/wp\/v2\/media\/88086"}],"wp:attachment":[{"href":"https:\/\/www.radiopiu.net\/wordpress\/wp-json\/wp\/v2\/media?parent=88087"}],"wp:term":[{"taxonomy":"category","embeddable":true,"href":"https:\/\/www.radiopiu.net\/wordpress\/wp-json\/wp\/v2\/categories?post=88087"},{"taxonomy":"post_tag","embeddable":true,"href":"https:\/\/www.radiopiu.net\/wordpress\/wp-json\/wp\/v2\/tags?post=88087"}],"curies":[{"name":"wp","href":"https:\/\/api.w.org\/{rel}","templated":true}]}}