{"id":88093,"date":"2019-06-11T17:21:16","date_gmt":"2019-06-11T15:21:16","guid":{"rendered":"http:\/\/www.radiopiu.net\/wordpress\/?p=88093"},"modified":"2019-06-12T06:05:23","modified_gmt":"2019-06-12T04:05:23","slug":"ennio-vigne-luomo-del-parco","status":"publish","type":"post","link":"https:\/\/www.radiopiu.net\/wordpress\/ennio-vigne-luomo-del-parco\/","title":{"rendered":"ENNIO VIGNE, L&#8217;UOMO DEL PARCO"},"content":{"rendered":"<h1><\/h1>\n<p><a class=\"dt-pswp-item\" href=\"http:\/\/www.radiopiu.net\/wordpress\/wp-content\/uploads\/2019\/06\/download-6.jpg\" data-dt-img-description=\"\" data-large_image_width=\"155\" data-large_image_height=\"231\"><img loading=\"lazy\" decoding=\"async\" class=\"size-full wp-image-88092 alignleft\" src=\"http:\/\/www.radiopiu.net\/wordpress\/wp-content\/uploads\/2019\/06\/download-6.jpg\" alt=\"\" width=\"155\" height=\"231\" \/><\/a>ROMA\u00a0 <em>\u201cUn augurio di buon lavoro al nuovo commissario del Parco Nazionale delle Dolomiti Bellunesi Ennio Vigne. Un amministratore capace, che da molti anni svolge il proprio servizio nei confronti della comunit\u00e0 di Santa Giustina. Dopo le elezioni europee, finalmente si sono sciolti alcuni nodi sulle nomine dei Parchi italiani: credo che il metodo scelto di condividere la nomina con i sindaci porter\u00e0 ad un futuro di maggiore centralit\u00e0 e condivisione del Parco all\u2019interno del tessuto culturale ed economico del Veneto\u201d. <\/em>\u00c8 il commento di Federico D\u2019Inc\u00e0 (M5S) in merito alla nomina del nuovo commissario straordinario del Parco Nazionale delle Dolomiti Bellunesi Ennio Vigne. <em>\u201cIn queste ore ho parlato con il Ministro Costa \u2013 prosegue D\u2019Inc\u00e0 \u2013 e adesso il nuovo commissario avr\u00e0 il compito di gestire al meglio il nuovo Piano ed il Regolamento del Parco, i tanti lavori di ripristino della sentieristica dopo la tempesta Vaia e, soprattutto, il passaggio al demanio della met\u00e0 del Parco che era sotto la Forestale e, oggi, sotto l\u2019Arma dei Carabinieri. Tutti punti che, insieme a una visione di studio e protezione ambientale, turistica e di accoglienza diffusa, saranno centrali nel prossimo futuro\u201d. <\/em>Secondo D\u2019Inc\u00e0 \u201cnon \u00e8 stato un percorso facile quello avuto dal Parco negli ultimi anni.&#8221;<em>Per questo motivo sento di dover ringraziare Franco Zaetta e tutto il direttivo che ha lavorato, seppur senza un presidente effettivo, e che ha saputo gestire al meglio strutture, personale ed investimenti. Ricordo a tutti che l\u2019ambiente \u00e8 una delle sfide pi\u00f9 importanti del prossimo futuro. Avere a disposizione un territorio, quello bellunese, al cui interno \u00e8 presente un\u2019oasi di rara bellezza incontaminata con il Parco delle Dolomiti Bellunesi, deve renderci responsabili nel preservalo e mantenerlo per le prossime generazioni\u201d.<\/em><\/p>\n<p>&nbsp;<\/p>\n<p>&nbsp;<\/p>\n","protected":false},"excerpt":{"rendered":"<p>ROMA\u00a0 \u201cUn augurio di buon lavoro al nuovo commissario del Parco Nazionale delle Dolomiti Bellunesi Ennio Vigne. Un amministratore capace, che da molti anni svolge il proprio servizio nei confronti della comunit\u00e0 di Santa Giustina. Dopo le elezioni europee, finalmente si sono sciolti alcuni nodi sulle nomine dei Parchi italiani: credo che il metodo scelto&hellip;<\/p>\n","protected":false},"author":1,"featured_media":88092,"comment_status":"closed","ping_status":"closed","sticky":false,"template":"","format":"standard","meta":{"_monsterinsights_skip_tracking":false,"_monsterinsights_sitenote_active":false,"_monsterinsights_sitenote_note":"","_monsterinsights_sitenote_category":0,"footnotes":""},"categories":[51,49],"tags":[],"class_list":["post-88093","post","type-post","status-publish","format-standard","has-post-thumbnail","hentry","category-evidenza-top","category-news-18","category-51","category-49","description-off"],"img_url":"https:\/\/www.radiopiu.net\/wordpress\/wp-content\/uploads\/2019\/06\/download-6.jpg","_links":{"self":[{"href":"https:\/\/www.radiopiu.net\/wordpress\/wp-json\/wp\/v2\/posts\/88093","targetHints":{"allow":["GET"]}}],"collection":[{"href":"https:\/\/www.radiopiu.net\/wordpress\/wp-json\/wp\/v2\/posts"}],"about":[{"href":"https:\/\/www.radiopiu.net\/wordpress\/wp-json\/wp\/v2\/types\/post"}],"author":[{"embeddable":true,"href":"https:\/\/www.radiopiu.net\/wordpress\/wp-json\/wp\/v2\/users\/1"}],"replies":[{"embeddable":true,"href":"https:\/\/www.radiopiu.net\/wordpress\/wp-json\/wp\/v2\/comments?post=88093"}],"version-history":[{"count":0,"href":"https:\/\/www.radiopiu.net\/wordpress\/wp-json\/wp\/v2\/posts\/88093\/revisions"}],"wp:featuredmedia":[{"embeddable":true,"href":"https:\/\/www.radiopiu.net\/wordpress\/wp-json\/wp\/v2\/media\/88092"}],"wp:attachment":[{"href":"https:\/\/www.radiopiu.net\/wordpress\/wp-json\/wp\/v2\/media?parent=88093"}],"wp:term":[{"taxonomy":"category","embeddable":true,"href":"https:\/\/www.radiopiu.net\/wordpress\/wp-json\/wp\/v2\/categories?post=88093"},{"taxonomy":"post_tag","embeddable":true,"href":"https:\/\/www.radiopiu.net\/wordpress\/wp-json\/wp\/v2\/tags?post=88093"}],"curies":[{"name":"wp","href":"https:\/\/api.w.org\/{rel}","templated":true}]}}