{"id":88226,"date":"2019-06-12T23:55:33","date_gmt":"2019-06-12T21:55:33","guid":{"rendered":"http:\/\/www.radiopiu.net\/wordpress\/?p=88226"},"modified":"2019-06-13T06:19:11","modified_gmt":"2019-06-13T04:19:11","slug":"stefano-mosca-e-yari-masoch-restano-al-belluno","status":"publish","type":"post","link":"https:\/\/www.radiopiu.net\/wordpress\/stefano-mosca-e-yari-masoch-restano-al-belluno\/","title":{"rendered":"STEFANO MOSCA E YARI MASOCH RESTANO AL BELLUNO"},"content":{"rendered":"<p><a class=\"dt-pswp-item\" href=\"http:\/\/www.radiopiu.net\/wordpress\/wp-content\/uploads\/2019\/06\/MOSCA-MASOCH-AL-BELLUNO.jpeg\" data-dt-img-description=\"\" data-large_image_width=\"1024\" data-large_image_height=\"1024\"><img loading=\"lazy\" decoding=\"async\" class=\"size-medium wp-image-88227 alignleft\" src=\"http:\/\/www.radiopiu.net\/wordpress\/wp-content\/uploads\/2019\/06\/MOSCA-MASOCH-AL-BELLUNO-300x300.jpeg\" alt=\"\" width=\"300\" height=\"300\" srcset=\"https:\/\/www.radiopiu.net\/wordpress\/wp-content\/uploads\/2019\/06\/MOSCA-MASOCH-AL-BELLUNO-300x300.jpeg 300w, https:\/\/www.radiopiu.net\/wordpress\/wp-content\/uploads\/2019\/06\/MOSCA-MASOCH-AL-BELLUNO-150x150.jpeg 150w, https:\/\/www.radiopiu.net\/wordpress\/wp-content\/uploads\/2019\/06\/MOSCA-MASOCH-AL-BELLUNO-768x768.jpeg 768w, https:\/\/www.radiopiu.net\/wordpress\/wp-content\/uploads\/2019\/06\/MOSCA-MASOCH-AL-BELLUNO.jpeg 1024w\" sizes=\"auto, (max-width: 300px) 100vw, 300px\" \/><\/a>\u00c8 notizia delle ultime ore che Stefano Mosca e Yari Masoch hanno firmato per giocare ancora con il Belluno. I due agordini militano da anni nella squadra del capoluogo di provincia ed hanno deciso di rimanere in giallo-blu anche per la prossima stagione. Mosca \u00e8 ormai una colonna portante della squadra del presidente Alberto Lazzari e la prossima sar\u00e0 la sua undicesima stagione. Masoch invece parteciper\u00e0 al suo decimo campionato consecutivo con il Belluno Calcio. Un&#8217;accoppiata dentro e fuori dal campo che anche per il prossimo campionato di Serie D saranno assieme. Tra le conferme del Belluno non solo gli agordini ma anche Corbanese, Bertagno e Sommacal. Inizia a formarsi la squadra giallo-blu della prossima stagione sportiva.<\/p>\n<p>&nbsp;<\/p>\n<p>&nbsp;<\/p>\n<p>STEFANO MOSCA AI MICROFONI DI RADIO PIU&#8217;<\/p>\n<audio class=\"wp-audio-shortcode\" id=\"audio-88226-1\" preload=\"none\" style=\"width: 100%;\" controls=\"controls\"><source type=\"audio\/mpeg\" src=\"http:\/\/www.radiopiu.net\/wordpress\/wp-content\/uploads\/2019\/06\/MOSCA.mp3?_=1\" \/><a href=\"http:\/\/www.radiopiu.net\/wordpress\/wp-content\/uploads\/2019\/06\/MOSCA.mp3\">http:\/\/www.radiopiu.net\/wordpress\/wp-content\/uploads\/2019\/06\/MOSCA.mp3<\/a><\/audio>\n<p>YARI MASOCH AI MICROFONI DI RADIO PIU&#8217;<\/p>\n<audio class=\"wp-audio-shortcode\" id=\"audio-88226-2\" preload=\"none\" style=\"width: 100%;\" controls=\"controls\"><source type=\"audio\/mpeg\" src=\"http:\/\/www.radiopiu.net\/wordpress\/wp-content\/uploads\/2019\/06\/YARI.mp3?_=2\" \/><a href=\"http:\/\/www.radiopiu.net\/wordpress\/wp-content\/uploads\/2019\/06\/YARI.mp3\">http:\/\/www.radiopiu.net\/wordpress\/wp-content\/uploads\/2019\/06\/YARI.mp3<\/a><\/audio>\n<p>&nbsp;<\/p>\n","protected":false},"excerpt":{"rendered":"<p>\u00c8 notizia delle ultime ore che Stefano Mosca e Yari Masoch hanno firmato per giocare ancora con il Belluno. I due agordini militano da anni nella squadra del capoluogo di provincia ed hanno deciso di rimanere in giallo-blu anche per la prossima stagione. Mosca \u00e8 ormai una colonna portante della squadra del presidente Alberto Lazzari&hellip;<\/p>\n","protected":false},"author":4,"featured_media":88227,"comment_status":"closed","ping_status":"closed","sticky":false,"template":"","format":"standard","meta":{"_monsterinsights_skip_tracking":false,"_monsterinsights_sitenote_active":false,"_monsterinsights_sitenote_note":"","_monsterinsights_sitenote_category":0,"footnotes":""},"categories":[103,72],"tags":[],"class_list":["post-88226","post","type-post","status-publish","format-standard","has-post-thumbnail","hentry","category-evidenza_2","category-sport","category-103","category-72","description-off"],"img_url":"https:\/\/www.radiopiu.net\/wordpress\/wp-content\/uploads\/2019\/06\/MOSCA-MASOCH-AL-BELLUNO.jpeg","_links":{"self":[{"href":"https:\/\/www.radiopiu.net\/wordpress\/wp-json\/wp\/v2\/posts\/88226","targetHints":{"allow":["GET"]}}],"collection":[{"href":"https:\/\/www.radiopiu.net\/wordpress\/wp-json\/wp\/v2\/posts"}],"about":[{"href":"https:\/\/www.radiopiu.net\/wordpress\/wp-json\/wp\/v2\/types\/post"}],"author":[{"embeddable":true,"href":"https:\/\/www.radiopiu.net\/wordpress\/wp-json\/wp\/v2\/users\/4"}],"replies":[{"embeddable":true,"href":"https:\/\/www.radiopiu.net\/wordpress\/wp-json\/wp\/v2\/comments?post=88226"}],"version-history":[{"count":0,"href":"https:\/\/www.radiopiu.net\/wordpress\/wp-json\/wp\/v2\/posts\/88226\/revisions"}],"wp:featuredmedia":[{"embeddable":true,"href":"https:\/\/www.radiopiu.net\/wordpress\/wp-json\/wp\/v2\/media\/88227"}],"wp:attachment":[{"href":"https:\/\/www.radiopiu.net\/wordpress\/wp-json\/wp\/v2\/media?parent=88226"}],"wp:term":[{"taxonomy":"category","embeddable":true,"href":"https:\/\/www.radiopiu.net\/wordpress\/wp-json\/wp\/v2\/categories?post=88226"},{"taxonomy":"post_tag","embeddable":true,"href":"https:\/\/www.radiopiu.net\/wordpress\/wp-json\/wp\/v2\/tags?post=88226"}],"curies":[{"name":"wp","href":"https:\/\/api.w.org\/{rel}","templated":true}]}}