{"id":88280,"date":"2019-06-14T12:58:19","date_gmt":"2019-06-14T10:58:19","guid":{"rendered":"http:\/\/www.radiopiu.net\/wordpress\/?p=88280"},"modified":"2019-06-15T06:10:57","modified_gmt":"2019-06-15T04:10:57","slug":"lagordino-del-futuro-con-osttirol-e-valpusteria-si-studiano-nuove-forme-di-lavoro-per-attrarre-risorse-e-tenere-i-giovani-sul-territorio","status":"publish","type":"post","link":"https:\/\/www.radiopiu.net\/wordpress\/lagordino-del-futuro-con-osttirol-e-valpusteria-si-studiano-nuove-forme-di-lavoro-per-attrarre-risorse-e-tenere-i-giovani-sul-territorio\/","title":{"rendered":"L\u2019AGORDINO DEL FUTURO \u2013 CON OSTTIROL E VALPUSTERIA SI STUDIANO NUOVE FORME DI LAVORO PER ATTRARRE RISORSE E TENERE I GIOVANI SUL TERRITORIO"},"content":{"rendered":"<p><strong>\u00a0\u00abPERSI QUASI 1300 ABITANTI DAL 2011. DOBBIAMO FAR CAPIRE CHE LE OCCASIONI CI SONO E ANCHE GLI STRUMENTI\u00bb<\/strong><\/p>\n<p><strong><a class=\"dt-pswp-item\" href=\"http:\/\/www.radiopiu.net\/wordpress\/wp-content\/uploads\/2019\/06\/IMG-20190613-WA0001.jpg\" data-dt-img-description=\"\" data-large_image_width=\"1599\" data-large_image_height=\"1200\"><img loading=\"lazy\" decoding=\"async\" class=\"size-medium wp-image-88283 alignleft\" src=\"http:\/\/www.radiopiu.net\/wordpress\/wp-content\/uploads\/2019\/06\/IMG-20190613-WA0001-300x225.jpg\" alt=\"\" width=\"300\" height=\"225\" srcset=\"https:\/\/www.radiopiu.net\/wordpress\/wp-content\/uploads\/2019\/06\/IMG-20190613-WA0001-300x225.jpg 300w, https:\/\/www.radiopiu.net\/wordpress\/wp-content\/uploads\/2019\/06\/IMG-20190613-WA0001-768x576.jpg 768w, https:\/\/www.radiopiu.net\/wordpress\/wp-content\/uploads\/2019\/06\/IMG-20190613-WA0001-1024x768.jpg 1024w, https:\/\/www.radiopiu.net\/wordpress\/wp-content\/uploads\/2019\/06\/IMG-20190613-WA0001.jpg 1599w\" sizes=\"auto, (max-width: 300px) 100vw, 300px\" \/><\/a>BELLUNO\u00a0 <\/strong>l\u2019Agordino ha perso 1276 abitanti, nessuno dei suoi 16 comuni ha un saldo positivo, eppure le occasioni di lavoro non mancano, dalla manifattura al turismo. Qui pi\u00f9 che altrove. Necessario quindi puntare su nuovi strumenti come lo smart working, tema a cui \u00e8 stato dedicato un convegno organizzato ieri pomeriggio (12 giugno) in Biblioteca Civica ad Agordo da Reviviscar nell\u2019ambito del progetto \u201cCo-working, Smart Working &amp; Laboratorio Urbano\u201c, finanziato nell\u2019ambito di Interreg V-A Italia- Austria 2014-2020 CLLD Dolomiti Live, sottoprogramma gestito dal GAL Alto Bellunese. <em>\u00abIl nostro \u00e8 un territorio complesso, dobbiamo far capire ai giovani \u2013 ma a tutte le classi di et\u00e0 \u2013 che il loro futuro pu\u00f2 essere qui\u00bb, ha detto il presidente dell\u2019Unione Montana Fabio Lucchetta, presente alla riunione. <\/em>Chiaro anche il messaggio della presidente di Confindustria Belluno Dolomiti Lorraine Berton: <em>\u00abIl problema riguarda da vicino tutte le nostre valli, ma in Agordino la situazione \u00e8 ancor pi\u00f9 paradossale. C\u2019\u00e8 un colosso mondiale dell\u2019occhialeria come Luxottica, da sempre sinonimo di internazionalizzazione e innovazione, ma anche aziende piccole e medie molto competitive, senza contare un turismo di qualit\u00e0 con un carosello sciistico invidiabile. Dobbiamo fare una vasta opera di informazione e orientamento sulle opportunit\u00e0 straordinarie di questa vallata. Lo spopolamento si combatte anche con la conoscenza del territorio e con nuovi strumenti\u00bb. <\/em>Tra questi strumenti c\u2019\u00e8 <a class=\"dt-pswp-item\" href=\"http:\/\/www.radiopiu.net\/wordpress\/wp-content\/uploads\/2019\/06\/DA_DEPPO.jpg\" data-dt-img-description=\"\" data-large_image_width=\"1599\" data-large_image_height=\"1200\"><img loading=\"lazy\" decoding=\"async\" class=\"size-medium wp-image-88284 alignright\" src=\"http:\/\/www.radiopiu.net\/wordpress\/wp-content\/uploads\/2019\/06\/DA_DEPPO-300x225.jpg\" alt=\"\" width=\"300\" height=\"225\" srcset=\"https:\/\/www.radiopiu.net\/wordpress\/wp-content\/uploads\/2019\/06\/DA_DEPPO-300x225.jpg 300w, https:\/\/www.radiopiu.net\/wordpress\/wp-content\/uploads\/2019\/06\/DA_DEPPO-768x576.jpg 768w, https:\/\/www.radiopiu.net\/wordpress\/wp-content\/uploads\/2019\/06\/DA_DEPPO-1024x768.jpg 1024w, https:\/\/www.radiopiu.net\/wordpress\/wp-content\/uploads\/2019\/06\/DA_DEPPO.jpg 1599w\" sizes=\"auto, (max-width: 300px) 100vw, 300px\" \/><\/a>per l\u2019appunto lo smart working, una modalit\u00e0 di esecuzione del rapporto di lavoro che conferisce ai dipendenti una maggiore flessibilit\u00e0 organizzativa, possibilit\u00e0 di scelta degli spazi e degli orari per meglio conciliare i tempi di vita e di lavoro, senza trascurare gli obiettivi aziendali ma semplicemente utilizzando una diversa impostazione. <em>\u00abLo smart working pu\u00f2 essere una formula innovativa per fermare la fuga di cervelli e manodopera verso il fondovalle o l\u2019estero ma anche un modo per attrarre dall\u2019esterno i profili pi\u00f9 richiesti e specializzati\u00bb, ha affermato Francesco Seghezzi, presidente di Adapt, societ\u00e0 che si occupa di ricerca sulle tematiche del lavoro. <\/em><em>\u00abIn questo modo si possono superare anche le difficolt\u00e0 legate alla logistica\u00bb,<\/em> ha proseguito Seghezzi (FOTO)\u00a0 portando l\u2019esempio di aziende e Pubbliche amministrazioni che gi\u00e0 operano \u201cin rete\u201d, consentendo ai dipendenti il lavoro agile da casa o mediante semplice connessione su smartphone. Un cambio di mentalit\u00e0 innanzitutto che non coinvolge non solo le imprese ma anche la <a class=\"dt-pswp-item\" href=\"http:\/\/www.radiopiu.net\/wordpress\/wp-content\/uploads\/2019\/06\/SEGHEZZI.jpg\" data-dt-img-description=\"\" data-large_image_width=\"1599\" data-large_image_height=\"1200\"><img loading=\"lazy\" decoding=\"async\" class=\"size-medium wp-image-88282 alignleft\" src=\"http:\/\/www.radiopiu.net\/wordpress\/wp-content\/uploads\/2019\/06\/SEGHEZZI-300x225.jpg\" alt=\"\" width=\"300\" height=\"225\" srcset=\"https:\/\/www.radiopiu.net\/wordpress\/wp-content\/uploads\/2019\/06\/SEGHEZZI-300x225.jpg 300w, https:\/\/www.radiopiu.net\/wordpress\/wp-content\/uploads\/2019\/06\/SEGHEZZI-768x576.jpg 768w, https:\/\/www.radiopiu.net\/wordpress\/wp-content\/uploads\/2019\/06\/SEGHEZZI-1024x768.jpg 1024w, https:\/\/www.radiopiu.net\/wordpress\/wp-content\/uploads\/2019\/06\/SEGHEZZI.jpg 1599w\" sizes=\"auto, (max-width: 300px) 100vw, 300px\" \/><\/a>Pubblica Amministrazione, come ribadito da Lucchetta. \u00abIn questi anni abbiamo fatto dei passi in avanti, mettendo a disposizione dei comuni degli applicativi standardizzati, facendo rete tra i municipi. Lo stesso segretario dell\u2019Unione Montana gestisce altri 5 enti e riesce a lavorare anche da fuori sede in modo efficace. Vogliamo procedere su questa strada\u00bb. <em>\u00abCerto, servono le infrastrutture: ma anche qui finalmente stanno partendo tutti quei lavori necessari per portare la fibra ottica\u00bb, anticipa Lucchetta. <\/em>Il progetto vede Reviviscar collaborare, in un\u2019ottica transfrontaliera, con lo Spazio Laboratorio Urbano del Comune di Lienz e con l\u2019Agenzia Sviluppo Citt\u00e0 di Brunico. Ieri ad Agordo era anche presente una delegazione del comune di Lienz guidata da Jasmina Steiner, mentre a rappresentare il Gal \u00e8 stata Iolanda Da Deppo (FOTO), che ha illustrato come \u2013 grazie al DolomitiLive \u2013 siano stati gi\u00e0 attivati sul territorio dell\u2019Alto Bellunese una trentina di progetti. <em>\u00abMettersi in rete con le altre aree alpine \u00e8 un valore aggiunto: la stessa zona di Lienz\u00bb, spiega Berton. \u00abha gli stessi nostri problemi di spopolamento e di turn-over. Insieme possiamo trovare delle soluzioni per i nostri territori, molto pi\u00f9 vicini di quanto possa sembrare\u00bb. <\/em>Nel frattempo, saranno attivati \u2013 in via sperimentale \u2013 dei percorsi di formazione sul tema dello smart working per tutte le imprese con sede o unit\u00e0 operativa nei comuni dell\u2019Alto Bellunese. I corsi \u2013 che saranno assegnati in base all\u2019ordine di arrivo delle richieste &#8211; potranno essere effettuati sia a distanza che in loco a seconda delle esigenze aziendali.<\/p>\n<p>&nbsp;<\/p>\n","protected":false},"excerpt":{"rendered":"<p>\u00a0\u00abPERSI QUASI 1300 ABITANTI DAL 2011. DOBBIAMO FAR CAPIRE CHE LE OCCASIONI CI SONO E ANCHE GLI STRUMENTI\u00bb BELLUNO\u00a0 l\u2019Agordino ha perso 1276 abitanti, nessuno dei suoi 16 comuni ha un saldo positivo, eppure le occasioni di lavoro non mancano, dalla manifattura al turismo. Qui pi\u00f9 che altrove. Necessario quindi puntare su nuovi strumenti come&hellip;<\/p>\n","protected":false},"author":1,"featured_media":88283,"comment_status":"closed","ping_status":"closed","sticky":false,"template":"","format":"standard","meta":{"_monsterinsights_skip_tracking":false,"_monsterinsights_sitenote_active":false,"_monsterinsights_sitenote_note":"","_monsterinsights_sitenote_category":0,"footnotes":""},"categories":[51,49],"tags":[],"class_list":["post-88280","post","type-post","status-publish","format-standard","has-post-thumbnail","hentry","category-evidenza-top","category-news-18","category-51","category-49","description-off"],"img_url":"https:\/\/www.radiopiu.net\/wordpress\/wp-content\/uploads\/2019\/06\/IMG-20190613-WA0001.jpg","_links":{"self":[{"href":"https:\/\/www.radiopiu.net\/wordpress\/wp-json\/wp\/v2\/posts\/88280","targetHints":{"allow":["GET"]}}],"collection":[{"href":"https:\/\/www.radiopiu.net\/wordpress\/wp-json\/wp\/v2\/posts"}],"about":[{"href":"https:\/\/www.radiopiu.net\/wordpress\/wp-json\/wp\/v2\/types\/post"}],"author":[{"embeddable":true,"href":"https:\/\/www.radiopiu.net\/wordpress\/wp-json\/wp\/v2\/users\/1"}],"replies":[{"embeddable":true,"href":"https:\/\/www.radiopiu.net\/wordpress\/wp-json\/wp\/v2\/comments?post=88280"}],"version-history":[{"count":0,"href":"https:\/\/www.radiopiu.net\/wordpress\/wp-json\/wp\/v2\/posts\/88280\/revisions"}],"wp:featuredmedia":[{"embeddable":true,"href":"https:\/\/www.radiopiu.net\/wordpress\/wp-json\/wp\/v2\/media\/88283"}],"wp:attachment":[{"href":"https:\/\/www.radiopiu.net\/wordpress\/wp-json\/wp\/v2\/media?parent=88280"}],"wp:term":[{"taxonomy":"category","embeddable":true,"href":"https:\/\/www.radiopiu.net\/wordpress\/wp-json\/wp\/v2\/categories?post=88280"},{"taxonomy":"post_tag","embeddable":true,"href":"https:\/\/www.radiopiu.net\/wordpress\/wp-json\/wp\/v2\/tags?post=88280"}],"curies":[{"name":"wp","href":"https:\/\/api.w.org\/{rel}","templated":true}]}}