{"id":88290,"date":"2019-06-13T15:05:04","date_gmt":"2019-06-13T13:05:04","guid":{"rendered":"http:\/\/www.radiopiu.net\/wordpress\/?p=88290"},"modified":"2019-06-14T06:07:56","modified_gmt":"2019-06-14T04:07:56","slug":"le-muse-le-dolomiti-vii-edizione","status":"publish","type":"post","link":"https:\/\/www.radiopiu.net\/wordpress\/le-muse-le-dolomiti-vii-edizione\/","title":{"rendered":"LE MUSE &#038; LE DOLOMITI VII EDIZIONE"},"content":{"rendered":"<p>&nbsp;<\/p>\n<blockquote><p><span style=\"color: #ff0000;\"><strong>MARTEDI ALLE 15.10 E ALLE 21.00 LO SPECIALE ALLA RADIO CON ODA ZOE HOCHSCHEID ED ANTONELLA SCHENA<\/strong><\/span><\/p><\/blockquote>\n<p><strong><a class=\"dt-pswp-item\" href=\"http:\/\/www.radiopiu.net\/wordpress\/wp-content\/uploads\/2019\/06\/images-3.jpg\" data-dt-img-description=\"\" data-large_image_width=\"275\" data-large_image_height=\"183\"><img loading=\"lazy\" decoding=\"async\" class=\"size-full wp-image-88291 alignleft\" src=\"http:\/\/www.radiopiu.net\/wordpress\/wp-content\/uploads\/2019\/06\/images-3.jpg\" alt=\"\" width=\"275\" height=\"183\" \/><\/a>FALCADE<\/strong> Venerdi 28 giugno nella chiesa parrochiale di San Tomaso si apre la nuova stagione de Le Muse con un concerto di lirica e musica vocale sacra, Oda Zoe Hochscheid, mezzosoprano Ai Yoshida, clavicembalo e organo. L\u2019edizione del 2018 ha visto il debutto nella Chiesa di San Tomaso Apostolo. Il concerto sar\u00e0 l\u2019occasione per dare lustro musicale all\u2019importante Festa del Santo Patrono, che cade il 3 luglio, e per inaugurare la Settima Edizione di \u201cLe Muse e le Dolomiti\u201d. E&#8217; solo il primo di sette appuntamenti: <strong>sabato 6 luglio<\/strong>,\u00a0 Chiesa monumentale di San Simon, Vallada, Coro Filarmonico Trentino diretto dal Mo Sandro Filippi;<strong> domenica 21<\/strong> luglio Chiesa Arcipretale di Canale d\u2019Agordo Concerto vocale sacro\u00a0 con gli artisti della Masterclass Internazionale;<strong> venerdi 26 luglio<\/strong> Casa della Giovent\u00f9, Caviola, concerto lirico con gli artisti e le artiste della Masterclass Internazionale;<strong> giovedi 1 agosto<\/strong> Chiesa Arcidiaconale di Agordo, Ensemble Canticum Novum diretto dal Mo Ilario Defrancesco, Luca Follador, Voce Recitante; <strong>venerdi 2 agosto<\/strong> Chiesa monumentale di San Simon, Vallada Oda Zoe Hochscheid, mezzosoprano<br \/>\nIvo Crepaldi, primo violino Anna Capovilla, secondo violino Ezio Vinante, viola Ivo Brigadoi, violoncello Ai Yoshida, clavicembalo e organo; <strong>mercoledi 7 agosto<\/strong> Chiesa parrocchiale di Rivamonte Agordino<a class=\"dt-pswp-item\" href=\"http:\/\/www.radiopiu.net\/wordpress\/wp-content\/uploads\/2019\/06\/download-9.jpg\" data-dt-img-description=\"\" data-large_image_width=\"428\" data-large_image_height=\"118\"><img loading=\"lazy\" decoding=\"async\" class=\"size-medium wp-image-88294 alignright\" src=\"http:\/\/www.radiopiu.net\/wordpress\/wp-content\/uploads\/2019\/06\/download-9-300x83.jpg\" alt=\"\" width=\"300\" height=\"83\" srcset=\"https:\/\/www.radiopiu.net\/wordpress\/wp-content\/uploads\/2019\/06\/download-9-300x83.jpg 300w, https:\/\/www.radiopiu.net\/wordpress\/wp-content\/uploads\/2019\/06\/download-9.jpg 428w\" sizes=\"auto, (max-width: 300px) 100vw, 300px\" \/><\/a> Concerto d\u2019organo con i diplomandi e le diplomande del Conservatorio \u201cJ. Tomadini\u201d di Udine; <strong>giovedi 8 agosto <\/strong>Chiesa parrocchiale Caviola, concerto d\u2019organo con i diplomandi e le diplomande del Conservatorio \u201cJ. Tomadini\u201d di Udine.<\/p>\n<blockquote><p><em>Anche quest&#8217;anno dal <strong>15 al 26 luglio\u00a0<\/strong> ritorna il\u00a0 DIETRO LE QUINTE alla\u00a0 Scuola Elementare in Via Marmolada, Falcade con la\u00a0 <\/em><em>Masterclass Internazionale di Canto Lirico, tenuta dal soprano Adelisa Tabiadon e dal pianista\/maestro di repertorio Loris Peverada.. Le lezioni della mattina e del pomeriggio sono aperte al pubblico gratuitamente.<\/em><\/p><\/blockquote>\n<p>&nbsp;<\/p>\n<p><a class=\"dt-pswp-item\" href=\"http:\/\/www.radiopiu.net\/wordpress\/wp-content\/uploads\/2019\/06\/iSmages.jpg\" data-dt-img-description=\"\" data-large_image_width=\"275\" data-large_image_height=\"183\"><img loading=\"lazy\" decoding=\"async\" class=\" wp-image-88293 alignleft\" src=\"http:\/\/www.radiopiu.net\/wordpress\/wp-content\/uploads\/2019\/06\/iSmages.jpg\" alt=\"\" width=\"255\" height=\"170\" \/><\/a>\u201cLe Muse e le Dolomiti\u201d \u00e8 un\u2019associazione culturale senza scopo di lucro con sede a Falcade, che ha come proprio fine quello di \u201cvalorizzare, attraverso la cultura e la formazione artistica, il territorio delle Dolomiti. L\u2019Associazione punta alla qualit\u00e0 pi\u00f9 alta,\u00a0\u201cLe Muse e le Dolomiti\u201d \u00e8 nata nel 2013 ed \u00e8 quindi giunta al settimo anno di attivit\u00e0, con oltre 50 eventi realizzati tra Agordino, Trentino Alto-Adige e Cadore che hanno visto coinvolti oltre 200 artisti internazionali. I concerti di \u201cLe Muse e le Dolomiti\u201d rappresentano nel territorio un punto di riferimento affermato per la musica classica, specialmente per la Lirica. Il Consiglio dell\u2019Associazione \u00e8 composto da tre donne: Oda Zoe Hochscheid (Presidente), Ai Yoshida (Vice-presidente) e Antonella Schena (Consigliera).<\/p>\n","protected":false},"excerpt":{"rendered":"<p>&nbsp; MARTEDI ALLE 15.10 E ALLE 21.00 LO SPECIALE ALLA RADIO CON ODA ZOE HOCHSCHEID ED ANTONELLA SCHENA FALCADE Venerdi 28 giugno nella chiesa parrochiale di San Tomaso si apre la nuova stagione de Le Muse con un concerto di lirica e musica vocale sacra, Oda Zoe Hochscheid, mezzosoprano Ai Yoshida, clavicembalo e organo. L\u2019edizione&hellip;<\/p>\n","protected":false},"author":1,"featured_media":88292,"comment_status":"closed","ping_status":"closed","sticky":false,"template":"","format":"standard","meta":{"_monsterinsights_skip_tracking":false,"_monsterinsights_sitenote_active":false,"_monsterinsights_sitenote_note":"","_monsterinsights_sitenote_category":0,"footnotes":""},"categories":[49],"tags":[],"class_list":["post-88290","post","type-post","status-publish","format-standard","has-post-thumbnail","hentry","category-news-18","category-49","description-off"],"img_url":"https:\/\/www.radiopiu.net\/wordpress\/wp-content\/uploads\/2019\/06\/download.png","_links":{"self":[{"href":"https:\/\/www.radiopiu.net\/wordpress\/wp-json\/wp\/v2\/posts\/88290","targetHints":{"allow":["GET"]}}],"collection":[{"href":"https:\/\/www.radiopiu.net\/wordpress\/wp-json\/wp\/v2\/posts"}],"about":[{"href":"https:\/\/www.radiopiu.net\/wordpress\/wp-json\/wp\/v2\/types\/post"}],"author":[{"embeddable":true,"href":"https:\/\/www.radiopiu.net\/wordpress\/wp-json\/wp\/v2\/users\/1"}],"replies":[{"embeddable":true,"href":"https:\/\/www.radiopiu.net\/wordpress\/wp-json\/wp\/v2\/comments?post=88290"}],"version-history":[{"count":0,"href":"https:\/\/www.radiopiu.net\/wordpress\/wp-json\/wp\/v2\/posts\/88290\/revisions"}],"wp:featuredmedia":[{"embeddable":true,"href":"https:\/\/www.radiopiu.net\/wordpress\/wp-json\/wp\/v2\/media\/88292"}],"wp:attachment":[{"href":"https:\/\/www.radiopiu.net\/wordpress\/wp-json\/wp\/v2\/media?parent=88290"}],"wp:term":[{"taxonomy":"category","embeddable":true,"href":"https:\/\/www.radiopiu.net\/wordpress\/wp-json\/wp\/v2\/categories?post=88290"},{"taxonomy":"post_tag","embeddable":true,"href":"https:\/\/www.radiopiu.net\/wordpress\/wp-json\/wp\/v2\/tags?post=88290"}],"curies":[{"name":"wp","href":"https:\/\/api.w.org\/{rel}","templated":true}]}}