{"id":88367,"date":"2019-06-17T23:59:19","date_gmt":"2019-06-17T21:59:19","guid":{"rendered":"http:\/\/www.radiopiu.net\/wordpress\/?p=88367"},"modified":"2019-06-19T06:11:55","modified_gmt":"2019-06-19T04:11:55","slug":"il-19-ad-alleghe-la-presentazione-del-bando-regionale","status":"publish","type":"post","link":"https:\/\/www.radiopiu.net\/wordpress\/il-19-ad-alleghe-la-presentazione-del-bando-regionale\/","title":{"rendered":"IL 19 AD ALLEGHE LA PRESENTAZIONE DEL BANDO REGIONALE"},"content":{"rendered":"<h2><\/h2>\n<p><strong>ALLEGHE<\/strong> Il Comune comunica che il commissario delegato ha approvato i bandi per le determinazioni in ordine ai criteri di assegnazione e delle richieste dei contributi a seguito dei danni subiti dagli eventi di fine ottobre. La documentazione \u00e8 pubblicata sul sito del Comune (www.comune.alleghe.bl.it). Termine perentorio 10 luglio\u00a0 alle 17, poi scatta l&#8217;esclusione.<\/p>\n<blockquote>\n<h3><a class=\"dt-pswp-item\" href=\"http:\/\/www.radiopiu.net\/wordpress\/wp-content\/uploads\/2019\/06\/download-10.jpg\" data-dt-img-description=\"\" data-large_image_width=\"299\" data-large_image_height=\"168\"><img loading=\"lazy\" decoding=\"async\" class=\"wp-image-88368 alignleft\" src=\"http:\/\/www.radiopiu.net\/wordpress\/wp-content\/uploads\/2019\/06\/download-10.jpg\" alt=\"\" width=\"271\" height=\"152\" \/><\/a>Domani ad Alleghe importante incontro organizzato da Confcommercio con i funzionari regionali<\/h3>\n<\/blockquote>\n<p><strong>ALLEGHE<\/strong> Su proposta delle associazioni bellunesi del commercio, del turismo e dell\u2019artigianato, i preposti uffici della Regione Veneto presenzieranno ad un importante incontro di presentazione del bando per l\u2019ottenimento dei risarcimenti legati ai danni subiti dalle imprese in occasione della tempesta Vaia.L\u2019incontro si terr\u00e0 mercoled\u00ec 19 giugno alle ore 10.30 presso il Palaghiaccio di Alleghe e sar\u00e0 fondamentale per conoscere in modo approfondito i contenuti del \u201cBando Vaia\u201d dedicato alla copertura dei danni di importo superiori ai 20.000 euro. Un momento tanto atteso dalle imprese locali che hanno dovuto affrontare l\u2019emergenza di fine ottobre.Particolare attenzione verr\u00e0 data alla modulistica di riferimento, ai contenuti delle perizie asseverate ed alle modalit\u00e0 di presentazione della domanda da inviare entro il 10 luglio 2019.Le organizzazioni di categoria, in squadra anche con consorzi turistici ed amministratori locali, raccomandano la partecipazione dei diretti interessati affiancati dai propri professionisti di riferimento cos\u00ec da cogliere al meglio l\u2019opportunit\u00e0 della presenza in loco del competente dipartimento della Regione Veneto che si ringrazia per la disponibilit\u00e0 dimostrata. &#8220;Iter complicati &#8211; dice Sergio Pra albergatore ad Alleghe &#8211; per questo diventa importante partecipare agli incontri, e lo dico anche ai privati che tra l&#8217;altro ad Alleghe hanno preso visione dell&#8217;invito del sindaco a fare la conta dei danni entro il 10 luglio, cio\u00e8 fra pochi giorni e il termine \u00e8 inderogabile&#8221;.<\/p>\n<p><strong>AI MICROFONI DI RADIO PIU SERGIO PRA<\/strong><\/p>\n<audio class=\"wp-audio-shortcode\" id=\"audio-88367-1\" preload=\"none\" style=\"width: 100%;\" controls=\"controls\"><source type=\"audio\/mpeg\" src=\"http:\/\/www.radiopiu.net\/wordpress\/wp-content\/uploads\/2019\/06\/SERGIO.mp3?_=1\" \/><a href=\"http:\/\/www.radiopiu.net\/wordpress\/wp-content\/uploads\/2019\/06\/SERGIO.mp3\">http:\/\/www.radiopiu.net\/wordpress\/wp-content\/uploads\/2019\/06\/SERGIO.mp3<\/a><\/audio>\n<p>&nbsp;<\/p>\n<p>&nbsp;<\/p>\n<p>&nbsp;<\/p>\n<p>&nbsp;<\/p>\n<p>&nbsp;<\/p>\n","protected":false},"excerpt":{"rendered":"<p>ALLEGHE Il Comune comunica che il commissario delegato ha approvato i bandi per le determinazioni in ordine ai criteri di assegnazione e delle richieste dei contributi a seguito dei danni subiti dagli eventi di fine ottobre. La documentazione \u00e8 pubblicata sul sito del Comune (www.comune.alleghe.bl.it). Termine perentorio 10 luglio\u00a0 alle 17, poi scatta l&#8217;esclusione. Domani&hellip;<\/p>\n","protected":false},"author":1,"featured_media":88368,"comment_status":"closed","ping_status":"closed","sticky":false,"template":"","format":"standard","meta":{"_monsterinsights_skip_tracking":false,"_monsterinsights_sitenote_active":false,"_monsterinsights_sitenote_note":"","_monsterinsights_sitenote_category":0,"footnotes":""},"categories":[103,49],"tags":[],"class_list":["post-88367","post","type-post","status-publish","format-standard","has-post-thumbnail","hentry","category-evidenza_2","category-news-18","category-103","category-49","description-off"],"img_url":"https:\/\/www.radiopiu.net\/wordpress\/wp-content\/uploads\/2019\/06\/download-10.jpg","_links":{"self":[{"href":"https:\/\/www.radiopiu.net\/wordpress\/wp-json\/wp\/v2\/posts\/88367","targetHints":{"allow":["GET"]}}],"collection":[{"href":"https:\/\/www.radiopiu.net\/wordpress\/wp-json\/wp\/v2\/posts"}],"about":[{"href":"https:\/\/www.radiopiu.net\/wordpress\/wp-json\/wp\/v2\/types\/post"}],"author":[{"embeddable":true,"href":"https:\/\/www.radiopiu.net\/wordpress\/wp-json\/wp\/v2\/users\/1"}],"replies":[{"embeddable":true,"href":"https:\/\/www.radiopiu.net\/wordpress\/wp-json\/wp\/v2\/comments?post=88367"}],"version-history":[{"count":0,"href":"https:\/\/www.radiopiu.net\/wordpress\/wp-json\/wp\/v2\/posts\/88367\/revisions"}],"wp:featuredmedia":[{"embeddable":true,"href":"https:\/\/www.radiopiu.net\/wordpress\/wp-json\/wp\/v2\/media\/88368"}],"wp:attachment":[{"href":"https:\/\/www.radiopiu.net\/wordpress\/wp-json\/wp\/v2\/media?parent=88367"}],"wp:term":[{"taxonomy":"category","embeddable":true,"href":"https:\/\/www.radiopiu.net\/wordpress\/wp-json\/wp\/v2\/categories?post=88367"},{"taxonomy":"post_tag","embeddable":true,"href":"https:\/\/www.radiopiu.net\/wordpress\/wp-json\/wp\/v2\/tags?post=88367"}],"curies":[{"name":"wp","href":"https:\/\/api.w.org\/{rel}","templated":true}]}}