{"id":88372,"date":"2019-06-15T05:44:24","date_gmt":"2019-06-15T03:44:24","guid":{"rendered":"http:\/\/www.radiopiu.net\/wordpress\/?p=88372"},"modified":"2019-06-15T10:57:55","modified_gmt":"2019-06-15T08:57:55","slug":"giornale-radiopiu-15-giugno-2019-direttore-mirko-mezzacasa","status":"publish","type":"post","link":"https:\/\/www.radiopiu.net\/wordpress\/giornale-radiopiu-15-giugno-2019-direttore-mirko-mezzacasa\/","title":{"rendered":"GIORNALE RADIOPIU 15 GIUGNO 2019 DIRETTORE MIRKO MEZZACASA"},"content":{"rendered":"<p><strong><a class=\"dt-pswp-item\" href=\"http:\/\/www.radiopiu.net\/wordpress\/wp-content\/uploads\/2019\/06\/photo_2019.jpg\" data-dt-img-description=\"\" data-large_image_width=\"761\" data-large_image_height=\"559\"><img loading=\"lazy\" decoding=\"async\" class=\" wp-image-88470 alignleft\" src=\"http:\/\/www.radiopiu.net\/wordpress\/wp-content\/uploads\/2019\/06\/photo_2019-300x220.jpg\" alt=\"\" width=\"160\" height=\"117\" srcset=\"https:\/\/www.radiopiu.net\/wordpress\/wp-content\/uploads\/2019\/06\/photo_2019-300x220.jpg 300w, https:\/\/www.radiopiu.net\/wordpress\/wp-content\/uploads\/2019\/06\/photo_2019.jpg 761w\" sizes=\"auto, (max-width: 160px) 100vw, 160px\" \/><\/a>Un boato ha scosso l&#8217;Alpago<\/strong>, ieri alle 14.50 il botto per far scendere la frana di Schiucaz. Centinaia di metri cubi di terra sono caduti contro le protezioni e sulla strada, abitazioni salvaguardate ma i proprietari non potranno rientrare, non prima di un mese e mezzo almeno. <strong>Raffica di furti tra Belluno e Feltre,<\/strong> a Col di Salce alle 3.30 \u00e8 scattato l&#8217;allarme alla trattoria e quando il titolare \u00e8 arrivato in negozio la sorpresa: i ladri avevano rubato poche decine di euro dal fondo cassa per poi darsi alla fuga. <strong>A Limana<\/strong> ruba tre paia di occhiali ma le telecamere lo inchiodano alle sue responsabilit\u00e0, nelle successive perquisizioni i Carabinieri hanno ritrovato quanto rubato nell&#8217;abitazione dell&#8217;uomo rintracciato al Bar. <strong>Lungo pomeriggio di lavoro<\/strong> quello di ieri per i vigili del fuoco (foto) intervenuti per l&#8217;incendio di una canna fumaria del ristorante La Casera a Faverghera, i pompieri hanno evitato che le braci intaccassero l&#8217;intera struttura.<\/p>\n<p>&nbsp;<\/p>\n<h1><strong>TERREMOTO IN FRIULI, UN&#8217;ALTRA SCOSSA DI BUON MATTINO<\/strong><\/h1>\n<p><a class=\"dt-pswp-item\" href=\"http:\/\/www.radiopiu.net\/wordpress\/wp-content\/uploads\/2019\/06\/WhatsApp-Image-2019-06-15-at-06.35.42.jpeg\" data-dt-img-description=\"\" data-large_image_width=\"899\" data-large_image_height=\"1599\"><img loading=\"lazy\" decoding=\"async\" class=\"alignnone wp-image-88483 size-large\" src=\"http:\/\/www.radiopiu.net\/wordpress\/wp-content\/uploads\/2019\/06\/WhatsApp-Image-2019-06-15-at-06.35.42-576x1024.jpeg\" alt=\"\" width=\"576\" height=\"1024\" srcset=\"https:\/\/www.radiopiu.net\/wordpress\/wp-content\/uploads\/2019\/06\/WhatsApp-Image-2019-06-15-at-06.35.42-576x1024.jpeg 576w, https:\/\/www.radiopiu.net\/wordpress\/wp-content\/uploads\/2019\/06\/WhatsApp-Image-2019-06-15-at-06.35.42-169x300.jpeg 169w, https:\/\/www.radiopiu.net\/wordpress\/wp-content\/uploads\/2019\/06\/WhatsApp-Image-2019-06-15-at-06.35.42-768x1366.jpeg 768w, https:\/\/www.radiopiu.net\/wordpress\/wp-content\/uploads\/2019\/06\/WhatsApp-Image-2019-06-15-at-06.35.42.jpeg 899w\" sizes=\"auto, (max-width: 576px) 100vw, 576px\" \/><\/a><\/p>\n<p><strong>IERI<\/strong><\/p>\n<p>Una\u00a0scossa di terremoto in Carnia fa tremare il Friuli. Alle 15.57 di 4.0 gradi Richter ed \u00e8 stata localizzata ad 1 chilometro dal centro di Tolmezzo\u00a0in direzione\u00a0Verzegnis ad una profondit\u00e0 di appena 4,7 chilometri. Diverse le telefonate ai vigili del fuoco, soprattutto dai paesi pi\u00f9 vicini all&#8217;epicentro: oltre Tolmezzo e Verzegnis, anche Cavazzo Carnico e Lauco.\u00a0 La scossa \u00e8 stata avvertita anche a Trieste, Pordenone e fino alla costa, e a Nord anche oltre le Alpi, in Austria.<\/p>\n<p>&nbsp;<\/p>\n<p>&nbsp;<\/p>\n<p>&nbsp;<\/p>\n<h3>ACQUA NON POTABILE A ROCCA PIETORE E SAN TOMASO<\/h3>\n<p><strong>ROCCA PIETORE<\/strong> nelle localit\u00e0 Masar\u00e8, Badiot e Le Pale l&#8217;acqua erogata dall&#8217;acquedotto non \u00e8 potabile e pu\u00f2 essere usata per scopi alimentari solo previa bollitura.<\/p>\n<p><strong>SAN TOMASO<\/strong> In frazione La Costa di San Tomaso acqua non potabile, la prossima settimana \u00e8 previsto il prelievo di controllo.<\/p>\n<p>&nbsp;<\/p>\n<p>&nbsp;<\/p>\n<h2>LA VIGNETTA ALLA RADIO, di Silvano Savio<\/h2>\n<p><strong>TAIBON<\/strong> Silvano Savio ha gi\u00e0 collaborato con il mensile Agordino Pi\u00f9 Notizie, negli anni 90 muoveva la sua matita per disegnare le strisce mensili.<\/p>\n<h3>IL FUMETTO E&#8217; CHIARO, DAL FUOCO ALL&#8217;ALLUVIONE ALLE ELEZIONI.<\/h3>\n<p><a class=\"dt-pswp-item\" href=\"http:\/\/www.radiopiu.net\/wordpress\/wp-content\/uploads\/2019\/06\/FUMETTO-\u201cTAIBON-PAESE-TORMENTATO\u201d.jpg\" data-dt-img-description=\"\" data-large_image_width=\"1700\" data-large_image_height=\"2338\"><img loading=\"lazy\" decoding=\"async\" class=\"alignnone wp-image-88374 \" src=\"http:\/\/www.radiopiu.net\/wordpress\/wp-content\/uploads\/2019\/06\/FUMETTO-\u201cTAIBON-PAESE-TORMENTATO\u201d-745x1024.jpg\" alt=\"\" width=\"220\" height=\"303\" srcset=\"https:\/\/www.radiopiu.net\/wordpress\/wp-content\/uploads\/2019\/06\/FUMETTO-\u201cTAIBON-PAESE-TORMENTATO\u201d-745x1024.jpg 745w, https:\/\/www.radiopiu.net\/wordpress\/wp-content\/uploads\/2019\/06\/FUMETTO-\u201cTAIBON-PAESE-TORMENTATO\u201d-218x300.jpg 218w, https:\/\/www.radiopiu.net\/wordpress\/wp-content\/uploads\/2019\/06\/FUMETTO-\u201cTAIBON-PAESE-TORMENTATO\u201d-768x1056.jpg 768w, https:\/\/www.radiopiu.net\/wordpress\/wp-content\/uploads\/2019\/06\/FUMETTO-\u201cTAIBON-PAESE-TORMENTATO\u201d.jpg 1700w\" sizes=\"auto, (max-width: 220px) 100vw, 220px\" \/><\/a><\/p>\n<p>&nbsp;<\/p>\n<p>&nbsp;<\/p>\n<p>&nbsp;<\/p>\n<h2>LA CRONACA: ARRESTI, DENUNCE, UBRIACHI DALLA GUIDA<\/h2>\n<p><strong><a class=\"dt-pswp-item\" href=\"http:\/\/www.radiopiu.net\/wordpress\/wp-content\/uploads\/2016\/09\/cara_-_blitz.jpg\" data-dt-img-description=\"\" data-large_image_width=\"500\" data-large_image_height=\"339\"><img loading=\"lazy\" decoding=\"async\" class=\" wp-image-23557 alignleft\" src=\"http:\/\/www.radiopiu.net\/wordpress\/wp-content\/uploads\/2016\/09\/cara_-_blitz-300x203.jpg\" alt=\"\" width=\"163\" height=\"110\" \/><\/a>BORGO VALBELLUNA\u00a0<\/strong>I Carabinieri di Trichiana hanno denunciato in stato di libert\u00e0 per furto aggravato F.C. 54enne veneziano domiciliato e Limana. Lo scorso 8 giugno\u00a0 al negozio OTTICA 2D di Limana e LA DOLCE VISTA di Borgo Valbelluna, si impossessava di 3 paia di occhiali marca ray ban ( valore complessivo circa 450 euro) nascondendoli\u00a0 tra i vestiti.\u00a0 I proprietari, nel denunciare il furto, consegnavano le immagini delle telecamere\u00a0 ai Carabinieri e da queste sono state documentate le prove del furto.\u00a0 Davanti all\u2019evidenza l\u2019uomo non solo ha alzato le mani, ma soprattutto ha abbassato la testa quando i Carabinieri\u00a0 nel corso delle perquisizione hanno rinvenuto 3 paia di occhiali gi\u00e0 restituiti ai proprietari.<\/p>\n<p><strong>\u00a0<\/strong><br \/>\n<strong>SANTA GIUSTINA<\/strong> I Carabinieri hanno di nuovo arrestato\u00a0 il cittadino marocchino E. H.. N.\u00a0 di 60 anni residente a Borgo Valbelluna (Limana). L&#8217;uomo gi\u00e0 agli arresti domiciliari per reati contro la famiglia ( maltrattamenti) si \u00e8 reso responsabile di evasione essendo stato trovato in un esercizio pubblico. A seguito di questa violazione il giudice ha revocato gli arresti domiciliari, ora \u00e8 in carcere.<\/p>\n<p>&nbsp;<\/p>\n<p><strong>SEDICO<\/strong> Un 56enne domiciliato nel veneziano \u00e8 stato denunciato dai Carabinieri di Sedico per truffa e falsit\u00e0 ideologica. I.V. (queste le iniziali dell&#8217;uomo)\u00a0 metteva in vendita sul sito subito.it una Giulietta gtv facendosi accreditare 1900 euro su una post pay da un 48 enne di Sedico senza\u00a0 consegnare l&#8217;auto.\u00a0 Peraltro l&#8217;uomo nel tentativo di &#8220;salvarsi&#8221; ha inventato la storiella della clonazione della post pay, di qui l&#8217;ulteriore denuncia a piede libero. L&#8217;uomo tra l altro, nel tentativo di estraniarsi dalla truffa, denunciava falsamente la clonazione della sua post pay.<\/p>\n<p>:<br \/>\n<strong>SANTA GIUSTINA<\/strong> Due furti probabilmente messi a segno dalle stesse persone stando ad una prima visione delle immagini delle telecamere. Primo furto a Santa Giustina dove due uomini in moto con casco, durante l&#8217;orario di chiusura pomeridiana, hanno forzato la porta d&#8217;ingresso del negozio &#8220;Cose di casa&#8221; rubando 50 euro dal fondo cassa, nello stesso modo a Feltre presso l&#8217;esercizio commerciale denominato &#8220;Pane e Felicit\u00e0&#8221;\u00a0 rubando 70 euro dalla cassa.<\/p>\n<p>&nbsp;<\/p>\n<p><strong>BELLUNO<\/strong> I Carabinieri del Norm di Belluno\u00a0 hanno denunciato in stato di libert\u00e0 per guida in stato di ebrezza\u00a0 A.Z.. 64enne agordina, alle 17 di ieri a bordo della sua Panda provocava un\u00a0 incidente stradale con solo danni ai mezzi alla rotonda della Cerva a Belluno,\u00a0 tasso rilevato\u00a0 1,71.<\/p>\n<p>&nbsp;<\/p>\n<p>&nbsp;<\/p>\n<p>&nbsp;<\/p>\n<div class=\"page-title-head hgroup\">\n<h2 class=\"entry-title\">DALL\u2019ALPAGO IL BOTTO!<\/h2>\n<h3 class=\"entry-title\">VIDEO DI VENETO STRADE<\/h3>\n<p>Una parte della frana di Schiucaz \u00e8 caduta alle 14.50 di ieri,\u00a0 sono esplose le cariche di dinamite piazzate sul versante. Qualche centinaio di metri cubi verso le case, senza alcuna conseguenza per le abitazioni, di pi\u00f9 nella parte dietro, dove non ci sono case e le cariche erano forse pi\u00f9 potenti. Ora i tecnici di Veneto Strade dovranno decidere come operare, per togliere la parte che ancora incombe sulle case.<\/p>\n<p><strong>L&#8217;ASSESSORE REGIONALE GIANPAOLO BOTTACIN<\/strong><\/p>\n<audio class=\"wp-audio-shortcode\" id=\"audio-88372-1\" preload=\"none\" style=\"width: 100%;\" controls=\"controls\"><source type=\"audio\/mpeg\" src=\"http:\/\/www.radiopiu.net\/wordpress\/wp-content\/uploads\/2019\/06\/gianpaolo.mp3?_=1\" \/><a href=\"http:\/\/www.radiopiu.net\/wordpress\/wp-content\/uploads\/2019\/06\/gianpaolo.mp3\">http:\/\/www.radiopiu.net\/wordpress\/wp-content\/uploads\/2019\/06\/gianpaolo.mp3<\/a><\/audio>\n<p>&nbsp;<\/p>\n<\/div>\n<div id=\"fb-root\"><\/div>\n<p><script async=\"1\" defer=\"1\" crossorigin=\"anonymous\" src=\"https:\/\/connect.facebook.net\/it_IT\/sdk.js#xfbml=1&amp;version=v6.0\"><\/script><\/p>\n<div class=\"fb-video\" data-href=\"https:\/\/www.facebook.com\/venetostrade\/videos\/324065518508590\/\" data-width=\"1200\">\n<blockquote cite=\"https:\/\/www.facebook.com\/venetostrade\/videos\/324065518508590\/\" class=\"fb-xfbml-parse-ignore\"><p><a href=\"https:\/\/www.facebook.com\/venetostrade\/videos\/324065518508590\/\"><\/a><\/p>\n<p>FRANA DI SCHIUCAZ IL MOMENTO DELL\u2019ESPLOSIONE<\/p>\n<p>Pubblicato da <a href=\"https:\/\/www.facebook.com\/venetostrade\/\">Veneto Strade Spa<\/a> su Venerd\u00ec 14 giugno 2019<\/p><\/blockquote>\n<\/div>\n<h3>DALLA PAGINA FACEBOOK DI GIANPAOLO BOTTACIN, ASSESSORE PROTEZIONE CIVILE VENETO<\/h3>\n<div id=\"fb-root\"><\/div>\n<p><script async=\"1\" defer=\"1\" crossorigin=\"anonymous\" src=\"https:\/\/connect.facebook.net\/it_IT\/sdk.js#xfbml=1&amp;version=v6.0\"><\/script><\/p>\n<div class=\"fb-video\" data-href=\"https:\/\/www.facebook.com\/28421502543\/videos\/1272080202959972\/\" data-width=\"1200\">\n<blockquote cite=\"https:\/\/www.facebook.com\/28421502543\/videos\/1272080202959972\/\" class=\"fb-xfbml-parse-ignore\"><p><a href=\"https:\/\/www.facebook.com\/28421502543\/videos\/1272080202959972\/\"><\/a><\/p>\n<p>frana di #Schiucaz in comune di #Alpago abitazioni salve#Protezione_Civile #Venetostrade tutto secondo programma<\/p>\n<p>Pubblicato da <a href=\"https:\/\/www.facebook.com\/Gianpaolo-Bottacin-assessore-regionale-del-Veneto-28421502543\/\">Gianpaolo Bottacin assessore regionale del Veneto<\/a> su Venerd\u00ec 14 giugno 2019<\/p><\/blockquote>\n<\/div>\n<p>&nbsp;<\/p>\n<p>&nbsp;<\/p>\n<p>&nbsp;<\/p>\n<p>&nbsp;<\/p>\n<h2><\/h2>\n<h2>SOLIDARIETA&#8217; PER ALLEGHE, IL GRAZIE DEL SINDACO E L&#8217;EMOZIONE DELL&#8217;EX<\/h2>\n<p><strong>DALLA RASSEGNA STAMPA DELLE 805 IL SINDACO DI ALLEGHE DANILO DE TONI<\/strong><\/p>\n<audio class=\"wp-audio-shortcode\" id=\"audio-88372-2\" preload=\"none\" style=\"width: 100%;\" controls=\"controls\"><source type=\"audio\/mpeg\" src=\"http:\/\/www.radiopiu.net\/wordpress\/wp-content\/uploads\/2019\/06\/DANILO.mp3?_=2\" \/><a href=\"http:\/\/www.radiopiu.net\/wordpress\/wp-content\/uploads\/2019\/06\/DANILO.mp3\">http:\/\/www.radiopiu.net\/wordpress\/wp-content\/uploads\/2019\/06\/DANILO.mp3<\/a><\/audio>\n<p>&nbsp;<\/p>\n<p><strong>ALLEGHE\u00a0<\/strong> Mercoled\u00ec, a conclusione dell\u2019anno scolastico del liceo \u201cGalileo Galilei di Dolo, l\u2019amministrazione Comunale di Alleghe \u00e8 stata invitta\u00a0 per la consegna di un contributo.\u00a0 \u00a0 La raccolta, organizzata da Marisa Baldan all\u2019indomani dell\u2019evento di fine ottobre, ha avuto l\u2019apporto di genitori, professori e studenti. Al cinema Italia di Dolo, affollato in occasione della premiazione degli studenti con vari riconoscimenti e borse di studio, \u00e8 iniziata la serata con la consegna dell\u2019assegno simbolico al\u00a0 Comune.<\/p>\n<blockquote><p><em>&#8220;Ho ritenuto che fosse corretto che a presenziare all\u2019evento fosse l\u2019ex sindaco Siro De Biasio che aveva gi\u00e0 intrattenuto i contatti con l\u2019ente promotore -dice il sindaco Danilo De Toni-\u00a0 e un sentito grazie da parte mia e dell\u2019ex Sindaco Siro De Biasio a tutto il liceo \u201cGalilei\u201d per questo atto di generosit\u00e0&#8221;.<\/em><\/p><\/blockquote>\n<p><a class=\"dt-pswp-item\" href=\"http:\/\/www.radiopiu.net\/wordpress\/wp-content\/uploads\/2019\/06\/4785d412-a920-42ef-93b8-f8f6d97fa5ab.jpg\" data-dt-img-description=\"\" data-large_image_width=\"1600\" data-large_image_height=\"1200\"><img loading=\"lazy\" decoding=\"async\" class=\"alignnone wp-image-88394 size-full\" src=\"http:\/\/www.radiopiu.net\/wordpress\/wp-content\/uploads\/2019\/06\/4785d412-a920-42ef-93b8-f8f6d97fa5ab.jpg\" alt=\"\" width=\"1600\" height=\"1200\" srcset=\"https:\/\/www.radiopiu.net\/wordpress\/wp-content\/uploads\/2019\/06\/4785d412-a920-42ef-93b8-f8f6d97fa5ab.jpg 1600w, https:\/\/www.radiopiu.net\/wordpress\/wp-content\/uploads\/2019\/06\/4785d412-a920-42ef-93b8-f8f6d97fa5ab-300x225.jpg 300w, https:\/\/www.radiopiu.net\/wordpress\/wp-content\/uploads\/2019\/06\/4785d412-a920-42ef-93b8-f8f6d97fa5ab-768x576.jpg 768w, https:\/\/www.radiopiu.net\/wordpress\/wp-content\/uploads\/2019\/06\/4785d412-a920-42ef-93b8-f8f6d97fa5ab-1024x768.jpg 1024w\" sizes=\"auto, (max-width: 1600px) 100vw, 1600px\" \/><\/a><\/p>\n<p>&nbsp;<\/p>\n<p>&nbsp;<\/p>\n<p>&nbsp;<\/p>\n<p>&nbsp;<\/p>\n<h2>OPEN DAY ALLA CARTIERA ILLUSTRERA\u2019 IL CORSO<\/h2>\n<p><a class=\"dt-pswp-item\" href=\"http:\/\/www.radiopiu.net\/wordpress\/wp-content\/uploads\/2019\/06\/ITS-2019-5942.jpg\" data-dt-img-description=\"\" data-large_image_width=\"1000\" data-large_image_height=\"1500\"><img loading=\"lazy\" decoding=\"async\" class=\"size-medium wp-image-88389 alignleft\" src=\"http:\/\/www.radiopiu.net\/wordpress\/wp-content\/uploads\/2019\/06\/ITS-2019-5942-200x300.jpg\" alt=\"\" width=\"200\" height=\"300\" srcset=\"https:\/\/www.radiopiu.net\/wordpress\/wp-content\/uploads\/2019\/06\/ITS-2019-5942-200x300.jpg 200w, https:\/\/www.radiopiu.net\/wordpress\/wp-content\/uploads\/2019\/06\/ITS-2019-5942-768x1152.jpg 768w, https:\/\/www.radiopiu.net\/wordpress\/wp-content\/uploads\/2019\/06\/ITS-2019-5942-683x1024.jpg 683w, https:\/\/www.radiopiu.net\/wordpress\/wp-content\/uploads\/2019\/06\/ITS-2019-5942.jpg 1000w\" sizes=\"auto, (max-width: 200px) 100vw, 200px\" \/><\/a><strong>LONGARONE<\/strong>\u00a0 Saranno quelle de \u201cLa Cartiera\u201d di Vas le prossime porte che apriranno all\u2019ITS Academy in Design e Tecnica dell\u2019Occhiale: sabato 22 giugno alle 15.00 lo staff dell\u2019Area Formazione si sposter\u00e0 nel basso feltrino per illustrare il corso agli interessati di quest\u2019importante area del Distretto dell\u2019Occhiale. Certottica vuol dare una risposta concreta alle aziende, che sono alla costante ricerca di profili qualificati da inserire nel proprio organico e l\u2019ITS Academy, che registra oltre il 90% di allievi occupati ad un anno dal diploma, dimostra di cogliere le esigenze del mercato. L\u2019ITS-Academy, che a ottobre partir\u00e0 con la sesta edizione, \u00e8 un\u2019alternativa concreta alla scelta tra lavoro e universit\u00e0, che permette una specializzazione esclusiva e un rapporto diretto con le aziende. Il biennio promosso da Certottica, con la collaborazione della Fondazione ITS Cosmo, \u00e8 diviso in 1200 ore di lezioni teoriche, esercitazioni pratiche e laboratoriali, visite aziendali di settore, team working e 800 ore di tirocinio (300 nel 1\u00b0 anno e 500 nel 2\u00b0 anno) in aziende leader del settore occhiale. A conclusione dei due anni, ogni allievo \u00e8 in grado di comprendere e gestire il processo creativo che sottende la creazione del prodotto, sviluppare idee innovative, scoprire e trasformare le idee in prototipi commerciabili, con la consapevolezza di dover rapportarsi con tutte le figure aziendali coinvolte nella realizzazione dell\u2019occhiale. <a class=\"dt-pswp-item\" href=\"http:\/\/www.radiopiu.net\/wordpress\/wp-content\/uploads\/2019\/06\/download-11.jpg\" data-dt-img-description=\"\" data-large_image_width=\"300\" data-large_image_height=\"168\"><img loading=\"lazy\" decoding=\"async\" class=\"size-medium wp-image-88391 alignright\" src=\"http:\/\/www.radiopiu.net\/wordpress\/wp-content\/uploads\/2019\/06\/download-11-300x168.jpg\" alt=\"\" width=\"300\" height=\"168\" \/><\/a>Lo testimoniano le collezioni che gli allievi sfornano a coronamento dell\u2019Academy, protagoniste dell\u2019evento finale con i prototipi realizzati grazie al supporto dei partner. Per intensificare ulteriormente il dialogo con il territorio e con le realt\u00e0 del settore, che ha portato a tarare l\u2019Academy sulle necessit\u00e0 del mercato, il team dell\u2019Area Formazione di Certottica aspetta tutti gli interessati sabato 22 alle 15.00 alla Cartiera di Vas in compagnia dei docenti e degli allievi che oggi frequentano l\u2019Academy. Per informazioni Vi invitiamo a contattare Certottica ai seguenti recapiti: formazione@certottica.it, 0437 573157, www.certottica.it. (foto terrebassofeltrino.it)<\/p>\n<p>&nbsp;<\/p>\n<p>&nbsp;<\/p>\n<p>&nbsp;<\/p>\n<h2>POST VAIA A SAN TOMASO AGORDINO<\/h2>\n<p><strong><a class=\"dt-pswp-item\" href=\"http:\/\/www.radiopiu.net\/wordpress\/wp-content\/uploads\/2019\/06\/eb392efe-8d8e-488e-92d1-35be03e80df8.jpg\" data-dt-img-description=\"\" data-large_image_width=\"1600\" data-large_image_height=\"901\"><img loading=\"lazy\" decoding=\"async\" class=\" wp-image-88240 alignleft\" src=\"http:\/\/www.radiopiu.net\/wordpress\/wp-content\/uploads\/2019\/06\/eb392efe-8d8e-488e-92d1-35be03e80df8-300x169.jpg\" alt=\"\" width=\"158\" height=\"89\" srcset=\"https:\/\/www.radiopiu.net\/wordpress\/wp-content\/uploads\/2019\/06\/eb392efe-8d8e-488e-92d1-35be03e80df8-300x169.jpg 300w, https:\/\/www.radiopiu.net\/wordpress\/wp-content\/uploads\/2019\/06\/eb392efe-8d8e-488e-92d1-35be03e80df8-768x432.jpg 768w, https:\/\/www.radiopiu.net\/wordpress\/wp-content\/uploads\/2019\/06\/eb392efe-8d8e-488e-92d1-35be03e80df8-1024x577.jpg 1024w, https:\/\/www.radiopiu.net\/wordpress\/wp-content\/uploads\/2019\/06\/eb392efe-8d8e-488e-92d1-35be03e80df8.jpg 1600w\" sizes=\"auto, (max-width: 158px) 100vw, 158px\" \/><\/a>SAN TOMASO<\/strong> Lavori da appaltare entro il 30 settembre con progettazioni a buon punto e un contributo da 2 milioni di euro. Oltre 1 milione 800 mila euro saranno necessari per il ripristino delle strade nelle frazioni pi\u00f9 alte, interventi urgenti per non rischiare l&#8217;isolamento. Oltre 700 mila euro per le strade silvo pastorali che serviranno per l&#8217;esbosco e lunedi c&#8217;e&#8217; la seconda asta per l&#8217;esbosco.<\/p>\n<h3>IL SINDACO MORENO DE VAL DAL CONSIGLIO COMUNALE<\/h3>\n<audio class=\"wp-audio-shortcode\" id=\"audio-88372-3\" preload=\"none\" style=\"width: 100%;\" controls=\"controls\"><source type=\"audio\/mpeg\" src=\"http:\/\/www.radiopiu.net\/wordpress\/wp-content\/uploads\/2019\/06\/MORENO-DE-VAL.mp3?_=3\" \/><a href=\"http:\/\/www.radiopiu.net\/wordpress\/wp-content\/uploads\/2019\/06\/MORENO-DE-VAL.mp3\">http:\/\/www.radiopiu.net\/wordpress\/wp-content\/uploads\/2019\/06\/MORENO-DE-VAL.mp3<\/a><\/audio>\n<p>&nbsp;<\/p>\n<h2><\/h2>\n<p>&nbsp;<\/p>\n<h2><a class=\"dt-pswp-item\" href=\"http:\/\/www.radiopiu.net\/wordpress\/wp-content\/uploads\/2019\/06\/WhatsApp-Image-2019-06-13-at-22.32.40.jpeg\" data-dt-img-description=\"\" data-large_image_width=\"1599\" data-large_image_height=\"799\"><img loading=\"lazy\" decoding=\"async\" class=\" wp-image-88325 alignleft\" src=\"http:\/\/www.radiopiu.net\/wordpress\/wp-content\/uploads\/2019\/06\/WhatsApp-Image-2019-06-13-at-22.32.40-300x150.jpeg\" alt=\"\" width=\"164\" height=\"82\" srcset=\"https:\/\/www.radiopiu.net\/wordpress\/wp-content\/uploads\/2019\/06\/WhatsApp-Image-2019-06-13-at-22.32.40-300x150.jpeg 300w, https:\/\/www.radiopiu.net\/wordpress\/wp-content\/uploads\/2019\/06\/WhatsApp-Image-2019-06-13-at-22.32.40-768x384.jpeg 768w, https:\/\/www.radiopiu.net\/wordpress\/wp-content\/uploads\/2019\/06\/WhatsApp-Image-2019-06-13-at-22.32.40-1024x512.jpeg 1024w, https:\/\/www.radiopiu.net\/wordpress\/wp-content\/uploads\/2019\/06\/WhatsApp-Image-2019-06-13-at-22.32.40.jpeg 1599w\" sizes=\"auto, (max-width: 164px) 100vw, 164px\" \/><\/a>DAL PRIMO CONSIGLIO COMUNALE DI AGORDO, LE INTERVISTE AL SINDACO\u00a0 ROBERTO CHISSALE&#8217; ED AL CONSIGLIERE\u00a0 PAOLO SELVA MORETTI.<\/h2>\n<audio class=\"wp-audio-shortcode\" id=\"audio-88372-4\" preload=\"none\" style=\"width: 100%;\" controls=\"controls\"><source type=\"audio\/mpeg\" src=\"http:\/\/www.radiopiu.net\/wordpress\/wp-content\/uploads\/2019\/06\/INTERVISTE-SINDACI.mp3?_=4\" \/><a href=\"http:\/\/www.radiopiu.net\/wordpress\/wp-content\/uploads\/2019\/06\/INTERVISTE-SINDACI.mp3\">http:\/\/www.radiopiu.net\/wordpress\/wp-content\/uploads\/2019\/06\/INTERVISTE-SINDACI.mp3<\/a><\/audio>\n<p>&nbsp;<\/p>\n<p>&nbsp;<\/p>\n<p>&nbsp;<\/p>\n<p>&nbsp;<\/p>\n<h2><\/h2>\n<h3>PEDAGGI AUTOSTRADALI, UNCEM: &#8220;GOVERNO INTERVENGA PER STOPPARE GLI AUMENTI. SU STRADA DEI PARCHI, SINDACI MOBILITATI&#8221;<\/h3>\n<p><a class=\"dt-pswp-item\" href=\"http:\/\/www.radiopiu.net\/wordpress\/wp-content\/uploads\/2018\/12\/argentera_ferrere-3.jpg\" data-dt-img-description=\"\" data-large_image_width=\"865\" data-large_image_height=\"330\"><img loading=\"lazy\" decoding=\"async\" class=\"alignnone wp-image-71005 size-full\" src=\"http:\/\/www.radiopiu.net\/wordpress\/wp-content\/uploads\/2018\/12\/argentera_ferrere-3.jpg\" alt=\"\" width=\"865\" height=\"330\" srcset=\"https:\/\/www.radiopiu.net\/wordpress\/wp-content\/uploads\/2018\/12\/argentera_ferrere-3.jpg 865w, https:\/\/www.radiopiu.net\/wordpress\/wp-content\/uploads\/2018\/12\/argentera_ferrere-3-300x114.jpg 300w, https:\/\/www.radiopiu.net\/wordpress\/wp-content\/uploads\/2018\/12\/argentera_ferrere-3-768x293.jpg 768w\" sizes=\"auto, (max-width: 865px) 100vw, 865px\" \/><\/a><\/p>\n<p>Il Governo deve intervenire subito per bloccare gli aumenti dei pedaggi autostradali che scatterebbero dal 1\u00b0 luglio 2019. Su molte tratte, l&#8217;incremento della tariffa era stato congelato a dicembre 2018, dopo la mobilitazione di Uncem e di moltissimi Sindaci. Amministratori locali che continuano a essere mobilitati. E arrabbiati. In Lazio, Abruzzo e in tutte le Regioni centrali, \u00e8 forte l&#8217;impegno dei Sindaci dei Comuni montani nel respingere al concessionario l&#8217;aumento di Strada dei Parchi, A24 e A25, vicino al 20 per cento, il pi\u00f9 alto previsto finora. Una cifra che Uncem considera gravissima in particolare visti i lavori non fatti per ammodernare i viadotti, il tunnel del Gran Sasso e considerato che quelle autostrade attraversano aree montane, comportando inquinamento e senza lasciare alcunch\u00e9 ai territori. Da tempo Uncem si batte e continuer\u00e0 a farlo affinch\u00e9 le grandi direttrici autostradali, con i loro concessionari, compensino i territori: una parte del pedaggio deve essere reinvestita ad esempio per la manutenzione delle strade secondarie, mentre va riconosciuto pienamente agli Enti locali il servizio ecosistemico-ambientale svolto dalle foreste delle zone montane limitrofe alle lingue di asfalto nell&#8217;assorbire Co2 dei veicoli in transito sulle reti veloci.<\/p>\n<p>&nbsp;<\/p>\n<p>&nbsp;<\/p>\n<p>&nbsp;<\/p>\n<h3>VIOLENZA DONNE: IN VENETO AUMENTANO DEL 78% LE SEGNALAZIONI AI CENTRI ANTIVIOLENZA<\/h3>\n<p><strong><a class=\"dt-pswp-item\" href=\"http:\/\/www.radiopiu.net\/wordpress\/wp-content\/uploads\/2017\/11\/giornata-contro-violenza-sulle-donne-orig-2.jpg\" data-dt-img-description=\"\" data-large_image_width=\"1254\" data-large_image_height=\"836\"><img loading=\"lazy\" decoding=\"async\" class=\" wp-image-38665 alignleft\" src=\"http:\/\/www.radiopiu.net\/wordpress\/wp-content\/uploads\/2017\/11\/giornata-contro-violenza-sulle-donne-orig-2-300x200.jpg\" alt=\"\" width=\"248\" height=\"165\" \/><\/a>VENEZIA\u00a0<\/strong>Sempre pi\u00f9 donne in Veneto si rivolgono ai Centri antiviolenza: il report annuale sull\u2019attivit\u00e0 dei Centri antiviolenza e delle Case rifugio (da oggi online nel sito della Regione Veneto) rivela che nel 2018 le segnalazioni sono aumentate del 79 %, passando dai 4733 contatti registrati nel 2017 agli 8464 dello scorso anno. In media, un contatto su tre si traduce in una effettiva presa in carico dalle strutture. Lo scorso anno i nuovi casi presi in carico dai Centri veneti sono stati 2373, 280 in pi\u00f9 rispetto al 2017. Tradotto: in Veneto ogni 300 donne residenti una ha preso contatto con un Centro antiviolenza e una ogni 700 \u00e8 stata presa in carico.<\/p>\n<blockquote><p><em>\u201cE\u2019 un segnale da seguire con attenzione \u2013 commenta l\u2019Assessore regionale al sociale, Manuela Lanzarin \u2013 Se, da un lato, \u00e8 la spia di un dramma sociale dagli esiti spesso tragici che continua a persistere nella nostra societ\u00e0, come purtroppo le cronache ci testimoniano, dall\u2019altro conferma la valenza e l\u2019attivit\u00e0 di una rete di servizi, sia pubblici sia privati, sempre pi\u00f9 diffusa e omogenea nel territorio, che si \u00e8 strutturata e qualificata nell\u2019offrire risposte alle donne in difficolt\u00e0 e sotto minaccia&#8221;.<\/em><\/p><\/blockquote>\n<p>&nbsp;<\/p>\n<p>&nbsp;<\/p>\n<p>&nbsp;<\/p>\n<h2>COLLEGAMENTO SCIISTICO PADOLA \u2013 PUSTERIA. &#8220;PER IL COMELICO, NON SI INDIETREGGIA&#8221;<\/h2>\n<p><strong><a class=\"dt-pswp-item\" href=\"http:\/\/www.radiopiu.net\/wordpress\/wp-content\/uploads\/2019\/06\/64408220_10156381337877544_2843548965935251456_n.jpg\" data-dt-img-description=\"\" data-large_image_width=\"960\" data-large_image_height=\"640\"><img loading=\"lazy\" decoding=\"async\" class=\" wp-image-88403 alignleft\" src=\"http:\/\/www.radiopiu.net\/wordpress\/wp-content\/uploads\/2019\/06\/64408220_10156381337877544_2843548965935251456_n-300x200.jpg\" alt=\"\" width=\"231\" height=\"154\" srcset=\"https:\/\/www.radiopiu.net\/wordpress\/wp-content\/uploads\/2019\/06\/64408220_10156381337877544_2843548965935251456_n-300x200.jpg 300w, https:\/\/www.radiopiu.net\/wordpress\/wp-content\/uploads\/2019\/06\/64408220_10156381337877544_2843548965935251456_n-768x512.jpg 768w, https:\/\/www.radiopiu.net\/wordpress\/wp-content\/uploads\/2019\/06\/64408220_10156381337877544_2843548965935251456_n.jpg 960w\" sizes=\"auto, (max-width: 231px) 100vw, 231px\" \/><\/a>VENEZIA\u00a0<\/strong> \u201cL\u2019impegno della Regione ed il mio personale sono costantemente proiettati al bene dell\u2019intero territorio bellunese e, come anche di recente dimostrato in moltissime occasioni, proprio con un occhio particolare dedicato al Comelico, viste le difficolt\u00e0 del momento\u201d. Con queste parole l\u2019assessore regionale Gianpaolo Bottacin, che ha la delega per la Specificit\u00e0 di Belluno, ribadisce l&#8217;estrema attenzione che la Giunta Regionale sta riservando al collegamento Padola \u2013 Pusteria. \u201cSolamente questa settimana abbiamo dedicato tre giornate all\u2019area del Comelico \u2013 sottolinea l\u2019assessore -, luned\u00ec abbiamo partecipato ad un incontro con i sindaci al quale \u00e8 seguita ieri una giornata di sopralluoghi da parte mie e delle strutture tecniche dell\u2019assessorato. Ma anche mercoled\u00ec, sottovoce e senza tanti proclami, mettendo insieme le direzioni della mia area con quelle dei colleghi all\u2019urbanistica Corazzari e dei lavori pubblici De Berti e dell\u2019avvocatura, abbiamo fatto il punto con il sindaco di Comelico Superiore Staunovo proprio relativamente al tema del collegamento al fine di avere una strategia comune prima del suo appuntamento a Roma di ieri. E un nuovo incontro \u00e8 gi\u00e0 fissato per gioved\u00ec prossimo\u201d. \u201cImmediatamente e per primi, su proposta del presidente Zaia \u2013 prosegue Bottacin &#8211; dopo la nota nella quale il Ministero prospettava nuovi vincoli al territorio del Comelico e della Val d\u2019Ansiei, abbiamo approvato una delibera nella quale abbiamo ribadito di respingere fermamente i contenuti del documento predisposto dalla Soprintendenza. \u00c8 una delibera sostenuta con convinzione da tutta la Giunta regionale e condivisa con il\u00a0territorio, nella quale abbiamo spiegato di ritenere immotivato porre nuovi vincoli, considerando la stratificazione delle tutele paesaggistiche vigenti ed estese ad una superficie gi\u00e0 oggi pari al 96,6% del totale\u201d.<\/p>\n<p>&nbsp;<\/p>\n<p>&nbsp;<\/p>\n<p>&nbsp;<\/p>\n<h1>Richiesta e ritiro cartelle cliniche al CUP\/Cassa o via mail<\/h1>\n<blockquote><p><em>Dal 17 giugno pi\u00f9 facile avere copia della documentazione sanitaria<\/em><\/p><\/blockquote>\n<p><strong>FELTRE<\/strong> Da luned\u00ec sar\u00e0 pi\u00f9 facile richiedere e ritirare copia della documentazione sanitaria all\u2019ospedale di Feltre. Per favorire l\u2019umanizzazione e facilitare l\u2019accesso sia in termini di ampliamento dell\u2019orario che di raggiungibilit\u00e0 del servizio, la richiesta e il ritiro della documentazione sanitaria sar\u00e0 possibile al Cup\/cassa, situato nel nuovo ingresso dell\u2019ospedale di Feltre, dal luned\u00ec al venerd\u00ec dalle 7.45 alle 17.00 e il sabato dalle 8.00 alle 12.00. Inoltre, \u00e8 possibile richiedere la documentazione anche via mail. Il cittadino pu\u00f2 richiedere copia autenticata di: cartella clinica, \u00a0documentazione radiologica, documentazione ambulatoriale, certificato di degenza, documentazione di pronto soccorso<br \/>\nLa documentazione sanitaria pu\u00f2 essere richiesta da. Con questa iniziativa, la direzione dell\u2019ospedale intende offrire al cittadino una maggiore attenzione ai suoi bisogni, facilitando l\u2019accessibilit\u00e0 sia in termini di tempo che di spazio, a un servizio spesso utile.<\/p>\n<p>&nbsp;<\/p>\n<p>&nbsp;<\/p>\n<p>&nbsp;<\/p>\n<h1>SKI COLLEGE, IL NUOVO CONSIGLIO DI AMMINISTRAZIONE<\/h1>\n<p><a class=\"dt-pswp-item\" href=\"http:\/\/www.radiopiu.net\/wordpress\/wp-content\/uploads\/2019\/06\/ski-college-veneto-falcade-presentazione-21.10.2018.jpg\" data-dt-img-description=\"\" data-large_image_width=\"1600\" data-large_image_height=\"1066\"><img loading=\"lazy\" decoding=\"async\" class=\" wp-image-88408 alignleft\" src=\"http:\/\/www.radiopiu.net\/wordpress\/wp-content\/uploads\/2019\/06\/ski-college-veneto-falcade-presentazione-21.10.2018-300x200.jpg\" alt=\"\" width=\"281\" height=\"187\" srcset=\"https:\/\/www.radiopiu.net\/wordpress\/wp-content\/uploads\/2019\/06\/ski-college-veneto-falcade-presentazione-21.10.2018-300x200.jpg 300w, https:\/\/www.radiopiu.net\/wordpress\/wp-content\/uploads\/2019\/06\/ski-college-veneto-falcade-presentazione-21.10.2018-768x512.jpg 768w, https:\/\/www.radiopiu.net\/wordpress\/wp-content\/uploads\/2019\/06\/ski-college-veneto-falcade-presentazione-21.10.2018-1024x682.jpg 1024w, https:\/\/www.radiopiu.net\/wordpress\/wp-content\/uploads\/2019\/06\/ski-college-veneto-falcade-presentazione-21.10.2018.jpg 1600w\" sizes=\"auto, (max-width: 281px) 100vw, 281px\" \/><\/a><\/p>\n<p><strong>FALCADE<\/strong> L&#8217;ingresso di Valentina della Zonca, Manuela Xaiz, Davide Pettini, Corrado Piscanec, la conferma di Monica Zorzini. Sono questi i nuovi membri del consiglio di amministrazione dello Ski College Veneto Falcade &#8211; S.C.S.D, eletti dall&#8217;assemblea dello scorso 8 giugno. Affiancheranno il presidente Luca Marchetto nella gestione della struttura della realt\u00e0 agordina, dedicata agli sciatori &#8211; atleti che ospita ragazzi italiani ma anche stranieri.\u00a0 \u00abVogliamo proseguire nel percorso di rinnovamento e crescita dello Ski College avviato con successo dalla precedente governance, un lavoro che ha dato grandissime soddisfazioni\u00bb spiegano i quattro nuovi consiglieri. \u00abSiamo entusiasti di collaborare con il presidente Marchetto e con i rappresentanti del comune di Falcade, Michele Costa, e dell&#8217;istituto Follador, Paolo Giovanni Zanin, e il rappresentante della Provincia di Belluno, e di dare il nostro apporto allo sviluppo del progetto Ski College, che vede gli atleti al centro di un percorso agonistico e scolastico di eccellenza permettendo a ciascuno di seguire al meglio aspirazioni e talento, in un ambiente sereno, stimolante e controllato\u00bb.<br \/>\n\u00abUna conduzione manageriale e per obiettivi \u00e8 necessaria per gestire al meglio le attivit\u00e0 della struttura dello Ski College, la complessit\u00e0 di tutte le fasi di preparazione e allenamento fino al momento delle gare, la costante relazione con l&#8217;istituzione scolastica. Una gestione che deve essere sempre aperta al dialogo, al confronto e alla ricerca di sinergie con tutti gli stakeholder: i ragazzi e le loro famiglie, gli allenatori e preparatori, il mondo della scuola, la Fisi e le amministrazioni pubbliche. Siamo pronti ad affrontare con passione la sfida delle prossime stagioni dello sci alpino, del fondo e dello snowboard perch\u00e9 gli atleti possano sempre essere soddisfatti della loro crescita personale, dei successi agonistici e dei risultati del percorso di studi prescelto\u00bb.<\/p>\n<p>&nbsp;<\/p>\n<p>&nbsp;<\/p>\n<p>&nbsp;<\/p>\n<h3>IL PUNTO SOLIDALE DI AGORDO, 17 VOLONTARI FORMATI DALLA PSICOLOGA PATRIZIA STIEVANIN E DALL&#8217;ASSISTENTE SOCIALE CARMEN ROSSI<\/h3>\n<p><a class=\"dt-pswp-item\" href=\"http:\/\/www.radiopiu.net\/wordpress\/wp-content\/uploads\/2019\/06\/65e05b25-2fb3-456f-adc9-adbd6d77a639.jpg\" data-dt-img-description=\"\" data-large_image_width=\"1200\" data-large_image_height=\"1600\"><img loading=\"lazy\" decoding=\"async\" class=\" wp-image-88420 alignleft\" src=\"http:\/\/www.radiopiu.net\/wordpress\/wp-content\/uploads\/2019\/06\/65e05b25-2fb3-456f-adc9-adbd6d77a639-225x300.jpg\" alt=\"\" width=\"150\" height=\"200\" srcset=\"https:\/\/www.radiopiu.net\/wordpress\/wp-content\/uploads\/2019\/06\/65e05b25-2fb3-456f-adc9-adbd6d77a639-225x300.jpg 225w, https:\/\/www.radiopiu.net\/wordpress\/wp-content\/uploads\/2019\/06\/65e05b25-2fb3-456f-adc9-adbd6d77a639-768x1024.jpg 768w, https:\/\/www.radiopiu.net\/wordpress\/wp-content\/uploads\/2019\/06\/65e05b25-2fb3-456f-adc9-adbd6d77a639.jpg 1200w\" sizes=\"auto, (max-width: 150px) 100vw, 150px\" \/><\/a><\/p>\n<p>&nbsp;<\/p>\n<p>&nbsp;<\/p>\n<p>&nbsp;<\/p>\n<p><strong>AGORDO<\/strong><\/p>\n<p><strong>DI GIANNI SANTOMASO\u00a0<\/strong><\/p>\n<audio class=\"wp-audio-shortcode\" id=\"audio-88372-5\" preload=\"none\" style=\"width: 100%;\" controls=\"controls\"><source type=\"audio\/mpeg\" src=\"http:\/\/www.radiopiu.net\/wordpress\/wp-content\/uploads\/2019\/06\/GIANNI-PUNTO.mp3?_=5\" \/><a href=\"http:\/\/www.radiopiu.net\/wordpress\/wp-content\/uploads\/2019\/06\/GIANNI-PUNTO.mp3\">http:\/\/www.radiopiu.net\/wordpress\/wp-content\/uploads\/2019\/06\/GIANNI-PUNTO.mp3<\/a><\/audio>\n<p>pagina FACEBOOK\u00a0<span style=\"color: #0000ff;\"> \u00a0<a style=\"color: #0000ff;\" href=\"https:\/\/www.facebook.com\/swappointagordo\/photos\/a.286665841671827\/286665368338541\/?type=3&amp;theater\">CLICCA QUI<\/a><\/span><\/p>\n<p>&nbsp;<\/p>\n<p>&nbsp;<\/p>\n<p>&nbsp;<\/p>\n<p>&nbsp;<\/p>\n<p>&nbsp;<\/p>\n<p>&nbsp;<\/p>\n<p>&nbsp;<\/p>\n<h2>ALLA AMONN IL PREMIO COMPRA VERDE VENETO IMPRESE<\/h2>\n<p><a class=\"dt-pswp-item\" href=\"http:\/\/www.radiopiu.net\/wordpress\/wp-content\/uploads\/2019\/06\/IMG-20190612-WA0001-1.jpg\" data-dt-img-description=\"\" data-large_image_width=\"1328\" data-large_image_height=\"747\"><img loading=\"lazy\" decoding=\"async\" class=\"alignnone wp-image-88404 size-large\" src=\"http:\/\/www.radiopiu.net\/wordpress\/wp-content\/uploads\/2019\/06\/IMG-20190612-WA0001-1-1024x576.jpg\" alt=\"\" width=\"1024\" height=\"576\" srcset=\"https:\/\/www.radiopiu.net\/wordpress\/wp-content\/uploads\/2019\/06\/IMG-20190612-WA0001-1-1024x576.jpg 1024w, https:\/\/www.radiopiu.net\/wordpress\/wp-content\/uploads\/2019\/06\/IMG-20190612-WA0001-1-300x169.jpg 300w, https:\/\/www.radiopiu.net\/wordpress\/wp-content\/uploads\/2019\/06\/IMG-20190612-WA0001-1-768x432.jpg 768w, https:\/\/www.radiopiu.net\/wordpress\/wp-content\/uploads\/2019\/06\/IMG-20190612-WA0001-1.jpg 1328w\" sizes=\"auto, (max-width: 1024px) 100vw, 1024px\" \/><\/a><\/p>\n<p><strong>PONTE NELLE ALPI\u00a0<\/strong>J.F. Amonn Srl , leader nella produzione di vernici antifuoco ha ricevuto al Palazzo della Regione di Venezia il premio \u201cCOMPRA VERDE VENETO IMPRESE, assegnato per la sezione: \u201cMedie imprese\u201dnella categoria: \u201cMiglior prodotto\/servizio per lo sviluppo sostenibile\u201d.<\/p>\n<blockquote><p><em>\u00abQuesto premio \u2013 afferma il direttore Alessandro Losso\u00a0 &#8211; rappresenta per Amonn il riconoscimento di un impegno verso l&#8217;ambiente che si protrae da molti anni e che vede l&#8217;azienda sempre pi\u00f9 attenta non solo negli investimenti di ricerca, ma anche nelle campagne di informazione in questo campo\u00bb.<\/em><\/p><\/blockquote>\n<p>&nbsp;<\/p>\n<p>&nbsp;<\/p>\n<p>&nbsp;<\/p>\n<p>&nbsp;<\/p>\n<h1>GIACOMO E SABRINA, ESEMPIO DI ATTACCAMENTO AL TERRITORIO<\/h1>\n<p><strong><a class=\"dt-pswp-item\" href=\"http:\/\/www.radiopiu.net\/wordpress\/wp-content\/uploads\/2019\/06\/62239264_10212786823935964_1334943687490142208_n.jpg\" data-dt-img-description=\"\" data-large_image_width=\"680\" data-large_image_height=\"960\"><img loading=\"lazy\" decoding=\"async\" class=\" wp-image-88416 alignright\" src=\"http:\/\/www.radiopiu.net\/wordpress\/wp-content\/uploads\/2019\/06\/62239264_10212786823935964_1334943687490142208_n-213x300.jpg\" alt=\"\" width=\"321\" height=\"451\" \/><\/a><br \/>\n<\/strong><\/p>\n<p><strong>VALLADA.<\/strong> Ci vogliono venti propizi per un&#8217;avventura oltre le colonne d&#8217;Ercole della montagna che si spopola e delle certezze su cui la sua gente spesso si siede. Sar\u00e0 per questo che il bar-ristorante che Giacomo e Sabrina inaugurano questo pomeriggio alle 17 a Vallada porta il nome della localit\u00e0 che sta appena sopra: &#8216;l Ari\u00e9t. \u00abL&#8217;origine del toponimo &#8211; spiega il vicesindaco Claudio Antonio Luchetta &#8211; \u00e8 misteriosa e si \u00e8 persa nel tempo. Quello che \u00e8 certo \u00e8 che l\u00ec tira sempre un venticello\u00bb.<br \/>\nCome i portoghesi che si inoltravano nell&#8217;Atlantico nel &#8216;400, anche Giacomo Paolin e Sabrina Crepaz dovranno imparare a sfruttare i loro Alisei dati dall&#8217;investimento del Comune di Vallada a sua volta aiutato dagli dei bendati che avevano dirottato in paese una tempesta benevola di 760 mila euro (bando dei Seimila Campanili) per comprare e restaurare il vecchio fienile di Sachet.<br \/>\n\u00abHo sempre pensato di aprire qualcosa di mio &#8211; spiega Giacomo, fino a ieri cuoco all&#8217;asilo nido di Agordo, in passato in servizio in vari locali della Valle del Biois. Con Sabrina avevamo ipotizzato anche una gelateria alle Canarie dove spesso andiamo in vacanza. Poi \u00e8 arrivata questa occasione e&#8230;eccoci qui\u00bb.<br \/>\nSpingere le proprie barche oltre il porto sicuro \u00e8 diventata la rotta.<br \/>\n\u00abLa questione \u00e8 questa &#8211; dice Giacomo con i suoi 40 anni &#8211; io capisco la comodit\u00e0 del posto fisso, del fatto che alle due puoi essere a casa, ma non voglio ritrovarmi a 50 anni e dirmi &#8220;Ah, se avessi fatto cos\u00ec&#8221;, ripensare ai treni che sono passati e sui quali non sono salito. Spero che tutto vada bene, ma semmai, fra sei anni (tanto dura il contratto), avr\u00f2 ancora mezza vita davanti per andare a fare le stagioni altrove\u00bb.<br \/>\nL&#8217;obiettivo dei due viaggiatori non \u00e8 doppiare Capo di Buona Speranza o approdare nelle Indie e farsi ricchi con le spezie, ma raggiungere le Canarie da intendere metaforicamente come meta di orgoglio e soddisfazione personale. \u00abNon ci interessano i soldi, non puntiamo alle resse o a fare le corse &#8211; spiega Giacomo &#8211; vogliamo vivere tranquillamente proponendo nelle due sale da 35 posti in tutto menu tradizionali, ma anche pietanze un po&#8217; ricercate senza per\u00f2 alzare i prezzi e, visto che siamo entrambi sommelier, qualche buona etichetta: insomma quello che vorrei trovare io a pranzo o a cena in un locale\u00bb.<br \/>\nPer gestire &#8216;l Ari\u00e9t non c&#8217;\u00e8 stata la coda, tanto che i bandi pubblicati erano andati ripetutamente deserti. Dopo esserne stata per anni priva, ora la comunit\u00e0 di Vallada torna ad avere un centro di aggregazione sociale. Perch\u00e9 vada lontano, al di l\u00e0 dei venti, occorrer\u00e0 remare tutti insieme. G.San.<\/p>\n<p><strong>DI GIANNI SANTOMASO<\/strong><\/p>\n<audio class=\"wp-audio-shortcode\" id=\"audio-88372-6\" preload=\"none\" style=\"width: 100%;\" controls=\"controls\"><source type=\"audio\/mpeg\" src=\"http:\/\/www.radiopiu.net\/wordpress\/wp-content\/uploads\/2019\/06\/GIANNI-GIACOMO.mp3?_=6\" \/><a href=\"http:\/\/www.radiopiu.net\/wordpress\/wp-content\/uploads\/2019\/06\/GIANNI-GIACOMO.mp3\">http:\/\/www.radiopiu.net\/wordpress\/wp-content\/uploads\/2019\/06\/GIANNI-GIACOMO.mp3<\/a><\/audio>\n<p>&nbsp;<\/p>\n<p><strong><a class=\"dt-pswp-item\" href=\"http:\/\/www.radiopiu.net\/wordpress\/wp-content\/uploads\/2019\/06\/10940575_10202938875023396_5570480338145963792_n.jpg\" data-dt-img-description=\"\" data-large_image_width=\"540\" data-large_image_height=\"960\"><img loading=\"lazy\" decoding=\"async\" class=\" wp-image-88417 alignright\" src=\"http:\/\/www.radiopiu.net\/wordpress\/wp-content\/uploads\/2019\/06\/10940575_10202938875023396_5570480338145963792_n-169x300.jpg\" alt=\"\" width=\"90\" height=\"160\" srcset=\"https:\/\/www.radiopiu.net\/wordpress\/wp-content\/uploads\/2019\/06\/10940575_10202938875023396_5570480338145963792_n-169x300.jpg 169w, https:\/\/www.radiopiu.net\/wordpress\/wp-content\/uploads\/2019\/06\/10940575_10202938875023396_5570480338145963792_n.jpg 540w\" sizes=\"auto, (max-width: 90px) 100vw, 90px\" \/><\/a>L&#8217;INTERVISTA A GIACOMO PAOLIN E FABIO LUCHETTA PRESIDENTE UNIONE MONTANA, <\/strong><\/p>\n<p>&nbsp;<\/p>\n<p>&nbsp;<\/p>\n<p><strong>DI CLAUDIO FONTANIVE<\/strong><\/p>\n<p>&nbsp;<\/p>\n<audio class=\"wp-audio-shortcode\" id=\"audio-88372-7\" preload=\"none\" style=\"width: 100%;\" controls=\"controls\"><source type=\"audio\/mpeg\" src=\"http:\/\/www.radiopiu.net\/wordpress\/wp-content\/uploads\/2019\/06\/l-ariet-giacomo-palin-fabio-lucchetta.mp3?_=7\" \/><a href=\"http:\/\/www.radiopiu.net\/wordpress\/wp-content\/uploads\/2019\/06\/l-ariet-giacomo-palin-fabio-lucchetta.mp3\">http:\/\/www.radiopiu.net\/wordpress\/wp-content\/uploads\/2019\/06\/l-ariet-giacomo-palin-fabio-lucchetta.mp3<\/a><\/audio>\n<p>&nbsp;<\/p>\n<p>&nbsp;<\/p>\n<p>&nbsp;<\/p>\n<p>&nbsp;<\/p>\n<p>&nbsp;<\/p>\n<h2>DALLA ROCCA DI VILLA IN VILLA<\/h2>\n<p><a class=\"dt-pswp-item\" href=\"http:\/\/www.radiopiu.net\/wordpress\/wp-content\/uploads\/2019\/06\/IC-FELTRE-Di-villa-in-villa.jpg\" data-dt-img-description=\"\" data-large_image_width=\"1600\" data-large_image_height=\"736\"><img loading=\"lazy\" decoding=\"async\" class=\"alignnone wp-image-88378 size-large\" src=\"http:\/\/www.radiopiu.net\/wordpress\/wp-content\/uploads\/2019\/06\/IC-FELTRE-Di-villa-in-villa-1024x471.jpg\" alt=\"\" width=\"1024\" height=\"471\" srcset=\"https:\/\/www.radiopiu.net\/wordpress\/wp-content\/uploads\/2019\/06\/IC-FELTRE-Di-villa-in-villa-1024x471.jpg 1024w, https:\/\/www.radiopiu.net\/wordpress\/wp-content\/uploads\/2019\/06\/IC-FELTRE-Di-villa-in-villa-300x138.jpg 300w, https:\/\/www.radiopiu.net\/wordpress\/wp-content\/uploads\/2019\/06\/IC-FELTRE-Di-villa-in-villa-768x353.jpg 768w, https:\/\/www.radiopiu.net\/wordpress\/wp-content\/uploads\/2019\/06\/IC-FELTRE-Di-villa-in-villa.jpg 1600w\" sizes=\"auto, (max-width: 1024px) 100vw, 1024px\" \/><\/a><\/p>\n<p><strong>FELTRE<\/strong> Villa Guarnieri a Tomo, villa San Liberale a Cart, Castel Lusa ad Arson, Villa Zugni Tauro a Grum, villa Tomitano a Vellai. Alla media \u201cRocca\u201d di Feltre i ragazzi vanno di villa in villa alla ricerca della storia e delle tradizioni del territorio grazie al progetto Pon programma operativo nazionale con fondi europei \u201cDi villa in villa\u201d. Sabato scorso la conclusione del lungo percorso che ha visto le prime media E e B impegnati durante l\u2019anno il luned\u00ec pomeriggio. In aula magna incontro con i genitori degli alunni alla presenza del vicesindaco di Feltre, Alessandro Del Bianco, e di alcuni dei proprietari delle ville visitate. \u201cE\u2019 stato un progetto molto interessante e ricco di spunti \u2013 spiega la docente Vanda De <a class=\"dt-pswp-item\" href=\"http:\/\/www.radiopiu.net\/wordpress\/wp-content\/uploads\/2019\/06\/IC-FELTRE-Di-villa-in-villa-2.jpg\" data-dt-img-description=\"\" data-large_image_width=\"1600\" data-large_image_height=\"1200\"><img loading=\"lazy\" decoding=\"async\" class=\"size-medium wp-image-88380 alignright\" src=\"http:\/\/www.radiopiu.net\/wordpress\/wp-content\/uploads\/2019\/06\/IC-FELTRE-Di-villa-in-villa-2-300x225.jpg\" alt=\"\" width=\"300\" height=\"225\" srcset=\"https:\/\/www.radiopiu.net\/wordpress\/wp-content\/uploads\/2019\/06\/IC-FELTRE-Di-villa-in-villa-2-300x225.jpg 300w, https:\/\/www.radiopiu.net\/wordpress\/wp-content\/uploads\/2019\/06\/IC-FELTRE-Di-villa-in-villa-2-768x576.jpg 768w, https:\/\/www.radiopiu.net\/wordpress\/wp-content\/uploads\/2019\/06\/IC-FELTRE-Di-villa-in-villa-2-1024x768.jpg 1024w, https:\/\/www.radiopiu.net\/wordpress\/wp-content\/uploads\/2019\/06\/IC-FELTRE-Di-villa-in-villa-2.jpg 1600w\" sizes=\"auto, (max-width: 300px) 100vw, 300px\" \/><\/a>Boni, esperta del progetto che ha avuto come tutor il professor Giovanni Vanz \u2013 I ragazzi hanno preparato un modello di intervista che hanno riproposto nelle varie visite guidate. Tante curiosit\u00e0 a partire dalla storia delle ville, dall\u2019architettura, fino ad arrivare alla scoperta dei giardini. L\u2019obiettivo era la conoscenza delle ville locali anche collegate alla storia di Venezia. Come educazione alla bellezza che apre gli occhi al cuore\u201d. Nella tappa su Andrea Palladio gli allievi sono stati accompagnati dall\u2019architetto Sergio Casagrande. \u201cMa non sono state solo ville \u2013 ancora De Boni \u2013 abbiamo anche visitato aziende agricole, tra cui la scuola dell\u2019agraria, per studiare le antiche colture del territorio locale, in particolare il biologico\u201d. Tra le attivit\u00e0 che hanno poi completato il progetto, anche i \u201cPiaceri in villa\u201d (laboratorio di scacchi a cura dell\u2019associazione Scacchi Feltre); e l\u2019ascolto delle musiche antiche suonate nelle ville proposte dal corso di chitarra dell\u2019indirizzo musicale dell\u2019IC di Feltre a cura del professor Sergio Guadagnino. Alla fine di tutto \u00e8 stato realizzato un quaderno didattico, mentre i ragazzi sono stati invitati a fine luglio alle giornate FAI come delegazione Feltre\/Belluno Giovani.<\/p>\n<p>&nbsp;<\/p>\n<p>&nbsp;<\/p>\n<h2><\/h2>\n<h2>Sicurezza stradale Incontro marted\u00ec a Castion<\/h2>\n<p><strong>BELLUNO<\/strong> Si parler\u00e0 di sicurezza stradale marted\u00ec 18 alle 20.00 a \u201cLe Stanze\u201d, nei locali della Pro Loco nelle Scuole Medie di Castion. Saranno presenti il Sindaco, Jacopo Massaro, e gli assessori Stefania Ganz e Biagio Giannone. \u00abParleremo di sicurezza stradale nella zona di Castion, sotto tutti i punti di vista: non solo autoveicoli, ma anche pedoni e ciclisti, con un occhio particolare ai ragazzi e bambini. &#8211; anticipa il Sindaco \u2013 L&#8217;incontro nasce anche dalle osservazioni fatte all&#8217;amministrazione da alcuni residenti proprio in merito alla sicurezza viaria\u00bb. La serata \u00e8 aperta a tutti e la cittadinanza \u00e8 invitata a partecipare.<\/p>\n<p>&nbsp;<\/p>\n<p>&nbsp;<\/p>\n<p>&nbsp;<\/p>\n<h2>LE MUSE &amp; LE DOLOMITI VII EDIZIONE<\/h2>\n<blockquote><p><span style=\"color: #ff0000;\"><strong>MARTEDI ALLE 15.10 E ALLE 21.00 LO SPECIALE ALLA RADIO CON ODA ZOE HOCHSCHEID ED ANTONELLA SCHENA<\/strong><\/span><\/p><\/blockquote>\n<p><strong><a class=\"dt-pswp-item\" href=\"http:\/\/www.radiopiu.net\/wordpress\/wp-content\/uploads\/2019\/06\/images-3.jpg\" data-dt-img-description=\"\" data-large_image_width=\"275\" data-large_image_height=\"183\"><img loading=\"lazy\" decoding=\"async\" class=\"size-full wp-image-88291 alignleft\" src=\"http:\/\/www.radiopiu.net\/wordpress\/wp-content\/uploads\/2019\/06\/images-3.jpg\" alt=\"\" width=\"275\" height=\"183\" \/><\/a>FALCADE<\/strong> Venerdi 28 giugno nella chiesa parrochiale di San Tomaso si apre la nuova stagione de Le Muse con un concerto di lirica e musica vocale sacra, Oda Zoe Hochscheid, mezzosoprano Ai Yoshida, clavicembalo e organo. L\u2019edizione del 2018 ha visto il debutto nella Chiesa di San Tomaso Apostolo. Il concerto sar\u00e0 l\u2019occasione per dare lustro musicale all\u2019importante Festa del Santo Patrono, che cade il 3 luglio, e per inaugurare la Settima Edizione di \u201cLe Muse e le Dolomiti\u201d. E&#8217; solo il primo di sette appuntamenti<\/p>\n<p>&nbsp;<\/p>\n<p>&nbsp;<\/p>\n<p>&nbsp;<\/p>\n<h2>SECONDO ATTO DI PROGRAMMAZIONE PER IL MUSEO &#8220;BUREL&#8221;.<\/h2>\n<div><strong><a class=\"dt-pswp-item\" href=\"http:\/\/www.radiopiu.net\/wordpress\/wp-content\/uploads\/2019\/06\/invito-web-1.jpg\" data-dt-img-description=\"\" data-large_image_width=\"600\" data-large_image_height=\"840\"><img loading=\"lazy\" decoding=\"async\" class=\"wp-image-88179 alignleft\" src=\"http:\/\/www.radiopiu.net\/wordpress\/wp-content\/uploads\/2019\/06\/invito-web-1-214x300.jpg\" alt=\"\" width=\"135\" height=\"189\" srcset=\"https:\/\/www.radiopiu.net\/wordpress\/wp-content\/uploads\/2019\/06\/invito-web-1-214x300.jpg 214w, https:\/\/www.radiopiu.net\/wordpress\/wp-content\/uploads\/2019\/06\/invito-web-1.jpg 600w\" sizes=\"auto, (max-width: 135px) 100vw, 135px\" \/><\/a><\/strong><\/div>\n<div><strong>BELLUNO <\/strong>Oggi\u00a0alle 18 al Museo Burel\u00a0 di via Mezzaterra, si inaugura la mostra\u00a0 &#8220;Me Uomo&#8221;\u00a0 la seconda\u00a0 del ciclo \u201cHai paura dell\u2019uomo nero?\u201d Protagonista l\u2019artista Nathaniel Mellors, che recentemente ha esposto le sue opere al Padiglione Finlandese della Biennale d\u2019Arte di Venezia. Dalle 20 serata con musica.<\/div>\n<div><strong>La\u00a0 mostra sar\u00e0 visitabile dal 15 giugno al 27 luglio. Per maggiori informazioni visitare: www.burel.org<\/strong><\/div>\n<div><\/div>\n<div><\/div>\n<div><\/div>\n<div><\/div>\n<div><\/div>\n<div><\/div>\n<div>\n<h2>LABORATORIO DI CANTO GREGORIANO NELL&#8217;ARCIDIACONALE PER LA MESSA VESPERTINA<\/h2>\n<p><strong><a class=\"dt-pswp-item\" href=\"http:\/\/www.radiopiu.net\/wordpress\/wp-content\/uploads\/2019\/06\/canto-gregoriano-Agordo-2018-2019-1.png\" data-dt-img-description=\"\" data-large_image_width=\"1890\" data-large_image_height=\"2657\"><img loading=\"lazy\" decoding=\"async\" class=\"wp-image-88178 alignleft\" src=\"http:\/\/www.radiopiu.net\/wordpress\/wp-content\/uploads\/2019\/06\/canto-gregoriano-Agordo-2018-2019-1-213x300.png\" alt=\"\" width=\"135\" height=\"191\" srcset=\"https:\/\/www.radiopiu.net\/wordpress\/wp-content\/uploads\/2019\/06\/canto-gregoriano-Agordo-2018-2019-1-213x300.png 213w, https:\/\/www.radiopiu.net\/wordpress\/wp-content\/uploads\/2019\/06\/canto-gregoriano-Agordo-2018-2019-1-768x1080.png 768w, https:\/\/www.radiopiu.net\/wordpress\/wp-content\/uploads\/2019\/06\/canto-gregoriano-Agordo-2018-2019-1-728x1024.png 728w, https:\/\/www.radiopiu.net\/wordpress\/wp-content\/uploads\/2019\/06\/canto-gregoriano-Agordo-2018-2019-1.png 1890w\" sizes=\"auto, (max-width: 135px) 100vw, 135px\" \/><\/a><\/strong><\/p>\n<p>&nbsp;<\/p>\n<p><strong>AGORDO<\/strong> Domani\u00a0 la messa delle 18.30 nell&#8217;Arcidiaconale di Agordo sar\u00e0 accompagnata dai canti gregoriani. L&#8217;esecuzione in liturgia della messa vespertina,\u00a0 nella solennit\u00e0 della Santissima Trinit\u00e0 \u00e8 infatti affidata ai partecipanti del corso di canto gregoriano organizzato dalla consulta Asac di Belluno con la direzione del maestro Sandro Bergamo.<\/p>\n<\/div>\n<div><\/div>\n<div><\/div>\n<p>&nbsp;<\/p>\n<p>&nbsp;<\/p>\n<h1>GLI SPECIALI ALLA RADIO<\/h1>\n<h2>COMUNICAZIONE LIMITAZIONE AL TRAFFICO DEI PASSI<\/h2>\n<div class=\"\"><span class=\"\">i<a class=\"dt-pswp-item\" href=\"http:\/\/www.radiopiu.net\/wordpress\/wp-content\/uploads\/2019\/06\/Schermata-2019-06-08-alle-09.58.36.png\" data-dt-img-description=\"\" data-large_image_width=\"2272\" data-large_image_height=\"1148\"><img loading=\"lazy\" decoding=\"async\" class=\"size-medium wp-image-87759 alignleft\" src=\"http:\/\/www.radiopiu.net\/wordpress\/wp-content\/uploads\/2019\/06\/Schermata-2019-06-08-alle-09.58.36-300x152.png\" alt=\"\" width=\"300\" height=\"152\" srcset=\"https:\/\/www.radiopiu.net\/wordpress\/wp-content\/uploads\/2019\/06\/Schermata-2019-06-08-alle-09.58.36-300x152.png 300w, https:\/\/www.radiopiu.net\/wordpress\/wp-content\/uploads\/2019\/06\/Schermata-2019-06-08-alle-09.58.36-768x388.png 768w, https:\/\/www.radiopiu.net\/wordpress\/wp-content\/uploads\/2019\/06\/Schermata-2019-06-08-alle-09.58.36-1024x517.png 1024w\" sizes=\"auto, (max-width: 300px) 100vw, 300px\" \/><\/a>n occasione del:<\/span><\/div>\n<div class=\"\">\n<ul class=\"m_1500262103021052267MailOutline\">\n<li class=\"\"><span class=\"\">DOLOMITES BIKE DAY \u00a0domani <a class=\"\" href=\"http:\/\/www.dolomitesbikeday.it\/\" target=\"_blank\" rel=\"noopener noreferrer\">www.dolomitesbikeday.it<\/a><\/span><\/li>\n<\/ul>\n<\/div>\n<div class=\"\"><\/div>\n<div class=\"\"><\/div>\n<div class=\"\"><span class=\"\" lang=\"IT\"> <b class=\"\">chiusura dalle ore 09:00 alle ore 15:00\u00a0<\/b>anello\u00a0<\/span><span class=\"\">da\u00a0<\/span><b class=\"\">Passo<\/b><span class=\"\">\u00a0<\/span><b class=\"\">Campolongo<\/b><span class=\"\">\u00a0\u2013\u00a0<\/span><b class=\"\">A<wbr class=\"\" \/>rabba<\/b><span class=\"\">\u00a0\u2013\u00a0<\/span><b class=\"\">Pieve di Livinallongo (SS48)\u00a0<\/b><span class=\"\">\u2013\u00a0<\/span><b class=\"\">Passo Falzarego\u00a0\u2013 (SP 37) Passo Valparola\u00a0<\/b><span class=\"\">\u2013\u00a0San Cassiano\u00a0\u2013\u00a0La Villa\u00a0(SS244) \u2013\u00a0Corvara bivio direzione Passo Campolongo.\u00a0<\/span><\/div>\n<div class=\"\"><span class=\"\">Ai ciclisti \u00e8 consigliato il senso\u00a0<\/span><span class=\"\">antiorario, quindi da Passo Campolongo, Arabba, Pieve di Livinallongo in salita verso il Passo Falzarego\u00a0<\/span><\/div>\n<div class=\"\"><strong>INTERVISTA A MANUEL RONCAT, PRESIDENTE ARABBA FODOM TURISMO<\/strong><\/div>\n<div>\n<audio class=\"wp-audio-shortcode\" id=\"audio-88372-8\" preload=\"none\" style=\"width: 100%;\" controls=\"controls\"><source type=\"audio\/mpeg\" src=\"http:\/\/www.radiopiu.net\/wordpress\/wp-content\/uploads\/2019\/06\/manuel-roncat-dolomites-bike-day.mp3?_=8\" \/><a href=\"http:\/\/www.radiopiu.net\/wordpress\/wp-content\/uploads\/2019\/06\/manuel-roncat-dolomites-bike-day.mp3\">http:\/\/www.radiopiu.net\/wordpress\/wp-content\/uploads\/2019\/06\/manuel-roncat-dolomites-bike-day.mp3<\/a><\/audio>\n<\/div>\n<h1><\/h1>\n<p>&nbsp;<\/p>\n<p>&nbsp;<\/p>\n<h1>GLI SPECIALI ALLA RADIO<\/h1>\n<h2>CASTELLO DI ANDRAZ<\/h2>\n<p><a class=\"dt-pswp-item\" href=\"http:\/\/www.radiopiu.net\/wordpress\/wp-content\/uploads\/2015\/08\/castello-Andraz-2.jpg\" data-dt-img-description=\"\" data-large_image_width=\"477\" data-large_image_height=\"480\"><img loading=\"lazy\" decoding=\"async\" class=\"wp-image-9455 alignleft\" src=\"http:\/\/www.radiopiu.net\/wordpress\/wp-content\/uploads\/2015\/08\/castello-Andraz-2-298x300.jpg\" alt=\"\" width=\"123\" height=\"124\" \/><\/a><\/p>\n<p>&nbsp;<\/p>\n<p>Eleonora De Mattia e Denni Dorigo ospiti in studio per presentare le attivita&#8217; estive dell&#8217;Istitut Cultural Ladin Cesa De Jan. In primo piano l&#8217;apertura al pubblico del Castello di Andraz, tradizionalmente fissata per il 15 giugno, con data mantenuta anche in quest&#8217;occasione.<\/p>\n<audio class=\"wp-audio-shortcode\" id=\"audio-88372-9\" preload=\"none\" style=\"width: 100%;\" controls=\"controls\"><source type=\"audio\/mpeg\" src=\"http:\/\/www.radiopiu.net\/wordpress\/wp-content\/uploads\/2019\/06\/castello-andraz-settimana-prossima-2.mp3?_=9\" \/><a href=\"http:\/\/www.radiopiu.net\/wordpress\/wp-content\/uploads\/2019\/06\/castello-andraz-settimana-prossima-2.mp3\">http:\/\/www.radiopiu.net\/wordpress\/wp-content\/uploads\/2019\/06\/castello-andraz-settimana-prossima-2.mp3<\/a><\/audio>\n<p>&nbsp;<\/p>\n<p>&nbsp;<\/p>\n<p>&nbsp;<\/p>\n<h1>GLI SPECIALI ALLA RADIO<\/h1>\n<h2>DI RENATO BONA<\/h2>\n<blockquote class=\"wp-embedded-content\" data-secret=\"iZq8genrnd\"><p><a href=\"http:\/\/www.radiopiu.net\/wordpress\/anniversari-di-dedicazione-per-le-chiese-di-tambre-foen-casada-caviola-ospitale-cortina-e-costalissoio\/\">ANNIVERSARI DI DEDICAZIONE. Per le chiese di Tambre, Foen, Casada, Caviola, Ospitale, Cortina e Costalissoio<\/a><\/p><\/blockquote>\n<p><iframe loading=\"lazy\" class=\"wp-embedded-content\" sandbox=\"allow-scripts\" security=\"restricted\" style=\"position: absolute; clip: rect(1px, 1px, 1px, 1px);\" src=\"http:\/\/www.radiopiu.net\/wordpress\/anniversari-di-dedicazione-per-le-chiese-di-tambre-foen-casada-caviola-ospitale-cortina-e-costalissoio\/embed\/#?secret=iZq8genrnd\" data-secret=\"iZq8genrnd\" width=\"600\" height=\"338\" title=\"&#8220;ANNIVERSARI DI DEDICAZIONE. Per le chiese di Tambre, Foen, Casada, Caviola, Ospitale, Cortina e Costalissoio&#8221; &#8212; Radio Pi\u00f9\" frameborder=\"0\" marginwidth=\"0\" marginheight=\"0\" scrolling=\"no\"><\/iframe><\/p>\n<p>&nbsp;<\/p>\n<p>&nbsp;<\/p>\n<p>&nbsp;<\/p>\n<div>\n<h3><a class=\"dt-pswp-item\" href=\"http:\/\/www.radiopiu.net\/wordpress\/wp-content\/uploads\/2018\/09\/appuntamenti.jpeg\" data-dt-img-description=\"\" data-large_image_width=\"800\" data-large_image_height=\"100\"><img loading=\"lazy\" decoding=\"async\" class=\"alignnone size-full wp-image-61958\" src=\"http:\/\/www.radiopiu.net\/wordpress\/wp-content\/uploads\/2018\/09\/appuntamenti.jpeg\" alt=\"\" width=\"800\" height=\"100\" srcset=\"https:\/\/www.radiopiu.net\/wordpress\/wp-content\/uploads\/2018\/09\/appuntamenti.jpeg 800w, https:\/\/www.radiopiu.net\/wordpress\/wp-content\/uploads\/2018\/09\/appuntamenti-300x38.jpeg 300w, https:\/\/www.radiopiu.net\/wordpress\/wp-content\/uploads\/2018\/09\/appuntamenti-768x96.jpeg 768w\" sizes=\"auto, (max-width: 800px) 100vw, 800px\" \/><\/a><\/h3>\n<p>&nbsp;<\/p>\n<p><span style=\"color: #ff0000;\">#378, LO SPETTACOLO DEL CIRCO PATUF<\/span><\/p>\n<h3><a class=\"dt-pswp-item\" href=\"http:\/\/www.radiopiu.net\/wordpress\/wp-content\/uploads\/2019\/06\/0662e48d-2909-415c-8f2f-8bf4c4230e4c.jpg\" data-dt-img-description=\"\" data-large_image_width=\"1134\" data-large_image_height=\"1600\"><img loading=\"lazy\" decoding=\"async\" class=\"wp-image-87968 alignleft\" src=\"http:\/\/www.radiopiu.net\/wordpress\/wp-content\/uploads\/2019\/06\/0662e48d-2909-415c-8f2f-8bf4c4230e4c-213x300.jpg\" alt=\"\" width=\"94\" height=\"132\" srcset=\"https:\/\/www.radiopiu.net\/wordpress\/wp-content\/uploads\/2019\/06\/0662e48d-2909-415c-8f2f-8bf4c4230e4c-213x300.jpg 213w, https:\/\/www.radiopiu.net\/wordpress\/wp-content\/uploads\/2019\/06\/0662e48d-2909-415c-8f2f-8bf4c4230e4c-768x1084.jpg 768w, https:\/\/www.radiopiu.net\/wordpress\/wp-content\/uploads\/2019\/06\/0662e48d-2909-415c-8f2f-8bf4c4230e4c-726x1024.jpg 726w, https:\/\/www.radiopiu.net\/wordpress\/wp-content\/uploads\/2019\/06\/0662e48d-2909-415c-8f2f-8bf4c4230e4c.jpg 1134w\" sizes=\"auto, (max-width: 94px) 100vw, 94px\" \/><\/a>FINO A DOMANI\u00a0 A FELTRE IL CIRCO PATUF, IL CIRCO SENZA ANIMALI.<\/h3>\n<h3>Sabato alle 18 e 21<\/h3>\n<h3>domenica alle 18 e 21. Info 392 7342915<\/h3>\n<p>&nbsp;<\/p>\n<\/div>\n<p>&nbsp;<\/p>\n<p>&nbsp;<\/p>\n<div>\n<h3>IN CORSO A COLLE SANTA LUCIA<\/h3>\n<p><strong>COLLE SANTA LUCIA<\/strong> La mostra \u201cEmigrazione dalla montagna dolomitica nel corso del novecento\u201d, progetto finanziato e organizzato dall\u2019Istituto Culturale Ladini di Colle S. Lucia \u00e8 aperta fino al 15 settembre con i seguenti orari: giugno, luglio e settembre &#8211; gioved\u00ec, venerd\u00ec e sabato dalle ore 16.00 alle 19:00; agosto &#8211; tutti i giorni dalle 16.00 alle 19.00. Per informazioni o prenotazioni di gruppi anche al di fuori di quest&#8217;orario, si prega di contattare l&#8217;Istituto Culturale Ladino \u201cCesa de Jan\u201d a Colle S. Lucia: 0437\/720609; info@istitutoladino.org &#8211; www.istitutoladino.org<\/p>\n<p>&nbsp;<\/p>\n<p>&nbsp;<\/p>\n<h3>TABELLAZIONE DI FONDOVALLE ALLA FACCIA DI VAIA<\/h3>\n<p><strong>FALCADE<\/strong> Domani alle 15.30 in piazza del Municipio sar\u00e0 inaugurato il progetto di tabellazione sentieristica di fondovalle nel territorio del Comune di Falcade. Presentazione davanti alla bacheca con la cartina dei sentieri. Arrivo degli amici di &#8220;adotta un sentiero&#8221; progetto di raccolta fondi per la sistemazione dei sentieri da parte di 5 ragazzi che arriveranno a Falcade da Venezia in bicicletta.<\/p>\n<\/div>\n<p>&nbsp;<\/p>\n<p>&nbsp;<\/p>\n<h2>MAGNOLONGA, L&#8217;APPUNTAMENTO DECENNALE PER CAMMINATORI E MANGIATORI PER GUSTARE IL TERRITORIO CAMMINANDO.<\/h2>\n<p><strong>di DAMIANO TORMEN<\/strong><\/p>\n<div>\n<audio class=\"wp-audio-shortcode\" id=\"audio-88372-10\" preload=\"none\" style=\"width: 100%;\" controls=\"controls\"><source type=\"audio\/mpeg\" src=\"http:\/\/www.radiopiu.net\/wordpress\/wp-content\/uploads\/2019\/06\/DAMIANO-2.mp3?_=10\" \/><a href=\"http:\/\/www.radiopiu.net\/wordpress\/wp-content\/uploads\/2019\/06\/DAMIANO-2.mp3\">http:\/\/www.radiopiu.net\/wordpress\/wp-content\/uploads\/2019\/06\/DAMIANO-2.mp3<\/a><\/audio>\n<h3><\/h3>\n<h3><\/h3>\n<h3>LE CHIAVI DI SAN PIETRO APRONO GLI SCRIGNI BELLUNESI<\/h3>\n<p><strong>BELLUNO<\/strong> L&#8217;associazione Campedel presenta &#8220;Con le chiavi di San Pietro&#8221;, porte aperte a chiese e palazzi di Belluno, il 29 giugno: Battistero, Chiesa San Pietro, Palazzo Pagani Cesa, Palazzo Doglioni Dal Mas, Monte di Piet\u00e0, Archivio di Stato, Chiesa della Salute, Cammino della Sentinella. Alle 18 nel seminario Gregoriano il restauro della via Crucis della chiesa di San Pietro alle 20.30 concerto del Conservatorio A. Steffani di Castelfranco. Il ricavato andr\u00e0 alla Vai Crucis di A. Federici nella chiesa di San Pietro.<\/p>\n<p>&nbsp;<\/p>\n<p>&nbsp;<\/p>\n<p><a class=\"dt-pswp-item\" href=\"http:\/\/www.radiopiu.net\/wordpress\/wp-content\/uploads\/2018\/09\/viabilita.jpeg\" data-dt-img-description=\"\" data-large_image_width=\"800\" data-large_image_height=\"100\"><img loading=\"lazy\" decoding=\"async\" class=\"alignnone size-full wp-image-61954\" src=\"http:\/\/www.radiopiu.net\/wordpress\/wp-content\/uploads\/2018\/09\/viabilita.jpeg\" alt=\"\" width=\"800\" height=\"100\" srcset=\"https:\/\/www.radiopiu.net\/wordpress\/wp-content\/uploads\/2018\/09\/viabilita.jpeg 800w, https:\/\/www.radiopiu.net\/wordpress\/wp-content\/uploads\/2018\/09\/viabilita-300x38.jpeg 300w, https:\/\/www.radiopiu.net\/wordpress\/wp-content\/uploads\/2018\/09\/viabilita-768x96.jpeg 768w\" sizes=\"auto, (max-width: 800px) 100vw, 800px\" \/><\/a><\/p>\n<p><strong>LA VALLE\u00a0 <\/strong>Fino\u00a031 luglio (festivi e prefestivi esclusi) senso unico a seconda delle esigenze con semaforo o movieri lungo la regionale 203 agordina in localit\u00e0 La Muda<\/p>\n<p><strong>REGIONALE 203 AGORDINA<\/strong> Fino al 28 giugno sabato e domenica escluso, senso unico alternato tra Alleghe e Caprile.<\/p>\n<p><strong>PROVINCIALE 563 DI SALESEI<\/strong> Fino al 28 giugno esclusi giorni festivi e prefestivi senso unico alternato tra Caprile e Saviner<\/p>\n<p><strong>PROVINCIALE 8 DI SAN TOMASO<\/strong> Fino\u00a0 al 28 giugno (esclusi festivi e prefestivi) senso unico alternato tra Pian Molin e Roi<\/p>\n<p><strong>PROVINCIALE 563 DI SALESEI <\/strong>Fino al 19 luglio\u00a0 In localit\u00e0 Sopracordevole in Comune di Rocca Pietore senso unico alternato con semaforo o movieri e divieto di transito ai mezzi con massa superiore a 7,5 tonellate.<\/p>\n<p>&nbsp;<\/p>\n<p>&nbsp;<\/p>\n<p>&nbsp;<\/p>\n<p>&nbsp;<\/p>\n<h2><img loading=\"lazy\" decoding=\"async\" class=\"wp-image-60761 aligncenter\" src=\"http:\/\/www.radiopiu.net\/wordpress\/wp-content\/uploads\/2018\/09\/sport.jpg\" alt=\"\" width=\"992\" height=\"124\" srcset=\"https:\/\/www.radiopiu.net\/wordpress\/wp-content\/uploads\/2018\/09\/sport.jpg 800w, https:\/\/www.radiopiu.net\/wordpress\/wp-content\/uploads\/2018\/09\/sport-300x38.jpg 300w, https:\/\/www.radiopiu.net\/wordpress\/wp-content\/uploads\/2018\/09\/sport-768x96.jpg 768w\" sizes=\"auto, (max-width: 992px) 100vw, 992px\" \/><\/h2>\n<\/div>\n<h2>LA QUARTA GIORNATA DEL CAMPIONATO AGORDINO DI CALCIO<\/h2>\n<p>MARCO GAZ<\/p>\n<p><span style=\"font-family: Times New Roman, serif;\"><a class=\"dt-pswp-item\" href=\"http:\/\/www.radiopiu.net\/wordpress\/wp-content\/uploads\/2019\/06\/LE-VILLE.jpeg\" data-dt-img-description=\"\" data-large_image_width=\"1600\" data-large_image_height=\"1200\"><img loading=\"lazy\" decoding=\"async\" class=\" wp-image-88453 alignleft\" src=\"http:\/\/www.radiopiu.net\/wordpress\/wp-content\/uploads\/2019\/06\/LE-VILLE-300x225.jpeg\" alt=\"\" width=\"300\" height=\"225\" srcset=\"https:\/\/www.radiopiu.net\/wordpress\/wp-content\/uploads\/2019\/06\/LE-VILLE-300x225.jpeg 300w, https:\/\/www.radiopiu.net\/wordpress\/wp-content\/uploads\/2019\/06\/LE-VILLE-768x576.jpeg 768w, https:\/\/www.radiopiu.net\/wordpress\/wp-content\/uploads\/2019\/06\/LE-VILLE-1024x768.jpeg 1024w, https:\/\/www.radiopiu.net\/wordpress\/wp-content\/uploads\/2019\/06\/LE-VILLE.jpeg 1600w\" sizes=\"auto, (max-width: 300px) 100vw, 300px\" \/><\/a>Si giocher\u00e0 in questo fine settimana la quarta giornata del Campionato Agordino di calcio, Memorial Denis Tonin. Dopo le prime 3 giornate il Fodom \u00e8 l&#8217;unica squadra a pieni punti con 3 vittorie su 3 partite nel girone B. Girone A che vede in testa a pari punti Voltago e Rivamonte.<\/span><\/p>\n<blockquote>\n<h3><\/h3>\n<h3><\/h3>\n<h3><span style=\"font-family: Times New Roman, serif;\">GIRONE A<\/span><\/h3>\n<\/blockquote>\n<p><span style=\"font-family: Times New Roman, serif;\">Ad inaugurare il quarto turno ci pensano Voltago e Rivamonte che si scontreranno oggi pomeriggio al \u201cRenzo Da Campo\u201d in un derby che vale la prima posizione del girone A. Le due compagini del Poi sono in testa alla classifica a pari punti ma sulla carta i campioni in carica sembrano favoriti. Stasera in campo l&#8217;Alleghe di Da Tos che prover\u00e0 a mettere il bastone tra le ruote ad un Gosaldo che sembra essere in piena forma ultimamente. Domani le altre 2 partite. A Taibon, il Le Ville (nella foto) giocher\u00e0 contro il Caprile. La squadra di Agordo \u00e8 bisognosa di punti per non perdere l&#8217;occasione di accedere direttamente ai quarti. A Vallada invece arriva il Cencenighe che dopo le prime partite non ha ancora racimolato punti e rischia di non qualificarsi per la fase finale del torneo.<\/span><\/p>\n<blockquote>\n<h3><span style=\"font-family: Times New Roman, serif;\">GIRONE B<\/span><\/h3>\n<\/blockquote>\n<p><span style=\"font-family: Times New Roman, serif;\">3 le partite in programma per il secondo raggruppamento. A La Valle la pi\u00f9 interessante. Al \u201cConaggia\u201d arriva il Frassen\u00e8, la squadra rivelazione del campionato. Per i lavallesi non sar\u00e0 una passeggiata contro l&#8217;undici di Chenet che fin&#8217;ora \u00e8 sempre andato a punti. A Canale i padroni di casa si giocheranno il tutto per tutto contro l&#8217;Agordo 2009. Canalini ancora in fondo alla classifica e la squadra del capoluogo vuole allungare per assicurarsi i miniottavi di finale. A Cernadoi il Fodom ospita l&#8217;Atletico Caviola. Orsetti nettamente favoriti sulla carta. Riposa il Taibon.<\/span><\/p>\n<blockquote>\n<h3><span style=\"font-family: Times New Roman, serif;\">LE PARTITE DI QUESTO FINE SETTIMANA<\/span><\/h3>\n<\/blockquote>\n<p><span style=\"color: #000000;\"><span style=\"font-family: TimesNewRomanPSMT, serif;\"><span style=\"font-size: medium;\">GIRONE A: oggi alle 15:30 Voltago &#8211; Rivamonte, alle 20:30 Alleghe &#8211; Gosaldo. Domani alle 16 Le Ville &#8211; Caprile e Vallada &#8211; Cencenighe<\/span><\/span><\/span><\/p>\n<p><span style=\"color: #000000;\"><span style=\"font-family: TimesNewRomanPSMT, serif;\"><span style=\"font-size: medium;\">GIRONE B: domani alle 16 La Valle &#8211; Frassen\u00e8 e Canale &#8211; Agordo 2009, alle 17 Fodom &#8211; Atletico Caviola. Riposa il Taibon<\/span><\/span><\/span><\/p>\n<blockquote>\n<h3><span style=\"color: #000000;\"><span style=\"font-family: Times New Roman, serif;\"><span style=\"font-size: medium;\">LA CLASSIFICA <\/span><\/span><\/span>GIRONE A Voltago e Rivamonte 7 Gosaldo e\u00a0 Caprile 6 Vallada 4 Le Ville 3 Alleghe e Cencenighe 0 GIRONE B Fodom 9 Frassen\u00e8 7* La Valle 6 Taibon 4 Agordo 2009 e Atletico Caviola 1 Canale* 0 * una partita in pi\u00f9<\/h3>\n<\/blockquote>\n<blockquote>\n<h3 style=\"text-align: center;\"><span style=\"color: #000000;\"><span style=\"font-family: Times New Roman, serif;\"><span style=\"font-size: medium;\">DOMANI POMERIGGIO SU RADIO PIU&#8217; LE DIRETTE DALLE ORE 16, ALLE 20:15 LA SINTESI DELLE PARTITE. LUNEDI&#8217; SERA, ALLE 20:30, L&#8217;APPUNTAMENTO CON \u201cCAMPIONATO AGORDINO SHOW\u201d<\/span><\/span><\/span><\/h3>\n<\/blockquote>\n<p>&nbsp;<\/p>\n<p>&nbsp;<\/p>\n<p>&nbsp;<\/p>\n<h1>AL VIA OGGI IL CAMPIONATO AGORDINO GIOVANILE<\/h1>\n<p>Inizia oggi pomeriggio la 26\u00b0edizione del Campionato Agordino giovanile. 7 le squadre iscritte al torneo under 14 di vallata che nelle prossime 8 settimane animer\u00e0 i sabati pomeriggio nei vari campi di gioco. Alleghe, Cencenighe, Canale, La valle, Le Ville, Fodom e i campioni in carica del Taibon sono le 7 compagini che si sfideranno alla ricerca della finale in programma domenica 4 agosto all&#8217;Ivano Dorigo di Agordo. Oggi le prime 3 partite. Alla \u201cBombonera\u201d di Cencenighe i padroni di casa ospitano il Le Ville. A Bosco Verde di Rocca Pietore la sfida tra Alleghe e La Valle mentre al \u201cMaraCanal\u201d il Canale ospita il Fodom. Taibon che riposa nella prima giornata <strong>LE PARTITE <\/strong>alle 16 Cencenighe \u2013 Le Ville, Alleghe \u2013 La Valle e Canale \u2013 Fodom. Riposa il Taibon<\/p>\n<p>&nbsp;<\/p>\n<p>&nbsp;<\/p>\n<p>&nbsp;<\/p>\n<p>&nbsp;<\/p>\n<h2>&#8220;AQUATHLON&#8221; PRIMA EDIZIONE DI SUCCESSO<\/h2>\n<blockquote><p><em>E nel 2020 la Vascalonga taglia il traguardo delle 10 edizioni<\/em><\/p><\/blockquote>\n<p><strong><a class=\"dt-pswp-item\" href=\"http:\/\/www.radiopiu.net\/wordpress\/wp-content\/uploads\/2019\/06\/Aquathlon_2.jpg\" data-dt-img-description=\"\" data-large_image_width=\"777\" data-large_image_height=\"1600\"><img loading=\"lazy\" decoding=\"async\" class=\" wp-image-88401 alignleft\" src=\"http:\/\/www.radiopiu.net\/wordpress\/wp-content\/uploads\/2019\/06\/Aquathlon_2-146x300.jpg\" alt=\"\" width=\"108\" height=\"222\" srcset=\"https:\/\/www.radiopiu.net\/wordpress\/wp-content\/uploads\/2019\/06\/Aquathlon_2-146x300.jpg 146w, https:\/\/www.radiopiu.net\/wordpress\/wp-content\/uploads\/2019\/06\/Aquathlon_2-768x1581.jpg 768w, https:\/\/www.radiopiu.net\/wordpress\/wp-content\/uploads\/2019\/06\/Aquathlon_2-497x1024.jpg 497w, https:\/\/www.radiopiu.net\/wordpress\/wp-content\/uploads\/2019\/06\/Aquathlon_2.jpg 777w\" sizes=\"auto, (max-width: 108px) 100vw, 108px\" \/><\/a>AGORDO <\/strong>Spettacolo e divertimento: nell\u2019ambito di \u201cSportivamente in festa\u201d, hanno riscosso un grande successo la manifestazione promozionale ludico-motoria di Aquathlon (corsa e nuoto) e i \u201cGiochi in famiglia\u201d, in cui sono stati coinvolti i bambini della Scuola di nuoto federale legati alla piscina di Belluno. All\u2019Aquathlon hanno partecipato i ragazzi, sia individualmente, sia con i loro genitori, su diverse distanze di nuoto e di corsa, in base alle loro capacit\u00e0. La parte di nuoto si \u00e8 tenuta nella vasca della piscina, mentre per la corsa \u00e8 stato realizzato uno specifico ed emozionante tracciato. Alla fine, ognuno ha potuto giocare liberamente nell\u2019area antistante all\u2019impianto, approfittando della bella giornata. Al termine delle prove si \u00e8 svolta poi una lotteria con premi a estrazione e, a seguire, tutti hanno pranzato nello stand allestito per l\u2019evento \u201cSportivamente in festa\u201d: \u00abLa manifestazione \u00e8 stata apprezzata dai genitori, ragazzi e bambini &#8211; affermano gli organizzatori -. I quali hanno vissuto un momento di gioco e competizione in famiglia, nel contesto conosciuto e sicuro della piscina. E gi\u00e0 si pensa al 2020, nel quale si festegger\u00e0 il decimo compleanno della staffetta natatoria Vascalonga\u00bb.<\/p>\n<p>&nbsp;<\/p>\n<p>&nbsp;<\/p>\n<p>&nbsp;<\/p>\n<p>&nbsp;<\/p>\n<h3>LA CANSIGLIO RUN PRONTA PER LA CARICA DEI TREMILA<\/h3>\n<p><strong><a class=\"dt-pswp-item\" href=\"http:\/\/www.radiopiu.net\/wordpress\/wp-content\/uploads\/2019\/06\/Cansiglio-Run-2018_b_016-1.jpg\" data-dt-img-description=\"\" data-large_image_width=\"1280\" data-large_image_height=\"822\"><img loading=\"lazy\" decoding=\"async\" class=\"size-medium wp-image-88383 alignleft\" src=\"http:\/\/www.radiopiu.net\/wordpress\/wp-content\/uploads\/2019\/06\/Cansiglio-Run-2018_b_016-1-300x193.jpg\" alt=\"\" width=\"300\" height=\"193\" srcset=\"https:\/\/www.radiopiu.net\/wordpress\/wp-content\/uploads\/2019\/06\/Cansiglio-Run-2018_b_016-1-300x193.jpg 300w, https:\/\/www.radiopiu.net\/wordpress\/wp-content\/uploads\/2019\/06\/Cansiglio-Run-2018_b_016-1-768x493.jpg 768w, https:\/\/www.radiopiu.net\/wordpress\/wp-content\/uploads\/2019\/06\/Cansiglio-Run-2018_b_016-1-1024x658.jpg 1024w, https:\/\/www.radiopiu.net\/wordpress\/wp-content\/uploads\/2019\/06\/Cansiglio-Run-2018_b_016-1.jpg 1280w\" sizes=\"auto, (max-width: 300px) 100vw, 300px\" \/><\/a>CANSIGLIO<\/strong> Domenica\u00a0 l\u2019evento nel cuore dell\u2019altopiano: un poker di distanze (33, 22, 10 e 5,5 chilometri) per correre nel cuore di una delle foreste pi\u00f9 suggestive d\u2019Europa.\u00a0 Il Running Team Conegliano promette di coinvolgere circa tremila runners. La Cansiglio Run conferma, nella sostanza, la formula che tanto successo ha incontrato nelle prime tre stagioni, proponendo quattro prove in grado di soddisfare le aspettative di ogni tipologia di runner: da chi corre con l\u2019occhio al cronometro, pur senza essere interessato ad affrontare dislivelli troppo impegnativi e passaggi eccessivamente ardui da punto di vista tecnico, a chi verr\u00e0 in Cansiglio per godersi il fresco dell\u2019altopiano e gli scorci offerti da un ambiente naturale che promette di regalare emozioni ad ogni passo. Gli orari di partenza: alle 9.15 la prova sui 33 chilometri, Seguiranno la 22 chilometri (9.30), la 10 chilometri (9.45) e la 5,5 chilometri (10). Per saperne di pi\u00f9: www.cansiglio.run.<\/p>\n\n\t\t\t<style type='text\/css'>\n\t\t\t\t#gallery-1 {\n\t\t\t\t\tmargin: auto;\n\t\t\t\t}\n\t\t\t\t#gallery-1 .gallery-item {\n\t\t\t\t\tfloat: left;\n\t\t\t\t\tmargin-top: 10px;\n\t\t\t\t\ttext-align: center;\n\t\t\t\t\twidth: 33%;\n\t\t\t\t}\n\t\t\t\t#gallery-1 img {\n\t\t\t\t\tborder: 2px solid #cfcfcf;\n\t\t\t\t}\n\t\t\t\t#gallery-1 .gallery-caption {\n\t\t\t\t\tmargin-left: 0;\n\t\t\t\t}\n\t\t\t\t\/* see gallery_shortcode() in wp-includes\/media.php *\/\n\t\t\t<\/style>\n\t\t<div id='gallery-1' class='dt-gallery-container gallery galleryid-88372 gallery-columns-3 gallery-size-thumbnail'><dl class='gallery-item'>\n\t\t\t\t<dt class='gallery-icon landscape'>\n\t\t\t\t\t<a class=\"rollover\" href='https:\/\/www.radiopiu.net\/wordpress\/giornale-radiopiu-15-giugno-2019-direttore-mirko-mezzacasa\/cansiglio-run-2018_b_015-1\/'><img loading=\"lazy\" decoding=\"async\" width=\"150\" height=\"150\" src=\"https:\/\/www.radiopiu.net\/wordpress\/wp-content\/uploads\/2019\/06\/Cansiglio-Run-2018_b_015-1-150x150.jpg\" class=\"attachment-thumbnail size-thumbnail\" alt=\"\" \/><\/a>\n\t\t\t\t<\/dt><\/dl><dl class='gallery-item'>\n\t\t\t\t<dt class='gallery-icon landscape'>\n\t\t\t\t\t<a class=\"rollover\" href='https:\/\/www.radiopiu.net\/wordpress\/giornale-radiopiu-15-giugno-2019-direttore-mirko-mezzacasa\/cansiglio-run-2018_b_029-2\/'><img loading=\"lazy\" decoding=\"async\" width=\"150\" height=\"150\" src=\"https:\/\/www.radiopiu.net\/wordpress\/wp-content\/uploads\/2019\/06\/Cansiglio-Run-2018_b_029-150x150.jpg\" class=\"attachment-thumbnail size-thumbnail\" alt=\"\" \/><\/a>\n\t\t\t\t<\/dt><\/dl><dl class='gallery-item'>\n\t\t\t\t<dt class='gallery-icon landscape'>\n\t\t\t\t\t<a class=\"rollover\" href='https:\/\/www.radiopiu.net\/wordpress\/giornale-radiopiu-15-giugno-2019-direttore-mirko-mezzacasa\/cansiglio-run-2018_b_023-2\/'><img loading=\"lazy\" decoding=\"async\" width=\"150\" height=\"150\" src=\"https:\/\/www.radiopiu.net\/wordpress\/wp-content\/uploads\/2019\/06\/Cansiglio-Run-2018_b_023-150x150.jpg\" class=\"attachment-thumbnail size-thumbnail\" alt=\"\" \/><\/a>\n\t\t\t\t<\/dt><\/dl><br style=\"clear: both\" \/>\n\t\t\t<\/div>\n\n<p>&nbsp;<\/p>\n<p>&nbsp;<\/p>\n<p>&nbsp;<\/p>\n<h2>TORNA IL MEMORIAL \u2018ROMEO DILLI\u2019<\/h2>\n<p><strong>FELTRE<\/strong> Si alzer\u00e0 marted\u00ec il sipario sulla 10^ edizione del memorial \u2018Romeo Dilli\u2019. L\u2019evento, proposto dall\u2019Ana Atletica Feltre in collaborazione con l\u2019Associazione \u2018Giro delle Mura\u2019, valido anche quale terza tappa di Coppa Veneto, \u00e8 in calendario per sabato, 22 giugno. La presentazione si svolger\u00e0 nella Sala degli Stemmi, a Feltre, con inizio alle 18.30. Oltre a illustrare i contenuti di un appuntamento nato per ricordare la figura di un uomo di sport che, della promozione della pratica sportiva, aveva fatto la stella polare della sua attivit\u00e0, saranno anche svelati i nomi di alcuni dei partecipanti alla prova dei 1500 che, questa volta, si annuncia di elevatissimo spessore tecnico. Tra l\u2019altro, l\u2019edizione 2019 del \u2018Dilli\u2019 sar\u00e0 l\u2019ultima che avr\u00e0 per ribalta la vecchia pista dello \u2018Zugni Tauro\u2019, destinata ad essere completamente rifatta. La presentazione, infine, permetter\u00e0 anche di ringraziare ufficialmente tutti coloro che, con il loro contributo, hanno permesso e permettono la realizzazione di questo importante evento.<\/p>\n<p>&nbsp;<\/p>\n<p>&nbsp;<\/p>\n<p>&nbsp;<\/p>\n<h2>DOMANI A RIVAMONTE LA NON COMPETITIVA \u201cRIVA RON\u201d<\/h2>\n<p>di Marco Gaz<\/p>\n<p><a class=\"dt-pswp-item\" href=\"http:\/\/www.radiopiu.net\/wordpress\/wp-content\/uploads\/2019\/06\/MANIFESTO-RIVA-RON.jpeg\" data-dt-img-description=\"\" data-large_image_width=\"745\" data-large_image_height=\"1024\"><img loading=\"lazy\" decoding=\"async\" class=\"size-medium wp-image-88305 alignleft\" src=\"http:\/\/www.radiopiu.net\/wordpress\/wp-content\/uploads\/2019\/06\/MANIFESTO-RIVA-RON-218x300.jpeg\" alt=\"\" width=\"218\" height=\"300\" srcset=\"https:\/\/www.radiopiu.net\/wordpress\/wp-content\/uploads\/2019\/06\/MANIFESTO-RIVA-RON-218x300.jpeg 218w, https:\/\/www.radiopiu.net\/wordpress\/wp-content\/uploads\/2019\/06\/MANIFESTO-RIVA-RON.jpeg 745w\" sizes=\"auto, (max-width: 218px) 100vw, 218px\" \/><\/a>Per quinta volta consecutiva, in concomitanza con la Sagra di Sant&#8217;Antonio, si corre a Rivamonte con la \u201cRiva Ron\u201d. Tutto \u00e8 pronto per accogliere gli atleti che domenica mattina si cimenteranno sulle strade rivamontesi. 3 le lunghezze previste. La 8 km, la marcia di 2,5 km per gli under 16 e quella da 1 km per i bambini al di sotto dei 10 anni.<\/p>\n<p>Quota d&#8217;iscrizione di 10 \u20ac che comprende gadget (per i primi 200 iscritti) e buono pasto sotto al tendone. Iscrizioni la mattina della gara fino alle 9:45.<\/p>\n<p>&nbsp;<\/p>\n<p>INFORMAZIONI E ISCRIZIONI AL 340 3739092<\/p>\n<p>AI MICROFONI DI RADIO PIU&#8217; GIULIA SCHENA, ORGANIZZATRICE DELL&#8217;EVENTO<\/p>\n<audio class=\"wp-audio-shortcode\" id=\"audio-88372-11\" preload=\"none\" style=\"width: 100%;\" controls=\"controls\"><source type=\"audio\/mpeg\" src=\"http:\/\/www.radiopiu.net\/wordpress\/wp-content\/uploads\/2019\/06\/rivaron-gr.mp3?_=11\" \/><a href=\"http:\/\/www.radiopiu.net\/wordpress\/wp-content\/uploads\/2019\/06\/rivaron-gr.mp3\">http:\/\/www.radiopiu.net\/wordpress\/wp-content\/uploads\/2019\/06\/rivaron-gr.mp3<\/a><\/audio>\n<p>&nbsp;<\/p>\n<p>&nbsp;<\/p>\n<p>&nbsp;<\/p>\n<p>&nbsp;<\/p>\n<p><a class=\"dt-pswp-item\" href=\"http:\/\/www.radiopiu.net\/wordpress\/wp-content\/uploads\/2018\/09\/WhatsApp-Image-2018-09-20-at-16.04.06.jpeg\" data-dt-img-description=\"\" data-large_image_width=\"800\" data-large_image_height=\"100\"><img loading=\"lazy\" decoding=\"async\" class=\"wp-image-61378 size-full alignnone\" src=\"http:\/\/www.radiopiu.net\/wordpress\/wp-content\/uploads\/2018\/09\/WhatsApp-Image-2018-09-20-at-16.04.06.jpeg\" alt=\"\" width=\"800\" height=\"100\" srcset=\"https:\/\/www.radiopiu.net\/wordpress\/wp-content\/uploads\/2018\/09\/WhatsApp-Image-2018-09-20-at-16.04.06.jpeg 800w, https:\/\/www.radiopiu.net\/wordpress\/wp-content\/uploads\/2018\/09\/WhatsApp-Image-2018-09-20-at-16.04.06-300x38.jpeg 300w, https:\/\/www.radiopiu.net\/wordpress\/wp-content\/uploads\/2018\/09\/WhatsApp-Image-2018-09-20-at-16.04.06-768x96.jpeg 768w\" sizes=\"auto, (max-width: 800px) 100vw, 800px\" \/><\/a><\/p>\n<p>&nbsp;<\/p>\n<p><center><b>Sabato 15<\/b><\/center><b>Tempo atteso: <\/b>Probabile lieve instabilit\u00e0 notturna fino al primo mattino. Poi il tempo migliorer\u00e0 con ampi tratti soleggiati, prima di una ripresa della cumulificazione per annuvolamenti irregolari cumuliformi, senza o pochi fenomeni. Clima sempre estivo, nonostante la riduzione del soleggiamento rispetto a venerd\u00ec.<br \/>\n<b>Precipitazioni: <\/b>Probabili rovesci notturni, localmente temporaleschi, perlopi\u00f9 sparsi e brevi (40-60%). Poi dal primo mattino al primo o met\u00e0 pomeriggio non sono previste precipitazioni. In seguito non saranno da escludere isolati e brevi rovesci pomeridiani, anche temporaleschi (20\/30%), specie sui settori a ridosso del Trentino e dell&#8217;Alto Adige.<br \/>\n<b>Temperature: <\/b>Minime in generale aumento; massime in leggera flessione per minore soleggiamento. Sono previste punte di 28\/29\u00b0C nei fondovalle prealpini e di 24\/25\u00b0C a 1000\/1200 m. su Prealpi a 1500 m min 14\u00b0C max 19\u00b0C, a 2000 m min 12\u00b0C max 16\u00b0C. Su Dolomiti a 2000 m min 11\u00b0C max 17\u00b0C, a 3000 m min 7\u00b0C max 9\u00b0C.<br \/>\n<b>Venti: <\/b>Nelle valli deboli\/moderati a regime di brezza; in alta montagna perlopi\u00f9 moderati da Sud-Ovest, a 5\/15 km\/h a 2000 m, a 25\/35 km\/h a 3000 m.<\/p>\n<hr \/>\n<p><center><b>Domenica 16<\/b><\/center><b>Tempo atteso: <\/b>In prevalenza soleggiato al mattino, nonostante lo sviluppo di primi cumuli entro le ore centrali. Al pomeriggio sole e cumulificazione diurna irregolare, spesso molto contenuta e solo in singoli casi di forte sviluppo. L&#8217;insidia fenomeni convettivi sar\u00e0 molto contenuta, ma non del tutto esclusa. Clima estivo a tutte le quote, anche caldo nei fondovalle prealpini.<br \/>\n<b>Precipitazioni: <\/b>Fino al primo pomeriggio bassa (0%), poi probabilit\u00e0 in lieve aumento (20\/30%) per sporadici rovesci o temporali. La fenomenologia interesser\u00e0 maggiormente i rilievi trentini e altoatesini, traboccando sui settori confinanti con il Veneto. Pertanto molti settori dolomitici e prealpini rimarranno all&#8217;asciutto.<br \/>\n<b>Temperature: <\/b>Minime in diminuzione e massime senza notevoli variazioni rispetto a sabato, eccetto lieve calo in alta quota. Sono previste punte di 28\/30\u00b0C nei fondovalle prealpini e di 24\/26\u00b0C a 1000\/1200 m. Su Prealpi a 1500 m min 12\u00b0C max 17\u00b0C, a 2000 m min 10\u00b0C max 13\u00b0C. Su Dolomiti a 2000 m min 9\u00b0C max 13\u00b0C, a 3000 m min 4\u00b0C max 6\u00b0C.<br \/>\n<b>Venti: <\/b>Nelle valli deboli\/moderati a regime di brezza; in alta montagna perlopi\u00f9 deboli dai quadranti meridionali, quasi calmi alla sera, a 5\/10 km\/h sia a 2000 m che a 3000 m.<\/p>\n<hr \/>\n<p><center><b>Lunedi 17<\/b><\/center>Tempo in prevalenza soleggiato al mattino, poi modesta cumulificazione pomeridiana, localmente moderata. Il tempo risulter\u00e0 pi\u00f9 stabile rispetto a domenica e l&#8217;insidia di qualche fenomeno convettivo (rovescio o temporale) sar\u00e0 assai bassa e limitata nello spazio e nel tempo, pi\u00f9 probabile nel tardo pomeriggio\/sera. Temperature in leggera flessione rispetto a domenica. Venti deboli\/moderati a regime di brezza nelle valli; deboli da Ovest Nord-Ovest in quota.<\/p>\n<hr \/>\n<p><center><b>Martedi 18<\/b><\/center>In prevalenza soleggiato al mattino, poi riduzione del soleggiamento per modesti e moderati addensamenti. L&#8217;insidia rovesci e temporali sar\u00e0 maggiore rispetto a luned\u00ec, anche se su alcuni settori il tempo rimarr\u00e0 asciutto. Temperature diurne senza variazioni di rilievo nelle valli e in leggero aumento in alta quota. Venti deboli\/moderati a regime di brezza nelle valli; deboli da Nord in quota. Previsore: R.L.Th.<\/p>\n<p>&nbsp;<\/p>\n","protected":false},"excerpt":{"rendered":"<p>Un boato ha scosso l&#8217;Alpago, ieri alle 14.50 il botto per far scendere la frana di Schiucaz. Centinaia di metri cubi di terra sono caduti contro le protezioni e sulla strada, abitazioni salvaguardate ma i proprietari non potranno rientrare, non prima di un mese e mezzo almeno. Raffica di furti tra Belluno e Feltre, a&hellip;<\/p>\n","protected":false},"author":1,"featured_media":88470,"comment_status":"closed","ping_status":"closed","sticky":false,"template":"","format":"standard","meta":{"_monsterinsights_skip_tracking":false,"_monsterinsights_sitenote_active":false,"_monsterinsights_sitenote_note":"","_monsterinsights_sitenote_category":0,"footnotes":""},"categories":[1,86],"tags":[],"class_list":["post-88372","post","type-post","status-publish","format-standard","has-post-thumbnail","hentry","category-senza-categoria","category-gr","category-1","category-86","description-off"],"img_url":"https:\/\/www.radiopiu.net\/wordpress\/wp-content\/uploads\/2019\/06\/photo_2019.jpg","_links":{"self":[{"href":"https:\/\/www.radiopiu.net\/wordpress\/wp-json\/wp\/v2\/posts\/88372","targetHints":{"allow":["GET"]}}],"collection":[{"href":"https:\/\/www.radiopiu.net\/wordpress\/wp-json\/wp\/v2\/posts"}],"about":[{"href":"https:\/\/www.radiopiu.net\/wordpress\/wp-json\/wp\/v2\/types\/post"}],"author":[{"embeddable":true,"href":"https:\/\/www.radiopiu.net\/wordpress\/wp-json\/wp\/v2\/users\/1"}],"replies":[{"embeddable":true,"href":"https:\/\/www.radiopiu.net\/wordpress\/wp-json\/wp\/v2\/comments?post=88372"}],"version-history":[{"count":0,"href":"https:\/\/www.radiopiu.net\/wordpress\/wp-json\/wp\/v2\/posts\/88372\/revisions"}],"wp:featuredmedia":[{"embeddable":true,"href":"https:\/\/www.radiopiu.net\/wordpress\/wp-json\/wp\/v2\/media\/88470"}],"wp:attachment":[{"href":"https:\/\/www.radiopiu.net\/wordpress\/wp-json\/wp\/v2\/media?parent=88372"}],"wp:term":[{"taxonomy":"category","embeddable":true,"href":"https:\/\/www.radiopiu.net\/wordpress\/wp-json\/wp\/v2\/categories?post=88372"},{"taxonomy":"post_tag","embeddable":true,"href":"https:\/\/www.radiopiu.net\/wordpress\/wp-json\/wp\/v2\/tags?post=88372"}],"curies":[{"name":"wp","href":"https:\/\/api.w.org\/{rel}","templated":true}]}}