{"id":88414,"date":"2019-06-15T05:58:24","date_gmt":"2019-06-15T03:58:24","guid":{"rendered":"http:\/\/www.radiopiu.net\/wordpress\/?p=88414"},"modified":"2019-06-17T05:22:31","modified_gmt":"2019-06-17T03:22:31","slug":"giacomo-e-sabrina-esempio-di-attaccamento-al-territorio","status":"publish","type":"post","link":"https:\/\/www.radiopiu.net\/wordpress\/giacomo-e-sabrina-esempio-di-attaccamento-al-territorio\/","title":{"rendered":"GIACOMO E SABRINA, ESEMPIO DI ATTACCAMENTO AL TERRITORIO"},"content":{"rendered":"<p><strong><a class=\"dt-pswp-item\" href=\"http:\/\/www.radiopiu.net\/wordpress\/wp-content\/uploads\/2019\/06\/62239264_10212786823935964_1334943687490142208_n.jpg\" data-dt-img-description=\"\" data-large_image_width=\"680\" data-large_image_height=\"960\"><img loading=\"lazy\" decoding=\"async\" class=\" wp-image-88416 alignleft\" src=\"http:\/\/www.radiopiu.net\/wordpress\/wp-content\/uploads\/2019\/06\/62239264_10212786823935964_1334943687490142208_n-213x300.jpg\" alt=\"\" width=\"324\" height=\"456\" srcset=\"https:\/\/www.radiopiu.net\/wordpress\/wp-content\/uploads\/2019\/06\/62239264_10212786823935964_1334943687490142208_n-213x300.jpg 213w, https:\/\/www.radiopiu.net\/wordpress\/wp-content\/uploads\/2019\/06\/62239264_10212786823935964_1334943687490142208_n.jpg 680w\" sizes=\"auto, (max-width: 324px) 100vw, 324px\" \/><\/a>VALLADA<\/strong> \u00a0Ci vogliono venti propizi per un&#8217;avventura oltre le colonne d&#8217;Ercole della montagna che si spopola e delle certezze su cui la sua gente spesso si siede. Sar\u00e0 per questo che il bar-ristorante che Giacomo e Sabrina inaugurano questo pomeriggio alle 17 a Vallada porta il nome della localit\u00e0 che sta appena sopra: &#8216;l Ari\u00e9t. \u00abL&#8217;origine del toponimo &#8211; spiega il vicesindaco Claudio Antonio Luchetta &#8211; \u00e8 misteriosa e si \u00e8 persa nel tempo. Quello che \u00e8 certo \u00e8 che l\u00ec tira sempre un venticello\u00bb.<br \/>\nCome i portoghesi che si inoltravano nell&#8217;Atlantico nel &#8216;400, anche Giacomo Paolin e Sabrina Crepaz dovranno imparare a sfruttare i loro Alisei dati dall&#8217;investimento del Comune di Vallada a sua volta aiutato dagli dei bendati che avevano dirottato in paese una tempesta benevola di 760 mila euro (bando dei Seimila Campanili) per comprare e restaurare il vecchio fienile di Sachet.<br \/>\n\u00abHo sempre pensato di aprire qualcosa di mio &#8211; spiega Giacomo, fino a ieri cuoco all&#8217;asilo nido di Agordo, in passato in servizio in vari locali della Valle del Biois. Con Sabrina avevamo ipotizzato anche una gelateria alle Canarie dove spesso andiamo in vacanza. Poi \u00e8 arrivata questa occasione e&#8230;eccoci qui\u00bb.<br \/>\nSpingere le proprie barche oltre il porto sicuro \u00e8 diventata la rotta.<br \/>\n\u00abLa questione \u00e8 questa &#8211; dice Giacomo con i suoi 40 anni &#8211; io capisco la comodit\u00e0 del posto fisso, del fatto che alle due puoi essere a casa, ma non voglio ritrovarmi a 50 anni e dirmi &#8220;Ah, se avessi fatto cos\u00ec&#8221;, ripensare ai treni che sono passati e sui quali non sono salito. Spero che tutto vada bene, ma semmai, fra sei anni (tanto dura il contratto), avr\u00f2 ancora mezza vita davanti per andare a fare le stagioni altrove\u00bb.<br \/>\nL&#8217;obiettivo dei due viaggiatori non \u00e8 doppiare Capo di Buona Speranza o approdare nelle Indie e farsi ricchi con le spezie, ma raggiungere le Canarie da intendere metaforicamente come meta di orgoglio e soddisfazione personale. \u00abNon ci interessano i soldi, non puntiamo alle resse o a fare le corse &#8211; spiega Giacomo &#8211; vogliamo vivere tranquillamente proponendo nelle due sale da 35 posti in tutto menu tradizionali, ma anche pietanze un po&#8217; ricercate senza per\u00f2 alzare i prezzi e, visto che siamo entrambi sommelier, qualche buona etichetta: insomma quello che vorrei trovare io a pranzo o a cena in un locale\u00bb.<br \/>\nPer gestire &#8216;l Ari\u00e9t non c&#8217;\u00e8 stata la coda, tanto che i bandi pubblicati erano andati ripetutamente deserti. Dopo esserne stata per anni priva, ora la comunit\u00e0 di Vallada torna ad avere un centro di aggregazione sociale. Perch\u00e9 vada lontano, al di l\u00e0 dei venti, occorrer\u00e0 remare tutti insieme. G.San.<\/p>\n<p>&nbsp;<\/p>\n<p><strong>DI GIANNI SANTOMASO<\/strong><\/p>\n<audio class=\"wp-audio-shortcode\" id=\"audio-88414-1\" preload=\"none\" style=\"width: 100%;\" controls=\"controls\"><source type=\"audio\/mpeg\" src=\"http:\/\/www.radiopiu.net\/wordpress\/wp-content\/uploads\/2019\/06\/GIANNI-GIACOMO.mp3?_=1\" \/><a href=\"http:\/\/www.radiopiu.net\/wordpress\/wp-content\/uploads\/2019\/06\/GIANNI-GIACOMO.mp3\">http:\/\/www.radiopiu.net\/wordpress\/wp-content\/uploads\/2019\/06\/GIANNI-GIACOMO.mp3<\/a><\/audio>\n<p>&nbsp;<\/p>\n<p><strong><a class=\"dt-pswp-item\" href=\"http:\/\/www.radiopiu.net\/wordpress\/wp-content\/uploads\/2019\/06\/10940575_10202938875023396_5570480338145963792_n.jpg\" data-dt-img-description=\"\" data-large_image_width=\"540\" data-large_image_height=\"960\"><img loading=\"lazy\" decoding=\"async\" class=\"size-medium wp-image-88417 alignright\" src=\"http:\/\/www.radiopiu.net\/wordpress\/wp-content\/uploads\/2019\/06\/10940575_10202938875023396_5570480338145963792_n-169x300.jpg\" alt=\"\" width=\"169\" height=\"300\" srcset=\"https:\/\/www.radiopiu.net\/wordpress\/wp-content\/uploads\/2019\/06\/10940575_10202938875023396_5570480338145963792_n-169x300.jpg 169w, https:\/\/www.radiopiu.net\/wordpress\/wp-content\/uploads\/2019\/06\/10940575_10202938875023396_5570480338145963792_n.jpg 540w\" sizes=\"auto, (max-width: 169px) 100vw, 169px\" \/><\/a>L&#8217;INTERVISTA A GIACOMO PAOLIN E FABIO LUCHETTA PRESIDENTE UNIONE MONTANA, <\/strong><\/p>\n<p>&nbsp;<\/p>\n<p>&nbsp;<\/p>\n<p><strong>DI CLAUDIO FONTANIVE<\/strong><\/p>\n<p>&nbsp;<\/p>\n<p>&nbsp;<\/p>\n<p>&nbsp;<\/p>\n<p>&nbsp;<\/p>\n<p>&nbsp;<\/p>\n<p>&nbsp;<\/p>\n<audio class=\"wp-audio-shortcode\" id=\"audio-88414-2\" preload=\"none\" style=\"width: 100%;\" controls=\"controls\"><source type=\"audio\/mpeg\" src=\"http:\/\/www.radiopiu.net\/wordpress\/wp-content\/uploads\/2019\/06\/l-ariet-giacomo-palin-fabio-lucchetta.mp3?_=2\" \/><a href=\"http:\/\/www.radiopiu.net\/wordpress\/wp-content\/uploads\/2019\/06\/l-ariet-giacomo-palin-fabio-lucchetta.mp3\">http:\/\/www.radiopiu.net\/wordpress\/wp-content\/uploads\/2019\/06\/l-ariet-giacomo-palin-fabio-lucchetta.mp3<\/a><\/audio>\n","protected":false},"excerpt":{"rendered":"<p>VALLADA \u00a0Ci vogliono venti propizi per un&#8217;avventura oltre le colonne d&#8217;Ercole della montagna che si spopola e delle certezze su cui la sua gente spesso si siede. Sar\u00e0 per questo che il bar-ristorante che Giacomo e Sabrina inaugurano questo pomeriggio alle 17 a Vallada porta il nome della localit\u00e0 che sta appena sopra: &#8216;l Ari\u00e9t.&hellip;<\/p>\n","protected":false},"author":1,"featured_media":88416,"comment_status":"closed","ping_status":"closed","sticky":false,"template":"","format":"standard","meta":{"_monsterinsights_skip_tracking":false,"_monsterinsights_sitenote_active":false,"_monsterinsights_sitenote_note":"","_monsterinsights_sitenote_category":0,"footnotes":""},"categories":[51,49],"tags":[],"class_list":["post-88414","post","type-post","status-publish","format-standard","has-post-thumbnail","hentry","category-evidenza-top","category-news-18","category-51","category-49","description-off"],"img_url":"https:\/\/www.radiopiu.net\/wordpress\/wp-content\/uploads\/2019\/06\/62239264_10212786823935964_1334943687490142208_n.jpg","_links":{"self":[{"href":"https:\/\/www.radiopiu.net\/wordpress\/wp-json\/wp\/v2\/posts\/88414","targetHints":{"allow":["GET"]}}],"collection":[{"href":"https:\/\/www.radiopiu.net\/wordpress\/wp-json\/wp\/v2\/posts"}],"about":[{"href":"https:\/\/www.radiopiu.net\/wordpress\/wp-json\/wp\/v2\/types\/post"}],"author":[{"embeddable":true,"href":"https:\/\/www.radiopiu.net\/wordpress\/wp-json\/wp\/v2\/users\/1"}],"replies":[{"embeddable":true,"href":"https:\/\/www.radiopiu.net\/wordpress\/wp-json\/wp\/v2\/comments?post=88414"}],"version-history":[{"count":0,"href":"https:\/\/www.radiopiu.net\/wordpress\/wp-json\/wp\/v2\/posts\/88414\/revisions"}],"wp:featuredmedia":[{"embeddable":true,"href":"https:\/\/www.radiopiu.net\/wordpress\/wp-json\/wp\/v2\/media\/88416"}],"wp:attachment":[{"href":"https:\/\/www.radiopiu.net\/wordpress\/wp-json\/wp\/v2\/media?parent=88414"}],"wp:term":[{"taxonomy":"category","embeddable":true,"href":"https:\/\/www.radiopiu.net\/wordpress\/wp-json\/wp\/v2\/categories?post=88414"},{"taxonomy":"post_tag","embeddable":true,"href":"https:\/\/www.radiopiu.net\/wordpress\/wp-json\/wp\/v2\/tags?post=88414"}],"curies":[{"name":"wp","href":"https:\/\/api.w.org\/{rel}","templated":true}]}}