{"id":88475,"date":"2019-06-15T05:51:59","date_gmt":"2019-06-15T03:51:59","guid":{"rendered":"http:\/\/www.radiopiu.net\/wordpress\/?p=88475"},"modified":"2019-06-15T05:52:29","modified_gmt":"2019-06-15T03:52:29","slug":"anniversari-di-dedicazione-per-le-chiese-di-tambre-foen-casada-caviola-ospitale-cortina-e-costalissoio","status":"publish","type":"post","link":"https:\/\/www.radiopiu.net\/wordpress\/anniversari-di-dedicazione-per-le-chiese-di-tambre-foen-casada-caviola-ospitale-cortina-e-costalissoio\/","title":{"rendered":"ANNIVERSARI DI DEDICAZIONE. Per le chiese di Tambre, Foen, Casada, Caviola, Ospitale, Cortina e Costalissoio"},"content":{"rendered":"<div class=\"_3_bl\">\n<div class=\"_5w1r _3_om _5wdf\">\n<div class=\"_4gx_\">\n<div>DI RENATO BONA<\/div>\n<div><\/div>\n<div class=\"_1aa6\"><span class=\"_5yl5\">La settimana che sta per concludersi \u00e8 stata caratterizzata dall\u2019anniversario di dedicazione di ben sette chiese: dei santi Ermagora e Fortunato di Tambre, dell\u2019Apostolo san Pietro di Foen di Feltre, dei santi Lorenzo e Osvaldo di Casada in Comelico, della Beata Vergine della Salute di Caviola, della Santissima Trinit\u00e0 di Ospitale di Cadore, dei santi Filippo e Giacomo di Cortina, infine quella della Santissima Trinit\u00e0 di Costalissoio, in Comelico. Lo ricorda il settimanale \u201cDomenica\u201d edito dalla Diocesi di Belluno-Felte e diretto dal vescovo emerito mons. Giuseppe Andrich. Avendo gi\u00e0 avuto occasione di illustrare in dettaglio alcuni degli edifici sacri menzionati, ci limiteremo in questa occasione ad una breve sintesi anche per ricordare le relative date e qualche curiosit\u00e0. TAMBRE. La Parrocchia (attualmente ne \u00e8 responsabile don Ezio Del Favero) venne fondata il 24 luglio 1730, staccandosi cos\u00ec definitivamente dall\u2019antica Pieve d\u2019Alpago. La chiesa dei Santi Ermagora e Fortunato fu consacrata il 10 giugno 1845, ed \u00e8 intitolata ai due martiri di Aquileia artefici della diffusione del Cristianesimo nella Conca dell\u2019Alpago. L\u2019edificio ospita un\u2019interessante Via Crucis dipinta ad olio su tela a cavallo tra Settecento ed Ottocento probabilmente dal bellunese Paolo de Filippi detto \u201cBetto\u201d (1755-1830). FOEN. Dal sito guardaconme, con aggiornamento del 13 aprile 2011 leggiamo: \u201c\u2026 Non sono solo le caratteristiche architettoniche e paesaggistiche ad attirare le persone in questo luogo, qui si viene a pregare in particolare modo la Madonna di Lourdes visto la cappella a lei dedicata con la ricostruzione della famosa grotta (inaugurata con solenne benedizione di s.e. mons,. Giuseppe Foschiani il 17 luglio 1910) e a toccare con mano le gradevoli vibrazioni che con fede e devozione si possono ricevere nel visitare la chiesa\u201d. Va precisato che la chiesa di cui ricorre la dedicazione , risalente al 1439, \u00e8 quella di San Pietro apostolo dove \u00e8 parroco don Vito De Bastiani. CASADA. Dal sito infodolomiti: \u201c\u2026Pi\u00f9 a sud si trova Casada, piccolo abitato completamente distrutto nel 1600 da una violenta valanga, ove merita una visita la chiesetta dei Santi Lorenzo e Osvaldo risalente alla met\u00e0 dell\u2019Ottocento\u201d. Stringatissimo anche il sito valcomelicodolomiti: \u201cCasada ha una chiesetta dedicata ai Santi Lorenzo ed Osvaldo eretta nel 1855 e consacrata tre anni pi\u00f9 tardi\u201d. Il parroco \u00e8 don Paolino Rossini. CAVIOLA. Nel sito della parrocchia di Caviola curato egregiamente dal parroco don Bruno De Lazzer si ricorda che \u201cL&#8217;antica chiesa della Beata Vergine della Salute domina il paese dall&#8217;alto del colle, Col\u00e0z, ed \u00e8 monumento nazionale. Venne edificata fra il 1713 e il 1715, per iniziativa del sacerdote veneziano don Giovanni Olmo\u2026\u201d. Vi sono opere del gardenese Giovanni Matteo Rungaldini, di Giovanni Marchiori, nativo di Caviola, di Pietro Antonio Andrich. La nuova chiesa parrocchiale, dedicata a San Pio X, \u00e8 stata inaugurata nel 1958. Di pregevole contiene un Cristo di Dante Moro. OSAPITALE DI CADORE. Il sito della libera enciclopedia Wikipedia specifica che la \u201cParrocchiale della Santissima Trinit\u00e0 (amministratore parrocchiale \u00e8 don Augusto Antoniol &#8211; ndr.) si trova presso un tornate, all&#8217;inizio del nucleo di Ospitale di Sopra. L&#8217;edificio originario dovrebbe risalire al Duecento, ma ha subito nel tempo numerosi rifacimenti. Gli interventi pi\u00f9 recenti sono quelli del 1878, in cui venne demolito il pronao per ingrandire gli interni, e del 1938, quando fu rifatto l&#8217;altare maggiore in pietra di Castellavazzo. All&#8217;interno \u00e8 conservata una pala di anonimo (Santissima Trinit\u00e0, San Barnaba e San Nicol\u00f2) e una statua lignea (Madonna delle Grazie), scolpita nel 1856 da Valentino Besarel\u201d. CORTINA. Il sito della parrocchia guidata dal parroco decano don Ivano Brambilla scrive fra l\u2019altro: \u201c L\u2019attuale chiesa parrocchiale, vanto di questa comunit\u00e0, venne eretta tra il 1769 e il 1775 su progetto dell\u2019architetto M. Promperg-Costa, sul luogo in cui erano sorte le due precedenti chiese, quella cinquecentesca e quella duecentesca. La chiesa \u00e8 stata completamente restaurata nel periodo dal 2007 al 2009, ripristinando lo stato originario dell\u2019architettura interna ed esterna, sotto la direzione dell\u2019arch. Gianluca Ghedini. La liscia facciata ospita le statue dei santi Filippo e Giacomo minore patroni di Cortina d\u2019Ampezzo (anche se \u00e8 ritratto con le caratteristiche iconografiche di Giacomo maggiore, quello di Compostela). L\u2019interno \u00e8 a un\u2019unica navata, con nicchie poco profonde; viene chiusa dall\u2019ampio presbiterio (coro), illuminato da due finestroni rettangolari. \u00c8 arricchita dagli affreschi dello Zeiler, e dal soffitto del Ghedina\u201d. Wikipedia a sua volta ricorda che La basilica dei Santi Filippo e Giacomo, dedicata agli apostoli Filippo e Giacomo, patroni di Cortina d&#8217;Ampezzo, e a san Teofilo. La chiesa \u00e8 stata insignita della dignit\u00e0 di basilica minore il 7 gennaio 2011\u201d. COSTALISSOIO. Dal sito costalissoio apprendiamo che \u201cLa Parrocchia di Costalissoio, nella \u201cFrazione gi\u00e0 dipendente dalla Chiesa di S. Stefano di Cadore fin dal 1204, sotto la giurisdizione del Patriarca di Aquileia e dell&#8217;arcivescovo di Udine e dal 1848 del Vescovo di Belluno, ha visto la prima chiesa costruita nel 1548 e demolita nel 1857 dedicata alla SS.Trinit\u00e0, servita dai Cappellani di S.Stefano\u2026 La costruzione della chiesa attuale \u2013 secondo &#8220;Appunti storici&#8221; scritti per il Bollettino Parrocchiale da don Aurelio Frezza &#8211; \u00e8 iniziata nel 1847 e ultimata nel 1853; consacrata dal Vescovo Renier nel 1858 \u00e8 dedicata alla SS.Trinit\u00e0; \u00e8 in stile neo-classico; progettista l\u2019architetto G. Segusini . Opere d\u2019arte: Altar maggiore del 1699 con pala: copia di G.B. Vicari da Valle di Cadore della Strage dei santissimi Innocenti di Bonifacio de Piatati 1550; affreschi di G. Zanzotto da Treviso 1928; altari laterali del 1770 donati dalla Chiesa di Candide 1853; quadri della Via Crucis: di autore tedesco-importati nel 185; pregevole tela della Madonna del Patrocinio,di autore ignoto. Il campanile \u00e8 del 1860, su progetto dell\u2019ing. Pante da Feltre; l\u2019organo Rizzardini \u00e8 del 1963. NELLE FOTO (siti parrocchiali e sito costalissoio): la chiesa di San Pietro di Foen; la parrocchiale di Caviola; la basilica minore di Cortina; interni della chiesa di Costalissoio.<\/span><\/div>\n<\/div>\n<\/div>\n<\/div>\n<p><a class=\"dt-pswp-item\" href=\"http:\/\/www.radiopiu.net\/wordpress\/wp-content\/uploads\/2019\/06\/62525166_689283804852407_2355978634906304512_n.jpg\" data-dt-img-description=\"\" data-large_image_width=\"480\" data-large_image_height=\"360\"><img loading=\"lazy\" decoding=\"async\" class=\"alignnone wp-image-88476\" src=\"http:\/\/www.radiopiu.net\/wordpress\/wp-content\/uploads\/2019\/06\/62525166_689283804852407_2355978634906304512_n-300x225.jpg\" alt=\"\" width=\"380\" height=\"285\" srcset=\"https:\/\/www.radiopiu.net\/wordpress\/wp-content\/uploads\/2019\/06\/62525166_689283804852407_2355978634906304512_n-300x225.jpg 300w, https:\/\/www.radiopiu.net\/wordpress\/wp-content\/uploads\/2019\/06\/62525166_689283804852407_2355978634906304512_n.jpg 480w\" sizes=\"auto, (max-width: 380px) 100vw, 380px\" \/><\/a><a class=\"dt-pswp-item\" href=\"http:\/\/www.radiopiu.net\/wordpress\/wp-content\/uploads\/2019\/06\/64600075_2019437225030261_3635302663416971264_n.jpg\" data-dt-img-description=\"\" data-large_image_width=\"185\" data-large_image_height=\"300\"><img loading=\"lazy\" decoding=\"async\" class=\"alignnone wp-image-88477\" src=\"http:\/\/www.radiopiu.net\/wordpress\/wp-content\/uploads\/2019\/06\/64600075_2019437225030261_3635302663416971264_n-185x300.jpg\" alt=\"\" width=\"177\" height=\"287\" \/><\/a><a class=\"dt-pswp-item\" href=\"http:\/\/www.radiopiu.net\/wordpress\/wp-content\/uploads\/2019\/06\/62502763_1300988526744811_6450887561144434688_n.jpg\" data-dt-img-description=\"\" data-large_image_width=\"576\" data-large_image_height=\"733\"><img loading=\"lazy\" decoding=\"async\" class=\"alignnone size-medium wp-image-88478\" src=\"http:\/\/www.radiopiu.net\/wordpress\/wp-content\/uploads\/2019\/06\/62502763_1300988526744811_6450887561144434688_n-236x300.jpg\" alt=\"\" width=\"236\" height=\"300\" srcset=\"https:\/\/www.radiopiu.net\/wordpress\/wp-content\/uploads\/2019\/06\/62502763_1300988526744811_6450887561144434688_n-236x300.jpg 236w, https:\/\/www.radiopiu.net\/wordpress\/wp-content\/uploads\/2019\/06\/62502763_1300988526744811_6450887561144434688_n.jpg 576w\" sizes=\"auto, (max-width: 236px) 100vw, 236px\" \/><\/a><\/p>\n","protected":false},"excerpt":{"rendered":"<p>DI RENATO BONA La settimana che sta per concludersi \u00e8 stata caratterizzata dall\u2019anniversario di dedicazione di ben sette chiese: dei santi Ermagora e Fortunato di Tambre, dell\u2019Apostolo san Pietro di Foen di Feltre, dei santi Lorenzo e Osvaldo di Casada in Comelico, della Beata Vergine della Salute di Caviola, della Santissima Trinit\u00e0 di Ospitale di&hellip;<\/p>\n","protected":false},"author":1,"featured_media":88478,"comment_status":"closed","ping_status":"closed","sticky":false,"template":"","format":"standard","meta":{"_monsterinsights_skip_tracking":false,"_monsterinsights_sitenote_active":false,"_monsterinsights_sitenote_note":"","_monsterinsights_sitenote_category":0,"footnotes":""},"categories":[1,49,84],"tags":[],"class_list":["post-88475","post","type-post","status-publish","format-standard","has-post-thumbnail","hentry","category-senza-categoria","category-news-18","category-speciali","category-1","category-49","category-84","description-off"],"img_url":"https:\/\/www.radiopiu.net\/wordpress\/wp-content\/uploads\/2019\/06\/62502763_1300988526744811_6450887561144434688_n.jpg","_links":{"self":[{"href":"https:\/\/www.radiopiu.net\/wordpress\/wp-json\/wp\/v2\/posts\/88475","targetHints":{"allow":["GET"]}}],"collection":[{"href":"https:\/\/www.radiopiu.net\/wordpress\/wp-json\/wp\/v2\/posts"}],"about":[{"href":"https:\/\/www.radiopiu.net\/wordpress\/wp-json\/wp\/v2\/types\/post"}],"author":[{"embeddable":true,"href":"https:\/\/www.radiopiu.net\/wordpress\/wp-json\/wp\/v2\/users\/1"}],"replies":[{"embeddable":true,"href":"https:\/\/www.radiopiu.net\/wordpress\/wp-json\/wp\/v2\/comments?post=88475"}],"version-history":[{"count":0,"href":"https:\/\/www.radiopiu.net\/wordpress\/wp-json\/wp\/v2\/posts\/88475\/revisions"}],"wp:featuredmedia":[{"embeddable":true,"href":"https:\/\/www.radiopiu.net\/wordpress\/wp-json\/wp\/v2\/media\/88478"}],"wp:attachment":[{"href":"https:\/\/www.radiopiu.net\/wordpress\/wp-json\/wp\/v2\/media?parent=88475"}],"wp:term":[{"taxonomy":"category","embeddable":true,"href":"https:\/\/www.radiopiu.net\/wordpress\/wp-json\/wp\/v2\/categories?post=88475"},{"taxonomy":"post_tag","embeddable":true,"href":"https:\/\/www.radiopiu.net\/wordpress\/wp-json\/wp\/v2\/tags?post=88475"}],"curies":[{"name":"wp","href":"https:\/\/api.w.org\/{rel}","templated":true}]}}