{"id":88500,"date":"2019-06-15T10:05:32","date_gmt":"2019-06-15T08:05:32","guid":{"rendered":"http:\/\/www.radiopiu.net\/wordpress\/?p=88500"},"modified":"2019-06-15T10:06:07","modified_gmt":"2019-06-15T08:06:07","slug":"e-in-arrivo-il-lunedi-nero-delle-tasse","status":"publish","type":"post","link":"https:\/\/www.radiopiu.net\/wordpress\/e-in-arrivo-il-lunedi-nero-delle-tasse\/","title":{"rendered":"E\u2019 IN ARRIVO IL LUNEDI\u2019 \u201cNERO\u201d DELLE TASSE"},"content":{"rendered":"<p><a class=\"dt-pswp-item\" href=\"http:\/\/www.radiopiu.net\/wordpress\/wp-content\/uploads\/2019\/06\/Schermata-2019-06-15-alle-10.02.52.png\" data-dt-img-description=\"\" data-large_image_width=\"790\" data-large_image_height=\"490\"><img loading=\"lazy\" decoding=\"async\" class=\"size-medium wp-image-88501 alignleft\" src=\"http:\/\/www.radiopiu.net\/wordpress\/wp-content\/uploads\/2019\/06\/Schermata-2019-06-15-alle-10.02.52-300x186.png\" alt=\"\" width=\"300\" height=\"186\" srcset=\"https:\/\/www.radiopiu.net\/wordpress\/wp-content\/uploads\/2019\/06\/Schermata-2019-06-15-alle-10.02.52-300x186.png 300w, https:\/\/www.radiopiu.net\/wordpress\/wp-content\/uploads\/2019\/06\/Schermata-2019-06-15-alle-10.02.52-768x476.png 768w, https:\/\/www.radiopiu.net\/wordpress\/wp-content\/uploads\/2019\/06\/Schermata-2019-06-15-alle-10.02.52.png 790w\" sizes=\"auto, (max-width: 300px) 100vw, 300px\" \/><\/a>C\u2019\u00e8 una data che nel calendario fiscale dei contribuenti italiani \u00e8 cerchiata con il bollino nero: luned\u00ec 17 giugno. Per imprese e famiglie, infatti, dopodomani \u00e8 il primo tax day dell\u2019anno, visto che saranno chiamate a versare all\u2019Erario 32,6 miliardi di euro. Una vera e propria stangata. A dirlo \u00e8 la CGIA.<\/p>\n<p>\u201cOltre ad avere una pressione fiscale tra le pi\u00f9 elevate d\u2019Europa \u2013 afferma il coordinatore dell\u2019Ufficio studi Paolo Zabeo \u2013 in Italia \u00e8 estremamente difficile anche pagare le tasse.\u00a0 La complessit\u00e0 e la farraginosit\u00e0 del nostro sistema tributario spesso mette in seria difficolt\u00e0 perfino gli addetti ai lavori, come i commercialisti, le associazioni di categoria o i Caf. Figuriamoci gli imprenditori, in particolar modo quelli di piccola dimensione, che, all\u2019interno della propria attivit\u00e0, in moltissimi casi non dispongono nemmeno di un ufficio amministrativo minimamente strutturato\u201d.<\/p>\n<p>Secondo la stima elaborata dall\u2019Ufficio studi della CGIA, entro luned\u00ec gli imprenditori dovranno pagare al fisco le ritenute Irpef dei dipendenti e dei collaboratori (12 miliardi di euro), mentre famiglie e imprese saranno chiamate a versare l\u2019Imu\/Tasi in capo alle seconde\/terze case e agli immobili strumentali (9,9 miliardi di euro). Industriali, commercianti, artigiani e lavoratori autonomi, inoltre, dovranno versare l\u2019Iva allo Stato (9,8 miliardi) e, infine, si dovranno<\/p>\n<p>corrispondere le ritenute Irpef trattenute sui compensi dei lavoratori autonomi (935 milioni di euro) (vedi Tab. 1).<\/p>\n<p>Un fisco, dicevamo, ancora troppo oppressivo e ingiustificatamente pretenzioso.<\/p>\n<p>\u201cCon una tassazione inferiore e pi\u00f9 semplice \u2013 dichiara il Segretario Renato Mason \u2013 anche l\u2019Amministrazione finanziaria potrebbe lavorare meglio ed essere pi\u00f9 efficace. La selva di leggi, decreti e circolari esplicative presenti nel nostro ordinamento tributario, invece, complica la vita a tutti, relegandoci tra il gruppo di\u00a0 paesi meno\u00a0 attrattivi per gli investitori stranieri anche per questo motivo\u201d.<\/p>\n<p>Ma c\u2019\u00e8 dell\u2019altro. \u201cEntro luned\u00ec \u2013 segnalano dalla CGIA \u2013 non saranno pochi gli imprenditori che avranno difficolt\u00e0 a recuperare le risorse economiche per onorare gli impegni fiscali. Oltre alla congiuntura difficile, le banche continuano a erogare il credito con il contagocce\u201d.<\/p>\n<p>Sebbene la situazione dei crediti deteriorati sia scesa ai livelli pre-crisi, i prestiti bancari alle imprese di piccola dimensione (meno di 20 addetti) sono in costante calo dal 2012. Una contrazione che, secondo la Banca d\u2019Italia, solo in parte \u00e8 ascrivibile a una diminuzione della domanda di credito o a fattori di rischio. Questo trend, purtroppo, \u00e8 proseguito anche nei primi mesi di quest\u2019anno. Nello scorso mese di marzo, infatti, l\u2019erogazione a queste piccole realt\u00e0 produttive \u00e8 scesa, rispetto allo stesso periodo dell\u2019anno scorso, di 2,3 punti percentuali1.<\/p>\n<p>Come dicevamo pi\u00f9 sopra, oltre alle tasse, in Italia il problema \u00e8 anche il peso dell\u2019oppressione fiscale che ostacola l\u2019attivit\u00e0 quotidiana delle\u00a0 imprese. Al netto delle tariffe applicate dai commercialisti per la tenuta della contabilit\u00e0 aziendale,\u00a0\u00a0 secondo una indagine realizzata periodicamente dalla Presidenza del Consiglio dei Ministri, il costo della burocrazia fiscale in capo agli imprenditori (obblighi, dichiarativi, certificazione dei corrispettivi, tenuta dei registri, etc.), ammonta a circa 3 miliardi di euro all\u2019anno. Una cifra diventata insostenibile che sottrae tempo e denaro a chi, invece, vorrebbe impiegare queste risorse per creare pi\u00f9 ricchezza e nuovi posti di lavoro.<\/p>\n","protected":false},"excerpt":{"rendered":"<p>C\u2019\u00e8 una data che nel calendario fiscale dei contribuenti italiani \u00e8 cerchiata con il bollino nero: luned\u00ec 17 giugno. Per imprese e famiglie, infatti, dopodomani \u00e8 il primo tax day dell\u2019anno, visto che saranno chiamate a versare all\u2019Erario 32,6 miliardi di euro. Una vera e propria stangata. A dirlo \u00e8 la CGIA. \u201cOltre ad avere&hellip;<\/p>\n","protected":false},"author":1,"featured_media":88502,"comment_status":"closed","ping_status":"closed","sticky":false,"template":"","format":"standard","meta":{"_monsterinsights_skip_tracking":false,"_monsterinsights_sitenote_active":false,"_monsterinsights_sitenote_note":"","_monsterinsights_sitenote_category":0,"footnotes":""},"categories":[49],"tags":[],"class_list":["post-88500","post","type-post","status-publish","format-standard","has-post-thumbnail","hentry","category-news-18","category-49","description-off"],"img_url":"https:\/\/www.radiopiu.net\/wordpress\/wp-content\/uploads\/2019\/06\/bulletin-board-3233653_1280.jpg","_links":{"self":[{"href":"https:\/\/www.radiopiu.net\/wordpress\/wp-json\/wp\/v2\/posts\/88500","targetHints":{"allow":["GET"]}}],"collection":[{"href":"https:\/\/www.radiopiu.net\/wordpress\/wp-json\/wp\/v2\/posts"}],"about":[{"href":"https:\/\/www.radiopiu.net\/wordpress\/wp-json\/wp\/v2\/types\/post"}],"author":[{"embeddable":true,"href":"https:\/\/www.radiopiu.net\/wordpress\/wp-json\/wp\/v2\/users\/1"}],"replies":[{"embeddable":true,"href":"https:\/\/www.radiopiu.net\/wordpress\/wp-json\/wp\/v2\/comments?post=88500"}],"version-history":[{"count":0,"href":"https:\/\/www.radiopiu.net\/wordpress\/wp-json\/wp\/v2\/posts\/88500\/revisions"}],"wp:featuredmedia":[{"embeddable":true,"href":"https:\/\/www.radiopiu.net\/wordpress\/wp-json\/wp\/v2\/media\/88502"}],"wp:attachment":[{"href":"https:\/\/www.radiopiu.net\/wordpress\/wp-json\/wp\/v2\/media?parent=88500"}],"wp:term":[{"taxonomy":"category","embeddable":true,"href":"https:\/\/www.radiopiu.net\/wordpress\/wp-json\/wp\/v2\/categories?post=88500"},{"taxonomy":"post_tag","embeddable":true,"href":"https:\/\/www.radiopiu.net\/wordpress\/wp-json\/wp\/v2\/tags?post=88500"}],"curies":[{"name":"wp","href":"https:\/\/api.w.org\/{rel}","templated":true}]}}