{"id":88524,"date":"2019-06-17T05:36:41","date_gmt":"2019-06-17T03:36:41","guid":{"rendered":"http:\/\/www.radiopiu.net\/wordpress\/?p=88524"},"modified":"2019-06-17T10:43:47","modified_gmt":"2019-06-17T08:43:47","slug":"giornale-radiopiu-17-giugno-2019-direttore-mirko-mezzacasa","status":"publish","type":"post","link":"https:\/\/www.radiopiu.net\/wordpress\/giornale-radiopiu-17-giugno-2019-direttore-mirko-mezzacasa\/","title":{"rendered":"GIORNALE RADIOPIU 17 GIUGNO 2019 DIRETTORE MIRKO MEZZACASA"},"content":{"rendered":"<p><strong>Tra una settimana<\/strong> verr\u00e0 presa la decisione, saranno assegnate le Olimpiadi del 2026, in queste ultime ore la novit\u00e0 \u00e8 il passo indietro di Torino che con il nuovo presidente della Regione ha avanzato la richiesta di ospitare alcune prove di bob, pattinaggio e snowboard. <strong>Serata di incident<\/strong>i quella di ieri, tre feriti in due sinistri al Peron di Sedico ed a Sanzan lungo la feltrina.<strong> Al Peron<\/strong> auto contro una recinzione, uscita autonoma davanti alla pizzeria Rianata, ferito il conducente. <strong>A Sanzan<\/strong> tamponamento e due persone in ospedale, la corriera ha tamponato l&#8217;auto tra Feltre e Quero, ferite le due persone a bordo dell&#8217;auto.\u00a0 \u00a0Disagi le lunghe code <strong>sulla A27 tra Belluno e Vittorio Veneto<\/strong> a causa di un cantiere di lavoro all&#8217;altezza della galleria.<\/p>\n<p>&nbsp;<\/p>\n<p>&nbsp;<\/p>\n<p>&nbsp;<\/p>\n<h2>MALORE IN MONTAGNA<\/h2>\n<p><strong>LIVINALLONGO<\/strong> Ieri a mezzogiorno circa l&#8217;elicottero del Suem di Pieve di Cadore \u00e8 decollato in direzione della Croda Negra, comune di Livinallongo del Col di Lana, dove alla base della via Gian Leo, prima di iniziare la scalata un&#8217;alpinista padovana, C.M., 37 anni, di Brugine, si era sentita male. Individuato il punto in cui si trovava la donna assieme ad altre due persone, l&#8217;eliambulanza ha sbarcato in hovering medico, infermiere e tecnico di elisoccorso, che le hanno prestato le prime cure. Recuperata con un verricello di 5 metri, la rocciatrice \u00e8 stata trasportata all&#8217;ospedale di Belluno per le verifiche del caso.<\/p>\n<p>&nbsp;<\/p>\n<p>&nbsp;<\/p>\n<h2>SCIVOLA SUL SENTIERO<\/h2>\n<p><strong>FELTRE<\/strong>\u00a0 Verso le 13.30 di ieri\u00a0 la Centrale del 118 ha allertato il Soccorso alpino di Feltre per un&#8217;escursionista che si era procurata un sospetto trauma alla caviglia, mentre percorreva la Valle di San Martino. Una volta geolocalizzata, la donna, A.F., 65 anni, di Pederobba (TV), \u00e8 stata raggiunta con la jeep da una squadra e accompagnata direttamente in ospedale.<\/p>\n<p>&nbsp;<\/p>\n<p>&nbsp;<\/p>\n<p>&nbsp;<\/p>\n<h2>TERZO FURTO DI BICICLETTE COSTOSE<\/h2>\n<p><strong>AURONZO<\/strong> Nella giornata di\u00a0 sabato un cinquantenne di Calzignano Terme, localit\u00e0 in provincia di Padova, ha denunciato alla stazione dei carabinieri di Auronzo di Cadore che ignoti la notte scorsa hanno asportato 2 sue biciclette di marca \u00abTrek\u00bb e \u00abSpecialized\u00bb che erano assicurate a un albero con una catena. Il furto \u00e8 avvenuto nel campeggio \u00abEuropa\u00bb, che si trova <a class=\"dt-pswp-item\" href=\"http:\/\/www.radiopiu.net\/wordpress\/wp-content\/uploads\/2018\/03\/Bici-da-test-2.jpg\" data-dt-img-description=\"\" data-large_image_width=\"3456\" data-large_image_height=\"5184\"><img loading=\"lazy\" decoding=\"async\" class=\" wp-image-45076 alignleft\" src=\"http:\/\/www.radiopiu.net\/wordpress\/wp-content\/uploads\/2018\/03\/Bici-da-test-2-200x300.jpg\" alt=\"\" width=\"87\" height=\"131\" srcset=\"https:\/\/www.radiopiu.net\/wordpress\/wp-content\/uploads\/2018\/03\/Bici-da-test-2-200x300.jpg 200w, https:\/\/www.radiopiu.net\/wordpress\/wp-content\/uploads\/2018\/03\/Bici-da-test-2-768x1152.jpg 768w, https:\/\/www.radiopiu.net\/wordpress\/wp-content\/uploads\/2018\/03\/Bici-da-test-2-683x1024.jpg 683w\" sizes=\"auto, (max-width: 87px) 100vw, 87px\" \/><\/a>localit\u00e0 Pause, in comune di Auronzo, ove l\u2019uomo stava pernottando insieme alla sua famiglia. Il valore complessivo delle due biciclette trafugate si aggira sui 5.500 euro circa (il danno non \u00e8 coperto da assicurazione).<\/p>\n<h3>QUARTO FURTO DI BICICLETTA, DIRETTAMENTE DAL PARCHEGGIO<\/h3>\n<p><strong>FELTRE<\/strong> Ancora un furto, il quarto. Questa volta a essere preso di mira non \u00e8 un campeggio o un camper o un garage ma direttamente l&#8217;auto in parcheggio. Oggi a Feltre nel parcheggio dell&#8217;ospedale hanno forzato la serratura della Punto di A.F. di Grosseto e hanno rubato una Scotto Addict da 4500 euro, danno non coperto da assicurazione<\/p>\n<p>&nbsp;<\/p>\n<p>&nbsp;<\/p>\n<p>&nbsp;<\/p>\n<p>&nbsp;<\/p>\n<h2>PRIVATI E ATTIVITA&#8217; COMMERCIALE SENZA LINEA TELEFONICA<\/h2>\n<h3>RISPOSTE EVASIVE DAL CALL CENTER E RITARDI CHE CREANO SOLO DISAGI<\/h3>\n<p style=\"text-align: left;\"><strong>RIVAMONTE\u00a0<\/strong> Nel corso dell&#8217;interramento della linea elettrica per conto dell&#8217;Enel sono stati tranciati i ca<a class=\"dt-pswp-item\" href=\"http:\/\/www.radiopiu.net\/wordpress\/wp-content\/uploads\/2019\/06\/76474a92-5287-45e4-8d77-8e159bd2f4bd.jpg\" data-dt-img-description=\"\" data-large_image_width=\"1600\" data-large_image_height=\"901\"><img loading=\"lazy\" decoding=\"async\" class=\"size-medium wp-image-88471 alignleft\" src=\"http:\/\/www.radiopiu.net\/wordpress\/wp-content\/uploads\/2019\/06\/76474a92-5287-45e4-8d77-8e159bd2f4bd-300x169.jpg\" alt=\"\" width=\"300\" height=\"169\" srcset=\"https:\/\/www.radiopiu.net\/wordpress\/wp-content\/uploads\/2019\/06\/76474a92-5287-45e4-8d77-8e159bd2f4bd-300x169.jpg 300w, https:\/\/www.radiopiu.net\/wordpress\/wp-content\/uploads\/2019\/06\/76474a92-5287-45e4-8d77-8e159bd2f4bd-768x432.jpg 768w, https:\/\/www.radiopiu.net\/wordpress\/wp-content\/uploads\/2019\/06\/76474a92-5287-45e4-8d77-8e159bd2f4bd-1024x577.jpg 1024w, https:\/\/www.radiopiu.net\/wordpress\/wp-content\/uploads\/2019\/06\/76474a92-5287-45e4-8d77-8e159bd2f4bd.jpg 1600w\" sizes=\"auto, (max-width: 300px) 100vw, 300px\" \/><\/a>vi della linea telefonica adsl, a farne le spese anche un&#8217;attivit\u00e0 commerciale paralizzata per l&#8217;assenza dei segnali tecnologici, il responsabile della Tim \u00e8 stato contattato dal sindaco di Rivamonte Nino Deon anche lui &#8220;preso in giro&#8221; dall&#8217;uomo del call center, quello dell&#8217; &#8220;interveniamo subito&#8221;, e intanto i giorni passano<\/p>\n<p><strong>DI GIANNI SANTOMASO<\/strong><\/p>\n<audio class=\"wp-audio-shortcode\" id=\"audio-88524-1\" preload=\"none\" style=\"width: 100%;\" controls=\"controls\"><source type=\"audio\/mpeg\" src=\"http:\/\/www.radiopiu.net\/wordpress\/wp-content\/uploads\/2019\/06\/GIANNI-MALVINA.mp3?_=1\" \/><a href=\"http:\/\/www.radiopiu.net\/wordpress\/wp-content\/uploads\/2019\/06\/GIANNI-MALVINA.mp3\">http:\/\/www.radiopiu.net\/wordpress\/wp-content\/uploads\/2019\/06\/GIANNI-MALVINA.mp3<\/a><\/audio>\n<p>&nbsp;<\/p>\n<p>&nbsp;<\/p>\n<p>&nbsp;<\/p>\n<h1><span style=\"color: #ff0000;\"><strong>LA STORIA<\/strong><\/span><\/h1>\n<h2>DAGLI STATI UNITI ALL&#8217;AGORDINO ALLA RICERCA DELLE SUE RADICI<\/h2>\n<p><strong>DI LUISA MANFROI<\/strong><\/p>\n<p>C&#8217;\u00e8 chi ama conoscere le proprie origini e quando il racconto di nonni e genitori non basta il ricorso internet porta&#8230;direttamente nell&#8217;Agordino. La storia di George Aguilar raccontata dalla giornalista di Cencenighe<\/p>\n<p><a class=\"dt-pswp-item\" href=\"http:\/\/www.radiopiu.net\/wordpress\/wp-content\/uploads\/2019\/06\/George-Aguilar-con-L.Manfroi.jpg\" data-dt-img-description=\"\" data-large_image_width=\"1280\" data-large_image_height=\"959\"><img loading=\"lazy\" decoding=\"async\" class=\"wp-image-88549 aligncenter\" src=\"http:\/\/www.radiopiu.net\/wordpress\/wp-content\/uploads\/2019\/06\/George-Aguilar-con-L.Manfroi-1024x767.jpg\" alt=\"\" width=\"716\" height=\"536\" srcset=\"https:\/\/www.radiopiu.net\/wordpress\/wp-content\/uploads\/2019\/06\/George-Aguilar-con-L.Manfroi-1024x767.jpg 1024w, https:\/\/www.radiopiu.net\/wordpress\/wp-content\/uploads\/2019\/06\/George-Aguilar-con-L.Manfroi-300x225.jpg 300w, https:\/\/www.radiopiu.net\/wordpress\/wp-content\/uploads\/2019\/06\/George-Aguilar-con-L.Manfroi-768x575.jpg 768w, https:\/\/www.radiopiu.net\/wordpress\/wp-content\/uploads\/2019\/06\/George-Aguilar-con-L.Manfroi.jpg 1280w\" sizes=\"auto, (max-width: 716px) 100vw, 716px\" \/><\/a>audio<\/p>\n<audio class=\"wp-audio-shortcode\" id=\"audio-88524-2\" preload=\"none\" style=\"width: 100%;\" controls=\"controls\"><source type=\"audio\/mpeg\" src=\"http:\/\/www.radiopiu.net\/wordpress\/wp-content\/uploads\/2019\/06\/LUICSA.mp3?_=2\" \/><a href=\"http:\/\/www.radiopiu.net\/wordpress\/wp-content\/uploads\/2019\/06\/LUICSA.mp3\">http:\/\/www.radiopiu.net\/wordpress\/wp-content\/uploads\/2019\/06\/LUICSA.mp3<\/a><\/audio>\n<p>&nbsp;<\/p>\n<p>&nbsp;<\/p>\n<p>&nbsp;<\/p>\n<p>&nbsp;<\/p>\n<h2>QUEST&#8217;ESTATE CICLABILI D&#8217;ASFALTO TRA MOTOCICLISTI IN VOLO E SORPASSI AZZARDATI TRA UN AUTOVELOX E L&#8217;ALTRO, CONTINUE LE STROMBAZZATE AGLI AMANTI DELLE DUE RUOTE.<\/h2>\n<div class=\"_1aa6\"><span class=\"_5yl5\"><a class=\"dt-pswp-item\" href=\"http:\/\/www.radiopiu.net\/wordpress\/wp-content\/uploads\/2018\/03\/CICLABILE1.jpg\" data-dt-img-description=\"\" data-large_image_width=\"558\" data-large_image_height=\"353\"><img loading=\"lazy\" decoding=\"async\" class=\"size-medium wp-image-44720 alignleft\" src=\"http:\/\/www.radiopiu.net\/wordpress\/wp-content\/uploads\/2018\/03\/CICLABILE1-300x190.jpg\" alt=\"\" width=\"300\" height=\"190\" srcset=\"https:\/\/www.radiopiu.net\/wordpress\/wp-content\/uploads\/2018\/03\/CICLABILE1-300x190.jpg 300w, https:\/\/www.radiopiu.net\/wordpress\/wp-content\/uploads\/2018\/03\/CICLABILE1.jpg 558w\" sizes=\"auto, (max-width: 300px) 100vw, 300px\" \/><\/a> Agordo ha ancora la sua ciclabile, ovviamente incompleta perch\u00e8 dopo corsi, ricorsi e tanti soldi spesi, il privato continua a sbarrare il tratto di ciclabile contestato e pi\u00f9 avanti il Cordevole ha fatto disastri tanti sotto la 203 agordina in localit\u00e0 Le Campe che sulla sponda opposta in quello che era il fantastico tracciato verso il sito di Valla Imperina, un ricordo tra massi e sassi trascinati dall&#8217;acqua dove una volta si pedalava. Da Agordo a Taibon missione impossibile, manca il ponte sul Cordevole,\u00a0 la struttura in cemento ha resistito al Cordevole.\u00a0<\/span><\/div>\n<div class=\"_1aa6\"><span class=\"_5yl5\"> Da Taibon a Listolade solo un punto critico a Nogarola, ma la frazione pi\u00f9 a nord del Comune, fino alla galleria di Listolade \u00e8 percorribile, un problema in meno per il ciclista altrimenti costretto alla &#8220;riva del Piano&#8221;. Da Listolade a Cencenighe il ciclista \u00e8 obbligato a transitare in galleria, la vecchia 203 come gi\u00e0 detto e pi\u00f9 volte ripetuto fin dal 29 ottobre \u00e8 preclusa anche ai pedone, purch\u00e9 uno non intenda saltare da un sasso all&#8217;altro, sono tanti quelli portati dal Cordevole con altrettanti alberi sulla sede stradale. Da Cencenighe ad Avoscan solo 203 agordina tra motociclisti che sfrecciano e sorpassi azzardati tra gli autovelox di Le Vare e quelli di Cencenighe. Qui la ciclabile sar\u00e0 ricostruita&#8230;dove era prima a filo di torrente. Avoscan-Alleghe, eccetto il tratto che porta al Fornel da Sala (vecchia strada) solo asfalto di Veneto Strade, anche qui ciclabile in ricostruzione esattamente dove l&#8217;alluvione recente e del 1966 l&#8217;ha spazzata via. C&#8217;\u00e8 un versante non in frana, ma &#8220;mangiato&#8221; dall&#8217;acqua proprio alla base e senza adeguati argini non \u00e8 detto possa collassare ai prossimi nubifragi. Da Alleghe e pi\u00f9 su le ciclabili sono tutte da ricostruire. <\/span>Da Cencenighe a Falcade il disastro. Superata la galleria delle Anime attraverso uno stretto sentiero, spesso zona di relax della vipera ben visibile sui sassi bianchi, si rientra sulla regionale del San Pellegrino e l\u00ec si rimane fino a Falcade. La Cavallera \u00e8 stata devastata, ma anche il tratto precedente che porta a Canale d&#8217;Agordo.<\/div>\n<p>&nbsp;<\/p>\n<p>&nbsp;<\/p>\n<p>&nbsp;<\/p>\n<p>&nbsp;<\/p>\n<p>&nbsp;<\/p>\n<h2>SOTTO AL &#8220;COR&#8221; E&#8217; DA INFARTO<\/h2>\n<div data-block=\"true\" data-editor=\"e0thj\" data-offset-key=\"80ain-0-0\">\n<div class=\"_1mf _1mj\" data-offset-key=\"80ain-0-0\"><span data-offset-key=\"80ain-0-0\"><strong><a class=\"dt-pswp-item\" href=\"http:\/\/www.radiopiu.net\/wordpress\/wp-content\/uploads\/2019\/06\/WhatsApp-Image-2019-06-16-at-11.35.03-1.jpeg\" data-dt-img-description=\"\" data-large_image_width=\"899\" data-large_image_height=\"1599\"><img loading=\"lazy\" decoding=\"async\" class=\"size-medium wp-image-88656 alignleft\" src=\"http:\/\/www.radiopiu.net\/wordpress\/wp-content\/uploads\/2019\/06\/WhatsApp-Image-2019-06-16-at-11.35.03-1-169x300.jpeg\" alt=\"\" width=\"169\" height=\"300\" srcset=\"https:\/\/www.radiopiu.net\/wordpress\/wp-content\/uploads\/2019\/06\/WhatsApp-Image-2019-06-16-at-11.35.03-1-169x300.jpeg 169w, https:\/\/www.radiopiu.net\/wordpress\/wp-content\/uploads\/2019\/06\/WhatsApp-Image-2019-06-16-at-11.35.03-1-768x1366.jpeg 768w, https:\/\/www.radiopiu.net\/wordpress\/wp-content\/uploads\/2019\/06\/WhatsApp-Image-2019-06-16-at-11.35.03-1-576x1024.jpeg 576w, https:\/\/www.radiopiu.net\/wordpress\/wp-content\/uploads\/2019\/06\/WhatsApp-Image-2019-06-16-at-11.35.03-1.jpeg 899w\" sizes=\"auto, (max-width: 169px) 100vw, 169px\" \/><\/a>TAIBON<\/strong> Per tutta la Valle di San Lucano ti prende il groppo in gola, fermi le lacrime solo perch\u00e9 la brezza che viene su dal torrente Tegnas ti asciuga gli occhi, cos\u00ec la prima volta, cos\u00ec ogni volta che ci torni. Anche ora, dove alle piante con le radici al cielo e sassi dall&#8217;equilibrio improbabile si aggiungono le aree pic nic in abbandono, una semidistrutta, pericolosa perch\u00e9 il Tegnas si \u00e8 divorato parte dell&#8217;area, scivolare \u00e8 facile soprattutto per i pi\u00f9 piccoli. Un ex gioiellino oasi turistica abbandonata a s\u00e8 stessa, l&#8217;erba oltre i 30 centimetri, le zecche proliferano. Imperano solo i pali e le telecamere anti vandali, se funzionano, se i collegamenti hanno resistito lo sanno in Municipio.<\/span><\/div>\n<\/div>\n<div data-block=\"true\" data-editor=\"e0thj\" data-offset-key=\"1rpdd-0-0\">\n<div class=\"_1mf _1mj\" data-offset-key=\"1rpdd-0-0\"><span data-offset-key=\"1rpdd-0-0\">I pali della linea telefonica sprovvisti di cavi strappati dal vento sono ancora l\u00ec, alcuni interi, i pi\u00f9 spezzati, dondolanti, precari. A bordo strada un cavo telefonico volante. &#8220;Qui il telefono ogni tanto funziona&#8221; ci dicono nell&#8217;unica attivit\u00e0 rimasta attiva in valle, alla Locanda Col di Pra. La Tim fortunatamente ha coperto la valle dando un segnale nell&#8217;emergenza, poteva anche farlo prima \u00e8 dai tempi del sindaco Loretta Ben e fin dal suo\u00a0 primo mandato 15 anni fa, che si implorano le compagnie telefoniche di dare servizio ad una valle frequentata dove purtroppo non mancano le situazioni di emergenza, difficili da superare senza telefono.<\/span><\/div>\n<div data-offset-key=\"1rpdd-0-0\">L&#8217;ultimo colpo al cuore, lass\u00f9 dopo il cordiale buongiorno e il sorriso di Sisto e Anna Forcellini. La ditta Bressan scavi\u00a0 in localit\u00e0 Cadene ha fatto un gran lavoro creando la pista di emergenza, provvisoria, dunque come tale sarebbe anche giusto che i tecnici dessero una scadenza, come lo yogurt, perch\u00e9 poi diventa indigesta. Sopra il tornante rifatto da Ivan e dai suoi uomini il dramma. Per andare a Pont si attraversa una galleria, di rami, tronchi, alberi ammassati ed intrecciati.<\/div>\n<\/div>\n<div data-offset-key=\"1rpdd-0-0\"><\/div>\n<p>&nbsp;<\/p>\n<p>&nbsp;<\/p>\n<p>&nbsp;<\/p>\n<blockquote class=\"wp-embedded-content\" data-secret=\"XNmghHe0q8\"><p><a href=\"http:\/\/www.radiopiu.net\/wordpress\/protezione-civile-sopralluogo-agli-interventi-in-corso-nellagordino-assessore-bottacin-oltre-mille-persone-al-lavoro-grande-lavoro-di-squadra-da-parte-dei-nostri-magnifici-volont\/\">PROTEZIONE CIVILE. SOPRALLUOGO AGLI INTERVENTI IN CORSO NELL\u2019AGORDINO. ASSESSORE BOTTACIN, \u201cOLTRE MILLE PERSONE AL LAVORO: GRANDE LAVORO DI SQUADRA DA PARTE DEI NOSTRI MAGNIFICI VOLONTARI\u201d\u00a0<\/a><\/p><\/blockquote>\n<p><iframe loading=\"lazy\" class=\"wp-embedded-content\" sandbox=\"allow-scripts\" security=\"restricted\" style=\"position: absolute; clip: rect(1px, 1px, 1px, 1px);\" src=\"http:\/\/www.radiopiu.net\/wordpress\/protezione-civile-sopralluogo-agli-interventi-in-corso-nellagordino-assessore-bottacin-oltre-mille-persone-al-lavoro-grande-lavoro-di-squadra-da-parte-dei-nostri-magnifici-volont\/embed\/#?secret=XNmghHe0q8\" data-secret=\"XNmghHe0q8\" width=\"600\" height=\"338\" title=\"&#8220;PROTEZIONE CIVILE. SOPRALLUOGO AGLI INTERVENTI IN CORSO NELL\u2019AGORDINO. ASSESSORE BOTTACIN, \u201cOLTRE MILLE PERSONE AL LAVORO: GRANDE LAVORO DI SQUADRA DA PARTE DEI NOSTRI MAGNIFICI VOLONTARI\u201d\u00a0&#8221; &#8212; Radio Pi\u00f9\" frameborder=\"0\" marginwidth=\"0\" marginheight=\"0\" scrolling=\"no\"><\/iframe><\/p>\n<p>&nbsp;<\/p>\n<p>&nbsp;<\/p>\n<p>&nbsp;<\/p>\n<h1>AMICI DI NAJA SI RITROVANO A RIVAMONTE DOPO 46 ANNI, L&#8217;OMAGGIO DI 1000 EURO PER LA RICOSTRUZIONE<\/h1>\n<p><a class=\"dt-pswp-item\" href=\"http:\/\/www.radiopiu.net\/wordpress\/wp-content\/uploads\/2019\/06\/WhatsApp-Image-2019-06-16-at-17.43.23.jpeg\" data-dt-img-description=\"\" data-large_image_width=\"1599\" data-large_image_height=\"1200\"><img loading=\"lazy\" decoding=\"async\" class=\"wp-image-88533 aligncenter\" src=\"http:\/\/www.radiopiu.net\/wordpress\/wp-content\/uploads\/2019\/06\/WhatsApp-Image-2019-06-16-at-17.43.23-1024x768.jpeg\" alt=\"\" width=\"735\" height=\"551\" srcset=\"https:\/\/www.radiopiu.net\/wordpress\/wp-content\/uploads\/2019\/06\/WhatsApp-Image-2019-06-16-at-17.43.23-1024x768.jpeg 1024w, https:\/\/www.radiopiu.net\/wordpress\/wp-content\/uploads\/2019\/06\/WhatsApp-Image-2019-06-16-at-17.43.23-300x225.jpeg 300w, https:\/\/www.radiopiu.net\/wordpress\/wp-content\/uploads\/2019\/06\/WhatsApp-Image-2019-06-16-at-17.43.23-768x576.jpeg 768w, https:\/\/www.radiopiu.net\/wordpress\/wp-content\/uploads\/2019\/06\/WhatsApp-Image-2019-06-16-at-17.43.23.jpeg 1599w\" sizes=\"auto, (max-width: 735px) 100vw, 735px\" \/><\/a><\/p>\n<p><strong>RIVAMONTE<\/strong> Si ritrovano dopo 46 anni raccontandosi aneddoti e ricordi di quando erano in marina, Gianni Minotto e Tita Bressan lo scultore dei volti di Rivamonte. Si sono ritrovati su facebook, soprattutto si sono raccontati anche di questi giorni, compresi quelli dell&#8217;uragano. Cos\u00ec l&#8217;amico Gianni Minotto da Adria (Rovigo) ha fatto partire una raccolta fondi importanti con l&#8217;associazione Parkinson, ieri la consegna dell&#8217; assegno<\/p>\n<p><strong><a class=\"dt-pswp-item\" href=\"http:\/\/www.radiopiu.net\/wordpress\/wp-content\/uploads\/2019\/06\/WhatsApp-Image-2019-06-16-at-13.34.14.jpeg\" data-dt-img-description=\"\" data-large_image_width=\"1200\" data-large_image_height=\"1599\"><img loading=\"lazy\" decoding=\"async\" class=\"alignnone size-medium wp-image-88530\" src=\"http:\/\/www.radiopiu.net\/wordpress\/wp-content\/uploads\/2019\/06\/WhatsApp-Image-2019-06-16-at-13.34.14-225x300.jpeg\" alt=\"\" width=\"225\" height=\"300\" srcset=\"https:\/\/www.radiopiu.net\/wordpress\/wp-content\/uploads\/2019\/06\/WhatsApp-Image-2019-06-16-at-13.34.14-225x300.jpeg 225w, https:\/\/www.radiopiu.net\/wordpress\/wp-content\/uploads\/2019\/06\/WhatsApp-Image-2019-06-16-at-13.34.14-768x1024.jpeg 768w, https:\/\/www.radiopiu.net\/wordpress\/wp-content\/uploads\/2019\/06\/WhatsApp-Image-2019-06-16-at-13.34.14.jpeg 1200w\" sizes=\"auto, (max-width: 225px) 100vw, 225px\" \/><\/a><a class=\"dt-pswp-item\" href=\"http:\/\/www.radiopiu.net\/wordpress\/wp-content\/uploads\/2019\/06\/WhatsApp-Image-2019-06-16-at-13.34.11.jpeg\" data-dt-img-description=\"\" data-large_image_width=\"1200\" data-large_image_height=\"1599\"><img loading=\"lazy\" decoding=\"async\" class=\"alignnone size-medium wp-image-88529\" src=\"http:\/\/www.radiopiu.net\/wordpress\/wp-content\/uploads\/2019\/06\/WhatsApp-Image-2019-06-16-at-13.34.11-225x300.jpeg\" alt=\"\" width=\"225\" height=\"300\" srcset=\"https:\/\/www.radiopiu.net\/wordpress\/wp-content\/uploads\/2019\/06\/WhatsApp-Image-2019-06-16-at-13.34.11-225x300.jpeg 225w, https:\/\/www.radiopiu.net\/wordpress\/wp-content\/uploads\/2019\/06\/WhatsApp-Image-2019-06-16-at-13.34.11-768x1024.jpeg 768w, https:\/\/www.radiopiu.net\/wordpress\/wp-content\/uploads\/2019\/06\/WhatsApp-Image-2019-06-16-at-13.34.11.jpeg 1200w\" sizes=\"auto, (max-width: 225px) 100vw, 225px\" \/><\/a><a class=\"dt-pswp-item\" href=\"http:\/\/www.radiopiu.net\/wordpress\/wp-content\/uploads\/2019\/06\/WhatsApp-Image-2019-06-16-at-13.34.11-1.jpeg\" data-dt-img-description=\"\" data-large_image_width=\"1200\" data-large_image_height=\"1599\"><img loading=\"lazy\" decoding=\"async\" class=\"alignnone size-medium wp-image-88527\" src=\"http:\/\/www.radiopiu.net\/wordpress\/wp-content\/uploads\/2019\/06\/WhatsApp-Image-2019-06-16-at-13.34.11-1-225x300.jpeg\" alt=\"\" width=\"225\" height=\"300\" srcset=\"https:\/\/www.radiopiu.net\/wordpress\/wp-content\/uploads\/2019\/06\/WhatsApp-Image-2019-06-16-at-13.34.11-1-225x300.jpeg 225w, https:\/\/www.radiopiu.net\/wordpress\/wp-content\/uploads\/2019\/06\/WhatsApp-Image-2019-06-16-at-13.34.11-1-768x1024.jpeg 768w, https:\/\/www.radiopiu.net\/wordpress\/wp-content\/uploads\/2019\/06\/WhatsApp-Image-2019-06-16-at-13.34.11-1.jpeg 1200w\" sizes=\"auto, (max-width: 225px) 100vw, 225px\" \/><\/a><a class=\"dt-pswp-item\" href=\"http:\/\/www.radiopiu.net\/wordpress\/wp-content\/uploads\/2019\/06\/WhatsApp-Image-2019-06-16-at-13.36.43.jpeg\" data-dt-img-description=\"\" data-large_image_width=\"1200\" data-large_image_height=\"1599\"><img loading=\"lazy\" decoding=\"async\" class=\"alignnone size-medium wp-image-88531\" src=\"http:\/\/www.radiopiu.net\/wordpress\/wp-content\/uploads\/2019\/06\/WhatsApp-Image-2019-06-16-at-13.36.43-225x300.jpeg\" alt=\"\" width=\"225\" height=\"300\" srcset=\"https:\/\/www.radiopiu.net\/wordpress\/wp-content\/uploads\/2019\/06\/WhatsApp-Image-2019-06-16-at-13.36.43-225x300.jpeg 225w, https:\/\/www.radiopiu.net\/wordpress\/wp-content\/uploads\/2019\/06\/WhatsApp-Image-2019-06-16-at-13.36.43-768x1024.jpeg 768w, https:\/\/www.radiopiu.net\/wordpress\/wp-content\/uploads\/2019\/06\/WhatsApp-Image-2019-06-16-at-13.36.43.jpeg 1200w\" sizes=\"auto, (max-width: 225px) 100vw, 225px\" \/><\/a><\/strong><\/p>\n<p><strong>AUDIO<\/strong><\/p>\n<audio class=\"wp-audio-shortcode\" id=\"audio-88524-3\" preload=\"none\" style=\"width: 100%;\" controls=\"controls\"><source type=\"audio\/mpeg\" src=\"http:\/\/www.radiopiu.net\/wordpress\/wp-content\/uploads\/2019\/06\/RIVAMONTE.mp3?_=3\" \/><a href=\"http:\/\/www.radiopiu.net\/wordpress\/wp-content\/uploads\/2019\/06\/RIVAMONTE.mp3\">http:\/\/www.radiopiu.net\/wordpress\/wp-content\/uploads\/2019\/06\/RIVAMONTE.mp3<\/a><\/audio>\n<p>&nbsp;<\/p>\n<p>&nbsp;<\/p>\n<p>&nbsp;<\/p>\n<p>&nbsp;<\/p>\n<p>&nbsp;<\/p>\n<h2><a class=\"dt-pswp-item\" href=\"http:\/\/www.radiopiu.net\/wordpress\/wp-content\/uploads\/2019\/06\/WhatsApp-Image-2019-06-16-at-12.27.09.jpeg\" data-dt-img-description=\"\" data-large_image_width=\"899\" data-large_image_height=\"1599\"><img loading=\"lazy\" decoding=\"async\" class=\"size-medium wp-image-88528 alignleft\" src=\"http:\/\/www.radiopiu.net\/wordpress\/wp-content\/uploads\/2019\/06\/WhatsApp-Image-2019-06-16-at-12.27.09-169x300.jpeg\" alt=\"\" width=\"169\" height=\"300\" srcset=\"https:\/\/www.radiopiu.net\/wordpress\/wp-content\/uploads\/2019\/06\/WhatsApp-Image-2019-06-16-at-12.27.09-169x300.jpeg 169w, https:\/\/www.radiopiu.net\/wordpress\/wp-content\/uploads\/2019\/06\/WhatsApp-Image-2019-06-16-at-12.27.09-768x1366.jpeg 768w, https:\/\/www.radiopiu.net\/wordpress\/wp-content\/uploads\/2019\/06\/WhatsApp-Image-2019-06-16-at-12.27.09-576x1024.jpeg 576w, https:\/\/www.radiopiu.net\/wordpress\/wp-content\/uploads\/2019\/06\/WhatsApp-Image-2019-06-16-at-12.27.09.jpeg 899w\" sizes=\"auto, (max-width: 169px) 100vw, 169px\" \/><\/a>RIVAMONTE, SANT&#8217;ANTONIO CON LA PROLOCO<\/h2>\n<p><strong>RIVAMONTE<\/strong> Un successone, Giacomo Bressan alla guida della Proloco \u00e8 soddisfatto e sorridente dopo 5 giorni di festa paesana. La gente ha risposto ben oltre le attese, le cucine hanno continuato a sfornare i prelibali gnocchi con la poina, tanti e tutti buoni grazie a quella &#8220;catena di montaggio&#8221; dei buoni sapori che da anni si mette in moto ad inizio giugno per il palato degli ospiti del paese. A capo tavola anche il penta parroco Don Fabiano circondato dai suoi cantori. Ieri a godere della cucina tradizionale e locale anche i partecipanti alla Rivaron, la gara di corsa in montagna che quest&#8217;anno ha iscritto poco meno di 200 partecipanti. &#8220;Anche questo e&#8217; un record&#8221; ha sottolineato Giulia Schena premiando i vincitori.<\/p>\n<blockquote><p><em>In chiesa ieri il programma religioso e poi la distribuzione dei cordoni di Sant&#8217;Antonio che gli agordini e non solo conserveranno con cura fino al prossimo giugno.<\/em><\/p><\/blockquote>\n<p>&nbsp;<\/p>\n<h2><\/h2>\n<p>&nbsp;<\/p>\n<h2>ASSEMBLEA REGIONALE SASV: APPROVATO IL NUOVO STATUTO<\/h2>\n<p><strong><a class=\"dt-pswp-item\" href=\"http:\/\/www.radiopiu.net\/wordpress\/wp-content\/uploads\/2019\/06\/IMG-20190615-WA0004.jpg\" data-dt-img-description=\"\" data-large_image_width=\"1600\" data-large_image_height=\"1200\"><img loading=\"lazy\" decoding=\"async\" class=\" wp-image-88625 alignleft\" src=\"http:\/\/www.radiopiu.net\/wordpress\/wp-content\/uploads\/2019\/06\/IMG-20190615-WA0004-300x225.jpg\" alt=\"\" width=\"249\" height=\"187\" srcset=\"https:\/\/www.radiopiu.net\/wordpress\/wp-content\/uploads\/2019\/06\/IMG-20190615-WA0004-300x225.jpg 300w, https:\/\/www.radiopiu.net\/wordpress\/wp-content\/uploads\/2019\/06\/IMG-20190615-WA0004-768x576.jpg 768w, https:\/\/www.radiopiu.net\/wordpress\/wp-content\/uploads\/2019\/06\/IMG-20190615-WA0004-1024x768.jpg 1024w, https:\/\/www.radiopiu.net\/wordpress\/wp-content\/uploads\/2019\/06\/IMG-20190615-WA0004.jpg 1600w\" sizes=\"auto, (max-width: 249px) 100vw, 249px\" \/><\/a>FELTRE\u00a0 <\/strong>Si \u00e8 svolta\u00a0 a Feltre l&#8217;assemblea regionale del Soccorso alpino e speleologico Veneto, che riunisce i capi e vicecapi di tutte le 28 Stazioni regionali. Dopo l&#8217;approvazione dei bilanci dell&#8217;Associazione, l&#8217;assemblea ha approvato il nuovo statuto, che recepisce le novit\u00e0 introdotte dalla Legge 117 in materia di enti del Terzo settore. &#8220;Esprimo viva soddisfazione per la qualit\u00e0 del lavoro svolto dal gruppo che si \u00e8 occupato dell&#8217;estensione del documento &#8211; sottolinea il presidente Rodolfo Selenati &#8211; \u00e8 stato necessario inserire quanto dettato dalla normativa e armonizzarlo inoltre con lo statuto del Corpo nazionale soccorso alpino e speleologico&#8221;. \u00c8 stato deciso che parte dei contributi del 5&#215;1000, raccolti grazie alla generosit\u00e0 di chi ci sostiene, saranno impiegati per un progetto di prevenzione e sicurezza in montagna destinato ai pi\u00f9 giovani, dai bimbi delle scuole primarie ai ragazzi delle superiori. La restante cifra permetter\u00e0 di acquistare una giacca per tutti i soccorritori del Servizio regionale che permetter\u00e0 di iniziare a uniformare la divisa. L&#8217;assemblea ha infine nominato i nuovi vertici della Scuola sanitaria regionale per il triennio 2019\/2021: il direttore \u00e8 Ludovica Sandei, del Soccorso alpino del Centro Cadore, vicedirettori Laura Pegge, Soccorso alpino di Padova, Davide Are, Pedemontana del Grappa, e Paolo Grotti, Soccorso speleologico Veneto Orientale.<\/p>\n<p>&nbsp;<\/p>\n<p>&nbsp;<\/p>\n<p>&nbsp;<\/p>\n<h1>Dolomites Bike Day La carica degli 8500 partecipanti<\/h1>\n<p><strong><a class=\"dt-pswp-item\" href=\"http:\/\/www.radiopiu.net\/wordpress\/wp-content\/uploads\/2019\/06\/00127\u00a9-freddy-planinschek.jpg\" data-dt-img-description=\"\" data-large_image_width=\"5760\" data-large_image_height=\"3840\"><img loading=\"lazy\" decoding=\"async\" class=\" wp-image-88603 alignleft\" src=\"http:\/\/www.radiopiu.net\/wordpress\/wp-content\/uploads\/2019\/06\/00127\u00a9-freddy-planinschek-300x200.jpg\" alt=\"\" width=\"209\" height=\"139\" srcset=\"https:\/\/www.radiopiu.net\/wordpress\/wp-content\/uploads\/2019\/06\/00127\u00a9-freddy-planinschek-300x200.jpg 300w, https:\/\/www.radiopiu.net\/wordpress\/wp-content\/uploads\/2019\/06\/00127\u00a9-freddy-planinschek-768x512.jpg 768w, https:\/\/www.radiopiu.net\/wordpress\/wp-content\/uploads\/2019\/06\/00127\u00a9-freddy-planinschek-1024x683.jpg 1024w\" sizes=\"auto, (max-width: 209px) 100vw, 209px\" \/><\/a>LIVINALLONGO<\/strong> Manuel Roncat presidente di Arabba Fodom Turismo ci parla del successo di ieri del Dolomites Bike Day con circa 8000 ciclisti che hanno pedalato sui passi dolomitici, e del tanto atteso Sellaronda bike day che si terra&#8217; domenica sui 4 passi dolomitici attorno al massiccio del Sella.<\/p>\n<p>AUDIO<\/p>\n<audio class=\"wp-audio-shortcode\" id=\"audio-88524-4\" preload=\"none\" style=\"width: 100%;\" controls=\"controls\"><source type=\"audio\/mpeg\" src=\"http:\/\/www.radiopiu.net\/wordpress\/wp-content\/uploads\/2019\/06\/manuel-roncat-sellaronda-bike-day.mp3?_=4\" \/><a href=\"http:\/\/www.radiopiu.net\/wordpress\/wp-content\/uploads\/2019\/06\/manuel-roncat-sellaronda-bike-day.mp3\">http:\/\/www.radiopiu.net\/wordpress\/wp-content\/uploads\/2019\/06\/manuel-roncat-sellaronda-bike-day.mp3<\/a><\/audio>\n<p>&nbsp;<\/p>\n<p>&nbsp;<\/p>\n<h1><span style=\"color: #800000;\"><strong>FOTO SERVIZIO<\/strong><\/span><\/h1>\n<blockquote class=\"wp-embedded-content\" data-secret=\"VdXB3fg2RB\"><p><a href=\"http:\/\/www.radiopiu.net\/wordpress\/dolomites-bike-day-la-carica-degli-8500-partecipanti\/\">Dolomites Bike Day  La carica degli 8500 partecipanti<\/a><\/p><\/blockquote>\n<p><iframe loading=\"lazy\" class=\"wp-embedded-content\" sandbox=\"allow-scripts\" security=\"restricted\" style=\"position: absolute; clip: rect(1px, 1px, 1px, 1px);\" src=\"http:\/\/www.radiopiu.net\/wordpress\/dolomites-bike-day-la-carica-degli-8500-partecipanti\/embed\/#?secret=VdXB3fg2RB\" data-secret=\"VdXB3fg2RB\" width=\"600\" height=\"338\" title=\"&#8220;Dolomites Bike Day  La carica degli 8500 partecipanti&#8221; &#8212; Radio Pi\u00f9\" frameborder=\"0\" marginwidth=\"0\" marginheight=\"0\" scrolling=\"no\"><\/iframe><\/p>\n<p>&nbsp;<\/p>\n<p>&nbsp;<\/p>\n<p>&nbsp;<\/p>\n<p>&nbsp;<\/p>\n<h2><span style=\"color: #ff0000;\"><strong>Veneto dimenticato da Lega e M5S<\/strong><\/span><\/h2>\n<h1>Scartato l\u2019emendamento di De Menech per istituzione zona Franca a seguito tempesta Vaia<\/h1>\n<p>DALLA RASSEGNA STAMPA<\/p>\n<audio class=\"wp-audio-shortcode\" id=\"audio-88524-5\" preload=\"none\" style=\"width: 100%;\" controls=\"controls\"><source type=\"audio\/mpeg\" src=\"http:\/\/www.radiopiu.net\/wordpress\/wp-content\/uploads\/2019\/06\/OGER.mp3?_=5\" \/><a href=\"http:\/\/www.radiopiu.net\/wordpress\/wp-content\/uploads\/2019\/06\/OGER.mp3\">http:\/\/www.radiopiu.net\/wordpress\/wp-content\/uploads\/2019\/06\/OGER.mp3<\/a><\/audio>\n<p><strong>ROMA<\/strong>\u00a0 L\u2019emendamento presentato dal deputato Roger De Menech per l\u2019istituzione in Veneto di una zona franca a ristoro dei danni per l\u2019alluvione di ottobre non \u00e8 stato votato. \u00abL\u2019emendamento\u00bb, commenta De Menech, \u00abriprendeva la sollecitazione delle associazioni di categoria. Il governo metter\u00e0 la fiducia sul decreto crescita che arriver\u00e0 in aula la settimana prossima, e quindi ha fatto decadere decine di emendamenti e, di conseguenza, la possibilit\u00e0 di adattare almeno in parte la legge alle esigenze dei territori. \u00abOrmai ci hanno abituato che le decisioni vengono prese a Roma da un gruppo ristrettissimo di persone e poi applicate indifferentemente in tutto il Paese. \u00c8 il contrario del federalismo, ma questa \u00e8 la Lega\u00bb. Le zone franche sono ambiti territoriali, di dimensione prestabilita, dove si concentrano programmi di defiscalizzazione e decontribuzione rivolti alle imprese. Visti i danni subiti a fine ottobre per la tempesta Vaia, in molti hanno chiesto l\u2019istituzione in Veneto di alcune zone franche, almeno nelle aree pi\u00f9 colpite. \u00abIn Italia del resto ce ne sono diverse\u00bb, ricorda De Menech, \u00abquasi tutte istituite dopo calamit\u00e0 naturali o disastri di particolare rilevanza, come il terremoto in Abruzzo del 2009, quello in Emilia e Lombardia del 2012, l\u2019alluvione in Sardegna del 2013, il crollo del ponte Morandi a Genova\u00bb. Il governo e soprattutto i partiti di maggioranza, Lega e Movimento 5 Stelle, sottolinea De Menech, \u00abfanno finta di niente invece nel caso del Veneto e del Bellunese. Spero che i cittadini e le imprese chiedano loro conto di questo comportamento\u00bb. Non sar\u00e0 discusso neppure l\u2019emendamento, sempre a firma De Menech, con cui si attenuavano le sanzioni al decreto sicurezza per la guida di autoveicoli immatricolati all\u2019estero.<\/p>\n<p>&nbsp;<\/p>\n<p>&nbsp;<\/p>\n<p>&nbsp;<\/p>\n<h1>Il Comune di Feltre riceve la bandiera verde di Legambiente.<\/h1>\n<p><strong><a class=\"dt-pswp-item\" href=\"http:\/\/www.radiopiu.net\/wordpress\/wp-content\/uploads\/2019\/06\/IMG-20190615-WA0041.jpg\" data-dt-img-description=\"\" data-large_image_width=\"1600\" data-large_image_height=\"1200\"><img loading=\"lazy\" decoding=\"async\" class=\"size-medium wp-image-88610 alignleft\" src=\"http:\/\/www.radiopiu.net\/wordpress\/wp-content\/uploads\/2019\/06\/IMG-20190615-WA0041-300x225.jpg\" alt=\"\" width=\"300\" height=\"225\" srcset=\"https:\/\/www.radiopiu.net\/wordpress\/wp-content\/uploads\/2019\/06\/IMG-20190615-WA0041-300x225.jpg 300w, https:\/\/www.radiopiu.net\/wordpress\/wp-content\/uploads\/2019\/06\/IMG-20190615-WA0041-768x576.jpg 768w, https:\/\/www.radiopiu.net\/wordpress\/wp-content\/uploads\/2019\/06\/IMG-20190615-WA0041-1024x768.jpg 1024w, https:\/\/www.radiopiu.net\/wordpress\/wp-content\/uploads\/2019\/06\/IMG-20190615-WA0041.jpg 1600w\" sizes=\"auto, (max-width: 300px) 100vw, 300px\" \/><\/a>FELTRE<\/strong>\u00a0 Il Comune di Feltre si aggiudica una delle 17 bandiere verdi 2019 di Legambiente. L\u2019ufficializzazione e la consegna del riconoscimento sono avvenute oggi, nel corso della due giorni del quinto summit di Carovana delle Alpi organizzato a Valdieri, in provincia di Cuneo. Le bandiere verdi di Legambiente sono assegnate ad amministrazioni, associazioni e cittadini che si impegnano per la tutela della biodiversit\u00e0 a rischio, la valorizzazione dell\u2019agricoltura e delle antiche tradizioni, ma anche la mobilit\u00e0 sostenibile, l\u2019efficienza energetica e la didattica innovativa al centro delle pratiche virtuose dell\u2019arco alpino, con un occhio di riguardo al tema dei cambiamenti climatici.<br \/>\n\u201cIl nostro approccio al dopo-tempesta vuole essere globale: \u00e8 stata apprezzata inoltre la visione integrata per la rigenerazione del patrimonio arboreo urbano del dopo Vaia con il progetto &#8220;fratello albero&#8221; che si sviluppa in occasioni di approfondimenti culturali e in azioni conseguenti operative, attraverso percorsi partecipativi di cittadinanza\u201d, le parole dell\u2019assessore all\u2019ambiente del Comune di Feltre Valter Bonan.<\/p>\n<p>AI MICROFONI DI RADIO PIU&#8217; L&#8217;ASSESSORE ADIS ZATTA<\/p>\n<audio class=\"wp-audio-shortcode\" id=\"audio-88524-6\" preload=\"none\" style=\"width: 100%;\" controls=\"controls\"><source type=\"audio\/mpeg\" src=\"http:\/\/www.radiopiu.net\/wordpress\/wp-content\/uploads\/2019\/06\/ZATTA-1.mp3?_=6\" \/><a href=\"http:\/\/www.radiopiu.net\/wordpress\/wp-content\/uploads\/2019\/06\/ZATTA-1.mp3\">http:\/\/www.radiopiu.net\/wordpress\/wp-content\/uploads\/2019\/06\/ZATTA-1.mp3<\/a><\/audio>\n<p>&nbsp;<\/p>\n<p>&nbsp;<\/p>\n<p>&nbsp;<\/p>\n<h2><span style=\"color: #ff0000;\">LA RIFLESSIONE<\/span><\/h2>\n<h2>UN CARTA DI ASSISI ANCHE PER I POLITICI<\/h2>\n<p><a class=\"dt-pswp-item\" href=\"http:\/\/www.radiopiu.net\/wordpress\/wp-content\/uploads\/2019\/06\/P_20190615_170509_vHDR_Auto_1.jpg\" data-dt-img-description=\"\" data-large_image_width=\"1574\" data-large_image_height=\"2556\"><img loading=\"lazy\" decoding=\"async\" class=\"size-medium wp-image-88626 alignleft\" src=\"http:\/\/www.radiopiu.net\/wordpress\/wp-content\/uploads\/2019\/06\/P_20190615_170509_vHDR_Auto_1-185x300.jpg\" alt=\"\" width=\"185\" height=\"300\" srcset=\"https:\/\/www.radiopiu.net\/wordpress\/wp-content\/uploads\/2019\/06\/P_20190615_170509_vHDR_Auto_1-185x300.jpg 185w, https:\/\/www.radiopiu.net\/wordpress\/wp-content\/uploads\/2019\/06\/P_20190615_170509_vHDR_Auto_1-768x1247.jpg 768w, https:\/\/www.radiopiu.net\/wordpress\/wp-content\/uploads\/2019\/06\/P_20190615_170509_vHDR_Auto_1-631x1024.jpg 631w, https:\/\/www.radiopiu.net\/wordpress\/wp-content\/uploads\/2019\/06\/P_20190615_170509_vHDR_Auto_1.jpg 1574w\" sizes=\"auto, (max-width: 185px) 100vw, 185px\" \/><\/a>&#8220;Nessun intento propagandistico per incentivare la vendita di un libro, bens\u00ec l&#8217;utilizzo di una recente pubblicazione editoriale per esprimere apprezzamento a tutti coloro che, a vario titolo, hanno scritto le pagine ricche di valori umani, raccolte nella Carta di Assisi. Questa Carta, condivisa nella citt\u00e0 della pace, ha come faro la luce della Costituzione e come maestri di riferimento: San Francesco, il Presidente della Repubblica e Papa Francesco. Leggendola mi sono convinto che La Carta di Assisi, oltre che essere un valido testo di lettura per tutti, pu\u00f2 benissimo essere presa come esempio dai nostri politici per una Carta di effettivo loro impegno sociale per: la verit\u00e0, l&#8217;onest\u00e0, la solidariet\u00e0, la pace e la giustizia. Sostanzialmente una Carta della Politica per il buon governo e per cancellare l&#8217;odio&#8221;.<\/p>\n<p>&nbsp;<\/p>\n<p>&nbsp;<\/p>\n<p>&nbsp;<\/p>\n<p>&nbsp;<\/p>\n<p>&nbsp;<\/p>\n<p>&nbsp;<\/p>\n<h2><a class=\"dt-pswp-item\" href=\"http:\/\/www.radiopiu.net\/wordpress\/wp-content\/uploads\/2019\/06\/62611137_366674714048638_3527949702450380800_n.jpg\" data-dt-img-description=\"\" data-large_image_width=\"512\" data-large_image_height=\"720\"><img loading=\"lazy\" decoding=\"async\" class=\" wp-image-88536 alignleft\" src=\"http:\/\/www.radiopiu.net\/wordpress\/wp-content\/uploads\/2019\/06\/62611137_366674714048638_3527949702450380800_n-213x300.jpg\" alt=\"\" width=\"149\" height=\"210\" srcset=\"https:\/\/www.radiopiu.net\/wordpress\/wp-content\/uploads\/2019\/06\/62611137_366674714048638_3527949702450380800_n-213x300.jpg 213w, https:\/\/www.radiopiu.net\/wordpress\/wp-content\/uploads\/2019\/06\/62611137_366674714048638_3527949702450380800_n.jpg 512w\" sizes=\"auto, (max-width: 149px) 100vw, 149px\" \/><\/a>IN SALA DON TAMIS IL BELLO DOLOMITICO<\/h2>\n<p><strong>AGORDO<\/strong>\u00a0 Dolomiti Amo, l&#8217;Agordino abbraccia le montagne patrimonio mondiale dell&#8217;umanit\u00e0 \u00e8 il titolo della mostra fotografica che sar\u00e0 allestita ad Agordo dall&#8217;8 al 25 agosto con le fotografie di tanti autori locali. Sar\u00e0 inaugurata l&#8217;8 agosto alle 18.30 e rimarr\u00e0 aperta dalle 10 alle 12 e dalle 19 alle 22 fino al 25 agosto.<\/p>\n<p>&nbsp;<\/p>\n<p>&nbsp;<\/p>\n<h2><\/h2>\n<h2><\/h2>\n<h2><\/h2>\n<h2><\/h2>\n<h2>THE SHOW MUST GO ON: IL SAGGIO DI FINE ANNO SULLE NOTE DEI QUEEN<\/h2>\n<p><strong><a class=\"dt-pswp-item\" href=\"http:\/\/www.radiopiu.net\/wordpress\/wp-content\/uploads\/2019\/06\/Saggio_sincro_2019.jpg\" data-dt-img-description=\"\" data-large_image_width=\"1326\" data-large_image_height=\"884\"><img loading=\"lazy\" decoding=\"async\" class=\" wp-image-88623 alignleft\" src=\"http:\/\/www.radiopiu.net\/wordpress\/wp-content\/uploads\/2019\/06\/Saggio_sincro_2019-300x200.jpg\" alt=\"\" width=\"254\" height=\"169\" srcset=\"https:\/\/www.radiopiu.net\/wordpress\/wp-content\/uploads\/2019\/06\/Saggio_sincro_2019-300x200.jpg 300w, https:\/\/www.radiopiu.net\/wordpress\/wp-content\/uploads\/2019\/06\/Saggio_sincro_2019-768x512.jpg 768w, https:\/\/www.radiopiu.net\/wordpress\/wp-content\/uploads\/2019\/06\/Saggio_sincro_2019-1024x683.jpg 1024w, https:\/\/www.radiopiu.net\/wordpress\/wp-content\/uploads\/2019\/06\/Saggio_sincro_2019.jpg 1326w\" sizes=\"auto, (max-width: 254px) 100vw, 254px\" \/><\/a>BELLUNO<\/strong> Pubblico delle grandi occasioni e tante emozioni per le atlete del nuoto sincronizzato Dopo tre giorni roventi di \u201cSportivamente in festa\u201d, la squadra delle Water Butter\ufb02ies ha chiuso la stagione con uno spettacolare ed emozionante saggio di nuoto sincronizzato: \u201cThe show must go on\u201d.\u00a0 Tutte le sincronette, dalle Esordienti alle Juniores, si sono esibite nelle loro splendide coreogra\ufb01e acquatiche sulle musiche dei Queen: compreso un \u201cpiccolo\u201d Freddie-Isacco, unica presenza maschile del gruppo. Grande entusiasmo e tanta emozione tra il partecipe e fedele pubblico, che tutti gli anni accorre numeroso a un evento unico in provincia. La festa \u00e8 proseguita poi alla frasca del Comitato Pollicino con la cena offerta dalla Sportivamente all\u2019intera squadra. In attesa di settembre, quando riprenderanno gli allenamenti della nuova stagione, la Sportivamente Belluno aprir\u00e0 i corsi estivi per avvicinare nuovi atleti a questa meravigliosa e complessa disciplina sportiva. Disciplina che, nel territorio, pu\u00f2 fare af\ufb01damento su un autentico punto di riferimento: Manuela Checconi<\/p>\n<p>&nbsp;<\/p>\n<p>&nbsp;<\/p>\n<p>&nbsp;<\/p>\n<p>&nbsp;<\/p>\n<p>&nbsp;<\/p>\n<blockquote class=\"wp-embedded-content\" data-secret=\"AafyZyYEZy\"><p><a href=\"http:\/\/www.radiopiu.net\/wordpress\/e-in-arrivo-il-lunedi-nero-delle-tasse\/\">E\u2019 IN ARRIVO IL LUNEDI\u2019 \u201cNERO\u201d DELLE TASSE<\/a><\/p><\/blockquote>\n<p><iframe loading=\"lazy\" class=\"wp-embedded-content\" sandbox=\"allow-scripts\" security=\"restricted\" style=\"position: absolute; clip: rect(1px, 1px, 1px, 1px);\" src=\"http:\/\/www.radiopiu.net\/wordpress\/e-in-arrivo-il-lunedi-nero-delle-tasse\/embed\/#?secret=AafyZyYEZy\" data-secret=\"AafyZyYEZy\" width=\"600\" height=\"338\" title=\"&#8220;E\u2019 IN ARRIVO IL LUNEDI\u2019 \u201cNERO\u201d DELLE TASSE&#8221; &#8212; Radio Pi\u00f9\" frameborder=\"0\" marginwidth=\"0\" marginheight=\"0\" scrolling=\"no\"><\/iframe><\/p>\n<h3><\/h3>\n<p>&nbsp;<\/p>\n<p>&nbsp;<\/p>\n<p>&nbsp;<\/p>\n<p>&nbsp;<\/p>\n<h2>LE MUSE &amp; LE DOLOMITI VII EDIZIONE<\/h2>\n<blockquote><p><span style=\"color: #ff0000;\"><strong>DOMANI ALLE 15.10 E ALLE 21.00 LO SPECIALE ALLA RADIO CON ODA ZOE HOCHSCHEID ED ANTONELLA SCHENA<\/strong><\/span><\/p><\/blockquote>\n<p><strong><a class=\"dt-pswp-item\" href=\"http:\/\/www.radiopiu.net\/wordpress\/wp-content\/uploads\/2019\/06\/images-3.jpg\" data-dt-img-description=\"\" data-large_image_width=\"275\" data-large_image_height=\"183\"><img loading=\"lazy\" decoding=\"async\" class=\"size-full wp-image-88291 alignleft\" src=\"http:\/\/www.radiopiu.net\/wordpress\/wp-content\/uploads\/2019\/06\/images-3.jpg\" alt=\"\" width=\"275\" height=\"183\" \/><\/a>FALCADE<\/strong> Venerdi 28 giugno nella chiesa parrochiale di San Tomaso si apre la nuova stagione de Le Muse con un concerto di lirica e musica vocale sacra, Oda Zoe Hochscheid, mezzosoprano Ai Yoshida, clavicembalo e organo. L\u2019edizione del 2018 ha visto il debutto nella Chiesa di San Tomaso Apostolo. Il concerto sar\u00e0 l\u2019occasione per dare lustro musicale all\u2019importante Festa del Santo Patrono, che cade il 3 luglio, e per inaugurare la Settima Edizione di \u201cLe Muse e le Dolomiti\u201d. E&#8217; solo il primo di sette appuntamenti<\/p>\n<p>&nbsp;<\/p>\n<p>&nbsp;<\/p>\n<h1><\/h1>\n<h1><\/h1>\n<h1><\/h1>\n<h1><\/h1>\n<h1>SCOPRI I GRANDI EVENTI OUTDOOR DELL\u2019ESTATE DI ALLEGHE Spartan Race, Transcivetta e Adventure Outdoor Fest. Tante opportunit\u00e0 per tutti, famiglie e sportivi.<\/h1>\n<p><strong><em>ALLEGHE <\/em>&#8211;<\/strong> La stagione estiva delle <strong>Dolomiti Bellunesi<\/strong> si prepara a entrare nel vivo e <strong>Alleghe<\/strong> (info <a href=\"https:\/\/www.alleghefunivie.com\/\">https:\/\/www.alleghefunivie.com\/<\/a>) \u00e8 pronta ad accogliere i suoi ospiti. Numerose le opportunit\u00e0 e i servizi offerti dalla zona Civetta che si conferma una meta ideale sia per le famiglie alla ricerca di relax e tranquillit\u00e0 che per chi desidera una <strong>vacanza attiva<\/strong> per vivere a pieno quelle emozioni che solo la natura e la montagna sanno regalare.<\/p>\n<p><img loading=\"lazy\" decoding=\"async\" class=\"alignleft\" src=\"https:\/\/atcommunication.cc\/i\/uploads\/25853\/p\/Dolomiti_Alleghe_Lago_Estate.png\" alt=\"\" width=\"363\" height=\"203\" \/>Foto: il Lago di Alleghe e il Monte Civetta.<br \/>\nSe d\u2019inverno la parola d\u2019ordine \u00e8 neve e sci, il verde dell\u2019estate apre invece nuovi orizzonti altrettanto stimolanti. Ad Alleghe si possono fare <strong>escursioni <\/strong>e <strong>trekking <\/strong>di ogni tipo e livello, spaziando dalle <strong>passeggiate <\/strong>lungo il lago o in quota fino alle <strong>vie ferrate<\/strong> per i pi\u00f9 esperti. Ci sono le due ruote con molteplici opportunit\u00e0 dalla <strong>mountain bike<\/strong>, tra sentieri e malghe, ai giri in <strong>bicicletta <\/strong>su strada affrontando le salite pi\u00f9 belle delle Dolomiti. Poi ci sono le <strong>attivit\u00e0 per la famiglia<\/strong> con un occhio di riguardo ai pi\u00f9 piccoli con la <strong>Ally Farm<\/strong>, un\u2019oasi di relax e semplicit\u00e0 da cui muovere alla scoperta della natura, ma anche emozioni pi\u00f9 adrenaliniche con il <strong> Civetta Adventure Park<\/strong>. Senza dimenticare uno dei must del territorio, la <strong>gastronomia <\/strong>tutta da scoprire e assaporare facendo sosta nei <strong>rifugi <\/strong>e nelle <strong>malghe <\/strong>che costellano la zona. Per scoprire questo magico mondo dal paese di Alleghe \u00e8 sufficiente salire con una comoda e pratica <strong>cabinovia <\/strong>ai Piani di Pezz\u00e8, a quota 1470 mt, e da qui per chi vuole si pu\u00f2 proseguire con una seconda cabinovia sino a Col dei Baldi, a quota 1922mt. Per la stagione estiva gli <strong>impianti di risalita<\/strong> saranno <strong>aperti tutti i giorni dal 22 giugno al 22 settembre<\/strong>. A un\u2019offerta turistica di prim\u2019ordine, per chi vuole una vacanza attiva all\u2019insegna dello sport si aggiunge anche un calendario eventi a dir poco entusiasmante. Gli <strong>eventi <\/strong>votati all\u2019attivit\u00e0 <strong>outdoor <\/strong>non mancano. Si comincia il week-end del <strong>29-30 giugno<\/strong> con l\u2019evento <strong>Spartan European Championship Dolomiti Alleghe-Civetta<\/strong> 2019. Un mondo affascinante quello della <strong>Spartan Race<\/strong>. Questa \u00e8 una sfida con se stessi prima ancora che contro gli atri. Un\u2019esperienza unica, dura e avvinciente che mette a dura prova il fisico e la mente. Il format della gara prevede che i concorrenti devono affrontare dei percorsi, disseminati di ostacoli e prove da superare, che si differenziano per lunghezza. Ad Alleghe ci sar\u00e0 la distanza <strong>Spartan Beast<\/strong> 21 km con pi\u00f9 di 30 ostacoli, la <strong>Spartan Super<\/strong> 13 km con pi\u00f9 di 25 ostacoli e la <strong>Spartan Sprint<\/strong> 5 km con pi\u00f9 di 20 ostacoli. Questo \u00e8 un campionato europeo e sono attesi oltre 5000 partecipanti provenienti dalle national series che si sono svolte in precedenza in tutto il continente. Ad Alleghe nel corso del week-end saranno coinvolti anche i <em>\u201cpiccoli guerrieri spartani\u201d<\/em> che, dai 4 ai 15 anni, potranno partecipare alla <strong>Spartan Kids<\/strong>, percorso che si articola da 750m ai 2.5km con almeno 7 o 14 ostacoli. I bambini saranno divisi in batterie per et\u00e0.<\/p>\n<p>Info evento: <a href=\"https:\/\/www.spartanrace.it\/it \">https:\/\/www.spartanrace.it\/it <\/a><\/p>\n<p><img loading=\"lazy\" decoding=\"async\" class=\"alignleft\" src=\"https:\/\/atcommunication.cc\/i\/uploads\/25853\/p\/SpartanRace_Alleghe_IMG.png\" alt=\"\" width=\"437\" height=\"285\" \/><br \/>\nFoto: i concorrenti della Spartan Race in azione.<br \/>\n<strong>Domenica 21 luglio<\/strong> ci sar\u00e0 poi un appuntamento fisso per questo territorio, la <strong>Transcivetta Karpos<\/strong> 2019. La pi\u00f9 famosa competizione di <strong>corsa in montagna<\/strong> a coppie delle Dolomiti \u00e8 giunta alla sua 39a edizione. La gara si snoda lungo un tracciato di 23.5 km con oltre 2000 metri di dislivello dalla frazione di Listolade (Comune di Taibon Agordino) ai Piani di Pezz\u00e8, ad Alleghe, attraversando le pi\u00f9 belle localit\u00e0 dolomitiche ai piedi del monte Civetta. Sono tantissimi gli appassionati che vogliono partecipare alla gara ma per ragioni organizzative c\u2019\u00e8 un numero fisso di 1000 coppie al via. Ogni anno la manifestazione ospita migliaia di spettatori lungo tutto il tracciato e in localit\u00e0 Piani di Pezz\u00e8. Al termine della competizione presso l\u2019arrivo si svolge una divertente festa aperta a tutti.<\/p>\n<p>Info evento: <a href=\"https:\/\/www.transcivetta.com\/\">https:\/\/www.transcivetta.com\/<\/a><\/p>\n<p>Da non perdere anche l\u2019 <strong>Adventure Outdoor Fest<\/strong> in programma <strong>dal 25 al 28 luglio<\/strong>. Questo evento si propone come punto di riferimento per gli amanti dello stile di vita outdoor e della montagna e per gli appassionati di natura e avventura. Con un programma ricco di esperienze e attivit\u00e0 sportive, questo festival della montagna diventa un\u2019occasione unica per riconnettersi alla natura e ricaricarsi grazie ad essa, un\u2019opportunit\u00e0 per trovare equilibrio e armonia dentro e fuori se stessi. Insomma un evento tutto da scoprire!<\/p>\n<p>Vai al programma completo: <a href=\"https:\/\/www.adventureoutdoorfest.com\/programma.php?annoProgramma=2019 \">https:\/\/www.adventureoutdoorfest.com\/programma.php?annoProgramma=2019<\/a><\/p>\n<p>&nbsp;<\/p>\n<h1><\/h1>\n<h1><\/h1>\n<p>&nbsp;<\/p>\n<h1>GLI SPECIALI ALLA RADIO<\/h1>\n<p><strong>LIVINALLONGO<\/strong> Nella splendida e soleggiata giornata di ieri \u00e8 iniziata la stagione\u00a0 del castello di Andraz, sperimentado\u00a0 il primo <a class=\"_58cn\" href=\"https:\/\/www.facebook.com\/hashtag\/culturalday?source=feed_text&amp;epa=HASHTAG&amp;__xts__%5B0%5D=68.ARAOy_kPlRTP3ca2abzZUVv7-8WJUFM8GH6boDDQXb19TfQL5iUY50_6j5KlmqRzXGuvrrt3WK_qPu9UmcJlyjcXKP9MfDgk0neIbDibCaF72wQ4VYisqvsXBhkjfECT_EyU-3AuXUkztDJPxU1hR7nANkOMqF-cu5txRJlkyIuILwnXE9xYyVdSw0Kda9y6vzS4piweP88wX9yvJkV5w2RMaa_nVIjID16XIMl-QpyVfN43RZMUY7WdgLeEoi1YFQ5aAte8_1ervoZb1ktRLevOGVVcZu9jFJKaSqeA3UZ2e2rY6QNZZ6oRCFvQ7mvGN9kXENSz5kxXxSAV48rPR9lLKw&amp;__tn__=%2ANKH-R\" data-ft=\"{&quot;type&quot;:104,&quot;tn&quot;:&quot;*N&quot;}\"><span class=\"_5afx\"><span class=\"_58cl _5afz\" aria-label=\"hashtag\">#<\/span><span class=\"_58cm\">CulturalDay<\/span><\/span><\/a> con l&#8217;inaugurazione della mostra di Alberto Ba<span class=\"text_exposed_show\">ttarelli\u00a0<\/span><\/p>\n<p><span class=\"text_exposed_show\"> orari di apertura del castello (dal marted\u00ec alla domenica, dalle 10.00 alle 12.30 e dalle 15.00 alle 18.00) e fino al 21 luglio<\/span><\/p>\n<p><strong>foto LEANDRO GRONES<\/strong><\/p>\n<p><a class=\"dt-pswp-item\" href=\"http:\/\/www.radiopiu.net\/wordpress\/wp-content\/uploads\/2019\/06\/64596596_2285667644852552_6463951576053579776_n.jpg\" data-dt-img-description=\"\" data-large_image_width=\"960\" data-large_image_height=\"720\"><img loading=\"lazy\" decoding=\"async\" class=\"alignnone wp-image-88687\" src=\"http:\/\/www.radiopiu.net\/wordpress\/wp-content\/uploads\/2019\/06\/64596596_2285667644852552_6463951576053579776_n-300x225.jpg\" alt=\"\" width=\"399\" height=\"299\" srcset=\"https:\/\/www.radiopiu.net\/wordpress\/wp-content\/uploads\/2019\/06\/64596596_2285667644852552_6463951576053579776_n-300x225.jpg 300w, https:\/\/www.radiopiu.net\/wordpress\/wp-content\/uploads\/2019\/06\/64596596_2285667644852552_6463951576053579776_n-768x576.jpg 768w, https:\/\/www.radiopiu.net\/wordpress\/wp-content\/uploads\/2019\/06\/64596596_2285667644852552_6463951576053579776_n.jpg 960w\" sizes=\"auto, (max-width: 399px) 100vw, 399px\" \/><\/a><a class=\"dt-pswp-item\" href=\"http:\/\/www.radiopiu.net\/wordpress\/wp-content\/uploads\/2019\/06\/64427125_2285663591519624_4343566053545082880_n.jpg\" data-dt-img-description=\"\" data-large_image_width=\"720\" data-large_image_height=\"960\"><img loading=\"lazy\" decoding=\"async\" class=\"alignnone size-medium wp-image-88688\" src=\"http:\/\/www.radiopiu.net\/wordpress\/wp-content\/uploads\/2019\/06\/64427125_2285663591519624_4343566053545082880_n-225x300.jpg\" alt=\"\" width=\"225\" height=\"300\" srcset=\"https:\/\/www.radiopiu.net\/wordpress\/wp-content\/uploads\/2019\/06\/64427125_2285663591519624_4343566053545082880_n-225x300.jpg 225w, https:\/\/www.radiopiu.net\/wordpress\/wp-content\/uploads\/2019\/06\/64427125_2285663591519624_4343566053545082880_n.jpg 720w\" sizes=\"auto, (max-width: 225px) 100vw, 225px\" \/><\/a><a class=\"dt-pswp-item\" href=\"http:\/\/www.radiopiu.net\/wordpress\/wp-content\/uploads\/2019\/06\/64402673_2285664074852909_2526049903784755200_n.jpg\" data-dt-img-description=\"\" data-large_image_width=\"960\" data-large_image_height=\"720\"><img loading=\"lazy\" decoding=\"async\" class=\"alignnone wp-image-88689\" src=\"http:\/\/www.radiopiu.net\/wordpress\/wp-content\/uploads\/2019\/06\/64402673_2285664074852909_2526049903784755200_n-300x225.jpg\" alt=\"\" width=\"323\" height=\"242\" srcset=\"https:\/\/www.radiopiu.net\/wordpress\/wp-content\/uploads\/2019\/06\/64402673_2285664074852909_2526049903784755200_n-300x225.jpg 300w, https:\/\/www.radiopiu.net\/wordpress\/wp-content\/uploads\/2019\/06\/64402673_2285664074852909_2526049903784755200_n-768x576.jpg 768w, https:\/\/www.radiopiu.net\/wordpress\/wp-content\/uploads\/2019\/06\/64402673_2285664074852909_2526049903784755200_n.jpg 960w\" sizes=\"auto, (max-width: 323px) 100vw, 323px\" \/><\/a><a class=\"dt-pswp-item\" href=\"http:\/\/www.radiopiu.net\/wordpress\/wp-content\/uploads\/2019\/06\/63772255_2285663038186346_4466806085654675456_n.jpg\" data-dt-img-description=\"\" data-large_image_width=\"960\" data-large_image_height=\"720\"><img loading=\"lazy\" decoding=\"async\" class=\"alignnone wp-image-88690\" src=\"http:\/\/www.radiopiu.net\/wordpress\/wp-content\/uploads\/2019\/06\/63772255_2285663038186346_4466806085654675456_n-300x225.jpg\" alt=\"\" width=\"324\" height=\"243\" srcset=\"https:\/\/www.radiopiu.net\/wordpress\/wp-content\/uploads\/2019\/06\/63772255_2285663038186346_4466806085654675456_n-300x225.jpg 300w, https:\/\/www.radiopiu.net\/wordpress\/wp-content\/uploads\/2019\/06\/63772255_2285663038186346_4466806085654675456_n-768x576.jpg 768w, https:\/\/www.radiopiu.net\/wordpress\/wp-content\/uploads\/2019\/06\/63772255_2285663038186346_4466806085654675456_n.jpg 960w\" sizes=\"auto, (max-width: 324px) 100vw, 324px\" \/><\/a><\/p>\n<h2>CASTELLO DI ANDRAZ<\/h2>\n<p><a class=\"dt-pswp-item\" href=\"http:\/\/www.radiopiu.net\/wordpress\/wp-content\/uploads\/2015\/08\/castello-Andraz-2.jpg\" data-dt-img-description=\"\" data-large_image_width=\"477\" data-large_image_height=\"480\"><img loading=\"lazy\" decoding=\"async\" class=\"wp-image-9455 alignleft\" src=\"http:\/\/www.radiopiu.net\/wordpress\/wp-content\/uploads\/2015\/08\/castello-Andraz-2-298x300.jpg\" alt=\"\" width=\"123\" height=\"124\" \/><\/a><\/p>\n<p>&nbsp;<\/p>\n<p>Eleonora De Mattia e Denni Dorigo ospiti in studio per presentare le attivita&#8217; estive dell&#8217;Istitut Cultural Ladin Cesa De Jan. In primo piano l&#8217;apertura al pubblico del Castello di Andraz, tradizionalmente fissata per il 15 giugno, con data mantenuta anche in quest&#8217;occasione.<\/p>\n<audio class=\"wp-audio-shortcode\" id=\"audio-88524-7\" preload=\"none\" style=\"width: 100%;\" controls=\"controls\"><source type=\"audio\/mpeg\" src=\"http:\/\/www.radiopiu.net\/wordpress\/wp-content\/uploads\/2019\/06\/castello-andraz-settimana-prossima-2.mp3?_=7\" \/><a href=\"http:\/\/www.radiopiu.net\/wordpress\/wp-content\/uploads\/2019\/06\/castello-andraz-settimana-prossima-2.mp3\">http:\/\/www.radiopiu.net\/wordpress\/wp-content\/uploads\/2019\/06\/castello-andraz-settimana-prossima-2.mp3<\/a><\/audio>\n<p>&nbsp;<\/p>\n<p>&nbsp;<\/p>\n<p>&nbsp;<\/p>\n<p>&nbsp;<\/p>\n<h1>GLI SPECIALI ALLA RADIO<\/h1>\n<h2>DI RENATO BONA<\/h2>\n<blockquote class=\"wp-embedded-content\" data-secret=\"McX8gmaYmw\"><p><a href=\"http:\/\/www.radiopiu.net\/wordpress\/serata-evento-solo-cose-belle-col-vescovo-renato-marangoni-di-renato-bona\/\">SERATA-EVENTO \u201cSOLO COSE BELLE\u201d COL VESCOVO RENATO MARANGONI di Renato Bona<\/a><\/p><\/blockquote>\n<p><iframe loading=\"lazy\" class=\"wp-embedded-content\" sandbox=\"allow-scripts\" security=\"restricted\" style=\"position: absolute; clip: rect(1px, 1px, 1px, 1px);\" src=\"http:\/\/www.radiopiu.net\/wordpress\/serata-evento-solo-cose-belle-col-vescovo-renato-marangoni-di-renato-bona\/embed\/#?secret=McX8gmaYmw\" data-secret=\"McX8gmaYmw\" width=\"600\" height=\"338\" title=\"&#8220;SERATA-EVENTO \u201cSOLO COSE BELLE\u201d COL VESCOVO RENATO MARANGONI di Renato Bona&#8221; &#8212; Radio Pi\u00f9\" frameborder=\"0\" marginwidth=\"0\" marginheight=\"0\" scrolling=\"no\"><\/iframe><\/p>\n<p>&nbsp;<\/p>\n<p>&nbsp;<\/p>\n<p>&nbsp;<\/p>\n<p>&nbsp;<\/p>\n<p>&nbsp;<\/p>\n<p>&nbsp;<\/p>\n<h3><a class=\"dt-pswp-item\" href=\"http:\/\/www.radiopiu.net\/wordpress\/wp-content\/uploads\/2018\/09\/appuntamenti.jpeg\" data-dt-img-description=\"\" data-large_image_width=\"800\" data-large_image_height=\"100\"><img loading=\"lazy\" decoding=\"async\" class=\"alignnone size-full wp-image-61958\" src=\"http:\/\/www.radiopiu.net\/wordpress\/wp-content\/uploads\/2018\/09\/appuntamenti.jpeg\" alt=\"\" width=\"800\" height=\"100\" srcset=\"https:\/\/www.radiopiu.net\/wordpress\/wp-content\/uploads\/2018\/09\/appuntamenti.jpeg 800w, https:\/\/www.radiopiu.net\/wordpress\/wp-content\/uploads\/2018\/09\/appuntamenti-300x38.jpeg 300w, https:\/\/www.radiopiu.net\/wordpress\/wp-content\/uploads\/2018\/09\/appuntamenti-768x96.jpeg 768w\" sizes=\"auto, (max-width: 800px) 100vw, 800px\" \/><\/a><\/h3>\n<h3>IN CORSO A COLLE SANTA LUCIA<\/h3>\n<p><strong>COLLE SANTA LUCIA<\/strong> La mostra \u201cEmigrazione dalla montagna dolomitica nel corso del novecento\u201d, progetto finanziato e organizzato dall\u2019Istituto Culturale Ladini di Colle S. Lucia \u00e8 aperta fino al 15 settembre con i seguenti orari: giugno, luglio e settembre &#8211; gioved\u00ec, venerd\u00ec e sabato dalle ore 16.00 alle 19:00; agosto &#8211; tutti i giorni dalle 16.00 alle 19.00. Per informazioni o prenotazioni di gruppi anche al di fuori di quest&#8217;orario, si prega di contattare l&#8217;Istituto Culturale Ladino \u201cCesa de Jan\u201d a Colle S. Lucia: 0437\/720609; info@istitutoladino.org &#8211; www.istitutoladino.org<\/p>\n<p>&nbsp;<\/p>\n<h3>LE CHIAVI DI SAN PIETRO APRONO GLI SCRIGNI BELLUNESI<\/h3>\n<p><strong>BELLUNO<\/strong> L&#8217;associazione Campedel presenta &#8220;Con le chiavi di San Pietro&#8221;, porte aperte a chiese e palazzi di Belluno, il 29 giugno: Battistero, Chiesa San Pietro, Palazzo Pagani Cesa, Palazzo Doglioni Dal Mas, Monte di Piet\u00e0, Archivio di Stato, Chiesa della Salute, Cammino della Sentinella. Alle 18 nel seminario Gregoriano il restauro della Via Crucis della chiesa di San Pietro alle 20.30 concerto del Conservatorio A. Steffani di Castelfranco. Il ricavato andr\u00e0 alla Vai Crucis di A. Federici nella chiesa di San Pietro.<\/p>\n<p>&nbsp;<\/p>\n<p>&nbsp;<\/p>\n<p>&nbsp;<\/p>\n<p>&nbsp;<\/p>\n<p><a class=\"dt-pswp-item\" href=\"http:\/\/www.radiopiu.net\/wordpress\/wp-content\/uploads\/2018\/09\/viabilita.jpeg\" data-dt-img-description=\"\" data-large_image_width=\"800\" data-large_image_height=\"100\"><img loading=\"lazy\" decoding=\"async\" class=\"alignnone size-full wp-image-61954\" src=\"http:\/\/www.radiopiu.net\/wordpress\/wp-content\/uploads\/2018\/09\/viabilita.jpeg\" alt=\"\" width=\"800\" height=\"100\" srcset=\"https:\/\/www.radiopiu.net\/wordpress\/wp-content\/uploads\/2018\/09\/viabilita.jpeg 800w, https:\/\/www.radiopiu.net\/wordpress\/wp-content\/uploads\/2018\/09\/viabilita-300x38.jpeg 300w, https:\/\/www.radiopiu.net\/wordpress\/wp-content\/uploads\/2018\/09\/viabilita-768x96.jpeg 768w\" sizes=\"auto, (max-width: 800px) 100vw, 800px\" \/><\/a><\/p>\n<p><strong>LA VALLE\u00a0 <\/strong>Fino\u00a031 luglio (festivi e prefestivi esclusi) senso unico a seconda delle esigenze con semaforo o movieri lungo la regionale 203 agordina in localit\u00e0 La Muda<\/p>\n<p><strong>REGIONALE 203 AGORDINA<\/strong> Fino al 28 giugno sabato e domenica escluso, senso unico alternato tra Alleghe e Caprile.<\/p>\n<p><strong>PROVINCIALE 563 DI SALESEI<\/strong> Fino al 28 giugno esclusi giorni festivi e prefestivi senso unico alternato tra Caprile e Saviner<\/p>\n<p><strong>PROVINCIALE 8 DI SAN TOMASO<\/strong> Fino\u00a0 al 28 giugno (esclusi festivi e prefestivi) senso unico alternato tra Pian Molin e Roi<\/p>\n<p><strong>PROVINCIALE 563 DI SALESEI <\/strong>Fino al 19 luglio\u00a0 In localit\u00e0 Sopracordevole in Comune di Rocca Pietore senso unico alternato con semaforo o movieri e divieto di transito ai mezzi con massa superiore a 7,5 tonellate.<\/p>\n<p>&nbsp;<\/p>\n<p>&nbsp;<\/p>\n<p>&nbsp;<\/p>\n<p>&nbsp;<\/p>\n<p>&nbsp;<\/p>\n<h2><img loading=\"lazy\" decoding=\"async\" class=\"wp-image-60761 aligncenter\" src=\"http:\/\/www.radiopiu.net\/wordpress\/wp-content\/uploads\/2018\/09\/sport.jpg\" alt=\"\" width=\"992\" height=\"124\" srcset=\"https:\/\/www.radiopiu.net\/wordpress\/wp-content\/uploads\/2018\/09\/sport.jpg 800w, https:\/\/www.radiopiu.net\/wordpress\/wp-content\/uploads\/2018\/09\/sport-300x38.jpg 300w, https:\/\/www.radiopiu.net\/wordpress\/wp-content\/uploads\/2018\/09\/sport-768x96.jpg 768w\" sizes=\"auto, (max-width: 992px) 100vw, 992px\" \/><\/h2>\n<p>&nbsp;<\/p>\n<h3>LA QUINTA EDIZIONE DI RIVA RON VA AD ERIS COSTA E MANUELA BULF<\/h3>\n<p>Sono Eris Costa e Manuela Bulf il re e la regina della quinta edizione di Riva Ron, la corsa non competitiva organizzata a Rivamonte in occasione della Sagra di Sant&#8217;Antonio. Costa ha vinto staccando Simone Manfroi di pi\u00f9 di un minuto. 6 i minuti di vantaggio della Bulf in ambito femminile che vince con il tempo di 34&#8217;28\u201d8. Nell&#8217;under 16 Danilo Masoch e Giulia Vedana vincono nelle rispettive categorie. Elia Costantini e Alyssa Friz dominano invece nella categoria under 10<\/p>\n<p><strong>LE CLASSIFICHE <\/strong>8,5 KM Maschile 1 Eris Costa 30&#8217;35\u201d1, 2. Simone Manfroi, 3. Luca Mosena <strong>8,5 Km Femminile<\/strong> 1 Manuela Bulf 34&#8217;28\u201d8, 2. Ludovica Rossi, 3. Sharon De Marco <strong>2,5 Km under 16<\/strong> 1 Maschile Danilo Masoch 11&#8217;10\u201d6, 2. Diego De Bertolis, 3. Samuel Murer <strong>2,5 km under 10 Femminile <\/strong>1 Giulia Vedana 12&#8217;11\u201d2, 2. Martina Scola, 3. Sofia Isaurico <strong>1\u00a0Km under 10 Maschile<\/strong> 1 Elia Costantini 8&#8217;10\u201d7, 2. Federico De Bernardin, 3. Nikolas Bettini <strong>1 Km under 10 Femminile <\/strong>1 Alyssa Friz 8&#8217;22\u201d1, 2. Gaia Pollazzon, 3. Rebecca Buxas<\/p>\n<p><a class=\"dt-pswp-item\" href=\"http:\/\/www.radiopiu.net\/wordpress\/wp-content\/uploads\/2019\/06\/riva-ron-podio-maschile.jpeg\" data-dt-img-description=\"\" data-large_image_width=\"1600\" data-large_image_height=\"901\"><img loading=\"lazy\" decoding=\"async\" class=\"alignnone size-medium wp-image-88520\" src=\"http:\/\/www.radiopiu.net\/wordpress\/wp-content\/uploads\/2019\/06\/riva-ron-podio-maschile-300x169.jpeg\" alt=\"\" width=\"300\" height=\"169\" srcset=\"https:\/\/www.radiopiu.net\/wordpress\/wp-content\/uploads\/2019\/06\/riva-ron-podio-maschile-300x169.jpeg 300w, https:\/\/www.radiopiu.net\/wordpress\/wp-content\/uploads\/2019\/06\/riva-ron-podio-maschile-768x432.jpeg 768w, https:\/\/www.radiopiu.net\/wordpress\/wp-content\/uploads\/2019\/06\/riva-ron-podio-maschile-1024x577.jpeg 1024w, https:\/\/www.radiopiu.net\/wordpress\/wp-content\/uploads\/2019\/06\/riva-ron-podio-maschile.jpeg 1600w\" sizes=\"auto, (max-width: 300px) 100vw, 300px\" \/><\/a><a class=\"dt-pswp-item\" href=\"http:\/\/www.radiopiu.net\/wordpress\/wp-content\/uploads\/2019\/06\/riva-ron-podio-femminile.jpeg\" data-dt-img-description=\"\" data-large_image_width=\"1600\" data-large_image_height=\"901\"><img loading=\"lazy\" decoding=\"async\" class=\"alignnone size-medium wp-image-88519\" src=\"http:\/\/www.radiopiu.net\/wordpress\/wp-content\/uploads\/2019\/06\/riva-ron-podio-femminile-300x169.jpeg\" alt=\"\" width=\"300\" height=\"169\" srcset=\"https:\/\/www.radiopiu.net\/wordpress\/wp-content\/uploads\/2019\/06\/riva-ron-podio-femminile-300x169.jpeg 300w, https:\/\/www.radiopiu.net\/wordpress\/wp-content\/uploads\/2019\/06\/riva-ron-podio-femminile-768x432.jpeg 768w, https:\/\/www.radiopiu.net\/wordpress\/wp-content\/uploads\/2019\/06\/riva-ron-podio-femminile-1024x577.jpeg 1024w, https:\/\/www.radiopiu.net\/wordpress\/wp-content\/uploads\/2019\/06\/riva-ron-podio-femminile.jpeg 1600w\" sizes=\"auto, (max-width: 300px) 100vw, 300px\" \/><\/a><a class=\"dt-pswp-item\" href=\"http:\/\/www.radiopiu.net\/wordpress\/wp-content\/uploads\/2019\/06\/riva-ron-partenza.jpeg\" data-dt-img-description=\"\" data-large_image_width=\"1600\" data-large_image_height=\"901\"><img loading=\"lazy\" decoding=\"async\" class=\"alignnone size-medium wp-image-88518\" src=\"http:\/\/www.radiopiu.net\/wordpress\/wp-content\/uploads\/2019\/06\/riva-ron-partenza-300x169.jpeg\" alt=\"\" width=\"300\" height=\"169\" srcset=\"https:\/\/www.radiopiu.net\/wordpress\/wp-content\/uploads\/2019\/06\/riva-ron-partenza-300x169.jpeg 300w, https:\/\/www.radiopiu.net\/wordpress\/wp-content\/uploads\/2019\/06\/riva-ron-partenza-768x432.jpeg 768w, https:\/\/www.radiopiu.net\/wordpress\/wp-content\/uploads\/2019\/06\/riva-ron-partenza-1024x577.jpeg 1024w, https:\/\/www.radiopiu.net\/wordpress\/wp-content\/uploads\/2019\/06\/riva-ron-partenza.jpeg 1600w\" sizes=\"auto, (max-width: 300px) 100vw, 300px\" \/><\/a><\/p>\n<p>&nbsp;<\/p>\n<p>&nbsp;<\/p>\n<p>&nbsp;<\/p>\n<p>&nbsp;<\/p>\n<p>&nbsp;<\/p>\n<h1><strong>LUIGI VIVIAN CONQUISTA LA CANSIGLIO RUN\u00a0\u00a0\u00a0\u00a0\u00a0\u00a0\u00a0\u00a0 <\/strong><\/h1>\n<p><strong>\u00a0<\/strong><strong>Il maratoneta vicentino ha dominato la 33 chilometri lungo sentieri e strade sterrate dell\u2019altopiano al confine tra le province di Treviso, Belluno e Pordenone. La friulana Fabiola Giudici si \u00e8 imposta nella gara femminile. A Salvatore De Cesare e Giada Pizzol le prove sui 22 chilometri. Circa tremila runners al via, organizzazione da applausi\u00a0\u00a0 <\/strong><\/p>\n<p>Il nuovo re della foresta arriva da Marostica, ha 45 anni ed \u00e8 un nome noto nel panorama della maratona veneta. Luigi Vivian (Asd Nico Runners) ha conquistato la quarta edizione della Cansiglio Run. Fratello dell\u2019ex azzurro Enrico, che l\u2019allena. Un\u2019altra maratoneta, la campionessa friulana della specialit\u00e0, Fabiola Giudici (Athletic Club Apicilia), di Latisana (Udine), si \u00e8 aggiudicata, un po\u2019 a sorpresa, la gara femminile. Era stata quarta nel 2018, ma questa volta non ha avuto rivali.\u00a0 Nella gara pi\u00f9 breve (22 km) successo per i trevigiani Salvatore De Cesaro, portacolori della societ\u00e0 organizzatrice dell\u2019evento, Running Team Conegliano, e Giada Pizzol (Body Evidence Run &amp; Trail).\u00a0 Circa tremila i runners complessivamente impegnati nelle quattro prove che anche quest\u2019anno caratterizzavano la Cansiglio Run. Moltissimi podisti, camminatori e appassionati di Nordic Walking<\/p>\n<p><strong>CLASSIFICHE. UOMINI. 33 KM:<\/strong> 1. Luigi Vivian (Asd Nico Runners) 2h26\u201901\u201d, 2. Andrea Busetto (Atl. Biotekna Marcon) 2h32\u201953\u201d, 3. Luciano Meneghel (Scuola di Maratona Vittorio Veneto) 2h40\u201907\u201d, 4. Leone De Vecchio (New Athletics Sulzano) 2h41\u201956\u201d, 5. Denis Mariotto (Atl. Santa Lucia di Piave) 2h42\u201921\u201d, 6. Paolo Ursic (G.S. San Giacomo) 2h45\u201904\u201d, 7. Cristian Mazzarotto (Runners Club Agggredire) 2h45\u201951\u201d, 8. Andrea Boatto (Runners Club Agggredire) 2h46\u201943\u201d, 9. Stefano Burlon (Alpago Tornado Run) 2h46\u201959\u201d, 10. Luigi Corrocher 2h47\u201904\u201d. <strong>22 KM: <\/strong>1. Salvatore De Cesare (Running Team Conegliano) 1h50\u201913\u201d, 2. Giuliano De Zanet (Gs Mercuryus) 1h50\u201929\u201d, 3. Michael Frank (AUT) 1h52\u201928\u201d, 4. Riccardo Petito (Asd Run It) 1h54\u201934\u201d, 5. Matteo Rizzi (Spotorni Run) 1h56\u201926\u201d, 6. Leonardo Massenz 1h57\u201915\u201d, 7. Massimo Onori (Pol. Lib. Porcia) 1h59\u201918\u201d, 8. Alessandro Mocellin (G.A. Bassano) 2h00\u201901\u201d, 9. Michele Tosato 2h00\u201937\u201d, 10. Filippo De Conto (Hrobert Running Team) 2h00\u201959\u201d.<\/p>\n<p><strong> DONNE. 33 KM: <\/strong>1. Fabiola Giudici (Athletic Club\u00a0 Apicilia) 2h43\u201901\u201d, 2. Chiara Moretto (Hrobert Running Team) 2h53\u201955\u201d, 3. Maurizia Cunico (Atl. Casone Noceto) 2h54\u201937\u201d, 4. Irene Palazzi (Podisti Cordenons) 3h00\u201955\u201d, 5. Mariateresa Gasparini 3h01\u201921\u201d, 6. Michela Biacca (Evinrude) 3h02\u201956\u201d, 7. Natalia Mateos Aparicio (Cimavilla Running Team) 3h05\u201903\u201d, 8. Michela Panizzo (Asd Ride Your Dreams) 3h11\u201922\u201d, 9. Alessandra Furlan (United Trail&amp;Running) 3h19\u201911\u201d, 10. Giorgia Mascherin (Atl. Aviano) 3h23\u201907\u201d.\u00a0 <strong>22 KM: <\/strong>1. Giada Pizzol (Body Evidence Run &amp; Trail) 2h11\u201933\u201d, 2. Martina Zanette (Asd Ride Your Dreams) 2h13\u201953\u201d, 3. Federica De Rossi (Atl. Ponzano) 2h15\u201912\u201d, 4. Stefania Possamai (Scuola di Maratona Vittorio Veneto) 2h15\u201928\u201d, 5. Lauren Irwin (Asd Ride Your Dreams) 2h15\u201953\u201d, 6. Paola Zanardi (Atl. Vis Abano) 2h16\u201950\u201d, 7. Alice Scarabello 2h17\u201925\u201d, 8. Carlotta Finotello (Running Team Mestre) 2h17\u201944\u201d, 9. Alberta Fabris (Asd Nico Runners) 2h19\u201923\u201d, 10. Caterina Chiaradia 2h20\u201931\u201d.\u00a0 <a href=\"https:\/\/www.tds-live.com\/ns\/index.jsp?login=&amp;password=&amp;is_domenica=0&amp;nextRaceId=&amp;dpbib=&amp;dpcat=&amp;dpsex=&amp;serviziol=&amp;pageType=1&amp;id=10569&amp;servizio=000&amp;locale=1040\">CLASSIFICHE COMPLETE<\/a><\/p>\n<p><a class=\"dt-pswp-item\" href=\"http:\/\/www.radiopiu.net\/wordpress\/wp-content\/uploads\/2019\/06\/b_Cansiglio-Run_La-partenza-della-33-km.jpg\" data-dt-img-description=\"\" data-large_image_width=\"1280\" data-large_image_height=\"960\"><img loading=\"lazy\" decoding=\"async\" class=\"alignnone wp-image-88537\" src=\"http:\/\/www.radiopiu.net\/wordpress\/wp-content\/uploads\/2019\/06\/b_Cansiglio-Run_La-partenza-della-33-km-300x225.jpg\" alt=\"\" width=\"248\" height=\"186\" srcset=\"https:\/\/www.radiopiu.net\/wordpress\/wp-content\/uploads\/2019\/06\/b_Cansiglio-Run_La-partenza-della-33-km-300x225.jpg 300w, https:\/\/www.radiopiu.net\/wordpress\/wp-content\/uploads\/2019\/06\/b_Cansiglio-Run_La-partenza-della-33-km-768x576.jpg 768w, https:\/\/www.radiopiu.net\/wordpress\/wp-content\/uploads\/2019\/06\/b_Cansiglio-Run_La-partenza-della-33-km-1024x768.jpg 1024w, https:\/\/www.radiopiu.net\/wordpress\/wp-content\/uploads\/2019\/06\/b_Cansiglio-Run_La-partenza-della-33-km.jpg 1280w\" sizes=\"auto, (max-width: 248px) 100vw, 248px\" \/><\/a><a class=\"dt-pswp-item\" href=\"http:\/\/www.radiopiu.net\/wordpress\/wp-content\/uploads\/2019\/06\/b_Cansiglio-Run_La-partenza-della-22-km.jpg\" data-dt-img-description=\"\" data-large_image_width=\"1280\" data-large_image_height=\"786\"><img loading=\"lazy\" decoding=\"async\" class=\"alignnone wp-image-88538\" src=\"http:\/\/www.radiopiu.net\/wordpress\/wp-content\/uploads\/2019\/06\/b_Cansiglio-Run_La-partenza-della-22-km-300x184.jpg\" alt=\"\" width=\"302\" height=\"185\" srcset=\"https:\/\/www.radiopiu.net\/wordpress\/wp-content\/uploads\/2019\/06\/b_Cansiglio-Run_La-partenza-della-22-km-300x184.jpg 300w, https:\/\/www.radiopiu.net\/wordpress\/wp-content\/uploads\/2019\/06\/b_Cansiglio-Run_La-partenza-della-22-km-768x472.jpg 768w, https:\/\/www.radiopiu.net\/wordpress\/wp-content\/uploads\/2019\/06\/b_Cansiglio-Run_La-partenza-della-22-km-1024x629.jpg 1024w, https:\/\/www.radiopiu.net\/wordpress\/wp-content\/uploads\/2019\/06\/b_Cansiglio-Run_La-partenza-della-22-km.jpg 1280w\" sizes=\"auto, (max-width: 302px) 100vw, 302px\" \/><\/a><a class=\"dt-pswp-item\" href=\"http:\/\/www.radiopiu.net\/wordpress\/wp-content\/uploads\/2019\/06\/b_Cansiglio-Run_Salvatore-De-Cesare.jpg\" data-dt-img-description=\"\" data-large_image_width=\"787\" data-large_image_height=\"1024\"><img loading=\"lazy\" decoding=\"async\" class=\"alignnone wp-image-88540\" src=\"http:\/\/www.radiopiu.net\/wordpress\/wp-content\/uploads\/2019\/06\/b_Cansiglio-Run_Salvatore-De-Cesare-231x300.jpg\" alt=\"\" width=\"142\" height=\"184\" srcset=\"https:\/\/www.radiopiu.net\/wordpress\/wp-content\/uploads\/2019\/06\/b_Cansiglio-Run_Salvatore-De-Cesare-231x300.jpg 231w, https:\/\/www.radiopiu.net\/wordpress\/wp-content\/uploads\/2019\/06\/b_Cansiglio-Run_Salvatore-De-Cesare-768x999.jpg 768w, https:\/\/www.radiopiu.net\/wordpress\/wp-content\/uploads\/2019\/06\/b_Cansiglio-Run_Salvatore-De-Cesare.jpg 787w\" sizes=\"auto, (max-width: 142px) 100vw, 142px\" \/><\/a><a class=\"dt-pswp-item\" href=\"http:\/\/www.radiopiu.net\/wordpress\/wp-content\/uploads\/2019\/06\/b_Cansiglio-Run_Luigi-Vivian.jpg\" data-dt-img-description=\"\" data-large_image_width=\"766\" data-large_image_height=\"1024\"><img loading=\"lazy\" decoding=\"async\" class=\"alignnone size-medium wp-image-88541\" src=\"http:\/\/www.radiopiu.net\/wordpress\/wp-content\/uploads\/2019\/06\/b_Cansiglio-Run_Luigi-Vivian-224x300.jpg\" alt=\"\" width=\"224\" height=\"300\" srcset=\"https:\/\/www.radiopiu.net\/wordpress\/wp-content\/uploads\/2019\/06\/b_Cansiglio-Run_Luigi-Vivian-224x300.jpg 224w, https:\/\/www.radiopiu.net\/wordpress\/wp-content\/uploads\/2019\/06\/b_Cansiglio-Run_Luigi-Vivian.jpg 766w\" sizes=\"auto, (max-width: 224px) 100vw, 224px\" \/><\/a><a class=\"dt-pswp-item\" href=\"http:\/\/www.radiopiu.net\/wordpress\/wp-content\/uploads\/2019\/06\/b_Cansiglio-Run_panoramica-sul-gruppo.jpg\" data-dt-img-description=\"\" data-large_image_width=\"1280\" data-large_image_height=\"800\"><img loading=\"lazy\" decoding=\"async\" class=\"alignnone wp-image-88542\" src=\"http:\/\/www.radiopiu.net\/wordpress\/wp-content\/uploads\/2019\/06\/b_Cansiglio-Run_panoramica-sul-gruppo-300x188.jpg\" alt=\"\" width=\"474\" height=\"297\" srcset=\"https:\/\/www.radiopiu.net\/wordpress\/wp-content\/uploads\/2019\/06\/b_Cansiglio-Run_panoramica-sul-gruppo-300x188.jpg 300w, https:\/\/www.radiopiu.net\/wordpress\/wp-content\/uploads\/2019\/06\/b_Cansiglio-Run_panoramica-sul-gruppo-768x480.jpg 768w, https:\/\/www.radiopiu.net\/wordpress\/wp-content\/uploads\/2019\/06\/b_Cansiglio-Run_panoramica-sul-gruppo-1024x640.jpg 1024w, https:\/\/www.radiopiu.net\/wordpress\/wp-content\/uploads\/2019\/06\/b_Cansiglio-Run_panoramica-sul-gruppo.jpg 1280w\" sizes=\"auto, (max-width: 474px) 100vw, 474px\" \/><\/a><\/p>\n<p>&nbsp;<\/p>\n<p>&nbsp;<\/p>\n<p>&nbsp;<\/p>\n<p>&nbsp;<\/p>\n<p><a class=\"dt-pswp-item\" href=\"http:\/\/www.radiopiu.net\/wordpress\/wp-content\/uploads\/2018\/09\/WhatsApp-Image-2018-09-20-at-16.04.06.jpeg\" data-dt-img-description=\"\" data-large_image_width=\"800\" data-large_image_height=\"100\"><img loading=\"lazy\" decoding=\"async\" class=\"wp-image-61378 size-full alignnone\" src=\"http:\/\/www.radiopiu.net\/wordpress\/wp-content\/uploads\/2018\/09\/WhatsApp-Image-2018-09-20-at-16.04.06.jpeg\" alt=\"\" width=\"800\" height=\"100\" srcset=\"https:\/\/www.radiopiu.net\/wordpress\/wp-content\/uploads\/2018\/09\/WhatsApp-Image-2018-09-20-at-16.04.06.jpeg 800w, https:\/\/www.radiopiu.net\/wordpress\/wp-content\/uploads\/2018\/09\/WhatsApp-Image-2018-09-20-at-16.04.06-300x38.jpeg 300w, https:\/\/www.radiopiu.net\/wordpress\/wp-content\/uploads\/2018\/09\/WhatsApp-Image-2018-09-20-at-16.04.06-768x96.jpeg 768w\" sizes=\"auto, (max-width: 800px) 100vw, 800px\" \/><\/a><\/p>\n<p><center><b>Lunedi 17<\/b><\/center><b>Tempo atteso: <\/b>Altra giornata soleggiata e complessivamente stabile. Al mattino cielo in prevalenza sereno, con sviluppo di cumuli a ridosso dei rilievi, nel pomeriggio maggiore nuvolosit\u00e0 cumuliforme, con contenuto rischio di locali fenomeni di instabilit\u00e0. In serata rasserenamento.<br \/>\n<b>Precipitazioni: <\/b>Al mattino assenti (0%). Nel pomeriggio e verso sera non esclusi locali temporali (10-30%), specie sulle zone di confine con il Trentino.<br \/>\n<b>Temperature: <\/b>Senza grosse variazioni, con massime ancora fra 30 e 32\u00b0C nei fondovalle prealpini. Su Prealpi a 1500 m min 14\u00b0C max 18\u00b0C, a 2000 m min 10\u00b0C max 13\u00b0C. Su Dolomiti a 2000 m min 8\u00b0C max 15\u00b0C, a 3000 m min 1\u00b0C max 4\u00b0C.<br \/>\n<b>Venti: <\/b>Nelle valli deboli\/moderati a regime di brezza; in quota perlopi\u00f9 deboli, di direzione variabile, 5\/10 km\/h sia a 2000 m che a 3000 m.<\/p>\n<hr \/>\n<p><center><b>Martedi 18<\/b><\/center><b>Tempo atteso: <\/b>Altra giornata calda ma con maggiore instabilit\u00e0 pomeridiana. Al mattino sereno o poco nuvoloso, con sviluppo di cumuli pi\u00f9 accentuato rispetto a luned\u00ec dalla tarda mattinata. Nel pomeriggio irregolarmente nuvoloso con qualche schiarita e con possibili fenomeni d&#8217;instabilit\u00e0, soprattutto sulle Dolomiti. In serata rasserenamento.<br \/>\n<b>Precipitazioni: <\/b>Al mattino generalmente assenti (0-10%). Nel pomeriggio possibili rovesci o temporali (40-60%), leggermente pi\u00f9 probabili sulle Dolomiti.<br \/>\n<b>Temperature: <\/b>Generalmente stazionarie. Su Prealpi a 1500 m min 14\u00b0C max 19\u00b0C, a 2000 m min 10\u00b0C max 13\u00b0C. Su Dolomiti a 2000 m min 10\u00b0C max 15\u00b0C, a 3000 m min 2\u00b0C max 4\u00b0C.<br \/>\n<b>Venti: <\/b>Nelle valli deboli\/moderati a regime di brezza; in quota generalmente deboli o molto deboli, di direzione variabile, 5\/10 km\/h sia a 2000 m che a 3000 m.<\/p>\n<hr \/>\n<p><center><b>Mercoledi 19<\/b><\/center>Al mattino cielo da sereno a poco nuvoloso, con aumento della nuvolosit\u00e0 cumuliforme gi\u00e0 dal mezzogiorno. Dal primo pomeriggio irregolarmente nuvoloso con possibili rovesci o temporali, un po&#8217; pi\u00f9 probabili rispetto a marted\u00ec. Temperature senza notevoli variazioni, sempre su valori superiori alla norma. Venti in quota deboli o moderati occidentali.<\/p>\n<hr \/>\n<p><center><b>Giovedi 20<\/b><\/center>Giornata di nuovo molto soleggiata, calda e abbastanza stabile, salvo qualche isolato temporale di calore nel pomeriggio. Temperature minime il lieve calo, massime in aumento, su valori ancora pi\u00f9 alti del normale. Previsore: B.R.<\/p>\n","protected":false},"excerpt":{"rendered":"<p>Tra una settimana verr\u00e0 presa la decisione, saranno assegnate le Olimpiadi del 2026, in queste ultime ore la novit\u00e0 \u00e8 il passo indietro di Torino che con il nuovo presidente della Regione ha avanzato la richiesta di ospitare alcune prove di bob, pattinaggio e snowboard. Serata di incidenti quella di ieri, tre feriti in due&hellip;<\/p>\n","protected":false},"author":1,"featured_media":88598,"comment_status":"closed","ping_status":"closed","sticky":false,"template":"","format":"standard","meta":{"_monsterinsights_skip_tracking":false,"_monsterinsights_sitenote_active":false,"_monsterinsights_sitenote_note":"","_monsterinsights_sitenote_category":0,"footnotes":""},"categories":[1,86],"tags":[],"class_list":["post-88524","post","type-post","status-publish","format-standard","has-post-thumbnail","hentry","category-senza-categoria","category-gr","category-1","category-86","description-off"],"img_url":"https:\/\/www.radiopiu.net\/wordpress\/wp-content\/uploads\/2019\/06\/00117\u00a9-freddy-planinschek.jpg","_links":{"self":[{"href":"https:\/\/www.radiopiu.net\/wordpress\/wp-json\/wp\/v2\/posts\/88524","targetHints":{"allow":["GET"]}}],"collection":[{"href":"https:\/\/www.radiopiu.net\/wordpress\/wp-json\/wp\/v2\/posts"}],"about":[{"href":"https:\/\/www.radiopiu.net\/wordpress\/wp-json\/wp\/v2\/types\/post"}],"author":[{"embeddable":true,"href":"https:\/\/www.radiopiu.net\/wordpress\/wp-json\/wp\/v2\/users\/1"}],"replies":[{"embeddable":true,"href":"https:\/\/www.radiopiu.net\/wordpress\/wp-json\/wp\/v2\/comments?post=88524"}],"version-history":[{"count":0,"href":"https:\/\/www.radiopiu.net\/wordpress\/wp-json\/wp\/v2\/posts\/88524\/revisions"}],"wp:featuredmedia":[{"embeddable":true,"href":"https:\/\/www.radiopiu.net\/wordpress\/wp-json\/wp\/v2\/media\/88598"}],"wp:attachment":[{"href":"https:\/\/www.radiopiu.net\/wordpress\/wp-json\/wp\/v2\/media?parent=88524"}],"wp:term":[{"taxonomy":"category","embeddable":true,"href":"https:\/\/www.radiopiu.net\/wordpress\/wp-json\/wp\/v2\/categories?post=88524"},{"taxonomy":"post_tag","embeddable":true,"href":"https:\/\/www.radiopiu.net\/wordpress\/wp-json\/wp\/v2\/tags?post=88524"}],"curies":[{"name":"wp","href":"https:\/\/api.w.org\/{rel}","templated":true}]}}