{"id":88637,"date":"2019-06-17T05:48:28","date_gmt":"2019-06-17T03:48:28","guid":{"rendered":"http:\/\/www.radiopiu.net\/wordpress\/?p=88637"},"modified":"2019-06-17T05:48:28","modified_gmt":"2019-06-17T03:48:28","slug":"serata-evento-solo-cose-belle-col-vescovo-renato-marangoni-di-renato-bona","status":"publish","type":"post","link":"https:\/\/www.radiopiu.net\/wordpress\/serata-evento-solo-cose-belle-col-vescovo-renato-marangoni-di-renato-bona\/","title":{"rendered":"SERATA-EVENTO \u201cSOLO COSE BELLE\u201d COL VESCOVO RENATO MARANGONI di Renato Bona"},"content":{"rendered":"<div class=\"_1i6a\">\n<div class=\"_4po3 _4poa\">\n<div class=\"_4po5\">\n<div class=\"_4po8\">\n<div class=\"_4po9\">\n<div>\n<div>\n<div class=\"_4tdt _ua1\">\n<div class=\"_ua2\">\n<div class=\"_4tdv\">\n<div class=\"_5wd4 _1nc7\">\n<div class=\"._1dlq _h8t\">\n<div class=\"_5wd9 direction_ltr clearfix\">\n<div class=\"_1e-x _n4o\">\n<div class=\"_3_bl\">\n<div class=\"_5w1r _3_om _5wdf\">\n<div class=\"_4gx_\">\n<blockquote>\n<div class=\"_1aa6\"><em><span class=\"_5yl5\">Venerd\u00ec 21 nel cinema Italia di Belluno il film di Gianfreda\u00a0<\/span><\/em><\/div>\n<\/blockquote>\n<div class=\"_1aa6\"><span class=\"_5yl5\"> Attesa ed interesse nel Bellunese per la serata-evento intitolata \u201cSolo cose belle\u201d alla quale, venerd\u00ec 21 giugno, a partire dalle 21, nella sala del cinema Italia di via Garibaldi, interverr\u00e0 il vescovo della diocesi di Belluno-Feltre mons. Renato Marangoni. L\u2019evento \u00e8 promosso dall\u2019Ufficio diocesano per la Pastorale delle comunicazioni e della cultura e dalla Consulta diocesana delle aggregazioni laicali. E\u2019 annunciata la partecipazione del cast del film \u201cSolo cose belle\u201d per la regia di Kristian Gianfreda, e di una casa famiglia della Comunit\u00e0 Papa Giovanni XXIII. La pellicola \u2013 come si pu\u00f2 leggere nel sito della Diocesi di Belluno-Feltre &#8211; narra la storia di Benedetta, una popolare ragazza sedicenne figlia del sindaco, e del suo incontro con una bizzarra casa famiglia, appena arrivata nel suo piccolo paese dell\u2019entroterra riminese. La casa famiglia, rumorosa e stravagante, conta un pap\u00e0 e una mamma, un immigrato, una ex-prostituta e sua figlia piccola, un ragazzo in pena alternativa, due ragazzi con gravi disabilit\u00e0 e un figlio naturale. \u00c8 proprio Benedetta \u2013 anche attraverso la sua storia d\u2019amore con Kevin, uno dei ragazzi della casa \u2013 a guidarci in questo mondo ai margini, in cui tutti sembrano \u201csbagliati\u201d o \u201cdifettosi\u201d, ma in realt\u00e0 sono solo davvero umani. Ed \u00e8 poi l\u2019intero paese, che si prepara con passione alle prossime elezioni comunali, a essere coinvolto e sconvolto da questo incontro, tra momenti divertenti e altri drammatici, tra balli, risa, lacrime, barchette di carta, piadine e sgomberi, finch\u00e9, in una notte difficile, tutto precipita e sembra perduto. In realt\u00e0, al di l\u00e0 delle scelte dei singoli, nulla potr\u00e0 pi\u00f9 essere come prima. La trama &#8211; prosegue la descrizione &#8211; \u00e8 tratta dalla vita vera. \u00c8 un film dedicato all\u2019attenzione per gli altri e al rispetto della diversit\u00e0 e parte dall\u2019esperienza dell\u2019Associazione Comunit\u00e0 Papa Giovanni XXIII, fondata nel 1968 da don Oreste Benzi, associazione diffusa su tutto il territorio nazionale e internazionale. Il film rappresenta la ricchezza di questo mondo e ne coglie gli aspetti pi\u00f9 interessanti e attuali. \u00c8 proprio per questo che i ruoli delle persone con disabilit\u00e0 sono interpretati da persone realmente disabili. Il film \u00e8 nato quando alcune figure chiave della produzione hanno messo la propria passione e la propria professionalit\u00e0 a disposizione di un progetto ritenuto importante e prezioso, soprattutto in questo momento.<\/span><\/div>\n<div class=\"_1aa6\"><span class=\"_5yl5\"> NELLE FOTO (sito chiesabellunofeltre e Google): la casa famiglia del film; don Oreste Benzi; il vescovo Marangoni; il regista Gianfreda.<\/span><\/div>\n<\/div>\n<div class=\"_4gx_\">\n<div><a class=\"dt-pswp-item\" href=\"http:\/\/www.radiopiu.net\/wordpress\/wp-content\/uploads\/2019\/06\/61469062_469234890495071_1069298040382160896_n.jpg\" data-dt-img-description=\"\" data-large_image_width=\"426\" data-large_image_height=\"646\"><img loading=\"lazy\" decoding=\"async\" class=\"alignnone  wp-image-88638\" src=\"http:\/\/www.radiopiu.net\/wordpress\/wp-content\/uploads\/2019\/06\/61469062_469234890495071_1069298040382160896_n-198x300.jpg\" alt=\"\" width=\"172\" height=\"261\" srcset=\"https:\/\/www.radiopiu.net\/wordpress\/wp-content\/uploads\/2019\/06\/61469062_469234890495071_1069298040382160896_n-198x300.jpg 198w, https:\/\/www.radiopiu.net\/wordpress\/wp-content\/uploads\/2019\/06\/61469062_469234890495071_1069298040382160896_n.jpg 426w\" sizes=\"auto, (max-width: 172px) 100vw, 172px\" \/><\/a><a class=\"dt-pswp-item\" href=\"http:\/\/www.radiopiu.net\/wordpress\/wp-content\/uploads\/2019\/06\/64539027_2379369559051279_26176545768865792_n.jpg\" data-dt-img-description=\"\" data-large_image_width=\"150\" data-large_image_height=\"150\"><img loading=\"lazy\" decoding=\"async\" class=\"alignnone  wp-image-88639\" src=\"http:\/\/www.radiopiu.net\/wordpress\/wp-content\/uploads\/2019\/06\/64539027_2379369559051279_26176545768865792_n.jpg\" alt=\"\" width=\"241\" height=\"241\" \/><\/a><a class=\"dt-pswp-item\" href=\"http:\/\/www.radiopiu.net\/wordpress\/wp-content\/uploads\/2019\/06\/64728808_338039483555975_3491802308499472384_n.jpg\" data-dt-img-description=\"\" data-large_image_width=\"191\" data-large_image_height=\"263\"><img loading=\"lazy\" decoding=\"async\" class=\"alignnone  wp-image-88640\" src=\"http:\/\/www.radiopiu.net\/wordpress\/wp-content\/uploads\/2019\/06\/64728808_338039483555975_3491802308499472384_n.jpg\" alt=\"\" width=\"216\" height=\"297\" \/><\/a><a class=\"dt-pswp-item\" href=\"http:\/\/www.radiopiu.net\/wordpress\/wp-content\/uploads\/2019\/06\/59586052_443271883111709_2990027017384099840_n.jpg\" data-dt-img-description=\"\" data-large_image_width=\"316\" data-large_image_height=\"474\"><img loading=\"lazy\" decoding=\"async\" class=\"alignnone size-medium wp-image-88641\" src=\"http:\/\/www.radiopiu.net\/wordpress\/wp-content\/uploads\/2019\/06\/59586052_443271883111709_2990027017384099840_n-200x300.jpg\" alt=\"\" width=\"200\" height=\"300\" srcset=\"https:\/\/www.radiopiu.net\/wordpress\/wp-content\/uploads\/2019\/06\/59586052_443271883111709_2990027017384099840_n-200x300.jpg 200w, https:\/\/www.radiopiu.net\/wordpress\/wp-content\/uploads\/2019\/06\/59586052_443271883111709_2990027017384099840_n.jpg 316w\" sizes=\"auto, (max-width: 200px) 100vw, 200px\" \/><\/a><\/div>\n<\/div>\n<\/div>\n<\/div>\n<p><i class=\"img sp_LtgOzyE63bd sx_2269eb\"><\/i><i class=\"img sp_-RrPcy6I70A sx_59aa84\"><\/i><\/div>\n<\/div>\n<\/div>\n<\/div>\n<\/div>\n<\/div>\n<\/div>\n<\/div>\n<\/div>\n<\/div>\n<\/div>\n<\/div>\n<\/div>\n<\/div>\n<div class=\"fbNubFlyoutFooter\" data-testid=\"composer_root\">\n<div class=\"_1d4_\" role=\"presentation\">\n<div class=\"_552h\">\n<div class=\"\">\n<div tabindex=\"-1\">\n<div class=\"_5rp7 _5rp8\">\n<div class=\"_1p1t\">\n<div id=\"placeholder-3kit9\" class=\"_1p1v\"><\/div>\n<\/div>\n<div class=\"_5rpb\"><\/div>\n<\/div>\n<\/div>\n<\/div>\n<\/div>\n<\/div>\n<\/div>\n","protected":false},"excerpt":{"rendered":"<p>Venerd\u00ec 21 nel cinema Italia di Belluno il film di Gianfreda\u00a0 Attesa ed interesse nel Bellunese per la serata-evento intitolata \u201cSolo cose belle\u201d alla quale, venerd\u00ec 21 giugno, a partire dalle 21, nella sala del cinema Italia di via Garibaldi, interverr\u00e0 il vescovo della diocesi di Belluno-Feltre mons. Renato Marangoni. L\u2019evento \u00e8 promosso dall\u2019Ufficio diocesano&hellip;<\/p>\n","protected":false},"author":1,"featured_media":88638,"comment_status":"closed","ping_status":"closed","sticky":false,"template":"","format":"standard","meta":{"_monsterinsights_skip_tracking":false,"_monsterinsights_sitenote_active":false,"_monsterinsights_sitenote_note":"","_monsterinsights_sitenote_category":0,"footnotes":""},"categories":[49,84],"tags":[],"class_list":["post-88637","post","type-post","status-publish","format-standard","has-post-thumbnail","hentry","category-news-18","category-speciali","category-49","category-84","description-off"],"img_url":"https:\/\/www.radiopiu.net\/wordpress\/wp-content\/uploads\/2019\/06\/61469062_469234890495071_1069298040382160896_n.jpg","_links":{"self":[{"href":"https:\/\/www.radiopiu.net\/wordpress\/wp-json\/wp\/v2\/posts\/88637","targetHints":{"allow":["GET"]}}],"collection":[{"href":"https:\/\/www.radiopiu.net\/wordpress\/wp-json\/wp\/v2\/posts"}],"about":[{"href":"https:\/\/www.radiopiu.net\/wordpress\/wp-json\/wp\/v2\/types\/post"}],"author":[{"embeddable":true,"href":"https:\/\/www.radiopiu.net\/wordpress\/wp-json\/wp\/v2\/users\/1"}],"replies":[{"embeddable":true,"href":"https:\/\/www.radiopiu.net\/wordpress\/wp-json\/wp\/v2\/comments?post=88637"}],"version-history":[{"count":0,"href":"https:\/\/www.radiopiu.net\/wordpress\/wp-json\/wp\/v2\/posts\/88637\/revisions"}],"wp:featuredmedia":[{"embeddable":true,"href":"https:\/\/www.radiopiu.net\/wordpress\/wp-json\/wp\/v2\/media\/88638"}],"wp:attachment":[{"href":"https:\/\/www.radiopiu.net\/wordpress\/wp-json\/wp\/v2\/media?parent=88637"}],"wp:term":[{"taxonomy":"category","embeddable":true,"href":"https:\/\/www.radiopiu.net\/wordpress\/wp-json\/wp\/v2\/categories?post=88637"},{"taxonomy":"post_tag","embeddable":true,"href":"https:\/\/www.radiopiu.net\/wordpress\/wp-json\/wp\/v2\/tags?post=88637"}],"curies":[{"name":"wp","href":"https:\/\/api.w.org\/{rel}","templated":true}]}}