{"id":88662,"date":"2019-06-17T18:47:37","date_gmt":"2019-06-17T16:47:37","guid":{"rendered":"http:\/\/www.radiopiu.net\/wordpress\/?p=88662"},"modified":"2019-06-18T06:14:32","modified_gmt":"2019-06-18T04:14:32","slug":"questestate-ciclabili-dasfalto-tra-motociclisti-in-volo-e-sorpassi-azzardati-tra-un-autovelox-e-laltro-continue-le-strombazzate-agli-amanti-delle-due-ruote","status":"publish","type":"post","link":"https:\/\/www.radiopiu.net\/wordpress\/questestate-ciclabili-dasfalto-tra-motociclisti-in-volo-e-sorpassi-azzardati-tra-un-autovelox-e-laltro-continue-le-strombazzate-agli-amanti-delle-due-ruote\/","title":{"rendered":"QUEST&#8217;ESTATE CICLABILI D&#8217;ASFALTO TRA MOTOCICLISTI IN VOLO E SORPASSI AZZARDATI TRA UN AUTOVELOX E L&#8217;ALTRO, CONTINUE LE STROMBAZZATE AGLI AMANTI DELLE DUE RUOTE."},"content":{"rendered":"<div id=\"ChatTabsPagelet\" data-referrer=\"ChatTabsPagelet\">\n<div id=\"u_0_27\">\n<div class=\"fbNubGroup clearfix _56oy _20fw _3__- _4ml1 _3hx-\">\n<div id=\"u_0_28\" class=\"fbNubGroup clearfix\">\n<div class=\"_59v1\">\n<div class=\"_5qi9 _5qib\">\n<div class=\" _3_9e _s0f _50mz _50m_ fbNub _50-v opened _27_3 fantaTabMain-user:100008183854281\" data-ft=\"{&quot;tn&quot;:&quot;+M&quot;}\">\n<div class=\"fbNubFlyout fbDockChatTabFlyout uiContextualLayerParent\" role=\"complementary\">\n<div class=\"fbNubFlyoutOuter\">\n<div class=\" _6vu5 _6z9d fbNubFlyoutInner _6vu1\">\n<div id=\"js_72b\" class=\"_1ia _2sz2\">\n<div class=\"_1i6a\">\n<div class=\"_4po3 _4poa\">\n<div class=\"_4po5\">\n<div class=\"_4po8\">\n<div class=\"_4po9\">\n<div>\n<div class=\"_4tdt _ua0\">\n<div class=\"_ua2\">\n<div class=\"_4tdv\">\n<div class=\"_5wd4 _1nc6\">\n<div class=\"._1dlq _h8t\">\n<div id=\"js_74o\" class=\"_5wd9 direction_ltr clearfix\" data-tooltip-content=\"07:32\" data-hover=\"tooltip\" data-tooltip-position=\"right\">\n<div class=\"_1e-x _n4o\">\n<div class=\"_3_bl\">\n<div class=\"_5w1r _3_om _5wdf\">\n<div class=\"_4gx_\">\n<div class=\"_1aa6\">\n<p><span class=\"_5yl5\"><span class=\"_5yl5\"><a class=\"dt-pswp-item\" href=\"http:\/\/www.radiopiu.net\/wordpress\/wp-content\/uploads\/2018\/03\/CICLABILE1.jpg\" data-dt-img-description=\"\" data-large_image_width=\"558\" data-large_image_height=\"353\"><img loading=\"lazy\" decoding=\"async\" class=\"size-medium wp-image-44720 alignleft\" src=\"http:\/\/www.radiopiu.net\/wordpress\/wp-content\/uploads\/2018\/03\/CICLABILE1-300x190.jpg\" alt=\"\" width=\"300\" height=\"190\" srcset=\"https:\/\/www.radiopiu.net\/wordpress\/wp-content\/uploads\/2018\/03\/CICLABILE1-300x190.jpg 300w, https:\/\/www.radiopiu.net\/wordpress\/wp-content\/uploads\/2018\/03\/CICLABILE1.jpg 558w\" sizes=\"auto, (max-width: 300px) 100vw, 300px\" \/><\/a> <strong>Agordo<\/strong><\/span><\/span><\/p>\n<div class=\"_1aa6\"><span class=\"_5yl5\">Agordo ha ancora la sua ciclabile, ovviamente incompleta perch\u00e8 dopo corsi, ricorsi e tanti soldi spesi, il privato continua a sbarrare il tratto di ciclabile contestato e pi\u00f9 avanti il Cordevole ha fatto disastri\u00a0 sia sotto la 203 agordina in localit\u00e0 Le Campe che sulla sponda opposta in quello che era il fantastico tracciato verso il sito di Valle Imperina, un ricordo tra massi e sassi trascinati dall&#8217;acqua dove una volta si pedalava. Da Agordo a Taibon missione impossibile, manca il ponte sul Cordevole,\u00a0 la struttura in cemento ha resistito al Cordevole.\u00a0<\/span><\/div>\n<div class=\"_1aa6\"><span class=\"_5yl5\"> Da Taibon a Listolade solo un punto critico a Nogarola, ma la frazione pi\u00f9 a nord del Comune, fino alla galleria di Listolade \u00e8 percorribile, un problema in meno per il ciclista altrimenti costretto alla &#8220;riva del Piano&#8221;. Da Listolade a Cencenighe il ciclista \u00e8 obbligato a transitare in galleria, la vecchia 203 come gi\u00e0 detto e pi\u00f9 volte ripetuto fin dal 29 ottobre \u00e8 preclusa anche ai pedoni, purch\u00e9 uno non intenda saltare da un sasso all&#8217;altro, sono tanti quelli portati dal Cordevole con altrettanti alberi sulla sede stradale. Da Cencenighe ad Avoscan solo 203 agordina tra motociclisti che sfrecciano e sorpassi azzardati tra gli autovelox di Le Vare e quelli di Cencenighe. Qui la ciclabile sar\u00e0 ricostruita&#8230;dove era prima a filo di torrente. Avoscan-Alleghe, eccetto il tratto che porta al Fornel da Sala (vecchia strada) solo asfalto di Veneto Strade, anche qui ciclabile in ricostruzione esattamente dove l&#8217;alluvione recente e del 1966 l&#8217;ha spazzata via. C&#8217;\u00e8 un versante non in frana, ma &#8220;mangiato&#8221; dall&#8217;acqua proprio alla base e senza adeguati argini non \u00e8 detto possa resistere ai prossimi nubifragi. Da Alleghe e pi\u00f9 su le ciclabili sono tutte da ricostruire. <\/span>Da Cencenighe a Falcade il disastro. Superata la galleria delle Anime attraverso uno stretto sentiero, spesso zona di relax della vipera ben visibile sui sassi bianchi, si rientra sulla regionale del San Pellegrino e l\u00ec si rimane fino a Falcade. La Cavallera \u00e8 stata devastata, ma anche il tratto precedente che porta a Canale d&#8217;Agordo.<\/div>\n<\/div>\n<\/div>\n<\/div>\n<\/div>\n<\/div>\n<\/div>\n<\/div>\n<\/div>\n<\/div>\n<\/div>\n<\/div>\n<\/div>\n<\/div>\n<\/div>\n<\/div>\n<\/div>\n<\/div>\n<\/div>\n<\/div>\n<\/div>\n<\/div>\n<\/div>\n<\/div>\n<\/div>\n<\/div>\n<\/div>\n<div id=\"u_0_29\" class=\"_26-x\"><\/div>\n<div id=\"u_0_2a\" class=\"_26-y\"><\/div>\n<div id=\"u_0_2b\" class=\"_26-y\">12 MAGGIO 2019<\/div>\n<div>http:\/\/www.radiopiu.net\/wordpress\/ciclabili-per-fare-turismo-basterebbero-strade-percorribili-e-sicure\/<\/div>\n<div id=\"u_0_2c\"><\/div>\n<\/div>\n<\/div>\n<div id=\"BuddylistPagelet\" data-referrer=\"BuddylistPagelet\">\n<div class=\"_56ox _6ce9\">\n<div id=\"fbDockChatBuddylistNub\" class=\"uiToggle _50-v fbNub _4mq3 hide_on_presence_error _3__-\">\n<div class=\"_7jby\">\n<div class=\"rfloat\">\n<div class=\"_1us9 newGCF\"><\/div>\n<div class=\"_3gll newGCF\">\n<div class=\"_46fv\"><\/div>\n<\/div>\n<\/div>\n<\/div>\n<\/div>\n<\/div>\n<\/div>\n","protected":false},"excerpt":{"rendered":"<p>Agordo Agordo ha ancora la sua ciclabile, ovviamente incompleta perch\u00e8 dopo corsi, ricorsi e tanti soldi spesi, il privato continua a sbarrare il tratto di ciclabile contestato e pi\u00f9 avanti il Cordevole ha fatto disastri\u00a0 sia sotto la 203 agordina in localit\u00e0 Le Campe che sulla sponda opposta in quello che era il fantastico tracciato&hellip;<\/p>\n","protected":false},"author":1,"featured_media":0,"comment_status":"closed","ping_status":"closed","sticky":false,"template":"","format":"standard","meta":{"_monsterinsights_skip_tracking":false,"_monsterinsights_sitenote_active":false,"_monsterinsights_sitenote_note":"","_monsterinsights_sitenote_category":0,"footnotes":""},"categories":[103,49],"tags":[],"class_list":["post-88662","post","type-post","status-publish","format-standard","hentry","category-evidenza_2","category-news-18","category-103","category-49","description-off"],"img_url":false,"_links":{"self":[{"href":"https:\/\/www.radiopiu.net\/wordpress\/wp-json\/wp\/v2\/posts\/88662","targetHints":{"allow":["GET"]}}],"collection":[{"href":"https:\/\/www.radiopiu.net\/wordpress\/wp-json\/wp\/v2\/posts"}],"about":[{"href":"https:\/\/www.radiopiu.net\/wordpress\/wp-json\/wp\/v2\/types\/post"}],"author":[{"embeddable":true,"href":"https:\/\/www.radiopiu.net\/wordpress\/wp-json\/wp\/v2\/users\/1"}],"replies":[{"embeddable":true,"href":"https:\/\/www.radiopiu.net\/wordpress\/wp-json\/wp\/v2\/comments?post=88662"}],"version-history":[{"count":0,"href":"https:\/\/www.radiopiu.net\/wordpress\/wp-json\/wp\/v2\/posts\/88662\/revisions"}],"wp:attachment":[{"href":"https:\/\/www.radiopiu.net\/wordpress\/wp-json\/wp\/v2\/media?parent=88662"}],"wp:term":[{"taxonomy":"category","embeddable":true,"href":"https:\/\/www.radiopiu.net\/wordpress\/wp-json\/wp\/v2\/categories?post=88662"},{"taxonomy":"post_tag","embeddable":true,"href":"https:\/\/www.radiopiu.net\/wordpress\/wp-json\/wp\/v2\/tags?post=88662"}],"curies":[{"name":"wp","href":"https:\/\/api.w.org\/{rel}","templated":true}]}}