{"id":88699,"date":"2019-06-18T06:12:32","date_gmt":"2019-06-18T04:12:32","guid":{"rendered":"http:\/\/www.radiopiu.net\/wordpress\/?p=88699"},"modified":"2019-06-18T06:12:51","modified_gmt":"2019-06-18T04:12:51","slug":"mancato-rientro-ritrovato-infortunato-in-un-canale","status":"publish","type":"post","link":"https:\/\/www.radiopiu.net\/wordpress\/mancato-rientro-ritrovato-infortunato-in-un-canale\/","title":{"rendered":"MANCATO RIENTRO: RITROVATO INFORTUNATO IN UN CANALE"},"content":{"rendered":"<p style=\"text-align: left;\"><a class=\"dt-pswp-item\" href=\"http:\/\/www.radiopiu.net\/wordpress\/wp-content\/uploads\/2019\/06\/IMG-20190617-WA0009.jpg\" data-dt-img-description=\"\" data-large_image_width=\"1600\" data-large_image_height=\"849\"><img loading=\"lazy\" decoding=\"async\" class=\"size-medium wp-image-88700 alignleft\" src=\"http:\/\/www.radiopiu.net\/wordpress\/wp-content\/uploads\/2019\/06\/IMG-20190617-WA0009-300x159.jpg\" alt=\"\" width=\"300\" height=\"159\" srcset=\"https:\/\/www.radiopiu.net\/wordpress\/wp-content\/uploads\/2019\/06\/IMG-20190617-WA0009-300x159.jpg 300w, https:\/\/www.radiopiu.net\/wordpress\/wp-content\/uploads\/2019\/06\/IMG-20190617-WA0009-768x408.jpg 768w, https:\/\/www.radiopiu.net\/wordpress\/wp-content\/uploads\/2019\/06\/IMG-20190617-WA0009-1024x543.jpg 1024w, https:\/\/www.radiopiu.net\/wordpress\/wp-content\/uploads\/2019\/06\/IMG-20190617-WA0009.jpg 1600w\" sizes=\"auto, (max-width: 300px) 100vw, 300px\" \/><\/a><strong>BELLUNO<\/strong> \u00c8 stato ritrovato da una squadra che stava perlustrando il sentiero M.Z., 47 anni, di Sedico (BL), l&#8217;escursionista, per il cui mancato rientro ieri sera era scattato l&#8217;allarme. Partito ieri mattina con l&#8217;intenzione di percorrere il primo tratto del Viaz dei camorz e dei camorzieri nel Gruppo della Schiara &#8211; l&#8217;impegnativa traversata alpinistica tra creste e cenge che dalla Pala Alta, attraverso Pala Bassa, cengia del Burel e Monte Coro, porta al Rifugio Bianchet &#8211; l&#8217;uomo aveva mandato una foto passate le dieci e un messaggio che tutto era a posto verso mezzogiorno e mezza, poi pi\u00f9 nulla. Il cellulare, che prima suonava libero, si era poi spento e i familiari preoccupati si erano mossi, rinvenendo la sua auto ancora parcheggiata a Pian de Fraina a 900 metri di quota. Data la difficolt\u00e0 del percorsi, subito si \u00e8 cercato di risalire al tracciato telefonico. Dal momento che l&#8217;ultima cella agganciata risultava quella di Vallada Agordina, si pensava potesse trovarsi sul versante che d\u00e0 verso la statale agordina. Alle 5.30, alle prime luci, l&#8217;elicottero dell&#8217;Air service center convenzionato con il Soccorso alpino Dolomiti Bellunesi, ha trasportato in quota due squadre della Stazione di Belluno, per poi procedere a un lungo sorvolo del percorso con altri soccorritori a bordo, senza per\u00f2 alcun risultato. Poich\u00e9 l&#8217;uomo avrebbe dovuto fare il tratto Pala Alta &#8211; Pala Bassa, le due squadre <a class=\"dt-pswp-item\" href=\"http:\/\/www.radiopiu.net\/wordpress\/wp-content\/uploads\/2019\/06\/IMG-20190617-WA0010.jpg\" data-dt-img-description=\"\" data-large_image_width=\"1200\" data-large_image_height=\"1600\"><img loading=\"lazy\" decoding=\"async\" class=\"size-medium wp-image-88701 alignright\" src=\"http:\/\/www.radiopiu.net\/wordpress\/wp-content\/uploads\/2019\/06\/IMG-20190617-WA0010-225x300.jpg\" alt=\"\" width=\"225\" height=\"300\" srcset=\"https:\/\/www.radiopiu.net\/wordpress\/wp-content\/uploads\/2019\/06\/IMG-20190617-WA0010-225x300.jpg 225w, https:\/\/www.radiopiu.net\/wordpress\/wp-content\/uploads\/2019\/06\/IMG-20190617-WA0010-768x1024.jpg 768w, https:\/\/www.radiopiu.net\/wordpress\/wp-content\/uploads\/2019\/06\/IMG-20190617-WA0010.jpg 1200w\" sizes=\"auto, (max-width: 225px) 100vw, 225px\" \/><\/a>sono state sbarcate alla fine, una a Forcella Medon, l&#8217;Altra sulla Pala Bassa, e hanno percorso a ritroso la porzione del Viaz. Arrivati all&#8217;attacco della Pala Alta, grazie a un&#8217;intuizione due soccorritori hanno tentato una cengia pi\u00f9 alta, temendo l&#8217;alpinista avesse potuto proprio sbagliare l&#8217;ingresso iniziale. Ed \u00e8 stato cos\u00ec che verso la cima est della Pala Alta lo hanno individuato, alle 8 circa, in un canale. L&#8217;uomo era salito quasi in vetta, molto pi\u00f9 su rispetto alla traccia corretta, seguendo una cengia errata, quando un appiglio su cui si teneva aveva ceduto e lui era ruzzolato una quindicina di metri, fermandosi fortunatamente prima di uno strapiombo. Dopo aver attrezzato una corda fissa, la squadra lo ha raggiunto. Era cosciente, sebbene lamentasse dolori al bacino e avesse riportato un trauma al volto. Chiesto subito l&#8217;intervento dell&#8217;elicottero del Suem di Pieve di Cadore, il medico sbarcato assieme al tecnico di elisoccorso gli ha prestato le prime cure. Imbarellato e recuperato con un verricello, l&#8217;infortunato \u00e8 stato trasportato all&#8217;ospedale di Belluno. Anche i due soccorrirori sono stati imbarcati e portati a valle a Bolzano Bellunese dove era stato allestito il campo base.<\/p>\n","protected":false},"excerpt":{"rendered":"<p>BELLUNO \u00c8 stato ritrovato da una squadra che stava perlustrando il sentiero M.Z., 47 anni, di Sedico (BL), l&#8217;escursionista, per il cui mancato rientro ieri sera era scattato l&#8217;allarme. Partito ieri mattina con l&#8217;intenzione di percorrere il primo tratto del Viaz dei camorz e dei camorzieri nel Gruppo della Schiara &#8211; l&#8217;impegnativa traversata alpinistica tra&hellip;<\/p>\n","protected":false},"author":1,"featured_media":88701,"comment_status":"closed","ping_status":"closed","sticky":false,"template":"","format":"standard","meta":{"_monsterinsights_skip_tracking":false,"_monsterinsights_sitenote_active":false,"_monsterinsights_sitenote_note":"","_monsterinsights_sitenote_category":0,"footnotes":""},"categories":[49],"tags":[],"class_list":["post-88699","post","type-post","status-publish","format-standard","has-post-thumbnail","hentry","category-news-18","category-49","description-off"],"img_url":"https:\/\/www.radiopiu.net\/wordpress\/wp-content\/uploads\/2019\/06\/IMG-20190617-WA0010.jpg","_links":{"self":[{"href":"https:\/\/www.radiopiu.net\/wordpress\/wp-json\/wp\/v2\/posts\/88699","targetHints":{"allow":["GET"]}}],"collection":[{"href":"https:\/\/www.radiopiu.net\/wordpress\/wp-json\/wp\/v2\/posts"}],"about":[{"href":"https:\/\/www.radiopiu.net\/wordpress\/wp-json\/wp\/v2\/types\/post"}],"author":[{"embeddable":true,"href":"https:\/\/www.radiopiu.net\/wordpress\/wp-json\/wp\/v2\/users\/1"}],"replies":[{"embeddable":true,"href":"https:\/\/www.radiopiu.net\/wordpress\/wp-json\/wp\/v2\/comments?post=88699"}],"version-history":[{"count":0,"href":"https:\/\/www.radiopiu.net\/wordpress\/wp-json\/wp\/v2\/posts\/88699\/revisions"}],"wp:featuredmedia":[{"embeddable":true,"href":"https:\/\/www.radiopiu.net\/wordpress\/wp-json\/wp\/v2\/media\/88701"}],"wp:attachment":[{"href":"https:\/\/www.radiopiu.net\/wordpress\/wp-json\/wp\/v2\/media?parent=88699"}],"wp:term":[{"taxonomy":"category","embeddable":true,"href":"https:\/\/www.radiopiu.net\/wordpress\/wp-json\/wp\/v2\/categories?post=88699"},{"taxonomy":"post_tag","embeddable":true,"href":"https:\/\/www.radiopiu.net\/wordpress\/wp-json\/wp\/v2\/tags?post=88699"}],"curies":[{"name":"wp","href":"https:\/\/api.w.org\/{rel}","templated":true}]}}