{"id":88730,"date":"2019-06-18T06:01:14","date_gmt":"2019-06-18T04:01:14","guid":{"rendered":"http:\/\/www.radiopiu.net\/wordpress\/?p=88730"},"modified":"2019-06-19T06:05:23","modified_gmt":"2019-06-19T04:05:23","slug":"da-gosaldo-la-segnalazione-per-casera-armarolo","status":"publish","type":"post","link":"https:\/\/www.radiopiu.net\/wordpress\/da-gosaldo-la-segnalazione-per-casera-armarolo\/","title":{"rendered":"DA GOSALDO LA SEGNALAZIONE PER CASERA ARMAROLO"},"content":{"rendered":"<p>Dalla pagina facebook Sei di Gosaldo, l&#8217;intervento di <span class=\"fwn fcg\"><span class=\"fwb fcg\" data-ft=\"{&quot;tn&quot;:&quot;;&quot;}\"><a id=\"js_3nt\" title=\"Francesca Gottardi\" role=\"button\" href=\"https:\/\/www.facebook.com\/francesca.gottardi.146?fref=gs&amp;__tn__=%2CdC-R-R&amp;eid=ARB6aqBr-wr7Ct1RA2Z9mqpD3kX2XKG559MXqPg2Zy_7di_6FN8lAz9qreMZeoydj6-nEk5xWKvUTEmO&amp;hc_ref=ARQibwnBA7-K1njS5wU8uQY3ioCE2lxdKgWf_gIx7-mKMmCli4me4TLK1saKUfQLQZg&amp;dti=699205673452366&amp;hc_location=group\" rel=\"dialog\" data-hovercard=\"\/ajax\/hovercard\/user.php?id=100005008264038&amp;extragetparams=%7B%22__tn__%22%3A%22%2CdC-R-R%22%2C%22eid%22%3A%22ARB6aqBr-wr7Ct1RA2Z9mqpD3kX2XKG559MXqPg2Zy_7di_6FN8lAz9qreMZeoydj6-nEk5xWKvUTEmO%22%2C%22hc_ref%22%3A%22ARQibwnBA7-K1njS5wU8uQY3ioCE2lxdKgWf_gIx7-mKMmCli4me4TLK1saKUfQLQZg%22%2C%22fref%22%3A%22gs%22%2C%22directed_target_id%22%3A699205673452366%2C%22dti%22%3A699205673452366%2C%22hc_location%22%3A%22group%22%7D\" data-hovercard-prefer-more-content-show=\"1\" data-hovercard-referer=\"ARQibwnBA7-K1njS5wU8uQY3ioCE2lxdKgWf_gIx7-mKMmCli4me4TLK1saKUfQLQZg\" aria-describedby=\"u_64_1\" aria-owns=\"js_3ng\">Francesca Gottardi<\/a>, l&#8217;abbiamo ritenuto importante per chi intende frequentare la zona.<\/span><\/span><\/p>\n<p style=\"text-align: left;\"><a class=\"dt-pswp-item\" href=\"http:\/\/www.radiopiu.net\/wordpress\/wp-content\/uploads\/2019\/06\/64209935_1272275856282678_8910091689150906368_n.jpg\" data-dt-img-description=\"\" data-large_image_width=\"640\" data-large_image_height=\"960\"><img loading=\"lazy\" decoding=\"async\" class=\"size-medium wp-image-88725 alignleft\" src=\"http:\/\/www.radiopiu.net\/wordpress\/wp-content\/uploads\/2019\/06\/64209935_1272275856282678_8910091689150906368_n-200x300.jpg\" alt=\"\" width=\"200\" height=\"300\" srcset=\"https:\/\/www.radiopiu.net\/wordpress\/wp-content\/uploads\/2019\/06\/64209935_1272275856282678_8910091689150906368_n-200x300.jpg 200w, https:\/\/www.radiopiu.net\/wordpress\/wp-content\/uploads\/2019\/06\/64209935_1272275856282678_8910091689150906368_n.jpg 640w\" sizes=\"auto, (max-width: 200px) 100vw, 200px\" \/><\/a>Oggi volevamo raggiungere Casera Armarolo da Forcella Aurine, dopo circa 1 km \u00e8 stato impossibile proseguire, abbiamo incontrato delle persone che ci hanno detto che la situazione \u00e8 la stessa di 8 mesi fa, a parte il cuore il lacrime per il disastro nei boschi che amavamo tanto, un&#8217;altra grande amarezza \u00e8 vedere che ancora non \u00e8 stato sistemato nulla.\u00a0 Qualcuno ci sa dire se il lavoro di pulizia della strada \u00e8 programmato o altro? Oggi siamo scesi verso Fiera di Primiero e abbiamo visto che il colle dietro a Fiera \u00e8 gi\u00e0 stato ripulito nonostante i danni ingentissimi subiti dalla tempesta Vaia. Perch\u00e9 questa situazione a Gosaldo?<\/p>\n","protected":false},"excerpt":{"rendered":"<p>Dalla pagina facebook Sei di Gosaldo, l&#8217;intervento di Francesca Gottardi, l&#8217;abbiamo ritenuto importante per chi intende frequentare la zona. Oggi volevamo raggiungere Casera Armarolo da Forcella Aurine, dopo circa 1 km \u00e8 stato impossibile proseguire, abbiamo incontrato delle persone che ci hanno detto che la situazione \u00e8 la stessa di 8 mesi fa, a parte&hellip;<\/p>\n","protected":false},"author":1,"featured_media":88725,"comment_status":"closed","ping_status":"closed","sticky":false,"template":"","format":"standard","meta":{"_monsterinsights_skip_tracking":false,"_monsterinsights_sitenote_active":false,"_monsterinsights_sitenote_note":"","_monsterinsights_sitenote_category":0,"footnotes":""},"categories":[51,49],"tags":[],"class_list":["post-88730","post","type-post","status-publish","format-standard","has-post-thumbnail","hentry","category-evidenza-top","category-news-18","category-51","category-49","description-off"],"img_url":"https:\/\/www.radiopiu.net\/wordpress\/wp-content\/uploads\/2019\/06\/64209935_1272275856282678_8910091689150906368_n.jpg","_links":{"self":[{"href":"https:\/\/www.radiopiu.net\/wordpress\/wp-json\/wp\/v2\/posts\/88730","targetHints":{"allow":["GET"]}}],"collection":[{"href":"https:\/\/www.radiopiu.net\/wordpress\/wp-json\/wp\/v2\/posts"}],"about":[{"href":"https:\/\/www.radiopiu.net\/wordpress\/wp-json\/wp\/v2\/types\/post"}],"author":[{"embeddable":true,"href":"https:\/\/www.radiopiu.net\/wordpress\/wp-json\/wp\/v2\/users\/1"}],"replies":[{"embeddable":true,"href":"https:\/\/www.radiopiu.net\/wordpress\/wp-json\/wp\/v2\/comments?post=88730"}],"version-history":[{"count":0,"href":"https:\/\/www.radiopiu.net\/wordpress\/wp-json\/wp\/v2\/posts\/88730\/revisions"}],"wp:featuredmedia":[{"embeddable":true,"href":"https:\/\/www.radiopiu.net\/wordpress\/wp-json\/wp\/v2\/media\/88725"}],"wp:attachment":[{"href":"https:\/\/www.radiopiu.net\/wordpress\/wp-json\/wp\/v2\/media?parent=88730"}],"wp:term":[{"taxonomy":"category","embeddable":true,"href":"https:\/\/www.radiopiu.net\/wordpress\/wp-json\/wp\/v2\/categories?post=88730"},{"taxonomy":"post_tag","embeddable":true,"href":"https:\/\/www.radiopiu.net\/wordpress\/wp-json\/wp\/v2\/tags?post=88730"}],"curies":[{"name":"wp","href":"https:\/\/api.w.org\/{rel}","templated":true}]}}