{"id":88839,"date":"2019-06-19T06:00:40","date_gmt":"2019-06-19T04:00:40","guid":{"rendered":"http:\/\/www.radiopiu.net\/wordpress\/?p=88839"},"modified":"2019-06-20T06:20:19","modified_gmt":"2019-06-20T04:20:19","slug":"chiuse-le-elementari-di-nemeggio-e-la-palestra-vittorino-da-feltre-per-problemi-statici","status":"publish","type":"post","link":"https:\/\/www.radiopiu.net\/wordpress\/chiuse-le-elementari-di-nemeggio-e-la-palestra-vittorino-da-feltre-per-problemi-statici\/","title":{"rendered":"CHIUSE LE ELEMENTARI DI NEMEGGIO E LA PALESTRA VITTORINO DA FELTRE PER PROBLEMI STATICI"},"content":{"rendered":"<h3><\/h3>\n<p><a class=\"dt-pswp-item\" href=\"http:\/\/www.radiopiu.net\/wordpress\/wp-content\/uploads\/2019\/06\/3eae873e-806e-4900-9f88-6b14f0a2c2d2.jpg\" data-dt-img-description=\"\" data-large_image_width=\"1328\" data-large_image_height=\"747\"><img loading=\"lazy\" decoding=\"async\" class=\" wp-image-88837 alignleft\" src=\"http:\/\/www.radiopiu.net\/wordpress\/wp-content\/uploads\/2019\/06\/3eae873e-806e-4900-9f88-6b14f0a2c2d2-300x169.jpg\" alt=\"\" width=\"208\" height=\"117\" srcset=\"https:\/\/www.radiopiu.net\/wordpress\/wp-content\/uploads\/2019\/06\/3eae873e-806e-4900-9f88-6b14f0a2c2d2-300x169.jpg 300w, https:\/\/www.radiopiu.net\/wordpress\/wp-content\/uploads\/2019\/06\/3eae873e-806e-4900-9f88-6b14f0a2c2d2-768x432.jpg 768w, https:\/\/www.radiopiu.net\/wordpress\/wp-content\/uploads\/2019\/06\/3eae873e-806e-4900-9f88-6b14f0a2c2d2-1024x576.jpg 1024w, https:\/\/www.radiopiu.net\/wordpress\/wp-content\/uploads\/2019\/06\/3eae873e-806e-4900-9f88-6b14f0a2c2d2.jpg 1328w\" sizes=\"auto, (max-width: 208px) 100vw, 208px\" \/><\/a><strong>FELTRE<\/strong> Conferenza stampa ieri mattina sull&#8217;edilizia scolastica. Sulla scorta delle indagini di vulnerabilit\u00e0 sismica condotta sugli edifici scolastici comunali (sono 13 i plessi di propriet\u00e0) \u00e8 stata disposta la chiusura delle scuole elementari di Nemeggio e della palestra della Vittorino da Feltre che hanno evidenziato problemi di natura statica. Nei prossimi mesi verr\u00e0 redatto un masterplan complessivo per programmare le priorit\u00e0 d&#8217;intervento su tutto i patrimonio dell&#8217;dilizia scolastica comunale.<\/p>\n<p><strong>IL VICE SINDACO ALESSANDRO DAL BIANCO CON DELEGA ALL&#8217;ISTRUZIONE\u00a0<\/strong><\/p>\n<audio class=\"wp-audio-shortcode\" id=\"audio-88839-1\" preload=\"none\" style=\"width: 100%;\" controls=\"controls\"><source type=\"audio\/mpeg\" src=\"http:\/\/www.radiopiu.net\/wordpress\/wp-content\/uploads\/2019\/06\/PERENZIN.mp3?_=1\" \/><a href=\"http:\/\/www.radiopiu.net\/wordpress\/wp-content\/uploads\/2019\/06\/PERENZIN.mp3\">http:\/\/www.radiopiu.net\/wordpress\/wp-content\/uploads\/2019\/06\/PERENZIN.mp3<\/a><\/audio>\n<p>&nbsp;<\/p>\n","protected":false},"excerpt":{"rendered":"<p>FELTRE Conferenza stampa ieri mattina sull&#8217;edilizia scolastica. Sulla scorta delle indagini di vulnerabilit\u00e0 sismica condotta sugli edifici scolastici comunali (sono 13 i plessi di propriet\u00e0) \u00e8 stata disposta la chiusura delle scuole elementari di Nemeggio e della palestra della Vittorino da Feltre che hanno evidenziato problemi di natura statica. Nei prossimi mesi verr\u00e0 redatto un&hellip;<\/p>\n","protected":false},"author":1,"featured_media":88837,"comment_status":"closed","ping_status":"closed","sticky":false,"template":"","format":"standard","meta":{"_monsterinsights_skip_tracking":false,"_monsterinsights_sitenote_active":false,"_monsterinsights_sitenote_note":"","_monsterinsights_sitenote_category":0,"footnotes":""},"categories":[51,49],"tags":[],"class_list":["post-88839","post","type-post","status-publish","format-standard","has-post-thumbnail","hentry","category-evidenza-top","category-news-18","category-51","category-49","description-off"],"img_url":"https:\/\/www.radiopiu.net\/wordpress\/wp-content\/uploads\/2019\/06\/3eae873e-806e-4900-9f88-6b14f0a2c2d2.jpg","_links":{"self":[{"href":"https:\/\/www.radiopiu.net\/wordpress\/wp-json\/wp\/v2\/posts\/88839","targetHints":{"allow":["GET"]}}],"collection":[{"href":"https:\/\/www.radiopiu.net\/wordpress\/wp-json\/wp\/v2\/posts"}],"about":[{"href":"https:\/\/www.radiopiu.net\/wordpress\/wp-json\/wp\/v2\/types\/post"}],"author":[{"embeddable":true,"href":"https:\/\/www.radiopiu.net\/wordpress\/wp-json\/wp\/v2\/users\/1"}],"replies":[{"embeddable":true,"href":"https:\/\/www.radiopiu.net\/wordpress\/wp-json\/wp\/v2\/comments?post=88839"}],"version-history":[{"count":0,"href":"https:\/\/www.radiopiu.net\/wordpress\/wp-json\/wp\/v2\/posts\/88839\/revisions"}],"wp:featuredmedia":[{"embeddable":true,"href":"https:\/\/www.radiopiu.net\/wordpress\/wp-json\/wp\/v2\/media\/88837"}],"wp:attachment":[{"href":"https:\/\/www.radiopiu.net\/wordpress\/wp-json\/wp\/v2\/media?parent=88839"}],"wp:term":[{"taxonomy":"category","embeddable":true,"href":"https:\/\/www.radiopiu.net\/wordpress\/wp-json\/wp\/v2\/categories?post=88839"},{"taxonomy":"post_tag","embeddable":true,"href":"https:\/\/www.radiopiu.net\/wordpress\/wp-json\/wp\/v2\/tags?post=88839"}],"curies":[{"name":"wp","href":"https:\/\/api.w.org\/{rel}","templated":true}]}}