{"id":88848,"date":"2019-06-19T06:41:58","date_gmt":"2019-06-19T04:41:58","guid":{"rendered":"http:\/\/www.radiopiu.net\/wordpress\/?p=88848"},"modified":"2019-06-19T06:45:01","modified_gmt":"2019-06-19T04:45:01","slug":"la-fantasia-di-favolando-al-centro-di-cusighe","status":"publish","type":"post","link":"https:\/\/www.radiopiu.net\/wordpress\/la-fantasia-di-favolando-al-centro-di-cusighe\/","title":{"rendered":"LA FANTASIA DI \u201cFAVOLANDO\u201d AL CENTRO DI CUSIGHE"},"content":{"rendered":"<blockquote><p><strong><em>con la collaborazione di Marco D&#8217;Inc\u00e0.<\/em><\/strong><\/p>\n<p><em>Nasce una splendida sinergia tra l\u2019ASSI e gli ospiti della struttura<\/em><br \/>\n<em>\u201cFavolando\u201d, il progetto dell\u2019ASSI, approda al Presidio multizonale per disabili di Cusighe.<\/em><\/p><\/blockquote>\n<p><strong><a class=\"dt-pswp-item\" href=\"http:\/\/www.radiopiu.net\/wordpress\/wp-content\/uploads\/2019\/06\/7b710377-7aad-4d75-b402-ddb3b8c90aeb.jpg\" data-dt-img-description=\"\" data-large_image_width=\"900\" data-large_image_height=\"1600\"><img loading=\"lazy\" decoding=\"async\" class=\"size-medium wp-image-88846 alignleft\" src=\"http:\/\/www.radiopiu.net\/wordpress\/wp-content\/uploads\/2019\/06\/7b710377-7aad-4d75-b402-ddb3b8c90aeb-169x300.jpg\" alt=\"\" width=\"169\" height=\"300\" srcset=\"https:\/\/www.radiopiu.net\/wordpress\/wp-content\/uploads\/2019\/06\/7b710377-7aad-4d75-b402-ddb3b8c90aeb-169x300.jpg 169w, https:\/\/www.radiopiu.net\/wordpress\/wp-content\/uploads\/2019\/06\/7b710377-7aad-4d75-b402-ddb3b8c90aeb-768x1365.jpg 768w, https:\/\/www.radiopiu.net\/wordpress\/wp-content\/uploads\/2019\/06\/7b710377-7aad-4d75-b402-ddb3b8c90aeb-576x1024.jpg 576w, https:\/\/www.radiopiu.net\/wordpress\/wp-content\/uploads\/2019\/06\/7b710377-7aad-4d75-b402-ddb3b8c90aeb.jpg 900w\" sizes=\"auto, (max-width: 169px) 100vw, 169px\" \/><\/a>BELLUNO<\/strong> Grazie a Francesca Mussoi, ormai conosciuta come Tremolina, gli ospiti del Centro (tutti con disabilit\u00e0 cognitiva) entrano in contatto con una serie di laboratori legati alle favole. Nello specifico, vengono lette delle storie brevi, ma dal significato profondo. Storie create appositamente per gli ospiti, tanto \u00e8 vero che loro stessi ne sono i protagonisti. Ogni racconto \u00e8 incentrato sulla stagionalit\u00e0 e lo scorrere del tempo, da cui sgorgano poi degli importanti stimoli per dare vita ad alcuni lavori manuali. \u00abAbbiamo cercato di fare leva su ci\u00f2 che piace maggiormente a queste persone cos\u00ec ricche di umanit\u00e0: la musica &#8211; spiega Francesca Mussoi, affiancata da Carla Simonetti -. Nei vari incontri vengono cantate la sigla \u201cIo sono come un albero\u201d o la canzone di Jovanotti \u201cEstate\u201d. E gli stessi brani saranno interpretati nella festa del 13 luglio, sempre a Cusighe, a cui sono invitati tutti. Nell\u2019occasione, indosseranno delle magliette su cui sono impresse le impronte delle mani\u00bb.<br \/>\nLungo il percorso, inoltre, i responsabili di \u201cFavolando\u201d hanno dato una serie di suggerimenti per realizzare un vestito \u201cda favola\u201d: dal cappello, passando per la collana, fino alla bacchetta, creata con i rami secchi raccolti in giardino. \u00abIn questo modo, \u00e8 come se ognuno avesse con s\u00e9 un parte di Tremolina e vivesse nel mondo della magia. Gli oggetti diventano incantati. E gli ospiti del Centro non vedono l\u2019ora di metterli in mostra\u00bb.<a class=\"dt-pswp-item\" href=\"http:\/\/www.radiopiu.net\/wordpress\/wp-content\/uploads\/2019\/06\/9abd09bb-ac45-4742-826b-c9df99294d6e.jpg\" data-dt-img-description=\"\" data-large_image_width=\"1600\" data-large_image_height=\"900\"><img loading=\"lazy\" decoding=\"async\" class=\"size-medium wp-image-88850 alignright\" src=\"http:\/\/www.radiopiu.net\/wordpress\/wp-content\/uploads\/2019\/06\/9abd09bb-ac45-4742-826b-c9df99294d6e-300x169.jpg\" alt=\"\" width=\"300\" height=\"169\" srcset=\"https:\/\/www.radiopiu.net\/wordpress\/wp-content\/uploads\/2019\/06\/9abd09bb-ac45-4742-826b-c9df99294d6e-300x169.jpg 300w, https:\/\/www.radiopiu.net\/wordpress\/wp-content\/uploads\/2019\/06\/9abd09bb-ac45-4742-826b-c9df99294d6e-768x432.jpg 768w, https:\/\/www.radiopiu.net\/wordpress\/wp-content\/uploads\/2019\/06\/9abd09bb-ac45-4742-826b-c9df99294d6e-1024x576.jpg 1024w, https:\/\/www.radiopiu.net\/wordpress\/wp-content\/uploads\/2019\/06\/9abd09bb-ac45-4742-826b-c9df99294d6e.jpg 1600w\" sizes=\"auto, (max-width: 300px) 100vw, 300px\" \/><\/a> A proposito di oggetti, il pi\u00f9 ambito \u00e8 il cappello da elfo, affidato di volta in volta alla persona pi\u00f9 meritevole.<br \/>\n\u00abCon l\u2019encomiabile aiuto degli educatori Paola e Andrea &#8211; prosegue Francesca &#8211; \u00e8 nata una bella sinergia. A Cusighe mi fanno sentire a casa. Stiamo parlando di una realt\u00e0 forse poco conosciuta nel territorio, ma da scoprire. Entrando nella struttura, \u00e8 molto pi\u00f9 ci\u00f2 che si riceve, rispetto a ci\u00f2 che si d\u00e0\u00bb. L\u2019entusiasmo nei confronti di \u201cFavolando\u201d \u00e8 cresciuto in maniera progressiva: \u00abI nostri incontri, all\u2019inizio, erano arricchiti da 3 o 4 persone. Ora sono salite a 12, a volte pure pure 15. Nel mio piccolo, spero di aver portato dei momenti di gioia e di leggerezza. In questo senso, non posso che ringraziare i vertici della struttura per la fiducia che mi \u00e8 stata concessa\u00bb. Ma non \u00e8 finita qui, perch\u00e9 le favole con i disegni saranno racchiuse in un libro: voluto dall\u2019ASSI, verr\u00e0 pubblicato per Natale.<\/p>\n<p>&nbsp;<\/p>\n<p>&nbsp;<\/p>\n","protected":false},"excerpt":{"rendered":"<p>con la collaborazione di Marco D&#8217;Inc\u00e0. Nasce una splendida sinergia tra l\u2019ASSI e gli ospiti della struttura \u201cFavolando\u201d, il progetto dell\u2019ASSI, approda al Presidio multizonale per disabili di Cusighe. BELLUNO Grazie a Francesca Mussoi, ormai conosciuta come Tremolina, gli ospiti del Centro (tutti con disabilit\u00e0 cognitiva) entrano in contatto con una serie di laboratori legati&hellip;<\/p>\n","protected":false},"author":1,"featured_media":88846,"comment_status":"closed","ping_status":"closed","sticky":false,"template":"","format":"standard","meta":{"_monsterinsights_skip_tracking":false,"_monsterinsights_sitenote_active":false,"_monsterinsights_sitenote_note":"","_monsterinsights_sitenote_category":0,"footnotes":""},"categories":[49],"tags":[],"class_list":["post-88848","post","type-post","status-publish","format-standard","has-post-thumbnail","hentry","category-news-18","category-49","description-off"],"img_url":"https:\/\/www.radiopiu.net\/wordpress\/wp-content\/uploads\/2019\/06\/7b710377-7aad-4d75-b402-ddb3b8c90aeb.jpg","_links":{"self":[{"href":"https:\/\/www.radiopiu.net\/wordpress\/wp-json\/wp\/v2\/posts\/88848","targetHints":{"allow":["GET"]}}],"collection":[{"href":"https:\/\/www.radiopiu.net\/wordpress\/wp-json\/wp\/v2\/posts"}],"about":[{"href":"https:\/\/www.radiopiu.net\/wordpress\/wp-json\/wp\/v2\/types\/post"}],"author":[{"embeddable":true,"href":"https:\/\/www.radiopiu.net\/wordpress\/wp-json\/wp\/v2\/users\/1"}],"replies":[{"embeddable":true,"href":"https:\/\/www.radiopiu.net\/wordpress\/wp-json\/wp\/v2\/comments?post=88848"}],"version-history":[{"count":0,"href":"https:\/\/www.radiopiu.net\/wordpress\/wp-json\/wp\/v2\/posts\/88848\/revisions"}],"wp:featuredmedia":[{"embeddable":true,"href":"https:\/\/www.radiopiu.net\/wordpress\/wp-json\/wp\/v2\/media\/88846"}],"wp:attachment":[{"href":"https:\/\/www.radiopiu.net\/wordpress\/wp-json\/wp\/v2\/media?parent=88848"}],"wp:term":[{"taxonomy":"category","embeddable":true,"href":"https:\/\/www.radiopiu.net\/wordpress\/wp-json\/wp\/v2\/categories?post=88848"},{"taxonomy":"post_tag","embeddable":true,"href":"https:\/\/www.radiopiu.net\/wordpress\/wp-json\/wp\/v2\/tags?post=88848"}],"curies":[{"name":"wp","href":"https:\/\/api.w.org\/{rel}","templated":true}]}}