{"id":88914,"date":"2019-06-20T06:03:35","date_gmt":"2019-06-20T04:03:35","guid":{"rendered":"http:\/\/www.radiopiu.net\/wordpress\/?p=88914"},"modified":"2019-06-20T09:31:51","modified_gmt":"2019-06-20T07:31:51","slug":"giornale-radiopiu-20-giugno-2019-direttore-mirko-mezzacasa","status":"publish","type":"post","link":"https:\/\/www.radiopiu.net\/wordpress\/giornale-radiopiu-20-giugno-2019-direttore-mirko-mezzacasa\/","title":{"rendered":"GIORNALE RADIOPIU 20 GIUGNO 2019 DIRETTORE MIRKO MEZZACASA"},"content":{"rendered":"<p style=\"text-align: left;\"><strong>Il ponte Santa Caterina<\/strong> a Ponte nelle Alpi chiuder\u00e0 per tre mesi anche all&#8217;inizio del nuovo anno scolastico, il sindaco Paolo Vendramini promette disagi limitati con la messa a punto della viabilit\u00e0 alternativa anche per i trasporti scolastici. <strong>A Feltre s&#8217;apre il bando<\/strong> per i contributi dopo i danni della tempesta di fine ottobre, le famiglie attendono i primi 5000 euro. <strong>Due donne nella Giunta di Jacopo Massaro<\/strong> sono Francesca De Biasi impegnata anche in Provincia come consigliere e Yuki D&#8217;Emilia che si occuper\u00e0 del personale. <strong>Patente ritirata al camionista<\/strong> la polizia ha contestato la guida in stato di ebbrezza\u00a0 a un autista lungo la statale 50 del Grappa e Passo Rolle, alle 18\u00a0 gli agenti della volante lo hanno fermato e controllato con l&#8217;etilometro: 0,8 grammi per litro di sangue, che \u00e8 la soglia del penale. , sanzione amministrativa superiore ai 700 euro e ritiro del documento di guida. <strong>Un motociclista olandese<\/strong> di 57 anni ieri alle 12.30 nella zona del passo Valparola \u00e8 finito fuori strada, \u00e8\u00a0 ricoverato in Rianimazione a Belluno non \u00e8 in pericolo di vita, la prognosi per ora \u00e8 riservata. <strong>Ieri ad Alleghe gli operatori turistici (FOTO)<\/strong> hanno manifestato alla Regione tutte le preoccupazioni per l<a class=\"dt-pswp-item\" href=\"http:\/\/www.radiopiu.net\/wordpress\/wp-content\/uploads\/2019\/06\/WhatsApp-Image-2019-06-19-at-10.57.36.jpeg\" data-dt-img-description=\"\" data-large_image_width=\"1600\" data-large_image_height=\"1200\"><img loading=\"lazy\" decoding=\"async\" class=\"size-medium wp-image-88974 alignright\" src=\"http:\/\/www.radiopiu.net\/wordpress\/wp-content\/uploads\/2019\/06\/WhatsApp-Image-2019-06-19-at-10.57.36-300x225.jpeg\" alt=\"\" width=\"300\" height=\"225\" srcset=\"https:\/\/www.radiopiu.net\/wordpress\/wp-content\/uploads\/2019\/06\/WhatsApp-Image-2019-06-19-at-10.57.36-300x225.jpeg 300w, https:\/\/www.radiopiu.net\/wordpress\/wp-content\/uploads\/2019\/06\/WhatsApp-Image-2019-06-19-at-10.57.36-768x576.jpeg 768w, https:\/\/www.radiopiu.net\/wordpress\/wp-content\/uploads\/2019\/06\/WhatsApp-Image-2019-06-19-at-10.57.36-1024x768.jpeg 1024w, https:\/\/www.radiopiu.net\/wordpress\/wp-content\/uploads\/2019\/06\/WhatsApp-Image-2019-06-19-at-10.57.36.jpeg 1600w\" sizes=\"auto, (max-width: 300px) 100vw, 300px\" \/><\/a>a difficolt\u00e0 nell&#8217;elaborare le perizie per le richieste danni (post Vaia) da consegnare in tempi stretti, entro il 10 luglio. \u00a0Giorgia Vidotti della Regione ha illustrato i bandi per un contributo a fondo perduto e pari al 100% della spesa, con un limite massimo di 450mila euro. Gli imprenditori e artigiani danneggiati sono ancora in attesa della prima tranche di risarcimento da 20mila euro.<b class=\"paragrafo\"><\/b><\/p>\n<p>&nbsp;<\/p>\n<blockquote><p>&nbsp;<\/p><\/blockquote>\n<p>&nbsp;<\/p>\n<p>&nbsp;<\/p>\n<p>&nbsp;<\/p>\n<p>a Gino Pasqualotto . . . quanto lo abbiamo &#8220;odiato&#8221; sul ghiaccio giocandogli contro ad Alleghe e Bolzano, quanto lo abbiamo amato per la sua impetuosa simpatia. Buona partita amico mio, lass\u00f9 ce ne sono gi\u00e0 tanti.<\/p>\n<p>IL MESSAGGIO DEL FIGLIO ALEX Questa mattina alle 05:13 hai concluso la tua partita pi\u00f9 lunga e dura della tua vita uscendone comunque un eroe. Potrei restare qui a scrivere per ore..tu sei stato e sarai un maestro di vita per molti ma soprattutto per me&#8230; ti porter\u00f2 sempre con me.. ovunque.. sono orgoglioso di te.. fai buon viaggio pap\u00e0.. e lass\u00f9 fai vedere agli angeli come si gioca<br \/>\n..Ciao pap\u00e0<\/p>\n<p><a class=\"dt-pswp-item\" href=\"http:\/\/www.radiopiu.net\/wordpress\/wp-content\/uploads\/2019\/06\/64621821_10219140785535649_1848543173895258112_n.jpg\" data-dt-img-description=\"\" data-large_image_width=\"766\" data-large_image_height=\"960\"><img loading=\"lazy\" decoding=\"async\" class=\"alignnone size-medium wp-image-88993\" src=\"http:\/\/www.radiopiu.net\/wordpress\/wp-content\/uploads\/2019\/06\/64621821_10219140785535649_1848543173895258112_n-239x300.jpg\" alt=\"\" width=\"239\" height=\"300\" srcset=\"https:\/\/www.radiopiu.net\/wordpress\/wp-content\/uploads\/2019\/06\/64621821_10219140785535649_1848543173895258112_n-239x300.jpg 239w, https:\/\/www.radiopiu.net\/wordpress\/wp-content\/uploads\/2019\/06\/64621821_10219140785535649_1848543173895258112_n.jpg 766w\" sizes=\"auto, (max-width: 239px) 100vw, 239px\" \/><\/a><\/p>\n<p>&nbsp;<\/p>\n<p>&nbsp;<\/p>\n<p>&nbsp;<\/p>\n<h2>LA FOTO DEL GIORNO DALLA PAGINA FACEBOOK DI ILARIO DA CAMPO<\/h2>\n<p><strong>VOLTAGO<\/strong> Jager Bar: consegnata oggi al nuovo Commissario Prefettizio (dott. Antonio Russo) la maglietta &#8220;Boscaioli de Oltach&#8221; con gli <span id=\"u_fetchstream_7_2\" class=\"_ezo\">auguri<\/span>\u00a0di buon lavoro per il nostro territorio.<\/p>\n<p><a class=\"dt-pswp-item\" href=\"http:\/\/www.radiopiu.net\/wordpress\/wp-content\/uploads\/2019\/06\/64328300_2262177913867208_2882199346567184384_n.jpg\" data-dt-img-description=\"\" data-large_image_width=\"960\" data-large_image_height=\"720\"><img loading=\"lazy\" decoding=\"async\" class=\"alignnone size-medium wp-image-88975\" src=\"http:\/\/www.radiopiu.net\/wordpress\/wp-content\/uploads\/2019\/06\/64328300_2262177913867208_2882199346567184384_n-300x225.jpg\" alt=\"\" width=\"300\" height=\"225\" srcset=\"https:\/\/www.radiopiu.net\/wordpress\/wp-content\/uploads\/2019\/06\/64328300_2262177913867208_2882199346567184384_n-300x225.jpg 300w, https:\/\/www.radiopiu.net\/wordpress\/wp-content\/uploads\/2019\/06\/64328300_2262177913867208_2882199346567184384_n-768x576.jpg 768w, https:\/\/www.radiopiu.net\/wordpress\/wp-content\/uploads\/2019\/06\/64328300_2262177913867208_2882199346567184384_n.jpg 960w\" sizes=\"auto, (max-width: 300px) 100vw, 300px\" \/><\/a><\/p>\n<p>&nbsp;<\/p>\n<p>&nbsp;<\/p>\n<p>&nbsp;<\/p>\n<p>&nbsp;<\/p>\n<p>&nbsp;<\/p>\n<div id=\"articleToolBar\">\n<div id=\"articleToolBarContent\">\n<h2 id=\"articleZoomIn\" class=\"articleToolBarButton firstHover\"><a class=\"dt-pswp-item\" href=\"http:\/\/www.radiopiu.net\/wordpress\/wp-content\/uploads\/2019\/06\/logo-1.jpg\" data-dt-img-description=\"\" data-large_image_width=\"1024\" data-large_image_height=\"768\"><img loading=\"lazy\" decoding=\"async\" class=\" wp-image-88961 alignleft\" src=\"http:\/\/www.radiopiu.net\/wordpress\/wp-content\/uploads\/2019\/06\/logo-1-300x225.jpg\" alt=\"\" width=\"191\" height=\"143\" srcset=\"https:\/\/www.radiopiu.net\/wordpress\/wp-content\/uploads\/2019\/06\/logo-1-300x225.jpg 300w, https:\/\/www.radiopiu.net\/wordpress\/wp-content\/uploads\/2019\/06\/logo-1-768x576.jpg 768w, https:\/\/www.radiopiu.net\/wordpress\/wp-content\/uploads\/2019\/06\/logo-1.jpg 1024w\" sizes=\"auto, (max-width: 191px) 100vw, 191px\" \/><\/a>UOMO E DONNA FERITI NELLO SCHIANTO DI FORTOGNA<\/h2>\n<div id=\"articleZoomOut\" class=\"articleToolBarButton firstHover\"><strong>LONGARONE\u00a0 <\/strong>Incidente, ieri in serata, a Fortogna, alle 19.30\u00a0 frontale tra due automobili, una Mitsubishi Space Star, condotta da un uomo di 73 anni, A.P., e una Citroen C1 guidata da una donna, A.K. classe 1975, a causare l&#8217;impatto sarebbe stato l&#8217;uomo, che avrebbe invaso la corsia opposta mentre percorreva la statale di Alemagna in direzione Longarone-Ponte nelle Alpi. Entrambi sono stati trasportati all&#8217;ospedale San Martino di Belluno con un codice di media gravit\u00e0.L&#8217;incidente ha provocato l&#8217;ennesimo incolonnamento lungo l&#8217;Alemagna e, nonostante l&#8217;orario, si \u00e8 formata una lunga coda.<\/div>\n<\/div>\n<\/div>\n<p>&nbsp;<\/p>\n<p>&nbsp;<\/p>\n<p>&nbsp;<\/p>\n<p>&nbsp;<\/p>\n<h2><strong>IL RICORDO\u00a0<\/strong><\/h2>\n<h3><em>&#8220;IL RICHIAMO ALL&#8217;UNITA&#8217; DEI SINDACI DI MONSIGNOR LISE&#8221;<\/em><\/h3>\n<p><em><a class=\"dt-pswp-item\" href=\"http:\/\/www.radiopiu.net\/wordpress\/wp-content\/uploads\/2016\/04\/RinaldoDeRocco.jpg\" data-dt-img-description=\"\" data-large_image_width=\"424\" data-large_image_height=\"569\"><img loading=\"lazy\" decoding=\"async\" class=\"wp-image-18356 alignleft\" src=\"http:\/\/www.radiopiu.net\/wordpress\/wp-content\/uploads\/2016\/04\/RinaldoDeRocco-224x300.jpg\" alt=\"\" width=\"72\" height=\"96\" \/><\/a><\/em><em>Un ricordo di chi ha battagliato per l&#8217;ospedale di Agordo e l&#8217;unit\u00e0 dei sindaci. Una riflessione che fa sempre bene. Dalla dichiarazione dell&#8217;allora sindaco di Canale d&#8217;Agordo sono trascorsi 15 mesi e il Pronto Soccorso di Agordo \u00e8 nelle stesse condizioni di allora e cos\u00ec rimarr\u00e0, per ora nessun progetto per avviare i lavori. Al momento nessuna novit\u00e0 o discussione avviata, vaia, il post vaia, le elezioni, il cambio di amministratori non ha contribuito ad assicurare la serenit\u00e0 per un confronto costruttivo verso una decisione definitiva.<\/em><strong><em><br \/>\n<\/em><\/strong><\/p>\n<p><strong style=\"color: #ff0000;\">RINALDO DE ROCCO, 12 MARZO 2018-RADIOGIORNALE PRINCIPALE<\/strong><\/p>\n<blockquote><audio class=\"wp-audio-shortcode\" id=\"audio-88914-1\" preload=\"none\" style=\"width: 100%;\" controls=\"controls\"><source type=\"audio\/mpeg\" src=\"http:\/\/www.radiopiu.net\/wordpress\/wp-content\/uploads\/2019\/06\/DE-ROCCO.mp3?_=1\" \/><a href=\"http:\/\/www.radiopiu.net\/wordpress\/wp-content\/uploads\/2019\/06\/DE-ROCCO.mp3\">http:\/\/www.radiopiu.net\/wordpress\/wp-content\/uploads\/2019\/06\/DE-ROCCO.mp3<\/a><\/audio><\/blockquote>\n<p>&nbsp;<\/p>\n<p>&nbsp;<\/p>\n<p>&nbsp;<\/p>\n<h3>PER CHIUDERE IL CERCHIO SULLE PALE DI SAN LUCANO<\/h3>\n<blockquote><p><strong>TAIBON<\/strong><em>&#8220;Luci sulla Pale di San Lucano questa notte, in tanti le hanno segnalate al Soccorso Alpino, Vigili del Fuoco, Carabinieri e qui in radio&#8221;. <\/em>Scrivevamo cos\u00ec nell&#8217;edizione di ieri, il Soccorso Alpino fin dall&#8217;altra sera ha tenuto sotto controlla la parete dove sono saliti degli alpinisti che hanno lasciato l&#8217;auto in valle di San Lucano, dunque si trattava di un bivacco notturno, ieri mattina all&#8217;alba gli alpinisti hanno ripreso il viaggio verso la cima.<\/p><\/blockquote>\n<p>&nbsp;<\/p>\n<p>&nbsp;<\/p>\n<h3>MARCO PAOLINI IN MARMOLADA PER IL\u00a0 PELMO D&#8217;ORO 2018<\/h3>\n<p><strong>DALLA RASSEGNA STAMPA, CLAUDIA CATTADORI<\/strong><\/p>\n<audio class=\"wp-audio-shortcode\" id=\"audio-88914-2\" preload=\"none\" style=\"width: 100%;\" controls=\"controls\"><source type=\"audio\/mpeg\" src=\"http:\/\/www.radiopiu.net\/wordpress\/wp-content\/uploads\/2019\/06\/PAOLINI-CLAUDIA.mp3?_=2\" \/><a href=\"http:\/\/www.radiopiu.net\/wordpress\/wp-content\/uploads\/2019\/06\/PAOLINI-CLAUDIA.mp3\">http:\/\/www.radiopiu.net\/wordpress\/wp-content\/uploads\/2019\/06\/PAOLINI-CLAUDIA.mp3<\/a><\/audio>\n<p><strong><a class=\"dt-pswp-item\" href=\"http:\/\/www.radiopiu.net\/wordpress\/wp-content\/uploads\/2019\/06\/download-17.jpg\" data-dt-img-description=\"\" data-large_image_width=\"275\" data-large_image_height=\"183\"><img loading=\"lazy\" decoding=\"async\" class=\" wp-image-88946 alignright\" src=\"http:\/\/www.radiopiu.net\/wordpress\/wp-content\/uploads\/2019\/06\/download-17.jpg\" alt=\"\" width=\"188\" height=\"125\" \/><\/a>ROCCA PIETORE<\/strong> Marco Paolini la scorsa estate insignito del premio Pelmo d&#8217;Oro 2018 per la Cultura Alpina, il suo risconocimento dalle mani del presidente della Provincia Roberto Padrina,\u00a0 lo ritirer\u00e0 domani in occasione della conferenza stampa di presentazione del prossimo evento, La Provincia l&#8217;ha organizzata di nuovo a Rocca Pietore ma al prato di Boscoverde \u00e8 stato preferito il massiccio della Marmolada o meglio la sala polifunzionale della stazione Serauta della Funivia della Marmolada<\/p>\n<p>&nbsp;<\/p>\n<p>&nbsp;<\/p>\n<p>&nbsp;<\/p>\n<p>&nbsp;<\/p>\n<h3>CENTRI BENESSERE CON I FONDI DI CONFINE,\u00a0 STORNARE FONDI E PROGETTI NON SEMPRE E&#8217; POSSIBILE, ALLEGHE INSEGNA<\/h3>\n<p><a class=\"dt-pswp-item\" href=\"http:\/\/www.radiopiu.net\/wordpress\/wp-content\/uploads\/2019\/06\/download-18.jpg\" data-dt-img-description=\"\" data-large_image_width=\"275\" data-large_image_height=\"184\"><img loading=\"lazy\" decoding=\"async\" class=\"size-full wp-image-88967 alignleft\" src=\"http:\/\/www.radiopiu.net\/wordpress\/wp-content\/uploads\/2019\/06\/download-18.jpg\" alt=\"\" width=\"275\" height=\"184\" \/><\/a><strong>LIVINALLONGO <\/strong>Sulle pagine facebook di RADIO PIU&#8217; \u00e8 in corso un interessante dibattito dopo che da Falcade si rilancia la possibilit\u00e0 di realizzare un centro benessere, come le QC Terme in Val di Fassa, eccezionale nei mesi stagionali molto meno in tutti gli altri, o come le Terme del Comelico aperte e chiuse perch\u00e9 non sostenibili nelle poche settimane turistiche e la popolazione locale non ne giustifica l&#8217;apertura per gli elevati costi. Oltre a Falcade i fondi di confine promettono un secondo centro benessere per Livinallongo ed Arabba, ma Grones il sindaco ha fatto retromarcia: &#8220;Prima i danni di Vaia&#8221;, ma il primo cittadino Fodom \u00e8 proprio sicuro di poterlo fare?<br \/>\n<strong>GIANNI SANTOMASO<\/strong><\/p>\n<audio class=\"wp-audio-shortcode\" id=\"audio-88914-3\" preload=\"none\" style=\"width: 100%;\" controls=\"controls\"><source type=\"audio\/mpeg\" src=\"http:\/\/www.radiopiu.net\/wordpress\/wp-content\/uploads\/2019\/06\/GIANNI-GRONES.mp3?_=3\" \/><a href=\"http:\/\/www.radiopiu.net\/wordpress\/wp-content\/uploads\/2019\/06\/GIANNI-GRONES.mp3\">http:\/\/www.radiopiu.net\/wordpress\/wp-content\/uploads\/2019\/06\/GIANNI-GRONES.mp3<\/a><\/audio>\n<p>&nbsp;<\/p>\n<p>&nbsp;<\/p>\n<p>&nbsp;<\/p>\n<h2><span style=\"color: #000000;\"><strong>NUOVI ORARI, DISAGI PER LE ZONE DECENTRATE E DISAGIATE. &#8220;I SOLITI TAGLI&#8221; RIFERISCONO AL SINDACO<\/strong><\/span><\/h2>\n<blockquote><p><em><strong><a class=\"dt-pswp-item\" href=\"http:\/\/www.radiopiu.net\/wordpress\/wp-content\/uploads\/2018\/08\/dolomitibus.jpeg\" data-dt-img-description=\"\" data-large_image_width=\"621\" data-large_image_height=\"414\"><img loading=\"lazy\" decoding=\"async\" class=\" wp-image-59158 alignleft\" src=\"http:\/\/www.radiopiu.net\/wordpress\/wp-content\/uploads\/2018\/08\/dolomitibus-300x200.jpeg\" alt=\"\" width=\"186\" height=\"124\" srcset=\"https:\/\/www.radiopiu.net\/wordpress\/wp-content\/uploads\/2018\/08\/dolomitibus-300x200.jpeg 300w, https:\/\/www.radiopiu.net\/wordpress\/wp-content\/uploads\/2018\/08\/dolomitibus.jpeg 621w\" sizes=\"auto, (max-width: 186px) 100vw, 186px\" \/><\/a>GOSALDO <\/strong>Salve sono P. R. scrivo per informazioni della linea Dolomiti bus Agordo-Lambroi. Con il cambio orario invernale-estivo sono state\u00a0 tagliate ben quattro corse. Non capisco il buon senso, partendo da Lambroi per fare la spesa\u00a0 una persona rimane in giro per tutto il giorno, anche gli anziani che si recano all&#8217;ospedale per le analisi o altre visite.\u00a0<\/em><\/p><\/blockquote>\n<p>Ci siamo rivolti al sindaco Giocondo Dalle Feste a conoscenza del disagio dei pendolari:<\/p>\n<blockquote><p><em>&#8220;Dolomitibus mi ha tenuto all&#8217;oscuro di tutto, non ne sapevo nulla almeno fino a quando non ho scaricato dal sito internet e visionato gli orari. Ho parlato con il referente in Dolomitibus chiedendo la revisione degli orari e incassando le consuete filastrocche sulla necessit\u00e0 dei tagli. Per questo ho chiesto di ripristinare almeno la corsa della 13 affinch\u00e9 chi abita a Lambroi o in Valle del Mis e deve scendere ad Agordo, possa almeno rientrare in mattinata e non in serata&#8221;.<\/em><\/p><\/blockquote>\n<p><strong>DI GIANNI SANTOMASO<\/strong><\/p>\n<audio class=\"wp-audio-shortcode\" id=\"audio-88914-4\" preload=\"none\" style=\"width: 100%;\" controls=\"controls\"><source type=\"audio\/mpeg\" src=\"http:\/\/www.radiopiu.net\/wordpress\/wp-content\/uploads\/2019\/06\/GIANNI-DOLO.mp3?_=4\" \/><a href=\"http:\/\/www.radiopiu.net\/wordpress\/wp-content\/uploads\/2019\/06\/GIANNI-DOLO.mp3\">http:\/\/www.radiopiu.net\/wordpress\/wp-content\/uploads\/2019\/06\/GIANNI-DOLO.mp3<\/a><\/audio>\n<p>&nbsp;<\/p>\n<p>&nbsp;<\/p>\n<p>&nbsp;<\/p>\n<h2>Presentati i nuovi assessoriDe Biasi al personale, d&#8217;Emilia al turismo<\/h2>\n<blockquote>\n<p lang=\"it-IT\" align=\"LEFT\"><em><strong>\u00a0BELLUNO. Ufficializzati\u00a0 i nuovi nomi della giunta Massaro e la ridistribuzione interna di alcune deleghe.<\/strong><\/em><\/p>\n<\/blockquote>\n<p lang=\"it-IT\" align=\"LEFT\"><span style=\"color: #000000;\"><span style=\"font-family: Arial, sans-serif;\"><span style=\"font-size: large;\"><a class=\"dt-pswp-item\" href=\"http:\/\/www.radiopiu.net\/wordpress\/wp-content\/uploads\/2019\/06\/Presentazione-nuovi-assessori-Belluno.jpg\" data-dt-img-description=\"\" data-large_image_width=\"4730\" data-large_image_height=\"3153\"><img loading=\"lazy\" decoding=\"async\" class=\"size-medium wp-image-88926 alignleft\" src=\"http:\/\/www.radiopiu.net\/wordpress\/wp-content\/uploads\/2019\/06\/Presentazione-nuovi-assessori-Belluno-300x200.jpg\" alt=\"\" width=\"300\" height=\"200\" srcset=\"https:\/\/www.radiopiu.net\/wordpress\/wp-content\/uploads\/2019\/06\/Presentazione-nuovi-assessori-Belluno-300x200.jpg 300w, https:\/\/www.radiopiu.net\/wordpress\/wp-content\/uploads\/2019\/06\/Presentazione-nuovi-assessori-Belluno-768x512.jpg 768w, https:\/\/www.radiopiu.net\/wordpress\/wp-content\/uploads\/2019\/06\/Presentazione-nuovi-assessori-Belluno-1024x683.jpg 1024w\" sizes=\"auto, (max-width: 300px) 100vw, 300px\" \/><\/a><\/span><\/span><\/span><\/p>\n<p>TURISMO E MANIFESTAZIONI Yuki d&#8217;Emilia, 24 anni, laureata a Bolzano nel corso trilingue in Economia e Scienze Sociali &#8211; Politics, Philosophy &amp; Economics con una tesi sugli effetti del riscaldamento globale sul turismo nelle Dolomiti, attualmente laureanda nella Laurea Magistrale in Management della Sostenibilit\u00e0 e del Turismo a Trento e ricercatrice del Progetto Piave al Centro Internazionale di Studi sull\u2019Economia Turistica \u2013 CISET; al suo attivo anche alcuni tirocini presso la Fondazione Dolomiti Unesco<a class=\"dt-pswp-item\" href=\"http:\/\/www.radiopiu.net\/wordpress\/wp-content\/uploads\/2019\/06\/Francesca-De-Biasi.jpg\" data-dt-img-description=\"\" data-large_image_width=\"3456\" data-large_image_height=\"5184\"><img loading=\"lazy\" decoding=\"async\" class=\" wp-image-88925 alignright\" src=\"http:\/\/www.radiopiu.net\/wordpress\/wp-content\/uploads\/2019\/06\/Francesca-De-Biasi-200x300.jpg\" alt=\"\" width=\"149\" height=\"224\" srcset=\"https:\/\/www.radiopiu.net\/wordpress\/wp-content\/uploads\/2019\/06\/Francesca-De-Biasi-200x300.jpg 200w, https:\/\/www.radiopiu.net\/wordpress\/wp-content\/uploads\/2019\/06\/Francesca-De-Biasi-768x1152.jpg 768w, https:\/\/www.radiopiu.net\/wordpress\/wp-content\/uploads\/2019\/06\/Francesca-De-Biasi-683x1024.jpg 683w\" sizes=\"auto, (max-width: 149px) 100vw, 149px\" \/><\/a> di Cortina e l&#8217;EURAC di Bolzano. DELEGA AL PERSONALE Francesca De Biasi, oggi consigliere comunale per la lista In Movimento e consigliere provinciale. Nella ridistribuzione delle deleghe, Lucia Pellegrini \u201ccede\u201d il PERSONALE a De Biasi e viene incaricata delle POLITICHE SOCIALI E PARI OPPORTUNITA&#8217; su Biagio Giannone vengono concentrate tutte le OPERE PUBBLICHE, mentre passa la delega alle POLITICHE ENERGETICHE\u00a0 alla collega Stefania Ganz. Marco Bogo, dopo il passaggio della competenza sulle MANIFESTAZIONI a d&#8217;Emilia, acquisisce la delega ai SERVIZI INFORMATICI dall&#8217;uscente Maurizio Busatta.<\/p>\n<p lang=\"it-IT\" align=\"LEFT\"><span style=\"color: #ff0000;\">IL SINDACO DI BELLUNO JACOPO MASSARO<\/span><\/p>\n<audio class=\"wp-audio-shortcode\" id=\"audio-88914-5\" preload=\"none\" style=\"width: 100%;\" controls=\"controls\"><source type=\"audio\/mpeg\" src=\"http:\/\/www.radiopiu.net\/wordpress\/wp-content\/uploads\/2019\/06\/Jacopo-Massaro-Sindaco-di-Belluno.mp3?_=5\" \/><a href=\"http:\/\/www.radiopiu.net\/wordpress\/wp-content\/uploads\/2019\/06\/Jacopo-Massaro-Sindaco-di-Belluno.mp3\">http:\/\/www.radiopiu.net\/wordpress\/wp-content\/uploads\/2019\/06\/Jacopo-Massaro-Sindaco-di-Belluno.mp3<\/a><\/audio>\n<p lang=\"it-IT\" align=\"LEFT\"><span style=\"color: #ff0000;\">FRANCESCA DE BIASI<\/span><\/p>\n<audio class=\"wp-audio-shortcode\" id=\"audio-88914-6\" preload=\"none\" style=\"width: 100%;\" controls=\"controls\"><source type=\"audio\/mpeg\" src=\"http:\/\/www.radiopiu.net\/wordpress\/wp-content\/uploads\/2019\/06\/Francesca-De-Biasi-Nuovo-Assessore-al-personale-Comune-di-Belluno.mp3?_=6\" \/><a href=\"http:\/\/www.radiopiu.net\/wordpress\/wp-content\/uploads\/2019\/06\/Francesca-De-Biasi-Nuovo-Assessore-al-personale-Comune-di-Belluno.mp3\">http:\/\/www.radiopiu.net\/wordpress\/wp-content\/uploads\/2019\/06\/Francesca-De-Biasi-Nuovo-Assessore-al-personale-Comune-di-Belluno.mp3<\/a><\/audio>\n<p lang=\"it-IT\" align=\"LEFT\"><span style=\"color: #ff0000;\">YUKI D&#8217;EMILIA<\/span><\/p>\n<audio class=\"wp-audio-shortcode\" id=\"audio-88914-7\" preload=\"none\" style=\"width: 100%;\" controls=\"controls\"><source type=\"audio\/mpeg\" src=\"http:\/\/www.radiopiu.net\/wordpress\/wp-content\/uploads\/2019\/06\/Yuki-dEmilia-Nuovo-Assessore-al-turismo-Comune-di-Belluno.mp3?_=7\" \/><a href=\"http:\/\/www.radiopiu.net\/wordpress\/wp-content\/uploads\/2019\/06\/Yuki-dEmilia-Nuovo-Assessore-al-turismo-Comune-di-Belluno.mp3\">http:\/\/www.radiopiu.net\/wordpress\/wp-content\/uploads\/2019\/06\/Yuki-dEmilia-Nuovo-Assessore-al-turismo-Comune-di-Belluno.mp3<\/a><\/audio>\n<p>&nbsp;<\/p>\n<p>&nbsp;<\/p>\n<p>&nbsp;<\/p>\n<h3>VAIA: BANDI PER L&#8217;EROGAZIONE DEI CONTRIBUTI A FAVORE DEI PRIVATI E DELLE ATTIVIT\u00c0 PRODUTTIVE<\/h3>\n<blockquote><p><em>sono stati approvati i bandi per l&#8217;erogazione di ulteriori contributi per il ripristino dei danni a seguito della tempesta VAIA.<\/em><\/p><\/blockquote>\n<p><a class=\"dt-pswp-item\" href=\"http:\/\/www.radiopiu.net\/wordpress\/wp-content\/uploads\/2019\/06\/download-16.jpg\" data-dt-img-description=\"\" data-large_image_width=\"299\" data-large_image_height=\"169\"><img loading=\"lazy\" decoding=\"async\" class=\"size-full wp-image-88912 alignleft\" src=\"http:\/\/www.radiopiu.net\/wordpress\/wp-content\/uploads\/2019\/06\/download-16.jpg\" alt=\"\" width=\"299\" height=\"169\" \/><\/a><strong>FELTRE<\/strong> I Beneficiari dei finanziamenti sono: <strong>imprese del settore agricolo, del settore acquacoltura e pesca, del settore foreste, imprese di settori diversi da quelli agricolo, forestale, dell&#8217;acquacoltura e pesca.\u00a0<\/strong><\/p>\n<p>CONTRIBUTI : Per la ricostruzione di\u00a0 opere e impianti distrutti (fino al 50% del totale) per il ripristino dei danni alle opere e impianti, fino al 80% del costo totale e ad un importo massimo di \u20ac 450.000,00.\u00a0 Privati cittadini, per il ripristino dei danni all&#8217;abitazione principale (80% del totale) e alle abitazioni diverse dalla principale (50%) e alle parti comuni di edifici residenziali, nel limite massimo di \u20ac 150.000; possono presentare istanza di finanziamento tutti i privati cittadini, compresi quelli che hanno gi\u00e0 fatto richiesta di finanziamento di prima emergenza.\u00a0 Le domande dovranno essere presentate esclusivamente su piattaforma on line sui supporti e con le modalit\u00e0 specificatamente previste nei bandi. L&#8217;ordinanza con i relativi allegati \u00e8 visionabile dal sito internet del Comune http:\/\/www.comune.feltre.bl.it.<\/p>\n<p>&nbsp;<\/p>\n<p>&nbsp;<\/p>\n<p>&nbsp;<\/p>\n<h3>FAUNA SELVATICA: , \u201c INVESTIRE SU CORRETTA GESTIONE\u201d. PER PAN IL LUPO E&#8217; TRA LE SPECIE NOCIVE<\/h3>\n<p><strong><a class=\"dt-pswp-item\" href=\"http:\/\/www.radiopiu.net\/wordpress\/wp-content\/uploads\/2015\/12\/20151218_lupo.jpg\" data-dt-img-description=\"\" data-large_image_width=\"880\" data-large_image_height=\"304\"><img loading=\"lazy\" decoding=\"async\" class=\" wp-image-14049 alignleft\" src=\"http:\/\/www.radiopiu.net\/wordpress\/wp-content\/uploads\/2015\/12\/20151218_lupo-300x104.jpg\" alt=\"\" width=\"231\" height=\"80\" \/><\/a>VENEZIA\u00a0<\/strong> L\u2019assessore regionale all\u2019Agricoltura Giuseppe Pan, a nome della Regione Veneto, ha presentato alla Commissione politiche agricole della Conferenza delle Regioni la richiesta di modificare la legge nazionale 157 che dal 1992 regola la fauna selvatica<em>. \u201cI danni causati alle attivit\u00e0 agricole, ma anche alla pubblica incolumit\u00e0, da specie nocive come cinghiali, ungulati, cormorani sono purtroppo esperienza ormai comune, non solo in Veneto ma anche in molte altre regioni \u2013ha premesso Pan &#8211; Appare pertanto sempre pi\u00f9 urgente modificare la legge nazionale che regola la fauna selvatica e passare dal concetto di protezione assoluta ad un approccio dinamico di gestione controllata. Non si tratta di dare il via libera alla caccia tout- court, ma di dare il via, con l\u2019ausilio dell\u2019Ispra e del ministero, a piani di gestione controllata delle specie pi\u00f9 nocive, lupi compresi\u201d. <\/em>Sullo sfondo \u2013 nella richiesta della Regione Veneto di modificare la legge 157 varata 27 ani fa \u2013 ci sono le difficolt\u00e0 del processo di regionalizzazione del personale provinciale dedicato alle attivit\u00e0 di controllo e vigilanza in materia di caccia e pesca eil progressivo depotenziamento, innescato dalla riforma del Rio, dell\u2019attivit\u00e0 gestionale svolta dai corpi di polizia provinciale. Situazione che sta causando anche conflitti di attribuzione di competenze davanti alla Corte Costituzionale con ricadute negative sulla capacit\u00e0 di controllo della fauna selvatica, in particolare cinghiali, ma anche nutrie, volpi e corvidi. <em>\u201cDa parte dei colleghi delle altre Regioni \u2013 aggiunge Pan \u2013 ho trovato attenzione e disponibilit\u00e0. Come promesso alle nostre categorie economiche, ho voluto coinvolgere le altre Regioni al massimo livello, per far sentire la nostra voce il pi\u00f9 possibile in maniera unitaria e porre al governo di fronte alla necessit\u00e0 di affrontare il problema delle proliferazioni fuori controllo di animali nocivi per l\u2019ambiente e le attivit\u00e0 dell\u2019uomo\u201d.<\/em><\/p>\n<p>&nbsp;<\/p>\n<p>&nbsp;<\/p>\n<p>&nbsp;<\/p>\n<p>&nbsp;<\/p>\n<p>&nbsp;<\/p>\n<h3>ENERGIA. LA GIUNTA VARA BANDO DA 2 MILIONI DI EURO PER SISTEMI DI ACCUMULO DI ENERGIA.<\/h3>\n<p><strong>VENEZIA<\/strong>\u00a0 La giunta regionale, su proposta dell\u2019assessore regionale allo sviluppo economico ed energia Roberto Marcato, ha approvato oggi il \u201cBando di incentivazione dei sistemi di accumulo di energia elettrica prodotta da impianti fotovoltaici\u201d che mette a disposizione 2 milioni di euro per quei cittadini che investono in energia pulita, contenendo il consumo energetico.<\/p>\n<blockquote><p><em>\u201cHo fortemente voluto questo bando, il primo nel suo genere nella nostra Regione \u2013 afferma l\u2019assessore Marcato \u2013 perch\u00e9 sono convinto che sia essenziale puntare al contenimento del consumo energetico, a partire dai singoli cittadini. Stiamo parlando di contributi a fondo perduto che la giunta ha deliberato di concedere a favore di soggetti privati, per l\u2019acquisto e l\u2019installazione di sistemi di accumulo di energia elettrica prodotta da impianti fotovoltaici. Con mia personale soddisfazione, il bando, quando l\u2019ho presentato alla in Terza Commissione Consiliare regionale \u00e8 stato apprezzato ed approvato da tutti i colleghi consiglieri\u201d<\/em><\/p><\/blockquote>\n<p>&nbsp;<\/p>\n<p>&nbsp;<\/p>\n<p>&nbsp;<\/p>\n<p>&nbsp;<\/p>\n<h2>NON SI RIPOSA, VIA UNA LEGISLATURA SOTTO L&#8217;ALTRA<\/h2>\n<p><strong><a class=\"dt-pswp-item\" href=\"http:\/\/www.radiopiu.net\/wordpress\/wp-content\/uploads\/2015\/10\/300px-San_Tomaso_Ag.jpg\" data-dt-img-description=\"\" data-large_image_width=\"300\" data-large_image_height=\"225\"><img loading=\"lazy\" decoding=\"async\" class=\" wp-image-11619 alignleft\" src=\"http:\/\/www.radiopiu.net\/wordpress\/wp-content\/uploads\/2015\/10\/300px-San_Tomaso_Ag-300x225.jpg\" alt=\"\" width=\"167\" height=\"125\" \/><\/a>SAN TOMASO<\/strong> Non ha perso tempo il sindaco Moreno De Val, ha convocato la squadra, convalidato gli eletti, distribuito le deleghe e poi subito con i primi temi caldi d&#8217;inizio amministrazione ovvero la necessit\u00e0 di intervenire sul territorio, anche nelle frazioni ha precisato Ubaldo Piaia\u00a0 Pecol e Piaia, stessa situazione per Canacede ha detto Katia Veneri.<\/p>\n<audio class=\"wp-audio-shortcode\" id=\"audio-88914-8\" preload=\"none\" style=\"width: 100%;\" controls=\"controls\"><source type=\"audio\/mpeg\" src=\"http:\/\/www.radiopiu.net\/wordpress\/wp-content\/uploads\/2019\/06\/MORENO3.mp3?_=8\" \/><a href=\"http:\/\/www.radiopiu.net\/wordpress\/wp-content\/uploads\/2019\/06\/MORENO3.mp3\">http:\/\/www.radiopiu.net\/wordpress\/wp-content\/uploads\/2019\/06\/MORENO3.mp3<\/a><\/audio>\n<p>&nbsp;<\/p>\n<p>&nbsp;<\/p>\n<p>&nbsp;<\/p>\n<p>&nbsp;<\/p>\n<p><strong><span style=\"color: #ff0000;\">AGORDO IN FESTA<\/span><\/strong><\/p>\n<div data-crea=\"font-wrapper\">\n<h2><span style=\"font-family: Times New Roman, serif;\"><b>42\u00b0 Giro d&#8217;Italia Giovani Under 23\u00a0 <\/b><\/span><span style=\"font-family: Times New Roman, serif;\"><b>9\u00b0 tappa con partenza da Agordo e arrivo al Passo Fedaia<\/b><\/span><\/h2>\n<div><span style=\"font-size: medium; font-family: 'Times New Roman', serif; color: #3333ff;\">SABATO 22 GIUGNO 2019 <\/span>Tutto il giorno ad Agordo mercatino Dolomiti Expo dalle 9.00 alle 18.00. <span style=\"font-family: 'Times New Roman', serif;\"><span style=\"font-size: medium;\">Serata di intrattenimento in piazza Libert\u00e0 con cabaret e musica italiana\u00a0<\/span><\/span>21.00 alle 23.00.\u00a0 <span style=\"font-size: medium; font-family: 'Times New Roman', serif; color: #3333ff;\">DOMENICA 23 GIUGNO 2019 <\/span>-Dalle ore 09.00 presenza ad Agordo del villaggio\/carovana del Giro. <span style=\"font-size: medium; font-family: 'Times New Roman', serif;\">-09.30 partenza della Cicloturistica Agordo \u2013 Rocca Pietore a scopo benefico aperta a tutti (costo iscrizione \u20ac 15,00) con ristoro finale in attesa della diretta Rai del Giro U23. <\/span><span style=\"font-size: medium; font-family: 'Times New Roman', serif;\">-15.00 partenza della 9\u00b0 tappa Agordo \u2013 Passo Fedaia con la diretta televisiva.\u00a0 <\/span><span style=\"font-size: medium; font-family: 'Times New Roman', serif; color: #3333ff;\">Dal 22 al 30 giugno 2019\u00a0 <\/span><span style=\"font-family: 'Times New Roman', serif;\"><span style=\"font-size: medium;\">Mostra &#8220;Due pedali per sognare. L&#8217;epopea del ciclismo italiano&#8221;\u00a0<\/span><\/span>allestita presso la sala don Tamis dell&#8217;Unione Montana Agordina. <span style=\"font-size: medium; font-family: 'Times New Roman', serif;\">Orari di apertura 16.00-19.00 tutti i giorni dal 23 al 30 giugno.<\/span><\/div>\n<\/div>\n<div data-crea=\"font-wrapper\">\n<div><span style=\"font-family: Times New Roman, serif;\"><span style=\"font-size: medium;\">22 giugno inaugurazione ore 18.00 con presentazione del libro \u201cCento Coppi\u201d (Alba edizioni) di Giacinto Bevilacqua e Renato Bulfon.<\/span><\/span><\/div>\n<blockquote>\n<div><\/div>\n<\/blockquote>\n<\/div>\n<div><\/div>\n<div><\/div>\n<div><\/div>\n<div><\/div>\n<div><\/div>\n<blockquote>\n<div><\/div>\n<\/blockquote>\n<div><\/div>\n<div>\n<p class=\"comunicato:-titolo-western\" align=\"LEFT\"><span style=\"font-size: x-large;\">Anche Federico Caner al Consiglio Direttivo nazionale di Federalberghi a Cortina<\/span><\/p>\n<p class=\"western\" align=\"JUSTIFY\"><span style=\"font-family: Times New Roman, serif;\"><strong><a class=\"dt-pswp-item\" href=\"http:\/\/www.radiopiu.net\/wordpress\/wp-content\/uploads\/2019\/02\/259-2019-Ass.-Caner.jpg\" data-dt-img-description=\"\" data-large_image_width=\"2000\" data-large_image_height=\"1333\"><img loading=\"lazy\" decoding=\"async\" class=\"wp-image-76840 alignleft\" src=\"http:\/\/www.radiopiu.net\/wordpress\/wp-content\/uploads\/2019\/02\/259-2019-Ass.-Caner-300x200.jpg\" alt=\"\" width=\"182\" height=\"121\" srcset=\"https:\/\/www.radiopiu.net\/wordpress\/wp-content\/uploads\/2019\/02\/259-2019-Ass.-Caner-300x200.jpg 300w, https:\/\/www.radiopiu.net\/wordpress\/wp-content\/uploads\/2019\/02\/259-2019-Ass.-Caner-768x512.jpg 768w, https:\/\/www.radiopiu.net\/wordpress\/wp-content\/uploads\/2019\/02\/259-2019-Ass.-Caner-1024x682.jpg 1024w, https:\/\/www.radiopiu.net\/wordpress\/wp-content\/uploads\/2019\/02\/259-2019-Ass.-Caner.jpg 2000w\" sizes=\"auto, (max-width: 182px) 100vw, 182px\" \/><\/a>BELLUNO<\/strong> In occasione del Consiglio Direttivo nazionale di Federalberghi, i cui lavori si terranno a Cortina d&#8217;Ampezzo nella mattinata di venerd\u00ec 21 giugno presso il Grand Hotel Savoia, gli organi federali della maggiore associazione nazionale degli albergatori incontreranno l&#8217;Assessore regionale al Turismo, Federico Caner, delegato per l&#8217;occasione dal Governatore Luca Zaia. Un momento di confronto ed analisi sul comparto turistico nazionale, regionale e locale, e sulle esigenze dello stesso perch\u00e9 si consolidi quale locomotiva del paese.<\/span><\/p>\n<blockquote>\n<p align=\"JUSTIFY\">\n<\/blockquote>\n<\/div>\n<h2><\/h2>\n<p>&nbsp;<\/p>\n<blockquote>\n<h2><\/h2>\n<\/blockquote>\n<h2>MARCIA PER IL NEVEGAL \u2013 CONFINDUSTRIA BELLUNO DOLOMITI A FIANCO DEGLI OPERATORI<\/h2>\n<p><strong>BELLUNO\u00a0<\/strong> \u00abSaremo a fianco degli operatori economici del Nevegal e marceremo con loro. L\u2019economia del Colle \u00e8 una questione che riguarda la citt\u00e0 e l\u2019intero territorio bellunese\u00bb. A esserne convinti sono la presidente di Confindustria Belluno Dolomiti Lorraine Berton e il vicepresidente con delega al turismo e ai grandi eventi Alessio Cremonese, che cos\u00ec rispondono all\u2019invito giunto poche ore fa in Associazione e firmato dagli Operatori\u00a0 conomici del Nevegal. \u00abPartecipiamo con lo spirito di chi vuole contribuire a trovare una soluzione e creare nuove opportunit\u00e0\u00bb, la premessa di Berton e Cremonese. \u00abSul Colle dobbiamo spendere le nostre migliori energie partendo da quelle che sono le innegabili specificit\u00e0 dell\u2019Area. Pubblico e privato sono chiamati a dialogare oggi pi\u00f9 che mai\u00bb. Presidente e vicepresidente ricordano come attorno al Nevegal ruoti oltre un centinaio di lavoratori, senza contare l\u2019indotto sull\u2019economia di Belluno citt\u00e0. \u00abLa chiusura degli impianti va scongiurata. Lo stesso Colle deve essere messo nelle condizioni di beneficiare dell\u2019Effetto Cortina 2021\u00bb. \u00abMa non c\u2019\u00e8 solo lo sci\u00bb, spiegano Berton e Cremonese. \u00abIl cicloescursionismo e il downhill sono attivit\u00e0 sempre pi\u00f9 diffuse; in tante localit\u00e0 austriache e d\u2019Oltralpe i numeri hanno superato le discipline invernali. Lo stesso Nevegal \u00e8 gi\u00e0 apprezzatissimo per la pratica di questi sport che consentono una importante destagionalizzazione. Bisogna crederci di pi\u00f9\u00bb. \u00abL\u2019appoggio della politica \u00e8 fondamentale a tutti i livelli, anche per intercettare nuovi fondi, sia regionali che comunitari in vista della nuova stagione di programmazione\u00bb, proseguono i due rappresentanti di Confindustria Belluno Dolomiti, che sottolineano anche il ruolo delle scuole di sci: \u00abSul Colle l\u2019attivit\u00e0 per i pi\u00f9 piccoli \u2013 che gi\u00e0 \u00e8 una consolidata e apprezzata realt\u00e0 &#8211; dovr\u00e0 essere sempre pi\u00f9 valorizzata. La vicinanza del Nevegal con le localit\u00e0 della pianura continua a costituire un innegabile vantaggio competitivo: da qui deve partire ogni ragionamento\u00bb. \u00abCome Confindustria Belluno Dolomiti, siamo pronti a fare la nostra parte\u00bb, confermano Berton e Cremonese.<\/p>\n<p>&nbsp;<\/p>\n<p>&nbsp;<\/p>\n<p>&nbsp;<\/p>\n<p>&nbsp;<\/p>\n<h2>ASCA &#8211; selezione personale infermieristico<\/h2>\n<p><strong>AGORDO<\/strong> L&#8217;azienda Speciale Consortile Agordina per voce dell&#8217;amministratore unico Mariachiara Santin\u00a0 ha fatto sapere di aver\u00a0indetto una nuova selezione pubblica finalizzata alla formulazione di una graduatoria cui attingere per l\u2019assunzione a tempo determinato e indeterminato di infermieri. Le modalit\u00e0 di presentazione delle domande si trovano sul sito aziendale www.servizisocialiasca.it. Il termine perentorio previsto per la presentazione della domanda \u00e8 fissato il giorno luned\u00ec 29 luglio 2019 entro le ore 12.00, mentre le selezioni verranno effettuate nelle giornate del 5 e 6 agosto 2019.<\/p>\n<p>&nbsp;<\/p>\n<p>&nbsp;<\/p>\n<p>&nbsp;<\/p>\n<h3>ASSEMBLEA COMUNI DEL BACINO IMBRIFERO MONTANO DEL PIAVE<\/h3>\n<p><strong>BELLUNO<\/strong> Domani alle 17 assemblea generale del Consorzio Bim Piave di Belluno in sala Muccin del Centro Diocesano Giovanni XXIII di Piazza Piloni. Ordine del giorno: seconda variazione al bilancio di previsione e comunicazioni del presidente Umberto Soccal.<\/p>\n<p>&nbsp;<\/p>\n<p>&nbsp;<\/p>\n<h3>IL LABARO DEL PALIO FELTRINO SVENTOLA SUL GEMELLAGGIO CON CASTEL D&#8217;AMORE<\/h3>\n<p><strong><a class=\"dt-pswp-item\" href=\"http:\/\/www.radiopiu.net\/wordpress\/wp-content\/uploads\/2019\/06\/64262631_2175339529228011_8714608176818814976_n.jpg\" data-dt-img-description=\"\" data-large_image_width=\"960\" data-large_image_height=\"720\"><img loading=\"lazy\" decoding=\"async\" class=\"size-medium wp-image-88931 alignleft\" src=\"http:\/\/www.radiopiu.net\/wordpress\/wp-content\/uploads\/2019\/06\/64262631_2175339529228011_8714608176818814976_n-300x225.jpg\" alt=\"\" width=\"300\" height=\"225\" srcset=\"https:\/\/www.radiopiu.net\/wordpress\/wp-content\/uploads\/2019\/06\/64262631_2175339529228011_8714608176818814976_n-300x225.jpg 300w, https:\/\/www.radiopiu.net\/wordpress\/wp-content\/uploads\/2019\/06\/64262631_2175339529228011_8714608176818814976_n-768x576.jpg 768w, https:\/\/www.radiopiu.net\/wordpress\/wp-content\/uploads\/2019\/06\/64262631_2175339529228011_8714608176818814976_n.jpg 960w\" sizes=\"auto, (max-width: 300px) 100vw, 300px\" \/><\/a>FELTRE<\/strong> Il Palio di Feltre \u201cgemellato\u201d con il Palio del Castel d\u2019Amore di Castelfranco. A suggellare questa amicizia, domenica la delegazione feltrina ha dato prova di s\u00e9 nell\u2019evento castellano per la scelta degli \u201carcieri per i consoli\u201d, che prelude al Palio della citt\u00e0 murata. Un \u201cgemellaggio\u201d volto a promuovere la disfida feltrina in terra della Marca, luogo a sua volta di un altro Palio: sbandieratori e tamburi, corteo dei nobili hanno dato un assaggio della manifestazione feltrina, riscuotendo il successo cui queste trasferte hanno abituato. Una prima edizione, per la quale \u00e8 stata <a class=\"dt-pswp-item\" href=\"http:\/\/www.radiopiu.net\/wordpress\/wp-content\/uploads\/2019\/06\/IMG-20190617-WA0028.jpg\" data-dt-img-description=\"\" data-large_image_width=\"1600\" data-large_image_height=\"900\"><img loading=\"lazy\" decoding=\"async\" class=\" wp-image-88930 alignright\" src=\"http:\/\/www.radiopiu.net\/wordpress\/wp-content\/uploads\/2019\/06\/IMG-20190617-WA0028-300x169.jpg\" alt=\"\" width=\"266\" height=\"150\" srcset=\"https:\/\/www.radiopiu.net\/wordpress\/wp-content\/uploads\/2019\/06\/IMG-20190617-WA0028-300x169.jpg 300w, https:\/\/www.radiopiu.net\/wordpress\/wp-content\/uploads\/2019\/06\/IMG-20190617-WA0028-768x432.jpg 768w, https:\/\/www.radiopiu.net\/wordpress\/wp-content\/uploads\/2019\/06\/IMG-20190617-WA0028-1024x576.jpg 1024w, https:\/\/www.radiopiu.net\/wordpress\/wp-content\/uploads\/2019\/06\/IMG-20190617-WA0028.jpg 1600w\" sizes=\"auto, (max-width: 266px) 100vw, 266px\" \/><\/a>chiesta la partecipazione feltrina, che \u00e8 inserita nell&#8217;ampio programma del Palio di Castelfranco che torna quest\u2019anno (dopo due anni consecutivi di stop). La delegazione feltrina (della quale faceva parte anche il vicesindaco Alessandro Del Bianco) \u00e8 scesa con il labaro del Palio, affiancato dagli stendardi dei quattro quartieri, quindi un nutrito gruppo di corteo dei nobili, poi musici e sbandieratori del Gruppo Sbandieratori Citt\u00e0 di Feltre: un momento che ha anticipato il Palio feltrino agostano con i suoi tipici spettacoli, non a caso gli sbandieratori hanno dato prova delle loro figure in diversi punti della citt\u00e0 castellana. Domenica scorsa la manifestazione ha visto ampio spazio per l\u2019evento dell\u2019estate feltrina, con la presentazione ufficiale del Palio dei quindici ducati, nell\u2019ambito di una giornata \u201cistituzionale\u201d alla quale ha partecipato anche l\u2019amministrazione di Castelfranco con il <a class=\"dt-pswp-item\" href=\"http:\/\/www.radiopiu.net\/wordpress\/wp-content\/uploads\/2019\/06\/IMG-20190617-WA0016.jpg\" data-dt-img-description=\"\" data-large_image_width=\"1600\" data-large_image_height=\"1200\"><img loading=\"lazy\" decoding=\"async\" class=\" wp-image-88932 alignleft\" src=\"http:\/\/www.radiopiu.net\/wordpress\/wp-content\/uploads\/2019\/06\/IMG-20190617-WA0016-300x225.jpg\" alt=\"\" width=\"173\" height=\"130\" srcset=\"https:\/\/www.radiopiu.net\/wordpress\/wp-content\/uploads\/2019\/06\/IMG-20190617-WA0016-300x225.jpg 300w, https:\/\/www.radiopiu.net\/wordpress\/wp-content\/uploads\/2019\/06\/IMG-20190617-WA0016-768x576.jpg 768w, https:\/\/www.radiopiu.net\/wordpress\/wp-content\/uploads\/2019\/06\/IMG-20190617-WA0016-1024x768.jpg 1024w, https:\/\/www.radiopiu.net\/wordpress\/wp-content\/uploads\/2019\/06\/IMG-20190617-WA0016.jpg 1600w\" sizes=\"auto, (max-width: 173px) 100vw, 173px\" \/><\/a>vicesindaco Gianfranco Giovine. Il programma ha quindi riempito tutto il pomeriggio e la sera della citt\u00e0 castellana, tra le gare degli arcieri per la scelta dei consoli, cortei e feste dei gruppi storici.<\/p>\n<blockquote><p><em>Per il presidente Eugenio Tamburrino, &#8220;La partecipazione a questo evento \u00e8 di primaria importanza per il Palio, sia per ampliare la nostra promozione in un ambito strategico&#8221; Soddisfatto anche il vice sindaco Alessandro Del Bianco: &#8220;Queste occasioni rappresentano molto pi\u00f9 che un semplice momento promozionale, ma sono motore di condivisione tra manifestazioni e citt\u00e0&#8221;.<\/em><\/p><\/blockquote>\n<p>&nbsp;<\/p>\n<p>&nbsp;<\/p>\n<p>&nbsp;<\/p>\n<h2>OGGI ALLA PICCOLA BAITA LA PROVA FINALE DEI NUOVI AGRICHEF<\/h2>\n<p style=\"text-align: left;\"><strong>FALCADE<\/strong> Oggi all&#8217;Agriturismo Piccola Baita di\u00a0 Sappade, si terr\u00e0 l\u2019evento conclusivo del primo corso Agrichef della provincia di Belluno. Il programma, con le lezioni pratiche in cucina \u00e8 stato curato dai tre Agrichef bellunesi gi\u00e0 patentati nei precedenti corsi regionali, Fabrizio Pescosta, Desiree Spada e Matteo Monestier.<\/p>\n<p>&nbsp;<\/p>\n<p>&nbsp;<\/p>\n<p>&nbsp;<\/p>\n<h2>OGGI ZANZARE E ZECCHE<\/h2>\n<p><strong>FELTRE<\/strong> Per il ciclo \u201cGioved\u00ec della salute \u201d, oggi alle 18 nella sala riunioni dell\u2019ospedale di Belluno \u201c <span style=\"font-family: Calibri, sans-serif;\"><span style=\"font-size: medium;\"><b>Zanzare e Zecche: rischi per la salute e strategie di lotta.\u00a0<\/b>Interverranno: <\/span><\/span>Marco Dal Pont, Referente delle Professioni Sanitarie Funzione territoriale, Carmela Granata, Dirigente Medico Malattie Infettive Belluno, Antonio Lalli, medico del Servizio Igiene e Sanit\u00e0 Pubblica del Dipartimento di Prevenzione.<\/p>\n<p><strong>A Belluno ordinanza anti-zanzare in vigore\u00a0<\/strong> <em>\u00abL&#8217;ordinanza riporta alcuni semplici comportamenti che possono evitare il formarsi di focolai di zanzare, comportamenti che tutti noi cittadini siamo tenuti a seguire. La prevenzione costa molto meno, anche a livello ambientale, della disinfestazione, ed \u00e8 possibile solo con l&#8217;impegno di Comune e cittadini\u00bb, <\/em>ricorda l&#8217;assessore all&#8217;ambiente, Stefania Ganz<em>. <\/em>Anche per il 2019, il Comune di Belluno ha siglato una convenzione con l&#8217;Ulss 1 Dolomiti per i trattamenti contro le zanzare nelle aree pubbliche<em>: \u00abChiediamo quindi anche ai privati la loro collaborazione <\/em>\u2013 conclude Ganz \u2013 <em>affinch\u00e8 mettano in atto nelle aree di loro propriet\u00e0 tutti gli accorgimenti e gli interventi utili per evitare la proliferazione delle zanzare.<\/em><\/p>\n<p>&nbsp;<\/p>\n<p>&nbsp;<\/p>\n<p>&nbsp;<\/p>\n<h3>\u201cFAI BRUMOTTI PER L\u2019ITALIA\u201d<\/h3>\n<blockquote><p><a class=\"dt-pswp-item\" href=\"http:\/\/www.radiopiu.net\/wordpress\/wp-content\/uploads\/2019\/06\/Brumotti2019_960x960px.jpg\" data-dt-img-description=\"\" data-large_image_width=\"960\" data-large_image_height=\"960\"><img loading=\"lazy\" decoding=\"async\" class=\"wp-image-88960 alignleft\" src=\"http:\/\/www.radiopiu.net\/wordpress\/wp-content\/uploads\/2019\/06\/Brumotti2019_960x960px-300x300.jpg\" alt=\"\" width=\"209\" height=\"209\" srcset=\"https:\/\/www.radiopiu.net\/wordpress\/wp-content\/uploads\/2019\/06\/Brumotti2019_960x960px-300x300.jpg 300w, https:\/\/www.radiopiu.net\/wordpress\/wp-content\/uploads\/2019\/06\/Brumotti2019_960x960px-150x150.jpg 150w, https:\/\/www.radiopiu.net\/wordpress\/wp-content\/uploads\/2019\/06\/Brumotti2019_960x960px-768x768.jpg 768w, https:\/\/www.radiopiu.net\/wordpress\/wp-content\/uploads\/2019\/06\/Brumotti2019_960x960px.jpg 960w\" sizes=\"auto, (max-width: 209px) 100vw, 209px\" \/><\/a>IL CAMPIONE E AMBASCIATORE FAI PER LE NUOVE GENERAZIONI PER IL SECONDO ANNO CONSECUTIVO ATTRAVERSA L\u2019ITALIA pi\u00f9 BELLA IN BICI: 1.600 KM TRA SPORT, ARTE, NATURA, ECOLOGIA E SOLIDARIET\u00c0. DA CHIOGGIA A BELLUNO ARRIVO PREVISTO A BELLUNO ALLE ORE 18.00<\/p><\/blockquote>\n<p><strong>BELLUNO<\/strong> Domani\u00a0 alle 18 si conclude a Belluno, la 4^ tappa di \u201cFAI Brumotti per l\u2019Italia\u201d, un viaggio in bicicletta in diretta social di 17 tappe e 1.600 km che vedr\u00e0 per il secondo anno consecutivo il campione internazionale e inviato di Striscia la notizia Vittorio Brumotti andare alla scoperta dell\u2019Italia pi\u00f9 bella. Un itinerario da Nord a Sud della Penisola, realizzato con il FAI &#8211; Fondo Ambiente Italiano di cui Brumotti \u00e8 ambasciatore per le nuove generazioni<\/p>\n<p>&nbsp;<\/p>\n<p>&nbsp;<\/p>\n<p>&nbsp;<\/p>\n<p>&nbsp;<\/p>\n<h3>COMUNICAZIONE LIMITAZIONE AL TRAFFICO DEI PASSI: CAMPOLONGO &#8211; PORDOI &#8211; SELLA &#8211; GARDENA<\/h3>\n<p><strong>LIVINALLONGO\u00a0 I<\/strong>n occasione dell\u2019evento dedicato agli amanti della bicicletta:<br \/>\nSELLARONDA BIKE DAY chiusura strade come da decreto del Prefetto di Belluno\u00a0 \u00e8 dalle 8:30 alle 15:30: Tratte interessate:<\/p>\n<p>&#8211; da Arabba al Passo Pordoi SR 48 e al Passo Campolongo SP 244 sul lato del Comune di Livinallongo tra le ore 08:30 e 15:30 (Arabba, dall\u2019incrocio con il Passo Campolongo fino al Passo Pordoi).<\/p>\n<p>&#8211; Corvara &#8211; Passo Gardena e Corvara &#8211; Passo Campolongo sul lato Val Badia tra le ore 08:30 e 15:30 (dalla stazione a valle della cabinovia Bo\u00e8 \u2013 SS 243 e SS 244).<\/p>\n<p>&#8211; da Selva di Val Gardena al Passo Sella e al Passo Gardena sul lato Val Gardena tra le ore 08:30 e 15:30 (dalla Piazza Nives a Selva \u2013 SS 242). Riapertura del tratto dalla Piazza Nives a Plan alle ore 10.00.<\/p>\n<p>&#8211; da Canazei al Passo Sella e al Passo Pordoi sul lato Valle di Fassa tra le ore 08:30 e ore 15:30 (Canazei, incrocio Str\u00e8da Dolomites e Str\u00e8da de Col de Pin presso Hotel Bellevue e Ufficio Postale \u2013 SS 48 e rotatoria Str\u00e8da de Pareda e Str\u00e8da de Col de Pin).<\/p>\n<p>Ai partecipanti viene raccomandato il senso antiorario, quindi: Arabba &#8211; Passo Campolongo &#8211; Passo Gardena &#8211; Passo Sella &#8211; Passo Pordoi &#8211; Arabba.<\/p>\n<p>&nbsp;<\/p>\n<p>&nbsp;<\/p>\n<p>&nbsp;<\/p>\n<p>&nbsp;<\/p>\n<h3><a class=\"dt-pswp-item\" href=\"http:\/\/www.radiopiu.net\/wordpress\/wp-content\/uploads\/2018\/09\/appuntamenti.jpeg\" data-dt-img-description=\"\" data-large_image_width=\"800\" data-large_image_height=\"100\"><img loading=\"lazy\" decoding=\"async\" class=\"alignnone size-full wp-image-61958\" src=\"http:\/\/www.radiopiu.net\/wordpress\/wp-content\/uploads\/2018\/09\/appuntamenti.jpeg\" alt=\"\" width=\"800\" height=\"100\" srcset=\"https:\/\/www.radiopiu.net\/wordpress\/wp-content\/uploads\/2018\/09\/appuntamenti.jpeg 800w, https:\/\/www.radiopiu.net\/wordpress\/wp-content\/uploads\/2018\/09\/appuntamenti-300x38.jpeg 300w, https:\/\/www.radiopiu.net\/wordpress\/wp-content\/uploads\/2018\/09\/appuntamenti-768x96.jpeg 768w\" sizes=\"auto, (max-width: 800px) 100vw, 800px\" \/><\/a><\/h3>\n<blockquote>\n<h3 style=\"text-align: left;\"><a class=\"dt-pswp-item\" href=\"http:\/\/www.radiopiu.net\/wordpress\/wp-content\/uploads\/2015\/07\/CANALE-DAGORDO-13-8-2013-1.jpg\" data-dt-img-description=\"\" data-large_image_width=\"740\" data-large_image_height=\"1024\"><img loading=\"lazy\" decoding=\"async\" class=\"wp-image-7247 alignleft\" src=\"http:\/\/www.radiopiu.net\/wordpress\/wp-content\/uploads\/2015\/07\/CANALE-DAGORDO-13-8-2013-1-217x300.jpg\" alt=\"\" width=\"68\" height=\"94\" \/><\/a>SAGRA DI SAN GIOVANNI A CANALE D&#8217;AGORDO, FINE SETTIMANA TRA MUSICA, BUONA CUCINA E GLI IMMANCABILI CARFON, ASCOLTA IL PROGRAMMA DALLA PROGRAMMAZIONE DI RADIO PIU<\/h3>\n<\/blockquote>\n<p><strong>AUDIO<\/strong><\/p>\n<audio class=\"wp-audio-shortcode\" id=\"audio-88914-9\" preload=\"none\" style=\"width: 100%;\" controls=\"controls\"><source type=\"audio\/mpeg\" src=\"http:\/\/www.radiopiu.net\/wordpress\/wp-content\/uploads\/2019\/06\/spot-sagra-san-giovanni-con-musica.mp3?_=9\" \/><a href=\"http:\/\/www.radiopiu.net\/wordpress\/wp-content\/uploads\/2019\/06\/spot-sagra-san-giovanni-con-musica.mp3\">http:\/\/www.radiopiu.net\/wordpress\/wp-content\/uploads\/2019\/06\/spot-sagra-san-giovanni-con-musica.mp3<\/a><\/audio>\n<p>&nbsp;<\/p>\n<p>&nbsp;<\/p>\n<h3>GLI INCONTRI CULTURALI DEL ROTARY<\/h3>\n<p><strong>BELLUNO<\/strong> Questa sera alle 19.30 al Centro Giovanni XXIII per iniziativa del Rotary Club di Belluno incontro\u00a0 sul tema \u201cI rapporti tra Turchia, Europa e Santa Sede tra condizionamenti interni e sfide globali\u201d. Con <strong>Michelangelo De Don\u00e0,<\/strong> dottore di ricerca in Storia presso l&#8217;Universit\u00e0 degli Studi di Pavia. Professore associato di Storia costituzionale italiana presso l\u2019Istituto INDEF di Bellinzona (Svizzera) e professore a contratto di Diritto dell&#8217;Unione Europea presso Ciels\/Unimedia di Milano. <strong>Daniele Trabucco<\/strong>, dottore di ricerca in Istituzioni di Diritto Pubblico presso l\u2019Universit\u00e0 degli Studi di Padova. Professore associato di Diritto Costituzionale comparato e Dottrina dello Stato presso l\u2019Istituto INDEF di Bellinzona (Svizzera) e professore a contratto di Diritto Internazionale presso Ciels\/Unimedia di Milano.<\/p>\n<p>&nbsp;<\/p>\n<p>&nbsp;<\/p>\n<h3>Solo Cose Belle a Belluno, sold-out in tutto il Veneto<\/h3>\n<p><strong>BELLUNO<\/strong> Domani alle 21, anche il Vescovo Renato Marangoni sar\u00e0\u00a0 al Cinema Italia<br \/>\nper &#8220;Solo Cose Belle&#8221;, il film in grado di portare i temi dell&#8217;accoglienza e della diversit\u00e0 all&#8217;attenzione del grande pubblico, ha registrato il tutto esaurito durante le prime serate nei principali capoluoghi di provincia della Regione; per la prima proiezione a Belluno saranno presenti ad attenderlo il Vescovo Renato Marangoni, rappresentanti della produzione, ed i genitori di una vera casa famiglia della Comunit\u00e0 Papa Giovanni XXIII. Proprio all&#8217;interno di una di queste case, nel riminese, il film \u00e8 ambientato.\u00a0 Appuntamento venerd\u00ec 21 giugno alle ore 21 al Cinema Italia (si consiglia la prenotazione).<\/p>\n<p>&nbsp;<\/p>\n<p>&nbsp;<\/p>\n<h3>DOMANI L&#8217;UOMO E IL SUO MONDO, IL 28 TERRA E VITA<\/h3>\n<p><a class=\"dt-pswp-item\" href=\"http:\/\/www.radiopiu.net\/wordpress\/wp-content\/uploads\/2019\/06\/ANIMA-MUNDI-2019-1_page-0001.jpg\" data-dt-img-description=\"\" data-large_image_width=\"1754\" data-large_image_height=\"2481\"><img loading=\"lazy\" decoding=\"async\" class=\" wp-image-88842 alignleft\" src=\"http:\/\/www.radiopiu.net\/wordpress\/wp-content\/uploads\/2019\/06\/ANIMA-MUNDI-2019-1_page-0001-212x300.jpg\" alt=\"\" width=\"123\" height=\"174\" srcset=\"https:\/\/www.radiopiu.net\/wordpress\/wp-content\/uploads\/2019\/06\/ANIMA-MUNDI-2019-1_page-0001-212x300.jpg 212w, https:\/\/www.radiopiu.net\/wordpress\/wp-content\/uploads\/2019\/06\/ANIMA-MUNDI-2019-1_page-0001-768x1086.jpg 768w, https:\/\/www.radiopiu.net\/wordpress\/wp-content\/uploads\/2019\/06\/ANIMA-MUNDI-2019-1_page-0001-724x1024.jpg 724w, https:\/\/www.radiopiu.net\/wordpress\/wp-content\/uploads\/2019\/06\/ANIMA-MUNDI-2019-1_page-0001.jpg 1754w\" sizes=\"auto, (max-width: 123px) 100vw, 123px\" \/><\/a> Due appuntamenti a Villa Patt, domani alle 21 nel giardino oppure all&#8217;interno del salone di Villa Patt in caso di pioggia,\u00a0 con ingresso gratuito,\u00a0 verr\u00e0 presentato &#8220;L&#8217;uomo e il suo mondo&#8221;,\u00a0 la settimana successiva &#8220;Terra e vita&#8221;. Tutto questo nell&#8217;ambito di Anima Mundi, racconti fotografici artistici in multivisione. Autori Autori: Ariondo Schiocchet, Carlo De Agnoi, Danilo Breda, Dario Tonet, Fernando Bordin, Giuseppe Fedato, Pier Paolo Mazzon e Sonia Fattori, Renzo Pegoraro, Sandra Caldart e Daniele De Biasio, Vittorio Bridda<\/p>\n<p>&nbsp;<\/p>\n<p>&nbsp;<\/p>\n<h3>DOMENICA LA FESTA SOLIDALE DI INSIEME SI PUO&#8217;<\/h3>\n<p><strong>MEL<\/strong> Domenica alle 12 festa solidale d&#8217;estae del gruppo Mafalda con grigliata mista, animazione, giochi per grandi e piccini, lotteria. Al campo sportivo VenaStadio di Valmaor. Le offerte saranno destinate ai sostegni a distanza per bambini (Sad), prenotazione entro giovedi al 3383328688<\/p>\n<p>&nbsp;<\/p>\n<h3><\/h3>\n<p>&nbsp;<\/p>\n<p>&nbsp;<\/p>\n<p><a class=\"dt-pswp-item\" href=\"http:\/\/www.radiopiu.net\/wordpress\/wp-content\/uploads\/2018\/09\/viabilita.jpeg\" data-dt-img-description=\"\" data-large_image_width=\"800\" data-large_image_height=\"100\"><img loading=\"lazy\" decoding=\"async\" class=\"alignnone size-full wp-image-61954\" src=\"http:\/\/www.radiopiu.net\/wordpress\/wp-content\/uploads\/2018\/09\/viabilita.jpeg\" alt=\"\" width=\"800\" height=\"100\" srcset=\"https:\/\/www.radiopiu.net\/wordpress\/wp-content\/uploads\/2018\/09\/viabilita.jpeg 800w, https:\/\/www.radiopiu.net\/wordpress\/wp-content\/uploads\/2018\/09\/viabilita-300x38.jpeg 300w, https:\/\/www.radiopiu.net\/wordpress\/wp-content\/uploads\/2018\/09\/viabilita-768x96.jpeg 768w\" sizes=\"auto, (max-width: 800px) 100vw, 800px\" \/><\/a><\/p>\n<p>&nbsp;<\/p>\n<p><strong>GOSALDO<\/strong> dal 24 al 28 giugno, dalle 8 alle 12 e dalle 13 alle 17.30 interdizione totale al traffico in localit\u00e0 Tiser per lavori di scavo posa cavi.<\/p>\n<p><strong>LA VALLE\u00a0 <\/strong>Fino\u00a031 luglio (festivi e prefestivi esclusi) senso unico a seconda delle esigenze con semaforo o movieri lungo la regionale 203 agordina in localit\u00e0 La Muda<\/p>\n<p><strong>REGIONALE 203 AGORDINA<\/strong> Fino al 28 giugno sabato e domenica escluso, senso unico alternato tra Alleghe e Caprile.<\/p>\n<p><strong>PROVINCIALE 563 DI SALESEI<\/strong> Fino al 28 giugno esclusi giorni festivi e prefestivi senso unico alternato tra Caprile e Saviner<\/p>\n<p><strong>PROVINCIALE 8 DI SAN TOMASO<\/strong> Fino\u00a0 al 28 giugno (esclusi festivi e prefestivi) senso unico alternato tra Pian Molin e Roi<\/p>\n<p><strong>PROVINCIALE 563 DI SALESEI <\/strong>Fino al 19 luglio\u00a0 In localit\u00e0 Sopracordevole in Comune di Rocca Pietore senso unico alternato con semaforo o movieri e divieto di transito ai mezzi con massa superiore a 7,5 tonellate.<\/p>\n<p>&nbsp;<\/p>\n<p>&nbsp;<\/p>\n<p><strong>GLI SPECIALI DI RADIO PIU<\/strong><\/p>\n<div class=\"_2cuy _3dgx\" data-block=\"true\" data-editor=\"4pcre\" data-offset-key=\"b48dq-0-0\">\n<div class=\"_1mf _1mj\" data-offset-key=\"b48dq-0-0\"><span data-offset-key=\"b48dq-0-0\">http:\/\/www.radiopiu.net\/wordpress\/s-gregorio-nelle-alpi-e-zermen-la-dedicazione-delle-due-chiese\/<\/span><\/div>\n<\/div>\n<div class=\"_2cuy _3dgx\" data-block=\"true\" data-editor=\"4pcre\" data-offset-key=\"8j0k5-0-0\">\n<div class=\"_1mf _1mj\" data-offset-key=\"8j0k5-0-0\"><\/div>\n<div data-offset-key=\"8j0k5-0-0\"><\/div>\n<\/div>\n<p>&nbsp;<\/p>\n<h2><img loading=\"lazy\" decoding=\"async\" class=\"wp-image-60761 aligncenter\" src=\"http:\/\/www.radiopiu.net\/wordpress\/wp-content\/uploads\/2018\/09\/sport.jpg\" alt=\"\" width=\"992\" height=\"124\" srcset=\"https:\/\/www.radiopiu.net\/wordpress\/wp-content\/uploads\/2018\/09\/sport.jpg 800w, https:\/\/www.radiopiu.net\/wordpress\/wp-content\/uploads\/2018\/09\/sport-300x38.jpg 300w, https:\/\/www.radiopiu.net\/wordpress\/wp-content\/uploads\/2018\/09\/sport-768x96.jpg 768w\" sizes=\"auto, (max-width: 992px) 100vw, 992px\" \/><\/h2>\n<h3><\/h3>\n<h3>CAMPIONATO AGORDINO FEMMINILE&#8230;LA TERZA GIORNATA<\/h3>\n<p>Si \u00e8 giocata ieri sera la terza giornata del Campionato Agordino femminile. Risultati a sorpresa sui campi di Voltago e Taibon con le campionesse in carica del Le Ville che crollano e l&#8217;Alleghe che vince la prima partita della stagione. A Voltago le padrone di casa riescono a vincere di misura contro il Le Ville. Voltaghesi in vantaggio nella prima frazione con Chiara Conedera. Nella ripresa il raddoppio del Voltago grazie a Laura Dal Col. Il Le Ville risponde con Mara Nessenzia ma non riesce a pareggiare i conti. Al \u201cCesare Scatena\u201d di Taibon l&#8217;Alleghe incamera la prima vittoria della stagione. La squadra di casa, dopo la bella vittoria della scorsa settimana, non riesce ad incamerare punti. Alleghesi che vincono con la doppietta di Da Rech. Per il Taibon l&#8217;unica marcatura a firma di Marchiori.<\/p>\n<blockquote>\n<h3>I RISULTATI Voltago \u2013 Le Ville 2-1 Taibon \u2013 Alleghe 1-2 Riposa Fodom CLASSIFICA Voltago 6 Le Ville ed Alleghe 4 Taibon 3 Fodom 0<\/h3>\n<\/blockquote>\n<p>&nbsp;<\/p>\n<p>&nbsp;<\/p>\n<h3><\/h3>\n<h3>FONTANA PUNTA IN ALTO AD IMOLA CON AUDI SPORT ITALIA<\/h3>\n<p><a class=\"dt-pswp-item\" href=\"http:\/\/www.radiopiu.net\/wordpress\/wp-content\/uploads\/2019\/03\/AndreaFontana.jpg\" data-dt-img-description=\"\" data-large_image_width=\"960\" data-large_image_height=\"959\"><img loading=\"lazy\" decoding=\"async\" class=\"size-medium wp-image-79158 alignleft\" src=\"http:\/\/www.radiopiu.net\/wordpress\/wp-content\/uploads\/2019\/03\/AndreaFontana-300x300.jpg\" alt=\"\" width=\"300\" height=\"300\" srcset=\"https:\/\/www.radiopiu.net\/wordpress\/wp-content\/uploads\/2019\/03\/AndreaFontana-300x300.jpg 300w, https:\/\/www.radiopiu.net\/wordpress\/wp-content\/uploads\/2019\/03\/AndreaFontana-150x150.jpg 150w, https:\/\/www.radiopiu.net\/wordpress\/wp-content\/uploads\/2019\/03\/AndreaFontana-768x767.jpg 768w, https:\/\/www.radiopiu.net\/wordpress\/wp-content\/uploads\/2019\/03\/AndreaFontana.jpg 960w\" sizes=\"auto, (max-width: 300px) 100vw, 300px\" \/><\/a>Il pilota veneto, reduce dall\u2019ottimo risultato di Vallelunga al debutto con la R8 LMS della compagine tricolore di Emilio Radaelli \u00e8 in cerca del colpo grosso nel circuito romagnolo.<br \/>\nDopo le due gare \u201clunghe\u201d di Monza e Misano ed il primo week-end di gare \u201ccorte\u201d di Vallelunga, sar\u00e0 il tracciato dell\u2019Enzo e Dino Ferrari di Imola ad ospitare in questo fine settimana il secondo atto stagionale della Serie Sprintche vedr\u00e0 anche la presenza nel paddock come ospite d&#8217;eccezione l&#8217;ex campione del mondo di motociclismo, Loris Capirossi. Due le gare in programma che saranno trasmesse in diretta TV su Raisport e AutomotoTV. Ventisette gli equipaggi presenti, record stagionale con tanti nuovi ingressi in tutte le classi, GT3 GT Light e GT4.\u00a0 Ad affiancare il 23enne bellunese al volante dell\u2019Audi R8 LMS GT3 ci sar\u00e0 Mattia Drudi, da quest\u2019anno pilota ufficiale della Casa dei Quattro Anelli che sostituir\u00e0 il tedesco Pierre Kaffer, impegnato nella concomitante 24 ore del Nurburgring. Duello serrato ai vertici che attualmente vede Andrea Fontana occupare la quarta posizione di campionato a ridosso dei primi. Grande spettacolo previsto perci\u00f2 per questo weekend che vedr\u00e0 i quattro equipaggi in lotta per il campionato sfidarsi per la leadership: Postiglione \u2013 Mul su Lamborghini Hurac\u00e0n, Agostini \u2013 Rovera su Mercedes AMG, Veglia \u2013 Cas\u00e8 su Ferrari 488 e Fontana \u2013 Drudi su Audi R8.<\/p>\n<blockquote><p><em>Andrea Fontana:\u00a0\u201cA Vallelunga abbiamo sofferto qualche problema tecnico alla nostra vettura ma il team ha lavorato sodo nella pausa per cercare di sistemarlo, speriamo di averlo risolto e poterci giocare le posizioni che ci competono. Questo weekend avr\u00f2 come compagno Mattia Drudi, pilota che conosco bene e che \u00e8 stato mio avversario fin dai kart, sono molto felice di correrci assieme e sono sicuro che abbiamo tutto il potenziale per lottare per le posizioni di vertice. Puntiamo in alto!\u201d<\/em><\/p><\/blockquote>\n<p><strong>PROGRAMMA<\/strong>Il secondo week end stagionale della serie Sprint si aprir\u00e0 venerd\u00ec 21 giugno con \u00a0i due turni di prove libere di 50 minuti ciascuno che scatteranno alle ore 10,10 e 14,10 a cui seguiranno, sabato, le due sessioni di prove ufficiali in programma alle 9,00 e alle 9,35.\u00a0Gara-1, in\u00a0diretta TV\u00a0su\u00a0Raisport, scatter\u00e0 nel pomeriggio con inizio alle ore 13,05\u00a0mentre domenica mattina alle\u00a0ore 11,40\u00a0prender\u00e0 il via\u00a0gara-2\u00a0e sar\u00e0 trasmessa in\u00a0diretta su\u00a0AutomotoTV\u00a0(SKY 228)e in\u00a0differita su\u00a0Raisport\u00a0alle ore 17,50 i. n web streaming sui siti www.raiplay.it,\u00a0 www.acisport.it\/CIGT e sulla pagina facebook del campionato \u00a0 \u00a0www.facebook.com\/CIGranTurismo<\/p>\n<p>&nbsp;<\/p>\n<p>&nbsp;<\/p>\n<h2>VIA AL RADUNO DELLA NAZIONALE U20 IN CADORE, DA VENERDI&#8217; IL TORNEO INTERNAZIONALE DI DOMEGGE<\/h2>\n<p><a class=\"dt-pswp-item\" href=\"http:\/\/www.radiopiu.net\/wordpress\/wp-content\/uploads\/2019\/06\/e2bec4fd-b0e4-445e-8064-a5ad0005cd1c.jpg\" data-dt-img-description=\"\" data-large_image_width=\"960\" data-large_image_height=\"618\"><img loading=\"lazy\" decoding=\"async\" class=\"alignnone wp-image-88941 size-full\" src=\"http:\/\/www.radiopiu.net\/wordpress\/wp-content\/uploads\/2019\/06\/e2bec4fd-b0e4-445e-8064-a5ad0005cd1c.jpg\" alt=\"\" width=\"960\" height=\"618\" srcset=\"https:\/\/www.radiopiu.net\/wordpress\/wp-content\/uploads\/2019\/06\/e2bec4fd-b0e4-445e-8064-a5ad0005cd1c.jpg 960w, https:\/\/www.radiopiu.net\/wordpress\/wp-content\/uploads\/2019\/06\/e2bec4fd-b0e4-445e-8064-a5ad0005cd1c-300x193.jpg 300w, https:\/\/www.radiopiu.net\/wordpress\/wp-content\/uploads\/2019\/06\/e2bec4fd-b0e4-445e-8064-a5ad0005cd1c-768x494.jpg 768w\" sizes=\"auto, (max-width: 960px) 100vw, 960px\" \/><\/a><\/p>\n<p><strong>DOMEGGE DI CADORE<\/strong> Countdown per la 20^ edizione del Torneo per Nazionali Under 20 di basket maschile \u201cMemorial Vigilio De Silvestro \u2013 Trofeo Bepi Meneghin\u201d. Quattro Nazionali (Italia, Grecia, Germania e Slovenia) pronte a sfidarsi sul parquet del Pala Cian Toma di Domegge di Cadore per una settimana di grande palla a spicchi inaugurata. Ieri \u00a0\u00e8 arrivata in Cadore l&#8217;Italia con 12 giocatori, coach Andrea Capobianco da domani via alla gare. E&#8217; iniziato dunque il ritiro azzurro in preparazione sia al torneo che colorer\u00e0 d&#8217;azzurro il weekend cadorino, che al campionato Europeo di categoria. La massima manifestazione continentale quest&#8217;anno si terr\u00e0 nel mese di luglio (13-21) in Israele.<\/p>\n<h2><\/h2>\n<p>&nbsp;<\/p>\n<h3>42\u00b0 GIRO D\u2019ITALIA UNDER 23 9^ TAPPA \u2013 AGORDO-PASSO FEDAIA 23 GIUGNO 2019 STRADA PROVINCIALI: 203 AGORDINA &#8211; 641 DEL PASSO FEDAIA<\/h3>\n<p><strong>DOMENICA 23 GIUGNO 2019 POMERIGGIO<\/strong> Transiter\u00e0 sulle strade indicate il 42\u00b0 Giro d\u2019Italia Under 23, il quale partir\u00e0 da Agordo alle 15 e, oltre alle strade principali, interesser\u00e0 anche il centro di Rocca Pietore-Capoluogo Gli orari del transito sono indicati, gli orari di chiusura strade sono stabiliti dalla mezz\u2019ora prima del transito fino a fine corsa. Nella mattinata\u00a0 del 23 giugno le strade saranno interessate dalla cicloturistica Agordo-Boscoverde, senza chiusura al traffico.\u00a0 ORARI INDICATIVI DI PASSAGGIO: AGORDO PARTENZA ALLE 15, AVOSCAN 15.44, ALLEGHE 15.53, CAPRILE 16.04, MALGA CIAPELA 16.25. . <strong>DOMENICA 23 GIUGNO 2019 <\/strong>Dalle\u00a0 9 presenza ad Agordo del villaggio\/carovana del Giro. 9.30 partenza della Cicloturistica Agordo \u2013 Rocca Pietore a scopo benefico per la raccolta fondi a sostegno della comunit\u00e0 di Rocca Pietore. Aperta a tutti.<\/p>\n<p>&nbsp;<\/p>\n<p>&nbsp;<\/p>\n<h2>Trofeo Citt\u00e0 del Santo di nuoto: Anna De Boni migliore prestazione femminile categoria juniores.<\/h2>\n<blockquote><p><em>Medaglie anche per Giada Della Dora e Camilla Dalla Libera<\/em><\/p><\/blockquote>\n<p><strong><a class=\"dt-pswp-item\" href=\"http:\/\/www.radiopiu.net\/wordpress\/wp-content\/uploads\/2019\/06\/premiazione-Anna-De-Boni.jpg\" data-dt-img-description=\"\" data-large_image_width=\"555\" data-large_image_height=\"705\"><img loading=\"lazy\" decoding=\"async\" class=\"size-medium wp-image-88947 alignleft\" src=\"http:\/\/www.radiopiu.net\/wordpress\/wp-content\/uploads\/2019\/06\/premiazione-Anna-De-Boni-236x300.jpg\" alt=\"\" width=\"236\" height=\"300\" srcset=\"https:\/\/www.radiopiu.net\/wordpress\/wp-content\/uploads\/2019\/06\/premiazione-Anna-De-Boni-236x300.jpg 236w, https:\/\/www.radiopiu.net\/wordpress\/wp-content\/uploads\/2019\/06\/premiazione-Anna-De-Boni.jpg 555w\" sizes=\"auto, (max-width: 236px) 100vw, 236px\" \/><\/a>BELLUNO<\/strong> In una splendida giornata di sole si \u00e8 svolta a Padova, nella piscina della Paltana gestita dalla societ\u00e0 Padova Nuoto la 19^ edizione del Trofeo Citt\u00e0 del Santo. 25 le societ\u00e0 partecipanti provenienti anche dalla Lombardia, dall\u2019Emilia Romagna e dal Friuli. Accompagnati dall\u2019allenatore Andrea Rizzardini presente anche la societ\u00e0 Ondablu con 13 atleti del settore categoria della squadra agonistica: ragazzi, juniores e cadetti. Soddisfazione per i risultati ottenuti da tutti gli atleti che si sono cimentati nella vasca olimpica con avversari di rilevanza anche nazionale. Su tutti spicca Anna de Boni, con due medaglie d\u2019oro (50 dorso in 31.34 e 200 dorso in 2.28.36) e un 7\u00b0 posto (100 stile libero in 1.03.26). Gli ottimi risultati le hanno permesso di ottenere il premio di miglior nuotatrice della manifestazione della categoria ragazze avendo ottenuto ben 644 punti della classifica internazionale della FINA \u2013 federazione internazionale nuoto. Ottime anche le prestazioni di Giada Della Dora, salita sul primo gradino del podio nei 200 rana (2.47.45) e giunta 18^ nei 100 stile (1.06.08), oltre che di Camilla Della Libera, che ha conquistato la medaglia di bronzo nei 50 rana (36.84), \u00e8 arrivata 7^ nei 200 tana (3.02.02) e 28^ nei 200 stile (2.31.05). Buoni i risultati degli altri atleti presenti che grazie alle loro prestazioni e classifica hanno permesso alla societ\u00e0 Ondablu di classificarsi al 13 posto su 25 societ\u00e0 partecipanti: Angela Gorza 5^ nei 50 delfino (32.54), 16^ nei 100 delfino e 23^ nei 100 stile (1.06.93); Silvia De Martino 7^ nei 100delfino (1.11.51), 8^ nei 50 delfino (31.53) e 21^ nei 100 stile (1.04.69); Gaia Bristot 8^ nei 100 dorso (1.16.47), 17^ nei 50 stile (30.70) e 18^ nei 200 stile (2.25.06); Emma De Marco 9^ nei 200 rana (3.08.45), 9^ nei 50 rana (38.89 e 11^ nei 100 rana (1.24.81); Alex Salvadori 10\u00b0 50 dorso (30.47), 15\u00b0 nei 50 delfino (28.88) e 23\u00b0 nei 100 stile (58.69); Lucia Lucchetta 11^ nei 100 dorso (1.19.77), 22^ nei 100 delfino (1.17.93) e 31^ nei 50 delfino (31.34); Anna Zampieri 12^ nei 100 rana (1.29.57), 15^ nei 50 delfino (32.20), 46^ nei 100 stile (1.08.24); Elisa Marcer 13^ nei 100 stile (1.03.35) e 15^ nei 200 stile (2.20.46); Sara Mure 15^ nei 400 stile (5.01) e 29^ nei 100 stile (1.07.70); Elisa Prade 15^ nei 100 dorso (1.19.21) e 46^ nei 100 stile (1.11.68).<\/p>\n<p>&nbsp;<\/p>\n<p>&nbsp;<\/p>\n<p><a class=\"dt-pswp-item\" href=\"http:\/\/www.radiopiu.net\/wordpress\/wp-content\/uploads\/2018\/09\/WhatsApp-Image-2018-09-20-at-16.04.06.jpeg\" data-dt-img-description=\"\" data-large_image_width=\"800\" data-large_image_height=\"100\"><img loading=\"lazy\" decoding=\"async\" class=\"wp-image-61378 size-full alignnone\" src=\"http:\/\/www.radiopiu.net\/wordpress\/wp-content\/uploads\/2018\/09\/WhatsApp-Image-2018-09-20-at-16.04.06.jpeg\" alt=\"\" width=\"800\" height=\"100\" srcset=\"https:\/\/www.radiopiu.net\/wordpress\/wp-content\/uploads\/2018\/09\/WhatsApp-Image-2018-09-20-at-16.04.06.jpeg 800w, https:\/\/www.radiopiu.net\/wordpress\/wp-content\/uploads\/2018\/09\/WhatsApp-Image-2018-09-20-at-16.04.06-300x38.jpeg 300w, https:\/\/www.radiopiu.net\/wordpress\/wp-content\/uploads\/2018\/09\/WhatsApp-Image-2018-09-20-at-16.04.06-768x96.jpeg 768w\" sizes=\"auto, (max-width: 800px) 100vw, 800px\" \/><\/a><\/p>\n<p><b>Pomeriggio\/sera di Mercoledi 19<\/b> Aumento della nuvolosit\u00e0 cumuliforme fino a cielo irregolarmente nuvoloso o localmente molto nuvoloso, con possibili rovesci e temporali sparsi (60\/70%), un po&#8217; pi\u00f9 probabili sulle Dolomiti, che potrebbero localmente protrarsi anche in serata. Clima sempre estivo, con valori termici un po&#8217; superiori alla norma, con massime di 27\/29\u00b0C in Valbelluna e di 21\/23\u00b0C a 1000\/1200 m. Venti deboli occidentali in quota, a regime di brezza nelle valli, con possibili raffiche temporalesche.<\/p>\n<hr \/>\n<p><b>Giovedi 20<\/b> <b>Tempo atteso: <\/b>Giornata un po&#8217; pi\u00f9 soleggiata, calda, con consueto sviluppo di cumuli tra le ore centrali e il pomeriggio\/sera, cui potranno associarsi fenomeni di instabilit\u00e0, un po&#8217; meno frequenti di mercoled\u00ec. Clima estivo, con valori termici ancora superiori alla norma.<br \/>\n<b>Precipitazioni: <\/b>Al mattino assenti (0\/10%). Tra le ore centrali e il pomeriggio\/sera possibili rovesci sparsi e locali temporali di calore (40\/60%), un po&#8217; pi\u00f9 probabili sulle Dolomiti, localmente anche in serata.<br \/>\n<b>Temperature: <\/b>Senza notevoli variazioni, o in lieve calo le minime nelle valli. Su Prealpi a 1500 m min 13\u00b0C max 17\u00b0C, a 2000 m min 11\u00b0C max 13\u00b0C. Su Dolomiti a 2000 m min 9\u00b0C max 13\u00b0C, a 3000 m min 4\u00b0C max 5\u00b0C.<br \/>\n<b>Venti: <\/b>Nelle valli deboli\/moderati a regime di brezza; in quota deboli\/moderati da Ovest Sud-Ovest, a 5-15 km\/h a 2000 m, 5-25 km\/h a 3000 m.<\/p>\n<hr \/>\n<p><b>Venerdi 21<\/b> <b>Tempo atteso: <\/b>Tempo ancora instabile, con schiarite mattutine anche ampie, ma con maggiore sviluppo di cumuli diurni, gi\u00e0 entro il mezzogiorno, e probabili fenomeni di instabilit\u00e0 pomeridiani e serali. Clima sempre caldo con valori ancora superiori alla norma del periodo.<br \/>\n<b>Precipitazioni: <\/b>Fino a met\u00e0 mattina assenti (0\/10%); dalle ore centrali e al pomeriggio\/sera possibili rovesci e temporali sparsi (60\/70%), sempre maggiormente probabili sulle Dolomiti, possibili localmente anche in tarda serata.<br \/>\n<b>Temperature: <\/b>Senza variazioni significative. Su Prealpi a 1500 m min 13\u00b0C max 17\u00b0C, a 2000 m min 10\u00b0C max 13\u00b0C. Su Dolomiti a 2000 m min 9\u00b0C max 13\u00b0C, a 3000 m min 4\u00b0C max 5\u00b0C.<br \/>\n<b>Venti: <\/b>Nelle valli deboli\/moderati a regime di brezza; in quota da deboli a moderati da Sud-Ovest, a 5-15 km\/h a 2000 m, 10-25 km\/h a 3000 m.<\/p>\n<hr \/>\n<p><b>Sabato 22<\/b>Possibile episodio di maggiore instabilit\u00e0, con nuvolosit\u00e0 anche intensa e rovesci e temporali maggiormente diffusi dei giorni precedenti, specie tra il mattino e met\u00e0 pomeriggio, in attenuazione e successivo esaurimento entro sera. Clima diurno pi\u00f9 fresco in funzione del ridotto soleggiamento. Venti in intensificazione in quota e in rotazione da Sud-Ovest a Nord, con possibili raffiche in caso di temporali.<\/p>\n<hr \/>\n<p><b>Domenica 23<\/b>Tempo variabile, tendente a divenire moderatamente instabile al pomeriggio, specie in caso di ampie schiarite mattutine, con possibili rovesci sparsi e isolati temporali. Clima mattutino pi\u00f9 fresco, nuovamente caldo con valori superiori alla media del periodo di giorno. Previsore: G.M.<\/p>\n","protected":false},"excerpt":{"rendered":"<p>Il ponte Santa Caterina a Ponte nelle Alpi chiuder\u00e0 per tre mesi anche all&#8217;inizio del nuovo anno scolastico, il sindaco Paolo Vendramini promette disagi limitati con la messa a punto della viabilit\u00e0 alternativa anche per i trasporti scolastici. A Feltre s&#8217;apre il bando per i contributi dopo i danni della tempesta di fine ottobre, le&hellip;<\/p>\n","protected":false},"author":1,"featured_media":88955,"comment_status":"closed","ping_status":"closed","sticky":false,"template":"","format":"standard","meta":{"_monsterinsights_skip_tracking":false,"_monsterinsights_sitenote_active":false,"_monsterinsights_sitenote_note":"","_monsterinsights_sitenote_category":0,"footnotes":""},"categories":[1,86],"tags":[],"class_list":["post-88914","post","type-post","status-publish","format-standard","has-post-thumbnail","hentry","category-senza-categoria","category-gr","category-1","category-86","description-off"],"img_url":"https:\/\/www.radiopiu.net\/wordpress\/wp-content\/uploads\/2019\/06\/logo.jpg","_links":{"self":[{"href":"https:\/\/www.radiopiu.net\/wordpress\/wp-json\/wp\/v2\/posts\/88914","targetHints":{"allow":["GET"]}}],"collection":[{"href":"https:\/\/www.radiopiu.net\/wordpress\/wp-json\/wp\/v2\/posts"}],"about":[{"href":"https:\/\/www.radiopiu.net\/wordpress\/wp-json\/wp\/v2\/types\/post"}],"author":[{"embeddable":true,"href":"https:\/\/www.radiopiu.net\/wordpress\/wp-json\/wp\/v2\/users\/1"}],"replies":[{"embeddable":true,"href":"https:\/\/www.radiopiu.net\/wordpress\/wp-json\/wp\/v2\/comments?post=88914"}],"version-history":[{"count":0,"href":"https:\/\/www.radiopiu.net\/wordpress\/wp-json\/wp\/v2\/posts\/88914\/revisions"}],"wp:featuredmedia":[{"embeddable":true,"href":"https:\/\/www.radiopiu.net\/wordpress\/wp-json\/wp\/v2\/media\/88955"}],"wp:attachment":[{"href":"https:\/\/www.radiopiu.net\/wordpress\/wp-json\/wp\/v2\/media?parent=88914"}],"wp:term":[{"taxonomy":"category","embeddable":true,"href":"https:\/\/www.radiopiu.net\/wordpress\/wp-json\/wp\/v2\/categories?post=88914"},{"taxonomy":"post_tag","embeddable":true,"href":"https:\/\/www.radiopiu.net\/wordpress\/wp-json\/wp\/v2\/tags?post=88914"}],"curies":[{"name":"wp","href":"https:\/\/api.w.org\/{rel}","templated":true}]}}