{"id":88948,"date":"2019-06-19T16:25:42","date_gmt":"2019-06-19T14:25:42","guid":{"rendered":"http:\/\/www.radiopiu.net\/wordpress\/?p=88948"},"modified":"2019-06-20T06:22:26","modified_gmt":"2019-06-20T04:22:26","slug":"trofeo-citta-del-santo-di-nuoto-anna-de-boni-migliore-prestazione-femminile-categoria-juniores","status":"publish","type":"post","link":"https:\/\/www.radiopiu.net\/wordpress\/trofeo-citta-del-santo-di-nuoto-anna-de-boni-migliore-prestazione-femminile-categoria-juniores\/","title":{"rendered":"Trofeo Citt\u00e0 del Santo di nuoto: Anna De Boni migliore prestazione femminile categoria juniores."},"content":{"rendered":"<blockquote><p><em>Medaglie anche per Giada Della Dora e Camilla Dalla Libera<\/em><\/p><\/blockquote>\n<p><strong><a class=\"dt-pswp-item\" href=\"http:\/\/www.radiopiu.net\/wordpress\/wp-content\/uploads\/2019\/06\/premiazione-Anna-De-Boni.jpg\" data-dt-img-description=\"\" data-large_image_width=\"555\" data-large_image_height=\"705\"><img loading=\"lazy\" decoding=\"async\" class=\"size-medium wp-image-88947 alignleft\" src=\"http:\/\/www.radiopiu.net\/wordpress\/wp-content\/uploads\/2019\/06\/premiazione-Anna-De-Boni-236x300.jpg\" alt=\"\" width=\"236\" height=\"300\" srcset=\"https:\/\/www.radiopiu.net\/wordpress\/wp-content\/uploads\/2019\/06\/premiazione-Anna-De-Boni-236x300.jpg 236w, https:\/\/www.radiopiu.net\/wordpress\/wp-content\/uploads\/2019\/06\/premiazione-Anna-De-Boni.jpg 555w\" sizes=\"auto, (max-width: 236px) 100vw, 236px\" \/><\/a>BELLUNO<\/strong> In una splendida giornata di sole si \u00e8 svolta a Padova, nella piscina della Paltana gestita dalla societ\u00e0 Padova Nuoto la 19^ edizione del Trofeo Citt\u00e0 del Santo. 25 le societ\u00e0 partecipanti provenienti anche dalla Lombardia, dall\u2019Emilia Romagna e dal Friuli. Accompagnati dall\u2019allenatore Andrea Rizzardini presente anche la societ\u00e0 Ondablu con 13 atleti del settore categoria della squadra agonistica: ragazzi, juniores e cadetti. Soddisfazione per i risultati ottenuti da tutti gli atleti che si sono cimentati nella vasca olimpica con avversari di rilevanza anche nazionale. Su tutti spicca Anna de Boni, con due medaglie d\u2019oro (50 dorso in 31.34 e 200 dorso in 2.28.36) e un 7\u00b0 posto (100 stile libero in 1.03.26). Gli ottimi risultati le hanno permesso di ottenere il premio di miglior nuotatrice della manifestazione della categoria ragazze avendo ottenuto ben 644 punti della classifica internazionale della FINA \u2013 federazione internazionale nuoto. Ottime anche le prestazioni di Giada Della Dora, salita sul primo gradino del podio nei 200 rana (2.47.45) e giunta 18^ nei 100 stile (1.06.08), oltre che di Camilla Della Libera, che ha conquistato la medaglia di bronzo nei 50 rana (36.84), \u00e8 arrivata 7^ nei 200 tana (3.02.02) e 28^ nei 200 stile (2.31.05). Buoni i risultati degli altri atleti presenti che grazie alle loro prestazioni e classifica hanno permesso alla societ\u00e0 Ondablu di classificarsi al 13 posto su 25 societ\u00e0 partecipanti: Angela Gorza 5^ nei 50 delfino (32.54), 16^ nei 100 delfino e 23^ nei 100 stile (1.06.93); Silvia De Martino 7^ nei 100delfino (1.11.51), 8^ nei 50 delfino (31.53) e 21^ nei 100 stile (1.04.69); Gaia Bristot 8^ nei 100 dorso (1.16.47), 17^ nei 50 stile (30.70) e 18^ nei 200 stile (2.25.06); Emma De Marco 9^ nei 200 rana (3.08.45), 9^ nei 50 rana (38.89 e 11^ nei 100 rana (1.24.81); Alex Salvadori 10\u00b0 50 dorso (30.47), 15\u00b0 nei 50 delfino (28.88) e 23\u00b0 nei 100 stile (58.69); Lucia Lucchetta 11^ nei 100 dorso (1.19.77), 22^ nei 100 delfino (1.17.93) e 31^ nei 50 delfino (31.34); Anna Zampieri 12^ nei 100 rana (1.29.57), 15^ nei 50 delfino (32.20), 46^ nei 100 stile (1.08.24); Elisa Marcer 13^ nei 100 stile (1.03.35) e 15^ nei 200 stile (2.20.46); Sara Mure 15^ nei 400 stile (5.01) e 29^ nei 100 stile (1.07.70); Elisa Prade 15^ nei 100 dorso (1.19.21) e 46^ nei 100 stile (1.11.68).<\/p>\n","protected":false},"excerpt":{"rendered":"<p>Medaglie anche per Giada Della Dora e Camilla Dalla Libera BELLUNO In una splendida giornata di sole si \u00e8 svolta a Padova, nella piscina della Paltana gestita dalla societ\u00e0 Padova Nuoto la 19^ edizione del Trofeo Citt\u00e0 del Santo. 25 le societ\u00e0 partecipanti provenienti anche dalla Lombardia, dall\u2019Emilia Romagna e dal Friuli. Accompagnati dall\u2019allenatore Andrea&hellip;<\/p>\n","protected":false},"author":1,"featured_media":88947,"comment_status":"closed","ping_status":"closed","sticky":false,"template":"","format":"standard","meta":{"_monsterinsights_skip_tracking":false,"_monsterinsights_sitenote_active":false,"_monsterinsights_sitenote_note":"","_monsterinsights_sitenote_category":0,"footnotes":""},"categories":[103,72],"tags":[],"class_list":["post-88948","post","type-post","status-publish","format-standard","has-post-thumbnail","hentry","category-evidenza_2","category-sport","category-103","category-72","description-off"],"img_url":"https:\/\/www.radiopiu.net\/wordpress\/wp-content\/uploads\/2019\/06\/premiazione-Anna-De-Boni.jpg","_links":{"self":[{"href":"https:\/\/www.radiopiu.net\/wordpress\/wp-json\/wp\/v2\/posts\/88948","targetHints":{"allow":["GET"]}}],"collection":[{"href":"https:\/\/www.radiopiu.net\/wordpress\/wp-json\/wp\/v2\/posts"}],"about":[{"href":"https:\/\/www.radiopiu.net\/wordpress\/wp-json\/wp\/v2\/types\/post"}],"author":[{"embeddable":true,"href":"https:\/\/www.radiopiu.net\/wordpress\/wp-json\/wp\/v2\/users\/1"}],"replies":[{"embeddable":true,"href":"https:\/\/www.radiopiu.net\/wordpress\/wp-json\/wp\/v2\/comments?post=88948"}],"version-history":[{"count":0,"href":"https:\/\/www.radiopiu.net\/wordpress\/wp-json\/wp\/v2\/posts\/88948\/revisions"}],"wp:featuredmedia":[{"embeddable":true,"href":"https:\/\/www.radiopiu.net\/wordpress\/wp-json\/wp\/v2\/media\/88947"}],"wp:attachment":[{"href":"https:\/\/www.radiopiu.net\/wordpress\/wp-json\/wp\/v2\/media?parent=88948"}],"wp:term":[{"taxonomy":"category","embeddable":true,"href":"https:\/\/www.radiopiu.net\/wordpress\/wp-json\/wp\/v2\/categories?post=88948"},{"taxonomy":"post_tag","embeddable":true,"href":"https:\/\/www.radiopiu.net\/wordpress\/wp-json\/wp\/v2\/tags?post=88948"}],"curies":[{"name":"wp","href":"https:\/\/api.w.org\/{rel}","templated":true}]}}