{"id":89012,"date":"2019-06-21T05:30:08","date_gmt":"2019-06-21T03:30:08","guid":{"rendered":"http:\/\/www.radiopiu.net\/wordpress\/?p=89012"},"modified":"2019-06-21T17:29:15","modified_gmt":"2019-06-21T15:29:15","slug":"giornale-radiopiu-21-giugno-2019-direttore-mirko-mezzacasa","status":"publish","type":"post","link":"https:\/\/www.radiopiu.net\/wordpress\/giornale-radiopiu-21-giugno-2019-direttore-mirko-mezzacasa\/","title":{"rendered":"GIORNALE RADIOPIU 21 GIUGNO 2019 DIRETTORE MIRKO MEZZACASA"},"content":{"rendered":"<p><strong>Francesco Ascolese<\/strong> \u00e8 morto colto da infarto mentre lavorava con la squadra per gli scavi delle condotte del gas a Valle di Cadore, vano il trasferimento in elicottero. L&#8217;uomo, 54 anni di Mercato San Severino nel Salernitano lavorava\u00a0 con\u00a0 un&#8217;azienda avellinese che ha un subappalto i lavori di scavo degli allacci di gas per Bim infrastrutture. <strong>Lungo il Piave<\/strong> ad Alano due ragazze sono state salvate dai bagnanti e Carabinieri, erano\u00a0 entrate in acqua ma si sono fatte sorprendere dalla corrente, si tratta di due sorelle di 16 e 20 anni\u00a0 che hanno rischiato grosso <em>(come ricorda oggi il Corriere delle Alpi l&#8217;episodio risale a martedi pomeriggio)<\/em>, in localit\u00e0 CementiRossi. Non riuscivano pi\u00f9 a uscire dal Piave e la corrente rischiava di portarle via. A salvarle sono arrivati i carabinieri di Pederobba che sono entrati in acqua e hanno tratto a riva sia loro due che un 60enne di Alano di Piave che era accorso ad aiutarle.\u00a0 <strong>Nevegal \u00e8 protesta,<\/strong> domani la manifestazione a difesa del Colle mentre tra Alpe del Nevegal e Comune i rapporti sono tesi e conflittuali, non piace l&#8217;idea Massaro di costituire una nuova societ\u00e0, la Cgil si schiera con territorio e lavoratori. <strong>L&#8217;11 luglio vertice in Prefettura<\/strong> per i problemi legati alla chiusura per 3 mesi del ponte sul Piave, da mettere a punto le alternative. <strong>I furti di biciclette<\/strong> continuano, ieri quindi furto in pochi giorni a Cortina. <strong>Truffa del resto<\/strong> \u00e8 stata indagata e denunciata un&#8217;intera famiglia, il Questore emette il foglio di via come gi\u00e0 fatto da molte altre citt\u00e0 del Veneto per le tre persone &#8220;non gradite&#8221;. <strong>Frana di Schiuca<\/strong>z, oggi la seconda &#8220;volata&#8221; alle 15 Danilo Coppe il &#8220;bombarolo&#8221; diplomatosi al minerario Follador preparer\u00e0 la seconda esplosione.<\/p>\n<p>Oggi alla radio&#8230;. <a class=\"profileLink\" href=\"https:\/\/www.facebook.com\/piscinas.agata\/?__tn__=K-R&amp;eid=ARA0yMaT_-hF9WtfWm-S758D6CMXb8vzDv3dqn_97XMKna-TxQw-EdlmgmUr-4jiVlwmbKe7bQftPXcB&amp;fref=mentions&amp;__xts__%5B0%5D=68.ARBjmZ3CPwzdvkRARSFnBdnhU3Ca-8y7iwzj03bVJWtfRjXG56w7CMoWJnCZVNvv8B_FhQYEpFuEmeWfyEdrpykSY_kICpzyrkQw2o6mPNyMReMrJk-O90FjLkuLRDrUxIiNc6WUdgTtJcC1r8oDKLsKJqsb_hTgU-p5Wl_D4zqcPYxyke0pjD1pK7riCGQ3mZ2rK3TBiHH23JhMTg\" data-hovercard=\"\/ajax\/hovercard\/page.php?id=367374163682205&amp;extragetparams=%7B%22__tn__%22%3A%22%2CdK-R-R%22%2C%22eid%22%3A%22ARA0yMaT_-hF9WtfWm-S758D6CMXb8vzDv3dqn_97XMKna-TxQw-EdlmgmUr-4jiVlwmbKe7bQftPXcB%22%2C%22fref%22%3A%22mentions%22%7D\" data-hovercard-prefer-more-content-show=\"1\">Onda Blu Piscine<\/a>\u00a0DOPO 5 ANNI DI IMPEGNO DAL 31 LUGLIO &#8220;LASCIA&#8221; AGORDO E LA PISCINA COMPRENSORIALE DI VIA LUNGO ROVA. OGGI ALLE 16.30 SPECIALE CON\u00a0<a class=\"profileLink\" title=\"Angelo Paganin\" href=\"https:\/\/www.facebook.com\/angelo.paganin.94?__tn__=K-R&amp;eid=ARDCqhSctlFPCu4rIUsDDGQnH8qogWHx2wMqkERealsdLyGGgejj5TaT1uBllB1ugthUtXi66rqiefvt&amp;fref=mentions&amp;__xts__%5B0%5D=68.ARBjmZ3CPwzdvkRARSFnBdnhU3Ca-8y7iwzj03bVJWtfRjXG56w7CMoWJnCZVNvv8B_FhQYEpFuEmeWfyEdrpykSY_kICpzyrkQw2o6mPNyMReMrJk-O90FjLkuLRDrUxIiNc6WUdgTtJcC1r8oDKLsKJqsb_hTgU-p5Wl_D4zqcPYxyke0pjD1pK7riCGQ3mZ2rK3TBiHH23JhMTg\" data-hovercard=\"\/ajax\/hovercard\/user.php?id=100024512675001&amp;extragetparams=%7B%22__tn__%22%3A%22%2CdK-R-R%22%2C%22eid%22%3A%22ARDCqhSctlFPCu4rIUsDDGQnH8qogWHx2wMqkERealsdLyGGgejj5TaT1uBllB1ugthUtXi66rqiefvt%22%2C%22fref%22%3A%22mentions%22%7D\" data-hovercard-prefer-more-content-show=\"1\">Angelo Paganin<\/a><\/p>\n<p>&nbsp;<\/p>\n<p>&nbsp;<\/p>\n<p>&nbsp;<\/p>\n<p>&nbsp;<\/p>\n<h3><a class=\"dt-pswp-item\" href=\"http:\/\/www.radiopiu.net\/wordpress\/wp-content\/uploads\/2019\/06\/12027756_1696041807295339_7867428046457169961_n.jpg\" data-dt-img-description=\"\" data-large_image_width=\"282\" data-large_image_height=\"282\"><img loading=\"lazy\" decoding=\"async\" class=\"wp-image-89104 alignleft\" src=\"http:\/\/www.radiopiu.net\/wordpress\/wp-content\/uploads\/2019\/06\/12027756_1696041807295339_7867428046457169961_n.jpg\" alt=\"\" width=\"168\" height=\"168\" srcset=\"https:\/\/www.radiopiu.net\/wordpress\/wp-content\/uploads\/2019\/06\/12027756_1696041807295339_7867428046457169961_n.jpg 282w, https:\/\/www.radiopiu.net\/wordpress\/wp-content\/uploads\/2019\/06\/12027756_1696041807295339_7867428046457169961_n-150x150.jpg 150w\" sizes=\"auto, (max-width: 168px) 100vw, 168px\" \/><\/a><\/h3>\n<h3><\/h3>\n<h3>LUXOTTICA: ECCO IL CONTRATTO INTEGRATIVO<br \/>\nNOVITA&#8217; IMPORTANTI: 1150 NUOVE ASSUNZIONI<\/h3>\n<h3>NICOLA BRANCHER<\/h3>\n<p>&nbsp;<\/p>\n<audio class=\"wp-audio-shortcode\" id=\"audio-89012-1\" preload=\"none\" style=\"width: 100%;\" controls=\"controls\"><source type=\"audio\/mpeg\" src=\"http:\/\/www.radiopiu.net\/wordpress\/wp-content\/uploads\/2019\/06\/nicola-brancher.mp3?_=1\" \/><a href=\"http:\/\/www.radiopiu.net\/wordpress\/wp-content\/uploads\/2019\/06\/nicola-brancher.mp3\">http:\/\/www.radiopiu.net\/wordpress\/wp-content\/uploads\/2019\/06\/nicola-brancher.mp3<\/a><\/audio>\n<p>&nbsp;<\/p>\n<p>&nbsp;<\/p>\n<p>&nbsp;<\/p>\n<p>&nbsp;<\/p>\n<h3>PROLUNGATO LO STATO DI ATTENZIONE PER TEMPORALI SULLE MONTAGNE BELLUNESI<\/h3>\n<p><strong>VENEZIA<\/strong> Alla luce delle previsioni meteo, che indicano la possibilit\u00e0 di temporali, anche di forte intensit\u00e0, nell\u2019area dolomitica veneta, il Centro Funzionale Decentrato della Protezione Civile della Regione ha emesso\u00a0 un bollettino con il quale si prolunga lo Stato di Attenzione gi\u00e0 dichiarato fino alle 8 di domani . L\u2019Attenzione \u00e8 rivolta alla possibile criticit\u00e0 geologica e sulla rete idraulica secondaria nel bacino idrografico Alto Piave (Belluno). Il bollettino indica il possibile verificarsi di rovesci o temporali anche intensi che potrebbero creare disagi al sistema fognario e lungo la rete idrografica minore. E\u2019 segnalata anche la possibilit\u00e0 d\u2019innesco di fenomeni franosi superficiali sui versanti e di colate rapide. L\u2019allerta sulla frana di Borca di Cadore \u00e8 posta a livello 2 (attenzione rinforzata).<\/p>\n<p>&nbsp;<\/p>\n<p>&nbsp;<\/p>\n<p>&nbsp;<\/p>\n<h3>INCIDENTE SOTTO AL PARAVALANGHE, DONNA FERITA. SI CERCA IL CONDUCENTE DELL&#8217;AUTO IN SORPASSO CHE HA PROVOCATO L&#8217;INCIDENTE<\/h3>\n<p><strong><a class=\"dt-pswp-item\" href=\"http:\/\/www.radiopiu.net\/wordpress\/wp-content\/uploads\/2019\/06\/b94ac9f2-d420-4788-af9a-7f09e5cee7c6.jpg\" data-dt-img-description=\"\" data-large_image_width=\"900\" data-large_image_height=\"1600\"><img loading=\"lazy\" decoding=\"async\" class=\"wp-image-89086 alignleft\" src=\"http:\/\/www.radiopiu.net\/wordpress\/wp-content\/uploads\/2019\/06\/b94ac9f2-d420-4788-af9a-7f09e5cee7c6-169x300.jpg\" alt=\"\" width=\"64\" height=\"114\" srcset=\"https:\/\/www.radiopiu.net\/wordpress\/wp-content\/uploads\/2019\/06\/b94ac9f2-d420-4788-af9a-7f09e5cee7c6-169x300.jpg 169w, https:\/\/www.radiopiu.net\/wordpress\/wp-content\/uploads\/2019\/06\/b94ac9f2-d420-4788-af9a-7f09e5cee7c6-768x1365.jpg 768w, https:\/\/www.radiopiu.net\/wordpress\/wp-content\/uploads\/2019\/06\/b94ac9f2-d420-4788-af9a-7f09e5cee7c6-576x1024.jpg 576w, https:\/\/www.radiopiu.net\/wordpress\/wp-content\/uploads\/2019\/06\/b94ac9f2-d420-4788-af9a-7f09e5cee7c6.jpg 900w\" sizes=\"auto, (max-width: 64px) 100vw, 64px\" \/><\/a>LA VALLE<\/strong> Un sorpasso \u00e8 la causa dell&#8217;incidente di ieri al Ponte del Cristo difronte alle miniere di Valle Imperina.\u00a0 Una delle due auto si \u00e8 allontanata, l&#8217;altra, \u00e8 rimasta ferma in strada con una anziana di 83 anni ferita e portata all&#8217;ospedale di Agordo in seguito alle ferite subite nello scontro: G.B., di Gosaldo, se la caver\u00e0 in pochi giorni.<\/p>\n<blockquote><p>\u00c8 caccia alla vettura che proveniva in senso contrario e che stava effettuando un sorpasso, prima di urtare con lo specchietto quello dell&#8217;utilitaria dell&#8217;anziana, ci sarebbe un testimone che potrebbe aver fornito dati importanti.<\/p><\/blockquote>\n<p>&nbsp;<\/p>\n<p>&nbsp;<\/p>\n<p>&nbsp;<\/p>\n<h3>AUTO CONTRO CAMION A FONZASO<\/h3>\n<p><strong><a class=\"dt-pswp-item\" href=\"http:\/\/www.radiopiu.net\/wordpress\/wp-content\/uploads\/2016\/08\/carabinieri-6-2.jpg\" data-dt-img-description=\"\" data-large_image_width=\"1000\" data-large_image_height=\"681\"><img loading=\"lazy\" decoding=\"async\" class=\" wp-image-22568 alignleft\" src=\"http:\/\/www.radiopiu.net\/wordpress\/wp-content\/uploads\/2016\/08\/carabinieri-6-2-300x204.jpg\" alt=\"\" width=\"225\" height=\"153\" \/><\/a>FONZASO<\/strong> Auto contro camion lungo la statale50, sulla\u00a0 Renault Megan\u00a0 viaggiava\u00a0 E.B\u00a0 39 anni\u00a0 residente ad Arsi\u00e8 , sull&#8217; autocarro Iveco Magirus \u00a0P.M.43 anni cittadino jugoslavo residente in provincia di Trento Dinamica presunta. Da una prima ricostruzione dei Carabinieri di Feltre l&#8217;uomo a bordo dell&#8217;auto ha invaso l&#8217;opposta corsia, non \u00e8 escluso il malore o il colpo di sonno. Nessuna ferita per il conducente dell&#8217;autocarro mentre E.B.\u00a0 \u00e8 stato portato in ospedale per accertamenti, pur con la prognosi riservata non \u00e8 in pericolo di vita.<\/p>\n<p>&nbsp;<\/p>\n<p>&nbsp;<\/p>\n<p>&nbsp;<\/p>\n<p>&nbsp;<\/p>\n<p><strong>UTILIZZARE I MILIONI DEI FONDI DI CONFINE PER PARCHEGGI E STRADE? &#8220;IL PRECEDENTE DI ALLEGHE NON FA TESTO&#8221;,\u00a0 \u00a0DICE GRONES\u00a0<\/strong><\/p>\n<p><strong><a class=\"dt-pswp-item\" href=\"http:\/\/www.radiopiu.net\/wordpress\/wp-content\/uploads\/2019\/06\/WhatsApp-Image-2019-06-20-at-15.32.17-1.jpeg\" data-dt-img-description=\"\" data-large_image_width=\"1024\" data-large_image_height=\"494\"><img loading=\"lazy\" decoding=\"async\" class=\" wp-image-89022 alignleft\" src=\"http:\/\/www.radiopiu.net\/wordpress\/wp-content\/uploads\/2019\/06\/WhatsApp-Image-2019-06-20-at-15.32.17-1-300x145.jpeg\" alt=\"\" width=\"250\" height=\"121\" srcset=\"https:\/\/www.radiopiu.net\/wordpress\/wp-content\/uploads\/2019\/06\/WhatsApp-Image-2019-06-20-at-15.32.17-1-300x145.jpeg 300w, https:\/\/www.radiopiu.net\/wordpress\/wp-content\/uploads\/2019\/06\/WhatsApp-Image-2019-06-20-at-15.32.17-1-768x371.jpeg 768w, https:\/\/www.radiopiu.net\/wordpress\/wp-content\/uploads\/2019\/06\/WhatsApp-Image-2019-06-20-at-15.32.17-1.jpeg 1024w\" sizes=\"auto, (max-width: 250px) 100vw, 250px\" \/><\/a>LIVINALLONGO<\/strong> Ospitiamo oggi l&#8217;intervento del sindaco di Livinallongo del Col di Lana Leandro Grones sul dibattito del momento: i centri benessere e l&#8217;eventuale possibilit\u00e0 di girare i soldi ad esso destinato (Arabba) per sanare i danni post Vaia. Risposte anche agli interrogativi posti nel servizio di ieri<\/p>\n<p><strong>LEANDRO GRONES\u00a0<\/strong><\/p>\n<audio class=\"wp-audio-shortcode\" id=\"audio-89012-2\" preload=\"none\" style=\"width: 100%;\" controls=\"controls\"><source type=\"audio\/mpeg\" src=\"http:\/\/www.radiopiu.net\/wordpress\/wp-content\/uploads\/2019\/06\/GRONES.mp3?_=2\" \/><a href=\"http:\/\/www.radiopiu.net\/wordpress\/wp-content\/uploads\/2019\/06\/GRONES.mp3\">http:\/\/www.radiopiu.net\/wordpress\/wp-content\/uploads\/2019\/06\/GRONES.mp3<\/a><\/audio>\n<p>&nbsp;<\/p>\n<p><strong>DAL GIORNALE RADIO PRINCIPALE EDIZIONE DI IERI 20 GIUGNO 2019<\/strong><\/p>\n<p><strong>GIANNI SANTOMASO<\/strong><\/p>\n<audio class=\"wp-audio-shortcode\" id=\"audio-89012-3\" preload=\"none\" style=\"width: 100%;\" controls=\"controls\"><source type=\"audio\/mpeg\" src=\"http:\/\/www.radiopiu.net\/wordpress\/wp-content\/uploads\/2019\/06\/GIANNI-GRONES.mp3?_=3\" \/><a href=\"http:\/\/www.radiopiu.net\/wordpress\/wp-content\/uploads\/2019\/06\/GIANNI-GRONES.mp3\">http:\/\/www.radiopiu.net\/wordpress\/wp-content\/uploads\/2019\/06\/GIANNI-GRONES.mp3<\/a><\/audio>\n<p>&nbsp;<\/p>\n<h3 class=\"entry-title\">CENTRI BENESSERE, PISCINA, PALAGHIACCIO. I COMMENTI ALLE RIFLESSIONI DEL NOTIZIARIO DI RADIO PIU<\/h3>\n<blockquote class=\"wp-embedded-content\" data-secret=\"KtArUD2VUb\"><p><a href=\"http:\/\/www.radiopiu.net\/wordpress\/centri-benessere-piscina-palaghiaccio-i-commenti-alle-riflessioni-del-notiziario-di-radio-piu\/\">CENTRI BENESSERE, PISCINA, PALAGHIACCIO. I COMMENTI ALLE RIFLESSIONI DEL NOTIZIARIO DI RADIO PIU<\/a><\/p><\/blockquote>\n<p><iframe loading=\"lazy\" class=\"wp-embedded-content\" sandbox=\"allow-scripts\" security=\"restricted\" style=\"position: absolute; clip: rect(1px, 1px, 1px, 1px);\" src=\"http:\/\/www.radiopiu.net\/wordpress\/centri-benessere-piscina-palaghiaccio-i-commenti-alle-riflessioni-del-notiziario-di-radio-piu\/embed\/#?secret=KtArUD2VUb\" data-secret=\"KtArUD2VUb\" width=\"600\" height=\"338\" title=\"&#8220;CENTRI BENESSERE, PISCINA, PALAGHIACCIO. I COMMENTI ALLE RIFLESSIONI DEL NOTIZIARIO DI RADIO PIU&#8221; &#8212; Radio Pi\u00f9\" frameborder=\"0\" marginwidth=\"0\" marginheight=\"0\" scrolling=\"no\"><\/iframe><\/p>\n<p>&nbsp;<\/p>\n<p>&nbsp;<\/p>\n<h3>BANDI DESERTI, INSUCCESSO PER LE PROPOSTE RIVOLTE ALLA POPOLAZIONE DI GOSALDO E NON SOLO.<\/h3>\n<p><strong><a class=\"dt-pswp-item\" href=\"http:\/\/www.radiopiu.net\/wordpress\/wp-content\/uploads\/2016\/07\/Forcella-Franche.jpg\" data-dt-img-description=\"\" data-large_image_width=\"900\" data-large_image_height=\"675\"><img loading=\"lazy\" decoding=\"async\" class=\" wp-image-21963 alignleft\" src=\"http:\/\/www.radiopiu.net\/wordpress\/wp-content\/uploads\/2016\/07\/Forcella-Franche-300x225.jpg\" alt=\"\" width=\"169\" height=\"127\" \/><\/a>GOSALDO<\/strong> L&#8217;area campera Lambioi inaugurata lo scorso anno con i fondi di confine non ha un gestore. Nessuno si \u00e8 interessato ma l&#8217;area aprir\u00e0 comunque per interessamento del Comune. Nessun interesse nemmeno per Forcella Franche.<\/p>\n<p>di GIANNI SANTOMASO<\/p>\n<audio class=\"wp-audio-shortcode\" id=\"audio-89012-4\" preload=\"none\" style=\"width: 100%;\" controls=\"controls\"><source type=\"audio\/mpeg\" src=\"http:\/\/www.radiopiu.net\/wordpress\/wp-content\/uploads\/2019\/06\/gianni-lambroi.mp3?_=4\" \/><a href=\"http:\/\/www.radiopiu.net\/wordpress\/wp-content\/uploads\/2019\/06\/gianni-lambroi.mp3\">http:\/\/www.radiopiu.net\/wordpress\/wp-content\/uploads\/2019\/06\/gianni-lambroi.mp3<\/a><\/audio>\n<h3><\/h3>\n<p>&nbsp;<\/p>\n<h3><\/h3>\n<h3>IL TRIO DELLA TRUFFA DEL RESTO NON POTRA&#8217; TORNARE A BELLUNO COME IN ALTRE CITTA&#8217; DEL VENETO<\/h3>\n<p><strong><a class=\"dt-pswp-item\" href=\"http:\/\/www.radiopiu.net\/wordpress\/wp-content\/uploads\/2019\/06\/foto-x-stampa-1.jpg\" data-dt-img-description=\"\" data-large_image_width=\"3508\" data-large_image_height=\"2480\"><img loading=\"lazy\" decoding=\"async\" class=\"wp-image-89007 alignleft\" src=\"http:\/\/www.radiopiu.net\/wordpress\/wp-content\/uploads\/2019\/06\/foto-x-stampa-1-1024x724.jpg\" alt=\"\" width=\"221\" height=\"157\" srcset=\"https:\/\/www.radiopiu.net\/wordpress\/wp-content\/uploads\/2019\/06\/foto-x-stampa-1-1024x724.jpg 1024w, https:\/\/www.radiopiu.net\/wordpress\/wp-content\/uploads\/2019\/06\/foto-x-stampa-1-300x212.jpg 300w, https:\/\/www.radiopiu.net\/wordpress\/wp-content\/uploads\/2019\/06\/foto-x-stampa-1-768x543.jpg 768w\" sizes=\"auto, (max-width: 221px) 100vw, 221px\" \/><\/a>BELLUNO<\/strong> Quelli della truffa del resto sono tornati in provincia, hanno provato a colpire in via Tiziano Vecellio, ma per loro la giornata \u00e8 finita male. Infatti in seguito alla segnalazione\u00a0 della titolare della gelateria \u201cDolce Delizie\u201d,\u00a0 sono intervenuti gli agenti della Questura che hanno indagato tre persone, un uomo e due donne,\u00a0 accompagnati in Questura\u00a0 per aver tentato proprio la truffa del resto.\u00a0 I tre dopo aver consumato una coppetta di gelato ciascuno, all\u2019atto di pagare il conto, hanno consegnato alla cassiera una banconota del valore di 10 euro, ma dopo aver ricevuto il resto corrispettivo, hanno dichiarato di aver pagato con una banconota da\u00a0 50, creando una certa confusione nel locale. La cassiera non solo non ci \u00e8 cascata ma ha\u00a0 chiamato la Polizia descrivendo dettagliatamente i tre e il mezzo sul quale viaggiavano, un caravan di colore bianco. Gli agenti della Questura, hanno in poco tempo rintracciato il camper segnalato riuscendo immediatamente a fermarlo. Le tre persone a bordo, tutte residenti a Rovigo, una volta identificate, sono risultate gi\u00e0 colpite dal divieto di ritorno in diversi comuni del Nord Est, per svariate ipotesi di reato, nonch\u00e9 denunciate in concorso tra loro in pi\u00f9 occasioni per aver consumato appunto la nota \u201ctruffa del resto\u201d. Il Questore ha emesso nei loro confronti un foglio di via obbligatorio dal comune di Belluno, che gli \u00e8 stato subito notificato dagli uomini della Divisione Anticrimine della Questura.<\/p>\n<blockquote>\n<p style=\"text-align: left;\"><em><a class=\"dt-pswp-item\" href=\"http:\/\/www.radiopiu.net\/wordpress\/wp-content\/uploads\/2019\/06\/download-19.jpg\" data-dt-img-description=\"\" data-large_image_width=\"322\" data-large_image_height=\"157\"><img loading=\"lazy\" decoding=\"async\" class=\" wp-image-89013 alignleft\" src=\"http:\/\/www.radiopiu.net\/wordpress\/wp-content\/uploads\/2019\/06\/download-19-300x146.jpg\" alt=\"\" width=\"191\" height=\"93\" srcset=\"https:\/\/www.radiopiu.net\/wordpress\/wp-content\/uploads\/2019\/06\/download-19-300x146.jpg 300w, https:\/\/www.radiopiu.net\/wordpress\/wp-content\/uploads\/2019\/06\/download-19.jpg 322w\" sizes=\"auto, (max-width: 191px) 100vw, 191px\" \/><\/a>La truffa tentata \u00e8\u00a0 la nota \u201ctruffa del resto\u201d. Sembrava un ricordo lontano; eppure, nell\u2019era dell\u2019informatica, c\u2019\u00e8 ancora chi si affida ai metodi pi\u00f9 semplici, e pi\u00f9 efficaci, per spillare denaro al prossimo. Si tratta della truffa che viene tentata ai danni dei cassieri distratti, da utilizzare per beffare il barista indaffarato e incassare piccole somme in contanti. Il metodo \u00e8 rodato da anni e anni di esperienza. Si lascia intravedere al negoziante una banconota di grosso taglio, con la quale pagare una consumazione o una spesa minima. Cos\u00ec il negoziante inizia a esplorare la cassa, alla ricerca di monetine per metter su la cifra da restituire al cliente che, a un certo punto, si ricorda di avere forse un\u2019altra banconota e inizia a contare monetine. Poi il truffatore, dicendo che non riuscir\u00e0 a pagare se non con quella banconota, che lui assicura di aver consegnato al cassiere quando invece l\u2019ha immediatamente reintascata, pretende il resto dal negoziante. Che, se nella concitazione dei pochi secondi di concentrazione ha perduto la freddezza, finisce per consegnargli, con tanti saluti. Anche perch\u00e9, di solito, arriva qualche complice a ingrossare la fila dei clienti, mettendo cos\u00ec pressione al cassiere. Il modus operandi, per\u00f2, pu\u00f2 prevedere alcune variazioni. Come, ad esempio, quella di mostrare una banconota di grosso taglio e poi sostituirla al momento della consegna con una di valore minore, pretendendo di aver pagato con la prima anzich\u00e9 con la seconda. Intanto, il cassiere ha gi\u00e0 preparato il resto per la spesa maggiore e, distratto dalle argomentazioni del \u201ccliente\u201d finisce, quasi inconsapevolmente, per dargli pi\u00f9 soldi di quanti gliene spetterebbero. Il successo di questo tipo di truffa sta nella creazione di un vero e proprio momento di confusione, messo su arte per beffare i negozianti.<\/em><\/p>\n<\/blockquote>\n<p>&nbsp;<\/p>\n<p>&nbsp;<\/p>\n<p>&nbsp;<\/p>\n<p>&nbsp;<\/p>\n<h3>QUINTO FURTO DI BICICLETTE NEGLI ULTIMI GIORNI, IL BOTTINO SFIORA I 9000 EURO<\/h3>\n<p><strong><a class=\"dt-pswp-item\" href=\"http:\/\/www.radiopiu.net\/wordpress\/wp-content\/uploads\/2018\/03\/Bici-da-test-1.jpg\" data-dt-img-description=\"\" data-large_image_width=\"5184\" data-large_image_height=\"3456\"><img loading=\"lazy\" decoding=\"async\" class=\" wp-image-45075 alignleft\" src=\"http:\/\/www.radiopiu.net\/wordpress\/wp-content\/uploads\/2018\/03\/Bici-da-test-1-300x200.jpg\" alt=\"\" width=\"224\" height=\"149\" srcset=\"https:\/\/www.radiopiu.net\/wordpress\/wp-content\/uploads\/2018\/03\/Bici-da-test-1-300x200.jpg 300w, https:\/\/www.radiopiu.net\/wordpress\/wp-content\/uploads\/2018\/03\/Bici-da-test-1-768x512.jpg 768w, https:\/\/www.radiopiu.net\/wordpress\/wp-content\/uploads\/2018\/03\/Bici-da-test-1-1024x683.jpg 1024w\" sizes=\"auto, (max-width: 224px) 100vw, 224px\" \/><\/a>CORTINA<\/strong> I ladri di biciclette costose sono ritornati in azione, forse altri o gli stessi dei quattro precedenti furti tra Cortina, il lago di Santa Croce e Feltre. L&#8217;ultima denuncia \u00e8 di un turista Svizzero ospite del campeggio Rocchetta di Cortina\u00a0 al quale sono state rubate nella notte 2 biciclette per il valore di 5500 euro, erano ben ancoratE con catena ad un albero ma che ovviamente \u00e8 stata tranciata. Oltre alle biciclette rubata anche attrezzatura sportiva e una macchina fotografica contenute in due zaini per un valore di 3300 euro. I turisti non erano assicurati contro i furti di biciclette. Indagano i Carabinieri di Cortina.<\/p>\n<p>&nbsp;<\/p>\n<p>&nbsp;<\/p>\n<p>&nbsp;<\/p>\n<p>&nbsp;<\/p>\n<h3>LE BACHECHE TRA AGORDO E VOLTAGO, DA UN&#8217;IDEA DI GABRIELE RIVA &#8220;LADIN DE OLTACH&#8221;. QUATTRO AD AGORDO<\/h3>\n<p><a class=\"dt-pswp-item\" href=\"http:\/\/www.radiopiu.net\/wordpress\/wp-content\/uploads\/2019\/06\/a76cbdb4-e029-42f3-903f-cdea7f7972de.jpg\" data-dt-img-description=\"\" data-large_image_width=\"1600\" data-large_image_height=\"901\"><img loading=\"lazy\" decoding=\"async\" class=\"alignnone wp-image-89024\" src=\"http:\/\/www.radiopiu.net\/wordpress\/wp-content\/uploads\/2019\/06\/a76cbdb4-e029-42f3-903f-cdea7f7972de-300x169.jpg\" alt=\"\" width=\"272\" height=\"153\" srcset=\"https:\/\/www.radiopiu.net\/wordpress\/wp-content\/uploads\/2019\/06\/a76cbdb4-e029-42f3-903f-cdea7f7972de-300x169.jpg 300w, https:\/\/www.radiopiu.net\/wordpress\/wp-content\/uploads\/2019\/06\/a76cbdb4-e029-42f3-903f-cdea7f7972de-768x432.jpg 768w, https:\/\/www.radiopiu.net\/wordpress\/wp-content\/uploads\/2019\/06\/a76cbdb4-e029-42f3-903f-cdea7f7972de-1024x577.jpg 1024w, https:\/\/www.radiopiu.net\/wordpress\/wp-content\/uploads\/2019\/06\/a76cbdb4-e029-42f3-903f-cdea7f7972de.jpg 1600w\" sizes=\"auto, (max-width: 272px) 100vw, 272px\" \/><\/a><a class=\"dt-pswp-item\" href=\"http:\/\/www.radiopiu.net\/wordpress\/wp-content\/uploads\/2019\/06\/7a8988a0-7918-4271-914a-431dec59d8aa.jpg\" data-dt-img-description=\"\" data-large_image_width=\"1600\" data-large_image_height=\"901\"><img loading=\"lazy\" decoding=\"async\" class=\"alignnone wp-image-89023\" src=\"http:\/\/www.radiopiu.net\/wordpress\/wp-content\/uploads\/2019\/06\/7a8988a0-7918-4271-914a-431dec59d8aa-300x169.jpg\" alt=\"\" width=\"256\" height=\"144\" srcset=\"https:\/\/www.radiopiu.net\/wordpress\/wp-content\/uploads\/2019\/06\/7a8988a0-7918-4271-914a-431dec59d8aa-300x169.jpg 300w, https:\/\/www.radiopiu.net\/wordpress\/wp-content\/uploads\/2019\/06\/7a8988a0-7918-4271-914a-431dec59d8aa-768x432.jpg 768w, https:\/\/www.radiopiu.net\/wordpress\/wp-content\/uploads\/2019\/06\/7a8988a0-7918-4271-914a-431dec59d8aa-1024x577.jpg 1024w, https:\/\/www.radiopiu.net\/wordpress\/wp-content\/uploads\/2019\/06\/7a8988a0-7918-4271-914a-431dec59d8aa.jpg 1600w\" sizes=\"auto, (max-width: 256px) 100vw, 256px\" \/><\/a>DI <strong>GIANNI SANTOMASO<\/strong><\/p>\n<audio class=\"wp-audio-shortcode\" id=\"audio-89012-5\" preload=\"none\" style=\"width: 100%;\" controls=\"controls\"><source type=\"audio\/mpeg\" src=\"http:\/\/www.radiopiu.net\/wordpress\/wp-content\/uploads\/2019\/06\/gianni-bachehce.mp3?_=5\" \/><a href=\"http:\/\/www.radiopiu.net\/wordpress\/wp-content\/uploads\/2019\/06\/gianni-bachehce.mp3\">http:\/\/www.radiopiu.net\/wordpress\/wp-content\/uploads\/2019\/06\/gianni-bachehce.mp3<\/a><\/audio>\n<p>&nbsp;<\/p>\n<p>&nbsp;<\/p>\n<p>&nbsp;<\/p>\n<p>&nbsp;<\/p>\n<div><\/div>\n<div><\/div>\n<div>\n<h3>IERI ALLA PICCOLA BAITA: UN SUCCESSO \u00a0LA PROVA FINALE DEI NUOVI AGRICHEF<\/h3>\n<p style=\"text-align: left;\"><strong><a class=\"dt-pswp-item\" href=\"http:\/\/www.radiopiu.net\/wordpress\/wp-content\/uploads\/2019\/06\/56584269_2255776361146533_6376671565651640320_o.jpg\" data-dt-img-description=\"\" data-large_image_width=\"777\" data-large_image_height=\"1600\"><img loading=\"lazy\" decoding=\"async\" class=\"wp-image-88890 alignleft\" src=\"http:\/\/www.radiopiu.net\/wordpress\/wp-content\/uploads\/2019\/06\/56584269_2255776361146533_6376671565651640320_o-146x300.jpg\" alt=\"\" width=\"97\" height=\"199\" srcset=\"https:\/\/www.radiopiu.net\/wordpress\/wp-content\/uploads\/2019\/06\/56584269_2255776361146533_6376671565651640320_o-146x300.jpg 146w, https:\/\/www.radiopiu.net\/wordpress\/wp-content\/uploads\/2019\/06\/56584269_2255776361146533_6376671565651640320_o-768x1581.jpg 768w, https:\/\/www.radiopiu.net\/wordpress\/wp-content\/uploads\/2019\/06\/56584269_2255776361146533_6376671565651640320_o-497x1024.jpg 497w, https:\/\/www.radiopiu.net\/wordpress\/wp-content\/uploads\/2019\/06\/56584269_2255776361146533_6376671565651640320_o.jpg 777w\" sizes=\"auto, (max-width: 97px) 100vw, 97px\" \/><\/a><\/strong><\/p>\n<p>&nbsp;<\/p>\n<p style=\"text-align: left;\"><strong>FALCADE<\/strong> Ieri\u00a0 all&#8217;Agriturismo Piccola Baita di\u00a0 Sappade, si \u00e8 tenuto\u00a0 l\u2019evento conclusivo del primo corso Agrichef della provincia di Belluno. L\u2019iniziativa, partita nell\u2019aprile scorso, ha coinvolto 9 strutture agrituristiche che hanno messo in campo i loro cuochi per elevare la qualit\u00e0, l\u2019offerta ed il valore dei veri agriturismi di Campagna Amica. Il programma, con le lezioni pratiche in cucina \u00e8 stato curato dai tre Agrichef bellunesi gi\u00e0 patentati nei precedenti corsi regionali, Fabrizio Pescosta, Desiree Spada e Matteo Monestier, impegnati nel trasmettere agli aspiranti Agrichef l\u2019impronta ed il valore del Cuoco contadino.<\/p>\n<\/div>\n<p>&nbsp;<\/p>\n<p>L&#8217;INTERVISTA A FABRIZIO PESCOSTA DALLA PICCOLA BAITA DI SAPPADE<\/p>\n<audio class=\"wp-audio-shortcode\" id=\"audio-89012-6\" preload=\"none\" style=\"width: 100%;\" controls=\"controls\"><source type=\"audio\/mpeg\" src=\"http:\/\/www.radiopiu.net\/wordpress\/wp-content\/uploads\/2019\/06\/fabrizio.mp3?_=6\" \/><a href=\"http:\/\/www.radiopiu.net\/wordpress\/wp-content\/uploads\/2019\/06\/fabrizio.mp3\">http:\/\/www.radiopiu.net\/wordpress\/wp-content\/uploads\/2019\/06\/fabrizio.mp3<\/a><\/audio>\n<p>&nbsp;<\/p>\n<p>&nbsp;<\/p>\n<p>&nbsp;<\/p>\n<p>&nbsp;<\/p>\n<div class=\"\" data-block=\"true\" data-editor=\"725i\" data-offset-key=\"a2ucq-0-0\">\n<h2 class=\"_1mf _1mj\" data-offset-key=\"a2ucq-0-0\"><span data-offset-key=\"a2ucq-0-0\">SPECIALE GIRO D&#8217;ITALIA U23, chiusura strade sabato e domenica pomeriggio. Divieti sabato e domenica.<\/span><\/h2>\n<blockquote>\n<div data-offset-key=\"a2ucq-0-0\"><em>DOMANI\u00a0 ARRIVO A FALCADE, DOMENICA TAPPA AGORDO-MALGA CIAPELA. <\/em><em>NEL SERVIZIO ANCHE LE TABELLE CON IL TRANSITO DEI CICLISTI.<\/em><\/div>\n<\/blockquote>\n<\/div>\n<div class=\"\" data-block=\"true\" data-editor=\"725i\" data-offset-key=\"kaev-0-0\">\n<div data-offset-key=\"kaev-0-0\"><b>DOMANI <\/b>INGRESSO IN VALLATA DA PASSO CEREDA E QUINDI GOSALDO ALLE 14.30 CENCENIGHE 15 FALCADE 1515 (previsione perch\u00e9 dipende dalla velocit\u00e0). In ogni caso dalle 13.00 chiusura della provinciale 347 fino all&#8217;intersezione con la regionale 203 agordina (tangenziale) e quindi della 203 agordina fino a Cencenighe e della 346 per Falcade. La strada chiude un&#8217;ora prima del passaggio dei ciclisti per riaprire dopo il passaggio della carovana.<\/div>\n<\/div>\n<div class=\"\" data-block=\"true\" data-editor=\"725i\" data-offset-key=\"2ou2t-0-0\">\n<blockquote>\n<div class=\"_1mf _1mj\" data-offset-key=\"2ou2t-0-0\"><em><strong>A FALCADE: ORDINANZA<\/strong>. NELLA GIORNATA DI SABATO 22 GIUGNO 2019 \u2212 la chiusura temporanea al traffico veicolare, dalle ore 14.00 alle ore 18.00, della S.P. n. 346 \u201cdel Passo S. Pellegrino\u201d dal km 21+850 al km 21+900 (Piazza Municipio); \u2212 l\u2019istituzione di un senso unico temporaneo dalle ore 06.00 alle ore 14.00 e dalle ore 18.00 alle ore 20.00 della S.P. n. 346 \u201cdel Passo S. Pellegrino\u201d dal km 21+600 (Piazza dello Sport) al km 22+200 (Via Venezia); \u2212 l&#8217;istituzione del divieto di transito e di sosta a tutti i veicoli su entrambi i lati di Piazza Municipio, dalle ore 06.00 alle ore 20.00; \u2212 l&#8217;istituzione del divieto di sosta a tutti i veicoli su Piazzale dello Sport, dalle ore 12.00 alle ore 20.00<\/em><\/div>\n<\/blockquote>\n<\/div>\n<div data-offset-key=\"2ou2t-0-0\"><\/div>\n<div data-offset-key=\"2ou2t-0-0\"><strong>Domenica mattina<\/strong> la passeggiata benefica Agordo Rocca Pietore non prevede chiusure, nel pomeriggio dalle 14 203 agordina e fino a Malga Ciapela strada chiusa fino al passaggio dei ciclisti: AGORDO-CENCENIGHE-CAPRILE-ROCCA PIETORE-MALGA CIAPELA-PASSO FEDAIA.<\/div>\n<div class=\"\" data-block=\"true\" data-editor=\"725i\" data-offset-key=\"91s5e-0-0\">\n<div class=\"_1mf _1mj\" data-offset-key=\"91s5e-0-0\"><span data-offset-key=\"91s5e-0-0\">\u00a0<\/span><\/div>\n<\/div>\n<div class=\"\" data-block=\"true\" data-editor=\"725i\" data-offset-key=\"7eg2q-0-0\">\n<div class=\"_1mf _1mj\" data-offset-key=\"7eg2q-0-0\"><span data-offset-key=\"7eg2q-0-0\">http:\/\/www.radiopiu.net\/wordpress\/speciale-giro-ditalia-under-23-nellagordino-con-renzo-minella-fiorendo-dalla-ca-e-ilario-tancon\/<\/span><\/div>\n<\/div>\n<p>&nbsp;<\/p>\n<p>&nbsp;<\/p>\n<p>&nbsp;<\/p>\n<p>&nbsp;<\/p>\n<h2>SALVIAMO IL NEVEGAL, IMPIANTI A FUNE ESSENZIALI PER IL TERRITORIO<\/h2>\n<p><strong><a class=\"dt-pswp-item\" href=\"http:\/\/www.radiopiu.net\/wordpress\/wp-content\/uploads\/2018\/07\/GoodRide-Nevegal-1.jpg\" data-dt-img-description=\"\" data-large_image_width=\"4815\" data-large_image_height=\"3210\"><img loading=\"lazy\" decoding=\"async\" class=\"wp-image-55273 alignleft\" src=\"http:\/\/www.radiopiu.net\/wordpress\/wp-content\/uploads\/2018\/07\/GoodRide-Nevegal-1-300x200.jpg\" alt=\"\" width=\"144\" height=\"96\" srcset=\"https:\/\/www.radiopiu.net\/wordpress\/wp-content\/uploads\/2018\/07\/GoodRide-Nevegal-1-300x200.jpg 300w, https:\/\/www.radiopiu.net\/wordpress\/wp-content\/uploads\/2018\/07\/GoodRide-Nevegal-1-768x512.jpg 768w, https:\/\/www.radiopiu.net\/wordpress\/wp-content\/uploads\/2018\/07\/GoodRide-Nevegal-1-1024x683.jpg 1024w\" sizes=\"auto, (max-width: 144px) 100vw, 144px\" \/><\/a>BELLUNO<\/strong> Nevegal senza seggiovia e skilift? Impensabile, verr\u00e0 ribadito domani con la manifestazione in piazza. Dalle associazioni di categoria ai sindacati a difesa del colle bellunese<\/p>\n<p>di DAMIANO TORMEN<\/p>\n<p><strong>DAL NOTIZIARIO DEL 19 GIUGNO<\/strong><\/p>\n<audio class=\"wp-audio-shortcode\" id=\"audio-89012-7\" preload=\"none\" style=\"width: 100%;\" controls=\"controls\"><source type=\"audio\/mpeg\" src=\"http:\/\/www.radiopiu.net\/wordpress\/wp-content\/uploads\/2019\/06\/DAMIANO-4.mp3?_=7\" \/><a href=\"http:\/\/www.radiopiu.net\/wordpress\/wp-content\/uploads\/2019\/06\/DAMIANO-4.mp3\">http:\/\/www.radiopiu.net\/wordpress\/wp-content\/uploads\/2019\/06\/DAMIANO-4.mp3<\/a><\/audio>\n<h3>LISTA CIVICA CIVILTA\u2019 BELLUNESE: NOI E IL NEVEGAL,<\/h3>\n<p>dalla rassegna stampa, FRANCO ROCCON<\/p>\n<audio class=\"wp-audio-shortcode\" id=\"audio-89012-8\" preload=\"none\" style=\"width: 100%;\" controls=\"controls\"><source type=\"audio\/mpeg\" src=\"http:\/\/www.radiopiu.net\/wordpress\/wp-content\/uploads\/2019\/06\/ROCCON.mp3?_=8\" \/><a href=\"http:\/\/www.radiopiu.net\/wordpress\/wp-content\/uploads\/2019\/06\/ROCCON.mp3\">http:\/\/www.radiopiu.net\/wordpress\/wp-content\/uploads\/2019\/06\/ROCCON.mp3<\/a><\/audio>\n<p><strong>BELLUNO<\/strong> Sabato 22 giugno si svolger\u00e0 la manifestazione, organizzata dagli sci club del Veneto e dai maestri di sci del Collegio del Veneto, per salvare il Nevegal; <em>&#8220;E\u2019 un momento importante di sollecitazione per la classe politica bellunese ma soprattutto per l\u2019amministrazione comunale&#8221;<\/em> precisa il gruppo di opposizione. A quanto viene dato a sapere, saranno presenti anche alcune associazioni imprenditoriali del commercio e dell\u2019industria<\/p>\n<p>&nbsp;<\/p>\n<p>&nbsp;<\/p>\n<p>&nbsp;<\/p>\n<h3><strong><a class=\"dt-pswp-item\" href=\"http:\/\/www.radiopiu.net\/wordpress\/wp-content\/uploads\/2019\/02\/bond-e1549601699137.jpg\" data-dt-img-description=\"\" data-large_image_width=\"225\" data-large_image_height=\"225\"><img loading=\"lazy\" decoding=\"async\" class=\" wp-image-75797 alignleft\" src=\"http:\/\/www.radiopiu.net\/wordpress\/wp-content\/uploads\/2019\/02\/bond-e1549601699137.jpg\" alt=\"\" width=\"132\" height=\"132\" srcset=\"https:\/\/www.radiopiu.net\/wordpress\/wp-content\/uploads\/2019\/02\/bond-e1549601699137.jpg 225w, https:\/\/www.radiopiu.net\/wordpress\/wp-content\/uploads\/2019\/02\/bond-e1549601699137-150x150.jpg 150w\" sizes=\"auto, (max-width: 132px) 100vw, 132px\" \/><\/a>DARIO BOND LANCIA L&#8217;ALLARME:<\/strong><\/h3>\n<h3><strong> 1 AGOSTO, IL TIROLO BLOCCHERA&#8217; PER TUTTO IL GIORNO I MEZZI PESANTI NON EURO 5<\/strong><\/h3>\n<p>PRONTA L&#8217;INTERROGAZIONE.<\/p>\n<div>DARIO BOND<\/div>\n<div>\n<audio class=\"wp-audio-shortcode\" id=\"audio-89012-9\" preload=\"none\" style=\"width: 100%;\" controls=\"controls\"><source type=\"audio\/mpeg\" src=\"http:\/\/www.radiopiu.net\/wordpress\/wp-content\/uploads\/2019\/06\/bond-1.mp3?_=9\" \/><a href=\"http:\/\/www.radiopiu.net\/wordpress\/wp-content\/uploads\/2019\/06\/bond-1.mp3\">http:\/\/www.radiopiu.net\/wordpress\/wp-content\/uploads\/2019\/06\/bond-1.mp3<\/a><\/audio>\n<\/div>\n<div><\/div>\n<div><\/div>\n<p>&nbsp;<\/p>\n<p>&nbsp;<\/p>\n<p>&nbsp;<\/p>\n<h3>CAMERA DEI DEPUTATI, L&#8217;INTERVENTO SUL COLLEGAMENTO PADOLA SESTO DEL DEPUTATO ROGER DE MENECH (PD)<\/h3>\n<div style=\"width: 720px;\" class=\"wp-video\"><video class=\"wp-video-shortcode\" id=\"video-89012-1\" width=\"720\" height=\"576\" preload=\"metadata\" controls=\"controls\"><source type=\"video\/mp4\" src=\"http:\/\/www.radiopiu.net\/wordpress\/wp-content\/uploads\/2019\/06\/WhatsApp-Video-2019-06-20-at-19.41.39.mp4?_=1\" \/><a href=\"http:\/\/www.radiopiu.net\/wordpress\/wp-content\/uploads\/2019\/06\/WhatsApp-Video-2019-06-20-at-19.41.39.mp4\">http:\/\/www.radiopiu.net\/wordpress\/wp-content\/uploads\/2019\/06\/WhatsApp-Video-2019-06-20-at-19.41.39.mp4<\/a><\/video><\/div>\n<p>&nbsp;<\/p>\n<p>&nbsp;<\/p>\n<p>&nbsp;<\/p>\n<blockquote><p>&nbsp;<\/p><\/blockquote>\n<h2><a class=\"dt-pswp-item\" href=\"http:\/\/www.radiopiu.net\/wordpress\/wp-content\/uploads\/2019\/06\/Francesca-De-Biasi.jpg\" data-dt-img-description=\"\" data-large_image_width=\"3456\" data-large_image_height=\"5184\"><img loading=\"lazy\" decoding=\"async\" class=\" wp-image-88925 alignleft\" src=\"http:\/\/www.radiopiu.net\/wordpress\/wp-content\/uploads\/2019\/06\/Francesca-De-Biasi-200x300.jpg\" alt=\"\" width=\"119\" height=\"178\" srcset=\"https:\/\/www.radiopiu.net\/wordpress\/wp-content\/uploads\/2019\/06\/Francesca-De-Biasi-200x300.jpg 200w, https:\/\/www.radiopiu.net\/wordpress\/wp-content\/uploads\/2019\/06\/Francesca-De-Biasi-768x1152.jpg 768w, https:\/\/www.radiopiu.net\/wordpress\/wp-content\/uploads\/2019\/06\/Francesca-De-Biasi-683x1024.jpg 683w\" sizes=\"auto, (max-width: 119px) 100vw, 119px\" \/><\/a><\/h2>\n<h2>FRANCESCA DE BIASI NELLA GIUNTA MASSARO, MA RIMANE ALLA PRESIDENZA DEL FONDO\u00a0 WELFARE PROVINCIALE<\/h2>\n<p><strong>BELLUNO<\/strong> Francesca De Biasi puntualizza: &#8220;il fondo welfare provinciale va avanti&#8221; e la De Biasi sar\u00e0 comunque la presidente. Ecco il suo commento sul nuovo incarico con il sindaco Jacopo Massaro e il rapporto con la provincia e il presidente Roberto Padrin<\/p>\n<p>&nbsp;<\/p>\n<audio class=\"wp-audio-shortcode\" id=\"audio-89012-10\" preload=\"none\" style=\"width: 100%;\" controls=\"controls\"><source type=\"audio\/mpeg\" src=\"http:\/\/www.radiopiu.net\/wordpress\/wp-content\/uploads\/2019\/06\/francesca-1.mp3?_=10\" \/><a href=\"http:\/\/www.radiopiu.net\/wordpress\/wp-content\/uploads\/2019\/06\/francesca-1.mp3\">http:\/\/www.radiopiu.net\/wordpress\/wp-content\/uploads\/2019\/06\/francesca-1.mp3<\/a><\/audio>\n<p>&nbsp;<\/p>\n<p>&nbsp;<\/p>\n<p>&nbsp;<\/p>\n<blockquote><p>&nbsp;<\/p><\/blockquote>\n<p><strong><span style=\"color: #ff0000;\">AGORDO IN FESTA<\/span><\/strong><\/p>\n<div data-crea=\"font-wrapper\">\n<h2><span style=\"font-family: Times New Roman, serif;\"><b>42\u00b0 Giro d&#8217;Italia Giovani Under 23\u00a0 <\/b><\/span><span style=\"font-family: Times New Roman, serif;\"><b>9\u00b0 tappa con partenza da Agordo e arrivo al Passo Fedaia<\/b><\/span><\/h2>\n<div><span style=\"font-size: medium; font-family: 'Times New Roman', serif; color: #3333ff;\">DOMANI\u00a0 22 GIUGNO 2019 <\/span>Tutto il giorno ad Agordo mercatino Dolomiti Expo dalle 9.00 alle 18.00. <span style=\"font-family: 'Times New Roman', serif;\"><span style=\"font-size: medium;\">Serata di intrattenimento in piazza Libert\u00e0 con cabaret e musica italiana\u00a0<\/span><\/span>21.00 alle 23.00.\u00a0 <span style=\"font-size: medium; font-family: 'Times New Roman', serif; color: #3333ff;\">DOMENICA 23 GIUGNO 2019 <\/span>-Dalle ore 09.00 presenza ad Agordo del villaggio\/carovana del Giro. <span style=\"font-size: medium; font-family: 'Times New Roman', serif;\">-09.30 partenza della Cicloturistica Agordo \u2013 Rocca Pietore a scopo benefico aperta a tutti (costo iscrizione \u20ac 15,00) con ristoro finale in attesa della diretta Rai del Giro U23. <\/span><span style=\"font-size: medium; font-family: 'Times New Roman', serif;\">-15.00 partenza della 9\u00b0 tappa Agordo \u2013 Passo Fedaia con la diretta televisiva.\u00a0 <\/span><span style=\"font-size: medium; font-family: 'Times New Roman', serif; color: #3333ff;\">Dal 22 al 30 giugno 2019\u00a0 <\/span><span style=\"font-family: 'Times New Roman', serif;\"><span style=\"font-size: medium;\">Mostra &#8220;Due pedali per sognare. L&#8217;epopea del ciclismo italiano&#8221;\u00a0<\/span><\/span>allestita presso la sala don Tamis dell&#8217;Unione Montana Agordina. <span style=\"font-size: medium; font-family: 'Times New Roman', serif;\">Orari di apertura 16.00-19.00 tutti i giorni dal 23 al 30 giugno.<\/span><\/div>\n<\/div>\n<div data-crea=\"font-wrapper\">\n<div><span style=\"font-family: Times New Roman, serif;\"><span style=\"font-size: medium;\">22 giugno inaugurazione ore 18.00 con presentazione del libro \u201cCento Coppi\u201d (Alba edizioni) di Giacinto Bevilacqua e Renato Bulfon.<\/span><\/span><\/div>\n<blockquote>\n<div><\/div>\n<\/blockquote>\n<\/div>\n<div><\/div>\n<div><\/div>\n<div><\/div>\n<div><\/div>\n<div><\/div>\n<blockquote>\n<div><\/div>\n<\/blockquote>\n<div>\n<h3>\u201cPi\u00f9 democrazia contro i leoni da tastiera\u201d: la rivoluzione elettorale di de Carlo per i piccoli comuni<\/h3>\n<p>dalla rassegna stamp<\/p>\n<audio class=\"wp-audio-shortcode\" id=\"audio-89012-11\" preload=\"none\" style=\"width: 100%;\" controls=\"controls\"><source type=\"audio\/mpeg\" src=\"http:\/\/www.radiopiu.net\/wordpress\/wp-content\/uploads\/2019\/06\/audio-de-carlo.mp3?_=11\" \/><a href=\"http:\/\/www.radiopiu.net\/wordpress\/wp-content\/uploads\/2019\/06\/audio-de-carlo.mp3\">http:\/\/www.radiopiu.net\/wordpress\/wp-content\/uploads\/2019\/06\/audio-de-carlo.mp3<\/a><\/audio>\n<p>&nbsp;<\/p>\n<p><strong><a class=\"dt-pswp-item\" href=\"http:\/\/www.radiopiu.net\/wordpress\/wp-content\/uploads\/2019\/05\/ELEZIONI-COMUNALI.jpg\" data-dt-img-description=\"\" data-large_image_width=\"751\" data-large_image_height=\"488\"><img loading=\"lazy\" decoding=\"async\" class=\" wp-image-86550 alignleft\" src=\"http:\/\/www.radiopiu.net\/wordpress\/wp-content\/uploads\/2019\/05\/ELEZIONI-COMUNALI-300x195.jpg\" alt=\"\" width=\"225\" height=\"146\" srcset=\"https:\/\/www.radiopiu.net\/wordpress\/wp-content\/uploads\/2019\/05\/ELEZIONI-COMUNALI-300x195.jpg 300w, https:\/\/www.radiopiu.net\/wordpress\/wp-content\/uploads\/2019\/05\/ELEZIONI-COMUNALI.jpg 751w\" sizes=\"auto, (max-width: 225px) 100vw, 225px\" \/><\/a><\/strong><\/p>\n<p><strong>ROMA<\/strong> Via il quorum alle elezioni amministrative e innalzare la soglia per il terzo mandato fino a 5mila abitanti: questi i cardini della proposta di legge, presentata dall&#8217;onorevole di Fratelli d&#8217;Italia, Luca De Carlo.\u00a0 <em>\u201c\u00c8 una proposta che vuole avvicinare i cittadini alla vita politica, rendendo allo stesso tempo pi\u00f9 agevole l&#8217;attivit\u00e0 degli amministratori locali. Contro i leoni da tastiera, che sparlano sui social e al bar senza mai mettersi in gioco, bisogna dare pi\u00f9 spazio \u00e8 pi\u00f9 possibilit\u00e0 alla democrazia\u201d, commenta De Carlo.<\/em><br \/>\n<em>La prima modifica proposta al Testo unico degli enti locali riguarda la necessit\u00e0 del quorum in caso di presentazione di una sola lista: \u201cQuesta norma aveva un suo valore quando \u00e8 nata, negli anni &#8217;50, quando l&#8217;affluenza alle urne rasentava il 90%\u201d, sottolinea De Carlo. \u201cMa se guardiamo alle ultime elezioni amministrative oggi siamo scesi sotto il 70%, e in provincia di Belluno si \u00e8 raggiunto a fatica il 55%. La mia proposta, visti questi numeri, \u00e8 di eliminare, in caso di una sola lista, la necessit\u00e0 di avere un&#8217;affluenza alle urne pari o superiore al 50% + 1 degli aventi diritto\u201d.<\/em><br \/>\nLa modifica avanzata da De Carlo prevede infatti di aggiungere in coda alla norma la frase \u00absalvo il caso in cui sia stata presentata una sola lista a causa della mancanza materiale di altre liste o a causa dell\u2019impossibilit\u00e0 di altre liste di essere ammesse a causa di difetti insanabili contenuti nelle stesse\u00bb.<br \/>\nAltra proposta \u00e8 quella di innalzare la soglia di abitanti per il terzo mandato del sindaco da 3mila a 5mila:<em> \u201cRisulta sempre pi\u00f9 difficile trovare persone che vogliono mettersi in gioco per il proprio comune, mentre attualmente i sindaci devono forzatamente lasciare al termine del secondo mandato. &#8211; evidenzia De Carlo \u2013 Con questa norma, rivolta ai piccoli comuni, vogliamo dare la possibilit\u00e0 di una continuit\u00e0 amministrativa a questi enti: non dimentichiamo che alle elezioni del 26 maggio, in provincia di Belluno, con 32 comuni al voto abbiamo avuto appena 56 candidati sindaci, e 10 di questi non avevano sfidanti. Con il terzo mandato per le realt\u00e0 fino a 5mila abitanti, vogliamo evitare il rischio commissariamento, dando ai cittadini la possibilit\u00e0 di confermare per la terza volta un sindaco che ha ben lavorato; una possibilit\u00e0 che, unita all&#8217;abolizione del quorum in caso di una sola lista presente, permetter\u00e0 ai piccoli comuni la continuazione dell&#8217;attivit\u00e0 democratica\u201d.\u00a0<\/em><\/p>\n<\/div>\n<p>&nbsp;<\/p>\n<p>&nbsp;<\/p>\n<p>&nbsp;<\/p>\n<div data-crea=\"font-wrapper\">\n<div><\/div>\n<\/div>\n<div><\/div>\n<div><\/div>\n<div><\/div>\n<div><\/div>\n<div>\n<h3>DIFESA DEL SUOLO. CANTIERI AL VIA IN LOCALITA\u2019 FUSINELES A BORCA DI CADORE<\/h3>\n<p><a class=\"dt-pswp-item\" href=\"http:\/\/www.radiopiu.net\/wordpress\/wp-content\/uploads\/2019\/06\/996-2019-area-intervento_fusineles_borca-di-cadore.jpg\" data-dt-img-description=\"\" data-large_image_width=\"1322\" data-large_image_height=\"991\"><img loading=\"lazy\" decoding=\"async\" class=\" wp-image-89019 alignleft\" src=\"http:\/\/www.radiopiu.net\/wordpress\/wp-content\/uploads\/2019\/06\/996-2019-area-intervento_fusineles_borca-di-cadore-300x225.jpg\" alt=\"\" width=\"212\" height=\"159\" srcset=\"https:\/\/www.radiopiu.net\/wordpress\/wp-content\/uploads\/2019\/06\/996-2019-area-intervento_fusineles_borca-di-cadore-300x225.jpg 300w, https:\/\/www.radiopiu.net\/wordpress\/wp-content\/uploads\/2019\/06\/996-2019-area-intervento_fusineles_borca-di-cadore-768x576.jpg 768w, https:\/\/www.radiopiu.net\/wordpress\/wp-content\/uploads\/2019\/06\/996-2019-area-intervento_fusineles_borca-di-cadore-1024x768.jpg 1024w, https:\/\/www.radiopiu.net\/wordpress\/wp-content\/uploads\/2019\/06\/996-2019-area-intervento_fusineles_borca-di-cadore.jpg 1322w\" sizes=\"auto, (max-width: 212px) 100vw, 212px\" \/><\/a><strong>VENEZIA<\/strong>\u00a0 Sono stati consegnati i lavori per la ricostruzione del tratto di difesa spondale in sinistra idrografica del torrente Boite in Comune di Borca di Cadore. \u201cSi tratta di un intervento per il quale abbiamo stanziato 250.000 euro \u2013 spiega l\u2019assessore regionale alla Difesa del Suolo Gianpaolo Bottacin -, che sar\u00e0 realizzato in localit\u00e0 Fusineles nei pressi della ex-centrale idroelettrica ENEL in Comune di Borca di Cadore, con l\u2019obiettivo di difendere la sponda sinistra del torrente Boite, nel corso della alluvione dello scorso autunno\u201d. <em>\u201cDopo aver provveduto alla ricostruzione del rilevato arginale con materiale arido e sottomurazione del fabbricato\u2013 dettaglia l\u2019assessore &#8211; provvederemo a realizzare una difesa in massi di pietra naturale. \u00c8 previsto, inoltre, di realizzare un materasso in massi da scogliera al piede dell\u2019argine esistente a valle dell\u2019ex centralina\u201d. <\/em>La durata stimata dell\u2019intervento \u00e8 di centocinquanta giorni.<\/p>\n<\/div>\n<div><\/div>\n<div><\/div>\n<p>&nbsp;<\/p>\n<p>&nbsp;<\/p>\n<h3>AUTONOMIA. ZAIA, \u201cBELLA GIORNATA, CON INCARDINAMENTO IN CDM SI STA SCRIVENDO UNA PAGINA DI STORIA INARRESTABILE DA NORD A SUD\u201d<\/h3>\n<p><strong>VENEZIA\u00a0<\/strong> \u201cSull\u2019autonomia si sta scrivendo una pagina di storia che ridar\u00e0 efficienza a tutta Italia e cambier\u00e0 pelle alla Repubblica. Oggi \u00e8 una bella giornata per il Governo e per la compagine politica che lo sorregge e che sta cercando di rispettare la parola data ai cittadini con il contratto di governo. Grazie al Premier Giuseppe Conte, al Vicepremier Matteo Salvini, che non ha mai abbassato la guardia e dovr\u00e0 ora gestire la partita politica in seno all\u2019Esecutivo, grazie all\u2019instancabile Ministro per gli Affari Regionali e le Autonomie Erika Stefani\u201d. Con queste parole, il Presidente della Regione Veneto, Luca Zaia, esprime la sua soddisfazione per la svolta data al processo dell\u2019autonomia con la decisione di incardinare l\u2019argomento in Consiglio dei Ministri. \u201cSiamo totalmente disponibili \u2013 aggiunge Zaia \u2013 a sederci al tavolo per negoziare l\u2019intesa e per garantire un suo rapido approdo in Parlamento. Un\u2019autonomia che comprende tutte le 23 materie consentite dalla Costituzione, che non toglie ai poveri per dare ai ricchi, che non crea sanit\u00e0 di serie A e serie B, che non prospetta un Paese a due o tre velocit\u00e0. Che si basa, al contrario, su un impianto solidaristico e responsabilizza definitivamente tutti gli Amministratori rispetto ai cittadini\u201d.<\/p>\n<p>&nbsp;<\/p>\n<p>&nbsp;<\/p>\n<p>&nbsp;<\/p>\n<p>&nbsp;<\/p>\n<h2>Assegni per il nucleo familiare, Sportelli nelle aziende e nelle sedi principali: dal 1\u00b0 luglio le richieste<\/h2>\n<p><strong>BELLUNO<\/strong> Assegni familiari, Cisl Belluno Treviso apre nei luoghi di lavoro e nelle principali sedi territoriali gli Sportelli dedicati ai lavoratori che ne devono far richiesta a partire dal 1\u00b0 luglio. Gi\u00e0 attivo il servizio di prenotazione degli appuntamenti per far fronte a una mole importante di lavoro: un lavoratore su quattro ha infatti diritto all\u2019assegno familiare. Da quest\u2019anno sono cambiate le procedure per richiedere gli assegni per il nucleo familiare, meglio conosciuti come ANF, prestazioni di sostegno al reddito erogate dall\u2019Inps in favore dei lavoratori dipendenti. Se fino all\u2019anno scorso la prestazione veniva infatti richiesta per conto del dipendente direttamente dal datore di lavoro, d\u2019ora in poi \u00e8 obbligatorio effettuare la domanda esclusivamente online, con il Patronato designato come unico intermediario autorizzato a inviare la richiesta per conto del dipendente. Fanno eccezione i lavoratori agricoli. L\u2019ANF va chiesto ogni anno e ha validit\u00e0 dal 1\u00b0 luglio al 30 giugno dell\u2019anno successivo. La domanda deve essere ripresentata quando cambia il nucleo familiare e si possono richiedere gli arretrati fino ad un massimo di 5 anni addietro. Secondo le stime, saranno circa 15 mila i lavoratori che si rivolgeranno alla Cisl Belluno Treviso per farne richiesta: circa 5 mila a Belluno e 10 mila nella Marca.<\/p>\n<p>&nbsp;<\/p>\n<p>&nbsp;<\/p>\n<p>&nbsp;<\/p>\n<p>&nbsp;<\/p>\n<h3>UNA MONGOLFIERA SULLE DOLOMITI, LA PERSONALE DEL MAESTRO BIANCHI<\/h3>\n<blockquote><p><em>Un&#8217;opera all&#8217;asta a favore della Mongolfiera di Giorgia Onlus<\/em><\/p><\/blockquote>\n<p><a class=\"dt-pswp-item\" href=\"http:\/\/www.radiopiu.net\/wordpress\/wp-content\/uploads\/2019\/06\/CS-41-Da-sx-Ivana-Turrin-Mongolfiera-di-Giorgia-e-il-maestro-Roberto-Bianchi.jpg\" data-dt-img-description=\"\" data-large_image_width=\"3120\" data-large_image_height=\"4160\"><img loading=\"lazy\" decoding=\"async\" class=\"size-medium wp-image-89017 alignleft\" src=\"http:\/\/www.radiopiu.net\/wordpress\/wp-content\/uploads\/2019\/06\/CS-41-Da-sx-Ivana-Turrin-Mongolfiera-di-Giorgia-e-il-maestro-Roberto-Bianchi-225x300.jpg\" alt=\"\" width=\"225\" height=\"300\" srcset=\"https:\/\/www.radiopiu.net\/wordpress\/wp-content\/uploads\/2019\/06\/CS-41-Da-sx-Ivana-Turrin-Mongolfiera-di-Giorgia-e-il-maestro-Roberto-Bianchi-225x300.jpg 225w, https:\/\/www.radiopiu.net\/wordpress\/wp-content\/uploads\/2019\/06\/CS-41-Da-sx-Ivana-Turrin-Mongolfiera-di-Giorgia-e-il-maestro-Roberto-Bianchi-768x1024.jpg 768w\" sizes=\"auto, (max-width: 225px) 100vw, 225px\" \/><\/a>Dal connubio tra solidariet\u00e0 ed arte nasce &#8220;Una Mongolfiera sulle Dolomiti&#8221;, una mostra, che si terr\u00e0 a Belluno nei fine settimana del mese di luglio, frutto del generoso gesto di un artista locale. \u00c8 questo il risultato dell&#8217;incontro tra la Mongolfiera di Giorgia Onlus, associazione bellunese che si occupa di dare sollievo ai giovani con disagio psicofisico, e l&#8217;artista di Cibiana di Cadore, Roberto Bianchi, art animalier (foto), che ha esposto le sue opere nei luoghi pi\u00f9 prestigiosi, da Las Vegas ad Abu Dhabi, passando per il Louvre. \u00c8 nella primavera scorsa che il maestro Bianchi, ascoltando un intervento televisivo della presidente dell&#8217;associazione, Ivana Turrin (foto), viene a conoscenza della Onlus in memoria di Giorgia Praloran &#8211; mancata nell&#8217;ottobre del 2016 per un tumore al cervello \u2013 associazione costituita allo scopo di raccogliere e distribuire fondi agli adolescenti disabili affinch\u00e8, durante la malattia, possano ricavarsi un momento ludico, di svago e divertimento. Ascoltando il racconto sulla scelta della mongolfiera quale simbolo dell&#8217;associazione, legata ad una delle passioni di Giorgia, il maestro Bianchi si rende conto di aver completato, nell&#8217;autunno del 2018, un&#8217;opera che, in qualche modo, &#8220;racconta&#8221; gli interessi di questa ragazza: oltre a delle mongolfiere il quadro ritrae anche i libri e la natura!<\/p>\n<blockquote><p><em>\u00abCon grande generosit\u00e0 l&#8217;artista ha deciso di sposare la nostra missione offrendo la sua opera, splendido esempio di espressione surrealista, al fine di <a class=\"dt-pswp-item\" href=\"http:\/\/www.radiopiu.net\/wordpress\/wp-content\/uploads\/2019\/06\/CS41-Lopera-di-Roberto-Bianchi.jpg\" data-dt-img-description=\"\" data-large_image_width=\"1389\" data-large_image_height=\"1600\"><img loading=\"lazy\" decoding=\"async\" class=\" wp-image-89018 alignleft\" src=\"http:\/\/www.radiopiu.net\/wordpress\/wp-content\/uploads\/2019\/06\/CS41-Lopera-di-Roberto-Bianchi-260x300.jpg\" alt=\"\" width=\"139\" height=\"161\" srcset=\"https:\/\/www.radiopiu.net\/wordpress\/wp-content\/uploads\/2019\/06\/CS41-Lopera-di-Roberto-Bianchi-260x300.jpg 260w, https:\/\/www.radiopiu.net\/wordpress\/wp-content\/uploads\/2019\/06\/CS41-Lopera-di-Roberto-Bianchi-768x885.jpg 768w, https:\/\/www.radiopiu.net\/wordpress\/wp-content\/uploads\/2019\/06\/CS41-Lopera-di-Roberto-Bianchi-889x1024.jpg 889w, https:\/\/www.radiopiu.net\/wordpress\/wp-content\/uploads\/2019\/06\/CS41-Lopera-di-Roberto-Bianchi.jpg 1389w\" sizes=\"auto, (max-width: 139px) 100vw, 139px\" \/><\/a>raccogliere fondi da devolvere all&#8217;associazione\u00bb, spiega Ivana Turrin. \u00abQuando il mondo della solidariet\u00e0 incontra il mondo dell&#8217;arte possono nascere solo iniziative speciali come questa\u00bb.<\/em><\/p><\/blockquote>\n<p>Da qui, dunque, il via alla mostra: si tratta di una personale del maestro Bianchi che, grazie alla sua tecnica e al suo legame con la natura, \u00e8 riuscito negli anni a cogliere la magia che si cela ogni giorno nei boschi delle Dolomiti. All\u2019interno della mostra verr\u00e0 esposta anche l&#8217;opera messa all&#8217;asta per la raccolta fondi per l&#8217;associazione. Si terr\u00e0 presso la sala &#8220;ex Pub Carrera&#8221; di Palazzo Fulcis a Belluno, gentilmente concessa dalla Fondazione Cariverona, che si terr\u00e0 nei weekend dal 5 al 21 luglio, con il patrocinio della Provincia di Belluno e del Comune di Belluno. L\u2019inaugurazione si terr\u00e0 sabato 6 luglio alle 17. L&#8217;ingresso \u00e8 gratuito ed avviene tramite l&#8217;accesso di Palazzo Fulcis. Il direttivo dell\u2019associazione e il maestro Bianchi ringraziano la Fondazione Cariverona per aver concesso l\u2019utilizzo della sala.<\/p>\n<blockquote><p>&nbsp;<\/p><\/blockquote>\n<div><\/div>\n<blockquote>\n<div><\/div>\n<\/blockquote>\n<div>\n<h2>ASCA &#8211; selezione personale infermieristico<\/h2>\n<p><strong>AGORDO<\/strong> L&#8217;azienda Speciale Consortile Agordina per voce dell&#8217;amministratore unico Mariachiara Santin\u00a0 ha fatto sapere di aver\u00a0indetto una nuova selezione pubblica finalizzata alla formulazione di una graduatoria cui attingere per l\u2019assunzione a tempo determinato e indeterminato di infermieri. Le modalit\u00e0 di presentazione delle domande si trovano sul sito aziendale www.servizisocialiasca.it. Il termine perentorio previsto per la presentazione della domanda \u00e8 fissato il giorno luned\u00ec 29 luglio 2019 entro le ore 12.00, mentre le selezioni verranno effettuate nelle giornate del 5 e 6 agosto 2019.<\/p>\n<\/div>\n<p>&nbsp;<\/p>\n<p>&nbsp;<\/p>\n<p>&nbsp;<\/p>\n<h3>Giovani volontari scadono i termini per la domanda<\/h3>\n<p><strong>AGORDO<\/strong>. Scade oggi il termine per presentare le domande di partecipazione al progetto di volontariato &#8220;Csv&#8230;volontario anche tu&#8221; rivolto ai ragazzi dai 14 ai 18 anni con l&#8217;obiettivo di far scoprire e di far apprezzare il mondo del volontariato, promuovendo il ricambio generazionale e la cultura dell&#8217;associazionismo locale. Gli interessati possono svolgere attivit\u00e0 al centro estivo organizzato dal Comune di Agordo.<\/p>\n<p>&nbsp;<\/p>\n<p>&nbsp;<\/p>\n<p>&nbsp;<\/p>\n<p>&nbsp;<\/p>\n<h3>ASSEMBLEA COMUNI DEL BACINO IMBRIFERO MONTANO DEL PIAVE<\/h3>\n<p><strong>BELLUNO<\/strong> Oggi alle 17 assemblea generale del Consorzio Bim Piave di Belluno in sala Muccin del Centro Diocesano Giovanni XXIII di Piazza Piloni. Ordine del giorno: seconda variazione al bilancio di previsione e comunicazioni del presidente Umberto Soccal.<\/p>\n<p>&nbsp;<\/p>\n<p>&nbsp;<\/p>\n<p>&nbsp;<\/p>\n<h3>Assemblea di Ser.S.A. Investimenti in ambienti e servizi e attenzione ai finanziamenti europei<\/h3>\n<p><strong>BELLUNO\u00a0 <\/strong>Si \u00e8 tenuta nei giorni l&#8217;assemblea dei soci di Ser.S.A. &#8211; Servizi Sociali Assistenziali, societ\u00e0 interamente partecipata dal Comune di Belluno, rappresentato al tavolo dal Sindaco, Jacopo Massaro, insieme all&#8217;amministratore unico, Paolo Santesso, e lo staff amministrativo della societ\u00e0. <strong>I conti <\/strong>Bilancio in salute, quello chiuso il 31 dicembre 2018: il risultato utile \u00e8 di 71mila euro dopo le imposte, a fronte di un volume complessivo superiore ai 6,5 milioni di euro, e la situazione patrimoniale \u00e8 solida, senza ricorso ad esposizioni bancarie. La gestione 2018 \u00e8 riuscita dunque ad assorbire l&#8217;incremento di oltre 200mila euro determinato dal rinnovo del Contratto Nazionale, nonostante il rialzo delle tariffe coprisse meno di un quinto di tale voce; due terzi dei costi complessivi di gestione della societ\u00e0 sono relativi al personale, come \u00e8 normale sia in una centro di servizi alla persona. Questo risultato \u00e8 stato possibile soprattutto per l&#8217;elevata copertura dei servizi residenziali, con particolare riferimento a quelli rivolti alle persone con demenza. Il 2018 ha visto SerSA coinvolta in un riassetto organizzativo finalizzato a consolidare la linea di intervento rivolta al territorio (quindi ai servizi non residenziali o semi-residenziali), che riceve per la prima volta un referente unico nella persona di Cristina Balest. <strong>Finanziamenti e progetti <\/strong>Risultati positivi sotto il profilo economico e gestionale sono stati raggiunti anche grazia all&#8217;accesso a finanziamenti extra-ordinari legati alla partecipazione a specifici progetti. Proprio per proseguire su questa strada, Ser.S.A. ha appena aperto la raccolta di candidature per un ruolo di project manager della durata di un anno, con termine ultimo per la presentazione delle domande il 26 giugno (bando disponibile sul sito della societ\u00e0). <strong>Gli investimenti <\/strong>Gli investimenti fatti hanno permesso di progredire nell&#8217;adeguamento alle normative antincendio e di realizzare alcuni ambienti di qualit\u00e0 a beneficio dei residenti, come ad esempio l&#8217;avvio del servizio di parrucchiera interna. Una linea, quest&#8217;ultima, che ha visto nascere e crescere uno staff multidisciplinare interno, finalizzato a valutare l&#8217;impatto sul benessere degli anziani, e dunque non solo l&#8217;aspetto funzionale, degli interventi che vengono costantemente realizzati alla Gaggia Lante.<\/p>\n<p>&nbsp;<\/p>\n<p>&nbsp;<\/p>\n<p>&nbsp;<\/p>\n<h2>DOMANI\u00a0 L\u2019\u201cACADEMY IN DESIGN E TECNICA DELL\u2019OCCHIALE\u201d APPRODA A VAS<\/h2>\n<p><strong><a class=\"dt-pswp-item\" href=\"http:\/\/www.radiopiu.net\/wordpress\/wp-content\/uploads\/2018\/01\/da-certottica-2-corsi-specialistici-richiesti-dalle-aziende_Platform_Optic.jpg\" data-dt-img-description=\"\" data-large_image_width=\"785\" data-large_image_height=\"454\"><img loading=\"lazy\" decoding=\"async\" class=\" wp-image-42612 alignleft\" src=\"http:\/\/www.radiopiu.net\/wordpress\/wp-content\/uploads\/2018\/01\/da-certottica-2-corsi-specialistici-richiesti-dalle-aziende_Platform_Optic-300x174.jpg\" alt=\"\" width=\"253\" height=\"147\" srcset=\"https:\/\/www.radiopiu.net\/wordpress\/wp-content\/uploads\/2018\/01\/da-certottica-2-corsi-specialistici-richiesti-dalle-aziende_Platform_Optic-300x174.jpg 300w, https:\/\/www.radiopiu.net\/wordpress\/wp-content\/uploads\/2018\/01\/da-certottica-2-corsi-specialistici-richiesti-dalle-aziende_Platform_Optic-768x444.jpg 768w, https:\/\/www.radiopiu.net\/wordpress\/wp-content\/uploads\/2018\/01\/da-certottica-2-corsi-specialistici-richiesti-dalle-aziende_Platform_Optic.jpg 785w\" sizes=\"auto, (max-width: 253px) 100vw, 253px\" \/><\/a>LONGARONE<\/strong> Saranno quelle de \u201cLa Cartiera\u201d di Vas le prossime porte che apriranno all\u2019ITS Academy in Design e Tecnica dell\u2019Occhiale: domani\u00a0 alle 15 lo staff dell\u2019Area Formazione si sposter\u00e0 nel basso feltrino per illustrare il corso agli interessati di quest\u2019importante area del Distretto dell\u2019Occhiale. Certottica vuol dare una risposta concreta alle aziende, che sono alla costante ricerca di profili qualificati da inserire nel proprio organico e l\u2019ITS Academy, che registra oltre il 90% di allievi occupati ad un anno dal diploma, dimostra di cogliere le esigenze del mercato. L\u2019ITS-Academy, che a ottobre partir\u00e0 con la sesta edizione, \u00e8 un\u2019alternativa concreta alla scelta tra lavoro e universit\u00e0, che permette una specializzazione esclusiva e un rapporto diretto con le aziende. Il biennio promosso da Certottica, con la collaborazione della Fondazione ITS Cosmo, \u00e8 diviso in 1200 ore di lezioni teoriche, esercitazioni pratiche e laboratoriali, visite aziendali di settore, team working e 800 ore di tirocinio (300 nel 1\u00b0 anno e 500 nel 2\u00b0 anno) in aziende leader del settore occhiale. A conclusione dei due anni, ogni allievo \u00e8 in grado di comprendere e gestire il processo creativo che sottende la creazione del prodotto, sviluppare idee innovative, scoprire e trasformare le idee in prototipi commerciabili, con la consapevolezza di dover rapportarsi con tutte le figure aziendali coinvolte nella realizzazione dell\u2019occhiale. Lo testimoniano le collezioni che gli allievi sfornano a coronamento dell\u2019Academy, protagoniste dell\u2019evento finale con i prototipi realizzati grazie al supporto dei partner. Per intensificare ulteriormente il dialogo con il territorio e con le realt\u00e0 del settore, che ha portato a tarare l\u2019Academy sulle necessit\u00e0 del mercato, il team dell\u2019Area Formazione di Certottica aspetta tutti gli interessati sabato 22 alle 15.00 alla Cartiera di Vas in compagnia dei docenti e degli allievi che oggi frequentano l\u2019Academy. Per informazioni Vi invitiamo a contattare Certottica ai seguenti recapiti: formazione@certottica.it, 0437 573157, www.certottica.it.<\/p>\n<p>&nbsp;<\/p>\n<p>&nbsp;<\/p>\n<p>&nbsp;<\/p>\n<p>&nbsp;<\/p>\n<h3>COMFORT DELLE CALZATURE: A DOLOMITICERT LA CONCLUSIONE DEL PROGETTO OUTFEET<\/h3>\n<blockquote><p><em>Finanziato dal Programma Interreg V-A Italia Austria 2014-2020, lo studio ha indagato le condizioni d\u2019uso delle scarpe per diminuire le conseguenze degli incidenti<\/em><\/p><\/blockquote>\n<p><a class=\"dt-pswp-item\" href=\"http:\/\/www.radiopiu.net\/wordpress\/wp-content\/uploads\/2019\/06\/IMG_4999-1-1.jpg\" data-dt-img-description=\"\" data-large_image_width=\"1280\" data-large_image_height=\"853\"><img loading=\"lazy\" decoding=\"async\" class=\"size-medium wp-image-89020 alignleft\" src=\"http:\/\/www.radiopiu.net\/wordpress\/wp-content\/uploads\/2019\/06\/IMG_4999-1-1-300x200.jpg\" alt=\"\" width=\"300\" height=\"200\" srcset=\"https:\/\/www.radiopiu.net\/wordpress\/wp-content\/uploads\/2019\/06\/IMG_4999-1-1-300x200.jpg 300w, https:\/\/www.radiopiu.net\/wordpress\/wp-content\/uploads\/2019\/06\/IMG_4999-1-1-768x512.jpg 768w, https:\/\/www.radiopiu.net\/wordpress\/wp-content\/uploads\/2019\/06\/IMG_4999-1-1-1024x682.jpg 1024w, https:\/\/www.radiopiu.net\/wordpress\/wp-content\/uploads\/2019\/06\/IMG_4999-1-1.jpg 1280w\" sizes=\"auto, (max-width: 300px) 100vw, 300px\" \/><\/a><strong>LONGARONE<\/strong> \u00a0Un singolare piede in silicone con scheletro di alluminio \u00e8 stato al centro dell\u2019incontro finale tra i partner del progetto \u201cOUTFEET &#8211; Ergonomia delle calzature: da analisi qualitativa a metodo scientifico\u201d finanziato dal Programma Interreg V-A Italia Austria 2014-2020 (ITAT 1026 &#8211; CUP: B52C16000650004), che ha visto radunati nella sede di Dolomiticert a Longarone i partner dell\u2019Universit\u00e0 di Padova e il Technologiezentrum Ski- und Alpinsport di Innsbruck. Perch\u00e9 un piede in silicone? \u201cPer simulare in laboratorio le condizioni d\u2019uso delle calzature in ambiente esterno \u2013 ha spiegato Nicola Petrone, Professore del Dipartimento di Ingegneria Industriale dell\u2019ateneo patavino -, a far partire il progetto, infatti, \u00e8 stata la consapevolezza che benessere, comfort e sicurezza nell\u2019ambito delle scarpe da outdoor sono sempre stati parametri soggettivi, variabili a seconda delle caratteristiche individuali come sesso, peso, forma fisica. Questo per trovare una correlazione fra una valutazione soggettiva-biomeccanica di una scarpa da outdoor e le caratteristiche <a class=\"dt-pswp-item\" href=\"http:\/\/www.radiopiu.net\/wordpress\/wp-content\/uploads\/2019\/06\/IMG_4980-1.jpg\" data-dt-img-description=\"\" data-large_image_width=\"4915\" data-large_image_height=\"3277\"><img loading=\"lazy\" decoding=\"async\" class=\"size-medium wp-image-89021 alignright\" src=\"http:\/\/www.radiopiu.net\/wordpress\/wp-content\/uploads\/2019\/06\/IMG_4980-1-300x200.jpg\" alt=\"\" width=\"300\" height=\"200\" srcset=\"https:\/\/www.radiopiu.net\/wordpress\/wp-content\/uploads\/2019\/06\/IMG_4980-1-300x200.jpg 300w, https:\/\/www.radiopiu.net\/wordpress\/wp-content\/uploads\/2019\/06\/IMG_4980-1-768x512.jpg 768w, https:\/\/www.radiopiu.net\/wordpress\/wp-content\/uploads\/2019\/06\/IMG_4980-1-1024x683.jpg 1024w\" sizes=\"auto, (max-width: 300px) 100vw, 300px\" \/><\/a>ingegneristiche misurate tramite test in laboratorio, al fine di trasmettere questa nuova conoscenza ai produttori di scarpe affinch\u00e9 gli utenti abbiano un maggior livello di soddisfazione\u201d. <em>\u201dIl progetto &#8211; ha spiegato Leano Viel, Responsabile dell\u2019Area Europrogettazione di Dolomiticert, capofila del progetto &#8211; ha permesso al gruppo di lavoro di raccogliere dati di utilizzo su alcune tipologie di calzatura (per gli esperti: trail running, fast hiking e classic hiking) da parte di volontari sia in ambiente controllato all\u2019interno dei laboratori sia all\u2019aperto su terreni accidentati e di poterli confrontare con test condotti su banchi prova di laboratorio. Il denominatore comune del progetto \u00e8 stato il comfort delle calzature, studiato tramite parametri quali la rigidezza delle suole, la mobilit\u00e0 delle articolazioni e la dinamica della camminata. L\u2019abbinamento della protesi con sensori in grado di simulare temperatura e umidit\u00e0 del piede potr\u00e0 quindi fornire informazioni utili per la caratterizzazione in laboratorio dell\u2019ergonomia delle calzature\u201d. <\/em><\/p>\n<p>&nbsp;<\/p>\n<p>&nbsp;<\/p>\n<p>&nbsp;<\/p>\n<h3>\u201cFAI BRUMOTTI PER L\u2019ITALIA\u201d A BOMBAZZA ANCHE A BELLUNO<\/h3>\n<p>audio dalla rassegna stampa di RADIO PIU, MARTA PICINOTTI FAI GIOVANI-BELLUNO<\/p>\n<audio class=\"wp-audio-shortcode\" id=\"audio-89012-12\" preload=\"none\" style=\"width: 100%;\" controls=\"controls\"><source type=\"audio\/mpeg\" src=\"http:\/\/www.radiopiu.net\/wordpress\/wp-content\/uploads\/2019\/06\/bombazza.mp3?_=12\" \/><a href=\"http:\/\/www.radiopiu.net\/wordpress\/wp-content\/uploads\/2019\/06\/bombazza.mp3\">http:\/\/www.radiopiu.net\/wordpress\/wp-content\/uploads\/2019\/06\/bombazza.mp3<\/a><\/audio>\n<p>&nbsp;<\/p>\n<blockquote><p><a class=\"dt-pswp-item\" href=\"http:\/\/www.radiopiu.net\/wordpress\/wp-content\/uploads\/2019\/06\/Brumotti2019_960x960px.jpg\" data-dt-img-description=\"\" data-large_image_width=\"960\" data-large_image_height=\"960\"><img loading=\"lazy\" decoding=\"async\" class=\"wp-image-88960 alignleft\" src=\"http:\/\/www.radiopiu.net\/wordpress\/wp-content\/uploads\/2019\/06\/Brumotti2019_960x960px-300x300.jpg\" alt=\"\" width=\"209\" height=\"209\" srcset=\"https:\/\/www.radiopiu.net\/wordpress\/wp-content\/uploads\/2019\/06\/Brumotti2019_960x960px-300x300.jpg 300w, https:\/\/www.radiopiu.net\/wordpress\/wp-content\/uploads\/2019\/06\/Brumotti2019_960x960px-150x150.jpg 150w, https:\/\/www.radiopiu.net\/wordpress\/wp-content\/uploads\/2019\/06\/Brumotti2019_960x960px-768x768.jpg 768w, https:\/\/www.radiopiu.net\/wordpress\/wp-content\/uploads\/2019\/06\/Brumotti2019_960x960px.jpg 960w\" sizes=\"auto, (max-width: 209px) 100vw, 209px\" \/><\/a>IL CAMPIONE E AMBASCIATORE FAI PER LE NUOVE GENERAZIONI PER IL SECONDO ANNO CONSECUTIVO ATTRAVERSA L\u2019ITALIA pi\u00f9 BELLA IN BICI: 1.600 KM TRA SPORT, ARTE, NATURA, ECOLOGIA E SOLIDARIET\u00c0. DA CHIOGGIA A BELLUNO ARRIVO PREVISTO A BELLUNO ALLE ORE 18.00<\/p><\/blockquote>\n<p><strong>BELLUNO<\/strong> Oggi alle 18 si conclude a Belluno, la 4^ tappa di \u201cFAI Brumotti per l\u2019Italia\u201d, un viaggio in bicicletta in diretta social di 17 tappe e 1.600 km che vedr\u00e0 per il secondo anno consecutivo il campione internazionale e inviato di Striscia la notizia Vittorio Brumotti andare alla scoperta dell\u2019Italia pi\u00f9 bella. Un itinerario da Nord a Sud della Penisola, realizzato con il FAI &#8211; Fondo Ambiente Italiano di cui Brumotti \u00e8 ambasciatore per le nuove generazioni<\/p>\n<p>&nbsp;<\/p>\n<p>&nbsp;<\/p>\n<p>&nbsp;<\/p>\n<div>\n<h3>DOMANI\u00a0 LIMITAZIONE AL TRAFFICO DEI PASSI: CAMPOLONGO &#8211; PORDOI &#8211; SELLA &#8211; GARDENA<\/h3>\n<p><strong><a class=\"dt-pswp-item\" href=\"http:\/\/www.radiopiu.net\/wordpress\/wp-content\/uploads\/2019\/06\/00127\u00a9-freddy-planinschek.jpg\" data-dt-img-description=\"\" data-large_image_width=\"5760\" data-large_image_height=\"3840\"><img loading=\"lazy\" decoding=\"async\" class=\" wp-image-88603 alignleft\" src=\"http:\/\/www.radiopiu.net\/wordpress\/wp-content\/uploads\/2019\/06\/00127\u00a9-freddy-planinschek-300x200.jpg\" alt=\"\" width=\"228\" height=\"152\" srcset=\"https:\/\/www.radiopiu.net\/wordpress\/wp-content\/uploads\/2019\/06\/00127\u00a9-freddy-planinschek-300x200.jpg 300w, https:\/\/www.radiopiu.net\/wordpress\/wp-content\/uploads\/2019\/06\/00127\u00a9-freddy-planinschek-768x512.jpg 768w, https:\/\/www.radiopiu.net\/wordpress\/wp-content\/uploads\/2019\/06\/00127\u00a9-freddy-planinschek-1024x683.jpg 1024w\" sizes=\"auto, (max-width: 228px) 100vw, 228px\" \/><\/a>LIVINALLONGO\u00a0 I<\/strong>n occasione dell\u2019evento dedicato agli amanti della bicicletta:<br \/>\nSELLARONDA BIKE DAY chiusura strade come da decreto del Prefetto di Belluno\u00a0 \u00e8 dalle 8:30 alle 15:30: Tratte interessate:<\/p>\n<p>&#8211; da Arabba al Passo Pordoi SR 48 e al Passo Campolongo SP 244 sul lato del Comune di Livinallongo tra le ore 08:30 e 15:30 (Arabba, dall\u2019incrocio con il Passo Campolongo fino al Passo Pordoi).<\/p>\n<p>&#8211; Corvara &#8211; Passo Gardena e Corvara &#8211; Passo Campolongo sul lato Val Badia tra le ore 08:30 e 15:30 (dalla stazione a valle della cabinovia Bo\u00e8 \u2013 SS 243 e SS 244).<\/p>\n<p>&#8211; da Selva di Val Gardena al Passo Sella e al Passo Gardena sul lato Val Gardena tra le ore 08:30 e 15:30 (dalla Piazza Nives a Selva \u2013 SS 242). Riapertura del tratto dalla Piazza Nives a Plan alle ore 10.00.<\/p>\n<p>&#8211; da Canazei al Passo Sella e al Passo Pordoi sul lato Valle di Fassa tra le ore 08:30 e ore 15:30 (Canazei, incrocio Str\u00e8da Dolomites e Str\u00e8da de Col de Pin presso Hotel Bellevue e Ufficio Postale \u2013 SS 48 e rotatoria Str\u00e8da de Pareda e Str\u00e8da de Col de Pin).<\/p>\n<p>Ai partecipanti viene raccomandato il senso antiorario, quindi: Arabba &#8211; Passo Campolongo &#8211; Passo Gardena &#8211; Passo Sella &#8211; Passo Pordoi &#8211; Arabba<\/p>\n<\/div>\n<p>&nbsp;<\/p>\n<p>&nbsp;<\/p>\n<h3><a class=\"dt-pswp-item\" href=\"http:\/\/www.radiopiu.net\/wordpress\/wp-content\/uploads\/2018\/09\/appuntamenti.jpeg\" data-dt-img-description=\"\" data-large_image_width=\"800\" data-large_image_height=\"100\"><img loading=\"lazy\" decoding=\"async\" class=\"alignnone size-full wp-image-61958\" src=\"http:\/\/www.radiopiu.net\/wordpress\/wp-content\/uploads\/2018\/09\/appuntamenti.jpeg\" alt=\"\" width=\"800\" height=\"100\" srcset=\"https:\/\/www.radiopiu.net\/wordpress\/wp-content\/uploads\/2018\/09\/appuntamenti.jpeg 800w, https:\/\/www.radiopiu.net\/wordpress\/wp-content\/uploads\/2018\/09\/appuntamenti-300x38.jpeg 300w, https:\/\/www.radiopiu.net\/wordpress\/wp-content\/uploads\/2018\/09\/appuntamenti-768x96.jpeg 768w\" sizes=\"auto, (max-width: 800px) 100vw, 800px\" \/><\/a><\/h3>\n<blockquote>\n<h3 style=\"text-align: left;\"><a class=\"dt-pswp-item\" href=\"http:\/\/www.radiopiu.net\/wordpress\/wp-content\/uploads\/2015\/07\/CANALE-DAGORDO-13-8-2013-1.jpg\" data-dt-img-description=\"\" data-large_image_width=\"740\" data-large_image_height=\"1024\"><img loading=\"lazy\" decoding=\"async\" class=\"wp-image-7247 alignleft\" src=\"http:\/\/www.radiopiu.net\/wordpress\/wp-content\/uploads\/2015\/07\/CANALE-DAGORDO-13-8-2013-1-217x300.jpg\" alt=\"\" width=\"68\" height=\"94\" \/><\/a>SAGRA DI SAN GIOVANNI A CANALE D&#8217;AGORDO, FINE SETTIMANA TRA MUSICA, BUONA CUCINA E GLI IMMANCABILI CARFON, ASCOLTA IL PROGRAMMA DALLA PROGRAMMAZIONE DI RADIO PIU<\/h3>\n<\/blockquote>\n<p><strong>AUDIO<\/strong><\/p>\n<audio class=\"wp-audio-shortcode\" id=\"audio-89012-13\" preload=\"none\" style=\"width: 100%;\" controls=\"controls\"><source type=\"audio\/mpeg\" src=\"http:\/\/www.radiopiu.net\/wordpress\/wp-content\/uploads\/2019\/06\/spot-sagra-san-giovanni-con-musica.mp3?_=13\" \/><a href=\"http:\/\/www.radiopiu.net\/wordpress\/wp-content\/uploads\/2019\/06\/spot-sagra-san-giovanni-con-musica.mp3\">http:\/\/www.radiopiu.net\/wordpress\/wp-content\/uploads\/2019\/06\/spot-sagra-san-giovanni-con-musica.mp3<\/a><\/audio>\n<p>&nbsp;<\/p>\n<p>&nbsp;<\/p>\n<p>&nbsp;<\/p>\n<h3>Solo Cose Belle a Belluno, sold-out in tutto il Veneto<\/h3>\n<p><strong>BELLUNO<\/strong> Questa sera alle 21, anche il Vescovo Renato Marangoni sar\u00e0\u00a0 al Cinema Italia<br \/>\nper &#8220;Solo Cose Belle&#8221;, il film in grado di portare i temi dell&#8217;accoglienza e della diversit\u00e0 all&#8217;attenzione del grande pubblico, ha registrato il tutto esaurito durante le prime serate nei principali capoluoghi di provincia della Regione; per la prima proiezione a Belluno saranno presenti ad attenderlo il Vescovo Renato Marangoni, rappresentanti della produzione, ed i genitori di una vera casa famiglia della Comunit\u00e0 Papa Giovanni XXIII. Proprio all&#8217;interno di una di queste case, nel riminese, il film \u00e8 ambientato.\u00a0 Appuntamento venerd\u00ec 21 giugno alle ore 21 al Cinema Italia (si consiglia la prenotazione).<\/p>\n<p>&nbsp;<\/p>\n<p>&nbsp;<\/p>\n<h3>\u00a0L&#8217;UOMO E IL SUO MONDO, IL 28 TERRA E VITA<\/h3>\n<p><a class=\"dt-pswp-item\" href=\"http:\/\/www.radiopiu.net\/wordpress\/wp-content\/uploads\/2019\/06\/ANIMA-MUNDI-2019-1_page-0001.jpg\" data-dt-img-description=\"\" data-large_image_width=\"1754\" data-large_image_height=\"2481\"><img loading=\"lazy\" decoding=\"async\" class=\" wp-image-88842 alignleft\" src=\"http:\/\/www.radiopiu.net\/wordpress\/wp-content\/uploads\/2019\/06\/ANIMA-MUNDI-2019-1_page-0001-212x300.jpg\" alt=\"\" width=\"123\" height=\"174\" srcset=\"https:\/\/www.radiopiu.net\/wordpress\/wp-content\/uploads\/2019\/06\/ANIMA-MUNDI-2019-1_page-0001-212x300.jpg 212w, https:\/\/www.radiopiu.net\/wordpress\/wp-content\/uploads\/2019\/06\/ANIMA-MUNDI-2019-1_page-0001-768x1086.jpg 768w, https:\/\/www.radiopiu.net\/wordpress\/wp-content\/uploads\/2019\/06\/ANIMA-MUNDI-2019-1_page-0001-724x1024.jpg 724w, https:\/\/www.radiopiu.net\/wordpress\/wp-content\/uploads\/2019\/06\/ANIMA-MUNDI-2019-1_page-0001.jpg 1754w\" sizes=\"auto, (max-width: 123px) 100vw, 123px\" \/><\/a> Due appuntamenti a Villa Patt, questa sea alle 21 nel giardino oppure all&#8217;interno del salone di Villa Patt in caso di pioggia,\u00a0 con ingresso gratuito,\u00a0 verr\u00e0 presentato &#8220;L&#8217;uomo e il suo mondo&#8221;,\u00a0 la settimana successiva &#8220;Terra e vita&#8221;. Tutto questo nell&#8217;ambito di Anima Mundi, racconti fotografici artistici in multivisione. Autori Autori: Ariondo Schiocchet, Carlo De Agnoi, Danilo Breda, Dario Tonet, Fernando Bordin, Giuseppe Fedato, Pier Paolo Mazzon e Sonia Fattori, Renzo Pegoraro, Sandra Caldart e Daniele De Biasio, Vittorio Bridda<\/p>\n<p>&nbsp;<\/p>\n<p>&nbsp;<\/p>\n<h3>DOMENICA LA FESTA SOLIDALE DI INSIEME SI PUO&#8217;<\/h3>\n<p><strong>MEL<\/strong> Domenica alle 12 festa solidale d&#8217;estae del gruppo Mafalda con grigliata mista, animazione, giochi per grandi e piccini, lotteria. Al campo sportivo VenaStadio di Valmaor. Le offerte saranno destinate ai sostegni a distanza per bambini (Sad), prenotazione entro giovedi al 3383328688<\/p>\n<p>&nbsp;<\/p>\n<p>&nbsp;<\/p>\n<h3>Il libro di Miana sar\u00e0 presentato la mattina del 29<\/h3>\n<p><strong> AGORDO.<\/strong> &#8220;Tu non sai&#8221; \u00e8 il titolo del libro di Cherubino Miana che verr\u00e0 presentato sabato 29 giugno alle 11 in sala &#8220;don Tamis&#8221; ad Agordo. Si tratta di un volume che raccoglie poesie e racconti di Miana (gi\u00e0 vicesindaco di Voltago dal 2004 al 2009 e presidente dell&#8217;Associazione dei periti minerari), morto nel 2015 dopo una lunga malattia. Il ricavato della vendita sar\u00e0 devoluto all&#8217;associazione Pettirosso Agordino.<\/p>\n<p>&nbsp;<\/p>\n<p>&nbsp;<\/p>\n<p><a class=\"dt-pswp-item\" href=\"http:\/\/www.radiopiu.net\/wordpress\/wp-content\/uploads\/2018\/09\/viabilita.jpeg\" data-dt-img-description=\"\" data-large_image_width=\"800\" data-large_image_height=\"100\"><img loading=\"lazy\" decoding=\"async\" class=\"alignnone size-full wp-image-61954\" src=\"http:\/\/www.radiopiu.net\/wordpress\/wp-content\/uploads\/2018\/09\/viabilita.jpeg\" alt=\"\" width=\"800\" height=\"100\" srcset=\"https:\/\/www.radiopiu.net\/wordpress\/wp-content\/uploads\/2018\/09\/viabilita.jpeg 800w, https:\/\/www.radiopiu.net\/wordpress\/wp-content\/uploads\/2018\/09\/viabilita-300x38.jpeg 300w, https:\/\/www.radiopiu.net\/wordpress\/wp-content\/uploads\/2018\/09\/viabilita-768x96.jpeg 768w\" sizes=\"auto, (max-width: 800px) 100vw, 800px\" \/><\/a><\/p>\n<p>&nbsp;<\/p>\n<p><strong>GOSALDO<\/strong> dal 24 al 28 giugno, dalle 8 alle 12 e dalle 13 alle 17.30 interdizione totale al traffico in localit\u00e0 Tiser per lavori di scavo posa cavi.<\/p>\n<p><strong>LA VALLE\u00a0 <\/strong>Fino\u00a031 luglio (festivi e prefestivi esclusi) senso unico a seconda delle esigenze con semaforo o movieri lungo la regionale 203 agordina in localit\u00e0 La Muda<\/p>\n<p><strong>REGIONALE 203 AGORDINA<\/strong> Fino al 28 giugno sabato e domenica escluso, senso unico alternato tra Alleghe e Caprile.<\/p>\n<p><strong>PROVINCIALE 563 DI SALESEI<\/strong> Fino al 28 giugno esclusi giorni festivi e prefestivi senso unico alternato tra Caprile e Saviner<\/p>\n<p><strong>PROVINCIALE 8 DI SAN TOMASO<\/strong> Fino\u00a0 al 28 giugno (esclusi festivi e prefestivi) senso unico alternato tra Pian Molin e Roi<\/p>\n<p><strong>PROVINCIALE 563 DI SALESEI <\/strong>Fino al 19 luglio\u00a0 In localit\u00e0 Sopracordevole in Comune di Rocca Pietore senso unico alternato con semaforo o movieri e divieto di transito ai mezzi con massa superiore a 7,5 tonellate.<\/p>\n<p>&nbsp;<\/p>\n<p>&nbsp;<\/p>\n<h2>GLI SPECIALI DI RADIO PIU<\/h2>\n<p>DI RENATO BONA<\/p>\n<blockquote class=\"wp-embedded-content\" data-secret=\"vWe5SEKN2p\"><p><a href=\"http:\/\/www.radiopiu.net\/wordpress\/ottantanni-dalla-tragedia-di-izourt-in-terra-francese\/\">OTTANT\u2019ANNI DALLA TRAGEDIA DI IZOURT IN TERRA FRANCESE<\/a><\/p><\/blockquote>\n<p><iframe loading=\"lazy\" class=\"wp-embedded-content\" sandbox=\"allow-scripts\" security=\"restricted\" style=\"position: absolute; clip: rect(1px, 1px, 1px, 1px);\" src=\"http:\/\/www.radiopiu.net\/wordpress\/ottantanni-dalla-tragedia-di-izourt-in-terra-francese\/embed\/#?secret=vWe5SEKN2p\" data-secret=\"vWe5SEKN2p\" width=\"600\" height=\"338\" title=\"&#8220;OTTANT\u2019ANNI DALLA TRAGEDIA DI IZOURT IN TERRA FRANCESE&#8221; &#8212; Radio Pi\u00f9\" frameborder=\"0\" marginwidth=\"0\" marginheight=\"0\" scrolling=\"no\"><\/iframe><\/p>\n<p>&nbsp;<\/p>\n<p>&nbsp;<\/p>\n<h2><img loading=\"lazy\" decoding=\"async\" class=\"wp-image-60761 aligncenter\" src=\"http:\/\/www.radiopiu.net\/wordpress\/wp-content\/uploads\/2018\/09\/sport.jpg\" alt=\"\" width=\"992\" height=\"124\" srcset=\"https:\/\/www.radiopiu.net\/wordpress\/wp-content\/uploads\/2018\/09\/sport.jpg 800w, https:\/\/www.radiopiu.net\/wordpress\/wp-content\/uploads\/2018\/09\/sport-300x38.jpg 300w, https:\/\/www.radiopiu.net\/wordpress\/wp-content\/uploads\/2018\/09\/sport-768x96.jpg 768w\" sizes=\"auto, (max-width: 992px) 100vw, 992px\" \/><\/h2>\n<p>&nbsp;<\/p>\n<p>&nbsp;<\/p>\n<h2>RITORNA LA SU E DO PER I COI A LA VALLE<\/h2>\n<p>di MARCO GAZ<\/p>\n<p><a class=\"dt-pswp-item\" href=\"http:\/\/www.radiopiu.net\/wordpress\/wp-content\/uploads\/2019\/06\/Locandina-su-e-do-per-i-coi.jpg\" data-dt-img-description=\"\" data-large_image_width=\"1239\" data-large_image_height=\"1754\"><img loading=\"lazy\" decoding=\"async\" class=\" wp-image-89063 alignleft\" src=\"http:\/\/www.radiopiu.net\/wordpress\/wp-content\/uploads\/2019\/06\/Locandina-su-e-do-per-i-coi-212x300.jpg\" alt=\"\" width=\"143\" height=\"202\" srcset=\"https:\/\/www.radiopiu.net\/wordpress\/wp-content\/uploads\/2019\/06\/Locandina-su-e-do-per-i-coi-212x300.jpg 212w, https:\/\/www.radiopiu.net\/wordpress\/wp-content\/uploads\/2019\/06\/Locandina-su-e-do-per-i-coi-768x1087.jpg 768w, https:\/\/www.radiopiu.net\/wordpress\/wp-content\/uploads\/2019\/06\/Locandina-su-e-do-per-i-coi-723x1024.jpg 723w, https:\/\/www.radiopiu.net\/wordpress\/wp-content\/uploads\/2019\/06\/Locandina-su-e-do-per-i-coi.jpg 1239w\" sizes=\"auto, (max-width: 143px) 100vw, 143px\" \/><\/a>Era in programma il 28 aprile ma \u00e8 stata rinviata a causa del maltempo. Si correr\u00e0 domani a La Valle Agordina la riedizione della \u201cSu e do per i coi\u201d 3\u00b0 Memorial Flavio De Cassai, la famosa gara non competitiva degli anni &#8217;80 organizzata dallo Sci Club La Valle Agordina. 8 km su percorso sterrato dislocato tra i colli lavallesi. La gara inizier\u00e0 alle ore 18 dagli impianti sportivi di La Valle. 6 le categorie in cui si potranno cimentare gli atleti. Under 20 maschile e femminile, 20\/50 maschile e femminile e la over 50 maschile e femminile. Iscrizioni dalle ore 16 presso la partenza o sul sito www.sciclublavalleagordina.com<\/p>\n<p>L&#8217;INVITO DI MORRIS DE ZAIACOMO, UNO DEGLI ORGANIZZATORI<\/p>\n<audio class=\"wp-audio-shortcode\" id=\"audio-89012-14\" preload=\"none\" style=\"width: 100%;\" controls=\"controls\"><source type=\"audio\/mpeg\" src=\"http:\/\/www.radiopiu.net\/wordpress\/wp-content\/uploads\/2019\/06\/MORRIS-DE-ZAIACOMO-SU-E-DO-PER-I-COI.mp3?_=14\" \/><a href=\"http:\/\/www.radiopiu.net\/wordpress\/wp-content\/uploads\/2019\/06\/MORRIS-DE-ZAIACOMO-SU-E-DO-PER-I-COI.mp3\">http:\/\/www.radiopiu.net\/wordpress\/wp-content\/uploads\/2019\/06\/MORRIS-DE-ZAIACOMO-SU-E-DO-PER-I-COI.mp3<\/a><\/audio>\n<p>&nbsp;<\/p>\n<p>&nbsp;<\/p>\n<p>&nbsp;<\/p>\n<h3 class=\"null\"><strong>SU IL SIPARIO SUL 20\u00b0 TORNEO INTERNAZIONALE DI DOMEGGE, APRE GERMANIA-GRECIA. IL CLOU SARA&#8217;\u00a0ITALIA-SLOVENIA<\/strong><\/h3>\n<h3 class=\"null\"><strong>Prima giornata per il\u00a0Memorial &#8220;De Silvestro-Meneghin&#8221;. 3 giorni di sfide avvincenti a\u00a0Domegge di Cadore (BL) fino a domenica 23 giugno. Alle 18.00 la prima palla a due\u00a0mentre alle 20.30 sar\u00e0 il turno dell&#8217;Italia di coach Capobianco.\u00a0<\/strong><\/h3>\n<p><strong>DOMEGGE<\/strong>&#8211; Attesa finita. Comincia il weekend di grande basket internazionale in Cadore con la <strong>20^ edizione del Torneo per Nazionali Under 20<\/strong> di basket maschile\u00a0\u201cMemorial Vigilio <strong>De Silvestro<\/strong> \u2013 Trofeo Bepi <strong>Meneghin<\/strong>\u201d. La kermesse si svolger\u00e0 al Pala Cian Toma di Domegge di Cadore\u00a0 con ingresso completamente gratuito. 2 match per ognuna delle 3 giornate totali di partite. Il Torneo sar\u00e0 aperto OGGI 18 da <strong>Germania-Grecia<\/strong>. Alle <strong>20.30 <\/strong>l&#8217;esordio degli azzurrini contro la <strong>Slovenia<\/strong>.<\/p>\n<p>&nbsp;<\/p>\n<p>&nbsp;<\/p>\n<p>&nbsp;<\/p>\n<p><a class=\"dt-pswp-item\" href=\"http:\/\/www.radiopiu.net\/wordpress\/wp-content\/uploads\/2018\/09\/WhatsApp-Image-2018-09-20-at-16.04.06.jpeg\" data-dt-img-description=\"\" data-large_image_width=\"800\" data-large_image_height=\"100\"><img loading=\"lazy\" decoding=\"async\" class=\"wp-image-61378 size-full alignnone\" src=\"http:\/\/www.radiopiu.net\/wordpress\/wp-content\/uploads\/2018\/09\/WhatsApp-Image-2018-09-20-at-16.04.06.jpeg\" alt=\"\" width=\"800\" height=\"100\" srcset=\"https:\/\/www.radiopiu.net\/wordpress\/wp-content\/uploads\/2018\/09\/WhatsApp-Image-2018-09-20-at-16.04.06.jpeg 800w, https:\/\/www.radiopiu.net\/wordpress\/wp-content\/uploads\/2018\/09\/WhatsApp-Image-2018-09-20-at-16.04.06-300x38.jpeg 300w, https:\/\/www.radiopiu.net\/wordpress\/wp-content\/uploads\/2018\/09\/WhatsApp-Image-2018-09-20-at-16.04.06-768x96.jpeg 768w\" sizes=\"auto, (max-width: 800px) 100vw, 800px\" \/><\/a><\/p>\n<p>&nbsp;<\/p>\n<p><b>Venerdi 21<\/b> <b>Tempo atteso: <\/b>Tempo ancora instabile, con schiarite mattutine anche ampie, ma con maggiore sviluppo di cumuli diurni, gi\u00e0 entro il mezzogiorno, e probabili fenomeni di instabilit\u00e0 pomeridiani e serali. Clima sempre caldo con valori ancora superiori alla norma del periodo.<br \/>\n<b>Precipitazioni: <\/b>Fino a met\u00e0 mattina assenti (0\/10%); dalle ore centrali e al pomeriggio\/sera possibili rovesci e temporali sparsi (60\/70%), sempre maggiormente probabili sulle Dolomiti, possibili anche in tarda serata.<br \/>\n<b>Temperature: <\/b>Senza variazioni significative. Su Prealpi a 1500 m min 13\u00b0C max 16\u00b0C, a 2000 m min 9\u00b0C max 13\u00b0C. Su Dolomiti a 2000 m min 8\u00b0C max 14\u00b0C, a 3000 m min 3\u00b0C max 5\u00b0C.<br \/>\n<b>Venti: <\/b>Nelle valli deboli\/moderati a regime di brezza; in quota da deboli a moderati da Sud-Ovest, a 5-15 km\/h a 2000 m, 15-25 km\/h a 3000 m.<\/p>\n<hr \/>\n<p><b>Sabato 22<\/b> <b>Tempo atteso: <\/b>Episodio di maggiore instabilit\u00e0, con nuvolosit\u00e0 anche intensa, pur se alternata a qualche schiarita, e fenomeni di instabilit\u00e0 maggiormente diffusi dei giorni precedenti. Clima diurno pi\u00f9 fresco in funzione del ridotto soleggiamento e della frequenza delle precipitazioni.<br \/>\n<b>Precipitazioni: <\/b>Nella notte possibile inizio di rovesci locali (20\/40%); tra la mattina e il pomeriggio rovesci e temporali frequenti (60\/80%), anche se a tratti discontinui. Al tardo pomeriggio\/sera attenuazione dei fenomeni fino a cessazione in serata\/notte.<br \/>\n<b>Temperature: <\/b>Minime senza notevoli variazioni nelle valli, in calo in alta quota dove saranno registrate alla sera. Massime in calo, anche sensibile nelle valli. Su Prealpi a 1500 m min 11\u00b0C max 14\u00b0C, a 2000 m min 7\u00b0C max 11\u00b0C. Su Dolomiti a 2000 m min 7\u00b0C max 11\u00b0C, a 3000 m min 2\u00b0C max 4\u00b0C.<br \/>\n<b>Venti: <\/b>Nelle valli deboli con possibili raffiche temporalesche; in quota deboli\/moderati in rotazione da Sud a Nord, a 5-15 km\/h a 2000 m, 10-25 km\/h a 3000 m.<\/p>\n<hr \/>\n<p><b>Domenica 23<\/b>Tempo variabile, tendente a divenire moderatamente instabile al pomeriggio, specie in caso di ampie schiarite mattutine, con possibili rovesci sparsi e isolati temporali. Clima mattutino pi\u00f9 fresco, nuovamente caldo con valori nuovamente superiori alla media del periodo di giorno.<\/p>\n<hr \/>\n<p><b>Lunedi 24<\/b>Tempo in prevalenza soleggiato e stabile, con possibili banchi di nubi basse al primo mattino, ampie schiarite in giornata e modesto sviluppo di cumuli diurni, con rischio molto basso di fenomeni. Forte rialzo termico con valori marcatamente superiori alle medie del periodo. Previsore: G.M.<\/p>\n","protected":false},"excerpt":{"rendered":"<p>Francesco Ascolese \u00e8 morto colto da infarto mentre lavorava con la squadra per gli scavi delle condotte del gas a Valle di Cadore, vano il trasferimento in elicottero. L&#8217;uomo, 54 anni di Mercato San Severino nel Salernitano lavorava\u00a0 con\u00a0 un&#8217;azienda avellinese che ha un subappalto i lavori di scavo degli allacci di gas per Bim&hellip;<\/p>\n","protected":false},"author":1,"featured_media":89086,"comment_status":"closed","ping_status":"closed","sticky":false,"template":"","format":"standard","meta":{"_monsterinsights_skip_tracking":false,"_monsterinsights_sitenote_active":false,"_monsterinsights_sitenote_note":"","_monsterinsights_sitenote_category":0,"footnotes":""},"categories":[86],"tags":[],"class_list":["post-89012","post","type-post","status-publish","format-standard","has-post-thumbnail","hentry","category-gr","category-86","description-off"],"img_url":"https:\/\/www.radiopiu.net\/wordpress\/wp-content\/uploads\/2019\/06\/b94ac9f2-d420-4788-af9a-7f09e5cee7c6.jpg","_links":{"self":[{"href":"https:\/\/www.radiopiu.net\/wordpress\/wp-json\/wp\/v2\/posts\/89012","targetHints":{"allow":["GET"]}}],"collection":[{"href":"https:\/\/www.radiopiu.net\/wordpress\/wp-json\/wp\/v2\/posts"}],"about":[{"href":"https:\/\/www.radiopiu.net\/wordpress\/wp-json\/wp\/v2\/types\/post"}],"author":[{"embeddable":true,"href":"https:\/\/www.radiopiu.net\/wordpress\/wp-json\/wp\/v2\/users\/1"}],"replies":[{"embeddable":true,"href":"https:\/\/www.radiopiu.net\/wordpress\/wp-json\/wp\/v2\/comments?post=89012"}],"version-history":[{"count":0,"href":"https:\/\/www.radiopiu.net\/wordpress\/wp-json\/wp\/v2\/posts\/89012\/revisions"}],"wp:featuredmedia":[{"embeddable":true,"href":"https:\/\/www.radiopiu.net\/wordpress\/wp-json\/wp\/v2\/media\/89086"}],"wp:attachment":[{"href":"https:\/\/www.radiopiu.net\/wordpress\/wp-json\/wp\/v2\/media?parent=89012"}],"wp:term":[{"taxonomy":"category","embeddable":true,"href":"https:\/\/www.radiopiu.net\/wordpress\/wp-json\/wp\/v2\/categories?post=89012"},{"taxonomy":"post_tag","embeddable":true,"href":"https:\/\/www.radiopiu.net\/wordpress\/wp-json\/wp\/v2\/tags?post=89012"}],"curies":[{"name":"wp","href":"https:\/\/api.w.org\/{rel}","templated":true}]}}