{"id":89043,"date":"2019-06-21T05:00:08","date_gmt":"2019-06-21T03:00:08","guid":{"rendered":"http:\/\/www.radiopiu.net\/wordpress\/?p=89043"},"modified":"2019-06-21T05:37:41","modified_gmt":"2019-06-21T03:37:41","slug":"ottantanni-dalla-tragedia-di-izourt-in-terra-francese","status":"publish","type":"post","link":"https:\/\/www.radiopiu.net\/wordpress\/ottantanni-dalla-tragedia-di-izourt-in-terra-francese\/","title":{"rendered":"OTTANT\u2019ANNI DALLA TRAGEDIA DI IZOURT IN TERRA FRANCESE"},"content":{"rendered":"<p>di Renato Bona<\/p>\n<div class=\"_4tdt _ua1\">\n<div class=\"_ua2\">\n<div class=\"_4tdv\">\n<div class=\"_5wd4 _1nc7\">\n<div class=\"._1dlq _h8t\">\n<div class=\"_5wd9 direction_ltr clearfix\">\n<div class=\"_1e-x _n4o\">\n<div class=\"_3_bl\">\n<div class=\"_5w1r _3_om _5wdf\">\n<div class=\"_4gx_\">\n<blockquote>\n<div class=\"_1aa6\"><span class=\"_5yl5\"><em>\u00a0Trentuno vittime di cui 29 italiani (4 i bellunesi) per una slavina che si abbatt\u00e9 sul cantiere della imponente diga<\/em> <\/span><\/div>\n<\/blockquote>\n<div><\/div>\n<div class=\"_1aa6\"><span class=\"_5yl5\">Sabato 22 e domenica 23 viene solennemente celebrato l\u2019ottantesimo anniversario di quella che \u00e8 passata alla storia come \u201cTragedia di Izourt\u201d vale a dire la tempesta di neve che, imperversando il 24 marzo dwl 1939 sul cantiere allestito per la costruzione della diga nella valle del Vicdessos, territorio del comune francese di Auzat, provoc\u00f2 la morte di 31 operai ventinove dei quali erano italiani. Il tributo bellunese a quest\u2019ennesima sciagura fu di 4 vittime: Remigio Ferigo di Sedico, Giuseppe Martini di Vigo di Cadore, Primo Mondin di Quero e Lucindo Paniz di Santa Giustina. E\u2019 in virt\u00f9 della determinazione unitaria dei componenti l\u2019associazione \u201cSouviens-toi d\u2019Yzourt-Ricordate\u201d che \u00e8 stato deciso &#8211; lo annuncia nel proprio sito telematico l\u2019associazione Bellunesi nel Mondo, presieduta da Oscar De Bona &#8211; che \u00e8 stato deciso di \u201crendere un solenne omaggio a coloro che rischiando le proprie vite, hanno contribuito alla produzione idroelettrica della valle\u201d. Aggiungendo: \u201cCon la partecipazione dell\u2019Alliance Franco-Italienne de Midi-Pyr\u00e9n\u00e9es si \u00e8 voluto mettere in opera le condizioni necessarie affinch\u00e9 questa tragedia non sia mai dimenticata e questo dovere della memoria apra le porte di un\u2019autentica amicizia franco-italiana fra le reciproche regioni\u201d. Dalla provincia di Belluno una comitiva del comune di Quero \u2013 Vas, interverr\u00e0 con la \u201cCorale Stramare\u201d, mentre la Bellunesi nel Mondo sar\u00e0 presente con il vice presidente Rino Budel ed i consiglieri Luisa Carniel e Massimo Tegner. Il programma delle iniziative contempla per sabato 22 giugno la deposizione di un mazzo di fiori e la solenne celebrazione di commemorazione sul luogo della tragedia, accompagnata dalle esecuzioni di complessi corali italiani; a seguire il pranzo a Vicdessos e, nel pomeriggio, la partecipazione alla messa nella chiesa di Auzat; dopo la cena partecipazione alla festa di San Giovanni che proseguir\u00e0 l\u2019indomani, domenica 23. Viene sottolineato che proprio in occasione della commemorazione saranno inaugurate a Vicdessos mostre fotografiche relative alla tragedia, alla storia della societ\u00e0 di Mutuo Soccorso San Giovanni Battista e alla retrospettiva della vita nella vallata un secolo fa. Sul sito \u201cbronsescoerte.blogspot\u201d Lino Bonifaci ha postato, assieme ad una serie di immagini d\u2019epoca, una ricostruzione dell\u2019evento, che di seguito sintetizziamo. \u201cNella vallata sui Pirenei, cantone francese dell\u2019Ari\u00e8ge , tra i paesi di Vicdessos e Auzat, al confine con il piccolo stato di Andorra, la societ\u00e0 elettrica francese fece costruire la grande diga dell\u2019Izourt a quota 1645 per sbarrare il percorso all\u2019impetuoso Rau d\u2019Arti\u00e9\u00e8s, la cui sorgente sgorga a 2419 proprio sotto il Pic de Tristagne che misura 2878 metri. La maestosa diga d\u00e0 origine ad un lago artificiale che contiene 7,25 milioni di metri cubi d\u2019acqua\u2026 Agli operai francesi e italiani il compito di costruire la diga, la grande centrale idroelettrica, la lunga rete di tubazioni che in molti tratti corre in apposite gallerie scavate nella roccia\u2026 I lavori durarono all\u2019incirca tre anni, tra il 1938 ed il 1940. Nei cinque cantieri lavoravano: 180 operai francesi, 107 italiani, 39 spagnoli, 18 di Andorra, 2 polacchi, uno svizzero e uno slavo. Il 23 marzo 1939 i lavori furono sospesi perch\u00e8 una tempesta di neve si abbatt\u00e8 sulla zona costringendo gli operai a rifugiarsi nelle baracche costruite poco distanti dalla diga\u2026 Per tutta la notte la bufera impervers\u00f2 tanto che il mattino seguente l\u2019altezza della neve era di oltre due metri\u2026 una slavina si stacc\u00f2 dalle propaggini della montagna e si abbatt\u00e8 sulle baracche alcune delle quali sommerse da oltre dieci metri di neve.. . Le prime vittime iniziarono ad essere trovate gi\u00e0 nella mattinata del 24\u2026 Cinque persone estratte ancora vive ma in gravissime condizioni furono trasportate all\u2019ospedaletto di Pradi\u00e8res poi. altri morti trovati distesi nei letti\u2026\u201d. <\/span><\/div>\n<div class=\"_1aa6\"><span class=\"_5yl5\">NELLE FOTO (Google e Lino Bonifaci per bronsescoerte.blogspot): la diga; il cantiere; momenti della tragedia che provoc\u00f2 31 vittime in terra francese di cui 29 italiani compresi 4 bellunesi.<\/span><\/div>\n<div>\n\n\t\t\t<style type='text\/css'>\n\t\t\t\t#gallery-1 {\n\t\t\t\t\tmargin: auto;\n\t\t\t\t}\n\t\t\t\t#gallery-1 .gallery-item {\n\t\t\t\t\tfloat: left;\n\t\t\t\t\tmargin-top: 10px;\n\t\t\t\t\ttext-align: center;\n\t\t\t\t\twidth: 33%;\n\t\t\t\t}\n\t\t\t\t#gallery-1 img {\n\t\t\t\t\tborder: 2px solid #cfcfcf;\n\t\t\t\t}\n\t\t\t\t#gallery-1 .gallery-caption {\n\t\t\t\t\tmargin-left: 0;\n\t\t\t\t}\n\t\t\t\t\/* see gallery_shortcode() in wp-includes\/media.php *\/\n\t\t\t<\/style>\n\t\t<div id='gallery-1' class='dt-gallery-container gallery galleryid-89043 gallery-columns-3 gallery-size-thumbnail'><dl class='gallery-item'>\n\t\t\t\t<dt class='gallery-icon landscape'>\n\t\t\t\t\t<a class=\"rollover\" href='https:\/\/www.radiopiu.net\/wordpress\/ottantanni-dalla-tragedia-di-izourt-in-terra-francese\/65046971_421982398650487_8036443530954014720_n\/'><img loading=\"lazy\" decoding=\"async\" width=\"150\" height=\"115\" src=\"https:\/\/www.radiopiu.net\/wordpress\/wp-content\/uploads\/2019\/06\/65046971_421982398650487_8036443530954014720_n-150x115.png\" class=\"attachment-thumbnail size-thumbnail\" alt=\"\" \/><\/a>\n\t\t\t\t<\/dt><\/dl><dl class='gallery-item'>\n\t\t\t\t<dt class='gallery-icon landscape'>\n\t\t\t\t\t<a class=\"rollover\" href='https:\/\/www.radiopiu.net\/wordpress\/ottantanni-dalla-tragedia-di-izourt-in-terra-francese\/65027789_701628280282230_5343310641916542976_n\/'><img loading=\"lazy\" decoding=\"async\" width=\"150\" height=\"150\" src=\"https:\/\/www.radiopiu.net\/wordpress\/wp-content\/uploads\/2019\/06\/65027789_701628280282230_5343310641916542976_n-150x150.png\" class=\"attachment-thumbnail size-thumbnail\" alt=\"\" \/><\/a>\n\t\t\t\t<\/dt><\/dl><dl class='gallery-item'>\n\t\t\t\t<dt class='gallery-icon portrait'>\n\t\t\t\t\t<a class=\"rollover\" href='https:\/\/www.radiopiu.net\/wordpress\/ottantanni-dalla-tragedia-di-izourt-in-terra-francese\/64935126_2334668806802473_7255799758520844288_n\/'><img loading=\"lazy\" decoding=\"async\" width=\"90\" height=\"126\" src=\"https:\/\/www.radiopiu.net\/wordpress\/wp-content\/uploads\/2019\/06\/64935126_2334668806802473_7255799758520844288_n.png\" class=\"attachment-thumbnail size-thumbnail\" alt=\"\" \/><\/a>\n\t\t\t\t<\/dt><\/dl><br style=\"clear: both\" \/><dl class='gallery-item'>\n\t\t\t\t<dt class='gallery-icon portrait'>\n\t\t\t\t\t<a class=\"rollover\" href='https:\/\/www.radiopiu.net\/wordpress\/ottantanni-dalla-tragedia-di-izourt-in-terra-francese\/64896830_1098970370286216_2958346926291943424_n\/'><img loading=\"lazy\" decoding=\"async\" width=\"150\" height=\"150\" src=\"https:\/\/www.radiopiu.net\/wordpress\/wp-content\/uploads\/2019\/06\/64896830_1098970370286216_2958346926291943424_n-150x150.png\" class=\"attachment-thumbnail size-thumbnail\" alt=\"\" \/><\/a>\n\t\t\t\t<\/dt><\/dl><dl class='gallery-item'>\n\t\t\t\t<dt class='gallery-icon landscape'>\n\t\t\t\t\t<a class=\"rollover\" href='https:\/\/www.radiopiu.net\/wordpress\/ottantanni-dalla-tragedia-di-izourt-in-terra-francese\/64782323_2339597036314886_5077220057671532544_n\/'><img loading=\"lazy\" decoding=\"async\" width=\"150\" height=\"150\" src=\"https:\/\/www.radiopiu.net\/wordpress\/wp-content\/uploads\/2019\/06\/64782323_2339597036314886_5077220057671532544_n-150x150.png\" class=\"attachment-thumbnail size-thumbnail\" alt=\"\" \/><\/a>\n\t\t\t\t<\/dt><\/dl><dl class='gallery-item'>\n\t\t\t\t<dt class='gallery-icon landscape'>\n\t\t\t\t\t<a class=\"rollover\" href='https:\/\/www.radiopiu.net\/wordpress\/ottantanni-dalla-tragedia-di-izourt-in-terra-francese\/64707599_2336753839696474_2524784211282362368_n\/'><img loading=\"lazy\" decoding=\"async\" width=\"150\" height=\"150\" src=\"https:\/\/www.radiopiu.net\/wordpress\/wp-content\/uploads\/2019\/06\/64707599_2336753839696474_2524784211282362368_n-150x150.png\" class=\"attachment-thumbnail size-thumbnail\" alt=\"\" \/><\/a>\n\t\t\t\t<\/dt><\/dl><br style=\"clear: both\" \/>\n\t\t\t<\/div>\n\n<\/div>\n<\/div>\n<\/div>\n<\/div>\n<\/div>\n<\/div>\n<\/div>\n<\/div>\n<\/div>\n<\/div>\n<\/div>\n","protected":false},"excerpt":{"rendered":"<p>di Renato Bona \u00a0Trentuno vittime di cui 29 italiani (4 i bellunesi) per una slavina che si abbatt\u00e9 sul cantiere della imponente diga Sabato 22 e domenica 23 viene solennemente celebrato l\u2019ottantesimo anniversario di quella che \u00e8 passata alla storia come \u201cTragedia di Izourt\u201d vale a dire la tempesta di neve che, imperversando il 24&hellip;<\/p>\n","protected":false},"author":1,"featured_media":89046,"comment_status":"closed","ping_status":"closed","sticky":false,"template":"","format":"standard","meta":{"_monsterinsights_skip_tracking":false,"_monsterinsights_sitenote_active":false,"_monsterinsights_sitenote_note":"","_monsterinsights_sitenote_category":0,"footnotes":""},"categories":[1,49],"tags":[],"class_list":["post-89043","post","type-post","status-publish","format-standard","has-post-thumbnail","hentry","category-senza-categoria","category-news-18","category-1","category-49","description-off"],"img_url":"https:\/\/www.radiopiu.net\/wordpress\/wp-content\/uploads\/2019\/06\/64896830_1098970370286216_2958346926291943424_n.png","_links":{"self":[{"href":"https:\/\/www.radiopiu.net\/wordpress\/wp-json\/wp\/v2\/posts\/89043","targetHints":{"allow":["GET"]}}],"collection":[{"href":"https:\/\/www.radiopiu.net\/wordpress\/wp-json\/wp\/v2\/posts"}],"about":[{"href":"https:\/\/www.radiopiu.net\/wordpress\/wp-json\/wp\/v2\/types\/post"}],"author":[{"embeddable":true,"href":"https:\/\/www.radiopiu.net\/wordpress\/wp-json\/wp\/v2\/users\/1"}],"replies":[{"embeddable":true,"href":"https:\/\/www.radiopiu.net\/wordpress\/wp-json\/wp\/v2\/comments?post=89043"}],"version-history":[{"count":0,"href":"https:\/\/www.radiopiu.net\/wordpress\/wp-json\/wp\/v2\/posts\/89043\/revisions"}],"wp:featuredmedia":[{"embeddable":true,"href":"https:\/\/www.radiopiu.net\/wordpress\/wp-json\/wp\/v2\/media\/89046"}],"wp:attachment":[{"href":"https:\/\/www.radiopiu.net\/wordpress\/wp-json\/wp\/v2\/media?parent=89043"}],"wp:term":[{"taxonomy":"category","embeddable":true,"href":"https:\/\/www.radiopiu.net\/wordpress\/wp-json\/wp\/v2\/categories?post=89043"},{"taxonomy":"post_tag","embeddable":true,"href":"https:\/\/www.radiopiu.net\/wordpress\/wp-json\/wp\/v2\/tags?post=89043"}],"curies":[{"name":"wp","href":"https:\/\/api.w.org\/{rel}","templated":true}]}}