{"id":89105,"date":"2019-06-21T08:25:59","date_gmt":"2019-06-21T06:25:59","guid":{"rendered":"http:\/\/www.radiopiu.net\/wordpress\/?p=89105"},"modified":"2019-06-21T17:46:51","modified_gmt":"2019-06-21T15:46:51","slug":"luxottica-ecco-il-contratto-integrativo","status":"publish","type":"post","link":"https:\/\/www.radiopiu.net\/wordpress\/luxottica-ecco-il-contratto-integrativo\/","title":{"rendered":"LUXOTTICA: ECCO IL CONTRATTO INTEGRATIVO"},"content":{"rendered":"<h3><a class=\"dt-pswp-item\" href=\"http:\/\/www.radiopiu.net\/wordpress\/wp-content\/uploads\/2019\/06\/12027756_1696041807295339_7867428046457169961_n.jpg\" data-dt-img-description=\"\" data-large_image_width=\"282\" data-large_image_height=\"282\"><img loading=\"lazy\" decoding=\"async\" class=\"wp-image-89104 alignleft\" src=\"http:\/\/www.radiopiu.net\/wordpress\/wp-content\/uploads\/2019\/06\/12027756_1696041807295339_7867428046457169961_n.jpg\" alt=\"\" width=\"168\" height=\"168\" srcset=\"https:\/\/www.radiopiu.net\/wordpress\/wp-content\/uploads\/2019\/06\/12027756_1696041807295339_7867428046457169961_n.jpg 282w, https:\/\/www.radiopiu.net\/wordpress\/wp-content\/uploads\/2019\/06\/12027756_1696041807295339_7867428046457169961_n-150x150.jpg 150w\" sizes=\"auto, (max-width: 168px) 100vw, 168px\" \/><\/a><\/h3>\n<h3><\/h3>\n<h3>LUXOTTICA: ECCO IL CONTRATTO INTEGRATIVO<br \/>\nNOVITA&#8217; IMPORTANTI: 1150 NUOVE ASSUNZIONI<\/h3>\n<h3>NICOLA BRANCHER<\/h3>\n<p>risposte positive su tutti i temi posti in piattaforma.\u00a0 L&#8217;azienda si \u00e8 impegnata ad assumere 1150 persone gi\u00e0 dai prossimi giorni. <span class=\"text_exposed_show\">Uscir\u00e0 a breve comunicato delle Segreterie con i contenuti principali dell&#8217;intesa. <em>&#8220;<\/em><\/span><em>La delegazione ha espresso soddisfazione per il risultato che riteniamo positivo per il futuro dei siti italiani e per tutte le persone che ci lavorano&#8221;<\/em> (Lorella DM).<\/p>\n<div class=\"text_exposed_show\">\n<p>&nbsp;<\/p>\n<\/div>\n<audio class=\"wp-audio-shortcode\" id=\"audio-89105-1\" preload=\"none\" style=\"width: 100%;\" controls=\"controls\"><source type=\"audio\/mpeg\" src=\"http:\/\/www.radiopiu.net\/wordpress\/wp-content\/uploads\/2019\/06\/nicola-brancher.mp3?_=1\" \/><a href=\"http:\/\/www.radiopiu.net\/wordpress\/wp-content\/uploads\/2019\/06\/nicola-brancher.mp3\">http:\/\/www.radiopiu.net\/wordpress\/wp-content\/uploads\/2019\/06\/nicola-brancher.mp3<\/a><\/audio>\n<p>&nbsp;<\/p>\n","protected":false},"excerpt":{"rendered":"<p>LUXOTTICA: ECCO IL CONTRATTO INTEGRATIVO NOVITA&#8217; IMPORTANTI: 1150 NUOVE ASSUNZIONI NICOLA BRANCHER risposte positive su tutti i temi posti in piattaforma.\u00a0 L&#8217;azienda si \u00e8 impegnata ad assumere 1150 persone gi\u00e0 dai prossimi giorni. Uscir\u00e0 a breve comunicato delle Segreterie con i contenuti principali dell&#8217;intesa. &#8220;La delegazione ha espresso soddisfazione per il risultato che riteniamo positivo&hellip;<\/p>\n","protected":false},"author":1,"featured_media":43357,"comment_status":"closed","ping_status":"closed","sticky":false,"template":"","format":"standard","meta":{"_monsterinsights_skip_tracking":false,"_monsterinsights_sitenote_active":false,"_monsterinsights_sitenote_note":"","_monsterinsights_sitenote_category":0,"footnotes":""},"categories":[49],"tags":[],"class_list":["post-89105","post","type-post","status-publish","format-standard","has-post-thumbnail","hentry","category-news-18","category-49","description-off"],"img_url":"https:\/\/www.radiopiu.net\/wordpress\/wp-content\/uploads\/2018\/02\/luxottica-001.jpg","_links":{"self":[{"href":"https:\/\/www.radiopiu.net\/wordpress\/wp-json\/wp\/v2\/posts\/89105","targetHints":{"allow":["GET"]}}],"collection":[{"href":"https:\/\/www.radiopiu.net\/wordpress\/wp-json\/wp\/v2\/posts"}],"about":[{"href":"https:\/\/www.radiopiu.net\/wordpress\/wp-json\/wp\/v2\/types\/post"}],"author":[{"embeddable":true,"href":"https:\/\/www.radiopiu.net\/wordpress\/wp-json\/wp\/v2\/users\/1"}],"replies":[{"embeddable":true,"href":"https:\/\/www.radiopiu.net\/wordpress\/wp-json\/wp\/v2\/comments?post=89105"}],"version-history":[{"count":0,"href":"https:\/\/www.radiopiu.net\/wordpress\/wp-json\/wp\/v2\/posts\/89105\/revisions"}],"wp:featuredmedia":[{"embeddable":true,"href":"https:\/\/www.radiopiu.net\/wordpress\/wp-json\/wp\/v2\/media\/43357"}],"wp:attachment":[{"href":"https:\/\/www.radiopiu.net\/wordpress\/wp-json\/wp\/v2\/media?parent=89105"}],"wp:term":[{"taxonomy":"category","embeddable":true,"href":"https:\/\/www.radiopiu.net\/wordpress\/wp-json\/wp\/v2\/categories?post=89105"},{"taxonomy":"post_tag","embeddable":true,"href":"https:\/\/www.radiopiu.net\/wordpress\/wp-json\/wp\/v2\/tags?post=89105"}],"curies":[{"name":"wp","href":"https:\/\/api.w.org\/{rel}","templated":true}]}}