{"id":89201,"date":"2019-06-22T06:28:39","date_gmt":"2019-06-22T04:28:39","guid":{"rendered":"http:\/\/www.radiopiu.net\/wordpress\/?p=89201"},"modified":"2019-06-22T06:28:09","modified_gmt":"2019-06-22T04:28:09","slug":"dichiarazione-di-leonardo-del-vecchio-sul-contratto-integrativo-firmato-oggi-con-le-organizzazioni-sindacali","status":"publish","type":"post","link":"https:\/\/www.radiopiu.net\/wordpress\/dichiarazione-di-leonardo-del-vecchio-sul-contratto-integrativo-firmato-oggi-con-le-organizzazioni-sindacali\/","title":{"rendered":"DICHIARAZIONE DI LEONARDO DEL VECCHIO SUL CONTRATTO INTEGRATIVO FIRMATO OGGI CON LE ORGANIZZAZIONI SINDACALI"},"content":{"rendered":"<p>&nbsp;<\/p>\n<p>&nbsp;<\/p>\n<p><em>\u201cSono felice di questo nuovo accordo, perch\u00e9 risponde a un concetto semplice: pi\u00f9 \u00e8 sincero e pieno il rispetto per il lavoratore, qualunque lavoratore, pi\u00f9 \u00e8 alta la qualit\u00e0 del suo contributo e della sua esperienza in azienda. La dignit\u00e0 del lavoro, la sua stabilit\u00e0, l\u2019attenzione costante alle famiglie, ai bisogni e al bilanciamento vita-lavoro delle nostre persone, sono tutti aspetti su cui continueremo a investire per alimentare il coinvolgimento emotivo e il senso di comunit\u00e0 che rendono uniche, piene di giovani e di vita, le nostre fabbriche italiane\u201d &#8211; <\/em>Leonardo Del Vecchio, Presidente Esecutivo Luxottica Group.<\/p>\n","protected":false},"excerpt":{"rendered":"<p>&nbsp; &nbsp; \u201cSono felice di questo nuovo accordo, perch\u00e9 risponde a un concetto semplice: pi\u00f9 \u00e8 sincero e pieno il rispetto per il lavoratore, qualunque lavoratore, pi\u00f9 \u00e8 alta la qualit\u00e0 del suo contributo e della sua esperienza in azienda. La dignit\u00e0 del lavoro, la sua stabilit\u00e0, l\u2019attenzione costante alle famiglie, ai bisogni e al&hellip;<\/p>\n","protected":false},"author":1,"featured_media":0,"comment_status":"closed","ping_status":"closed","sticky":false,"template":"","format":"standard","meta":{"_monsterinsights_skip_tracking":false,"_monsterinsights_sitenote_active":false,"_monsterinsights_sitenote_note":"","_monsterinsights_sitenote_category":0,"footnotes":""},"categories":[49],"tags":[],"class_list":["post-89201","post","type-post","status-publish","format-standard","hentry","category-news-18","category-49","description-off"],"img_url":false,"_links":{"self":[{"href":"https:\/\/www.radiopiu.net\/wordpress\/wp-json\/wp\/v2\/posts\/89201","targetHints":{"allow":["GET"]}}],"collection":[{"href":"https:\/\/www.radiopiu.net\/wordpress\/wp-json\/wp\/v2\/posts"}],"about":[{"href":"https:\/\/www.radiopiu.net\/wordpress\/wp-json\/wp\/v2\/types\/post"}],"author":[{"embeddable":true,"href":"https:\/\/www.radiopiu.net\/wordpress\/wp-json\/wp\/v2\/users\/1"}],"replies":[{"embeddable":true,"href":"https:\/\/www.radiopiu.net\/wordpress\/wp-json\/wp\/v2\/comments?post=89201"}],"version-history":[{"count":0,"href":"https:\/\/www.radiopiu.net\/wordpress\/wp-json\/wp\/v2\/posts\/89201\/revisions"}],"wp:attachment":[{"href":"https:\/\/www.radiopiu.net\/wordpress\/wp-json\/wp\/v2\/media?parent=89201"}],"wp:term":[{"taxonomy":"category","embeddable":true,"href":"https:\/\/www.radiopiu.net\/wordpress\/wp-json\/wp\/v2\/categories?post=89201"},{"taxonomy":"post_tag","embeddable":true,"href":"https:\/\/www.radiopiu.net\/wordpress\/wp-json\/wp\/v2\/tags?post=89201"}],"curies":[{"name":"wp","href":"https:\/\/api.w.org\/{rel}","templated":true}]}}