{"id":89283,"date":"2019-06-22T06:09:07","date_gmt":"2019-06-22T04:09:07","guid":{"rendered":"http:\/\/www.radiopiu.net\/wordpress\/?p=89283"},"modified":"2019-06-24T05:39:35","modified_gmt":"2019-06-24T03:39:35","slug":"unione-montana-in-consiglio-anche-per-parlare-della-piscina-dal-31-luglio-ondablu-lascia-il-grazie-di-angelo-paganin","status":"publish","type":"post","link":"https:\/\/www.radiopiu.net\/wordpress\/unione-montana-in-consiglio-anche-per-parlare-della-piscina-dal-31-luglio-ondablu-lascia-il-grazie-di-angelo-paganin\/","title":{"rendered":"UNIONE MONTANA IN CONSIGLIO ANCHE PER PARLARE DELLA PISCINA, DAL 31 LUGLIO ONDABLU LASCIA, IL GRAZIE DI ANGELO PAGANIN"},"content":{"rendered":"<p>&nbsp;<\/p>\n<p><strong><a class=\"dt-pswp-item\" href=\"http:\/\/www.radiopiu.net\/wordpress\/wp-content\/uploads\/2019\/06\/impianto_Pedavena_orari_piscina.jpg\" data-dt-img-description=\"\" data-large_image_width=\"1000\" data-large_image_height=\"300\"><img loading=\"lazy\" decoding=\"async\" class=\" wp-image-88773 alignleft\" src=\"http:\/\/www.radiopiu.net\/wordpress\/wp-content\/uploads\/2019\/06\/impianto_Pedavena_orari_piscina-300x90.jpg\" alt=\"\" width=\"270\" height=\"81\" srcset=\"https:\/\/www.radiopiu.net\/wordpress\/wp-content\/uploads\/2019\/06\/impianto_Pedavena_orari_piscina-300x90.jpg 300w, https:\/\/www.radiopiu.net\/wordpress\/wp-content\/uploads\/2019\/06\/impianto_Pedavena_orari_piscina-768x230.jpg 768w, https:\/\/www.radiopiu.net\/wordpress\/wp-content\/uploads\/2019\/06\/impianto_Pedavena_orari_piscina.jpg 1000w\" sizes=\"auto, (max-width: 270px) 100vw, 270px\" \/><\/a>AGORDO<\/strong> Venerdi alle 20 si riunisce il consiglio dell&#8217;Unione Montana Agordina, saliranno sugli scranni i nuovi consiglieri espressione delle elezioni di fine maggio. Sar\u00e0 battaglia per il nuovo direttivo? Lo si scoprir\u00e0 a breve, da tempo Andrea De Bernardin da Rocca Pietore ha chiarito che la Lega vuole &#8220;comandare&#8221;, comunque avere voce in capitolo in Giunta dove non ci sar\u00e0 pi\u00f9 Siro De Biasio e Stefano Tom\u00e8 ma anche Fernando Soccol se non si risolve il problema di Taibon dove non \u00e8 ancora chiaro se le elezioni s&#8217;hanno da rifare oppure no.<\/p>\n<p>Nell&#8217;incontro sar\u00e0 anche affrontata la tematica dell&#8217;utilizzo e la gestione degli impianti dell&#8217;Unione Montana Agordina, il 31 luglio scadono i 5 anni di gestione di OndaBlu che non si ripresenta al bando. In proposito abbiamo sentito il presidente di OndaBlu Angelo Paganin<\/p>\n<p><strong>DAL NOTIZIARIO DELLE 16.30 DI IERI<\/strong><\/p>\n<audio class=\"wp-audio-shortcode\" id=\"audio-89283-1\" preload=\"none\" style=\"width: 100%;\" controls=\"controls\"><source type=\"audio\/mpeg\" src=\"http:\/\/www.radiopiu.net\/wordpress\/wp-content\/uploads\/2019\/06\/angelo-paganin.mp3?_=1\" \/><a href=\"http:\/\/www.radiopiu.net\/wordpress\/wp-content\/uploads\/2019\/06\/angelo-paganin.mp3\">http:\/\/www.radiopiu.net\/wordpress\/wp-content\/uploads\/2019\/06\/angelo-paganin.mp3<\/a><\/audio>\n<p>&nbsp;<\/p>\n<p>&nbsp;<\/p>\n","protected":false},"excerpt":{"rendered":"<p>&nbsp; AGORDO Venerdi alle 20 si riunisce il consiglio dell&#8217;Unione Montana Agordina, saliranno sugli scranni i nuovi consiglieri espressione delle elezioni di fine maggio. Sar\u00e0 battaglia per il nuovo direttivo? Lo si scoprir\u00e0 a breve, da tempo Andrea De Bernardin da Rocca Pietore ha chiarito che la Lega vuole &#8220;comandare&#8221;, comunque avere voce in capitolo&hellip;<\/p>\n","protected":false},"author":1,"featured_media":47135,"comment_status":"closed","ping_status":"closed","sticky":false,"template":"","format":"standard","meta":{"_monsterinsights_skip_tracking":false,"_monsterinsights_sitenote_active":false,"_monsterinsights_sitenote_note":"","_monsterinsights_sitenote_category":0,"footnotes":""},"categories":[51,49],"tags":[],"class_list":["post-89283","post","type-post","status-publish","format-standard","has-post-thumbnail","hentry","category-evidenza-top","category-news-18","category-51","category-49","description-off"],"img_url":"https:\/\/www.radiopiu.net\/wordpress\/wp-content\/uploads\/2018\/04\/impianto_Pedavena_orari_piscina.jpg","_links":{"self":[{"href":"https:\/\/www.radiopiu.net\/wordpress\/wp-json\/wp\/v2\/posts\/89283","targetHints":{"allow":["GET"]}}],"collection":[{"href":"https:\/\/www.radiopiu.net\/wordpress\/wp-json\/wp\/v2\/posts"}],"about":[{"href":"https:\/\/www.radiopiu.net\/wordpress\/wp-json\/wp\/v2\/types\/post"}],"author":[{"embeddable":true,"href":"https:\/\/www.radiopiu.net\/wordpress\/wp-json\/wp\/v2\/users\/1"}],"replies":[{"embeddable":true,"href":"https:\/\/www.radiopiu.net\/wordpress\/wp-json\/wp\/v2\/comments?post=89283"}],"version-history":[{"count":0,"href":"https:\/\/www.radiopiu.net\/wordpress\/wp-json\/wp\/v2\/posts\/89283\/revisions"}],"wp:featuredmedia":[{"embeddable":true,"href":"https:\/\/www.radiopiu.net\/wordpress\/wp-json\/wp\/v2\/media\/47135"}],"wp:attachment":[{"href":"https:\/\/www.radiopiu.net\/wordpress\/wp-json\/wp\/v2\/media?parent=89283"}],"wp:term":[{"taxonomy":"category","embeddable":true,"href":"https:\/\/www.radiopiu.net\/wordpress\/wp-json\/wp\/v2\/categories?post=89283"},{"taxonomy":"post_tag","embeddable":true,"href":"https:\/\/www.radiopiu.net\/wordpress\/wp-json\/wp\/v2\/tags?post=89283"}],"curies":[{"name":"wp","href":"https:\/\/api.w.org\/{rel}","templated":true}]}}