{"id":89410,"date":"2019-06-24T05:29:48","date_gmt":"2019-06-24T03:29:48","guid":{"rendered":"http:\/\/www.radiopiu.net\/wordpress\/?p=89410"},"modified":"2019-06-25T06:10:23","modified_gmt":"2019-06-25T04:10:23","slug":"contratto-integrativo-luxottica-le-riflessioni-di-un-delegato-che-lha-vissuto-e-firmato","status":"publish","type":"post","link":"https:\/\/www.radiopiu.net\/wordpress\/contratto-integrativo-luxottica-le-riflessioni-di-un-delegato-che-lha-vissuto-e-firmato\/","title":{"rendered":"CONTRATTO INTEGRATIVO LUXOTTICA LE RIFLESSIONI DI UN DELEGATO CHE L\u2019HA VISSUTO E FIRMATO"},"content":{"rendered":"<h2><\/h2>\n<p><strong>Claudio Pra, Cisl_Rsu_Luxottica Cencenighe<\/strong><\/p>\n<p><span style=\"color: #ff0000;\">audio DAI NOTIZIARI DI RADIO PIU<\/span><\/p>\n<audio class=\"wp-audio-shortcode\" id=\"audio-89410-1\" preload=\"none\" style=\"width: 100%;\" controls=\"controls\"><source type=\"audio\/mpeg\" src=\"http:\/\/www.radiopiu.net\/wordpress\/wp-content\/uploads\/2019\/06\/CLAUDIO-PRA.mp3?_=1\" \/><a href=\"http:\/\/www.radiopiu.net\/wordpress\/wp-content\/uploads\/2019\/06\/CLAUDIO-PRA.mp3\">http:\/\/www.radiopiu.net\/wordpress\/wp-content\/uploads\/2019\/06\/CLAUDIO-PRA.mp3<\/a><\/audio>\n<p><strong><a class=\"dt-pswp-item\" href=\"http:\/\/www.radiopiu.net\/wordpress\/wp-content\/uploads\/2019\/06\/WhatsApp-Image-2019-06-23-at-18.23.43.jpeg\" data-dt-img-description=\"\" data-large_image_width=\"1600\" data-large_image_height=\"1360\"><img loading=\"lazy\" decoding=\"async\" class=\"size-medium wp-image-89412 alignleft\" src=\"http:\/\/www.radiopiu.net\/wordpress\/wp-content\/uploads\/2019\/06\/WhatsApp-Image-2019-06-23-at-18.23.43-300x255.jpeg\" alt=\"\" width=\"300\" height=\"255\" srcset=\"https:\/\/www.radiopiu.net\/wordpress\/wp-content\/uploads\/2019\/06\/WhatsApp-Image-2019-06-23-at-18.23.43-300x255.jpeg 300w, https:\/\/www.radiopiu.net\/wordpress\/wp-content\/uploads\/2019\/06\/WhatsApp-Image-2019-06-23-at-18.23.43-768x653.jpeg 768w, https:\/\/www.radiopiu.net\/wordpress\/wp-content\/uploads\/2019\/06\/WhatsApp-Image-2019-06-23-at-18.23.43-1024x870.jpeg 1024w, https:\/\/www.radiopiu.net\/wordpress\/wp-content\/uploads\/2019\/06\/WhatsApp-Image-2019-06-23-at-18.23.43.jpeg 1600w\" sizes=\"auto, (max-width: 300px) 100vw, 300px\" \/><\/a>CENCENIGHE\u00a0 <\/strong>La firma del Contratto Integrativo Luxottica, come era prevedibile, ha destato scalpore non solo in Agordino e nel Bellunese, ma in tutta Italia. Non \u00e8 stato semplice portare a termine una trattativa iniziata molti mesi fa, resa complicata per le delicate tematiche da affrontare. Un lavoro teso ad assicurare un futuro positivo, soprattutto dopo la fusione della nostra Azienda con i francesi di Essilor. Tanti i punti innovativi e di fondamentale importanza (piano di azionariato per i dipendenti, nuove tipologie di part-time, iniziative tese a migliorare la vivibilit\u00e0 nei luoghi di lavoro, nuovi indici per il premio di risultato, formazione continua dei lavoratori, comportamenti organizzativi remunerati, banca ore e aumento del premio di risultato per i lavoratori internali\u2026) ma quello che ha attirato l\u2019attenzione \u00e8 ovviamente riferito al numero di stabilizzazioni, ben 1150. Quindi oltre 1000 lavoratori fino ad ora somministrati saranno assunti a tempo indeterminato da Luxottica, acquisendo diritti e passando dal precariato al lavoro fisso con tutto ci\u00f2 che di positivo ne consegue. Lavoro a tempo indeterminato significa poter pianificare la propria vita con molte pi\u00f9 sicurezze, vedersi finalmente accordare un prestito dalle banche, che solitamente non lo concedono a chi non ha un lavoro sicuro, essere liberati dall\u2019incubo dell\u2019attesa del rinnovo periodico e temporaneo del proprio posto di lavoro, che pu\u00f2 esserci come no. Ovviamente una trattativa \u00e8 fatta di richieste da ambo le parti e dall\u2019auspicato raggiungimento di un compromesso finale soddisfacente. Ed il compromesso raggiunto ho pochi dubbi che possa non essere definito soddisfacente, anche se qualcuno parla di una mancata parit\u00e0 salariale. Mi spiego meglio: sostanzialmente i 1150 lavoratori stabilizzati confluiranno insieme a chi rimarr\u00e0 lavoratore somministrato, ad eventuali volontari ed ai nuovi assunti su un nuovo modello di orario richiesto da Luxottica, chiamato \u201cpart time incentivato\u201d, giustificato dalla stagionalit\u00e0 annuale della produzione, con volumi in aumento nei primi sette <a class=\"dt-pswp-item\" href=\"http:\/\/www.radiopiu.net\/wordpress\/wp-content\/uploads\/2019\/03\/WhatsApp-Image-2019-03-24-at-18.11.14.jpeg\" data-dt-img-description=\"\" data-large_image_width=\"1599\" data-large_image_height=\"799\"><img loading=\"lazy\" decoding=\"async\" class=\"wp-image-80220 alignright\" src=\"http:\/\/www.radiopiu.net\/wordpress\/wp-content\/uploads\/2019\/03\/WhatsApp-Image-2019-03-24-at-18.11.14-300x150.jpeg\" alt=\"\" width=\"424\" height=\"212\" srcset=\"https:\/\/www.radiopiu.net\/wordpress\/wp-content\/uploads\/2019\/03\/WhatsApp-Image-2019-03-24-at-18.11.14-300x150.jpeg 300w, https:\/\/www.radiopiu.net\/wordpress\/wp-content\/uploads\/2019\/03\/WhatsApp-Image-2019-03-24-at-18.11.14-768x384.jpeg 768w, https:\/\/www.radiopiu.net\/wordpress\/wp-content\/uploads\/2019\/03\/WhatsApp-Image-2019-03-24-at-18.11.14-1024x512.jpeg 1024w, https:\/\/www.radiopiu.net\/wordpress\/wp-content\/uploads\/2019\/03\/WhatsApp-Image-2019-03-24-at-18.11.14.jpeg 1599w\" sizes=\"auto, (max-width: 424px) 100vw, 424px\" \/><\/a>mesi dell\u2019anno e pi\u00f9 ridotti negli ultimi cinque. In particolare il nuovo orario prevede di lavorare otto ore per sette mesi e sei ore per cinque mesi. Annualmente, chi lo svolge, lavorer\u00e0 quindi meno rispetto a chi continuer\u00e0 con il tradizionale orario a otto ore, guadagnando ovviamente anche un po\u2019 meno. Sono per\u00f2 previsti degli incentivi che assottigliano la differenza. Non parificazione di stipendio dunque, che sarebbe risultata anche poco spiegabile a chi le otto ore le fa tutto l\u2019anno guadagnando a quel punto come uno che ne fa meno, ma un avvicinamento sensibile giustificato dal dover adattarsi a un tipo di orario inusuale e ridotto. Bisogna anche ricordare che passando da somministrati ad assunti Luxottica questi lavoratori percepiranno il premio di risultato quasi pieno, non ridotto come succedeva prima. L\u2019introduzione del part time incentivato, che pu\u00f2 essere anche un opportunit\u00e0 in alcuni casi, oltre che a rendere pi\u00f9 efficiente l\u2019Azienda, serve per liberare le risorse che permettono tutte queste assunzioni. In caso contrario questi lavoratori avrebbero rischiato di perdere il posto di lavoro per effetto del \u201cDecreto Dignit\u00e0\u201d o sarebbero rimasti somministrati e precari. Il sogno era far rientrare nell\u2019operazione tutti i lavoratori somministrati, ma ci\u00f2 non \u00e8 stato possibile e sostenibile. Per le stabilizzazioni si \u00e8 tenuto conto del numero di anni lavorati in Luxottica, scegliendo quindi come criterio l\u2019 \u201canzianit\u00e0 lavorativa in azienda\u201d. Per gli esclusi ci sono comunque dei miglioramenti e la speranza \u00e8 di poter ripetere un\u2019operazione simile fra qualche tempo, dato che anche nel penultimo integrativo vennero stabilizzati 600 lavoratori. Le assemblee previste a breve nei vari stabilimenti spiegheranno il nuovo contratto e daranno a tutti le informazioni e spiegazioni necessarie. Vorrei concludere spendendo due parole sul ruolo del Sindacato ed in particolare delle RSU. Il tanto bistrattato Sindacato, spesso criticato a ragione, ha al suo interno alcuni dirigenti assolutamente di spicco, ricchi di capacit\u00e0 e sensibilit\u00e0. A queste figure si appoggiano i rappresentanti dei lavoratori presenti in fabbrica che, pur con tutti i loro limiti, cercano con passione e senza fini di lucro di impegnarsi per i propri colleghi che li hanno eletti. Siamo lavoratori come tutti gli altri ed una volta formati rivestiamo il fondamentale ruolo di intermediari, conoscendo bene le tematiche affrontate visto che le viviamo di persona. Non tutti e non sempre siamo all\u2019altezza, ma c\u2019\u00e8 chi prova a darsi da fare per migliorare le cose in un Azienda di cui siamo orgogliosi, che vogliamo aiutare a funzionare al meglio. Non \u00e8 facile rivestire questo compito che ci vede spesso criticati e quasi mai ringraziati. Ma si pensi un attimo se non ci fosse nessuno a rivestire questo ruolo. Quanti lavoratori sarebbero in grado di ottenere le cose da soli?<\/p>\n<p>&nbsp;<\/p>\n<p>&nbsp;<\/p>\n<p>&nbsp;<\/p>\n<h3 class=\"post-title entry-title\"><\/h3>\n<h3 class=\"post-title entry-title\">Nuovo integrativo Luxottica: facciamo chiarezza.<\/h3>\n<div class=\"post-header\">\n<div class=\"post-header-line-1\">DI EMILIO BEZ, UILTEC UIL<\/div>\n<\/div>\n<div id=\"post-body-8291726311984919983\" class=\"post-body entry-content\">\n<div class=\"separator\"><a href=\"https:\/\/1.bp.blogspot.com\/-XIEfTi9GR8Q\/XQ_BIxeoqaI\/AAAAAAAAAjQ\/pgnZRZXy0PkMJ9QfTjRvVcVL6xUmPRKOgCLcBGAs\/s1600\/laptop-3196481_640.jpg\"><img loading=\"lazy\" decoding=\"async\" class=\"alignleft\" src=\"https:\/\/1.bp.blogspot.com\/-XIEfTi9GR8Q\/XQ_BIxeoqaI\/AAAAAAAAAjQ\/pgnZRZXy0PkMJ9QfTjRvVcVL6xUmPRKOgCLcBGAs\/s320\/laptop-3196481_640.jpg\" width=\"185\" height=\"123\" border=\"0\" data-original-height=\"426\" data-original-width=\"640\" \/><\/a><\/div>\n<div align=\"center\"><\/div>\n<p><span lang=\"\">Come era logico, il rinnovo del C.I.A. Luxottica ha avuto grande visibilit\u00e0 su tutti i media anche nazionali, i quali hanno in vari casi riportato informazioni inesatte che stanno generando un po&#8217; di confusione nei colleghi. Vediamo quindi di chiarire alcuni temi del nuovo contratto che negli ultimi due giorni di trattativa ha visto decisivi cambiamenti. Partiamo dal numero pi\u00f9 eclatante ovvero le 1150 assunzioni che, per la quasi totalit\u00e0, sono in realt\u00e0 stabilizzazioni a tempo intederminato in Luxottica di persone che gi\u00e0 vi lavoravano ma con contratto di somministrazione (agenzia). Come \u00e8 noto, la stabilizzazione del maggior numero di persone possibile era uno degli obiettivi primari per le parti sindacali anche se la richiesta era intesa come stabilizzazione a tempo pieno. L&#8217;azienda gi\u00e0 all&#8217;inizio della trattativa aveva dato apertura a discutere del tema, proponendo tuttavia stabilizzazioni a sole 30 ore settimanali. Ovviamente una simile proposta da parte dell&#8217;azienda, sia pur supportata da diverse e concrete motivazioni, non era per niente piaciuta a buona parte dei delegati RSU del coordinamento. Ma, si sa, nelle trattative si parte alti da un lato del tavolo, si parte bassi dall&#8217;altro e in mezzo c&#8217;\u00e8 lo spazio per il confronto, non a caso durato molti mesi, che aveva portato ad iniziare l&#8217;ultimo coordinamento con l&#8217;ipotesi di un part-time a 37 ore medie settimanali, risultanti dalla media di alcuni mesi a 8 ore lavorate giornaliere ed altri mesi a 6 ore. In parallelo l&#8217;azienda accettava di stabilizzare 1000 persone. A inizio coordinamento, alcuni delegati RSU avevano per\u00f2 riportato, condividendole in buona parte, le criticit\u00e0 emerse durante le ultime assemblee di pochi giorni fa nelle quali i colleghi erano stati informati a grandi linee sull&#8217;andamento della trattativa fino ad allora, esclusi quindi i progressi avvenuti negli ultimi giorni prima dell&#8217;incontro. Dai colleghi erano emerse diverse contrariet\u00e0, dovute alle pi\u00f9 che comprensibili preoccupazioni in tema di retribuzione ma anche riguardo argomenti non da poco quali la fruibilit\u00e0 o meno dei servizi di mensa e trasporti nei periodi con l&#8217;orario a 6 ore. Nel corso dei due giorni di trattativa ad oltranza, buona parte delle questioni sono state affrontate con successo, infatti vi \u00e8 l&#8217;impegno dell&#8217;azienda ad organizzare i servizi di mensa e trasporti mentre dal lato economico il ragionamento va impostato considerando pi\u00f9 fattori.\u00a0 Rispetto al tempo pieno, la retribuzione di base \u00e8 direttamente proporzionale alle 37 ore medie lavorate; vi \u00e8 poi una indennit\u00e0 di disagio che vale 700 euro annui per chi lavorer\u00e0 col nuovo orario. Qualcuno si potrebbe chiedere il perch\u00e8 si chiami indennit\u00e0 di disagio: la risposta pi\u00f9 immediata \u00e8 che in un part-time normale \u00e8 il dipendente a indicare, in base alle proprie necessit\u00e0 personali, il periodo e l&#8217;orario per cui richiede di lavorare a tempo parziale. Nel caso del 37 ore \u00e8 invece l&#8217;azienda a comuncare al dipendente il periodo a 6 ore e l&#8217;orario da svolgere, in base alle necessit\u00e0 produttive e di organizzazione del lavoro. Va rimarcato che anche questa indennit\u00e0 \u00e8 frutto dell&#8217;impegnativo confronto tra le parti sindacali e l&#8217;azienda. Giunti fin qui, a prima vista si potrebbe pensare che il passaggio dal tempo pieno con l&#8217;agenzia alle 37 ore in Luxottica non comporti alcun miglioramento economico ma occorre in realt\u00e0 considerare tutto il resto, in primis il premio di risultato per i dipendenti che, negli ultimi anni, ha raggiunto valori record e che pu\u00f2 ancora migliorare in futuro con la nuova scaletta di calcolo introdotta, senza dimenticare altri plus come il pieno accesso a tutto il welfare aziendale e la possibilit\u00e0 di partecipare all&#8217;azionariato diffuso di prossima introduzione. Tutto questo, nell&#8217;insieme, comporta un vantaggio economico per chi viene stabilizzato in Luxottica. Va anche precisato che il nuovo part-time a 37 ore non esclude la possibilit\u00e0 che l&#8217;azienda assuma a tempo pieno, ad esempio nel caso di mansioni per cui non sia necessario l&#8217;orario variabile. Tornando agli avvenimenti dell&#8217;ultimo coordinamento, col passare delle ore per diverse problematiche era stato trovato un punto di mediazione con l&#8217;azienda e, a notte inoltrata di gioved\u00ec, vi era la consapevolezza di essere a buon punto, molto pi\u00f9 avanti di come si era iniziato neanche 48 ore prima quando un accordo sembrava a molti lontano. La svolta decisiva \u00e8 arrivata quando ormai la luce del nuovo giorno cominciava a farsi vedere. Era chiara la non praticabilit\u00e0 di un ulteriore aumento sul lato economico quindi da parte sindacale \u00e8 arrivato il rilancio finale, incentrato principalmente su un maggior numero di assuzioni rispetto alle mille di cui si parlava. L&#8217;azienda, dopo un ultimo time-out, ha accettato buona parte delle richieste finali tra cui le assunzioni che sono diventate 1150. Ben 150 stabilizzazioni a tempo indeterminato in pi\u00f9 che cambiano la vita ad altrettante famiglie.\u00a0 Dopo mesi di duro confronto, ormai era chiaro che non c&#8217;era pi\u00f9 margine e si era giunti al momento del &#8220;prendere o lasciare&#8221;. Visti i risultati ottenuti non solo per l&#8217;occupazione ma anche per\u00a0buona parte degli altri temi discussi, i nazionali delle tre sigle sindacali hanno ritenuto di poter concludere positivamente il rinnovo, ricevendo gli immediati\u00a0applausi di approvazione da parte di quei delegati RSU del coordinamento che li avevano supportati durante la lunga trattativa.\u00a0<\/span><\/p>\n<div align=\"right\"><\/div>\n<\/div>\n<h2><\/h2>\n<p>&nbsp;<\/p>\n","protected":false},"excerpt":{"rendered":"<p>Claudio Pra, Cisl_Rsu_Luxottica Cencenighe audio DAI NOTIZIARI DI RADIO PIU CENCENIGHE\u00a0 La firma del Contratto Integrativo Luxottica, come era prevedibile, ha destato scalpore non solo in Agordino e nel Bellunese, ma in tutta Italia. Non \u00e8 stato semplice portare a termine una trattativa iniziata molti mesi fa, resa complicata per le delicate tematiche da affrontare.&hellip;<\/p>\n","protected":false},"author":1,"featured_media":43253,"comment_status":"closed","ping_status":"closed","sticky":false,"template":"","format":"standard","meta":{"_monsterinsights_skip_tracking":false,"_monsterinsights_sitenote_active":false,"_monsterinsights_sitenote_note":"","_monsterinsights_sitenote_category":0,"footnotes":""},"categories":[103,49],"tags":[],"class_list":["post-89410","post","type-post","status-publish","format-standard","has-post-thumbnail","hentry","category-evidenza_2","category-news-18","category-103","category-49","description-off"],"img_url":"https:\/\/www.radiopiu.net\/wordpress\/wp-content\/uploads\/2018\/02\/LUX-CENCENGIHE.jpg","_links":{"self":[{"href":"https:\/\/www.radiopiu.net\/wordpress\/wp-json\/wp\/v2\/posts\/89410","targetHints":{"allow":["GET"]}}],"collection":[{"href":"https:\/\/www.radiopiu.net\/wordpress\/wp-json\/wp\/v2\/posts"}],"about":[{"href":"https:\/\/www.radiopiu.net\/wordpress\/wp-json\/wp\/v2\/types\/post"}],"author":[{"embeddable":true,"href":"https:\/\/www.radiopiu.net\/wordpress\/wp-json\/wp\/v2\/users\/1"}],"replies":[{"embeddable":true,"href":"https:\/\/www.radiopiu.net\/wordpress\/wp-json\/wp\/v2\/comments?post=89410"}],"version-history":[{"count":0,"href":"https:\/\/www.radiopiu.net\/wordpress\/wp-json\/wp\/v2\/posts\/89410\/revisions"}],"wp:featuredmedia":[{"embeddable":true,"href":"https:\/\/www.radiopiu.net\/wordpress\/wp-json\/wp\/v2\/media\/43253"}],"wp:attachment":[{"href":"https:\/\/www.radiopiu.net\/wordpress\/wp-json\/wp\/v2\/media?parent=89410"}],"wp:term":[{"taxonomy":"category","embeddable":true,"href":"https:\/\/www.radiopiu.net\/wordpress\/wp-json\/wp\/v2\/categories?post=89410"},{"taxonomy":"post_tag","embeddable":true,"href":"https:\/\/www.radiopiu.net\/wordpress\/wp-json\/wp\/v2\/tags?post=89410"}],"curies":[{"name":"wp","href":"https:\/\/api.w.org\/{rel}","templated":true}]}}