{"id":89501,"date":"2019-06-25T05:37:55","date_gmt":"2019-06-25T03:37:55","guid":{"rendered":"http:\/\/www.radiopiu.net\/wordpress\/?p=89501"},"modified":"2019-06-25T11:18:16","modified_gmt":"2019-06-25T09:18:16","slug":"giornale-radiopiu-36esimo-anno-25-giugno-1983-direttore-mirko-mezzacasa","status":"publish","type":"post","link":"https:\/\/www.radiopiu.net\/wordpress\/giornale-radiopiu-36esimo-anno-25-giugno-1983-direttore-mirko-mezzacasa\/","title":{"rendered":"GIORNALE RADIOPIU 36ESIMO ANNO. 25 GIUGNO 1983. DIRETTORE MIRKO MEZZACASA"},"content":{"rendered":"<p><span style=\"color: #ff0000;\">25 GIUGNO 1983-25 GIUGNO 2019: <\/span>AUGURI RADIO PIU&#8217;. Era l&#8217;estate dell&#8217;83 quando da Piazza San Rocco questa\u00a0 Radio Pi\u00f9 iniziava a farsi ascoltare nella Conca Agordina&#8230; via via nel resto della provincia e nel mondo. Auguri RADIO PIU. (FOTO COPERTINA, IL PRIMO STUDIO DI RADIO PIU, PIAZZA SAN ROCCO EX MUNICIPIO)<\/p>\n<blockquote><p><em><img loading=\"lazy\" decoding=\"async\" class=\"aligncenter wp-image-52024\" src=\"http:\/\/www.radiopiu.net\/wordpress\/wp-content\/uploads\/2018\/06\/radio-300x193.jpg\" alt=\"\" width=\"448\" height=\"288\" srcset=\"https:\/\/www.radiopiu.net\/wordpress\/wp-content\/uploads\/2018\/06\/radio-300x193.jpg 300w, https:\/\/www.radiopiu.net\/wordpress\/wp-content\/uploads\/2018\/06\/radio-768x495.jpg 768w, https:\/\/www.radiopiu.net\/wordpress\/wp-content\/uploads\/2018\/06\/radio-1024x660.jpg 1024w, https:\/\/www.radiopiu.net\/wordpress\/wp-content\/uploads\/2018\/06\/radio.jpg 1055w\" sizes=\"auto, (max-width: 448px) 100vw, 448px\" \/><\/em><\/p>\n<p><em>&#8230;.mi ricordo la mattina di Natale che a casa si alzava il volume della radio,io davanti al telefono pronta per chiamare e indovinare il pezzetto di canzone che la Simonetta aveva appena messo..ho anche vinto&#8230;si vinceva un biglietto per la partita dell&#8217;alleghe..\u00a0<\/em><em>E poi cara Radio mille ricordi ho perch\u00e9 sono cresciuta con te.\u00a0\u00a0<\/em><em>BUON COMPLEANNO AMICA RADIO!!\u00a0<\/em><\/p><\/blockquote>\n<p><span style=\"color: #ff0000;\"><strong>GRAZIE AL CORRIERE DELLE ALPI PER LO SPAZIO, A GIANNI SANTOMASO PER IL SERVIZIO-RICORDO<\/strong><\/span><\/p>\n<audio class=\"wp-audio-shortcode\" id=\"audio-89501-1\" preload=\"none\" style=\"width: 100%;\" controls=\"controls\"><source type=\"audio\/mpeg\" src=\"http:\/\/www.radiopiu.net\/wordpress\/wp-content\/uploads\/2019\/06\/GIANNI-RADIOPIU.mp3?_=1\" \/><a href=\"http:\/\/www.radiopiu.net\/wordpress\/wp-content\/uploads\/2019\/06\/GIANNI-RADIOPIU.mp3\">http:\/\/www.radiopiu.net\/wordpress\/wp-content\/uploads\/2019\/06\/GIANNI-RADIOPIU.mp3<\/a><\/audio>\n<p>&nbsp;<\/p>\n<p>&nbsp;<\/p>\n<p>&nbsp;<\/p>\n<blockquote><p><span style=\"color: #ff00ff;\"><strong>IERI ALLE 18.06: ESPLOSIONE DI ENTUSIASMO DA MILANO A CORTINA&#8230;AGLI STUDI DI RADIO PIU&#8217;<\/strong><\/span><\/p>\n<h3>OLIMPIADI 2026, MILANO CORTINA&#8230; LA DIRETTA DALLO STUDIO 1 DI RADIO PIU&#8217;<\/h3>\n<audio class=\"wp-audio-shortcode\" id=\"audio-89501-2\" preload=\"none\" style=\"width: 100%;\" controls=\"controls\"><source type=\"audio\/mpeg\" src=\"http:\/\/www.radiopiu.net\/wordpress\/wp-content\/uploads\/2019\/06\/MILANO-CORTINA.mp3?_=2\" \/><a href=\"http:\/\/www.radiopiu.net\/wordpress\/wp-content\/uploads\/2019\/06\/MILANO-CORTINA.mp3\">http:\/\/www.radiopiu.net\/wordpress\/wp-content\/uploads\/2019\/06\/MILANO-CORTINA.mp3<\/a><\/audio>\n<p>&nbsp;<\/p>\n<p>&nbsp;<\/p>\n<p><strong>Italia V\/S Svezia,<\/strong> vince Cortina-Milano con 13 voti di scarto (46-34) e nel 2026 saranno Olimpiadi tra duomo e Tofana. <strong>PARCO<\/strong> Ennio Vigne il commissario dopo anni di stallo nomina nel direttivo: Alessandro Maguolo, Giampaolo Frescura, Stefano Deon e Camillo De Pellegrin.<strong>CRONACA <\/strong>Incidente domestico a Santo Stefano, una 90enne M.C.G. \u00e8 caduta da un muretto mentre da casa camminava verso il fienile, trovata priva di sensi \u00e8 stata trasportata in neurochirurgia a Treviso. <strong>Ladri a Porcen<\/strong> di Pedavena nel pomeriggio di sabato, due malviventi sono fuggiti in seguito alle urla di una novantenne che si \u00e8 ritrovata difronte in casa due donne rom, le grida della nonna hanno richiamato i vicini e quindi i Carabinieri, le due donne\u00a0 si sono dileguate a gambe levate. Gli abitanti di Schiucaz torneranno come promesso entro breve nelle loro case, dopo l&#8217;emergenza della frana. Un incontro con tutti i dettagli e le novit\u00e0 sulla gestione del post-frana \u00e8 in programma per oggi alle 18, in Municipio a Farra.<\/p><\/blockquote>\n<p>&nbsp;<\/p>\n<p>&nbsp;<\/p>\n<p>&nbsp;<\/p>\n<p>&nbsp;<\/p>\n<p>&nbsp;<\/p>\n<h2>OLIMPIADI 2026 A MILANO E CORTINA<\/h2>\n<p>https:\/\/www.facebook.com\/zaiaufficiale\/videos\/341772643171522\/<\/p>\n<p><a class=\"dt-pswp-item\" href=\"http:\/\/www.radiopiu.net\/wordpress\/wp-content\/uploads\/2019\/06\/D91r86aX4AA7GGi.jpg\" data-dt-img-description=\"\" data-large_image_width=\"1024\" data-large_image_height=\"512\"><img loading=\"lazy\" decoding=\"async\" class=\"alignnone wp-image-89541 size-large\" src=\"http:\/\/www.radiopiu.net\/wordpress\/wp-content\/uploads\/2019\/06\/D91r86aX4AA7GGi-1024x512.jpg\" alt=\"\" width=\"1024\" height=\"512\" srcset=\"https:\/\/www.radiopiu.net\/wordpress\/wp-content\/uploads\/2019\/06\/D91r86aX4AA7GGi.jpg 1024w, https:\/\/www.radiopiu.net\/wordpress\/wp-content\/uploads\/2019\/06\/D91r86aX4AA7GGi-300x150.jpg 300w, https:\/\/www.radiopiu.net\/wordpress\/wp-content\/uploads\/2019\/06\/D91r86aX4AA7GGi-768x384.jpg 768w\" sizes=\"auto, (max-width: 1024px) 100vw, 1024px\" \/><\/a><\/p>\n<h3><\/h3>\n<p>&nbsp;<\/p>\n<p class=\"western\"><b>OLIMPIADI INVERNALI 2026 ASSEGNATE A MILANO-CORTINA. DOMANI ALLE 16 A VENEZIA PUNTO STAMPA DI ZAIA<\/b><\/p>\n<p class=\"western\"><strong>VENEZIA<\/strong> L\u2019assegnazione delle Olimpiadi Invernali del 2026 alla candidatura di Milano-Cortina, ufficializzata a Losanna dal Comitato Olimpico Internazionale, sar\u00e0 il tema di un punto stampa che il Presidente Luca Zaia terr\u00e0\u00a0 a Palazzo balbi, sede della Giunta regionale a Venezia alle 16.<\/p>\n<p>&nbsp;<\/p>\n<div style=\"width: 848px;\" class=\"wp-video\"><video class=\"wp-video-shortcode\" id=\"video-89501-1\" width=\"848\" height=\"480\" preload=\"metadata\" controls=\"controls\"><source type=\"video\/mp4\" src=\"http:\/\/www.radiopiu.net\/wordpress\/wp-content\/uploads\/2019\/06\/WhatsApp-Video-2019-06-25-at-06.38.36.mp4?_=1\" \/><a href=\"http:\/\/www.radiopiu.net\/wordpress\/wp-content\/uploads\/2019\/06\/WhatsApp-Video-2019-06-25-at-06.38.36.mp4\">http:\/\/www.radiopiu.net\/wordpress\/wp-content\/uploads\/2019\/06\/WhatsApp-Video-2019-06-25-at-06.38.36.mp4<\/a><\/video><\/div>\n<h2><\/h2>\n<h2>ROBERTO PADRIN PRESIDENTE PROVINCIA<\/h2>\n<audio class=\"wp-audio-shortcode\" id=\"audio-89501-3\" preload=\"none\" style=\"width: 100%;\" controls=\"controls\"><source type=\"audio\/mpeg\" src=\"http:\/\/www.radiopiu.net\/wordpress\/wp-content\/uploads\/2019\/06\/PADRIN.mp3?_=3\" \/><a href=\"http:\/\/www.radiopiu.net\/wordpress\/wp-content\/uploads\/2019\/06\/PADRIN.mp3\">http:\/\/www.radiopiu.net\/wordpress\/wp-content\/uploads\/2019\/06\/PADRIN.mp3<\/a><\/audio>\n<h2>GIANPAOLO BOTTACIN<\/h2>\n<audio class=\"wp-audio-shortcode\" id=\"audio-89501-4\" preload=\"none\" style=\"width: 100%;\" controls=\"controls\"><source type=\"audio\/mpeg\" src=\"http:\/\/www.radiopiu.net\/wordpress\/wp-content\/uploads\/2019\/06\/botta.mp3?_=4\" \/><a href=\"http:\/\/www.radiopiu.net\/wordpress\/wp-content\/uploads\/2019\/06\/botta.mp3\">http:\/\/www.radiopiu.net\/wordpress\/wp-content\/uploads\/2019\/06\/botta.mp3<\/a><\/audio>\n<h2>DEPUTATO LUCA DE CARLO FDI<\/h2>\n<audio class=\"wp-audio-shortcode\" id=\"audio-89501-5\" preload=\"none\" style=\"width: 100%;\" controls=\"controls\"><source type=\"audio\/mpeg\" src=\"http:\/\/www.radiopiu.net\/wordpress\/wp-content\/uploads\/2019\/06\/luca.mp3?_=5\" \/><a href=\"http:\/\/www.radiopiu.net\/wordpress\/wp-content\/uploads\/2019\/06\/luca.mp3\">http:\/\/www.radiopiu.net\/wordpress\/wp-content\/uploads\/2019\/06\/luca.mp3<\/a><\/audio>\n<h2>FEDERICO D&#8217;INCA M5S<\/h2>\n<audio class=\"wp-audio-shortcode\" id=\"audio-89501-6\" preload=\"none\" style=\"width: 100%;\" controls=\"controls\"><source type=\"audio\/mpeg\" src=\"http:\/\/www.radiopiu.net\/wordpress\/wp-content\/uploads\/2019\/06\/INCA-1.mp3?_=6\" \/><a href=\"http:\/\/www.radiopiu.net\/wordpress\/wp-content\/uploads\/2019\/06\/INCA-1.mp3\">http:\/\/www.radiopiu.net\/wordpress\/wp-content\/uploads\/2019\/06\/INCA-1.mp3<\/a><\/audio>\n<h2>DEPUTATO DARIO BOND FI<\/h2>\n<audio class=\"wp-audio-shortcode\" id=\"audio-89501-7\" preload=\"none\" style=\"width: 100%;\" controls=\"controls\"><source type=\"audio\/mpeg\" src=\"http:\/\/www.radiopiu.net\/wordpress\/wp-content\/uploads\/2019\/06\/bond-2.mp3?_=7\" \/><a href=\"http:\/\/www.radiopiu.net\/wordpress\/wp-content\/uploads\/2019\/06\/bond-2.mp3\">http:\/\/www.radiopiu.net\/wordpress\/wp-content\/uploads\/2019\/06\/bond-2.mp3<\/a><\/audio>\n<h2>DEPUTATO ROGER DE MENECH PD<\/h2>\n<audio class=\"wp-audio-shortcode\" id=\"audio-89501-8\" preload=\"none\" style=\"width: 100%;\" controls=\"controls\"><source type=\"audio\/mpeg\" src=\"http:\/\/www.radiopiu.net\/wordpress\/wp-content\/uploads\/2019\/06\/DE-MENECH.mp3?_=8\" \/><a href=\"http:\/\/www.radiopiu.net\/wordpress\/wp-content\/uploads\/2019\/06\/DE-MENECH.mp3\">http:\/\/www.radiopiu.net\/wordpress\/wp-content\/uploads\/2019\/06\/DE-MENECH.mp3<\/a><\/audio>\n<h2>STEFANO GHEZZE (impianti fune)<\/h2>\n<audio class=\"wp-audio-shortcode\" id=\"audio-89501-9\" preload=\"none\" style=\"width: 100%;\" controls=\"controls\"><source type=\"audio\/mpeg\" src=\"http:\/\/www.radiopiu.net\/wordpress\/wp-content\/uploads\/2019\/06\/GHEDINA.mp3?_=9\" \/><a href=\"http:\/\/www.radiopiu.net\/wordpress\/wp-content\/uploads\/2019\/06\/GHEDINA.mp3\">http:\/\/www.radiopiu.net\/wordpress\/wp-content\/uploads\/2019\/06\/GHEDINA.mp3<\/a><\/audio>\n<p>&nbsp;<\/p>\n<p><strong>CAMPIONESSE ITALIANE ALLEGHE HOCKEY IN FESTA CON CRISTIAN COACH SCHIVO E I FUORICLASSE KRISTIAN GHEDINA E MANUEL DE TONI\u00a0<\/strong><\/p>\n<p><a class=\"dt-pswp-item\" href=\"http:\/\/www.radiopiu.net\/wordpress\/wp-content\/uploads\/2019\/06\/8426d8ae-36da-40ae-95b9-9f224d1f2d3c.jpg\" data-dt-img-description=\"\" data-large_image_width=\"1600\" data-large_image_height=\"900\"><img loading=\"lazy\" decoding=\"async\" class=\"alignnone wp-image-89592 size-large\" src=\"http:\/\/www.radiopiu.net\/wordpress\/wp-content\/uploads\/2019\/06\/8426d8ae-36da-40ae-95b9-9f224d1f2d3c-1024x576.jpg\" alt=\"\" width=\"1024\" height=\"576\" srcset=\"https:\/\/www.radiopiu.net\/wordpress\/wp-content\/uploads\/2019\/06\/8426d8ae-36da-40ae-95b9-9f224d1f2d3c-1024x576.jpg 1024w, https:\/\/www.radiopiu.net\/wordpress\/wp-content\/uploads\/2019\/06\/8426d8ae-36da-40ae-95b9-9f224d1f2d3c-300x169.jpg 300w, https:\/\/www.radiopiu.net\/wordpress\/wp-content\/uploads\/2019\/06\/8426d8ae-36da-40ae-95b9-9f224d1f2d3c-768x432.jpg 768w, https:\/\/www.radiopiu.net\/wordpress\/wp-content\/uploads\/2019\/06\/8426d8ae-36da-40ae-95b9-9f224d1f2d3c.jpg 1600w\" sizes=\"auto, (max-width: 1024px) 100vw, 1024px\" \/><\/a><\/p>\n<p>&nbsp;<\/p>\n<p>&nbsp;<\/p>\n<p>&nbsp;<\/p>\n<p>&nbsp;<\/p>\n<p><u><b>SINDACATO AUTONOMO POLIZIA &#8220;PER LE OLIMPIADI SERVE UN NUOVO COMMISSARIATO&#8221;<\/b><\/u><\/p>\n<p><a class=\"dt-pswp-item\" href=\"http:\/\/www.radiopiu.net\/wordpress\/wp-content\/uploads\/2019\/06\/Cortina-Commissariato.jpg\" data-dt-img-description=\"\" data-large_image_width=\"637\" data-large_image_height=\"960\"><img loading=\"lazy\" decoding=\"async\" class=\" wp-image-89565 alignleft\" src=\"http:\/\/www.radiopiu.net\/wordpress\/wp-content\/uploads\/2019\/06\/Cortina-Commissariato-199x300.jpg\" alt=\"\" width=\"179\" height=\"270\" srcset=\"https:\/\/www.radiopiu.net\/wordpress\/wp-content\/uploads\/2019\/06\/Cortina-Commissariato-199x300.jpg 199w, https:\/\/www.radiopiu.net\/wordpress\/wp-content\/uploads\/2019\/06\/Cortina-Commissariato.jpg 637w\" sizes=\"auto, (max-width: 179px) 100vw, 179px\" \/><\/a>Accogliamo con immensa gioia l&#8217;annuncio che sar\u00e0 &#8220;Milano Cortina&#8221; la sede delle olimpiadi invernali del 2026 &#8211; afferma la Segreteria Provinciale del Sap (Sindacato Autonomo di Polizia) di Belluno. Cos\u00ec come sottolineato dal Ministro dell&#8217;Interno Matteo Salvini, i giochi olimpici e paralimpici invernali del 2026 significheranno migliaia di posti di lavoro creati, tanti investimenti con conseguente rilevante indotto. In termini di investimenti auspichiamo &#8211; e lo chiederemo a gran voce &#8211; che Cortina possa per l&#8217;occasione avere finalmente un nuovo Commissariato, atteso che l&#8217;attuale struttura in Largo delle Poste risulta oggi totalmente inadeguata al servizio di Polizia e non \u00e8 sicuramente idonea come centro nevralgico per la sicurezza di un evento di tale portata. Una struttura al cui interno dovranno essere previsti gli alloggi per i poliziotti, oggi dislocati a San Vito di Cadore. L&#8217;organico del Commissariato &#8211; al di l\u00e0 del personale che per l&#8217;occasione verr\u00e0 aggregato da ogni parte d&#8217;Italia &#8211; dovr\u00e0 essere assolutamente implementato, colmando il gap attuale pari a 20 unit\u00e0. Sar\u00e0 infine assolutamente necessario ripristinare l&#8217;operativit\u00e0 del Posto di Polizia Ferroviaria di Calalzo di Cadore oramai da tempo non pi\u00f9 operativo. Ci congratuliamo vivamente &#8211; conclude il Sap &#8211; con il Governatore del Veneto Luca Zaia e con il Sindaco di Cortina Gianpietro Ghedina per questo grande risultato.<\/p>\n<p>&nbsp;<\/p>\n<p>&nbsp;<\/p>\n<h4>FINO A VENERDI CHIUSURA DELLA STRADA PER LA VALLE DEL MIS, DALLE 8 ALLE 12 E DALLE 13 ALLE 17.30 I cartelli sono a Mas e a Volpez.<\/h4>\n<p><a class=\"dt-pswp-item\" href=\"http:\/\/www.radiopiu.net\/wordpress\/wp-content\/uploads\/2019\/06\/65014358_2375559316057561_3846902245958352896_n.jpg\" data-dt-img-description=\"\" data-large_image_width=\"1152\" data-large_image_height=\"864\"><img loading=\"lazy\" decoding=\"async\" class=\"alignnone size-medium wp-image-89450\" src=\"http:\/\/www.radiopiu.net\/wordpress\/wp-content\/uploads\/2019\/06\/65014358_2375559316057561_3846902245958352896_n-300x225.jpg\" alt=\"\" width=\"300\" height=\"225\" srcset=\"https:\/\/www.radiopiu.net\/wordpress\/wp-content\/uploads\/2019\/06\/65014358_2375559316057561_3846902245958352896_n-300x225.jpg 300w, https:\/\/www.radiopiu.net\/wordpress\/wp-content\/uploads\/2019\/06\/65014358_2375559316057561_3846902245958352896_n-768x576.jpg 768w, https:\/\/www.radiopiu.net\/wordpress\/wp-content\/uploads\/2019\/06\/65014358_2375559316057561_3846902245958352896_n-1024x768.jpg 1024w, https:\/\/www.radiopiu.net\/wordpress\/wp-content\/uploads\/2019\/06\/65014358_2375559316057561_3846902245958352896_n.jpg 1152w\" sizes=\"auto, (max-width: 300px) 100vw, 300px\" \/><\/a><\/p>\n<p>&nbsp;<\/p>\n<p>&nbsp;<\/p>\n<p>&nbsp;<\/p>\n<blockquote>\n<h3>PROBLEMI QUOTIDIANI, IERI SERA STRADA PER LO CHALET, DESTRA LAGO DI ALLEGHE, COMUNE ROCCA PIETORE<\/h3>\n<\/blockquote>\n<p><a class=\"dt-pswp-item\" href=\"http:\/\/www.radiopiu.net\/wordpress\/wp-content\/uploads\/2019\/06\/64845238_10220057405332267_2354148201449127936_n.jpg\" data-dt-img-description=\"\" data-large_image_width=\"960\" data-large_image_height=\"720\"><img loading=\"lazy\" decoding=\"async\" class=\"alignnone size-medium wp-image-89590\" src=\"http:\/\/www.radiopiu.net\/wordpress\/wp-content\/uploads\/2019\/06\/64845238_10220057405332267_2354148201449127936_n-300x225.jpg\" alt=\"\" width=\"300\" height=\"225\" srcset=\"https:\/\/www.radiopiu.net\/wordpress\/wp-content\/uploads\/2019\/06\/64845238_10220057405332267_2354148201449127936_n-300x225.jpg 300w, https:\/\/www.radiopiu.net\/wordpress\/wp-content\/uploads\/2019\/06\/64845238_10220057405332267_2354148201449127936_n-768x576.jpg 768w, https:\/\/www.radiopiu.net\/wordpress\/wp-content\/uploads\/2019\/06\/64845238_10220057405332267_2354148201449127936_n.jpg 960w\" sizes=\"auto, (max-width: 300px) 100vw, 300px\" \/><\/a><\/p>\n<h3><\/h3>\n<h3><\/h3>\n<p>&nbsp;<\/p>\n<h3>SOCCORSO SULLA FERRATA<\/h3>\n<p><strong><a class=\"dt-pswp-item\" href=\"http:\/\/www.radiopiu.net\/wordpress\/wp-content\/uploads\/2019\/05\/ELI-SUEM-SOCC-3-1.jpg\" data-dt-img-description=\"\" data-large_image_width=\"1600\" data-large_image_height=\"900\"><img loading=\"lazy\" decoding=\"async\" class=\" wp-image-86194 alignleft\" src=\"http:\/\/www.radiopiu.net\/wordpress\/wp-content\/uploads\/2019\/05\/ELI-SUEM-SOCC-3-1-300x169.jpg\" alt=\"\" width=\"201\" height=\"113\" srcset=\"https:\/\/www.radiopiu.net\/wordpress\/wp-content\/uploads\/2019\/05\/ELI-SUEM-SOCC-3-1-300x169.jpg 300w, https:\/\/www.radiopiu.net\/wordpress\/wp-content\/uploads\/2019\/05\/ELI-SUEM-SOCC-3-1-768x432.jpg 768w, https:\/\/www.radiopiu.net\/wordpress\/wp-content\/uploads\/2019\/05\/ELI-SUEM-SOCC-3-1-1024x576.jpg 1024w, https:\/\/www.radiopiu.net\/wordpress\/wp-content\/uploads\/2019\/05\/ELI-SUEM-SOCC-3-1.jpg 1600w\" sizes=\"auto, (max-width: 201px) 100vw, 201px\" \/><\/a>CORTINA<\/strong> Alle 13 circa la Centrale del 118 \u00e8 stata contattata da un escursionista che si era imbattuto in una coppia tedesca, bloccata e incapace di proseguire a met\u00e0 della Ferrata Sci club 18. Marito e moglie tedeschi, 70 anni lui, 67 anni lei, erano fortunatamente incolumi, sebbene fossero caduti. L&#8217;elicottero del Suem di Pieve di Cadore li ha individuati a 1.900 metri di quota e, dopo che il tecnico del Soccorso alpino dell&#8217;equipaggio li ha recuperati con un verricello, li ha trasportati a valle. Pronto a intervenire il Soccorso alpino di Cortina.<\/p>\n<h3>RECUPERATI ESCURSIONISTI IN DIFFICOLT\u00c0<\/h3>\n<p><strong>CORTINA\u00a0<\/strong> Alle 15.50 circa la Centrale del 118 ha ricevuto la chiamata di due escursionisti francesi, lei 47 anni, lui 40, in difficolt\u00e0 sul Monte Ciaval. Partiti per un giro di pi\u00f9 giorni, erano saliti dalla Val Travenanzes diretti al Bivacco Pace, ma arrivati a Forcella Ciase, a 2.800 metri di quota, avevano trovato neve e, con gli zaini carichi, non se la erano sentiti di rischiare di proseguire. Individuata dall&#8217;elicottero del Suem di Pieve di Cadore, la coppia \u00e8 stata recuperata con il verricello dal tecnico di elisoccorso e trasportata a valle.<\/p>\n<p>&nbsp;<\/p>\n<p>&nbsp;<\/p>\n<p><strong><a class=\"dt-pswp-item\" href=\"http:\/\/www.radiopiu.net\/wordpress\/wp-content\/uploads\/2019\/06\/65456431_10156405259392544_8952229664831569920_n.jpg\" data-dt-img-description=\"\" data-large_image_width=\"960\" data-large_image_height=\"720\"><img loading=\"lazy\" decoding=\"async\" class=\"wp-image-89577 alignleft\" src=\"http:\/\/www.radiopiu.net\/wordpress\/wp-content\/uploads\/2019\/06\/65456431_10156405259392544_8952229664831569920_n-300x225.jpg\" alt=\"\" width=\"191\" height=\"143\" srcset=\"https:\/\/www.radiopiu.net\/wordpress\/wp-content\/uploads\/2019\/06\/65456431_10156405259392544_8952229664831569920_n-300x225.jpg 300w, https:\/\/www.radiopiu.net\/wordpress\/wp-content\/uploads\/2019\/06\/65456431_10156405259392544_8952229664831569920_n-768x576.jpg 768w, https:\/\/www.radiopiu.net\/wordpress\/wp-content\/uploads\/2019\/06\/65456431_10156405259392544_8952229664831569920_n.jpg 960w\" sizes=\"auto, (max-width: 191px) 100vw, 191px\" \/><\/a>SCHIUCAZ, IL MESSAGGIO DELL&#8217;ASSESSORE ALLA PROTEZIONE CIVILE, GIAMPAOLO BOTTACIN<\/strong><\/p>\n<p>e a\u00a0<a class=\"_58cn\" href=\"https:\/\/www.facebook.com\/hashtag\/schiucaz?source=feed_text&amp;epa=HASHTAG&amp;__xts__%5B0%5D=68.ARAfAuQzW7NVKEtgka7DdlDlNq5cXWn5N4IMvl3z4PrFEb0LJUT9VIQG7t2XIFaYL45bUYlhNqxqx3WCViMo6_0vHTJmS9iMCHueMnfUqaEpWfpko4W6NniwU3d01qchzESUhvSg2mPOy1Tvrx8fFwsQYVze7Zj6hqY5S2gxW-eOtuv6xpNeaqmTX4CmdO8IvYABQ5L2bV_N3eD-H1GqXOcxeQ_Sp_qvi7cIGplfl6Rx4p2M9XUE3AnQpg62iqxYsDfZJkB7tt1bsTlps4fIuzWNZxCqcWrygLDnPNsAEL64s5pNFVsmRh7I2hF2zeoEnD3SVRYLqkNG-JZy5A&amp;__tn__=%2ANK-R\" data-ft=\"{&quot;type&quot;:104,&quot;tn&quot;:&quot;*N&quot;}\"><span class=\"_5afx\"><span class=\"_58cl _5afz\" aria-label=\"hashtag\">#<\/span><span class=\"_58cm\">Schiucaz<\/span><\/span><\/a>\u00a0(<a class=\"_58cn\" href=\"https:\/\/www.facebook.com\/hashtag\/alpago?source=feed_text&amp;epa=HASHTAG&amp;__xts__%5B0%5D=68.ARAfAuQzW7NVKEtgka7DdlDlNq5cXWn5N4IMvl3z4PrFEb0LJUT9VIQG7t2XIFaYL45bUYlhNqxqx3WCViMo6_0vHTJmS9iMCHueMnfUqaEpWfpko4W6NniwU3d01qchzESUhvSg2mPOy1Tvrx8fFwsQYVze7Zj6hqY5S2gxW-eOtuv6xpNeaqmTX4CmdO8IvYABQ5L2bV_N3eD-H1GqXOcxeQ_Sp_qvi7cIGplfl6Rx4p2M9XUE3AnQpg62iqxYsDfZJkB7tt1bsTlps4fIuzWNZxCqcWrygLDnPNsAEL64s5pNFVsmRh7I2hF2zeoEnD3SVRYLqkNG-JZy5A&amp;__tn__=%2ANK-R\" data-ft=\"{&quot;type&quot;:104,&quot;tn&quot;:&quot;*N&quot;}\"><span class=\"_5afx\"><span class=\"_58cl _5afz\" aria-label=\"hashtag\">#<\/span><span class=\"_58cm\">Alpago<\/span><\/span><\/a>) continua la riprofilatura dei versanti della\u00a0<a class=\"_58cn\" href=\"https:\/\/www.facebook.com\/hashtag\/frana?source=feed_text&amp;epa=HASHTAG&amp;__xts__%5B0%5D=68.ARAfAuQzW7NVKEtgka7DdlDlNq5cXWn5N4IMvl3z4PrFEb0LJUT9VIQG7t2XIFaYL45bUYlhNqxqx3WCViMo6_0vHTJmS9iMCHueMnfUqaEpWfpko4W6NniwU3d01qchzESUhvSg2mPOy1Tvrx8fFwsQYVze7Zj6hqY5S2gxW-eOtuv6xpNeaqmTX4CmdO8IvYABQ5L2bV_N3eD-H1GqXOcxeQ_Sp_qvi7cIGplfl6Rx4p2M9XUE3AnQpg62iqxYsDfZJkB7tt1bsTlps4fIuzWNZxCqcWrygLDnPNsAEL64s5pNFVsmRh7I2hF2zeoEnD3SVRYLqkNG-JZy5A&amp;__tn__=%2ANK-R\" data-ft=\"{&quot;type&quot;:104,&quot;tn&quot;:&quot;*N&quot;}\"><span class=\"_5afx\"><span class=\"_58cl _5afz\" aria-label=\"hashtag\">#<\/span><span class=\"_58cm\">frana<\/span><\/span><\/a> con mezzi meccanici. Come si pu\u00f2 ben vedere dalle immagini non \u00e8 un&#8217;operazione semplice. Ma gli operatori non si fermano oggi\u00a0 riprendono le attivit\u00e0\u00a0 rodittive. <a class=\"_58cn\" href=\"https:\/\/www.facebook.com\/hashtag\/cantiere?source=feed_text&amp;epa=HASHTAG&amp;__xts__%5B0%5D=68.ARAfAuQzW7NVKEtgka7DdlDlNq5cXWn5N4IMvl3z4PrFEb0LJUT9VIQG7t2XIFaYL45bUYlhNqxqx3WCViMo6_0vHTJmS9iMCHueMnfUqaEpWfpko4W6NniwU3d01qchzESUhvSg2mPOy1Tvrx8fFwsQYVze7Zj6hqY5S2gxW-eOtuv6xpNeaqmTX4CmdO8IvYABQ5L2bV_N3eD-H1GqXOcxeQ_Sp_qvi7cIGplfl6Rx4p2M9XUE3AnQpg62iqxYsDfZJkB7tt1bsTlps4fIuzWNZxCqcWrygLDnPNsAEL64s5pNFVsmRh7I2hF2zeoEnD3SVRYLqkNG-JZy5A&amp;__tn__=%2ANK-R\" data-ft=\"{&quot;type&quot;:104,&quot;tn&quot;:&quot;*N&quot;}\"><span class=\"_5afx\"><span class=\"_58cl _5afz\" aria-label=\"hashtag\">#<\/span><span class=\"_58cm\">cantiere<\/span><\/span><\/a><a class=\"_58cn\" href=\"https:\/\/www.facebook.com\/hashtag\/complesso?source=feed_text&amp;epa=HASHTAG&amp;__xts__%5B0%5D=68.ARAfAuQzW7NVKEtgka7DdlDlNq5cXWn5N4IMvl3z4PrFEb0LJUT9VIQG7t2XIFaYL45bUYlhNqxqx3WCViMo6_0vHTJmS9iMCHueMnfUqaEpWfpko4W6NniwU3d01qchzESUhvSg2mPOy1Tvrx8fFwsQYVze7Zj6hqY5S2gxW-eOtuv6xpNeaqmTX4CmdO8IvYABQ5L2bV_N3eD-H1GqXOcxeQ_Sp_qvi7cIGplfl6Rx4p2M9XUE3AnQpg62iqxYsDfZJkB7tt1bsTlps4fIuzWNZxCqcWrygLDnPNsAEL64s5pNFVsmRh7I2hF2zeoEnD3SVRYLqkNG-JZy5A&amp;__tn__=%2ANK-R\" data-ft=\"{&quot;type&quot;:104,&quot;tn&quot;:&quot;*N&quot;}\"><span class=\"_5afx\"><span class=\"_58cl _5afz\" aria-label=\"hashtag\">#<\/span><span class=\"_58cm\">complesso<\/span><\/span><\/a>\u00a0Grazie a tutti.<\/p>\n<p>&nbsp;<\/p>\n<p>&nbsp;<\/p>\n<h3>MALTEMPO 2018. GIOVED\u00cc ALLE 13 A VICENZA LA PRESENTAZIONE DELL\u2019ESERCITAZIONE POST-VAIA DELLA PROTEZIONE CIVILE.<\/h3>\n<p><strong>VENEZIA\u00a0<\/strong> Gioved\u00ec\u00a0 alle\u00a0 13 nella sala giunta della Provincia di Vicenza sar\u00e0 presentata l\u2019esercitazione regionale di Protezione Civile \u201cProva di Soccorso Vaia 2019\u201d. <em>\u201cSi tratta di un\u2019esercitazione che ha gi\u00e0 preso avvio nel bellunese \u2013 spiega l\u2019assessore regionale alla Protezione Civile Gianpaolo Bottacin \u2013 complessivamente stiamo parlando di mille volontari al lavoro nelle nostre montagne cos\u00ec profondamente ferite da Vaia. Gioved\u00ec spiegheremo tutti i dettagli degli interventi che saranno realizzati nel campo di Asiago.\u201d<\/em> Alla presentazione di gioved\u00ec saranno presenti oltre all\u2019assessore Bottacin, al presidente della provincia di Vicenza Francesco Rucco e ai rappresentanti della Protezione Civile, i sindaci dei Comuni interessati dall\u2019esercitazione.<\/p>\n<p>&nbsp;<\/p>\n<p>&nbsp;<\/p>\n<h3><a class=\"dt-pswp-item\" href=\"http:\/\/www.radiopiu.net\/wordpress\/wp-content\/uploads\/2019\/05\/LIVINALLONGO-DANIELA-TEMPLARI.jpg\" data-dt-img-description=\"\" data-large_image_width=\"632\" data-large_image_height=\"766\"><img loading=\"lazy\" decoding=\"async\" class=\"wp-image-86469 alignleft\" src=\"http:\/\/www.radiopiu.net\/wordpress\/wp-content\/uploads\/2019\/05\/LIVINALLONGO-DANIELA-TEMPLARI-248x300.jpg\" alt=\"\" width=\"83\" height=\"101\" srcset=\"https:\/\/www.radiopiu.net\/wordpress\/wp-content\/uploads\/2019\/05\/LIVINALLONGO-DANIELA-TEMPLARI-248x300.jpg 248w, https:\/\/www.radiopiu.net\/wordpress\/wp-content\/uploads\/2019\/05\/LIVINALLONGO-DANIELA-TEMPLARI.jpg 632w\" sizes=\"auto, (max-width: 83px) 100vw, 83px\" \/><\/a>NON ME LA SONO PRESA PER LA SCONFITTA, STO FACENDO IL MIO LAVORO COME CONSIGLIERE COMUNALE DI OPPOSIZIONE.<\/h3>\n<p><strong>Daniela Templari ribatte a Grones.<\/strong><\/p>\n<audio class=\"wp-audio-shortcode\" id=\"audio-89501-10\" preload=\"none\" style=\"width: 100%;\" controls=\"controls\"><source type=\"audio\/mpeg\" src=\"http:\/\/www.radiopiu.net\/wordpress\/wp-content\/uploads\/2019\/06\/TEMPLARI.mp3?_=10\" \/><a href=\"http:\/\/www.radiopiu.net\/wordpress\/wp-content\/uploads\/2019\/06\/TEMPLARI.mp3\">http:\/\/www.radiopiu.net\/wordpress\/wp-content\/uploads\/2019\/06\/TEMPLARI.mp3<\/a><\/audio>\n<p>&nbsp;<\/p>\n<p>&nbsp;<\/p>\n<p>&nbsp;<\/p>\n<p>&nbsp;<\/p>\n<h2>FONDAZIONE FIBROSI CISTICA, NEL RICORDO DI MARCO.<\/h2>\n<p><strong><a class=\"dt-pswp-item\" href=\"http:\/\/www.radiopiu.net\/wordpress\/wp-content\/uploads\/2015\/06\/fibrosi-cistica-logo.jpg\" data-dt-img-description=\"\" data-large_image_width=\"300\" data-large_image_height=\"235\"><img loading=\"lazy\" decoding=\"async\" class=\" wp-image-5998 alignleft\" src=\"http:\/\/www.radiopiu.net\/wordpress\/wp-content\/uploads\/2015\/06\/fibrosi-cistica-logo-300x235.jpg\" alt=\"\" width=\"181\" height=\"142\" \/><\/a>BELLUNO<\/strong> <em>&#8220;Quest&#8217;anno non abbiamo raggiunto quota 20mila come nel maggio dello scorso anno, ma solo perch\u00e9 sono mancate alcune classi delle nostre scuole, bravura e partecipazione anche quest&#8217;anno comunque commuove&#8221;.<\/em> Lo dice Bice Gallo, dalla fondazione Fibrosi Cistica di Belluno al termine della raccolta primaverile che ha permesso di adottare un progetto da 35 mila euro, aprendone un secondo da 40 mila. <em>&#8220;Voglio ringraziare dal profondo del cuore tutti gli amici che sono stati vicini alla mia famiglia nei giorni duri e pesanti per la perdita di nostro figlio Marco che sar\u00e0 sempre al centro del nostro lavoro all&#8217;interno della Fondazione fino a quando ne avr\u00f2 la forza e fino a quando ricever\u00f2 aiuti dalla gente&#8221; <\/em><strong>LE DONAZIONI PER UN TOTALE DI 18.762<\/strong> euro: Agordino 5689 euro, Alpago 1215, Belluno 2968, Cadore 390, Comelico 1900, Scuole 6600 Dall&#8217;elenco delle donazione manca per la prima volta Luxottica<em> &#8220;Non ci siamo andati per non raccogliere le solite 35-40 donazioni solo dai &#8220;vecchi&#8221; lavoratori.<\/em><\/p>\n<p>&nbsp;<\/p>\n<p>&nbsp;<\/p>\n<p>&nbsp;<\/p>\n<p>&nbsp;<\/p>\n<p>&nbsp;<\/p>\n<h2>ECCO LA SPARTAN, NEL FINE SETTIMANA AD ALLEGHE<\/h2>\n<p><strong><a class=\"dt-pswp-item\" href=\"http:\/\/www.radiopiu.net\/wordpress\/wp-content\/uploads\/2018\/03\/Spartan_black-red-white-1.png\" data-dt-img-description=\"\" data-large_image_width=\"750\" data-large_image_height=\"161\"><img loading=\"lazy\" decoding=\"async\" class=\" wp-image-45212 alignleft\" src=\"http:\/\/www.radiopiu.net\/wordpress\/wp-content\/uploads\/2018\/03\/Spartan_black-red-white-1-300x64.png\" alt=\"\" width=\"192\" height=\"41\" srcset=\"https:\/\/www.radiopiu.net\/wordpress\/wp-content\/uploads\/2018\/03\/Spartan_black-red-white-1-300x64.png 300w, https:\/\/www.radiopiu.net\/wordpress\/wp-content\/uploads\/2018\/03\/Spartan_black-red-white-1.png 750w\" sizes=\"auto, (max-width: 192px) 100vw, 192px\" \/><\/a>ALLEGHE<\/strong> Domani alle 11.30 alla Grande Baita Civetta ai Piani di Pezz\u00e8 conferenza stampa di presentazione dell&#8217;evento internazionale Spartan European Championship Dolomiti-Alleghe\/Civetta\u00a0 in programma per il secondo anno consecutivo nel fine settimana.\u00a0 <strong>INTERVERRANNO:\u00a0<\/strong>Danilo De Toni sindaco di Alleghe, Angelo Zomegnan licenziatario Spartan Race Italia, Andrea Dal Farra responsabile marketing Alleghe Funivie, Cristian Moretti direttore impianti Alleghe Funivie, Cesare Soraru&#8217; presidente consorzio impianti a fune Civetta.<\/p>\n<blockquote><p><strong>oggi alle 15.10 e alle 21 lo speciale alla radio<\/strong><br \/>\nSergio Pra e Cristian Moretti ci parlano della prossima stagione estiva di Alleghe Funivie e in particolare della Spartan Race. Una spettacolare due giorni di gara di corsa che prevede impegnativi ostacoli. diverse le prove nel week end di gara del 29 e 30 giugno<\/p><\/blockquote>\n<p>&nbsp;<\/p>\n<p>&nbsp;<\/p>\n<h3>SOLIDARIETA&#8217; DA VALBELLUNA EMERGENZA PER SELVA DI CADORE, IL GRAZIE DEL SINDACO SILVIA CESTARO<\/h3>\n<p>AUDIO<\/p>\n<audio class=\"wp-audio-shortcode\" id=\"audio-89501-11\" preload=\"none\" style=\"width: 100%;\" controls=\"controls\"><source type=\"audio\/mpeg\" src=\"http:\/\/www.radiopiu.net\/wordpress\/wp-content\/uploads\/2019\/06\/silvia.mp3?_=11\" \/><a href=\"http:\/\/www.radiopiu.net\/wordpress\/wp-content\/uploads\/2019\/06\/silvia.mp3\">http:\/\/www.radiopiu.net\/wordpress\/wp-content\/uploads\/2019\/06\/silvia.mp3<\/a><\/audio>\n<p><a class=\"dt-pswp-item\" href=\"http:\/\/www.radiopiu.net\/wordpress\/wp-content\/uploads\/2019\/06\/WhatsApp-Image-2019-06-24-at-08.55.23.jpeg\" data-dt-img-description=\"\" data-large_image_width=\"1296\" data-large_image_height=\"864\"><img loading=\"lazy\" decoding=\"async\" class=\"alignnone wp-image-89546 size-large\" src=\"http:\/\/www.radiopiu.net\/wordpress\/wp-content\/uploads\/2019\/06\/WhatsApp-Image-2019-06-24-at-08.55.23-1024x683.jpeg\" alt=\"\" width=\"1024\" height=\"683\" srcset=\"https:\/\/www.radiopiu.net\/wordpress\/wp-content\/uploads\/2019\/06\/WhatsApp-Image-2019-06-24-at-08.55.23-1024x683.jpeg 1024w, https:\/\/www.radiopiu.net\/wordpress\/wp-content\/uploads\/2019\/06\/WhatsApp-Image-2019-06-24-at-08.55.23-300x200.jpeg 300w, https:\/\/www.radiopiu.net\/wordpress\/wp-content\/uploads\/2019\/06\/WhatsApp-Image-2019-06-24-at-08.55.23-768x512.jpeg 768w, https:\/\/www.radiopiu.net\/wordpress\/wp-content\/uploads\/2019\/06\/WhatsApp-Image-2019-06-24-at-08.55.23.jpeg 1296w\" sizes=\"auto, (max-width: 1024px) 100vw, 1024px\" \/><\/a><\/p>\n<p>&nbsp;<\/p>\n<p>&nbsp;<\/p>\n<p>&nbsp;<\/p>\n<p>&nbsp;<\/p>\n<blockquote>\n<h2>FELTRE START LAB Lo sportello per il concorso di idee<\/h2>\n<\/blockquote>\n<p><a class=\"dt-pswp-item\" href=\"http:\/\/www.radiopiu.net\/wordpress\/wp-content\/uploads\/2019\/06\/felter3-lab.jpg\" data-dt-img-description=\"\" data-large_image_width=\"4962\" data-large_image_height=\"3072\"><img loading=\"lazy\" decoding=\"async\" class=\" wp-image-89502 alignleft\" src=\"http:\/\/www.radiopiu.net\/wordpress\/wp-content\/uploads\/2019\/06\/felter3-lab-300x186.jpg\" alt=\"\" width=\"198\" height=\"123\" srcset=\"https:\/\/www.radiopiu.net\/wordpress\/wp-content\/uploads\/2019\/06\/felter3-lab-300x186.jpg 300w, https:\/\/www.radiopiu.net\/wordpress\/wp-content\/uploads\/2019\/06\/felter3-lab-768x475.jpg 768w, https:\/\/www.radiopiu.net\/wordpress\/wp-content\/uploads\/2019\/06\/felter3-lab-1024x634.jpg 1024w\" sizes=\"auto, (max-width: 198px) 100vw, 198px\" \/><\/a><strong>FELTRE<\/strong> Domani \u00a0servizio di sportello a supporto di chi vuole presentare un progetto al concorso Feltre Start Lab. In palio ventunmila euro e tre percorsi di accompagnamento. Sono questi i premi in palio nel concorso di idee Feltre Start Lab per far nascere nuove imprese sul territorio cittadino. Il contest \u00e8 dedicato a chi ha un&#8217;idea o un progetto imprenditoriale interessante da sviluppare e andr\u00e0 a premiare le 3 migliori proposte. Lo sportello si svolger\u00e0 mercoled\u00ec 26 giugno dalle 14.30 alle 18.30, nel Centro giovani al Campus Tina Merlin. Sar\u00e0 a disposizione per tutti gli intressati un servizio di supporto di chi ha un progetto da candidare. Per partecipare vi chiediamo di segnalare il vostro interesse scrivendo a feltrestartlab@comune.feltre.bl.it. <strong>Cosa si vince? <\/strong>La gara tra idee di impresa andr\u00e0 a premiare le 3 migliori proposte. I vincitori potranno usufruire di una dotazione economica del valore di 7.000 euro in beni e servizi per sostenere i costi d\u2019avviamento, e di un percorso di accompagnamento per implementare e sviluppare l\u2019idea d\u2019impresa. \u00a0 Fac simile all\u2019indirizzo feltrestartlab@comune.feltre.bl.it.<\/p>\n<p>&nbsp;<\/p>\n<p>&nbsp;<\/p>\n<h2>Bus Belluno &#8211; Nevegal Sabato 6 luglio torna la corsa<\/h2>\n<p><strong>BELLUNO\u00a0<\/strong> Torner\u00e0 in funzione sabato 6 luglio la linea \u201cN\u201d &#8211; Nera del trasporto pubblico locale che collegher\u00e0 la stazione ferroviaria di Belluno con il Nevegal: \u00e8 quanto stabilito dalla delibera di Giunta, approvata nel pomeriggio di oggi. Le corse (4 al giorno dal centro citt\u00e0 al Colle, altrettante nella direzione opposta) saranno effettuate tutti i sabati e le domeniche da sabato 6 luglio a domenica 1 settembre; nel periodo pi\u00f9 \u201ccaldo\u201d dal punto di vista turistico, dal 3 al 18 agosto, il servizio sar\u00e0 invece giornaliero (in allegato la tabella degli orari e delle fermate). <em>\u00abRiproponiamo anche quest&#8217;estate ai nostri turisti e ai residenti un&#8217;opportunit\u00e0 diversa per raggiungere il Nevegal. &#8211; commenta l&#8217;assessore alla mobilit\u00e0 sostenibile, Stefania Ganz \u2013 Ci auguriamo che sempre pi\u00f9 persone usufruiscano di questo servizio, che consente di salire sul nostro Colle per gli eventi che verranno organizzati, per un pranzo in rifugio o per una semplice passeggiata, lasciando l&#8217;auto a casa, agevolando cos\u00ec gli spostamenti, riducendo i picchi di traffico e rispettando l&#8217;aria e l&#8217;ambiente della nostra montagna\u00bb.<\/em><\/p>\n<p>&nbsp;<\/p>\n<p>&nbsp;<\/p>\n<h3>BANDO DI CONCORSO PUBBLICO, PER ESAMI<\/h3>\n<p><strong><a class=\"dt-pswp-item\" href=\"http:\/\/www.radiopiu.net\/wordpress\/wp-content\/uploads\/2016\/11\/bandi-e-concorsi.jpg\" data-dt-img-description=\"\" data-large_image_width=\"285\" data-large_image_height=\"270\"><img loading=\"lazy\" decoding=\"async\" class=\"wp-image-25479 alignleft\" src=\"http:\/\/www.radiopiu.net\/wordpress\/wp-content\/uploads\/2016\/11\/bandi-e-concorsi.jpg\" alt=\"\" width=\"147\" height=\"139\" \/><\/a>VOLTAGO<\/strong> E&#8217; \u00a0indetta procedura concorsuale pubblica per soli esami per la copertura, con contratto di lavoro a tempo pieno e indeterminato, di un posto di Istruttore Amministrativo di categoria C1, a tempo pieno e indeterminato, presso l&#8217;Area Amministrativa del Comune di Voltago Agordino, a tempo pieno (prestazione lavorativa pari a 36 ore settimanali). Per ogni chiarimento od informazione, i concorrenti potranno rivolgersi all&#8217;Ufficio Anagrafe del Comune di Voltago Agordino (tel. 0437\/669132) posta elettronica: voltago@agordino.bl.it<\/p>\n<p>&nbsp;<\/p>\n<p>&nbsp;<\/p>\n<h2>L&#8217;OPINIONE<\/h2>\n<p>di Franco Picentini, socio Auser<\/p>\n<blockquote><p><em>\u201cNel nostro paese permane troppa povert\u00e0\u201d<\/em><\/p><\/blockquote>\n<p><b>FELTRE <\/b>In un recente editoriale giornalistico, il prof. Vittorio Filippi evidenziava che la povert\u00e0 a livello nazionale, e anche nel \u201cricco\u201d Nordest d\u2019Italia, rimane ad un livello estremamente preoccupante. Analizzando le percentuali sulle rilevazioni ISTAT (giugno 2019) si riscontra che nel 2018 non c\u2019\u00e8 stata una crescita della povert\u00e0, ma rimane comunque troppa. Le famiglie in condizioni di povert\u00e0 assoluta sono 1.800.000 per un totale di 5 milioni di persone, fra queste un milione e 260 mila sono minori. Le famiglie in povert\u00e0 relativa sono circa tre milioni per quasi nove milioni di persone. Nel Nordest le famiglie povere sono 272.000 per un totale di 748<br \/>\nmila persone. Sono considerate in povert\u00e0 assoluta le famiglie e le persone che non possono permettersi le spese minime per condurre una vita accettabile. La povert\u00e0 relativa esprime le difficolt\u00e0 economiche delle persone nella fruizione di beni e servizi. Soglia di povert\u00e0, due<br \/>\nesempi: per la singola persona \u00e8 pari a 657, 05 \u20acuro mensili; per un nucleo familiare di due persone \u00e8 pari a 1.095, 09 \u20acuro mensili. Con questi redditi, effettivamente, alle porte delle persone povere, ci sono: fame, disperazione e riduzione drastica delle aspettative di vita. Le promesse elettorali sul contrasto alla povert\u00e0, oltre che fantasiose, si sono dimostrate nei fatti, delle vere e proprie umilianti prese in giro. La politica, ovviamente quella seria, per combattere la povert\u00e0, urgentemente prenda e applichi le strategie indicate dal compianto mons. Giovanni Nervo: \u201cl\u2019elaborazione, la sperimentazione, la diffusione di un modello di sviluppo diverso da<br \/>\nquello basato esclusivamente sui meccanismi concorrenziali del mercato, ma basato invece sull\u2019adempimento degli inderogabili doveri di solidariet\u00e0 politica, economica e sociale richiestaper tutti i cittadini dall\u2019articolo 2 della Costituzione\u201d. Sempre mons. Giovanni Nervo, nelle sue lucidissime riflessioni, raccolte nella pubblicazione: \u201cIl fenomeno della povert\u00e0 Aspetti eticovaloriali\u201d(Fondazione E. Zancan \u2013 Edizioni Messaggero Padova), oltre ai fondamentali compiti delle pubbliche amministrazioni, riprendendo la sussidiariet\u00e0 costituzionale, ricorda che \u201cil Terzo Settore, specialmente il Volontariato (n.d.r. se riconosciuto e sostenuto dalla politica), pu\u00f2 raggiungere meglio i bisogni dimenticati, perch\u00e9 opera sulla frontiera dell\u2019emarginazione, ha un maggior radicamento popolare\u201d. La povert\u00e0 colloca la persona nella sfera della solitudine. Il maestro, mons. Giovanni Nervo, nelle sue lezioni di formazione sociale e politica, ricordava che \u201cper vincere la solitudine da emarginazione (n.d.r. i poveri volutamente vengono<br \/>\nemarginati) oltre al Volontariato organizzato, con i suoi preziosi e provvidenziali interventi, c\u2019\u00e8 anche il Volontariato individuale e familiare, da porta a porta, che non ha bisogno di organizzazione e di leggi, ma solo di sensibilit\u00e0 umana, di buon cuore, di buona volont\u00e0, di attenzione rispettosa e disponibile alla vita e alle difficolt\u00e0 delle persone che ci stanno intorno\u201d.<br \/>\nIn questo mix ideale e valoriale, le stesse Confederazioni Cgil Cisl Uil, con le loro azioni di: contrattazione, negoziazione, concertazione e mobilitazione, entrando a pieno titolo in una specifica \u201cmassa critica politica, economica e sociale\u201d, possono benissimo contribuire a ridurre<br \/>\n(sinceramente \u00e8 utopia la sua completa eliminazione) la povert\u00e0 in Italia.<\/p>\n<p>&nbsp;<\/p>\n<p>&nbsp;<\/p>\n<p>&nbsp;<\/p>\n<h3>UNIONE MONTANA, VENERDI IL CONSIGLIO E I GIOCHI SONO APERTI. CHI GUIDERA&#8217; LA SQUADRA DI PALAZZO BIANCO DOPO LE ELEZIONI DI MAGGIO?<\/h3>\n<p><strong><a class=\"dt-pswp-item\" href=\"http:\/\/www.radiopiu.net\/wordpress\/wp-content\/uploads\/2018\/07\/UNIONE-MONTANA.jpg\" data-dt-img-description=\"\" data-large_image_width=\"464\" data-large_image_height=\"660\"><img loading=\"lazy\" decoding=\"async\" class=\"wp-image-53717 alignleft\" src=\"http:\/\/www.radiopiu.net\/wordpress\/wp-content\/uploads\/2018\/07\/UNIONE-MONTANA-211x300.jpg\" alt=\"\" width=\"106\" height=\"151\" srcset=\"https:\/\/www.radiopiu.net\/wordpress\/wp-content\/uploads\/2018\/07\/UNIONE-MONTANA-211x300.jpg 211w, https:\/\/www.radiopiu.net\/wordpress\/wp-content\/uploads\/2018\/07\/UNIONE-MONTANA.jpg 464w\" sizes=\"auto, (max-width: 106px) 100vw, 106px\" \/><\/a><\/strong><\/p>\n<p>&nbsp;<\/p>\n<p>&nbsp;<\/p>\n<p>&nbsp;<\/p>\n<p><strong>DI GIANNI SANTOMASO<\/strong><\/p>\n<audio class=\"wp-audio-shortcode\" id=\"audio-89501-12\" preload=\"none\" style=\"width: 100%;\" controls=\"controls\"><source type=\"audio\/mpeg\" src=\"http:\/\/www.radiopiu.net\/wordpress\/wp-content\/uploads\/2019\/06\/GIANNI-UNIONE.mp3?_=12\" \/><a href=\"http:\/\/www.radiopiu.net\/wordpress\/wp-content\/uploads\/2019\/06\/GIANNI-UNIONE.mp3\">http:\/\/www.radiopiu.net\/wordpress\/wp-content\/uploads\/2019\/06\/GIANNI-UNIONE.mp3<\/a><\/audio>\n<p>&nbsp;<\/p>\n<p>&nbsp;<\/p>\n<p>&nbsp;<\/p>\n<h3 class=\"post-title entry-title\">Nuovo integrativo Luxottica: facciamo chiarezza.<\/h3>\n<div class=\"post-header\">\n<div class=\"post-header-line-1\">DI EMILIO BEZ, UILTEC UIL<\/div>\n<\/div>\n<div id=\"post-body-8291726311984919983\" class=\"post-body entry-content\">\n<div class=\"separator\"><a href=\"https:\/\/1.bp.blogspot.com\/-XIEfTi9GR8Q\/XQ_BIxeoqaI\/AAAAAAAAAjQ\/pgnZRZXy0PkMJ9QfTjRvVcVL6xUmPRKOgCLcBGAs\/s1600\/laptop-3196481_640.jpg\"><img loading=\"lazy\" decoding=\"async\" class=\"alignleft\" src=\"https:\/\/1.bp.blogspot.com\/-XIEfTi9GR8Q\/XQ_BIxeoqaI\/AAAAAAAAAjQ\/pgnZRZXy0PkMJ9QfTjRvVcVL6xUmPRKOgCLcBGAs\/s320\/laptop-3196481_640.jpg\" width=\"185\" height=\"123\" border=\"0\" data-original-height=\"426\" data-original-width=\"640\" \/><\/a><\/div>\n<div align=\"center\"><\/div>\n<p><span lang=\"\">Come era logico, il rinnovo del C.I.A. Luxottica ha avuto grande visibilit\u00e0 su tutti i media anche nazionali, i quali hanno in vari casi riportato informazioni inesatte che stanno generando un po&#8217; di confusione nei colleghi. Vediamo quindi di chiarire alcuni temi del nuovo contratto che negli ultimi due giorni di trattativa ha visto decisivi cambiamenti. Partiamo dal numero pi\u00f9 eclatante ovvero le 1150 assunzioni che, per la quasi totalit\u00e0, sono in realt\u00e0 stabilizzazioni a tempo intederminato in Luxottica di persone che gi\u00e0 vi lavoravano ma con contratto di somministrazione (agenzia). Come \u00e8 noto, la stabilizzazione del maggior numero di persone possibile era uno degli obiettivi primari per le parti sindacali anche se la richiesta era intesa come stabilizzazione a tempo pieno. L&#8217;azienda gi\u00e0 all&#8217;inizio della trattativa aveva dato apertura a discutere del tema, proponendo tuttavia stabilizzazioni a sole 30 ore settimanali. Ovviamente una simile proposta da parte dell&#8217;azienda, sia pur supportata da diverse e concrete motivazioni, non era per niente piaciuta a buona parte dei delegati RSU del coordinamento. Ma, si sa, nelle trattative si parte alti da un lato del tavolo, si parte bassi dall&#8217;altro e in mezzo c&#8217;\u00e8 lo spazio per il confronto, non a caso durato molti mesi, che aveva portato ad iniziare l&#8217;ultimo coordinamento con l&#8217;ipotesi di un part-time a 37 ore medie settimanali, risultanti dalla media di alcuni mesi a 8 ore lavorate giornaliere ed altri mesi a 6 ore. In parallelo l&#8217;azienda accettava di stabilizzare 1000 persone. A inizio coordinamento, alcuni delegati RSU avevano per\u00f2 riportato, condividendole in buona parte, le criticit\u00e0 emerse durante le ultime assemblee di pochi giorni fa nelle quali i colleghi erano stati informati a grandi linee sull&#8217;andamento della trattativa fino ad allora, esclusi quindi i progressi avvenuti negli ultimi giorni prima dell&#8217;incontro. Dai colleghi erano emerse diverse contrariet\u00e0, dovute alle pi\u00f9 che comprensibili preoccupazioni in tema di retribuzione ma anche riguardo argomenti non da poco quali la fruibilit\u00e0 o meno dei servizi di mensa e trasporti nei periodi con l&#8217;orario a 6 ore. Nel corso dei due giorni di trattativa ad oltranza, buona parte delle questioni sono state affrontate con successo, infatti vi \u00e8 l&#8217;impegno dell&#8217;azienda ad organizzare i servizi di mensa e trasporti mentre dal lato economico il ragionamento va impostato considerando pi\u00f9 fattori.\u00a0 Rispetto al tempo pieno, la retribuzione di base \u00e8 direttamente proporzionale alle 37 ore medie lavorate; vi \u00e8 poi una indennit\u00e0 di disagio che vale 700 euro annui per chi lavorer\u00e0 col nuovo orario. Qualcuno si potrebbe chiedere il perch\u00e8 si chiami indennit\u00e0 di disagio: la risposta pi\u00f9 immediata \u00e8 che in un part-time normale \u00e8 il dipendente a indicare, in base alle proprie necessit\u00e0 personali, il periodo e l&#8217;orario per cui richiede di lavorare a tempo parziale. Nel caso del 37 ore \u00e8 invece l&#8217;azienda a comuncare al dipendente il periodo a 6 ore e l&#8217;orario da svolgere, in base alle necessit\u00e0 produttive e di organizzazione del lavoro. Va rimarcato che anche questa indennit\u00e0 \u00e8 frutto dell&#8217;impegnativo confronto tra le parti sindacali e l&#8217;azienda. Giunti fin qui, a prima vista si potrebbe pensare che il passaggio dal tempo pieno con l&#8217;agenzia alle 37 ore in Luxottica non comporti alcun miglioramento economico ma occorre in realt\u00e0 considerare tutto il resto, in primis il premio di risultato per i dipendenti che, negli ultimi anni, ha raggiunto valori record e che pu\u00f2 ancora migliorare in futuro con la nuova scaletta di calcolo introdotta, senza dimenticare altri plus come il pieno accesso a tutto il welfare aziendale e la possibilit\u00e0 di partecipare all&#8217;azionariato diffuso di prossima introduzione. Tutto questo, nell&#8217;insieme, comporta un vantaggio economico per chi viene stabilizzato in Luxottica. Va anche precisato che il nuovo part-time a 37 ore non esclude la possibilit\u00e0 che l&#8217;azienda assuma a tempo pieno, ad esempio nel caso di mansioni per cui non sia necessario l&#8217;orario variabile. Tornando agli avvenimenti dell&#8217;ultimo coordinamento, col passare delle ore per diverse problematiche era stato trovato un punto di mediazione con l&#8217;azienda e, a notte inoltrata di gioved\u00ec, vi era la consapevolezza di essere a buon punto, molto pi\u00f9 avanti di come si era iniziato neanche 48 ore prima quando un accordo sembrava a molti lontano. La svolta decisiva \u00e8 arrivata quando ormai la luce del nuovo giorno cominciava a farsi vedere. Era chiara la non praticabilit\u00e0 di un ulteriore aumento sul lato economico quindi da parte sindacale \u00e8 arrivato il rilancio finale, incentrato principalmente su un maggior numero di assuzioni rispetto alle mille di cui si parlava. L&#8217;azienda, dopo un ultimo time-out, ha accettato buona parte delle richieste finali tra cui le assunzioni che sono diventate 1150. Ben 150 stabilizzazioni a tempo indeterminato in pi\u00f9 che cambiano la vita ad altrettante famiglie.\u00a0 Dopo mesi di duro confronto, ormai era chiaro che non c&#8217;era pi\u00f9 margine e si era giunti al momento del &#8220;prendere o lasciare&#8221;. Visti i risultati ottenuti non solo per l&#8217;occupazione ma anche per\u00a0buona parte degli altri temi discussi, i nazionali delle tre sigle sindacali hanno ritenuto di poter concludere positivamente il rinnovo, ricevendo gli immediati\u00a0applausi di approvazione da parte di quei delegati RSU del coordinamento che li avevano supportati durante la lunga trattativa.\u00a0<\/span><\/p>\n<\/div>\n<div align=\"right\"><\/div>\n<p>&nbsp;<\/p>\n<p>&nbsp;<\/p>\n<h3>LA PRESENTAZIONE DE LA STAGIONE DE LE MUSE<\/h3>\n<blockquote class=\"wp-embedded-content\" data-secret=\"y18KlSFBFM\"><p><a href=\"http:\/\/www.radiopiu.net\/wordpress\/le-muse-le-dolomiti-vii-edizione\/\">LE MUSE &#038; LE DOLOMITI VII EDIZIONE<\/a><\/p><\/blockquote>\n<p><iframe loading=\"lazy\" class=\"wp-embedded-content\" sandbox=\"allow-scripts\" security=\"restricted\" style=\"position: absolute; clip: rect(1px, 1px, 1px, 1px);\" src=\"http:\/\/www.radiopiu.net\/wordpress\/le-muse-le-dolomiti-vii-edizione\/embed\/#?secret=y18KlSFBFM\" data-secret=\"y18KlSFBFM\" width=\"600\" height=\"338\" title=\"&#8220;LE MUSE &#038; LE DOLOMITI VII EDIZIONE&#8221; &#8212; Radio Pi\u00f9\" frameborder=\"0\" marginwidth=\"0\" marginheight=\"0\" scrolling=\"no\"><\/iframe><\/p>\n<h3 class=\"entry-title\">LE MUSE E LE DOLOMITI, PRONTA LA NUOVA STAGIONE<\/h3>\n<blockquote class=\"wp-embedded-content\" data-secret=\"Lcpu1hTZSP\"><p><a href=\"http:\/\/www.radiopiu.net\/wordpress\/le-muse-e-le-dolomiti-pronta-la-nuova-stagione\/\">LE MUSE E LE DOLOMITI, PRONTA LA NUOVA STAGIONE<\/a><\/p><\/blockquote>\n<p><iframe loading=\"lazy\" class=\"wp-embedded-content\" sandbox=\"allow-scripts\" security=\"restricted\" style=\"position: absolute; clip: rect(1px, 1px, 1px, 1px);\" src=\"http:\/\/www.radiopiu.net\/wordpress\/le-muse-e-le-dolomiti-pronta-la-nuova-stagione\/embed\/#?secret=Lcpu1hTZSP\" data-secret=\"Lcpu1hTZSP\" width=\"600\" height=\"338\" title=\"&#8220;LE MUSE E LE DOLOMITI, PRONTA LA NUOVA STAGIONE&#8221; &#8212; Radio Pi\u00f9\" frameborder=\"0\" marginwidth=\"0\" marginheight=\"0\" scrolling=\"no\"><\/iframe><\/p>\n<p>&nbsp;<\/p>\n<p>&nbsp;<\/p>\n<h2>GLI SPECIALI DI RADIO PIU<\/h2>\n<h3 class=\"entry-title\">COMMEMORAZIONE 245 ANNIVERSARIO DI FONDAZIONE DEL CORPO DELLA GUARDIA DI FINANZA<\/h3>\n<blockquote class=\"wp-embedded-content\" data-secret=\"d10IERaJCE\"><p><a href=\"http:\/\/www.radiopiu.net\/wordpress\/commemorazione-245-anniversario-di-fondazione-del-corpo-della-guardia-di-finanza\/\">COMMEMORAZIONE 245 ANNIVERSARIO DI FONDAZIONE DEL CORPO DELLA GUARDIA DI FINANZA<\/a><\/p><\/blockquote>\n<p><iframe loading=\"lazy\" class=\"wp-embedded-content\" sandbox=\"allow-scripts\" security=\"restricted\" style=\"position: absolute; clip: rect(1px, 1px, 1px, 1px);\" src=\"http:\/\/www.radiopiu.net\/wordpress\/commemorazione-245-anniversario-di-fondazione-del-corpo-della-guardia-di-finanza\/embed\/#?secret=d10IERaJCE\" data-secret=\"d10IERaJCE\" width=\"600\" height=\"338\" title=\"&#8220;COMMEMORAZIONE 245 ANNIVERSARIO DI FONDAZIONE DEL CORPO DELLA GUARDIA DI FINANZA&#8221; &#8212; Radio Pi\u00f9\" frameborder=\"0\" marginwidth=\"0\" marginheight=\"0\" scrolling=\"no\"><\/iframe><\/p>\n<p>&nbsp;<\/p>\n<p>&nbsp;<\/p>\n<p>&nbsp;<\/p>\n<h3><a class=\"dt-pswp-item\" href=\"http:\/\/www.radiopiu.net\/wordpress\/wp-content\/uploads\/2018\/09\/appuntamenti.jpeg\" data-dt-img-description=\"\" data-large_image_width=\"800\" data-large_image_height=\"100\"><img loading=\"lazy\" decoding=\"async\" class=\"alignnone size-full wp-image-61958\" src=\"http:\/\/www.radiopiu.net\/wordpress\/wp-content\/uploads\/2018\/09\/appuntamenti.jpeg\" alt=\"\" width=\"800\" height=\"100\" srcset=\"https:\/\/www.radiopiu.net\/wordpress\/wp-content\/uploads\/2018\/09\/appuntamenti.jpeg 800w, https:\/\/www.radiopiu.net\/wordpress\/wp-content\/uploads\/2018\/09\/appuntamenti-300x38.jpeg 300w, https:\/\/www.radiopiu.net\/wordpress\/wp-content\/uploads\/2018\/09\/appuntamenti-768x96.jpeg 768w\" sizes=\"auto, (max-width: 800px) 100vw, 800px\" \/><\/a><\/h3>\n<p>&nbsp;<\/p>\n<h3>Il libro nel ricordo di Cherubino Miana sar\u00e0 presentato\u00a0 sabato<\/h3>\n<p><strong> <a class=\"dt-pswp-item\" href=\"http:\/\/www.radiopiu.net\/wordpress\/wp-content\/uploads\/2019\/06\/62592492_2453742121344639_4010088381613604864_n.jpg\" data-dt-img-description=\"\" data-large_image_width=\"601\" data-large_image_height=\"801\"><img loading=\"lazy\" decoding=\"async\" class=\" wp-image-89524 alignleft\" src=\"http:\/\/www.radiopiu.net\/wordpress\/wp-content\/uploads\/2019\/06\/62592492_2453742121344639_4010088381613604864_n-225x300.jpg\" alt=\"\" width=\"115\" height=\"153\" srcset=\"https:\/\/www.radiopiu.net\/wordpress\/wp-content\/uploads\/2019\/06\/62592492_2453742121344639_4010088381613604864_n-225x300.jpg 225w, https:\/\/www.radiopiu.net\/wordpress\/wp-content\/uploads\/2019\/06\/62592492_2453742121344639_4010088381613604864_n.jpg 601w\" sizes=\"auto, (max-width: 115px) 100vw, 115px\" \/><\/a>AGORDO.<\/strong> &#8220;Tu non sai&#8221; \u00e8 il titolo del libro di Cherubino Miana che verr\u00e0 presentato sabato 29 giugno alle 11 in sala &#8220;don Tamis&#8221; ad Agordo. Si tratta di un volume che raccoglie poesie e racconti di Miana (gi\u00e0 vicesindaco di Voltago dal 2004 al 2009 e presidente dell&#8217;Associazione dei periti minerari), morto nel 2015 dopo una lunga malattia. Il ricavato della vendita sar\u00e0 devoluto all&#8217;associazione Pettirosso Agordino.<\/p>\n<p><strong>L&#8217;INTERVISTA DI RADIO PIU AD ATTILIO PIETROGIOVANNA &#8220;NELLA&#8221;<\/strong><\/p>\n<audio class=\"wp-audio-shortcode\" id=\"audio-89501-13\" preload=\"none\" style=\"width: 100%;\" controls=\"controls\"><source type=\"audio\/mpeg\" src=\"http:\/\/www.radiopiu.net\/wordpress\/wp-content\/uploads\/2019\/06\/ATTILIO-PIETROGIOVANNA.mp3?_=13\" \/><a href=\"http:\/\/www.radiopiu.net\/wordpress\/wp-content\/uploads\/2019\/06\/ATTILIO-PIETROGIOVANNA.mp3\">http:\/\/www.radiopiu.net\/wordpress\/wp-content\/uploads\/2019\/06\/ATTILIO-PIETROGIOVANNA.mp3<\/a><\/audio>\n<p>archivio radio piu&#8230; una delle intervista per El Darlin di Luisa Alchini<\/p>\n<audio class=\"wp-audio-shortcode\" id=\"audio-89501-14\" preload=\"none\" style=\"width: 100%;\" controls=\"controls\"><source type=\"audio\/mpeg\" src=\"http:\/\/www.radiopiu.net\/wordpress\/wp-content\/uploads\/2019\/06\/Cherubino-Miana1.mp3?_=14\" \/><a href=\"http:\/\/www.radiopiu.net\/wordpress\/wp-content\/uploads\/2019\/06\/Cherubino-Miana1.mp3\">http:\/\/www.radiopiu.net\/wordpress\/wp-content\/uploads\/2019\/06\/Cherubino-Miana1.mp3<\/a><\/audio>\n<audio class=\"wp-audio-shortcode\" id=\"audio-89501-15\" preload=\"none\" style=\"width: 100%;\" controls=\"controls\"><source type=\"audio\/mpeg\" src=\"http:\/\/www.radiopiu.net\/wordpress\/wp-content\/uploads\/2019\/06\/Cherubino-Miana2.mp3?_=15\" \/><a href=\"http:\/\/www.radiopiu.net\/wordpress\/wp-content\/uploads\/2019\/06\/Cherubino-Miana2.mp3\">http:\/\/www.radiopiu.net\/wordpress\/wp-content\/uploads\/2019\/06\/Cherubino-Miana2.mp3<\/a><\/audio>\n<audio class=\"wp-audio-shortcode\" id=\"audio-89501-16\" preload=\"none\" style=\"width: 100%;\" controls=\"controls\"><source type=\"audio\/mpeg\" src=\"http:\/\/www.radiopiu.net\/wordpress\/wp-content\/uploads\/2019\/06\/Cherubino-Miana3.mp3?_=16\" \/><a href=\"http:\/\/www.radiopiu.net\/wordpress\/wp-content\/uploads\/2019\/06\/Cherubino-Miana3.mp3\">http:\/\/www.radiopiu.net\/wordpress\/wp-content\/uploads\/2019\/06\/Cherubino-Miana3.mp3<\/a><\/audio>\n<p>&nbsp;<\/p>\n<p>&nbsp;<\/p>\n<p>&nbsp;<\/p>\n<p>&nbsp;<\/p>\n<p>&nbsp;<\/p>\n<p>&nbsp;<\/p>\n<h3>Il libro del gemellaggio sar\u00e0 presentato nel pomeriggio del 29<\/h3>\n<p><strong>AGORDO<\/strong> Sabato alle 17 in sala della Biblioteca presentazione del libro &#8220;Il filo di seta tra Agordo e Zugliano&#8221;, storia di emigrazione lavoro e amicizia. A cura di Arianna Brazzale, Giulio dalla Ricca e Patrizio De Ventura. Presenta Loris Santomaso.<\/p>\n<p>&nbsp;<\/p>\n<p>&nbsp;<\/p>\n<h2>SAN PIERO FINE SETTIMANA DI FESTA CON AD AGORDO PROLOCO<\/h2>\n<p>Celeste Paganin.<\/p>\n<p><strong><a class=\"dt-pswp-item\" href=\"http:\/\/www.radiopiu.net\/wordpress\/wp-content\/uploads\/2019\/06\/21097-festa-agordo.jpg\" data-dt-img-description=\"\" data-large_image_width=\"450\" data-large_image_height=\"299\"><img loading=\"lazy\" decoding=\"async\" class=\"size-medium wp-image-89436 alignleft\" src=\"http:\/\/www.radiopiu.net\/wordpress\/wp-content\/uploads\/2019\/06\/21097-festa-agordo-300x199.jpg\" alt=\"\" width=\"300\" height=\"199\" srcset=\"https:\/\/www.radiopiu.net\/wordpress\/wp-content\/uploads\/2019\/06\/21097-festa-agordo-300x199.jpg 300w, https:\/\/www.radiopiu.net\/wordpress\/wp-content\/uploads\/2019\/06\/21097-festa-agordo.jpg 450w\" sizes=\"auto, (max-width: 300px) 100vw, 300px\" \/><\/a>AGORDO<\/strong> Anche quest&#8217;anno ci siamo! Arriva ad Agordo sul Broi (caratteristico prato al centro della piazza) la Sagra di San Piero organizzata da Ad Agordo Proloco. Il cambiamento pi\u00f9 importante per noi quest&#8217;anno sono le stoviglie biodegradabili con le quali eliminiamo quasi completamente la plastica! Di seguito trovate il programma dei tre giorni della sagra.<br \/>\nVENERD\u00cc 28 giugno si inizia con l&#8217;apertura della cucina a cena con due s\ufb01ziose specialit\u00e0 (frittura di pesce e seppie in umido) e per la serata saremo accompagnati dalla band dei &#8220;VERTICAL SMILE&#8221; SABATO 29 giugno SAN PIERO tutto il giorno mercato e a pranzo e cena il classico men\u00f9 di San Piero; alle ore 11 in sala Don Tamis e alle ore 17 in biblioteca presentazione di due importanti libri (trovi le informazioni in locandina); alle ore 15 sul Broi ci saranno i giochi con i pompieri; alle ore 17 sotto il tendone Jessica Lena e Paolo<br \/>\nFornasier suoneranno e canteranno per noi; accompagna la serata la band &#8220;ROCK SCHOOL &#8221;\u00a0 DOMENICA 30 giugno a pranzo l&#8217;immancabile spiedo e la sera per \ufb01nire in bellezza canederli e toc\u00e0 de boia; la sera si balla con &#8220;CHRISTIAN&amp;COSMO GROUP&#8221;\u00a0 Sul gruppo Facebook Ad Agordo Proloco troverete tutte le informazioni e le novit\u00e0 dell&#8217;anno. Vi aspettiamo!<\/p>\n<p>&nbsp;<\/p>\n<p>&nbsp;<\/p>\n<h2>LE CHIAVI DI SAN PIETRO APRONO GLI SCRIGNI BELLUNESI<\/h2>\n<p><strong><a class=\"dt-pswp-item\" href=\"http:\/\/www.radiopiu.net\/wordpress\/wp-content\/uploads\/2019\/06\/Con_le_chiavi_di_S.Pietro1.jpg\" data-dt-img-description=\"\" data-large_image_width=\"1130\" data-large_image_height=\"1595\"><img loading=\"lazy\" decoding=\"async\" class=\" wp-image-89510 alignleft\" src=\"http:\/\/www.radiopiu.net\/wordpress\/wp-content\/uploads\/2019\/06\/Con_le_chiavi_di_S.Pietro1-213x300.jpg\" alt=\"\" width=\"119\" height=\"168\" srcset=\"https:\/\/www.radiopiu.net\/wordpress\/wp-content\/uploads\/2019\/06\/Con_le_chiavi_di_S.Pietro1-213x300.jpg 213w, https:\/\/www.radiopiu.net\/wordpress\/wp-content\/uploads\/2019\/06\/Con_le_chiavi_di_S.Pietro1-768x1084.jpg 768w, https:\/\/www.radiopiu.net\/wordpress\/wp-content\/uploads\/2019\/06\/Con_le_chiavi_di_S.Pietro1-725x1024.jpg 725w, https:\/\/www.radiopiu.net\/wordpress\/wp-content\/uploads\/2019\/06\/Con_le_chiavi_di_S.Pietro1.jpg 1130w\" sizes=\"auto, (max-width: 119px) 100vw, 119px\" \/><\/a>BELLUNO<\/strong> L\u2019associazione Campedel presenta \u201cCon le chiavi di San Pietro\u201d, porte aperte a chiese e palazzi di Belluno, il 29 giugno: Battistero, Chiesa San Pietro, Palazzo Pagani Cesa, Palazzo Doglioni Dal Mas, Monte di Piet\u00e0, Archivio di Stato, Chiesa della Salute, Cammino della Sentinella. Alle 18 nel seminario Gregoriano il restauro della Via Crucis della chiesa di San Pietro alle 20.30 concerto del Conservatorio A. Steffani di Castelfranco. Il ricavato andr\u00e0 alla Vai Crucis di A. Federici nella chiesa di San Pietro.<\/p>\n<blockquote><p><strong>AI MICROFONI DI RADIO PIU&#8217; LA PRESIDENTE DELL&#8217;ASSOCIAZIONE CAMPEDEL, MARTA AZZALINI<\/strong><\/p><\/blockquote>\n<audio class=\"wp-audio-shortcode\" id=\"audio-89501-17\" preload=\"none\" style=\"width: 100%;\" controls=\"controls\"><source type=\"audio\/mpeg\" src=\"http:\/\/www.radiopiu.net\/wordpress\/wp-content\/uploads\/2019\/06\/MARTA.mp3?_=17\" \/><a href=\"http:\/\/www.radiopiu.net\/wordpress\/wp-content\/uploads\/2019\/06\/MARTA.mp3\">http:\/\/www.radiopiu.net\/wordpress\/wp-content\/uploads\/2019\/06\/MARTA.mp3<\/a><\/audio>\n<p>&nbsp;<\/p>\n<p>&nbsp;<\/p>\n<h2>Domenica il via della rassegna &#8220;Paesi in Festa&#8221; 2019 a Chies d&#8217;Alpago<\/h2>\n<p><a class=\"dt-pswp-item\" href=\"http:\/\/www.radiopiu.net\/wordpress\/wp-content\/uploads\/2019\/06\/Regola-Funes-Casera-Crosetta-l.jpg\" data-dt-img-description=\"\" data-large_image_width=\"2000\" data-large_image_height=\"1296\"><img loading=\"lazy\" decoding=\"async\" class=\" wp-image-89575 alignleft\" src=\"http:\/\/www.radiopiu.net\/wordpress\/wp-content\/uploads\/2019\/06\/Regola-Funes-Casera-Crosetta-l-300x194.jpg\" alt=\"\" width=\"164\" height=\"106\" srcset=\"https:\/\/www.radiopiu.net\/wordpress\/wp-content\/uploads\/2019\/06\/Regola-Funes-Casera-Crosetta-l-300x194.jpg 300w, https:\/\/www.radiopiu.net\/wordpress\/wp-content\/uploads\/2019\/06\/Regola-Funes-Casera-Crosetta-l-768x498.jpg 768w, https:\/\/www.radiopiu.net\/wordpress\/wp-content\/uploads\/2019\/06\/Regola-Funes-Casera-Crosetta-l-1024x664.jpg 1024w, https:\/\/www.radiopiu.net\/wordpress\/wp-content\/uploads\/2019\/06\/Regola-Funes-Casera-Crosetta-l.jpg 2000w\" sizes=\"auto, (max-width: 164px) 100vw, 164px\" \/><\/a>Inizia domenica la 6<sup>a<\/sup> edizione della ormai consolidata rassegna \u201cPaesi in Festa\u201d, che fino al 21 agosto animer\u00e0 i borghi e le valli del Comune di Chies d\u2019Alpago. Prima tappa in Venal di Funes (ore 11.00), dove in prossimit\u00e0 delle strutture della Regola di Funes, Pedol e Famiglie Munaro di Molini avremo la possibilit\u00e0 di ascoltare le splendide note del Corpo bandistico di Cappella Maggiore, diretto dal Maestro Massimiliano Dal Mas, nel tema \u201cMusica fra le nuvole\u201d. E dopo il pranzo presso Casera Crosetta, diventer\u00e0 invece protagonista Alessandro Fort, che con il coautore Dario Dall\u2019Olio, presenteranno il romanzo \u201cIl mio sentiero \u2013 San Pietro in Alpes\u201d &#8211; Michael Edizioni.<\/p>\n<p>&nbsp;<\/p>\n<p>&nbsp;<\/p>\n<h1>GLI SPECIALI DI RADIO PIU<\/h1>\n<p><strong>PROSPETTIVE FUTURE DRIBBLANDO I CAMPANILI.<\/strong><\/p>\n<p><a class=\"dt-pswp-item\" href=\"http:\/\/www.radiopiu.net\/wordpress\/wp-content\/uploads\/2019\/06\/874804ecdcaafafaf023c8eedbb2b758-1.jpg\" data-dt-img-description=\"\" data-large_image_width=\"564\" data-large_image_height=\"423\"><img loading=\"lazy\" decoding=\"async\" class=\"wp-image-89535 alignleft\" src=\"http:\/\/www.radiopiu.net\/wordpress\/wp-content\/uploads\/2019\/06\/874804ecdcaafafaf023c8eedbb2b758-1-300x225.jpg\" alt=\"\" width=\"191\" height=\"143\" srcset=\"https:\/\/www.radiopiu.net\/wordpress\/wp-content\/uploads\/2019\/06\/874804ecdcaafafaf023c8eedbb2b758-1-300x225.jpg 300w, https:\/\/www.radiopiu.net\/wordpress\/wp-content\/uploads\/2019\/06\/874804ecdcaafafaf023c8eedbb2b758-1.jpg 564w\" sizes=\"auto, (max-width: 191px) 100vw, 191px\" \/><\/a>ROCCA PIETORE Lucia Farenzena e Roberto Fontanive sono rispettivamente presidente e consigliere del nuovo direttivo del Consorzio Operatori Turistici Rocca Pietore Dolomiti. nei nostri studi parlano dei progetti e dei programmi di questo storico sodalizio e di come si presenta la stagione estiva.<\/p>\n<audio class=\"wp-audio-shortcode\" id=\"audio-89501-18\" preload=\"none\" style=\"width: 100%;\" controls=\"controls\"><source type=\"audio\/mpeg\" src=\"http:\/\/www.radiopiu.net\/wordpress\/wp-content\/uploads\/2019\/06\/consorzio-operatori-rocca-marmolada.mp3?_=18\" \/><a href=\"http:\/\/www.radiopiu.net\/wordpress\/wp-content\/uploads\/2019\/06\/consorzio-operatori-rocca-marmolada.mp3\">http:\/\/www.radiopiu.net\/wordpress\/wp-content\/uploads\/2019\/06\/consorzio-operatori-rocca-marmolada.mp3<\/a><\/audio>\n<p>&nbsp;<\/p>\n<p>&nbsp;<\/p>\n<div class=\"page-title title-left solid-bg breadcrumbs-mobile-off page-title-responsive-enabled\">\n<div class=\"wf-wrap\">\n<div class=\"page-title-head hgroup\">\n<h3 class=\"entry-title\">PER IL CAMPANILE DEL DUOMO DI BELLUNO LA PRIMA PIETRA POSTA L\u20198 GIUGNO DEL 1732<\/h3>\n<\/div>\n<div class=\"page-title-breadcrumbs\">\n<div class=\"assistive-text\"><span style=\"color: #ff0000;\"><strong>di RENATO BONA<\/strong><\/span><\/div>\n<\/div>\n<\/div>\n<\/div>\n<blockquote class=\"wp-embedded-content\" data-secret=\"jcJeRxLNbT\"><p><a href=\"http:\/\/www.radiopiu.net\/wordpress\/per-il-campanile-del-duomo-di-belluno-la-prima-pietra-posta-l8-giugno-del-1732\/\">PER IL CAMPANILE DEL DUOMO DI BELLUNO LA PRIMA PIETRA POSTA L\u20198 GIUGNO DEL 1732<\/a><\/p><\/blockquote>\n<p><iframe loading=\"lazy\" class=\"wp-embedded-content\" sandbox=\"allow-scripts\" security=\"restricted\" style=\"position: absolute; clip: rect(1px, 1px, 1px, 1px);\" src=\"http:\/\/www.radiopiu.net\/wordpress\/per-il-campanile-del-duomo-di-belluno-la-prima-pietra-posta-l8-giugno-del-1732\/embed\/#?secret=jcJeRxLNbT\" data-secret=\"jcJeRxLNbT\" width=\"600\" height=\"338\" title=\"&#8220;PER IL CAMPANILE DEL DUOMO DI BELLUNO LA PRIMA PIETRA POSTA L\u20198 GIUGNO DEL 1732&#8221; &#8212; Radio Pi\u00f9\" frameborder=\"0\" marginwidth=\"0\" marginheight=\"0\" scrolling=\"no\"><\/iframe><\/p>\n<p>&nbsp;<\/p>\n<p>&nbsp;<\/p>\n<p>&nbsp;<\/p>\n<p><a class=\"dt-pswp-item\" href=\"http:\/\/www.radiopiu.net\/wordpress\/wp-content\/uploads\/2018\/09\/sport.jpg\" data-dt-img-description=\"\" data-large_image_width=\"800\" data-large_image_height=\"100\"><img loading=\"lazy\" decoding=\"async\" class=\"alignnone wp-image-60761 size-full\" src=\"http:\/\/www.radiopiu.net\/wordpress\/wp-content\/uploads\/2018\/09\/sport.jpg\" alt=\"\" width=\"800\" height=\"100\" srcset=\"https:\/\/www.radiopiu.net\/wordpress\/wp-content\/uploads\/2018\/09\/sport.jpg 800w, https:\/\/www.radiopiu.net\/wordpress\/wp-content\/uploads\/2018\/09\/sport-300x38.jpg 300w, https:\/\/www.radiopiu.net\/wordpress\/wp-content\/uploads\/2018\/09\/sport-768x96.jpg 768w\" sizes=\"auto, (max-width: 800px) 100vw, 800px\" \/><\/a><\/p>\n<h2><\/h2>\n<h2>QUINTA GIORNATA CAMPIONATO AGORDINO FEMMINILE<\/h2>\n<p>Sono scese in campo domenica sera le ragazze del Campionato Agordino femminile per disputare la quinta tornata della stagione regolare. 2 le partite in programma nella giornata in cui l&#8217;Alleghe rispettava il turno di riposo. Risultato a sorpresa al \u201cCesare Scatena\u201d di Taibon dove le padrone di casa sono riuscite a strappare 3 punti alle campionesse in carica del Le Ville. Partita combattuta dove le taibonere hanno avuto la meglio grazie ai gol di Alessandra Gnech e Sofia Guerrini. Per la compagine di Agordo l&#8217;unica marcatura a firma di Sara Chierchia. A Cernadoi il Voltago vince di misura contro il Fodom. La squadra del Poi incamera 3 punti consolidando la prima posizione in classifica grazie al gol di Chiara Conedera.<\/p>\n<blockquote>\n<h3>LA CLASSIFICA Voltago 9 Taibon 6 Alleghe e Le Ville 4 Fodom 0 PROSSIMO TURNO Si gioca domani sera alle 19:45. A Cernadoi Fodom \u2013 Alleghe, a Voltago Voltago \u2013 Taibon. Riposa il Le Ville<\/h3>\n<\/blockquote>\n<h2><\/h2>\n<p>&nbsp;<\/p>\n<h2>CAMPIONATO AGORDINO 2019 &#8211; QUINTA GIORNATA<\/h2>\n<blockquote>\n<h3 class=\"p1\"><span class=\"s1\"><b>I RISULTATI<\/b><\/span><\/h3>\n<\/blockquote>\n<p class=\"p1\"><span class=\"s1\">GIRONE A <\/span>Alleghe &#8211; Le Ville 1-7 <span class=\"s1\">Cencenighe &#8211; Voltago 1-2 <\/span><span class=\"s1\">Caprile &#8211; Vallada 0-0 <\/span><span class=\"s1\">Gosaldo &#8211; Rivamonte 5-1 <\/span><span class=\"s1\">GIRONE B <\/span><span class=\"s1\">Canale &#8211; Frassen\u00e8 0-3 (anticipata 3 settimane fa) <\/span><span class=\"s1\">Taibon &#8211; Atletico Caviola 7-0 <\/span><span class=\"s1\">Agordo 2009 &#8211; Fodom 0-3 <\/span><span class=\"s1\">Riposa La Valle <\/span><b>LA CLASSIFICA <\/b><span class=\"s1\">GIRONE A <\/span><span class=\"s1\">Voltago 13 <\/span><span class=\"s1\">Gosaldo 12<\/span><span class=\"s1\">Caprile 10<\/span><span class=\"s1\">Vallada 8<\/span><span class=\"s1\">Rivamonte e Le Ville 7 <\/span><span class=\"s1\">Alleghe e Cencenighe 0 <\/span><span class=\"s1\">GIRONE B <\/span><span class=\"s1\">Fodom 15 <\/span><span class=\"s1\">La Valle 9 <\/span><span class=\"s1\">Frassen\u00e8 e Taibon 7 <\/span><span class=\"s1\">Agordo 2009 4 <\/span><span class=\"s1\">Atletico Caviola 1 <\/span><span class=\"s1\">Canale 0 <\/span><b>PROSSIMO TURNO\u00a0 <\/b><span class=\"s1\">GIRONE A: sabato alle 20:30 Alleghe &#8211; Cencenighe, Domenica alle 14:30 Caprile &#8211; Gosaldo, alle 16 Rivamonte &#8211; Le Ville e Voltago &#8211; Vallada <\/span><span class=\"s1\">GIRONE B: domenica alle 16 La Valle &#8211; Taibon, Canale &#8211; Atletico Caviola, alle 17 Fodom &#8211; Frassen\u00e8. Riposa Agordo 2009<\/span><\/p>\n<p>&nbsp;<\/p>\n<p>&nbsp;<\/p>\n<p>&nbsp;<\/p>\n<h2>IL TAIBON SI AGGIUDICA IL MEMORIAL FRANCO DE LUCA<\/h2>\n<p>Marco Gaz<\/p>\n<p>dal giornale radio principale:<\/p>\n<audio class=\"wp-audio-shortcode\" id=\"audio-89501-19\" preload=\"none\" style=\"width: 100%;\" controls=\"controls\"><source type=\"audio\/mpeg\" src=\"http:\/\/www.radiopiu.net\/wordpress\/wp-content\/uploads\/2019\/06\/80-GIOVANILE-MEMORIAL-DE-LUCA.mp3?_=19\" \/><a href=\"http:\/\/www.radiopiu.net\/wordpress\/wp-content\/uploads\/2019\/06\/80-GIOVANILE-MEMORIAL-DE-LUCA.mp3\">http:\/\/www.radiopiu.net\/wordpress\/wp-content\/uploads\/2019\/06\/80-GIOVANILE-MEMORIAL-DE-LUCA.mp3<\/a><\/audio>\n<p>&nbsp;<\/p>\n<h2>ONDABLU AL MEETING REGIONALE ESORDIENTI<\/h2>\n<div>Domenica, presso la piscina\u00a0 &#8220;Montebianco&#8221; di Verona, si \u00e8 svolto il meeting regionale esordienti B. Per accedere bisognava fare un dederminato tempo entro il mese di maggio, cos\u00ec che, per la Societ\u00e0 Ondablu,\u00a0 Serafini Tommaso riesce a partecipare al meeting nella gara dei 100 rana. Accompagnato dall&#8217;allenatrice Fiorella Da Canal, rientravano soddisfatti dalla partecipazione a questo evento importante.<\/div>\n<p><a class=\"dt-pswp-item\" href=\"http:\/\/www.radiopiu.net\/wordpress\/wp-content\/uploads\/2019\/06\/SERAFINI-CORSIA-6.jpg\" data-dt-img-description=\"\" data-large_image_width=\"1139\" data-large_image_height=\"854\"><img loading=\"lazy\" decoding=\"async\" class=\"alignnone wp-image-89573\" src=\"http:\/\/www.radiopiu.net\/wordpress\/wp-content\/uploads\/2019\/06\/SERAFINI-CORSIA-6-300x225.jpg\" alt=\"\" width=\"221\" height=\"166\" srcset=\"https:\/\/www.radiopiu.net\/wordpress\/wp-content\/uploads\/2019\/06\/SERAFINI-CORSIA-6-300x225.jpg 300w, https:\/\/www.radiopiu.net\/wordpress\/wp-content\/uploads\/2019\/06\/SERAFINI-CORSIA-6-768x576.jpg 768w, https:\/\/www.radiopiu.net\/wordpress\/wp-content\/uploads\/2019\/06\/SERAFINI-CORSIA-6-1024x768.jpg 1024w, https:\/\/www.radiopiu.net\/wordpress\/wp-content\/uploads\/2019\/06\/SERAFINI-CORSIA-6.jpg 1139w\" sizes=\"auto, (max-width: 221px) 100vw, 221px\" \/><\/a><a class=\"dt-pswp-item\" href=\"http:\/\/www.radiopiu.net\/wordpress\/wp-content\/uploads\/2019\/06\/TOMMASO-.jpg\" data-dt-img-description=\"\" data-large_image_width=\"1234\" data-large_image_height=\"926\"><img loading=\"lazy\" decoding=\"async\" class=\"alignnone wp-image-89574\" src=\"http:\/\/www.radiopiu.net\/wordpress\/wp-content\/uploads\/2019\/06\/TOMMASO--300x225.jpg\" alt=\"\" width=\"227\" height=\"170\" srcset=\"https:\/\/www.radiopiu.net\/wordpress\/wp-content\/uploads\/2019\/06\/TOMMASO--300x225.jpg 300w, https:\/\/www.radiopiu.net\/wordpress\/wp-content\/uploads\/2019\/06\/TOMMASO--768x576.jpg 768w, https:\/\/www.radiopiu.net\/wordpress\/wp-content\/uploads\/2019\/06\/TOMMASO--1024x768.jpg 1024w, https:\/\/www.radiopiu.net\/wordpress\/wp-content\/uploads\/2019\/06\/TOMMASO-.jpg 1234w\" sizes=\"auto, (max-width: 227px) 100vw, 227px\" \/><\/a><\/p>\n<p>&nbsp;<\/p>\n<p>&nbsp;<\/p>\n<p>&nbsp;<\/p>\n<p><a class=\"dt-pswp-item\" href=\"http:\/\/www.radiopiu.net\/wordpress\/wp-content\/uploads\/2018\/09\/WhatsApp-Image-2018-09-20-at-16.04.06.jpeg\" data-dt-img-description=\"\" data-large_image_width=\"800\" data-large_image_height=\"100\"><img loading=\"lazy\" decoding=\"async\" class=\"alignnone wp-image-61378 size-full\" src=\"http:\/\/www.radiopiu.net\/wordpress\/wp-content\/uploads\/2018\/09\/WhatsApp-Image-2018-09-20-at-16.04.06.jpeg\" alt=\"\" width=\"800\" height=\"100\" srcset=\"https:\/\/www.radiopiu.net\/wordpress\/wp-content\/uploads\/2018\/09\/WhatsApp-Image-2018-09-20-at-16.04.06.jpeg 800w, https:\/\/www.radiopiu.net\/wordpress\/wp-content\/uploads\/2018\/09\/WhatsApp-Image-2018-09-20-at-16.04.06-300x38.jpeg 300w, https:\/\/www.radiopiu.net\/wordpress\/wp-content\/uploads\/2018\/09\/WhatsApp-Image-2018-09-20-at-16.04.06-768x96.jpeg 768w\" sizes=\"auto, (max-width: 800px) 100vw, 800px\" \/><\/a><\/p>\n<p><center><b>Martedi 25<\/b><\/center><b>Tempo atteso: <\/b>Tempo soleggiato e stabile; dopo il rapido dissolvimento di qualche possibile banco di nubi basse nelle ore pi\u00f9 fredde, cielo sereno al mattino e cumuli a debole sviluppo al pomeriggio, che non limiteranno in maniera apprezzabile il soleggiamento e non produrranno fenomeni. Ulteriore rialzo termico con valori diurni marcatamente superiori alla norma del periodo.<br \/>\n<b>Precipitazioni: <\/b>Assenti (0%).<br \/>\n<b>Temperature: <\/b>In ulteriore generale aumento, con massime di 32\/33\u00b0C in Valbelluna e fino a 25\/27\u00b0C a 1000\/1200 m. Su Prealpi a 1500 m min 14\u00b0C max 21\u00b0C, a 2000 m min 12\u00b0C max 17\u00b0C. Su Dolomiti a 2000 m min 10\u00b0C max 19\u00b0C, a 3000 m min 7\u00b0C max 12\u00b0C.<br \/>\n<b>Venti: <\/b>Nelle valli deboli\/moderati a regime di brezza; in quota perlopi\u00f9 moderati da Nord, a 10-20 km\/h a 2000 m, 20-35 km\/h a 3000 m.<\/p>\n<hr \/>\n<p><center><b>Mercoledi 26<\/b><\/center><b>Tempo atteso: <\/b>Tempo molto soleggiato e stabile, con cielo perlopi\u00f9 sereno ed eventuale sviluppo di cumuli molto modesto. Clima sempre pi\u00f9 caldo, con valori di molti gradi superiori alle medie del periodo.<br \/>\n<b>Precipitazioni: <\/b>Assenti (0%).<br \/>\n<b>Temperature: <\/b>In ulteriore aumento a tutte le quote. Su Prealpi a 1500 m min 17\u00b0C max 23\u00b0C, a 2000 m min 15\u00b0C max 19\u00b0C. Su Dolomiti a 2000 m min 15\u00b0C max 21\u00b0C, a 3000 m min 11\u00b0C max 13\u00b0C.<br \/>\n<b>Venti: <\/b>Nelle valli deboli\/moderati a regime di brezza; in quota moderati da Nord, a 10-25 km\/h a 2000 m, 25-35 km\/h a 3000 m.<\/p>\n<hr \/>\n<p><center><b>Giovedi 27<\/b><\/center>Tempo ben soleggiato, anche se potr\u00e0 aumentare un po&#8217; lo sviluppo di cumuli nelle ore pi\u00f9 calde a ridosso dei rilievi. Probabile raggiungimento dell&#8217;apice del caldo. Venti moderati\/tesi settentrionali in alta quota.<\/p>\n<hr \/>\n<p><center><b>Venerdi 28<\/b><\/center>Tempo sempre perlopi\u00f9 soleggiato e stabile, ma con cumuli ad evoluzione diurna un po&#8217; pi\u00f9 sviluppati, che non si esclude possano provocare isolati temporali di calore. Temperature sempre di molti gradi superiori alle medie del periodo, anche se con un possibile lieve calo dei valori massimi. Venti settentrionali sostenuti in quota. Previsore: G.M.<\/p>\n<p>&nbsp;<\/p>\n<p>&nbsp;<\/p>\n","protected":false},"excerpt":{"rendered":"<p>25 GIUGNO 1983-25 GIUGNO 2019: AUGURI RADIO PIU&#8217;. Era l&#8217;estate dell&#8217;83 quando da Piazza San Rocco questa\u00a0 Radio Pi\u00f9 iniziava a farsi ascoltare nella Conca Agordina&#8230; via via nel resto della provincia e nel mondo. Auguri RADIO PIU. (FOTO COPERTINA, IL PRIMO STUDIO DI RADIO PIU, PIAZZA SAN ROCCO EX MUNICIPIO) &#8230;.mi ricordo la mattina&hellip;<\/p>\n","protected":false},"author":1,"featured_media":89576,"comment_status":"closed","ping_status":"closed","sticky":false,"template":"","format":"standard","meta":{"_monsterinsights_skip_tracking":false,"_monsterinsights_sitenote_active":false,"_monsterinsights_sitenote_note":"","_monsterinsights_sitenote_category":0,"footnotes":""},"categories":[86],"tags":[],"class_list":["post-89501","post","type-post","status-publish","format-standard","has-post-thumbnail","hentry","category-gr","category-86","description-off"],"img_url":"https:\/\/www.radiopiu.net\/wordpress\/wp-content\/uploads\/2019\/06\/13524465_10210267093820598_3464284361025853198_n.jpg","_links":{"self":[{"href":"https:\/\/www.radiopiu.net\/wordpress\/wp-json\/wp\/v2\/posts\/89501","targetHints":{"allow":["GET"]}}],"collection":[{"href":"https:\/\/www.radiopiu.net\/wordpress\/wp-json\/wp\/v2\/posts"}],"about":[{"href":"https:\/\/www.radiopiu.net\/wordpress\/wp-json\/wp\/v2\/types\/post"}],"author":[{"embeddable":true,"href":"https:\/\/www.radiopiu.net\/wordpress\/wp-json\/wp\/v2\/users\/1"}],"replies":[{"embeddable":true,"href":"https:\/\/www.radiopiu.net\/wordpress\/wp-json\/wp\/v2\/comments?post=89501"}],"version-history":[{"count":0,"href":"https:\/\/www.radiopiu.net\/wordpress\/wp-json\/wp\/v2\/posts\/89501\/revisions"}],"wp:featuredmedia":[{"embeddable":true,"href":"https:\/\/www.radiopiu.net\/wordpress\/wp-json\/wp\/v2\/media\/89576"}],"wp:attachment":[{"href":"https:\/\/www.radiopiu.net\/wordpress\/wp-json\/wp\/v2\/media?parent=89501"}],"wp:term":[{"taxonomy":"category","embeddable":true,"href":"https:\/\/www.radiopiu.net\/wordpress\/wp-json\/wp\/v2\/categories?post=89501"},{"taxonomy":"post_tag","embeddable":true,"href":"https:\/\/www.radiopiu.net\/wordpress\/wp-json\/wp\/v2\/tags?post=89501"}],"curies":[{"name":"wp","href":"https:\/\/api.w.org\/{rel}","templated":true}]}}