{"id":89505,"date":"2019-06-24T23:59:29","date_gmt":"2019-06-24T21:59:29","guid":{"rendered":"http:\/\/www.radiopiu.net\/wordpress\/?p=89505"},"modified":"2019-06-26T06:26:19","modified_gmt":"2019-06-26T04:26:19","slug":"fondazione-fibrosi-cistica-nel-ricordo-di-marco","status":"publish","type":"post","link":"https:\/\/www.radiopiu.net\/wordpress\/fondazione-fibrosi-cistica-nel-ricordo-di-marco\/","title":{"rendered":"FONDAZIONE FIBROSI CISTICA, NEL RICORDO DI MARCO."},"content":{"rendered":"<h2><\/h2>\n<p><strong><a class=\"dt-pswp-item\" href=\"http:\/\/www.radiopiu.net\/wordpress\/wp-content\/uploads\/2015\/06\/fibrosi-cistica-logo.jpg\" data-dt-img-description=\"\" data-large_image_width=\"300\" data-large_image_height=\"235\"><img loading=\"lazy\" decoding=\"async\" class=\" wp-image-5998 alignleft\" src=\"http:\/\/www.radiopiu.net\/wordpress\/wp-content\/uploads\/2015\/06\/fibrosi-cistica-logo-300x235.jpg\" alt=\"\" width=\"181\" height=\"142\" \/><\/a>BELLUNO<\/strong> <em>&#8220;Quest&#8217;anno non abbiamo raggiunto quota 20mila come nel maggio dello scorso anno, ma solo perch\u00e9 sono mancate alcune classi delle nostre scuole, bravura e partecipazione anche quest&#8217;anno comunque commuove&#8221;.<\/em> Lo dice Bice Gallo, dalla fondazione Fibrosi Cistica di Belluno al termine della raccolta primaverile che ha permesso di adottare un progetto da 35 mila euro, aprendone un secondo da 40 mila. <em>&#8220;Voglio ringraziare dal profondo del cuore tutti gli amici che sono stati vicini alla mia famiglia nei giorni duri e pesanti per la perdita di nostro figlio Marco che sar\u00e0 sempre al centro del nostro lavoro all&#8217;interno della Fondazione fino a quando ne avr\u00f2 la forza e fino a quando ricever\u00f2 aiuti dalla gente&#8221;<\/em><\/p>\n<p><strong>LE DONAZIONI PER UN TOTALE DI 18.762<\/strong> euro: Agordino 5689 euro, Alpago 1215, Belluno 2968, Cadore 390, Comelico 1900, Scuole 6600<\/p>\n<p>Dall&#8217;elenco delle donazione manca per la prima volta Luxottica<em> &#8220;Non ci siamo andati per non raccogliere le solite 35-40 donazioni solo dai &#8220;vecchi&#8221; lavoratori.<\/em><\/p>\n","protected":false},"excerpt":{"rendered":"<p>BELLUNO &#8220;Quest&#8217;anno non abbiamo raggiunto quota 20mila come nel maggio dello scorso anno, ma solo perch\u00e9 sono mancate alcune classi delle nostre scuole, bravura e partecipazione anche quest&#8217;anno comunque commuove&#8221;. Lo dice Bice Gallo, dalla fondazione Fibrosi Cistica di Belluno al termine della raccolta primaverile che ha permesso di adottare un progetto da 35 mila&hellip;<\/p>\n","protected":false},"author":1,"featured_media":0,"comment_status":"closed","ping_status":"closed","sticky":false,"template":"","format":"standard","meta":{"_monsterinsights_skip_tracking":false,"_monsterinsights_sitenote_active":false,"_monsterinsights_sitenote_note":"","_monsterinsights_sitenote_category":0,"footnotes":""},"categories":[51,49],"tags":[],"class_list":["post-89505","post","type-post","status-publish","format-standard","hentry","category-evidenza-top","category-news-18","category-51","category-49","description-off"],"img_url":false,"_links":{"self":[{"href":"https:\/\/www.radiopiu.net\/wordpress\/wp-json\/wp\/v2\/posts\/89505","targetHints":{"allow":["GET"]}}],"collection":[{"href":"https:\/\/www.radiopiu.net\/wordpress\/wp-json\/wp\/v2\/posts"}],"about":[{"href":"https:\/\/www.radiopiu.net\/wordpress\/wp-json\/wp\/v2\/types\/post"}],"author":[{"embeddable":true,"href":"https:\/\/www.radiopiu.net\/wordpress\/wp-json\/wp\/v2\/users\/1"}],"replies":[{"embeddable":true,"href":"https:\/\/www.radiopiu.net\/wordpress\/wp-json\/wp\/v2\/comments?post=89505"}],"version-history":[{"count":0,"href":"https:\/\/www.radiopiu.net\/wordpress\/wp-json\/wp\/v2\/posts\/89505\/revisions"}],"wp:attachment":[{"href":"https:\/\/www.radiopiu.net\/wordpress\/wp-json\/wp\/v2\/media?parent=89505"}],"wp:term":[{"taxonomy":"category","embeddable":true,"href":"https:\/\/www.radiopiu.net\/wordpress\/wp-json\/wp\/v2\/categories?post=89505"},{"taxonomy":"post_tag","embeddable":true,"href":"https:\/\/www.radiopiu.net\/wordpress\/wp-json\/wp\/v2\/tags?post=89505"}],"curies":[{"name":"wp","href":"https:\/\/api.w.org\/{rel}","templated":true}]}}