{"id":89618,"date":"2019-06-26T06:15:05","date_gmt":"2019-06-26T04:15:05","guid":{"rendered":"http:\/\/www.radiopiu.net\/wordpress\/?p=89618"},"modified":"2019-06-26T18:46:46","modified_gmt":"2019-06-26T16:46:46","slug":"giornale-radiopiu-26-giugno-2019-direttore-mirko-mezzacasa","status":"publish","type":"post","link":"https:\/\/www.radiopiu.net\/wordpress\/giornale-radiopiu-26-giugno-2019-direttore-mirko-mezzacasa\/","title":{"rendered":"GIORNALE RADIOPIU 26 GIUGNO 2019, DIRETTORE MIRKO MEZZACASA"},"content":{"rendered":"<p>&nbsp;<\/p>\n<p>&nbsp;<\/p>\n<h2>IN RIANIMAZIONE AL SAN MARTINO PER IL MORSO DELLA VIPERA,<\/h2>\n<p><strong>GOSALDO<\/strong> <strong><a class=\"dt-pswp-item\" href=\"http:\/\/www.radiopiu.net\/wordpress\/wp-content\/uploads\/2019\/06\/download-26.jpg\" data-dt-img-description=\"\" data-large_image_width=\"322\" data-large_image_height=\"157\"><img loading=\"lazy\" decoding=\"async\" class=\"size-medium wp-image-89694 alignleft\" src=\"http:\/\/www.radiopiu.net\/wordpress\/wp-content\/uploads\/2019\/06\/download-26-300x146.jpg\" alt=\"\" width=\"300\" height=\"146\" srcset=\"https:\/\/www.radiopiu.net\/wordpress\/wp-content\/uploads\/2019\/06\/download-26-300x146.jpg 300w, https:\/\/www.radiopiu.net\/wordpress\/wp-content\/uploads\/2019\/06\/download-26.jpg 322w\" sizes=\"auto, (max-width: 300px) 100vw, 300px\" \/><\/a><\/strong>La vipera lo ha morso mentre stava raccogliendo l&#8217;erba sotto casa, immediata la corsa verso l&#8217;ospedale di Agordo e altrettanto immediata la corsa lungo la regionale 203 agordina fino all&#8217;ospedale di Belluno. Se l&#8217;\u00e8 vista brutta ieri pomeriggio a Tiser R.C. sessantenne del luogo che ha suo malgrado dovuto ricorrere alle importanti e risolutive cure mediche. L&#8217;uomo \u00e8 stato portato ad Agordo dalla moglie che non ha perso tempo e non si \u00e8 lasciata prendere dal panico. L&#8217;uomo non ha mai perso conoscenza ma al pronto soccorso \u00e8 arrivato in condizioni critiche per l&#8217;agitazione e in preda a forte sudorazione e brividi di freddo, per questo il trasferimento a Belluno \u00a0per un necessario e attento monitoraggio delle condizioni,\u00a0 l&#8217;uomo non \u00e8 in pericolo di vita. (FOTO GUIDEDOLOMITI.COM)<\/p>\n<p>&nbsp;<\/p>\n<p>&nbsp;<\/p>\n<h3>FINO A VENERDI CHIUSURA DELLA STRADA PER LA VALLE DEL MIS, DALLE 8 ALLE 12 E DALLE 13 ALLE 17.30 I cartelli sono a Mas e a Volpez.<\/h3>\n<p><a class=\"dt-pswp-item\" href=\"http:\/\/www.radiopiu.net\/wordpress\/wp-content\/uploads\/2019\/06\/65014358_2375559316057561_3846902245958352896_n.jpg\" data-dt-img-description=\"\" data-large_image_width=\"1152\" data-large_image_height=\"864\"><img loading=\"lazy\" decoding=\"async\" class=\"alignnone size-medium wp-image-89450\" src=\"http:\/\/www.radiopiu.net\/wordpress\/wp-content\/uploads\/2019\/06\/65014358_2375559316057561_3846902245958352896_n-300x225.jpg\" alt=\"\" width=\"300\" height=\"225\" srcset=\"https:\/\/www.radiopiu.net\/wordpress\/wp-content\/uploads\/2019\/06\/65014358_2375559316057561_3846902245958352896_n-300x225.jpg 300w, https:\/\/www.radiopiu.net\/wordpress\/wp-content\/uploads\/2019\/06\/65014358_2375559316057561_3846902245958352896_n-768x576.jpg 768w, https:\/\/www.radiopiu.net\/wordpress\/wp-content\/uploads\/2019\/06\/65014358_2375559316057561_3846902245958352896_n-1024x768.jpg 1024w, https:\/\/www.radiopiu.net\/wordpress\/wp-content\/uploads\/2019\/06\/65014358_2375559316057561_3846902245958352896_n.jpg 1152w\" sizes=\"auto, (max-width: 300px) 100vw, 300px\" \/><\/a><\/p>\n<p>&nbsp;<\/p>\n<p>&nbsp;<\/p>\n<h3>PROBLEMI QUOTIDIANI, IERI POMERIGGIO POCO PRIMA DEL BIVIO DI CERNADOI SALENDO DA COLLE SANTA LUCIA VERSO IL FALZAREGO<\/h3>\n<p><a class=\"dt-pswp-item\" href=\"http:\/\/www.radiopiu.net\/wordpress\/wp-content\/uploads\/2019\/06\/d01972ba-8740-4478-93f1-cd9a1a61e0c4.jpg\" data-dt-img-description=\"\" data-large_image_width=\"1200\" data-large_image_height=\"1600\"><img loading=\"lazy\" decoding=\"async\" class=\"alignnone size-medium wp-image-89637\" src=\"http:\/\/www.radiopiu.net\/wordpress\/wp-content\/uploads\/2019\/06\/d01972ba-8740-4478-93f1-cd9a1a61e0c4-225x300.jpg\" alt=\"\" width=\"225\" height=\"300\" srcset=\"https:\/\/www.radiopiu.net\/wordpress\/wp-content\/uploads\/2019\/06\/d01972ba-8740-4478-93f1-cd9a1a61e0c4-225x300.jpg 225w, https:\/\/www.radiopiu.net\/wordpress\/wp-content\/uploads\/2019\/06\/d01972ba-8740-4478-93f1-cd9a1a61e0c4-768x1024.jpg 768w, https:\/\/www.radiopiu.net\/wordpress\/wp-content\/uploads\/2019\/06\/d01972ba-8740-4478-93f1-cd9a1a61e0c4.jpg 1200w\" sizes=\"auto, (max-width: 225px) 100vw, 225px\" \/><\/a><\/p>\n<h3><\/h3>\n<p>&nbsp;<\/p>\n<h2>ALLEGHE DI QUA, ROCCA PIETORE DI LA&#8217;&#8230; LE DIFFERENZE, PERCHE&#8217;?<\/h2>\n<p>Alleghe ha gi\u00e0 fatto vedere aggiustamenti,\u00a0 Rocca Pietore quando far\u00e0 altrettanto? La zona verso lo Chalet come documentavamo ieri \u00e8 interessata da caduta sassi e cartelli.<\/p>\n<p><strong>ALLEGHE IERI\u00a0<\/strong><\/p>\n<p><a class=\"dt-pswp-item\" href=\"http:\/\/www.radiopiu.net\/wordpress\/wp-content\/uploads\/2019\/06\/9e4108a0-e482-4a7a-bd1f-cb3f5fdea0c1.jpg\" data-dt-img-description=\"\" data-large_image_width=\"1600\" data-large_image_height=\"1200\"><img loading=\"lazy\" decoding=\"async\" class=\"alignnone wp-image-89682\" src=\"http:\/\/www.radiopiu.net\/wordpress\/wp-content\/uploads\/2019\/06\/9e4108a0-e482-4a7a-bd1f-cb3f5fdea0c1-300x225.jpg\" alt=\"\" width=\"213\" height=\"160\" srcset=\"https:\/\/www.radiopiu.net\/wordpress\/wp-content\/uploads\/2019\/06\/9e4108a0-e482-4a7a-bd1f-cb3f5fdea0c1-300x225.jpg 300w, https:\/\/www.radiopiu.net\/wordpress\/wp-content\/uploads\/2019\/06\/9e4108a0-e482-4a7a-bd1f-cb3f5fdea0c1-768x576.jpg 768w, https:\/\/www.radiopiu.net\/wordpress\/wp-content\/uploads\/2019\/06\/9e4108a0-e482-4a7a-bd1f-cb3f5fdea0c1-1024x768.jpg 1024w, https:\/\/www.radiopiu.net\/wordpress\/wp-content\/uploads\/2019\/06\/9e4108a0-e482-4a7a-bd1f-cb3f5fdea0c1.jpg 1600w\" sizes=\"auto, (max-width: 213px) 100vw, 213px\" \/><\/a><a class=\"dt-pswp-item\" href=\"http:\/\/www.radiopiu.net\/wordpress\/wp-content\/uploads\/2019\/06\/c21fcb81-6eea-4a12-83c6-fe1e46f50d9a.jpg\" data-dt-img-description=\"\" data-large_image_width=\"1200\" data-large_image_height=\"1600\"><img loading=\"lazy\" decoding=\"async\" class=\"alignnone wp-image-89684\" src=\"http:\/\/www.radiopiu.net\/wordpress\/wp-content\/uploads\/2019\/06\/c21fcb81-6eea-4a12-83c6-fe1e46f50d9a-225x300.jpg\" alt=\"\" width=\"124\" height=\"165\" srcset=\"https:\/\/www.radiopiu.net\/wordpress\/wp-content\/uploads\/2019\/06\/c21fcb81-6eea-4a12-83c6-fe1e46f50d9a-225x300.jpg 225w, https:\/\/www.radiopiu.net\/wordpress\/wp-content\/uploads\/2019\/06\/c21fcb81-6eea-4a12-83c6-fe1e46f50d9a-768x1024.jpg 768w, https:\/\/www.radiopiu.net\/wordpress\/wp-content\/uploads\/2019\/06\/c21fcb81-6eea-4a12-83c6-fe1e46f50d9a.jpg 1200w\" sizes=\"auto, (max-width: 124px) 100vw, 124px\" \/><\/a><a class=\"dt-pswp-item\" href=\"http:\/\/www.radiopiu.net\/wordpress\/wp-content\/uploads\/2019\/06\/478030c9-61e9-403a-b487-0338609b736e.jpg\" data-dt-img-description=\"\" data-large_image_width=\"1600\" data-large_image_height=\"1200\"><img loading=\"lazy\" decoding=\"async\" class=\"alignnone wp-image-89681\" src=\"http:\/\/www.radiopiu.net\/wordpress\/wp-content\/uploads\/2019\/06\/478030c9-61e9-403a-b487-0338609b736e-300x225.jpg\" alt=\"\" width=\"214\" height=\"160\" srcset=\"https:\/\/www.radiopiu.net\/wordpress\/wp-content\/uploads\/2019\/06\/478030c9-61e9-403a-b487-0338609b736e-300x225.jpg 300w, https:\/\/www.radiopiu.net\/wordpress\/wp-content\/uploads\/2019\/06\/478030c9-61e9-403a-b487-0338609b736e-768x576.jpg 768w, https:\/\/www.radiopiu.net\/wordpress\/wp-content\/uploads\/2019\/06\/478030c9-61e9-403a-b487-0338609b736e-1024x768.jpg 1024w, https:\/\/www.radiopiu.net\/wordpress\/wp-content\/uploads\/2019\/06\/478030c9-61e9-403a-b487-0338609b736e.jpg 1600w\" sizes=\"auto, (max-width: 214px) 100vw, 214px\" \/><\/a><\/p>\n<p><strong>ROCCA PIETORE LATO CHALET IERI\u00a0<\/strong><\/p>\n<p><a class=\"dt-pswp-item\" href=\"http:\/\/www.radiopiu.net\/wordpress\/wp-content\/uploads\/2019\/06\/73e81776-9b6e-45d0-be2d-f88b8aadb166.jpg\" data-dt-img-description=\"\" data-large_image_width=\"1200\" data-large_image_height=\"1599\"><img loading=\"lazy\" decoding=\"async\" class=\"alignnone wp-image-89680\" src=\"http:\/\/www.radiopiu.net\/wordpress\/wp-content\/uploads\/2019\/06\/73e81776-9b6e-45d0-be2d-f88b8aadb166-225x300.jpg\" alt=\"\" width=\"140\" height=\"186\" srcset=\"https:\/\/www.radiopiu.net\/wordpress\/wp-content\/uploads\/2019\/06\/73e81776-9b6e-45d0-be2d-f88b8aadb166-225x300.jpg 225w, https:\/\/www.radiopiu.net\/wordpress\/wp-content\/uploads\/2019\/06\/73e81776-9b6e-45d0-be2d-f88b8aadb166-768x1024.jpg 768w, https:\/\/www.radiopiu.net\/wordpress\/wp-content\/uploads\/2019\/06\/73e81776-9b6e-45d0-be2d-f88b8aadb166.jpg 1200w\" sizes=\"auto, (max-width: 140px) 100vw, 140px\" \/><\/a><a class=\"dt-pswp-item\" href=\"http:\/\/www.radiopiu.net\/wordpress\/wp-content\/uploads\/2019\/06\/ac8b92b7-79cf-4958-8f97-19612ca168d9.jpg\" data-dt-img-description=\"\" data-large_image_width=\"1200\" data-large_image_height=\"1600\"><img loading=\"lazy\" decoding=\"async\" class=\"alignnone wp-image-89685\" src=\"http:\/\/www.radiopiu.net\/wordpress\/wp-content\/uploads\/2019\/06\/ac8b92b7-79cf-4958-8f97-19612ca168d9-225x300.jpg\" alt=\"\" width=\"140\" height=\"187\" srcset=\"https:\/\/www.radiopiu.net\/wordpress\/wp-content\/uploads\/2019\/06\/ac8b92b7-79cf-4958-8f97-19612ca168d9-225x300.jpg 225w, https:\/\/www.radiopiu.net\/wordpress\/wp-content\/uploads\/2019\/06\/ac8b92b7-79cf-4958-8f97-19612ca168d9-768x1024.jpg 768w, https:\/\/www.radiopiu.net\/wordpress\/wp-content\/uploads\/2019\/06\/ac8b92b7-79cf-4958-8f97-19612ca168d9.jpg 1200w\" sizes=\"auto, (max-width: 140px) 100vw, 140px\" \/><\/a><a class=\"dt-pswp-item\" href=\"http:\/\/www.radiopiu.net\/wordpress\/wp-content\/uploads\/2019\/06\/64845238_10220057405332267_2354148201449127936_n.jpg\" data-dt-img-description=\"\" data-large_image_width=\"960\" data-large_image_height=\"720\"><img loading=\"lazy\" decoding=\"async\" class=\"alignnone wp-image-89590\" src=\"http:\/\/www.radiopiu.net\/wordpress\/wp-content\/uploads\/2019\/06\/64845238_10220057405332267_2354148201449127936_n-300x225.jpg\" alt=\"\" width=\"251\" height=\"188\" srcset=\"https:\/\/www.radiopiu.net\/wordpress\/wp-content\/uploads\/2019\/06\/64845238_10220057405332267_2354148201449127936_n-300x225.jpg 300w, https:\/\/www.radiopiu.net\/wordpress\/wp-content\/uploads\/2019\/06\/64845238_10220057405332267_2354148201449127936_n-768x576.jpg 768w, https:\/\/www.radiopiu.net\/wordpress\/wp-content\/uploads\/2019\/06\/64845238_10220057405332267_2354148201449127936_n.jpg 960w\" sizes=\"auto, (max-width: 251px) 100vw, 251px\" \/><\/a><\/p>\n<h2>L&#8217;IMMEDIATA RISPOSTA DEL SINDACO DI ROCCA PIETORE, ANDREA DE BERNARDIN<\/h2>\n<audio class=\"wp-audio-shortcode\" id=\"audio-89618-1\" preload=\"none\" style=\"width: 100%;\" controls=\"controls\"><source type=\"audio\/mpeg\" src=\"http:\/\/www.radiopiu.net\/wordpress\/wp-content\/uploads\/2019\/06\/ANDREA-2.mp3?_=1\" \/><a href=\"http:\/\/www.radiopiu.net\/wordpress\/wp-content\/uploads\/2019\/06\/ANDREA-2.mp3\">http:\/\/www.radiopiu.net\/wordpress\/wp-content\/uploads\/2019\/06\/ANDREA-2.mp3<\/a><\/audio>\n<h3><\/h3>\n<p>&nbsp;<\/p>\n<h3>MIRACOLATO: CONTRO UN MURO QUASI INCOLUME<\/h3>\n<p><strong>SEREN DEL GRAPPA<\/strong> personale del distaccamento di Feltre dei VIGILI DEL FUOCO\u00a0 \u00e8 intervenuto\u00a0 alle 9:54 circa in localit\u00e0 Rasai di Seren del Grappa per incidente stradale. Il sinistro ha visto coinvolta un&#8217;autovettura che ha prima sbattuto sul ,muro per poi ribaltarsi sul fianco.<\/p>\n<p><a class=\"dt-pswp-item\" href=\"http:\/\/www.radiopiu.net\/wordpress\/wp-content\/uploads\/2019\/06\/photo_2019-06-25_10-09-27_logo.jpg\" data-dt-img-description=\"\" data-large_image_width=\"1000\" data-large_image_height=\"750\"><img loading=\"lazy\" decoding=\"async\" class=\"alignnone wp-image-89615 size-full\" src=\"http:\/\/www.radiopiu.net\/wordpress\/wp-content\/uploads\/2019\/06\/photo_2019-06-25_10-09-27_logo.jpg\" alt=\"\" width=\"1000\" height=\"750\" srcset=\"https:\/\/www.radiopiu.net\/wordpress\/wp-content\/uploads\/2019\/06\/photo_2019-06-25_10-09-27_logo.jpg 1000w, https:\/\/www.radiopiu.net\/wordpress\/wp-content\/uploads\/2019\/06\/photo_2019-06-25_10-09-27_logo-300x225.jpg 300w, https:\/\/www.radiopiu.net\/wordpress\/wp-content\/uploads\/2019\/06\/photo_2019-06-25_10-09-27_logo-768x576.jpg 768w\" sizes=\"auto, (max-width: 1000px) 100vw, 1000px\" \/><\/a><\/p>\n<p>&nbsp;<\/p>\n<p>&nbsp;<\/p>\n<p>&nbsp;<\/p>\n<h3>SOCCORSO SULLA PALA ALTA E AL RIFUGIO VANDELLI<\/h3>\n<p><strong>SEDICO<\/strong>\u00a0 Ieri in tarda mattinata \u00a0il 118 \u00e8 stato allertato per un escursionista caduto sulla Pala Alta. L&#8217;uomo, un settantenne di Sedico (BL), era caduto a circa met\u00e0 della normale sbattendo la testa. Individuato a 1.800 metri di quota assieme ad altre due persone dall&#8217;elicottero del Suem di Pieve di Cadore, l&#8217;infortunato \u00e8 stato raggiunto dal medico e dal <a class=\"dt-pswp-item\" href=\"http:\/\/www.radiopiu.net\/wordpress\/wp-content\/uploads\/2019\/05\/ELI-SUEM-SOCC-5-1.jpg\" data-dt-img-description=\"\" data-large_image_width=\"1600\" data-large_image_height=\"900\"><img loading=\"lazy\" decoding=\"async\" class=\" wp-image-86196 alignleft\" src=\"http:\/\/www.radiopiu.net\/wordpress\/wp-content\/uploads\/2019\/05\/ELI-SUEM-SOCC-5-1-300x169.jpg\" alt=\"\" width=\"256\" height=\"144\" srcset=\"https:\/\/www.radiopiu.net\/wordpress\/wp-content\/uploads\/2019\/05\/ELI-SUEM-SOCC-5-1-300x169.jpg 300w, https:\/\/www.radiopiu.net\/wordpress\/wp-content\/uploads\/2019\/05\/ELI-SUEM-SOCC-5-1-768x432.jpg 768w, https:\/\/www.radiopiu.net\/wordpress\/wp-content\/uploads\/2019\/05\/ELI-SUEM-SOCC-5-1-1024x576.jpg 1024w, https:\/\/www.radiopiu.net\/wordpress\/wp-content\/uploads\/2019\/05\/ELI-SUEM-SOCC-5-1.jpg 1600w\" sizes=\"auto, (max-width: 256px) 100vw, 256px\" \/><\/a>tecnico del Soccorso alpino dell&#8217;equipaggio, calati con un verricello di 20 metri. Prestategli le prime cure, l&#8217;uomo \u00e8 stato imbarellato e recuperato sempre con il verricello, per essere poi trasportato all&#8217;ospedale di Belluno per le cure del caso. <strong>\u00a0<\/strong><strong>CORTINA<\/strong> Nel Pomeriggio di ieri\u00a0 \u00a0l&#8217;elicottero del Suem di Pieve di Cadore \u00e8 intervenuto al Rifugio Vandelli, in aiuto di una turista francese che si era procurata un probabile trauma alla caviglia. La donna, M.B., 39 anni, \u00e8 stata imbarcata sull&#8217;eliambulanza atterrata in piazzola e trasportata all&#8217;ospedale di Belluno.<\/p>\n<p>&nbsp;<\/p>\n<p>&nbsp;<\/p>\n<p>&nbsp;<\/p>\n<p><strong>SPECIALE MILANO CORTINA 2026, IL PUNTO STAMPA CON IL GOVERNATORE DEL VENETO LUCA ZAIA<\/strong><\/p>\n<audio class=\"wp-audio-shortcode\" id=\"audio-89618-2\" preload=\"none\" style=\"width: 100%;\" controls=\"controls\"><source type=\"audio\/mpeg\" src=\"http:\/\/www.radiopiu.net\/wordpress\/wp-content\/uploads\/2019\/06\/zaia-confe.mp3?_=2\" \/><a href=\"http:\/\/www.radiopiu.net\/wordpress\/wp-content\/uploads\/2019\/06\/zaia-confe.mp3\">http:\/\/www.radiopiu.net\/wordpress\/wp-content\/uploads\/2019\/06\/zaia-confe.mp3<\/a><\/audio>\n<h3>DALLA RASSEGNA STAMPA DI RADIO PIU<\/h3>\n<audio class=\"wp-audio-shortcode\" id=\"audio-89618-3\" preload=\"none\" style=\"width: 100%;\" controls=\"controls\"><source type=\"audio\/mpeg\" src=\"http:\/\/www.radiopiu.net\/wordpress\/wp-content\/uploads\/2019\/06\/zaia-mirko.mp3?_=3\" \/><a href=\"http:\/\/www.radiopiu.net\/wordpress\/wp-content\/uploads\/2019\/06\/zaia-mirko.mp3\">http:\/\/www.radiopiu.net\/wordpress\/wp-content\/uploads\/2019\/06\/zaia-mirko.mp3<\/a><\/audio>\n<p><strong>GALLERIA FOTO<\/strong><\/p>\n\n\t\t\t<style type='text\/css'>\n\t\t\t\t#gallery-1 {\n\t\t\t\t\tmargin: auto;\n\t\t\t\t}\n\t\t\t\t#gallery-1 .gallery-item {\n\t\t\t\t\tfloat: left;\n\t\t\t\t\tmargin-top: 10px;\n\t\t\t\t\ttext-align: center;\n\t\t\t\t\twidth: 33%;\n\t\t\t\t}\n\t\t\t\t#gallery-1 img {\n\t\t\t\t\tborder: 2px solid #cfcfcf;\n\t\t\t\t}\n\t\t\t\t#gallery-1 .gallery-caption {\n\t\t\t\t\tmargin-left: 0;\n\t\t\t\t}\n\t\t\t\t\/* see gallery_shortcode() in wp-includes\/media.php *\/\n\t\t\t<\/style>\n\t\t<div id='gallery-1' class='dt-gallery-container gallery galleryid-89618 gallery-columns-3 gallery-size-thumbnail'><dl class='gallery-item'>\n\t\t\t\t<dt class='gallery-icon portrait'>\n\t\t\t\t\t<a class=\"rollover\" href='https:\/\/www.radiopiu.net\/wordpress\/giornale-radiopiu-26-giugno-2019-direttore-mirko-mezzacasa\/img_0192\/'><img loading=\"lazy\" decoding=\"async\" width=\"150\" height=\"150\" src=\"https:\/\/www.radiopiu.net\/wordpress\/wp-content\/uploads\/2019\/06\/IMG_0192-150x150.jpg\" class=\"attachment-thumbnail size-thumbnail\" alt=\"\" \/><\/a>\n\t\t\t\t<\/dt><\/dl><dl class='gallery-item'>\n\t\t\t\t<dt class='gallery-icon portrait'>\n\t\t\t\t\t<a class=\"rollover\" href='https:\/\/www.radiopiu.net\/wordpress\/giornale-radiopiu-26-giugno-2019-direttore-mirko-mezzacasa\/img_0196\/'><img loading=\"lazy\" decoding=\"async\" width=\"150\" height=\"150\" src=\"https:\/\/www.radiopiu.net\/wordpress\/wp-content\/uploads\/2019\/06\/IMG_0196-150x150.jpg\" class=\"attachment-thumbnail size-thumbnail\" alt=\"\" \/><\/a>\n\t\t\t\t<\/dt><\/dl><dl class='gallery-item'>\n\t\t\t\t<dt class='gallery-icon portrait'>\n\t\t\t\t\t<a class=\"rollover\" href='https:\/\/www.radiopiu.net\/wordpress\/giornale-radiopiu-26-giugno-2019-direttore-mirko-mezzacasa\/img_0203\/'><img loading=\"lazy\" decoding=\"async\" width=\"150\" height=\"150\" src=\"https:\/\/www.radiopiu.net\/wordpress\/wp-content\/uploads\/2019\/06\/IMG_0203-150x150.jpg\" class=\"attachment-thumbnail size-thumbnail\" alt=\"\" \/><\/a>\n\t\t\t\t<\/dt><\/dl><br style=\"clear: both\" \/><dl class='gallery-item'>\n\t\t\t\t<dt class='gallery-icon landscape'>\n\t\t\t\t\t<a class=\"rollover\" href='https:\/\/www.radiopiu.net\/wordpress\/giornale-radiopiu-26-giugno-2019-direttore-mirko-mezzacasa\/img_0209\/'><img loading=\"lazy\" decoding=\"async\" width=\"150\" height=\"150\" src=\"https:\/\/www.radiopiu.net\/wordpress\/wp-content\/uploads\/2019\/06\/IMG_0209-150x150.jpg\" class=\"attachment-thumbnail size-thumbnail\" alt=\"\" \/><\/a>\n\t\t\t\t<\/dt><\/dl><dl class='gallery-item'>\n\t\t\t\t<dt class='gallery-icon landscape'>\n\t\t\t\t\t<a class=\"rollover\" href='https:\/\/www.radiopiu.net\/wordpress\/giornale-radiopiu-26-giugno-2019-direttore-mirko-mezzacasa\/img_0163-2\/'><img loading=\"lazy\" decoding=\"async\" width=\"150\" height=\"150\" src=\"https:\/\/www.radiopiu.net\/wordpress\/wp-content\/uploads\/2019\/06\/IMG_0163-150x150.jpg\" class=\"attachment-thumbnail size-thumbnail\" alt=\"\" \/><\/a>\n\t\t\t\t<\/dt><\/dl><dl class='gallery-item'>\n\t\t\t\t<dt class='gallery-icon landscape'>\n\t\t\t\t\t<a class=\"rollover\" href='https:\/\/www.radiopiu.net\/wordpress\/giornale-radiopiu-26-giugno-2019-direttore-mirko-mezzacasa\/img_0166-2\/'><img loading=\"lazy\" decoding=\"async\" width=\"150\" height=\"150\" src=\"https:\/\/www.radiopiu.net\/wordpress\/wp-content\/uploads\/2019\/06\/IMG_0166-150x150.jpg\" class=\"attachment-thumbnail size-thumbnail\" alt=\"\" \/><\/a>\n\t\t\t\t<\/dt><\/dl><br style=\"clear: both\" \/><dl class='gallery-item'>\n\t\t\t\t<dt class='gallery-icon landscape'>\n\t\t\t\t\t<a class=\"rollover\" href='https:\/\/www.radiopiu.net\/wordpress\/giornale-radiopiu-26-giugno-2019-direttore-mirko-mezzacasa\/img_0174-2\/'><img loading=\"lazy\" decoding=\"async\" width=\"150\" height=\"150\" src=\"https:\/\/www.radiopiu.net\/wordpress\/wp-content\/uploads\/2019\/06\/IMG_0174-150x150.jpg\" class=\"attachment-thumbnail size-thumbnail\" alt=\"\" \/><\/a>\n\t\t\t\t<\/dt><\/dl><dl class='gallery-item'>\n\t\t\t\t<dt class='gallery-icon landscape'>\n\t\t\t\t\t<a class=\"rollover\" href='https:\/\/www.radiopiu.net\/wordpress\/giornale-radiopiu-26-giugno-2019-direttore-mirko-mezzacasa\/img_0183-2\/'><img loading=\"lazy\" decoding=\"async\" width=\"150\" height=\"150\" src=\"https:\/\/www.radiopiu.net\/wordpress\/wp-content\/uploads\/2019\/06\/IMG_0183-150x150.jpg\" class=\"attachment-thumbnail size-thumbnail\" alt=\"\" \/><\/a>\n\t\t\t\t<\/dt><\/dl><dl class='gallery-item'>\n\t\t\t\t<dt class='gallery-icon portrait'>\n\t\t\t\t\t<a class=\"rollover\" href='https:\/\/www.radiopiu.net\/wordpress\/giornale-radiopiu-26-giugno-2019-direttore-mirko-mezzacasa\/img_0187\/'><img loading=\"lazy\" decoding=\"async\" width=\"150\" height=\"150\" src=\"https:\/\/www.radiopiu.net\/wordpress\/wp-content\/uploads\/2019\/06\/IMG_0187-150x150.jpg\" class=\"attachment-thumbnail size-thumbnail\" alt=\"\" \/><\/a>\n\t\t\t\t<\/dt><\/dl><br style=\"clear: both\" \/>\n\t\t\t<\/div>\n\n<p>&nbsp;<\/p>\n<p>&nbsp;<\/p>\n<p>&nbsp;<\/p>\n<p>&nbsp;<\/p>\n<h2>CELEBRAZIONE DEL 245\u00b0 ANNIVERSARIO DELLA FONDAZIONE DELLA GUARDIA DI FINANZA<\/h2>\n<p><span style=\"font-family: Arial, sans-serif;\"><strong><a class=\"dt-pswp-item\" href=\"http:\/\/www.radiopiu.net\/wordpress\/wp-content\/uploads\/2019\/06\/DSC_0183.jpg\" data-dt-img-description=\"\" data-large_image_width=\"1280\" data-large_image_height=\"850\"><img loading=\"lazy\" decoding=\"async\" class=\" wp-image-89629 alignleft\" src=\"http:\/\/www.radiopiu.net\/wordpress\/wp-content\/uploads\/2019\/06\/DSC_0183-300x199.jpg\" alt=\"\" width=\"217\" height=\"144\" srcset=\"https:\/\/www.radiopiu.net\/wordpress\/wp-content\/uploads\/2019\/06\/DSC_0183-300x199.jpg 300w, https:\/\/www.radiopiu.net\/wordpress\/wp-content\/uploads\/2019\/06\/DSC_0183-768x510.jpg 768w, https:\/\/www.radiopiu.net\/wordpress\/wp-content\/uploads\/2019\/06\/DSC_0183-1024x680.jpg 1024w, https:\/\/www.radiopiu.net\/wordpress\/wp-content\/uploads\/2019\/06\/DSC_0183.jpg 1280w\" sizes=\"auto, (max-width: 217px) 100vw, 217px\" \/><\/a>BELLUNO<\/strong>\u00a0 Ieri al Comando Provinciale di via Mezzaterra, \u00e8 stato celebrato il 245\u00b0 Anniversario della Fondazione del Corpo della Guardia di Finanza.<\/span><b> <\/b><span style=\"font-family: Arial, sans-serif;\">La sobria cerimonia ha visto la partecipazione del Prefetto di Belluno, Dott. Francesco Esposito, del Vescovo di Belluno \u2013 Feltre, Mons. Renato Marangoni, dei Responsabili provinciali delle Forze di Polizia, del 7\u00b0 Reggimento Alpini, dei Vigili del Fuoco, dell\u2019Agenzia delle Entrate, dell\u2019Ispettorato del Lavoro, dell\u2019Ufficio delle Dogane di Treviso \u2013 Sezione Operativa Territoriale di Sedico, della Vittima del Dovere App.Sc. U.P.G. in congedo Secondo Fontana e dei Responsabili regionali e provinciali del S.A.S.V., oltre che di una rappresentanza di finanzieri in servizio e di militari in congedo, appartenenti alle Sezioni di Belluno e di Santo Stefano di Cadore dell\u2019Associazione Nazionale Finanzieri d\u2019Italia.<\/span><\/p>\n<h3>LO SPECIALE ALLA RADIO, NUMERI SIGNIFICATIVI<\/h3>\n<blockquote class=\"wp-embedded-content\" data-secret=\"TYOdBOGy9s\"><p><a href=\"http:\/\/www.radiopiu.net\/wordpress\/celebrazione-del-245-anniversario-della-fondazione-della-guardia-di-finanza\/\">CELEBRAZIONE DEL 245\u00b0 ANNIVERSARIO DELLA FONDAZIONE DELLA GUARDIA DI FINANZA<\/a><\/p><\/blockquote>\n<p><iframe loading=\"lazy\" class=\"wp-embedded-content\" sandbox=\"allow-scripts\" security=\"restricted\" style=\"position: absolute; clip: rect(1px, 1px, 1px, 1px);\" src=\"http:\/\/www.radiopiu.net\/wordpress\/celebrazione-del-245-anniversario-della-fondazione-della-guardia-di-finanza\/embed\/#?secret=TYOdBOGy9s\" data-secret=\"TYOdBOGy9s\" width=\"600\" height=\"338\" title=\"&#8220;CELEBRAZIONE DEL 245\u00b0 ANNIVERSARIO DELLA FONDAZIONE DELLA GUARDIA DI FINANZA&#8221; &#8212; Radio Pi\u00f9\" frameborder=\"0\" marginwidth=\"0\" marginheight=\"0\" scrolling=\"no\"><\/iframe><\/p>\n<p>&nbsp;<\/p>\n<p>&nbsp;<\/p>\n<p>&nbsp;<\/p>\n<h2>CHIUDE ANCHE L\u2019ATTIVIT\u00c0 AMBULANTE SAVIO<\/h2>\n<p><a class=\"dt-pswp-item\" href=\"http:\/\/www.radiopiu.net\/wordpress\/wp-content\/uploads\/2019\/06\/8a892d78-38e0-441c-9e86-23297043e690.jpg\" data-dt-img-description=\"\" data-large_image_width=\"1599\" data-large_image_height=\"1200\"><img loading=\"lazy\" decoding=\"async\" class=\"alignnone wp-image-89676\" src=\"http:\/\/www.radiopiu.net\/wordpress\/wp-content\/uploads\/2019\/06\/8a892d78-38e0-441c-9e86-23297043e690-300x225.jpg\" alt=\"\" width=\"179\" height=\"134\" srcset=\"https:\/\/www.radiopiu.net\/wordpress\/wp-content\/uploads\/2019\/06\/8a892d78-38e0-441c-9e86-23297043e690-300x225.jpg 300w, https:\/\/www.radiopiu.net\/wordpress\/wp-content\/uploads\/2019\/06\/8a892d78-38e0-441c-9e86-23297043e690-768x576.jpg 768w, https:\/\/www.radiopiu.net\/wordpress\/wp-content\/uploads\/2019\/06\/8a892d78-38e0-441c-9e86-23297043e690-1024x768.jpg 1024w, https:\/\/www.radiopiu.net\/wordpress\/wp-content\/uploads\/2019\/06\/8a892d78-38e0-441c-9e86-23297043e690.jpg 1599w\" sizes=\"auto, (max-width: 179px) 100vw, 179px\" \/><\/a><a class=\"dt-pswp-item\" href=\"http:\/\/www.radiopiu.net\/wordpress\/wp-content\/uploads\/2019\/06\/6ae44096-24da-4f61-ac86-35d57f48fdab.jpg\" data-dt-img-description=\"\" data-large_image_width=\"1599\" data-large_image_height=\"1200\"><img loading=\"lazy\" decoding=\"async\" class=\"alignnone wp-image-89675\" src=\"http:\/\/www.radiopiu.net\/wordpress\/wp-content\/uploads\/2019\/06\/6ae44096-24da-4f61-ac86-35d57f48fdab-300x225.jpg\" alt=\"\" width=\"180\" height=\"135\" srcset=\"https:\/\/www.radiopiu.net\/wordpress\/wp-content\/uploads\/2019\/06\/6ae44096-24da-4f61-ac86-35d57f48fdab-300x225.jpg 300w, https:\/\/www.radiopiu.net\/wordpress\/wp-content\/uploads\/2019\/06\/6ae44096-24da-4f61-ac86-35d57f48fdab-768x576.jpg 768w, https:\/\/www.radiopiu.net\/wordpress\/wp-content\/uploads\/2019\/06\/6ae44096-24da-4f61-ac86-35d57f48fdab-1024x768.jpg 1024w, https:\/\/www.radiopiu.net\/wordpress\/wp-content\/uploads\/2019\/06\/6ae44096-24da-4f61-ac86-35d57f48fdab.jpg 1599w\" sizes=\"auto, (max-width: 180px) 100vw, 180px\" \/><\/a><a class=\"dt-pswp-item\" href=\"http:\/\/www.radiopiu.net\/wordpress\/wp-content\/uploads\/2019\/06\/ddc2ed2e-aee3-440c-baf7-c7b58997b0d0.jpg\" data-dt-img-description=\"\" data-large_image_width=\"1599\" data-large_image_height=\"1200\"><img loading=\"lazy\" decoding=\"async\" class=\"alignnone wp-image-89674\" src=\"http:\/\/www.radiopiu.net\/wordpress\/wp-content\/uploads\/2019\/06\/ddc2ed2e-aee3-440c-baf7-c7b58997b0d0-300x225.jpg\" alt=\"\" width=\"181\" height=\"136\" srcset=\"https:\/\/www.radiopiu.net\/wordpress\/wp-content\/uploads\/2019\/06\/ddc2ed2e-aee3-440c-baf7-c7b58997b0d0-300x225.jpg 300w, https:\/\/www.radiopiu.net\/wordpress\/wp-content\/uploads\/2019\/06\/ddc2ed2e-aee3-440c-baf7-c7b58997b0d0-768x576.jpg 768w, https:\/\/www.radiopiu.net\/wordpress\/wp-content\/uploads\/2019\/06\/ddc2ed2e-aee3-440c-baf7-c7b58997b0d0-1024x768.jpg 1024w, https:\/\/www.radiopiu.net\/wordpress\/wp-content\/uploads\/2019\/06\/ddc2ed2e-aee3-440c-baf7-c7b58997b0d0.jpg 1599w\" sizes=\"auto, (max-width: 181px) 100vw, 181px\" \/><\/a><\/p>\n<p><span style=\"color: #ff0000;\">di Giorgio Fontanive\u00a0<\/span><\/p>\n<p>Continua la sofferenza del comparto commerciale,\u00a0Ennio Savio e Serenella Marcon salutano l\u2019affezionata clientela<\/p>\n<p><strong> <a class=\"dt-pswp-item\" href=\"http:\/\/www.radiopiu.net\/wordpress\/wp-content\/uploads\/2019\/06\/b2ec926d-cec0-4590-9939-6c1e2adee339.jpg\" data-dt-img-description=\"\" data-large_image_width=\"720\" data-large_image_height=\"1440\"><img loading=\"lazy\" decoding=\"async\" class=\"size-medium wp-image-89652 alignleft\" src=\"http:\/\/www.radiopiu.net\/wordpress\/wp-content\/uploads\/2019\/06\/b2ec926d-cec0-4590-9939-6c1e2adee339-150x300.jpg\" alt=\"\" width=\"150\" height=\"300\" srcset=\"https:\/\/www.radiopiu.net\/wordpress\/wp-content\/uploads\/2019\/06\/b2ec926d-cec0-4590-9939-6c1e2adee339-150x300.jpg 150w, https:\/\/www.radiopiu.net\/wordpress\/wp-content\/uploads\/2019\/06\/b2ec926d-cec0-4590-9939-6c1e2adee339-512x1024.jpg 512w, https:\/\/www.radiopiu.net\/wordpress\/wp-content\/uploads\/2019\/06\/b2ec926d-cec0-4590-9939-6c1e2adee339.jpg 720w\" sizes=\"auto, (max-width: 150px) 100vw, 150px\" \/><\/a>TAIBON\u00a0<\/strong> Il negativo stillicidio relativamente alle difficolt\u00e0 del comparto commerciale locale non conosce sosta: anzi, la nuova notizia sotto vari aspetti assume dei contorni di pi\u00f9 largo raggio essendo un\u2019 attivit\u00e0 ambulante su un territorio assai pi\u00f9 vasto che non la sola area comunale di Taibon anche considerando la scelta dei prodotti in vendita che non comprendeva solo latticini. \u00c8 quanto scaturisce dalla cessazione dell\u2019attivit\u00e0 di Ennio Savio \u201cEnio dal formai\u201d e della moglie Serenella Marcon che &#8211; come da alcuni giorni &#8211; un cartello sul banco dell\u2019attrezzato automezzo indicava la chiusura dell\u2019attivit\u00e0 a partire da oggi. In et\u00e0 da quiescenza Ennio Savio ha deciso di troncare questa sua attenta presenza anche per aver trovato una buona occasione per alienare il suo attrezzato camioncino (sul cui lato sinistro \u00e8 una immagine della chiesa di Laste) acquisito da un\u2019azienda trevigiana: per la comunit\u00e0 agordina si tratta comunque di una perdita importante che non sar\u00e0 rimpiazzata e che metter\u00e0 in difficolt\u00e0 una volta di pi\u00f9 le fasce deboli della nostra societ\u00e0 super specializzata ma priva dell\u2019attenzione per le piccole periferie. Un cordiale saluto a Ennio Savio e Serenella Marcon da questa emittente per la costanza del suo lavoro; l\u2019appuntamento settimanale con tanti clienti in Piazza del Municipio a Taibon cancellato: proprio ieri anche con il saluto degli amici.<\/p>\n<p><strong>ENNIO SAVIO AI MICROFONI DI RADIO PIU<\/strong><\/p>\n<div style=\"width: 640px;\" class=\"wp-video\"><video class=\"wp-video-shortcode\" id=\"video-89618-1\" width=\"640\" height=\"352\" preload=\"metadata\" controls=\"controls\"><source type=\"video\/mp4\" src=\"http:\/\/www.radiopiu.net\/wordpress\/wp-content\/uploads\/2019\/06\/WhatsApp-Video-2019-06-25-at-20.40.38.mp4?_=1\" \/><a href=\"http:\/\/www.radiopiu.net\/wordpress\/wp-content\/uploads\/2019\/06\/WhatsApp-Video-2019-06-25-at-20.40.38.mp4\">http:\/\/www.radiopiu.net\/wordpress\/wp-content\/uploads\/2019\/06\/WhatsApp-Video-2019-06-25-at-20.40.38.mp4<\/a><\/video><\/div>\n<p>&nbsp;<\/p>\n<p>&nbsp;<\/p>\n<p>&nbsp;<\/p>\n<p>&nbsp;<\/p>\n<h2>DISSERVIZI TELECOM, DAL COLDAI IL GRIDO DI ALLARME.<em> &#8220;Se in poche ore non si risolver\u00e0 il problema chieder\u00f2 aiuto in\u00a0 Procura, si interrompe un servizio pubblico&#8221;<\/em><\/h2>\n<p><strong><a class=\"dt-pswp-item\" href=\"http:\/\/www.radiopiu.net\/wordpress\/wp-content\/uploads\/2019\/06\/download-23.jpg\" data-dt-img-description=\"\" data-large_image_width=\"259\" data-large_image_height=\"194\"><img loading=\"lazy\" decoding=\"async\" class=\"wp-image-89651 alignleft\" src=\"http:\/\/www.radiopiu.net\/wordpress\/wp-content\/uploads\/2019\/06\/download-23.jpg\" alt=\"\" width=\"160\" height=\"120\" \/><\/a>ZOLDO<\/strong> La storia si ripete, al Rifugio Coldai come successo lo scorso anno la linea telefonica \u00e8 in tilt, ma \u00e8 necessaria perch\u00e9 indispensabile per il Soccorso Alpino dove gli incidenti non mancano e per ricevere i segnali sul cellulare bisogna salire su sassi e alberi. Lo scorso anno il Deputato Dario Bond aveva presentato un&#8217;interrogazione che risolse il problema che oggi si ripresenta.<\/p>\n<p><strong>DI GIANNI SANTOMASO<\/strong><\/p>\n<audio class=\"wp-audio-shortcode\" id=\"audio-89618-4\" preload=\"none\" style=\"width: 100%;\" controls=\"controls\"><source type=\"audio\/mpeg\" src=\"http:\/\/www.radiopiu.net\/wordpress\/wp-content\/uploads\/2019\/06\/GIANNI-COLDAI.mp3?_=4\" \/><a href=\"http:\/\/www.radiopiu.net\/wordpress\/wp-content\/uploads\/2019\/06\/GIANNI-COLDAI.mp3\">http:\/\/www.radiopiu.net\/wordpress\/wp-content\/uploads\/2019\/06\/GIANNI-COLDAI.mp3<\/a><\/audio>\n<h3>DARIO BOND<\/h3>\n<audio class=\"wp-audio-shortcode\" id=\"audio-89618-5\" preload=\"none\" style=\"width: 100%;\" controls=\"controls\"><source type=\"audio\/mpeg\" src=\"http:\/\/www.radiopiu.net\/wordpress\/wp-content\/uploads\/2019\/06\/BOND-1.mp3?_=5\" \/><a href=\"http:\/\/www.radiopiu.net\/wordpress\/wp-content\/uploads\/2019\/06\/BOND-1.mp3\">http:\/\/www.radiopiu.net\/wordpress\/wp-content\/uploads\/2019\/06\/BOND-1.mp3<\/a><\/audio>\n<h3><\/h3>\n<h3><\/h3>\n<h3><\/h3>\n<h3><\/h3>\n<h3>Giornata nazionale della memoria e del sacrificio alpino. De Carlo: \u201cAlpini un simbolo italiano, orgoglio della Patria\u201d<\/h3>\n<p>L&#8217;INTERVENTO IN PARLAMENTO<\/p>\n<div style=\"width: 720px;\" class=\"wp-video\"><video class=\"wp-video-shortcode\" id=\"video-89618-2\" width=\"720\" height=\"576\" preload=\"metadata\" controls=\"controls\"><source type=\"video\/mp4\" src=\"http:\/\/www.radiopiu.net\/wordpress\/wp-content\/uploads\/2019\/06\/WhatsApp-Video-2019-06-25-at-18.22.02.mp4?_=2\" \/><a href=\"http:\/\/www.radiopiu.net\/wordpress\/wp-content\/uploads\/2019\/06\/WhatsApp-Video-2019-06-25-at-18.22.02.mp4\">http:\/\/www.radiopiu.net\/wordpress\/wp-content\/uploads\/2019\/06\/WhatsApp-Video-2019-06-25-at-18.22.02.mp4<\/a><\/video><\/div>\n<p><strong><a class=\"dt-pswp-item\" href=\"http:\/\/www.radiopiu.net\/wordpress\/wp-content\/uploads\/2018\/10\/ana-alpini.png\" data-dt-img-description=\"\" data-large_image_width=\"225\" data-large_image_height=\"225\"><img loading=\"lazy\" decoding=\"async\" class=\" wp-image-62421 alignleft\" src=\"http:\/\/www.radiopiu.net\/wordpress\/wp-content\/uploads\/2018\/10\/ana-alpini.png\" alt=\"\" width=\"181\" height=\"181\" srcset=\"https:\/\/www.radiopiu.net\/wordpress\/wp-content\/uploads\/2018\/10\/ana-alpini.png 225w, https:\/\/www.radiopiu.net\/wordpress\/wp-content\/uploads\/2018\/10\/ana-alpini-150x150.png 150w\" sizes=\"auto, (max-width: 181px) 100vw, 181px\" \/><\/a>ROMA\u00a0<\/strong> <em>\u201cL&#8217;Alpino Luca De Carlo, Brigata Cadore, come sindaco di montagna, come parlamentare, come rappresentante di Fratelli d&#8217;Italia ha l&#8217;orgoglio di sostenere l&#8217;istituzione di questa giornata\u201d:<\/em> cos\u00ec il deputato bellunese Luca De Carlo ha concluso il suo intervento durante il dibattito sulla proposta di istituzione della Giornata nazionale della memoria e del sacrificio alpino, che si terr\u00e0 ogni 26 gennaio, giorno della battaglia di Nikolaevka nel 1943. \u201cNon \u00e8 una sorpresa che un partito come il nostro, convintamente patriottico, sia legato alla nostra storia e ai nostri simboli, e tra i simboli pi\u00f9 sacri d\u2019Italia c\u2019\u00e8 la penna degli alpini\u201d, ha esordito De Carlo. \u201cSiamo i figli del nostro motto: \u201cDi qui non si passa\u201d, che vuol dire difendere i confini, difendere chi si ha accanto e la propria comunit\u00e0, ma soprattutto vuol dire porsi ad argine contro il male, come durante la battaglia di Nikolaevka, che oggi viene presa a simbolo del sacrificio degli alpini, quando su 57mila uomini oltre 34mila non tornarono a casa\u201d \u201cCosa sarebbe dei paesi distrutti dai terremoti o dal fango, in Italia o all\u2019estero, senza gli alpini ad arrivare dove nessun altro pu\u00f2? Quando tutto crolla, quando la neve o il fango sono cos\u00ec alti che ogni passo \u00e8 una tortura, l\u00e0, state sicuri, accorreranno gli alpini\u201d, ha concluso. \u201cNoi non siamo hippie. Noi non siamo \u201cpeace &amp; love\u201d e gesti inopportuni. Siamo custodi della pace e amanti dell\u2019Italia. Siamo soldati. Questo \u00e8 il nostro dovere e lo facciamo. Noi, che veniamo dalla montagna, da quando siamo nati sappiamo che quando la neve \u00e8 troppo alta, quando il fango rende ogni passo una tortura, quando il freddo, il gelo, il vento diventano insopportabili, un alpino raggiunger\u00e0 chi \u00e8 in pericolo, un alpino difender\u00e0 un confine, un alpino ci render\u00e0 orgogliosi di essere italiani. Sul mio foglio matricolare c\u2019\u00e8 scritto \u201ccongedato\u201d, ma \u00e8 solo una scritta, perch\u00e9 quando sei stato alpino lo resti per sempre. Oggi, orgogliosamente, tributiamo il giusto riconoscimento al loro sacrificio\u201d.<\/p>\n<p>&nbsp;<\/p>\n<p>&nbsp;<\/p>\n<p>&nbsp;<\/p>\n<div>\n<h3>GIORNATA DELLA MEMORIA ALPINA De Menech: \u00abAna coinvolta nell\u2019organizzazione\u00bb<\/h3>\n<blockquote><p><em>Emendamento del deputato veneto inserito nel testo di legge<\/em><\/p>\n<div style=\"width: 720px;\" class=\"wp-video\"><video class=\"wp-video-shortcode\" id=\"video-89618-3\" width=\"720\" height=\"576\" preload=\"metadata\" controls=\"controls\"><source type=\"video\/mp4\" src=\"http:\/\/www.radiopiu.net\/wordpress\/wp-content\/uploads\/2019\/06\/WhatsApp-Video-2019-06-25-at-18.24.56.mp4?_=3\" \/><a href=\"http:\/\/www.radiopiu.net\/wordpress\/wp-content\/uploads\/2019\/06\/WhatsApp-Video-2019-06-25-at-18.24.56.mp4\">http:\/\/www.radiopiu.net\/wordpress\/wp-content\/uploads\/2019\/06\/WhatsApp-Video-2019-06-25-at-18.24.56.mp4<\/a><\/video><\/div><\/blockquote>\n<p><strong>ROMA<\/strong> L\u2019Associazione Nazionale Alpini dovr\u00e0 essere coinvolta attivamente nell\u2019organizzazione delle manifestazioni per la celebrazione della Giornata nazionale della memoria e del sacrificio alpino. Lo prevede il secondo comma dell\u2019articolo 2 della legge di istituzione dell\u2019evento il 26 gennaio, inserito con un emendamento del deputato veneto Roger De Menech. La legge \u00e8 stata approvata pochi minuti fa alla Camera dei deputati. \u00abL\u2019associazione custodisce la memoria e la storia degli alpini impegnati nei periodi bellici ma soprattutto in tempi di pace a garantire la difesa nazionale e il supporto alle comunit\u00e0 colpite da catastrofi\u00bb, ha ricorda De Menech nel suo intervento in aula. \u00abBastino gli esempi degli interventi a seguito del Vajont nel 1963 e del terremoto in Friuli nel 1976, oltre alle decine di missioni di pace svolte all\u2019estero. E va riconosciuto che le esperienze e la professionalit\u00e0 degli alpini sono state tra le basi costitutive del sistema di protezione civile italiano\u00bb. La legge prevede che nel giorno della ricorrenza sia pro- muovere e organizzare cerimonie, eventi, incontri, conferenze storiche e mostre fotografiche, nonch\u00e9 testimonianze sull\u2019importanza della difesa della sovranit\u00e0 nazionale, delle identit\u00e0 culturali e storiche, della tradizione e dei valori etici di solidariet\u00e0 e di partecipazione civile che incarna il Corpo degli alpini.<\/p>\n<\/div>\n<div><\/div>\n<div><\/div>\n<p>&nbsp;<\/p>\n<p>&nbsp;<\/p>\n<p>&nbsp;<\/p>\n<blockquote>\n<h4 style=\"text-align: left;\"><strong>Giornata memoria alpino, la Camera approva. D\u2019Inc\u00e0 (M5S): \u201cIl loro sacrificio ha reso grande il nostro Paese\u201d<\/strong><\/h4>\n<\/blockquote>\n<blockquote><audio class=\"wp-audio-shortcode\" id=\"audio-89618-6\" preload=\"none\" style=\"width: 100%;\" controls=\"controls\"><source type=\"audio\/mpeg\" src=\"http:\/\/www.radiopiu.net\/wordpress\/wp-content\/uploads\/2019\/06\/incaaaaaaaaaaaaaaaaaaaaaaaaaaaaaaaaaaa.mp3?_=6\" \/><a href=\"http:\/\/www.radiopiu.net\/wordpress\/wp-content\/uploads\/2019\/06\/incaaaaaaaaaaaaaaaaaaaaaaaaaaaaaaaaaaa.mp3\">http:\/\/www.radiopiu.net\/wordpress\/wp-content\/uploads\/2019\/06\/incaaaaaaaaaaaaaaaaaaaaaaaaaaaaaaaaaaa.mp3<\/a><\/audio>\n<p>&nbsp;<\/p>\n<p><em>Il deputato bellunese \u00e8 tra i firmatari della proposta di legge che ora passa al Senato: \u201cL\u2019appuntamento riconoscerebbe il valore svolto dalle Penne nere per la nostra comunit\u00e0\u201d<\/em><\/p><\/blockquote>\n<div>\n<p><strong><a class=\"dt-pswp-item\" href=\"http:\/\/www.radiopiu.net\/wordpress\/wp-content\/uploads\/2019\/06\/Perche-gli-960x640.jpg\" data-dt-img-description=\"\" data-large_image_width=\"960\" data-large_image_height=\"640\"><img loading=\"lazy\" decoding=\"async\" class=\" wp-image-89620 alignleft\" src=\"http:\/\/www.radiopiu.net\/wordpress\/wp-content\/uploads\/2019\/06\/Perche-gli-960x640-300x200.jpg\" alt=\"\" width=\"212\" height=\"141\" srcset=\"https:\/\/www.radiopiu.net\/wordpress\/wp-content\/uploads\/2019\/06\/Perche-gli-960x640-300x200.jpg 300w, https:\/\/www.radiopiu.net\/wordpress\/wp-content\/uploads\/2019\/06\/Perche-gli-960x640-768x512.jpg 768w, https:\/\/www.radiopiu.net\/wordpress\/wp-content\/uploads\/2019\/06\/Perche-gli-960x640.jpg 960w\" sizes=\"auto, (max-width: 212px) 100vw, 212px\" \/><\/a>ROMA<\/strong> \u201c\u00c8 stata approvata\u00a0 alla Camera dei Deputati la proposta di legge per l\u2019istituzione della Giornata nazionale della memoria e del sacrificio alpino: una proposta di cui, peraltro, sono cofirmatario e che riconosce il valore e il lavoro da sempre svolto dagli alpini per la nostra comunit\u00e0\u201d.\u00a0 \u00c8 quanto dichiara Federico D\u2019Inc\u00e0, deputato del Movimento 5 Stelle, in occasione della proposta di legge approvata alla Camera e individuata nella data del 26 gennaio di ogni anno\u00a0 \u201cNel recente adunata che si \u00e8 svolta a Milano \u2013 spiega D\u2019Inc\u00e0 \u2013 il Presidente Mattarella ha ricordato come \u2018le Penne nere identificano una lunga e nobile tradizione di coraggio, sacrificio e dedizione incondizionata al servizio della nostra comunit\u00e0, nel segno di una profonda e convinta affermazione della indivisibile identit\u00e0 nazionale e della solidariet\u00e0 che affratella ovunque le genti di montagna\u2019\u201d.\u00a0 \u201cFaccio mie queste parole \u2013 prosegue il deputato bellunese \u2013 auspicando un rapido passaggio al Senato che trasformi questa lodevole iniziativa in una legge dello Stato\u201d.\u00a0 D\u2019Inc\u00e0 rivolge un ringraziamento \u201cai \u2018veci\u2019 che sono andati avanti e hanno fatto grande questo Paese grazie al loro sacrificio e a quelli che oggi portano in alto il nome dell\u2019Italia nel mondo con le proprie capacit\u00e0 operative sia in campo militare sia sociale\u201d.<\/p>\n<\/div>\n<div><\/div>\n<div><\/div>\n<div><\/div>\n<div><\/div>\n<div><\/div>\n<div><\/div>\n<div><\/div>\n<p>&nbsp;<\/p>\n<p>&nbsp;<\/p>\n<p>&nbsp;<\/p>\n<h3>CORTINA-MILANO 2026 \u00abNON SI DIMENTICHINO LE VERE PRIORITA&#8217; DELLA MONTAGNA\u00bb<\/h3>\n<p><strong><a class=\"dt-pswp-item\" href=\"http:\/\/www.radiopiu.net\/wordpress\/wp-content\/uploads\/2015\/12\/bard.jpg\" data-dt-img-description=\"\" data-large_image_width=\"128\" data-large_image_height=\"128\"><img loading=\"lazy\" decoding=\"async\" class=\"size-full wp-image-14147 alignleft\" src=\"http:\/\/www.radiopiu.net\/wordpress\/wp-content\/uploads\/2015\/12\/bard.jpg\" alt=\"\" width=\"128\" height=\"128\" \/><\/a>BELLUNO\u00a0<\/strong> \u00abLe Olimpiadi di Cortina-Milano 2026 saranno sicuramente un grandissimo evento turistico e di richiamo per il nostro territorio, ma questo non deve far dimenticare le vere priorit\u00e0 della montagna\u00bb: la vittoria della coppia lombardo-veneta nella corsa ai giochi olimpici invernali viene accolta con soddisfazione dal movimento Belluno Autonoma Regione Dolomiti, che non manca per\u00f2 di tenere desta l&#8217;attenzione sulle vere necessit\u00e0 del Bellunese. \u00abRingraziamo tutti quelli che si sono impegnati per raggiungere questo obbiettivo, dal Comune di Cortina d&#8217;Ampezzo alla Provincia di Belluno, fino al Coni e alle Regioni Veneto e Lombardia. &#8211; sottolineano dal movimento \u2013 Un evento planetario di questa portata richiamer\u00e0 migliaia di turisti e visitatori, e speriamo possa servire come slancio per investimenti infrastrutturali e nell&#8217;accoglienza\u00bb. \u00abConfidiamo anche per\u00f2 \u2013 continuano dal BARD \u2013 che tutto questo non diventi soltanto uno specchietto per le allodole, per non affrontare pi\u00f9 i veri temi che toccano con urgenza la nostra montagna: la fragilit\u00e0 idrogeologica, l&#8217;invecchiamento, lo spopolamento, tutte le emergenze sociali. In una parola: l&#8217;assenza di autonomia, necessaria per un territorio ai margini nazionali e regionali. Un&#8217;Olimpiade non fa primavera, servono risposte concrete alle emergenze attuali: non possiamo permetterci altri sette anni di tempo per affrontarle con convinzione. I Giochi invernali devono essere la ciliegina, e non la torta, e con una sola ciliegina non si sopravvive\u00bb.<\/p>\n<p>&nbsp;<\/p>\n<p>&nbsp;<\/p>\n<p>&nbsp;<\/p>\n<p>&nbsp;<\/p>\n<h2>Olimpiadi Milano \u2013 Cortina 2026<\/h2>\n<p><strong><a class=\"dt-pswp-item\" href=\"http:\/\/www.radiopiu.net\/wordpress\/wp-content\/uploads\/2016\/03\/lega-nord-liga-veneto-salvini-elezioni-regionali-2015.jpg\" data-dt-img-description=\"\" data-large_image_width=\"600\" data-large_image_height=\"300\"><img loading=\"lazy\" decoding=\"async\" class=\" wp-image-17192 alignleft\" src=\"http:\/\/www.radiopiu.net\/wordpress\/wp-content\/uploads\/2016\/03\/lega-nord-liga-veneto-salvini-elezioni-regionali-2015-300x150.jpg\" alt=\"\" width=\"196\" height=\"98\" \/><\/a>BELLUNO<\/strong> L\u2019assegnazione delle Olimpiadi 2026 a Milano Cortina \u00e8 l\u2019esito del grande lavoro fatto da chi riteneva con caparbiet\u00e0 e determinazione, questo obbiettivo raggiungibile. Le amministrazioni regionali del Veneto e della Lombardia, guidate da Luca Zaia e Attilio Fontana, hanno il giusto riconoscimento della grande energia e dell\u2019impegno profuso in quest\u2019anno in cui non hanno mai smesso di crederci fino in fondo.\u00a0I complimenti anche ai due sindaci, Ghedina e Sala per aver condiviso sforzi e passioni. Fondamentale anche il contributo di Giancarlo Giorgetti nell&#8217;essere riuscito a coinvolgere il governo in questa meravigliosa avventura che ha permesso di condividere la vittoria con tutta l&#8217;Italia che da questo evento pu\u00f2 trovare lo spunto e l\u2019entusiasmo per ripartire. Da bellunesi non possiamo che manifestare tutta la nostra gioia per le grandi opportunit\u00e0 che questo evento pu\u00f2 dare a tutte le nostre localit\u00e0. Le Olimpiadi non riguarderanno solo Cortina ma tutto il territorio Bellunese e da subito dovranno iniziare con i sindaci della nostra provincia i confronti e i dialoghi per la pianificazione -progettazione territoriale.<\/p>\n<p>&nbsp;<\/p>\n<p>&nbsp;<\/p>\n<p>&nbsp;<\/p>\n<h3>Olimpiadi a Cortina, la soddisfazione della Cisl: \u201cGrande opportunit\u00e0 per lo sviluppo del territorio\u201d<\/h3>\n<p><span style=\"color: #ff0000;\">DALLA RASSEGNA STAMPA, RUDY ROFFARE&#8217;<\/span><\/p>\n<audio class=\"wp-audio-shortcode\" id=\"audio-89618-7\" preload=\"none\" style=\"width: 100%;\" controls=\"controls\"><source type=\"audio\/mpeg\" src=\"http:\/\/www.radiopiu.net\/wordpress\/wp-content\/uploads\/2019\/06\/rudi-cisl.mp3?_=7\" \/><a href=\"http:\/\/www.radiopiu.net\/wordpress\/wp-content\/uploads\/2019\/06\/rudi-cisl.mp3\">http:\/\/www.radiopiu.net\/wordpress\/wp-content\/uploads\/2019\/06\/rudi-cisl.mp3<\/a><\/audio>\n<p>&nbsp;<\/p>\n<p><strong><a class=\"dt-pswp-item\" href=\"http:\/\/www.radiopiu.net\/wordpress\/wp-content\/uploads\/2018\/12\/CISL.png\" data-dt-img-description=\"\" data-large_image_width=\"292\" data-large_image_height=\"116\"><img loading=\"lazy\" decoding=\"async\" class=\" wp-image-70350 alignleft\" src=\"http:\/\/www.radiopiu.net\/wordpress\/wp-content\/uploads\/2018\/12\/CISL.png\" alt=\"\" width=\"244\" height=\"97\" \/><\/a>BELLUNO<\/strong> \u201cLa Cisl di Belluno Treviso esprime enorme soddisfazione per l&#8217;assegnazione dei Giochi olimpici invernali del 2026 a Cortina. Tutti, i bellunesi in primis, sono oggi orgogliosi di questo risultato e guardano al futuro con pi\u00f9 ottimismo e speranza per uno sviluppo di questo territorio che dia valore alle peculiarit\u00e0 montane\u201d. All&#8217;indomani dell&#8217;assegnazione dei Giochi olimpici e paralimpici invernali 2026 alla candidatura italiana di Milano-Cortina esprimono parole di gioia il Segretario generale della Cisl Belluno Treviso Cinzia Bonan e il Segretario aggiunto Rudy Roffar\u00e8. \u201cRingraziamo l&#8217;ottimo lavoro di squadra fatto da chi, fin dal primo momento, ha creduto alla candidatura olimpica, a partire dal presidente della regione Veneto Luca Zaia, al sindaco di Cortina Gianpietro Ghedina e al presidente della provincia Roberto Padrin. A loro &#8211; affermano Bonan e Roffar\u00e8 &#8211; e a tutti quelli che in questi mesi hanno lavorato al progetto diciamo grazie. Insieme ai Mondiali di Sci del 2021 e alle altre numerose iniziative sportive previste in tutta la provincia bellunese, le Olimpiadi sono un\u2019opportunit\u00e0 per far s\u00ec che si promuova in questo territorio la vocazione di un turismo diffuso, intelligente, ecosostenibile e integrato allo straordinario ambiente che lo circonda. Oltre al pregio ottenuto a livello mondiale per la candidatura e ai posti di lavoro che verranno a crearsi, rimane molto da fare, e la speranza \u00e8 che il territorio, insieme alle istituzioni regionali e nazionali, lavorino perch\u00e9 questa occasione offra elementi di sviluppo, ammodernamento delle infrastrutture tecnologiche e della viabilit\u00e0\u201d. \u201cL&#8217;attenzione alla montagna &#8211; sottolineano i due Segretari &#8211; passa ora attraverso l&#8217;opportunit\u00e0 di rendere maggiormente funzionali le reti stradali e ferroviarie, le attivit\u00e0 ricettive turistiche ed alberghiere e la diffusione della banda larga per poter essere un territorio in grado di dare i servizi necessari a poter ospitare questo grande evento. E per essere in grado di migliorare la qualit\u00e0 della nostra offerta di ricezione auspichiamo che si lavori anche per potenziare la formazione professionale ai nostri lavoratori, per far s\u00ec che questa opportunit\u00e0 olimpica sia una vera occasione di sviluppo sociale ed economico del nostro territorio e sia di sostegno per contrastare lo spopolamento della montagna bellunese\u201d.<\/p>\n<p>&nbsp;<\/p>\n<p>&nbsp;<\/p>\n<p>&nbsp;<\/p>\n<h3>Deputati Pd: \u00abMolto lavoro per preparare al meglio il territorio\u00bb<\/h3>\n<p><strong><a class=\"dt-pswp-item\" href=\"http:\/\/www.radiopiu.net\/wordpress\/wp-content\/uploads\/2018\/11\/PD.png\" data-dt-img-description=\"\" data-large_image_width=\"226\" data-large_image_height=\"182\"><img loading=\"lazy\" decoding=\"async\" class=\" wp-image-67744 alignleft\" src=\"http:\/\/www.radiopiu.net\/wordpress\/wp-content\/uploads\/2018\/11\/PD.png\" alt=\"\" width=\"199\" height=\"160\" \/><\/a>ROMA<\/strong> Abbiamo tutti tifato e lavorato perch\u00e9 Milano e Cortina ottenessero le Olimpiadi invernali. L\u2019iter \u00e8 stato avviato con il Partito democratico al governo. Da primi tifosi delle Olimpiadi e del nostro territorio, nonostante avessimo lanciato l\u2019idea di organizzare la manifestazione sulle Dolomiti, quando le cose non erano chiare e rimaneva ambiguo il ruolo di Torino, abbiamo chiesto un salto di qualit\u00e0 nella redazione del dossier, la costruzione di un asse unico con Milano, che all\u2019epoca era guardato in Veneto con molta diffidenza. Oggi le Olimpiadi sono una realt\u00e0 e ne siamo felici, grazie al Comune di Cortina che ha tessuto un\u2019intensa rete di relazioni, al Coni che ha creduto alla doppia candidatura e alla disponibilit\u00e0 del sindaco di Milano Giuseppe Sala che ha accettato di rientrare in corsa dando solidit\u00e0 al dossier. Un ringraziamento sincero va anche alle Regioni Veneto e Lombardia e ai rispettivi presidenti perch\u00e9 l\u2019incessante attivit\u00e0 di comunicazione e pubbliche relazioni svolta ha certamente contribuito a mantenere il tema al centro dell\u2019agenda pubblica. Ora dobbiamo lavorare tutti insieme perch\u00e9 le infrastrutture siano all\u2019altezza, perch\u00e9 il turismo sia un\u2019opportunit\u00e0 e non un problema, perch\u00e9 il messaggio sportivo, ma anche imprenditoriale, occupazione e ambientale, sia veicolato al meglio. Noi ci siamo! Abbiamo avviato l\u2019iter della candidatura e oggi festeggiamo con tutti gli italiani, ben consapevoli che c\u2019\u00e8 molto lavoro da fare e che le critiche, se non sono ideologiche e pregiudiziali, aiutano a raggiungere gli obiettivi.<\/p>\n<p>&nbsp;<\/p>\n<p>&nbsp;<\/p>\n<h2>Olimpiadi, Moretti (PD): &#8220;4,5 miliardi di Pil e 36mila euro posti di lavoro in pi\u00f9, ma Salvini non le voleva&#8221;<\/h2>\n<p><strong>VENEZIA<\/strong> \u2018&#8221;Le Olimpiadi Milano-Cortina rappresentano una svolta economica per un Paese che \u00e8 inchiodato alla stagnazione a causa di un governo incapace: ci sono in ballo 4,5 miliardi di Pil in pi\u00f9 e 36 mila nuovi posti di lavoro, secondo gli studi delle universit\u00e0 Ca\u2019 Foscari e Bocconi. Eppure c\u2019\u00e8 chi come Salvini non le voleva, accusando Renzi di perdere tempo a pensare alle Olimpiadi, e come i grillini del No ideologico a tutto ci\u00f2 che \u00e8 guardare avanti, che a Torino e Roma hanno rifiutato questa grande occasione di sviluppo. Ecco, noi non cambiamo idea a seconda della convenienza poltica e siamo sempre dalla stessa parte: quella del lavoro e dello sviluppo&#8221;, cos\u00ec in una nota l\u2019europarlamentare e consigliera regionale veneta del Pd Alessandra Moretti.<\/p>\n<p>&nbsp;<\/p>\n<p>&nbsp;<\/p>\n<h2>GIOVANNI TURIANO \u00c8 IL NUOVO DIRETTORE DELLA CARDIOLOGIA DI BELLUNO<\/h2>\n<blockquote>\n<p align=\"CENTER\"><em><span style=\"font-family: Calibri, serif;\"><span style=\"font-size: medium;\">La Direzione Generale d\u00e0 il benvenuto al nuovo primario e ringrazia l\u2019\u00e9quipe del reparto per il lavoro svolto nel periodo di transizione.<\/span><\/span><\/em><\/p>\n<\/blockquote>\n<p align=\"JUSTIFY\"><span style=\"font-family: Times New Roman, serif;\"><span style=\"font-size: medium;\"><span style=\"font-family: Calibri, serif;\"><strong><a class=\"dt-pswp-item\" href=\"http:\/\/www.radiopiu.net\/wordpress\/wp-content\/uploads\/2019\/06\/asdasdasd.jpg\" data-dt-img-description=\"\" data-large_image_width=\"1472\" data-large_image_height=\"828\"><img loading=\"lazy\" decoding=\"async\" class=\"size-medium wp-image-89624 alignleft\" src=\"http:\/\/www.radiopiu.net\/wordpress\/wp-content\/uploads\/2019\/06\/asdasdasd-300x169.jpg\" alt=\"\" width=\"300\" height=\"169\" srcset=\"https:\/\/www.radiopiu.net\/wordpress\/wp-content\/uploads\/2019\/06\/asdasdasd-300x169.jpg 300w, https:\/\/www.radiopiu.net\/wordpress\/wp-content\/uploads\/2019\/06\/asdasdasd-768x432.jpg 768w, https:\/\/www.radiopiu.net\/wordpress\/wp-content\/uploads\/2019\/06\/asdasdasd-1024x576.jpg 1024w, https:\/\/www.radiopiu.net\/wordpress\/wp-content\/uploads\/2019\/06\/asdasdasd.jpg 1472w\" sizes=\"auto, (max-width: 300px) 100vw, 300px\" \/><\/a>BELLUNO<\/strong>. Giovanni Turiano guider\u00e0 la Cardiologia del San Martino. Il Direttore Generale dell\u2019ulss Dolomiti ha nominato oggi il nuovo direttore della Cardiologia di Belluno, primo classificato in una terna di candidati selezionati dalla commissione nella prova concorsuale.<\/span><\/span><\/span><\/p>\n<p align=\"JUSTIFY\"><span style=\"font-family: Times New Roman, serif;\"><span style=\"font-size: medium;\"><span style=\"font-family: Calibri, serif;\">Giovanni Turiano, nato a Venezia nel 1963, si \u00e8 laureato in Medicina e Chirurgia con il massimo dei voti e la lode nel 1988 all\u2019Universit\u00e0 di Padova, dove ha poi conseguito la Specializzazione in Cardiologia nel 1992. <\/span><\/span><\/span><span style=\"font-family: Times New Roman, serif;\"><span style=\"font-size: medium;\"><span style=\"font-family: Calibri, serif;\">Formatosi professionalmente alla Scuola Cardiologica del Prof. Piccolo di Mestre, dopo una breve esperienza come Assistente alla Cardiologia di Portogruaro, ha prestato servizio dal 1993 al 2004 presso la Divisione di Cardiologia dell\u2019Ospedale di Mestre, con incarichi di \u201calta specializzazione in Emodinamica\u201d e di \u201ccontrollo di qualit\u00e0 in Emodinamica\u201d, maturando grande esperienza nelle procedure di coronarografia ed interventistica coronarica. <\/span><\/span><\/span><span style=\"font-family: Calibri, serif;\"><span style=\"font-size: medium;\">Dal 2004 opera come Dirigente di I\u00b0 livello alla Cardiologia dell\u2019Ospedale di Conegliano. Ha fatto parte dell\u2019equipe del Laboratorio di Emodinamica, contribuendo in maniera fondamentale allo sviluppo del programma di interventistica coronarica, culminato nel 2007 con il riconoscimento per la Cardiologia di Conegliano, da parte della Regione Veneto, di Centro Hub per il trattamento dell\u2019infarto miocardico. Dal 2009 \u00e8 Responsabile dell&#8217;Unit\u00e0 Operativa Semplice di Unit\u00e0 Coronarica <\/span><\/span><span style=\"font-family: Calibri, serif;\"><span style=\"font-size: medium;\">dove ha introdotto nuove tecniche quali l\u2019emofiltrazione venosa continua nei pazienti con insufficienza renale acuta e scompenso cardiaco, l\u2019uso di sistemi di assistenza ventricolare per via endoscopica per il trattamento dei pazienti con shock cardiogeno, l\u2019impiego dell\u2019ipotermia corporea nei pazienti rianimati per arresto cardiaco. D<\/span><\/span><span style=\"font-family: Calibri, serif;\"><span style=\"font-size: medium;\">al gennaio 2015 al gennaio 2017 ha inoltre ricoperto il ruolo di Direttore f.f. del Reparto di Cardiologia acquisendo una significativa esperienza nella gestione <\/span><\/span><span style=\"font-family: Calibri, serif;\"><span style=\"font-size: medium;\">del Personale Medico ed Infermieristico della struttura, orientando la propria attivit\u00e0 alla motivazione e valorizzazione dei propri collaboratori, mantenendo un clima interno favorente le migliori condizioni di svolgimento dell\u2019attivit\u00e0 assistenziale.\u00a0<\/span><\/span> <span style=\"font-family: Calibri, serif;\"><span style=\"font-size: medium;\">Il dottor Turiano, nel corso della sua carriera, ha sviluppato una notevole competenza ed esperienza in ambito clinico, occupandosi del trattamento e della gestione delle principali patologie cardiovascolari e si \u00e8 dedicato in particolare alla cura delle sindromi coronariche acute e della cardiopatia ischemica cronica, gestendo a questo proposito negli ultimi 10 anni oltre 4.000 pazienti<\/span><\/span><span style=\"font-family: Calibri, serif;\"><span style=\"font-size: medium;\">. <\/span><\/span><span style=\"font-family: Calibri, serif;\"><span style=\"font-size: medium;\">Ha al suo attivo 50 pubblicazioni scientifiche in riviste scientifiche nazionali ed internazionali ed \u00e8 stato invitato come relatore o moderatore in oltre 50 congressi. Ha svolto attivit\u00e0 di docenza negli anni accademici 2015-2016, 2016-2017, 2017-2018, come Professore a contratto, presso il Corso di Laurea in Infermieristica dell\u2019Universit\u00e0 di Padova, sede di Conegliano, con insegnamento di \u201cAttivit\u00e0 Seminariale in Medicina Cardiovasco<\/span><\/span><span style=\"font-family: Calibri, serif;\"><span style=\"font-size: medium;\">lare\u201d.<\/span><\/span><\/p>\n<p align=\"JUSTIFY\">\n<p align=\"JUSTIFY\">\n<p align=\"JUSTIFY\">\n<h3 class=\"entry-title\">IL COMANDANTE ALFA, TRA I FONDATORI DEL G.I.S. DEI CARABINIERI, PROTAGONISTA DI UNA SERATA STRAORDINARIA A FARRA D\u2019ALPAGO.<\/h3>\n<blockquote><p><a class=\"dt-pswp-item\" href=\"http:\/\/www.radiopiu.net\/wordpress\/wp-content\/uploads\/2019\/06\/IMG_20190622_221359.jpg\" data-dt-img-description=\"\" data-large_image_width=\"5312\" data-large_image_height=\"2988\"><img loading=\"lazy\" decoding=\"async\" class=\"size-medium wp-image-89640 alignleft\" src=\"http:\/\/www.radiopiu.net\/wordpress\/wp-content\/uploads\/2019\/06\/IMG_20190622_221359-300x169.jpg\" alt=\"\" width=\"300\" height=\"169\" srcset=\"https:\/\/www.radiopiu.net\/wordpress\/wp-content\/uploads\/2019\/06\/IMG_20190622_221359-300x169.jpg 300w, https:\/\/www.radiopiu.net\/wordpress\/wp-content\/uploads\/2019\/06\/IMG_20190622_221359-768x432.jpg 768w, https:\/\/www.radiopiu.net\/wordpress\/wp-content\/uploads\/2019\/06\/IMG_20190622_221359-1024x576.jpg 1024w\" sizes=\"auto, (max-width: 300px) 100vw, 300px\" \/><\/a><\/p><\/blockquote>\n<p><strong>ALPAGO\u00a0<\/strong> Due occhi scuri dietro il mephisto, una voce sempre sicura, ma mai esuberante, una passione incrollabile per il proprio lavoro e la propria missione. Il Comandante Alfa, uno degli storici fondatori del G.I.S,. il Gruppo Intervento Speciale dei Carabinieri, ha letteralmente catturato il folto pubblico che sabato sera ha assiepato la palestra di Farra per l\u2019incontro promosso dalla locale sezione paracadutisti, in collaborazione con il Comune di Alpago. In sala anche i rappresentanti del comando compagnia di Belluno e della locale stazione dell\u2019Arma dei Carabinieri e del Settimo Reggimento Alpini, oltre a moltissimi ex paracadutisti giunti non solo da tutto il bellunese, ma anche dalle province vicine. Dopo i calorosi saluti di benvenuto da parte del segretario della sezione, Luca Padovan e dell\u2019amministrazione del Comune di Alpago, presente con il sindaco Umberto Soccal e il vicesindaco Vanessa De Francesch, Il Comandante Alfa ha ripercorso con lucidit\u00e0, e non senza una punta di commozione, alcuni episodi dei suoi 40 anni nel G.I.S.. Dalla prima clamorosa operazione, la liberazione dei 19 agenti tenuti in scacco dai detenuti in rivolta nel supercarcere di Trani nel 1980, alla liberazione degli ostaggi in mano ai sequestratori, all\u2019intervento contro i \u201cSerenissimi\u201d sul campanile di San Marco, sino alle missioni in teatri di guerra all\u2019estero come l\u2019Iraq e l\u2019Afghanistan, la sua vita \u00e8 un vero caleidoscopio di racconti, personaggi, volti, impese pericolose, ma anche grandi soddisfazioni. \u201cCome quella volta, era il 1990 \u2013 ha raccontato il comandante \u2013 in cui liberammo la piccola Patrizia Tacchella; <a class=\"dt-pswp-item\" href=\"http:\/\/www.radiopiu.net\/wordpress\/wp-content\/uploads\/2019\/06\/Alfa_4.jpg\" data-dt-img-description=\"\" data-large_image_width=\"1920\" data-large_image_height=\"1080\"><img loading=\"lazy\" decoding=\"async\" class=\"size-medium wp-image-89641 alignright\" src=\"http:\/\/www.radiopiu.net\/wordpress\/wp-content\/uploads\/2019\/06\/Alfa_4-300x169.jpg\" alt=\"\" width=\"300\" height=\"169\" srcset=\"https:\/\/www.radiopiu.net\/wordpress\/wp-content\/uploads\/2019\/06\/Alfa_4-300x169.jpg 300w, https:\/\/www.radiopiu.net\/wordpress\/wp-content\/uploads\/2019\/06\/Alfa_4-768x432.jpg 768w, https:\/\/www.radiopiu.net\/wordpress\/wp-content\/uploads\/2019\/06\/Alfa_4-1024x576.jpg 1024w, https:\/\/www.radiopiu.net\/wordpress\/wp-content\/uploads\/2019\/06\/Alfa_4.jpg 1920w\" sizes=\"auto, (max-width: 300px) 100vw, 300px\" \/><\/a>davanti a lei, ha ricordato Alfa con evidente commozione \u2013 dovetti togliermi il mephisto, perch\u00e9 doveva essere rassicurata e voleva vedere e ringraziare chi l\u2019aveva salvata: una gioia che mi porter\u00f2 per sempre nel cuore\u201d. Racconti di una vita dedicata alla protezione degli altri, \u201cal servizio dello stato\u201d, come recitava appunto il titolo dell\u2019incontro, in cui la forza ed eventualmente la violenza, ha detto il comandante \u2013 non sono mai state gratuite o fini a se stesse. \u201cNoi non vogliamo il \u201crambismo\u201d, non siamo giudici, non intendiamo sostituirci a chi deve decidere le pene, ma garantire la sicurezza e la protezione dei nostri concittadini\u201d. L\u2019unico grande rammarico? \u201cNon aver potuto seguire da vicino l\u2019infanzia dei miei figli, ha detto Alfa, ma ora mi sto rivalendo su nipoti a cui dedico tutto il tempo e l\u2019amore che posso\u201d. E la paura, lei conosce la paura? \u201cCerto che la conosco, guai se non ci fosse! Coraggio non significa non avere paura, ma conviverci e dominarla.\u201d Al termine dell\u2019incontro, inserito nel calendario delle manifestazioni per la festa patronale di San Vigilio, la Sezione Paracadutisti dell\u2019Alpago e le Amministrazioni comunali di Alpago e Tambre hanno offerto all\u2019ospite dei presenti in segno di riconoscenza; dal comandante Alfa, per la prima volta nel Bellunese, sono arrivate parole di sincera gratitudine \u201cper la calorosa accoglienza e per le bellezze straordinarie di questi luoghi\u201d.<\/p>\n<p>&nbsp;<\/p>\n<p>&nbsp;<\/p>\n<p>&nbsp;<\/p>\n<h2 align=\"JUSTIFY\"><a class=\"dt-pswp-item\" href=\"http:\/\/www.radiopiu.net\/wordpress\/wp-content\/uploads\/2019\/06\/78583225-8dbb-412d-989e-8a5c544e7aea.jpg\" data-dt-img-description=\"\" data-large_image_width=\"1080\" data-large_image_height=\"1521\"><img loading=\"lazy\" decoding=\"async\" class=\" wp-image-89665 alignleft\" src=\"http:\/\/www.radiopiu.net\/wordpress\/wp-content\/uploads\/2019\/06\/78583225-8dbb-412d-989e-8a5c544e7aea-213x300.jpg\" alt=\"\" width=\"134\" height=\"189\" srcset=\"https:\/\/www.radiopiu.net\/wordpress\/wp-content\/uploads\/2019\/06\/78583225-8dbb-412d-989e-8a5c544e7aea-213x300.jpg 213w, https:\/\/www.radiopiu.net\/wordpress\/wp-content\/uploads\/2019\/06\/78583225-8dbb-412d-989e-8a5c544e7aea-768x1082.jpg 768w, https:\/\/www.radiopiu.net\/wordpress\/wp-content\/uploads\/2019\/06\/78583225-8dbb-412d-989e-8a5c544e7aea-727x1024.jpg 727w, https:\/\/www.radiopiu.net\/wordpress\/wp-content\/uploads\/2019\/06\/78583225-8dbb-412d-989e-8a5c544e7aea.jpg 1080w\" sizes=\"auto, (max-width: 134px) 100vw, 134px\" \/><\/a><\/h2>\n<h2 align=\"JUSTIFY\"><\/h2>\n<h2 align=\"JUSTIFY\"><\/h2>\n<h2 align=\"JUSTIFY\">MOTORI E DISABILITA&#8217;\u00a0 A SCOPO BENEFICO<\/h2>\n<p><strong>di ROBERTO BONA<\/strong><\/p>\n<audio class=\"wp-audio-shortcode\" id=\"audio-89618-8\" preload=\"none\" style=\"width: 100%;\" controls=\"controls\"><source type=\"audio\/mpeg\" src=\"http:\/\/www.radiopiu.net\/wordpress\/wp-content\/uploads\/2019\/06\/bona.mp3?_=8\" \/><a href=\"http:\/\/www.radiopiu.net\/wordpress\/wp-content\/uploads\/2019\/06\/bona.mp3\">http:\/\/www.radiopiu.net\/wordpress\/wp-content\/uploads\/2019\/06\/bona.mp3<\/a><\/audio>\n<h3 align=\"JUSTIFY\"><\/h3>\n<blockquote><p>&nbsp;<\/p><\/blockquote>\n<p>&nbsp;<\/p>\n<p>&nbsp;<\/p>\n<h2>ESTATE TIZIANESCA, LA PRESENTAZIONE<\/h2>\n<p><strong>BELLUNO<\/strong> La Fondazione Centro Studi Tiziano e Cadore in collaborazione con Confindustria Belluno Dolomti presenta il calendario dell\u2019Estate Tizianesca 2019 nel corso di una conferenza in programma per\u00a0 domani a\u00a0Villa Doglioni Dalmas. Interverranno Andrea Ferrazzi, direttore Confindustria Belluno Dolomiti, Maria Giovanna Coletti, Presidente della Fondazione Centro Studi Tiziano che introdurr\u00e0 e illustrer\u00e0 il programma dell\u2019Estate Tizianesca, \u00a0Delio Cassetta, Direttore Dolomiti Symphonia, Gianluca D\u2019Inc\u00e0 Levis &#8211; Curatore di Dolomiti Contemporanee, \u00a0Roberto Da Re Giustiniani, Kellermann editore, organizzatore e curatore della Fiera Boschi di carta,\u00a0Manuela Da Cort\u00e0, membro C.d.A. Fondazione Centro Studi Tiziano e Cadore e curatrice di Boschi di Carta insieme a Roberto Da Re Giustiniani<\/p>\n<h2><\/h2>\n<p>&nbsp;<\/p>\n<p>&nbsp;<\/p>\n<h3>UNIONE MONTANA, VENERDI IL CONSIGLIO E I GIOCHI SONO APERTI. CHI GUIDERA&#8217; LA SQUADRA DI PALAZZO BIANCO DOPO LE ELEZIONI DI MAGGIO? QUALE IL FUTURO DELLA PISCINA COMPRENSORIALE DOPO I 5 ANNI DELLA GESTIONE ONDABLU?<\/h3>\n<p>&nbsp;<\/p>\n<p>&nbsp;<\/p>\n<h3>CONSIGLIO COMUNALE A CENCENIGHE<\/h3>\n<p><strong>CENCENIGHE<\/strong> Il sindaco di Cencenighe Mauro Soppelsa ha convocato il consiglio comunale per venerdi alle 18.30, in discussione tre variazioni al bilancio e l&#8217;approvazione del bilancio di esercizio 2018 di Asca.<\/p>\n<p>&nbsp;<\/p>\n<p>&nbsp;<\/p>\n<h3>BANDO DI CONCORSO PUBBLICO, PER ESAMI<\/h3>\n<p><strong><a class=\"dt-pswp-item\" href=\"http:\/\/www.radiopiu.net\/wordpress\/wp-content\/uploads\/2016\/11\/bandi-e-concorsi.jpg\" data-dt-img-description=\"\" data-large_image_width=\"285\" data-large_image_height=\"270\"><img loading=\"lazy\" decoding=\"async\" class=\"wp-image-25479 alignleft\" src=\"http:\/\/www.radiopiu.net\/wordpress\/wp-content\/uploads\/2016\/11\/bandi-e-concorsi.jpg\" alt=\"\" width=\"147\" height=\"139\" \/><\/a>VOLTAGO<\/strong> E&#8217; \u00a0indetta procedura concorsuale pubblica per soli esami per la copertura, con contratto di lavoro a tempo pieno e indeterminato, di un posto di Istruttore Amministrativo di categoria C1, a tempo pieno e indeterminato, presso l&#8217;Area Amministrativa del Comune di Voltago Agordino, a tempo pieno (prestazione lavorativa pari a 36 ore settimanali). Per ogni chiarimento od informazione, i concorrenti potranno rivolgersi all&#8217;Ufficio Anagrafe del Comune di Voltago Agordino (tel. 0437\/669132) posta elettronica: voltago@agordino.bl.it<\/p>\n<p>&nbsp;<\/p>\n<p>&nbsp;<\/p>\n<p>&nbsp;<\/p>\n<h2>FALCADE, I GIOVEDI DELLE BIBLIOTECHE<\/h2>\n<p><strong>Gioved\u00ec 27 giugno <\/strong>La Compagnia Instabile Don Bosco presenta \u201cFumo negli occhi\u201d Casa della Giovent\u00f9 di Caviola, ore 20.45<\/p>\n<p>Avere o Essere? La signora Teresa vorrebbe realizzare la riduzione ad unit\u00e0 della nota alternativa&#8230;cos\u00ec lei, facendo finta di avere, finge anche di essere! \u00c8 questo il leit motiv di questa spassosa vicenda ambientata negli anni del boom economico e della contestazione<br \/>\ngiovanile, agli albori della civilt\u00e0 consumistica che spinge le famiglie a gareggiare tra di loro a chi ha (o sembra avere) di pi\u00f9! Ma fin quando regger\u00e0 questo castello di carte?<\/p>\n<p><strong>Gioved\u00ec 11 luglio <\/strong>Francesco Trotta presenta il libro \u201cMafia come M\u201d Canale d\u2019Agordo Sala di via Lotta, ore 20.45 <strong>Gioved\u00ec 18 luglio <\/strong>Vittorio Fenti presenta il libro \u201cIl torrente Gavon\u201d<br \/>\nCasa della Giovent\u00f9 di Caviola, ore 20.45 <strong>Gioved\u00ec 25 luglio <\/strong>Lisa De Luca presenta il libro \u201cParole\u201d Sala Consiliare di Falcade, ore 20.45 <strong>Gioved\u00ec 1 agosto <\/strong>Antonio Bortoluzzi presenta il libro \u201cCome si fanno le cose\u201d Biblioteca di Vallada Agordina, ore 20.45 <strong>Gioved\u00ec 8 agosto <\/strong>L\u2019Associazione Bellunesi nel mondo presenta i libri \u201cI ricordi della valigia\u201d ed \u201cEmigrazione 2.0\u201d Canale d\u2019Agordo Sala di via Lotta, ore 20.45 <strong>Venerd\u00ec 9 agosto <\/strong>Serata con Vittorio Fenti e Silvia Tessari \u201cLa musica dei sassi\u201d Casa della Giovent\u00f9 di Caviola, ore 20.45 <strong>Gioved\u00ec 22 agosto <\/strong>Fontanive Dario presenta il libro \u201cGli artigli dell\u2019aquila\u201d Sala Consiliare di Falcade, ore 20.45<\/p>\n<p>&nbsp;<\/p>\n<p>&nbsp;<\/p>\n<h2>FALCADE POMERIGGIO D&#8217;ESTATE<\/h2>\n<blockquote><p><em>pomeriggi d\u2019estate per bambini ascolto gioco e scopro, e mi diverto un sacco&#8230;<\/em><\/p><\/blockquote>\n<p><strong>\u2022 MARTEDI\u2019 16 LUGLIO LABORATORIO<\/strong> &#8211; \u201cQUILLING\u201d laboratorio ludico didattico<br \/>\nper bambini dai 6\/11 anni presso presso il Parco Giochi di Falcade dalle ore 15.30 alle<br \/>\n17.30 (su prenotazione presso gli uffici turistici di Falcade e Caviola 0437\/599062 \u2013<br \/>\n0437\/590116). Costo \u20ac 3,00.<br \/>\n<strong>\u2022 MARTEDI\u2019 23 LUGLIO GIOCANDO CON LA LETTURA<\/strong> \u201cil mistero delle macchie<br \/>\nscomparse\u201d dai 4 ai 8 anni Presso la Casa della Giovent\u00f9 di Caviola dalle ore 15.30 alle<br \/>\n17.30 (numero aperto).<br \/>\n<strong>\u2022 MARTEDI\u2019 30 LUGLIO LABORATORIO &#8211; COLORO I SASS<\/strong>I laboratorio ludicodidattico<br \/>\nper bambini dai 6\/11 anni presso il Parco Giochi di Falcade dalle ore 15.30 alle<br \/>\n17.30 (su prenotazione presso gli uffici turistici di Falcade e Caviola 0437\/599062 \u2013<br \/>\n0437\/590116) Costo \u20ac 3,00.<br \/>\n<strong>\u2022 MARTEDI\u2019 6 AGOSTO LABORATORIO &#8211;<\/strong> \u201cQUILLING\u201d laboratorio ludico didattico<br \/>\nper bambini dai 6\/11 anni presso la Casa della Giovent\u00f9 di Caviola dalle ore 15.30 alle<br \/>\n17.30 prenotazioni presso l\u2019Ufficio Turistico di Falcade e Proloco di Caviola. Costo \u20ac 3,00.<br \/>\n<strong>\u2022 MARTEDI\u2019 12 AGOSTO GIOCANDO CON LA LETTURA<\/strong> \u201cle uova di tasso bislacco\u201d dai<br \/>\n4 ai 8 anni presso il Parco Giochi di Falcade dalle ore 15.30 alle 17.30 (su prenotazione<br \/>\npresso gli uffici turistici di Falcade e Caviola 0437\/599062 \u2013 0437\/590116). (numero<br \/>\naperto).<br \/>\n<strong>\u2022 MARTEDI\u2019 20 AGOSTO LABORATORIO &#8211; COLORO<\/strong> I SASSI laboratorio ludicodidattico<br \/>\nper bambini dai 6\/11 anni presso la Casa della Giovent\u00f9 di Caviola dalle ore 15.30<br \/>\nalle 17.30 prenotazioni presso l\u2019Ufficio Turistico di Falcade e Proloco di Caviola. Costo \u20ac<br \/>\n3,00.<\/p>\n<p>&nbsp;<\/p>\n<p>&nbsp;<\/p>\n<h3>CON UN PENSIERO A GIGI SIMONI, RECENTEMENTE OSPITE A FALCADE CON L&#8217;INTERCLUB<\/h3>\n<div class=\"\"><span class=\"\" style=\"color: #747474; font-family: Open Sans, sans-serif; font-size: medium;\"><span class=\"\"><a class=\"dt-pswp-item\" href=\"http:\/\/www.radiopiu.net\/wordpress\/wp-content\/uploads\/2019\/04\/SIMONI-INTERCLUB-06.jpeg\" data-dt-img-description=\"\" data-large_image_width=\"1200\" data-large_image_height=\"1599\"><img loading=\"lazy\" decoding=\"async\" class=\"size-medium wp-image-82637 alignleft\" src=\"http:\/\/www.radiopiu.net\/wordpress\/wp-content\/uploads\/2019\/04\/SIMONI-INTERCLUB-06-225x300.jpeg\" alt=\"\" width=\"225\" height=\"300\" srcset=\"https:\/\/www.radiopiu.net\/wordpress\/wp-content\/uploads\/2019\/04\/SIMONI-INTERCLUB-06-225x300.jpeg 225w, https:\/\/www.radiopiu.net\/wordpress\/wp-content\/uploads\/2019\/04\/SIMONI-INTERCLUB-06-768x1024.jpeg 768w, https:\/\/www.radiopiu.net\/wordpress\/wp-content\/uploads\/2019\/04\/SIMONI-INTERCLUB-06.jpeg 1200w\" sizes=\"auto, (max-width: 225px) 100vw, 225px\" \/><\/a>Dal primo luglio prende il via\u00a0 la campagna tesseramento dell\u2019 Inter Club Agordino Giacinto Facchetti da:\u00a0 <\/span><\/span>\u201cMila Market di Sito Claudio e Bonomi Paola\u201d ad Agordo, \u201cBar Carlin di Carlin Ivan\u201d loc. Toccol ad Agordo, \u201cSport Hotel Cristal Fam. Serafini\u201d a Falcade, \u201cMacelleria Fa\u00e8 Fam. Fa\u00e8\u201d a Cencenighe, \u201cBar Ristorante Larin di Nascimben Alberto &amp; C.\u201d a La Valle Agordina, \u201cBar La Tana delle Birbe di Joanne e Angelo\u201d a Taibon, \u201cFiocco Calzature e Souvenir di Fiocco Raffaela e Monica\u201d a Canale d\u2019Agordo, \u201cBar Bianco di Da Tos Manuel\u201d ad Alleghe, \u201cOttica La Muda di Montagnoli Marco\u201d a Mas di Sedico.<\/div>\n<p>&nbsp;<\/p>\n<p>&nbsp;<\/p>\n<p>&nbsp;<\/p>\n<p>&nbsp;<\/p>\n<h3><a class=\"dt-pswp-item\" href=\"http:\/\/www.radiopiu.net\/wordpress\/wp-content\/uploads\/2018\/09\/appuntamenti.jpeg\" data-dt-img-description=\"\" data-large_image_width=\"800\" data-large_image_height=\"100\"><img loading=\"lazy\" decoding=\"async\" class=\"alignnone size-full wp-image-61958\" src=\"http:\/\/www.radiopiu.net\/wordpress\/wp-content\/uploads\/2018\/09\/appuntamenti.jpeg\" alt=\"\" width=\"800\" height=\"100\" srcset=\"https:\/\/www.radiopiu.net\/wordpress\/wp-content\/uploads\/2018\/09\/appuntamenti.jpeg 800w, https:\/\/www.radiopiu.net\/wordpress\/wp-content\/uploads\/2018\/09\/appuntamenti-300x38.jpeg 300w, https:\/\/www.radiopiu.net\/wordpress\/wp-content\/uploads\/2018\/09\/appuntamenti-768x96.jpeg 768w\" sizes=\"auto, (max-width: 800px) 100vw, 800px\" \/><\/a><\/h3>\n<p>&nbsp;<\/p>\n<h3>NEL RICORDO DI CHERUBINO\u00a0 SCENE DI VITA VISSUTA<\/h3>\n<p><strong><a class=\"dt-pswp-item\" href=\"http:\/\/www.radiopiu.net\/wordpress\/wp-content\/uploads\/2019\/06\/62592492_2453742121344639_4010088381613604864_n.jpg\" data-dt-img-description=\"\" data-large_image_width=\"601\" data-large_image_height=\"801\"><img loading=\"lazy\" decoding=\"async\" class=\" wp-image-89524 alignleft\" src=\"http:\/\/www.radiopiu.net\/wordpress\/wp-content\/uploads\/2019\/06\/62592492_2453742121344639_4010088381613604864_n-225x300.jpg\" alt=\"\" width=\"115\" height=\"153\" srcset=\"https:\/\/www.radiopiu.net\/wordpress\/wp-content\/uploads\/2019\/06\/62592492_2453742121344639_4010088381613604864_n-225x300.jpg 225w, https:\/\/www.radiopiu.net\/wordpress\/wp-content\/uploads\/2019\/06\/62592492_2453742121344639_4010088381613604864_n.jpg 601w\" sizes=\"auto, (max-width: 115px) 100vw, 115px\" \/><\/a>AGORDO.<\/strong> &#8220;Tu non sai&#8221; \u00e8 il titolo del libro di Cherubino Miana che verr\u00e0 presentato sabato 29 giugno alle 11 in sala &#8220;don Tamis&#8221; ad Agordo. Si tratta di un volume che raccoglie poesie e racconti di Miana (gi\u00e0 vicesindaco di Voltago dal 2004 al 2009 e presidente dell&#8217;Associazione dei periti minerari), morto nel 2015 dopo una lunga malattia. Il ricavato della vendita sar\u00e0 devoluto all&#8217;associazione Pettirosso Agordino.<\/p>\n<p><strong>L&#8217;INTERVISTA DI RADIO PIU AD ATTILIO PIETROGIOVANNA &#8220;NELLA&#8221;<\/strong><\/p>\n<audio class=\"wp-audio-shortcode\" id=\"audio-89618-9\" preload=\"none\" style=\"width: 100%;\" controls=\"controls\"><source type=\"audio\/mpeg\" src=\"http:\/\/www.radiopiu.net\/wordpress\/wp-content\/uploads\/2019\/06\/ATTILIO-PIETROGIOVANNA.mp3?_=9\" \/><a href=\"http:\/\/www.radiopiu.net\/wordpress\/wp-content\/uploads\/2019\/06\/ATTILIO-PIETROGIOVANNA.mp3\">http:\/\/www.radiopiu.net\/wordpress\/wp-content\/uploads\/2019\/06\/ATTILIO-PIETROGIOVANNA.mp3<\/a><\/audio>\n<h2><\/h2>\n<h2>archivio radio piu&#8230; una delle intervista per El Darlin di Luisa Alchini<\/h2>\n<audio class=\"wp-audio-shortcode\" id=\"audio-89618-10\" preload=\"none\" style=\"width: 100%;\" controls=\"controls\"><source type=\"audio\/mpeg\" src=\"http:\/\/www.radiopiu.net\/wordpress\/wp-content\/uploads\/2019\/06\/Cherubino-Miana1.mp3?_=10\" \/><a href=\"http:\/\/www.radiopiu.net\/wordpress\/wp-content\/uploads\/2019\/06\/Cherubino-Miana1.mp3\">http:\/\/www.radiopiu.net\/wordpress\/wp-content\/uploads\/2019\/06\/Cherubino-Miana1.mp3<\/a><\/audio>\n<audio class=\"wp-audio-shortcode\" id=\"audio-89618-11\" preload=\"none\" style=\"width: 100%;\" controls=\"controls\"><source type=\"audio\/mpeg\" src=\"http:\/\/www.radiopiu.net\/wordpress\/wp-content\/uploads\/2019\/06\/Cherubino-Miana2.mp3?_=11\" \/><a href=\"http:\/\/www.radiopiu.net\/wordpress\/wp-content\/uploads\/2019\/06\/Cherubino-Miana2.mp3\">http:\/\/www.radiopiu.net\/wordpress\/wp-content\/uploads\/2019\/06\/Cherubino-Miana2.mp3<\/a><\/audio>\n<audio class=\"wp-audio-shortcode\" id=\"audio-89618-12\" preload=\"none\" style=\"width: 100%;\" controls=\"controls\"><source type=\"audio\/mpeg\" src=\"http:\/\/www.radiopiu.net\/wordpress\/wp-content\/uploads\/2019\/06\/Cherubino-Miana3.mp3?_=12\" \/><a href=\"http:\/\/www.radiopiu.net\/wordpress\/wp-content\/uploads\/2019\/06\/Cherubino-Miana3.mp3\">http:\/\/www.radiopiu.net\/wordpress\/wp-content\/uploads\/2019\/06\/Cherubino-Miana3.mp3<\/a><\/audio>\n<p>&nbsp;<\/p>\n<p>&nbsp;<\/p>\n<p>&nbsp;<\/p>\n<h3>GEMELLAGGIO SFOGLIANDO IL LIBRO DEI RICORDI<\/h3>\n<p><span style=\"color: #ff0000;\">AUDIO DAL NOTIZIARIO PRINCIPALE, Claudia Cattadori<\/span><\/p>\n<audio class=\"wp-audio-shortcode\" id=\"audio-89618-13\" preload=\"none\" style=\"width: 100%;\" controls=\"controls\"><source type=\"audio\/mpeg\" src=\"http:\/\/www.radiopiu.net\/wordpress\/wp-content\/uploads\/2019\/06\/claudia.mp3?_=13\" \/><a href=\"http:\/\/www.radiopiu.net\/wordpress\/wp-content\/uploads\/2019\/06\/claudia.mp3\">http:\/\/www.radiopiu.net\/wordpress\/wp-content\/uploads\/2019\/06\/claudia.mp3<\/a><\/audio>\n<p>&nbsp;<\/p>\n<p><strong>AGORDO<\/strong> Tra gli eventi legati alla sagra de San Piero, ci sar\u00e0 quest&#8217;anno la presentazione del libro scritto in occasione dei trent&#8217;anni di gemellaggio tra Agordo e Zugliano dal titolo IL FILO DI SETA TRA AGORDO E ZUGLIANO- Storia di emigrazione, lavoro e amicizia. Alla presentazione, a cura di Loris Santomaso, saranno presenti gli autori Arianna Brazzale e Giulio Dalla Ricca del gruppo storico di Zugliano e Patrizio De Ventura del Circolo Culturale Agordino. L&#8217;appuntamento, patrocinato dai comuni di Agordo e di Zugliano e organizzato dal Comitato di Gemellaggio \u00e8 ad Agordo sabato 29 giugno alle ore 17.00 presso la sala della Biblioteca.<\/p>\n<p>&nbsp;<\/p>\n<p>&nbsp;<\/p>\n<h3>CULTURA E MUSICA IN VALMOREL, CON LE STELLE E SOTTO LE STELLE<\/h3>\n<p><a class=\"dt-pswp-item\" href=\"http:\/\/www.radiopiu.net\/wordpress\/wp-content\/uploads\/2019\/06\/download-24.jpg\" data-dt-img-description=\"\" data-large_image_width=\"299\" data-large_image_height=\"169\"><img loading=\"lazy\" decoding=\"async\" class=\"alignnone wp-image-89692\" src=\"http:\/\/www.radiopiu.net\/wordpress\/wp-content\/uploads\/2019\/06\/download-24.jpg\" alt=\"\" width=\"221\" height=\"125\" \/><\/a><a class=\"dt-pswp-item\" href=\"http:\/\/www.radiopiu.net\/wordpress\/wp-content\/uploads\/2019\/06\/download-25.jpg\" data-dt-img-description=\"\" data-large_image_width=\"275\" data-large_image_height=\"183\"><img loading=\"lazy\" decoding=\"async\" class=\"alignnone wp-image-89693\" src=\"http:\/\/www.radiopiu.net\/wordpress\/wp-content\/uploads\/2019\/06\/download-25.jpg\" alt=\"\" width=\"186\" height=\"124\" \/><\/a><\/p>\n<p>LIMANA<\/p>\n<p><strong>di Damiano Tormen<\/strong><\/p>\n<audio class=\"wp-audio-shortcode\" id=\"audio-89618-14\" preload=\"none\" style=\"width: 100%;\" controls=\"controls\"><source type=\"audio\/mpeg\" src=\"http:\/\/www.radiopiu.net\/wordpress\/wp-content\/uploads\/2019\/06\/DAMIANO-6.mp3?_=14\" \/><a href=\"http:\/\/www.radiopiu.net\/wordpress\/wp-content\/uploads\/2019\/06\/DAMIANO-6.mp3\">http:\/\/www.radiopiu.net\/wordpress\/wp-content\/uploads\/2019\/06\/DAMIANO-6.mp3<\/a><\/audio>\n<p>&nbsp;<\/p>\n<p>&nbsp;<\/p>\n<p>&nbsp;<\/p>\n<h3>LE CHIAVI DI SAN PIETRO APRONO GLI SCRIGNI BELLUNESI<\/h3>\n<p><strong><a class=\"dt-pswp-item\" href=\"http:\/\/www.radiopiu.net\/wordpress\/wp-content\/uploads\/2019\/06\/Con_le_chiavi_di_S.Pietro1.jpg\" data-dt-img-description=\"\" data-large_image_width=\"1130\" data-large_image_height=\"1595\"><img loading=\"lazy\" decoding=\"async\" class=\" wp-image-89510 alignleft\" src=\"http:\/\/www.radiopiu.net\/wordpress\/wp-content\/uploads\/2019\/06\/Con_le_chiavi_di_S.Pietro1-213x300.jpg\" alt=\"\" width=\"119\" height=\"168\" srcset=\"https:\/\/www.radiopiu.net\/wordpress\/wp-content\/uploads\/2019\/06\/Con_le_chiavi_di_S.Pietro1-213x300.jpg 213w, https:\/\/www.radiopiu.net\/wordpress\/wp-content\/uploads\/2019\/06\/Con_le_chiavi_di_S.Pietro1-768x1084.jpg 768w, https:\/\/www.radiopiu.net\/wordpress\/wp-content\/uploads\/2019\/06\/Con_le_chiavi_di_S.Pietro1-725x1024.jpg 725w, https:\/\/www.radiopiu.net\/wordpress\/wp-content\/uploads\/2019\/06\/Con_le_chiavi_di_S.Pietro1.jpg 1130w\" sizes=\"auto, (max-width: 119px) 100vw, 119px\" \/><\/a>BELLUNO<\/strong> L\u2019associazione Campedel presenta \u201cCon le chiavi di San Pietro\u201d, porte aperte a chiese e palazzi di Belluno, il 29 giugno: Battistero, Chiesa San Pietro, Palazzo Pagani Cesa, Palazzo Doglioni Dal Mas, Monte di Piet\u00e0, Archivio di Stato, Chiesa della Salute, Cammino della Sentinella. Alle 18 nel seminario Gregoriano il restauro della Via Crucis della chiesa di San Pietro alle 20.30 concerto del Conservatorio A. Steffani di Castelfranco. Il ricavato andr\u00e0 alla Vai Crucis di A. Federici nella chiesa di San Pietro.<\/p>\n<blockquote><p><strong>AI MICROFONI DI RADIO PIU&#8217; LA PRESIDENTE DELL&#8217;ASSOCIAZIONE CAMPEDEL, MARTA AZZALINI<\/strong><\/p><\/blockquote>\n<audio class=\"wp-audio-shortcode\" id=\"audio-89618-15\" preload=\"none\" style=\"width: 100%;\" controls=\"controls\"><source type=\"audio\/mpeg\" src=\"http:\/\/www.radiopiu.net\/wordpress\/wp-content\/uploads\/2019\/06\/MARTA.mp3?_=15\" \/><a href=\"http:\/\/www.radiopiu.net\/wordpress\/wp-content\/uploads\/2019\/06\/MARTA.mp3\">http:\/\/www.radiopiu.net\/wordpress\/wp-content\/uploads\/2019\/06\/MARTA.mp3<\/a><\/audio>\n<p>&nbsp;<\/p>\n<p>&nbsp;<\/p>\n<p>&nbsp;<\/p>\n<h2>SAN PIERO FINE SETTIMANA DI FESTA CON AD AGORDO PROLOCO<\/h2>\n<p>Celeste Paganin.<\/p>\n<p><strong><a class=\"dt-pswp-item\" href=\"http:\/\/www.radiopiu.net\/wordpress\/wp-content\/uploads\/2019\/06\/21097-festa-agordo.jpg\" data-dt-img-description=\"\" data-large_image_width=\"450\" data-large_image_height=\"299\"><img loading=\"lazy\" decoding=\"async\" class=\"size-medium wp-image-89436 alignleft\" src=\"http:\/\/www.radiopiu.net\/wordpress\/wp-content\/uploads\/2019\/06\/21097-festa-agordo-300x199.jpg\" alt=\"\" width=\"300\" height=\"199\" srcset=\"https:\/\/www.radiopiu.net\/wordpress\/wp-content\/uploads\/2019\/06\/21097-festa-agordo-300x199.jpg 300w, https:\/\/www.radiopiu.net\/wordpress\/wp-content\/uploads\/2019\/06\/21097-festa-agordo.jpg 450w\" sizes=\"auto, (max-width: 300px) 100vw, 300px\" \/><\/a>AGORDO<\/strong> Anche quest&#8217;anno ci siamo! Arriva ad Agordo sul Broi (caratteristico prato al centro della piazza) la Sagra di San Piero organizzata da Ad Agordo Proloco. Il cambiamento pi\u00f9 importante per noi quest&#8217;anno sono le stoviglie biodegradabili con le quali eliminiamo quasi completamente la plastica! Di seguito trovate il programma dei tre giorni della sagra.<br \/>\nVENERD\u00cc 28 giugno si inizia con l&#8217;apertura della cucina a cena con due s\ufb01ziose specialit\u00e0 (frittura di pesce e seppie in umido) e per la serata saremo accompagnati dalla band dei &#8220;VERTICAL SMILE&#8221; SABATO 29 giugno SAN PIERO tutto il giorno mercato e a pranzo e cena il classico men\u00f9 di San Piero; alle ore 11 in sala Don Tamis e alle ore 17 in biblioteca presentazione di due importanti libri (trovi le informazioni in locandina); alle ore 15 sul Broi ci saranno i giochi con i pompieri; alle ore 17 sotto il tendone Jessica Lena e Paolo<br \/>\nFornasier suoneranno e canteranno per noi; accompagna la serata la band &#8220;ROCK SCHOOL &#8221;\u00a0 DOMENICA 30 giugno a pranzo l&#8217;immancabile spiedo e la sera per \ufb01nire in bellezza canederli e toc\u00e0 de boia; la sera si balla con &#8220;CHRISTIAN&amp;COSMO GROUP&#8221;\u00a0 Sul gruppo Facebook Ad Agordo Proloco troverete tutte le informazioni e le novit\u00e0 dell&#8217;anno. Vi aspettiamo!<\/p>\n<p>&nbsp;<\/p>\n<p>&nbsp;<\/p>\n<p><a class=\"dt-pswp-item\" href=\"http:\/\/www.radiopiu.net\/wordpress\/wp-content\/uploads\/2018\/09\/sport.jpg\" data-dt-img-description=\"\" data-large_image_width=\"800\" data-large_image_height=\"100\"><img loading=\"lazy\" decoding=\"async\" class=\"alignnone wp-image-60761 size-full\" src=\"http:\/\/www.radiopiu.net\/wordpress\/wp-content\/uploads\/2018\/09\/sport.jpg\" alt=\"\" width=\"800\" height=\"100\" srcset=\"https:\/\/www.radiopiu.net\/wordpress\/wp-content\/uploads\/2018\/09\/sport.jpg 800w, https:\/\/www.radiopiu.net\/wordpress\/wp-content\/uploads\/2018\/09\/sport-300x38.jpg 300w, https:\/\/www.radiopiu.net\/wordpress\/wp-content\/uploads\/2018\/09\/sport-768x96.jpg 768w\" sizes=\"auto, (max-width: 800px) 100vw, 800px\" \/><\/a><\/p>\n<h3><\/h3>\n<h3><\/h3>\n<h3><a class=\"dt-pswp-item\" href=\"http:\/\/www.radiopiu.net\/wordpress\/wp-content\/uploads\/2015\/04\/calcio1.jpg\" data-dt-img-description=\"\" data-large_image_width=\"584\" data-large_image_height=\"240\"><img loading=\"lazy\" decoding=\"async\" class=\" wp-image-4543 alignleft\" src=\"http:\/\/www.radiopiu.net\/wordpress\/wp-content\/uploads\/2015\/04\/calcio1-300x123.jpg\" alt=\"\" width=\"202\" height=\"83\" \/><\/a>CAMPIONATO AGORDINO FEMMINILE,\u00a0 &#8220;GIRO DI BOA&#8221; ALLE 1945 LE SFIDE CHE CHIUDONO IL GIRONE DI ANDATA<\/h3>\n<p>di Vanessa Bassot<\/p>\n<audio class=\"wp-audio-shortcode\" id=\"audio-89618-16\" preload=\"none\" style=\"width: 100%;\" controls=\"controls\"><source type=\"audio\/mpeg\" src=\"http:\/\/www.radiopiu.net\/wordpress\/wp-content\/uploads\/2019\/06\/gr-26-sport-calcio-femminile.mp3?_=16\" \/><a href=\"http:\/\/www.radiopiu.net\/wordpress\/wp-content\/uploads\/2019\/06\/gr-26-sport-calcio-femminile.mp3\">http:\/\/www.radiopiu.net\/wordpress\/wp-content\/uploads\/2019\/06\/gr-26-sport-calcio-femminile.mp3<\/a><\/audio>\n<p>&nbsp;<\/p>\n<p>&nbsp;<\/p>\n<h2>SECONDA GIORNATA DEL CAMPIONATO AGORDINO GIOVANILE 2019<\/h2>\n<p><span style=\"color: #ff0000;\"><strong>Marco Gaz<\/strong><\/span><\/p>\n<p>Dopo il fine settimana di pausa per il Memorial Franco De Luca a Canale D&#8217;Agordo, i giovani dell&#8217;Agordino sono ritornati sul campo per giocare la seconda giornata del Campionato Agordino under 14. Due le partite che si sono giocate nella serata di marted\u00ec mentre \u00e8 stata posticipata a gioved\u00ec sera la sfida tra Cencenighe e Canale. Esordio col botto per il Taibon e La Valle che incamera altri 3 punti portandosi in testa alla classifica. Dopo la giornata di riposo al primo turno di campionato, i campioni in carica del Taibon allenati da Roberto Broglio hanno fatto subito la voce grossa. Al \u201cCesare Scatena\u201d di Taibon non c&#8217;\u00e8 stata storia tra i padroni di casa e il Le Ville. I giovani taiboner hanno vinto con un punteggio tennistico all&#8217;esordio. Doppietta di Matthias Marcon e gol di Niccol\u00f2 Marchiori, Valentino De Toni, Etienne Mezzacasa e Fabio Don\u00e0. Al \u201cConaggia\u201d di La Valle i padroni di casa hanno superato gli orsetti del Fodom rifilando 4 gol agli avversari. La squadra allenata da Giorgio Dall&#8217;Acqua si portano a punteggio pieno in classifica aspettando il risultato di gioved\u00ec sera tra Cencenighe e Canale. Doppietta di Gabriele Bordon, a segno anche Daniel Paolin e Hansel Benvegn\u00f9. I RISULTATI: Taibon \u2013 Le Ville 6-0, La Valle \u2013 Fodom 4-0, Cencenighe \u2013 Canale si giocher\u00e0 gioved\u00ec sera. Ha riposato l&#8217;Alleghe. CLASSIFICA: La Valle 6, Canale*, Le Ville e Taibon 3, Alleghe, Cencenighe* e Fodom 0 (* una partita in meno)<\/p>\n<p>&nbsp;<\/p>\n<p>&nbsp;<\/p>\n<p><a class=\"dt-pswp-item\" href=\"http:\/\/www.radiopiu.net\/wordpress\/wp-content\/uploads\/2018\/09\/WhatsApp-Image-2018-09-20-at-16.04.06.jpeg\" data-dt-img-description=\"\" data-large_image_width=\"800\" data-large_image_height=\"100\"><img loading=\"lazy\" decoding=\"async\" class=\"alignnone wp-image-61378 size-full\" src=\"http:\/\/www.radiopiu.net\/wordpress\/wp-content\/uploads\/2018\/09\/WhatsApp-Image-2018-09-20-at-16.04.06.jpeg\" alt=\"\" width=\"800\" height=\"100\" srcset=\"https:\/\/www.radiopiu.net\/wordpress\/wp-content\/uploads\/2018\/09\/WhatsApp-Image-2018-09-20-at-16.04.06.jpeg 800w, https:\/\/www.radiopiu.net\/wordpress\/wp-content\/uploads\/2018\/09\/WhatsApp-Image-2018-09-20-at-16.04.06-300x38.jpeg 300w, https:\/\/www.radiopiu.net\/wordpress\/wp-content\/uploads\/2018\/09\/WhatsApp-Image-2018-09-20-at-16.04.06-768x96.jpeg 768w\" sizes=\"auto, (max-width: 800px) 100vw, 800px\" \/><\/a><\/p>\n<p><b>Mercoledi 26<\/b> <b>Tempo atteso: <\/b>Tempo molto soleggiato e stabile, con cielo perlopi\u00f9 sereno dopo il dissolvimento di qualche locale banco di nubi basse, meno probabile di marted\u00ec, con eventuale sviluppo molto modesto di cumuli diurni. Clima sempre pi\u00f9 caldo, anche afoso nei fondovalle pi\u00f9 bassi, con valori di molti gradi superiori alle medie del periodo.<br \/>\n<b>Precipitazioni: <\/b>Assenti (0%).<br \/>\n<b>Temperature: <\/b>In ulteriore aumento a tutte le quote, eccetto le minime nelle valli, stazionarie o in lieve calo in caso di notte completamente serena; massime di 33\/35\u00b0C in Valbelluna e di 28\/30\u00b0C a 1000\/1200 m. Su Prealpi a 1500 m min 18\u00b0C max 24\u00b0C, a 2000 m min 15\u00b0C max 20\u00b0C. Su Dolomiti a 2000 m min 15\u00b0C max 22\u00b0C, a 3000 m min 10\u00b0C max 13\u00b0C.<br \/>\n<b>Venti: <\/b>Nelle valli deboli\/moderati a regime di brezza; in quota moderati da Nord, a 10-25 km\/h a 2000 m, 25-35 km\/h a 3000 m.<\/p>\n<hr \/>\n<p><b>Giovedi 27<\/b> <b>Tempo atteso: <\/b>Tempo ben soleggiato, con cielo perlopi\u00f9 sereno, con eventuale sviluppo molto contenuto dei cumuli a ridosso dei rilievi. Probabile raggiungimento dell&#8217;apice del caldo. Clima ventilato e aria molto asciutta in quota.<br \/>\n<b>Precipitazioni: <\/b>Assenti (0%).<br \/>\n<b>Temperature: <\/b>In ulteriore aumento, con valori anche 10\/12\u00b0C superiori alle medie del periodo, specie in quota. Su Prealpi a 1500 m min 20\u00b0C max 27\u00b0C, a 2000 m min 19\u00b0C max 23\u00b0C. Su Dolomiti a 2000 m min 17\u00b0C max 23\u00b0C, a 3000 m min 9\u00b0C max 14\u00b0C.<br \/>\n<b>Venti: <\/b>Nelle valli deboli\/moderati a regime di brezza; in quota in intensificazione da moderati a tesi da Nord Nord-Ovest, a 15-30 km\/h a 2000 m, 25-50 km\/h a 3000 m.<\/p>\n<hr \/>\n<p><b>Venerdi 28<\/b>Tempo sempre perlopi\u00f9 soleggiato, ma con cumuli ad evoluzione diurna un po&#8217; pi\u00f9 sviluppati dei giorni precedenti, che ridurranno parzialmente il soleggiamento al pomeriggio e non si esclude possano provocare isolati temporali di calore. Temperature sempre di molti gradi superiori alle medie del periodo, anche se con un possibile calo dei valori massimi. Venti settentrionali sostenuti in quota.<\/p>\n<hr \/>\n<p><b>Sabato 29<\/b>Tempo perlopi\u00f9 soleggiato, con cielo sereno o poco nuvoloso per modesti cumuli ad evoluzione diurna, senza fenomeni. Clima sempre caldo, con valori ancora superiori alle medie del periodo e possibile aumento della sensazione di afa nelle valli. Venti in attenuazione in quota. Previsore: G.M.<\/p>\n","protected":false},"excerpt":{"rendered":"<p>&nbsp; &nbsp; IN RIANIMAZIONE AL SAN MARTINO PER IL MORSO DELLA VIPERA, GOSALDO La vipera lo ha morso mentre stava raccogliendo l&#8217;erba sotto casa, immediata la corsa verso l&#8217;ospedale di Agordo e altrettanto immediata la corsa lungo la regionale 203 agordina fino all&#8217;ospedale di Belluno. Se l&#8217;\u00e8 vista brutta ieri pomeriggio a Tiser R.C. sessantenne&hellip;<\/p>\n","protected":false},"author":1,"featured_media":89637,"comment_status":"closed","ping_status":"closed","sticky":false,"template":"","format":"standard","meta":{"_monsterinsights_skip_tracking":false,"_monsterinsights_sitenote_active":false,"_monsterinsights_sitenote_note":"","_monsterinsights_sitenote_category":0,"footnotes":""},"categories":[86],"tags":[],"class_list":["post-89618","post","type-post","status-publish","format-standard","has-post-thumbnail","hentry","category-gr","category-86","description-off"],"img_url":"https:\/\/www.radiopiu.net\/wordpress\/wp-content\/uploads\/2019\/06\/d01972ba-8740-4478-93f1-cd9a1a61e0c4.jpg","_links":{"self":[{"href":"https:\/\/www.radiopiu.net\/wordpress\/wp-json\/wp\/v2\/posts\/89618","targetHints":{"allow":["GET"]}}],"collection":[{"href":"https:\/\/www.radiopiu.net\/wordpress\/wp-json\/wp\/v2\/posts"}],"about":[{"href":"https:\/\/www.radiopiu.net\/wordpress\/wp-json\/wp\/v2\/types\/post"}],"author":[{"embeddable":true,"href":"https:\/\/www.radiopiu.net\/wordpress\/wp-json\/wp\/v2\/users\/1"}],"replies":[{"embeddable":true,"href":"https:\/\/www.radiopiu.net\/wordpress\/wp-json\/wp\/v2\/comments?post=89618"}],"version-history":[{"count":0,"href":"https:\/\/www.radiopiu.net\/wordpress\/wp-json\/wp\/v2\/posts\/89618\/revisions"}],"wp:featuredmedia":[{"embeddable":true,"href":"https:\/\/www.radiopiu.net\/wordpress\/wp-json\/wp\/v2\/media\/89637"}],"wp:attachment":[{"href":"https:\/\/www.radiopiu.net\/wordpress\/wp-json\/wp\/v2\/media?parent=89618"}],"wp:term":[{"taxonomy":"category","embeddable":true,"href":"https:\/\/www.radiopiu.net\/wordpress\/wp-json\/wp\/v2\/categories?post=89618"},{"taxonomy":"post_tag","embeddable":true,"href":"https:\/\/www.radiopiu.net\/wordpress\/wp-json\/wp\/v2\/tags?post=89618"}],"curies":[{"name":"wp","href":"https:\/\/api.w.org\/{rel}","templated":true}]}}