{"id":89623,"date":"2019-06-25T18:41:18","date_gmt":"2019-06-25T16:41:18","guid":{"rendered":"http:\/\/www.radiopiu.net\/wordpress\/?p=89623"},"modified":"2019-06-26T18:38:39","modified_gmt":"2019-06-26T16:38:39","slug":"giovanni-turiano-e-il-nuovo-direttore-della-cardiologia-di-belluno","status":"publish","type":"post","link":"https:\/\/www.radiopiu.net\/wordpress\/giovanni-turiano-e-il-nuovo-direttore-della-cardiologia-di-belluno\/","title":{"rendered":"Giovanni Turiano \u00e8 il nuovo direttore della Cardiologia di Belluno"},"content":{"rendered":"<p align=\"CENTER\">\n<blockquote>\n<p align=\"CENTER\"><em><span style=\"font-family: Calibri, serif;\"><span style=\"font-size: medium;\">La Direzione Generale d\u00e0 il benvenuto al nuovo primario e ringrazia l\u2019\u00e9quipe del reparto per il lavoro svolto nel periodo di transizione.<\/span><\/span><\/em><\/p>\n<\/blockquote>\n<p align=\"CENTER\">\n<p align=\"JUSTIFY\"><span style=\"font-family: Times New Roman, serif;\"><span style=\"font-size: medium;\"><span style=\"font-family: Calibri, serif;\"><strong><a class=\"dt-pswp-item\" href=\"http:\/\/www.radiopiu.net\/wordpress\/wp-content\/uploads\/2019\/06\/asdasdasd.jpg\" data-dt-img-description=\"\" data-large_image_width=\"1472\" data-large_image_height=\"828\"><img loading=\"lazy\" decoding=\"async\" class=\"size-medium wp-image-89624 alignleft\" src=\"http:\/\/www.radiopiu.net\/wordpress\/wp-content\/uploads\/2019\/06\/asdasdasd-300x169.jpg\" alt=\"\" width=\"300\" height=\"169\" srcset=\"https:\/\/www.radiopiu.net\/wordpress\/wp-content\/uploads\/2019\/06\/asdasdasd-300x169.jpg 300w, https:\/\/www.radiopiu.net\/wordpress\/wp-content\/uploads\/2019\/06\/asdasdasd-768x432.jpg 768w, https:\/\/www.radiopiu.net\/wordpress\/wp-content\/uploads\/2019\/06\/asdasdasd-1024x576.jpg 1024w, https:\/\/www.radiopiu.net\/wordpress\/wp-content\/uploads\/2019\/06\/asdasdasd.jpg 1472w\" sizes=\"auto, (max-width: 300px) 100vw, 300px\" \/><\/a>BELLUNO<\/strong>. Giovanni Turiano guider\u00e0 la Cardiologia del San Martino. Il Direttore Generale dell\u2019ulss Dolomiti ha nominato oggi il nuovo direttore della Cardiologia di Belluno, primo classificato in una terna di candidati selezionati dalla commissione nella prova concorsuale.<\/span><\/span><\/span><\/p>\n<p align=\"JUSTIFY\"><span style=\"font-family: Times New Roman, serif;\"><span style=\"font-size: medium;\"><span style=\"font-family: Calibri, serif;\">Giovanni Turiano, nato a Venezia nel 1963, si \u00e8 laureato in Medicina e Chirurgia con il massimo dei voti e la lode nel 1988 all\u2019Universit\u00e0 di Padova, dove ha poi conseguito la Specializzazione in Cardiologia nel 1992. <\/span><\/span><\/span><span style=\"font-family: Times New Roman, serif;\"><span style=\"font-size: medium;\"><span style=\"font-family: Calibri, serif;\">Formatosi professionalmente alla Scuola Cardiologica del Prof. Piccolo di Mestre, dopo una breve esperienza come Assistente alla Cardiologia di Portogruaro, ha prestato servizio dal 1993 al 2004 presso la Divisione di Cardiologia dell\u2019Ospedale di Mestre, con incarichi di \u201calta specializzazione in Emodinamica\u201d e di \u201ccontrollo di qualit\u00e0 in Emodinamica\u201d, maturando grande esperienza nelle procedure di coronarografia ed interventistica coronarica. <\/span><\/span><\/span><span style=\"font-family: Calibri, serif;\"><span style=\"font-size: medium;\">Dal 2004 opera come Dirigente di I\u00b0 livello alla Cardiologia dell\u2019Ospedale di Conegliano. Ha fatto parte dell\u2019equipe del Laboratorio di Emodinamica, contribuendo in maniera fondamentale allo sviluppo del programma di interventistica coronarica, culminato nel 2007 con il riconoscimento per la Cardiologia di Conegliano, da parte della Regione Veneto, di Centro Hub per il trattamento dell\u2019infarto miocardico. Dal 2009 \u00e8 Responsabile dell&#8217;Unit\u00e0 Operativa Semplice di Unit\u00e0 Coronarica <\/span><\/span><span style=\"font-family: Calibri, serif;\"><span style=\"font-size: medium;\">dove ha introdotto nuove tecniche quali l\u2019emofiltrazione venosa continua nei pazienti con insufficienza renale acuta e scompenso cardiaco, l\u2019uso di sistemi di assistenza ventricolare per via endoscopica per il trattamento dei pazienti con shock cardiogeno, l\u2019impiego dell\u2019ipotermia corporea nei pazienti rianimati per arresto cardiaco. D<\/span><\/span><span style=\"font-family: Calibri, serif;\"><span style=\"font-size: medium;\">al gennaio 2015 al gennaio 2017 ha inoltre ricoperto il ruolo di Direttore f.f. del Reparto di Cardiologia acquisendo una significativa esperienza nella gestione <\/span><\/span><span style=\"font-family: Calibri, serif;\"><span style=\"font-size: medium;\">del Personale Medico ed Infermieristico della struttura, orientando la propria attivit\u00e0 alla motivazione e valorizzazione dei propri collaboratori, mantenendo un clima interno favorente le migliori condizioni di svolgimento dell\u2019attivit\u00e0 assistenziale.\u00a0<\/span><\/span> <span style=\"font-family: Calibri, serif;\"><span style=\"font-size: medium;\">Il dottor Turiano, nel corso della sua carriera, ha sviluppato una notevole competenza ed esperienza in ambito clinico, occupandosi del trattamento e della gestione delle principali patologie cardiovascolari e si \u00e8 dedicato in particolare alla cura delle sindromi coronariche acute e della cardiopatia ischemica cronica, gestendo a questo proposito negli ultimi 10 anni oltre 4.000 pazienti<\/span><\/span><span style=\"font-family: Calibri, serif;\"><span style=\"font-size: medium;\">. <\/span><\/span><span style=\"font-family: Calibri, serif;\"><span style=\"font-size: medium;\">Ha al suo attivo 50 pubblicazioni scientifiche in riviste scientifiche nazionali ed internazionali ed \u00e8 stato invitato come relatore o moderatore in oltre 50 congressi. Ha svolto attivit\u00e0 di docenza negli anni accademici 2015-2016, 2016-2017, 2017-2018, come Professore a contratto, presso il Corso di Laurea in Infermieristica dell\u2019Universit\u00e0 di Padova, sede di Conegliano, con insegnamento di \u201cAttivit\u00e0 Seminariale in Medicina Cardiovascolare\u201d.<\/span><\/span><\/p>\n<p align=\"JUSTIFY\">\n","protected":false},"excerpt":{"rendered":"<p>La Direzione Generale d\u00e0 il benvenuto al nuovo primario e ringrazia l\u2019\u00e9quipe del reparto per il lavoro svolto nel periodo di transizione. BELLUNO. Giovanni Turiano guider\u00e0 la Cardiologia del San Martino. Il Direttore Generale dell\u2019ulss Dolomiti ha nominato oggi il nuovo direttore della Cardiologia di Belluno, primo classificato in una terna di candidati selezionati dalla&hellip;<\/p>\n","protected":false},"author":1,"featured_media":89624,"comment_status":"closed","ping_status":"closed","sticky":false,"template":"","format":"standard","meta":{"_monsterinsights_skip_tracking":false,"_monsterinsights_sitenote_active":false,"_monsterinsights_sitenote_note":"","_monsterinsights_sitenote_category":0,"footnotes":""},"categories":[51,49],"tags":[],"class_list":["post-89623","post","type-post","status-publish","format-standard","has-post-thumbnail","hentry","category-evidenza-top","category-news-18","category-51","category-49","description-off"],"img_url":"https:\/\/www.radiopiu.net\/wordpress\/wp-content\/uploads\/2019\/06\/asdasdasd.jpg","_links":{"self":[{"href":"https:\/\/www.radiopiu.net\/wordpress\/wp-json\/wp\/v2\/posts\/89623","targetHints":{"allow":["GET"]}}],"collection":[{"href":"https:\/\/www.radiopiu.net\/wordpress\/wp-json\/wp\/v2\/posts"}],"about":[{"href":"https:\/\/www.radiopiu.net\/wordpress\/wp-json\/wp\/v2\/types\/post"}],"author":[{"embeddable":true,"href":"https:\/\/www.radiopiu.net\/wordpress\/wp-json\/wp\/v2\/users\/1"}],"replies":[{"embeddable":true,"href":"https:\/\/www.radiopiu.net\/wordpress\/wp-json\/wp\/v2\/comments?post=89623"}],"version-history":[{"count":0,"href":"https:\/\/www.radiopiu.net\/wordpress\/wp-json\/wp\/v2\/posts\/89623\/revisions"}],"wp:featuredmedia":[{"embeddable":true,"href":"https:\/\/www.radiopiu.net\/wordpress\/wp-json\/wp\/v2\/media\/89624"}],"wp:attachment":[{"href":"https:\/\/www.radiopiu.net\/wordpress\/wp-json\/wp\/v2\/media?parent=89623"}],"wp:term":[{"taxonomy":"category","embeddable":true,"href":"https:\/\/www.radiopiu.net\/wordpress\/wp-json\/wp\/v2\/categories?post=89623"},{"taxonomy":"post_tag","embeddable":true,"href":"https:\/\/www.radiopiu.net\/wordpress\/wp-json\/wp\/v2\/tags?post=89623"}],"curies":[{"name":"wp","href":"https:\/\/api.w.org\/{rel}","templated":true}]}}