{"id":89687,"date":"2019-06-25T23:55:13","date_gmt":"2019-06-25T21:55:13","guid":{"rendered":"http:\/\/www.radiopiu.net\/wordpress\/?p=89687"},"modified":"2019-06-26T06:24:28","modified_gmt":"2019-06-26T04:24:28","slug":"seconda-giornata-del-campionato-agordino-giovanile-2019","status":"publish","type":"post","link":"https:\/\/www.radiopiu.net\/wordpress\/seconda-giornata-del-campionato-agordino-giovanile-2019\/","title":{"rendered":"SECONDA GIORNATA DEL CAMPIONATO AGORDINO GIOVANILE 2019"},"content":{"rendered":"<p>Dopo il fine settimana di pausa per il Memorial Franco De Luca a Canale D&#8217;Agordo, i giovani dell&#8217;Agordino sono ritornati sul campo per giocare la seconda giornata del Campionato Agordino under 14. Due le partite che si sono giocate nella serata di marted\u00ec mentre \u00e8 stata posticipata a gioved\u00ec sera la sfida tra Cencenighe e Canale. Esordio col botto per il Taibon e La Valle che incamera altri 3 punti portandosi in testa alla classifica.<\/p>\n<p>Dopo la giornata di riposo al primo turno di campionato, i campioni in carica del Taibon allenati da Roberto Broglio hanno fatto subito la voce grossa. Al \u201cCesare Scatena\u201d di Taibon non c&#8217;\u00e8 stata storia tra i padroni di casa e il Le Ville. I giovani taiboner hanno vinto con un punteggio tennistico all&#8217;esordio. Doppietta di Matthias Marcon e gol di Niccol\u00f2 Marchiori, Valentino De Toni, Etienne Mezzacasa e Fabio Don\u00e0.<\/p>\n<p>Al \u201cConaggia\u201d di La Valle i padroni di casa hanno superato gli orsetti del Fodom rifilando 4 gol agli avversari. La squadra allenata da Giorgio Dall&#8217;Acqua si portano a punteggio pieno in classifica aspettando il risultato di gioved\u00ec sera tra Cencenighe e Canale. Doppietta di Gabriele Bordon, a segno anche Daniel Paolin e Hansel Benvegn\u00f9.<\/p>\n<p>I RISULTATI: Taibon \u2013 Le Ville 6-0, La Valle \u2013 Fodom 4-0, Cencenighe \u2013 Canale si giocher\u00e0 gioved\u00ec sera. Ha riposato l&#8217;Alleghe.<\/p>\n<p>CLASSIFICA: La Valle 6, Canale*, Le Ville e Taibon 3, Alleghe, Cencenighe* e Fodom 0 (* una partita in meno)<\/p>\n","protected":false},"excerpt":{"rendered":"<p>Dopo il fine settimana di pausa per il Memorial Franco De Luca a Canale D&#8217;Agordo, i giovani dell&#8217;Agordino sono ritornati sul campo per giocare la seconda giornata del Campionato Agordino under 14. Due le partite che si sono giocate nella serata di marted\u00ec mentre \u00e8 stata posticipata a gioved\u00ec sera la sfida tra Cencenighe e&hellip;<\/p>\n","protected":false},"author":4,"featured_media":88853,"comment_status":"closed","ping_status":"closed","sticky":false,"template":"","format":"standard","meta":{"_monsterinsights_skip_tracking":false,"_monsterinsights_sitenote_active":false,"_monsterinsights_sitenote_note":"","_monsterinsights_sitenote_category":0,"footnotes":""},"categories":[49],"tags":[],"class_list":["post-89687","post","type-post","status-publish","format-standard","has-post-thumbnail","hentry","category-news-18","category-49","description-off"],"img_url":"https:\/\/www.radiopiu.net\/wordpress\/wp-content\/uploads\/2019\/06\/CALCIO-2019.jpg","_links":{"self":[{"href":"https:\/\/www.radiopiu.net\/wordpress\/wp-json\/wp\/v2\/posts\/89687","targetHints":{"allow":["GET"]}}],"collection":[{"href":"https:\/\/www.radiopiu.net\/wordpress\/wp-json\/wp\/v2\/posts"}],"about":[{"href":"https:\/\/www.radiopiu.net\/wordpress\/wp-json\/wp\/v2\/types\/post"}],"author":[{"embeddable":true,"href":"https:\/\/www.radiopiu.net\/wordpress\/wp-json\/wp\/v2\/users\/4"}],"replies":[{"embeddable":true,"href":"https:\/\/www.radiopiu.net\/wordpress\/wp-json\/wp\/v2\/comments?post=89687"}],"version-history":[{"count":0,"href":"https:\/\/www.radiopiu.net\/wordpress\/wp-json\/wp\/v2\/posts\/89687\/revisions"}],"wp:featuredmedia":[{"embeddable":true,"href":"https:\/\/www.radiopiu.net\/wordpress\/wp-json\/wp\/v2\/media\/88853"}],"wp:attachment":[{"href":"https:\/\/www.radiopiu.net\/wordpress\/wp-json\/wp\/v2\/media?parent=89687"}],"wp:term":[{"taxonomy":"category","embeddable":true,"href":"https:\/\/www.radiopiu.net\/wordpress\/wp-json\/wp\/v2\/categories?post=89687"},{"taxonomy":"post_tag","embeddable":true,"href":"https:\/\/www.radiopiu.net\/wordpress\/wp-json\/wp\/v2\/tags?post=89687"}],"curies":[{"name":"wp","href":"https:\/\/api.w.org\/{rel}","templated":true}]}}