{"id":89696,"date":"2019-06-26T06:24:30","date_gmt":"2019-06-26T04:24:30","guid":{"rendered":"http:\/\/www.radiopiu.net\/wordpress\/?p=89696"},"modified":"2019-06-27T06:59:51","modified_gmt":"2019-06-27T04:59:51","slug":"in-rianimazione-al-san-martino-per-il-morso-della-vipera","status":"publish","type":"post","link":"https:\/\/www.radiopiu.net\/wordpress\/in-rianimazione-al-san-martino-per-il-morso-della-vipera\/","title":{"rendered":"IN RIANIMAZIONE AL SAN MARTINO PER IL MORSO DELLA VIPERA"},"content":{"rendered":"<h2><\/h2>\n<p><strong>GOSALDO<\/strong> <strong><a class=\"dt-pswp-item\" href=\"http:\/\/www.radiopiu.net\/wordpress\/wp-content\/uploads\/2019\/06\/download-26.jpg\" data-dt-img-description=\"\" data-large_image_width=\"322\" data-large_image_height=\"157\"><img loading=\"lazy\" decoding=\"async\" class=\"size-medium wp-image-89694 alignleft\" src=\"http:\/\/www.radiopiu.net\/wordpress\/wp-content\/uploads\/2019\/06\/download-26-300x146.jpg\" alt=\"\" width=\"300\" height=\"146\" srcset=\"https:\/\/www.radiopiu.net\/wordpress\/wp-content\/uploads\/2019\/06\/download-26-300x146.jpg 300w, https:\/\/www.radiopiu.net\/wordpress\/wp-content\/uploads\/2019\/06\/download-26.jpg 322w\" sizes=\"auto, (max-width: 300px) 100vw, 300px\" \/><\/a><\/strong>La vipera lo ha morso mentre stava raccogliendo l&#8217;erba sotto casa, immediata la corsa verso l&#8217;ospedale di Agordo e altrettanto immediata la corsa lungo la regionale 203 agordina fino all&#8217;ospedale di Belluno. Se l&#8217;\u00e8 vista brutta ieri pomeriggio a Tiser R.C. sessantenne del luogo che ha suo malgrado dovuto ricorrere alle importanti e risolutive cure mediche. L&#8217;uomo \u00e8 stato portato ad Agordo dalla moglie che non ha perso tempo e non si \u00e8 lasciata prendere dal panico. Il sessantenne non ha mai perso conoscenza ma al pronto soccorso \u00e8 arrivato in condizioni critiche per l&#8217;agitazione e in preda a forte sudorazione e brividi di freddo, per questo il trasferimento a Belluno \u00a0per un necessario e attento monitoraggio delle condizioni,\u00a0 l&#8217;uomo non \u00e8 in pericolo di vita. (FOTO GUIDEDOLOMITI.COM)<\/p>\n","protected":false},"excerpt":{"rendered":"<p>GOSALDO La vipera lo ha morso mentre stava raccogliendo l&#8217;erba sotto casa, immediata la corsa verso l&#8217;ospedale di Agordo e altrettanto immediata la corsa lungo la regionale 203 agordina fino all&#8217;ospedale di Belluno. Se l&#8217;\u00e8 vista brutta ieri pomeriggio a Tiser R.C. sessantenne del luogo che ha suo malgrado dovuto ricorrere alle importanti e risolutive&hellip;<\/p>\n","protected":false},"author":1,"featured_media":89694,"comment_status":"closed","ping_status":"closed","sticky":false,"template":"","format":"standard","meta":{"_monsterinsights_skip_tracking":false,"_monsterinsights_sitenote_active":false,"_monsterinsights_sitenote_note":"","_monsterinsights_sitenote_category":0,"footnotes":""},"categories":[51,49],"tags":[],"class_list":["post-89696","post","type-post","status-publish","format-standard","has-post-thumbnail","hentry","category-evidenza-top","category-news-18","category-51","category-49","description-off"],"img_url":"https:\/\/www.radiopiu.net\/wordpress\/wp-content\/uploads\/2019\/06\/download-26.jpg","_links":{"self":[{"href":"https:\/\/www.radiopiu.net\/wordpress\/wp-json\/wp\/v2\/posts\/89696","targetHints":{"allow":["GET"]}}],"collection":[{"href":"https:\/\/www.radiopiu.net\/wordpress\/wp-json\/wp\/v2\/posts"}],"about":[{"href":"https:\/\/www.radiopiu.net\/wordpress\/wp-json\/wp\/v2\/types\/post"}],"author":[{"embeddable":true,"href":"https:\/\/www.radiopiu.net\/wordpress\/wp-json\/wp\/v2\/users\/1"}],"replies":[{"embeddable":true,"href":"https:\/\/www.radiopiu.net\/wordpress\/wp-json\/wp\/v2\/comments?post=89696"}],"version-history":[{"count":0,"href":"https:\/\/www.radiopiu.net\/wordpress\/wp-json\/wp\/v2\/posts\/89696\/revisions"}],"wp:featuredmedia":[{"embeddable":true,"href":"https:\/\/www.radiopiu.net\/wordpress\/wp-json\/wp\/v2\/media\/89694"}],"wp:attachment":[{"href":"https:\/\/www.radiopiu.net\/wordpress\/wp-json\/wp\/v2\/media?parent=89696"}],"wp:term":[{"taxonomy":"category","embeddable":true,"href":"https:\/\/www.radiopiu.net\/wordpress\/wp-json\/wp\/v2\/categories?post=89696"},{"taxonomy":"post_tag","embeddable":true,"href":"https:\/\/www.radiopiu.net\/wordpress\/wp-json\/wp\/v2\/tags?post=89696"}],"curies":[{"name":"wp","href":"https:\/\/api.w.org\/{rel}","templated":true}]}}