{"id":89703,"date":"2019-06-26T05:59:06","date_gmt":"2019-06-26T03:59:06","guid":{"rendered":"http:\/\/www.radiopiu.net\/wordpress\/?p=89703"},"modified":"2019-06-27T07:00:00","modified_gmt":"2019-06-27T05:00:00","slug":"disservizi-telecom-dal-coldai-il-grido-di-allarme","status":"publish","type":"post","link":"https:\/\/www.radiopiu.net\/wordpress\/disservizi-telecom-dal-coldai-il-grido-di-allarme\/","title":{"rendered":"DISSERVIZI TELECOM, DAL COLDAI IL GRIDO DI ALLARME."},"content":{"rendered":"<h2>DISSERVIZI TELECOM, DAL COLDAI IL GRIDO DI ALLARME.<em> &#8220;Se in poche ore non si risolver\u00e0 il problema chieder\u00f2 aiuto in\u00a0 Procura, si interrompe un servizio pubblico&#8221;<\/em><\/h2>\n<p><strong><a class=\"dt-pswp-item\" href=\"http:\/\/www.radiopiu.net\/wordpress\/wp-content\/uploads\/2019\/06\/download-23.jpg\" data-dt-img-description=\"\" data-large_image_width=\"259\" data-large_image_height=\"194\"><img loading=\"lazy\" decoding=\"async\" class=\"wp-image-89651 alignleft\" src=\"http:\/\/www.radiopiu.net\/wordpress\/wp-content\/uploads\/2019\/06\/download-23.jpg\" alt=\"\" width=\"160\" height=\"120\" \/><\/a>ZOLDO<\/strong> La storia si ripete, al Rifugio Coldai come successo lo scorso anno la linea telefonica \u00e8 in tilt, ma \u00e8 necessaria perch\u00e9 indispensabile per il Soccorso Alpino dove gli incidenti non mancano e per ricevere i segnali sul cellulare bisogna salire su sassi e alberi. Lo scorso anno il Deputato Dario Bond aveva presentato un&#8217;interrogazione che risolse il problema che oggi si ripresenta.<\/p>\n<p><strong>DI GIANNI SANTOMASO<\/strong><\/p>\n<audio class=\"wp-audio-shortcode\" id=\"audio-89703-1\" preload=\"none\" style=\"width: 100%;\" controls=\"controls\"><source type=\"audio\/mpeg\" src=\"http:\/\/www.radiopiu.net\/wordpress\/wp-content\/uploads\/2019\/06\/GIANNI-COLDAI.mp3?_=1\" \/><a href=\"http:\/\/www.radiopiu.net\/wordpress\/wp-content\/uploads\/2019\/06\/GIANNI-COLDAI.mp3\">http:\/\/www.radiopiu.net\/wordpress\/wp-content\/uploads\/2019\/06\/GIANNI-COLDAI.mp3<\/a><\/audio>\n<h3>DARIO BOND<\/h3>\n<audio class=\"wp-audio-shortcode\" id=\"audio-89703-2\" preload=\"none\" style=\"width: 100%;\" controls=\"controls\"><source type=\"audio\/mpeg\" src=\"http:\/\/www.radiopiu.net\/wordpress\/wp-content\/uploads\/2019\/06\/BOND-1.mp3?_=2\" \/><a href=\"http:\/\/www.radiopiu.net\/wordpress\/wp-content\/uploads\/2019\/06\/BOND-1.mp3\">http:\/\/www.radiopiu.net\/wordpress\/wp-content\/uploads\/2019\/06\/BOND-1.mp3<\/a><\/audio>\n<h3><\/h3>\n<h3><\/h3>\n","protected":false},"excerpt":{"rendered":"<p>DISSERVIZI TELECOM, DAL COLDAI IL GRIDO DI ALLARME. &#8220;Se in poche ore non si risolver\u00e0 il problema chieder\u00f2 aiuto in\u00a0 Procura, si interrompe un servizio pubblico&#8221; ZOLDO La storia si ripete, al Rifugio Coldai come successo lo scorso anno la linea telefonica \u00e8 in tilt, ma \u00e8 necessaria perch\u00e9 indispensabile per il Soccorso Alpino dove&hellip;<\/p>\n","protected":false},"author":1,"featured_media":89651,"comment_status":"closed","ping_status":"closed","sticky":false,"template":"","format":"standard","meta":{"_monsterinsights_skip_tracking":false,"_monsterinsights_sitenote_active":false,"_monsterinsights_sitenote_note":"","_monsterinsights_sitenote_category":0,"footnotes":""},"categories":[51,49],"tags":[],"class_list":["post-89703","post","type-post","status-publish","format-standard","has-post-thumbnail","hentry","category-evidenza-top","category-news-18","category-51","category-49","description-off"],"img_url":"https:\/\/www.radiopiu.net\/wordpress\/wp-content\/uploads\/2019\/06\/download-23.jpg","_links":{"self":[{"href":"https:\/\/www.radiopiu.net\/wordpress\/wp-json\/wp\/v2\/posts\/89703","targetHints":{"allow":["GET"]}}],"collection":[{"href":"https:\/\/www.radiopiu.net\/wordpress\/wp-json\/wp\/v2\/posts"}],"about":[{"href":"https:\/\/www.radiopiu.net\/wordpress\/wp-json\/wp\/v2\/types\/post"}],"author":[{"embeddable":true,"href":"https:\/\/www.radiopiu.net\/wordpress\/wp-json\/wp\/v2\/users\/1"}],"replies":[{"embeddable":true,"href":"https:\/\/www.radiopiu.net\/wordpress\/wp-json\/wp\/v2\/comments?post=89703"}],"version-history":[{"count":0,"href":"https:\/\/www.radiopiu.net\/wordpress\/wp-json\/wp\/v2\/posts\/89703\/revisions"}],"wp:featuredmedia":[{"embeddable":true,"href":"https:\/\/www.radiopiu.net\/wordpress\/wp-json\/wp\/v2\/media\/89651"}],"wp:attachment":[{"href":"https:\/\/www.radiopiu.net\/wordpress\/wp-json\/wp\/v2\/media?parent=89703"}],"wp:term":[{"taxonomy":"category","embeddable":true,"href":"https:\/\/www.radiopiu.net\/wordpress\/wp-json\/wp\/v2\/categories?post=89703"},{"taxonomy":"post_tag","embeddable":true,"href":"https:\/\/www.radiopiu.net\/wordpress\/wp-json\/wp\/v2\/tags?post=89703"}],"curies":[{"name":"wp","href":"https:\/\/api.w.org\/{rel}","templated":true}]}}