{"id":89738,"date":"2019-06-26T15:08:58","date_gmt":"2019-06-26T13:08:58","guid":{"rendered":"http:\/\/www.radiopiu.net\/wordpress\/?p=89738"},"modified":"2019-06-26T15:13:49","modified_gmt":"2019-06-26T13:13:49","slug":"sedico-zuma-e-scomparso-la-famiglia-lo-cerca","status":"publish","type":"post","link":"https:\/\/www.radiopiu.net\/wordpress\/sedico-zuma-e-scomparso-la-famiglia-lo-cerca\/","title":{"rendered":"Sedico BL &#8211; Zuma \u00e8 scomparso la famiglia lo cerca"},"content":{"rendered":"<p>Zuma ha un anno e mezzo circa, ed \u00e8 sparito da casa sua domenica 16 Giugno in zona Maieran di Sedico (Belluno), era detenuto nel cortile di casa per cui si sospetta sia stato sottratto alla famiglia o che qualcuno abbia fatto uno scherzo crudele perch\u00e8 \u00e8 un cane buonissimo mai avrebbe aggredito chi si fosse avvicinato&#8230;di fatto nessuno lo ha pi\u00f9 visto da quel 16 giugno, potrebbe essere ovunque ma non \u00e8 un cane che passa inosservato perch\u00e8 \u00e8 di taglia grande pelo un po&#8217; pezzato scuro. La famiglia \u00e8 in pena ha denunciato il fatto ai carabinieri di Sedico e si spera che le telecamere di sorveglianza possano dare qualche informazione in pi\u00f9 sulla vicenda. Zuma per ora \u00e8 scomparso per cui si invitano tutti coloro che possono averlo avvistato di chiamare i carabinieri di Sedico &#8211; 0437 852006. <\/p>\n","protected":false},"excerpt":{"rendered":"<p>Zuma ha un anno e mezzo circa, ed \u00e8 sparito da casa sua domenica 16 Giugno in zona Maieran di Sedico (Belluno), era detenuto nel cortile di casa per cui si sospetta sia stato sottratto alla famiglia o che qualcuno abbia fatto uno scherzo crudele perch\u00e8 \u00e8 un cane buonissimo mai avrebbe aggredito chi si&hellip;<\/p>\n","protected":false},"author":1,"featured_media":89740,"comment_status":"closed","ping_status":"closed","sticky":false,"template":"","format":"standard","meta":{"_monsterinsights_skip_tracking":false,"_monsterinsights_sitenote_active":false,"_monsterinsights_sitenote_note":"","_monsterinsights_sitenote_category":0,"footnotes":""},"categories":[49],"tags":[],"class_list":["post-89738","post","type-post","status-publish","format-standard","has-post-thumbnail","hentry","category-news-18","category-49","description-off"],"img_url":"https:\/\/www.radiopiu.net\/wordpress\/wp-content\/uploads\/2019\/06\/zuma.jpg","_links":{"self":[{"href":"https:\/\/www.radiopiu.net\/wordpress\/wp-json\/wp\/v2\/posts\/89738","targetHints":{"allow":["GET"]}}],"collection":[{"href":"https:\/\/www.radiopiu.net\/wordpress\/wp-json\/wp\/v2\/posts"}],"about":[{"href":"https:\/\/www.radiopiu.net\/wordpress\/wp-json\/wp\/v2\/types\/post"}],"author":[{"embeddable":true,"href":"https:\/\/www.radiopiu.net\/wordpress\/wp-json\/wp\/v2\/users\/1"}],"replies":[{"embeddable":true,"href":"https:\/\/www.radiopiu.net\/wordpress\/wp-json\/wp\/v2\/comments?post=89738"}],"version-history":[{"count":0,"href":"https:\/\/www.radiopiu.net\/wordpress\/wp-json\/wp\/v2\/posts\/89738\/revisions"}],"wp:featuredmedia":[{"embeddable":true,"href":"https:\/\/www.radiopiu.net\/wordpress\/wp-json\/wp\/v2\/media\/89740"}],"wp:attachment":[{"href":"https:\/\/www.radiopiu.net\/wordpress\/wp-json\/wp\/v2\/media?parent=89738"}],"wp:term":[{"taxonomy":"category","embeddable":true,"href":"https:\/\/www.radiopiu.net\/wordpress\/wp-json\/wp\/v2\/categories?post=89738"},{"taxonomy":"post_tag","embeddable":true,"href":"https:\/\/www.radiopiu.net\/wordpress\/wp-json\/wp\/v2\/tags?post=89738"}],"curies":[{"name":"wp","href":"https:\/\/api.w.org\/{rel}","templated":true}]}}