{"id":89739,"date":"2019-06-27T06:07:08","date_gmt":"2019-06-27T04:07:08","guid":{"rendered":"http:\/\/www.radiopiu.net\/wordpress\/?p=89739"},"modified":"2019-06-28T15:33:23","modified_gmt":"2019-06-28T13:33:23","slug":"giornale-radiopiu-27-giugno-2019-direttore-mirko-mezzacasa","status":"publish","type":"post","link":"https:\/\/www.radiopiu.net\/wordpress\/giornale-radiopiu-27-giugno-2019-direttore-mirko-mezzacasa\/","title":{"rendered":"GIORNALE RADIOPIU 27 GIUGNO 2019 Direttore Mirko Mezzacasa"},"content":{"rendered":"<p><strong>La Diocesi di Vittorio Veneto acquista la casa di Papa Luciani<\/strong> grazie alla donazione di un devoto, \u00e8 l&#8217;articolo di apertura del Corriere delle Alpi a firma di Gianni Santomaso. In paese attesi tanti visitatori e con i fondi di confine la Canale del futuro Beato Luciani si rif\u00e0 il look. \u00a0<strong>Sta meglio il sessantenne C.R. di Tiser<\/strong> morso da una vipera marted\u00ec sera nel giardino di casa mentre tagliava l&#8217;erba e finito all&#8217;ospedale. Dopo essere stato ricoverato in Rianimazione (comunque non in pericolo di vita), l&#8217;uomo sta meglio, tanto che \u00e8 stato trasferito nel reparto di Medicina. <strong>Bolzano ci riprova e vuole chiudere i passi,<\/strong> il presidente della Provincia Roberto Padrin dal palco di Cortina, per le celebrazioni del decennale Unesco ribadisce che la scelta non \u00e8 condivisa. <strong>Sulla Cima grande di Lavaredo<\/strong> una nuova via sul ricordo dell&#8217;impresa del 21 agosto del 1869 di Paul Grohmann alpinista austriaco di Vienna. <strong>Taibon ad un mese dalle elezioni: <\/strong>non sono ancora stati convalidati gli eletti, ma il sindaco Silvia Tormen ha gi\u00e0 messo le basi per la rinascita dei boschi<em> &#8220;nessun immobilismo in attesa delle decisioni per il caso Bulf&#8221;.\u00a0<\/em><strong>Schiucaz i lavori proseguono<\/strong> e gli &#8220;imbecilli&#8221; si sono fatti di nuovo beccare dalle telecamere, hanno anche provato a nascondere il volto e oscurare le immagini in barba ai divieti e al buon senso.<\/p>\n<p><strong>CHIUDERE I PASSI? CALMA!\u00a0 \u00a0Roberto Padrin, presidente della Provincia<\/strong><\/p>\n<audio class=\"wp-audio-shortcode\" id=\"audio-89739-1\" preload=\"none\" style=\"width: 100%;\" controls=\"controls\"><source type=\"audio\/mpeg\" src=\"http:\/\/www.radiopiu.net\/wordpress\/wp-content\/uploads\/2019\/06\/padrin.mp3?_=1\" \/><a href=\"http:\/\/www.radiopiu.net\/wordpress\/wp-content\/uploads\/2019\/06\/padrin.mp3\">http:\/\/www.radiopiu.net\/wordpress\/wp-content\/uploads\/2019\/06\/padrin.mp3<\/a><\/audio>\n<p>&nbsp;<\/p>\n<p><strong>REGIONALE 203 AGORDINA, A SUD DI PONTE ALTO COMUNE DI AGORDO<\/strong>: Fino al 12 luglio (sabato e domenica esclusi) restringimento di carreggiata e senso unico alternato regolato da moviere.<\/p>\n<p>&nbsp;<\/p>\n<p>&nbsp;<\/p>\n<h4>FINO A DOMANI CHIUSURA DELLA STRADA PER LA VALLE DEL MIS, DALLE 8 ALLE 12 E DALLE 13 ALLE 17.30 I cartelli sono a Mas e a Volpez.<\/h4>\n<p><a class=\"dt-pswp-item\" href=\"http:\/\/www.radiopiu.net\/wordpress\/wp-content\/uploads\/2019\/06\/65014358_2375559316057561_3846902245958352896_n.jpg\" data-dt-img-description=\"\" data-large_image_width=\"1152\" data-large_image_height=\"864\"><img loading=\"lazy\" decoding=\"async\" class=\"alignnone wp-image-89450\" src=\"http:\/\/www.radiopiu.net\/wordpress\/wp-content\/uploads\/2019\/06\/65014358_2375559316057561_3846902245958352896_n-300x225.jpg\" alt=\"\" width=\"223\" height=\"167\" srcset=\"https:\/\/www.radiopiu.net\/wordpress\/wp-content\/uploads\/2019\/06\/65014358_2375559316057561_3846902245958352896_n-300x225.jpg 300w, https:\/\/www.radiopiu.net\/wordpress\/wp-content\/uploads\/2019\/06\/65014358_2375559316057561_3846902245958352896_n-768x576.jpg 768w, https:\/\/www.radiopiu.net\/wordpress\/wp-content\/uploads\/2019\/06\/65014358_2375559316057561_3846902245958352896_n-1024x768.jpg 1024w, https:\/\/www.radiopiu.net\/wordpress\/wp-content\/uploads\/2019\/06\/65014358_2375559316057561_3846902245958352896_n.jpg 1152w\" sizes=\"auto, (max-width: 223px) 100vw, 223px\" \/><\/a><\/p>\n<p>&nbsp;<\/p>\n<p>&nbsp;<\/p>\n<h2>A SALCE&#8230;TUTTI IN CODA, TRAFFICO DA METROPOLI<\/h2>\n<blockquote><p><em>Una &#8220;via crucis&#8221; da Belluno a Sedico, meglio una partenza anticipata per evitare sgradevoli ritardi<\/em><\/p><\/blockquote>\n<p><strong><a class=\"dt-pswp-item\" href=\"http:\/\/www.radiopiu.net\/wordpress\/wp-content\/uploads\/2019\/06\/images-4.jpg\" data-dt-img-description=\"\" data-large_image_width=\"299\" data-large_image_height=\"169\"><img loading=\"lazy\" decoding=\"async\" class=\"wp-image-89819 alignleft\" src=\"http:\/\/www.radiopiu.net\/wordpress\/wp-content\/uploads\/2019\/06\/images-4.jpg\" alt=\"\" width=\"180\" height=\"102\" \/><\/a>BELLUNO<\/strong><\/p>\n<p><strong>di Damiano Tormen<\/strong><\/p>\n<audio class=\"wp-audio-shortcode\" id=\"audio-89739-2\" preload=\"none\" style=\"width: 100%;\" controls=\"controls\"><source type=\"audio\/mpeg\" src=\"http:\/\/www.radiopiu.net\/wordpress\/wp-content\/uploads\/2019\/06\/DAMIANO-SALCE.mp3?_=2\" \/><a href=\"http:\/\/www.radiopiu.net\/wordpress\/wp-content\/uploads\/2019\/06\/DAMIANO-SALCE.mp3\">http:\/\/www.radiopiu.net\/wordpress\/wp-content\/uploads\/2019\/06\/DAMIANO-SALCE.mp3<\/a><\/audio>\n<p>&nbsp;<\/p>\n<p>&nbsp;<\/p>\n<p>&nbsp;<\/p>\n<h2>CAPOTTAMENTO IN LOCALITA&#8217; LE CAMPE, INCIDENTE IN VIA NAZIONALE IN CADORE<\/h2>\n<p><strong><a class=\"dt-pswp-item\" href=\"http:\/\/www.radiopiu.net\/wordpress\/wp-content\/uploads\/2019\/06\/LOGO.jpg\" data-dt-img-description=\"\" data-large_image_width=\"1024\" data-large_image_height=\"576\"><img loading=\"lazy\" decoding=\"async\" class=\"wp-image-89757 alignleft\" src=\"http:\/\/www.radiopiu.net\/wordpress\/wp-content\/uploads\/2019\/06\/LOGO.jpg\" alt=\"\" width=\"213\" height=\"120\" srcset=\"https:\/\/www.radiopiu.net\/wordpress\/wp-content\/uploads\/2019\/06\/LOGO.jpg 1024w, https:\/\/www.radiopiu.net\/wordpress\/wp-content\/uploads\/2019\/06\/LOGO-300x169.jpg 300w, https:\/\/www.radiopiu.net\/wordpress\/wp-content\/uploads\/2019\/06\/LOGO-768x432.jpg 768w\" sizes=\"auto, (max-width: 213px) 100vw, 213px\" \/><\/a><\/strong><\/p>\n<p>&nbsp;<\/p>\n<p><strong>LA VALLE<\/strong> ORE 8.55 localit\u00e0 le Campe in prossimit\u00e0 dell&#8217;autovelox (limite 70 orari), intervento dei vigili del fuoco di Agordo per estrarre il conducente dall&#8217;auto capottata sul fianco (unico coinvolto), rilievi dei Carabinieri, intervento ambulanza Pronto Soccorso di Agordo, conducente portato in ospedale per accertamenti. Strada chiusa per un intervallo di tempo sufficiente a liberare la sede\u00a0 stradale, deviazioni per Noach e Cancellade<\/p>\n<p><strong><a class=\"dt-pswp-item\" href=\"http:\/\/www.radiopiu.net\/wordpress\/wp-content\/uploads\/2019\/06\/logo-2.jpg\" data-dt-img-description=\"\" data-large_image_width=\"1024\" data-large_image_height=\"768\"><img loading=\"lazy\" decoding=\"async\" class=\"wp-image-89780 alignleft\" src=\"http:\/\/www.radiopiu.net\/wordpress\/wp-content\/uploads\/2019\/06\/logo-2-300x225.jpg\" alt=\"\" width=\"214\" height=\"161\" srcset=\"https:\/\/www.radiopiu.net\/wordpress\/wp-content\/uploads\/2019\/06\/logo-2-300x225.jpg 300w, https:\/\/www.radiopiu.net\/wordpress\/wp-content\/uploads\/2019\/06\/logo-2-768x576.jpg 768w, https:\/\/www.radiopiu.net\/wordpress\/wp-content\/uploads\/2019\/06\/logo-2.jpg 1024w\" sizes=\"auto, (max-width: 214px) 100vw, 214px\" \/><\/a><\/strong><\/p>\n<p>&nbsp;<\/p>\n<p><strong>PIEVE DI CADORE<\/strong> Via Nazionale ( rotonda della Lozza), intervento dei Vigili del Fuoco, rimosso\u00a0 il mezzo pesante con l&#8217;autogr\u00f9 giunta da Belluno. Sul posto stradale e personale Anas. Nessun ferito, ma notevoli i disagi al traffico<\/p>\n<p>&nbsp;<\/p>\n<p>Altri due incidenti si sono verificati nel pomeriggio. In un caso si \u00e8 trattato di una caduta autonoma in moto a Codalonga, frazione di <strong>Colle Santa Lucia.<\/strong> Niente di grave per il motociclista. Nel secondo caso \u00e8 intervenuto l&#8217;elicottero per soccorrere un ciclista caduto sui tornanti prima del <strong>Passo Pordoi,<\/strong> che ha riportato ferite di media gravit\u00e0<\/p>\n<p>&nbsp;<\/p>\n<p>&nbsp;<\/p>\n<h3>RECUPERATI ESCURSIONISTI BLOCCATI DAGLI SCHIANTI<\/h3>\n<p><strong><a class=\"dt-pswp-item\" href=\"http:\/\/www.radiopiu.net\/wordpress\/wp-content\/uploads\/2019\/06\/IMG-20190626-WA0024.jpg\" data-dt-img-description=\"\" data-large_image_width=\"1600\" data-large_image_height=\"1200\"><img loading=\"lazy\" decoding=\"async\" class=\" wp-image-89839 alignleft\" src=\"http:\/\/www.radiopiu.net\/wordpress\/wp-content\/uploads\/2019\/06\/IMG-20190626-WA0024-300x225.jpg\" alt=\"\" width=\"201\" height=\"151\" srcset=\"https:\/\/www.radiopiu.net\/wordpress\/wp-content\/uploads\/2019\/06\/IMG-20190626-WA0024-300x225.jpg 300w, https:\/\/www.radiopiu.net\/wordpress\/wp-content\/uploads\/2019\/06\/IMG-20190626-WA0024-768x576.jpg 768w, https:\/\/www.radiopiu.net\/wordpress\/wp-content\/uploads\/2019\/06\/IMG-20190626-WA0024-1024x768.jpg 1024w, https:\/\/www.radiopiu.net\/wordpress\/wp-content\/uploads\/2019\/06\/IMG-20190626-WA0024.jpg 1600w\" sizes=\"auto, (max-width: 201px) 100vw, 201px\" \/><\/a>SAN PIETRO DI CADORE <\/strong>Ieri sera alle 20 \u00e8 scattato l&#8217;allarme per tre escursionisti in difficolt\u00e0 nella zona di Passo dell&#8217;Oregone. I tre, un uomo e una donna di Bolzano, di 52 e 48 anni, e una donna cinese di 50, con i loro due cani, stavano seguendo un giro ad anello, quando hanno iniziato a scendere verso la Val Visedende e si sono trovati in una zona di schianti. Hanno cercato di proseguire, finch\u00e9 non sono pi\u00f9 riusciti ad avanzare e hanno chiesto aiuto. L&#8217;elicottero del Suem di Pieve di Cadore li ha individuati tra le piante abbattute e, sbarcato il tecnico del Soccorso alpino dell&#8217;equipaggio, li ha recuperati\u00a0 (cani compresi) in tre rotazioni, utilizzando un verricello di 15 metri, per poi trasportarli al Rifugio Sorgenti del Piave da dove erano partiti.<\/p>\n<p>&nbsp;<\/p>\n<p>&nbsp;<\/p>\n<p>&nbsp;<\/p>\n<h3>LA CASA DI ALBINO LUCIANI ALLA DIOCESI DI VITTORIO VENETO, E&#8217; UN &#8220;REGALO&#8221; DI UN BENEFATTORE<\/h3>\n<p><span style=\"color: #ff0000;\"><strong>dal Corriere delle Alpi, Gianni Santomaso<\/strong><\/span><\/p>\n<audio class=\"wp-audio-shortcode\" id=\"audio-89739-3\" preload=\"none\" style=\"width: 100%;\" controls=\"controls\"><source type=\"audio\/mpeg\" src=\"http:\/\/www.radiopiu.net\/wordpress\/wp-content\/uploads\/2019\/06\/GIANNI-VENDITA.mp3?_=3\" \/><a href=\"http:\/\/www.radiopiu.net\/wordpress\/wp-content\/uploads\/2019\/06\/GIANNI-VENDITA.mp3\">http:\/\/www.radiopiu.net\/wordpress\/wp-content\/uploads\/2019\/06\/GIANNI-VENDITA.mp3<\/a><\/audio>\n<p>&nbsp;<\/p>\n<p><a class=\"dt-pswp-item\" href=\"http:\/\/www.radiopiu.net\/wordpress\/wp-content\/uploads\/2019\/06\/Luciani-Casa-Natale-di-Canale-dAgordo.jpg\" data-dt-img-description=\"DIGITAL CAMERA\" data-large_image_width=\"1772\" data-large_image_height=\"1329\"><img loading=\"lazy\" decoding=\"async\" class=\"wp-image-89776 size-large\" src=\"http:\/\/www.radiopiu.net\/wordpress\/wp-content\/uploads\/2019\/06\/Luciani-Casa-Natale-di-Canale-dAgordo-1024x768.jpg\" alt=\"\" width=\"1024\" height=\"768\" srcset=\"https:\/\/www.radiopiu.net\/wordpress\/wp-content\/uploads\/2019\/06\/Luciani-Casa-Natale-di-Canale-dAgordo-1024x768.jpg 1024w, https:\/\/www.radiopiu.net\/wordpress\/wp-content\/uploads\/2019\/06\/Luciani-Casa-Natale-di-Canale-dAgordo-300x225.jpg 300w, https:\/\/www.radiopiu.net\/wordpress\/wp-content\/uploads\/2019\/06\/Luciani-Casa-Natale-di-Canale-dAgordo-768x576.jpg 768w, https:\/\/www.radiopiu.net\/wordpress\/wp-content\/uploads\/2019\/06\/Luciani-Casa-Natale-di-Canale-dAgordo.jpg 1772w\" sizes=\"auto, (max-width: 1024px) 100vw, 1024px\" \/><\/a><\/p>\n<h3>29 GIUGNO 1978: LUCIANI AD AGORDO PER SAN PIERO E\u00a0 LO &#8220;SCAMPON&#8221; NELLA SUA CASA NATALE<\/h3>\n<audio class=\"wp-audio-shortcode\" id=\"audio-89739-4\" preload=\"none\" style=\"width: 100%;\" controls=\"controls\"><source type=\"audio\/mpeg\" src=\"http:\/\/www.radiopiu.net\/wordpress\/wp-content\/uploads\/2019\/06\/LUCIANI-A-CANALE.mp3?_=4\" \/><a href=\"http:\/\/www.radiopiu.net\/wordpress\/wp-content\/uploads\/2019\/06\/LUCIANI-A-CANALE.mp3\">http:\/\/www.radiopiu.net\/wordpress\/wp-content\/uploads\/2019\/06\/LUCIANI-A-CANALE.mp3<\/a><\/audio>\n<h3>UN MILIONE DI EURO PER RIFARE IL LOOK AL PAESE<\/h3>\n<audio class=\"wp-audio-shortcode\" id=\"audio-89739-5\" preload=\"none\" style=\"width: 100%;\" controls=\"controls\"><source type=\"audio\/mpeg\" src=\"http:\/\/www.radiopiu.net\/wordpress\/wp-content\/uploads\/2019\/06\/MASSIMO-MURER.mp3?_=5\" \/><a href=\"http:\/\/www.radiopiu.net\/wordpress\/wp-content\/uploads\/2019\/06\/MASSIMO-MURER.mp3\">http:\/\/www.radiopiu.net\/wordpress\/wp-content\/uploads\/2019\/06\/MASSIMO-MURER.mp3<\/a><\/audio>\n<p>&nbsp;<\/p>\n<p>&nbsp;<\/p>\n<p>&nbsp;<\/p>\n<p>&nbsp;<\/p>\n<p><span style=\"color: #ff0000;\"><strong>OGGI ALLA RADIO<\/strong><\/span><\/p>\n<blockquote>\n<h2><em>SPECIALE CONTRATTO INTEGRATIVO LUXOTTICA. CON PAOLO CHISSALE&#8217; ALLE 10.30 E 1900<\/em><\/h2>\n<\/blockquote>\n<p>&nbsp;<\/p>\n<p>&nbsp;<\/p>\n<h3>SPARTAN RACE PER ALMENO 5000 SUPER ATLETI, SABATO E DOMENICA AI PIEDI DI SUA MAESTA&#8217; CIVETTA.<\/h3>\n<p><strong>IL SINDACO DANILO DE TONI:<\/strong> <em>\u201cPer noi \u00e8 l\u2019inizio della stagione estiva e l\u2019evento Spartan Race, con il suo format particolare e avvinciente, per Alleghe diventa un prodotto promozionale importantissimo oltre che una bella passerella a livello di immagine. Lo abbiamo gi\u00e0 visto e vissuto l\u2019anno scorso, con un fiume di persone tra partecipanti e pubblico dei curiosi che hanno presenziato. Quest\u2019anno le aspettative sono ancora maggiori e auspico che la nostra localit\u00e0 sappia tenersi stretto questo evento nel tempo\u201d<\/em><\/p>\n<p><a class=\"dt-pswp-item\" href=\"http:\/\/www.radiopiu.net\/wordpress\/wp-content\/uploads\/2019\/06\/conferenza1_IMG_8496.png\" data-dt-img-description=\"\" data-large_image_width=\"750\" data-large_image_height=\"500\"><img loading=\"lazy\" decoding=\"async\" class=\"alignnone wp-image-89772 size-full\" src=\"http:\/\/www.radiopiu.net\/wordpress\/wp-content\/uploads\/2019\/06\/conferenza1_IMG_8496.png\" alt=\"\" width=\"750\" height=\"500\" srcset=\"https:\/\/www.radiopiu.net\/wordpress\/wp-content\/uploads\/2019\/06\/conferenza1_IMG_8496.png 750w, https:\/\/www.radiopiu.net\/wordpress\/wp-content\/uploads\/2019\/06\/conferenza1_IMG_8496-300x200.png 300w\" sizes=\"auto, (max-width: 750px) 100vw, 750px\" \/><\/a><\/p>\n<p><strong>ALLEGHE<\/strong> Angelo Zomegnan con Andrea Dal Farra, Cristian Moretti di Alleghe Funive e Danilo De Toni sindaco del paese, ha presentato ieri ai Piani di Pezz\u00e8 l&#8217;evento agonistico del fine settimana. Migliaia di persone si ritroveranno nel comprensorio del Civetta anche alla luce del successo della prima edizione di un anno fa. Alberghi sold out, tanta gente da tutta Europa e divertimento assicurato per chi partecipa e per chi si prepara a battere le mani e seguire prove entusiasmanti.<\/p>\n<p><span style=\"color: #0000ff;\"><strong>DI GIANNI SANTOMASO<\/strong><\/span><\/p>\n<audio class=\"wp-audio-shortcode\" id=\"audio-89739-6\" preload=\"none\" style=\"width: 100%;\" controls=\"controls\"><source type=\"audio\/mpeg\" src=\"http:\/\/www.radiopiu.net\/wordpress\/wp-content\/uploads\/2019\/06\/SPARTAN-GIANNI.mp3?_=6\" \/><a href=\"http:\/\/www.radiopiu.net\/wordpress\/wp-content\/uploads\/2019\/06\/SPARTAN-GIANNI.mp3\">http:\/\/www.radiopiu.net\/wordpress\/wp-content\/uploads\/2019\/06\/SPARTAN-GIANNI.mp3<\/a><\/audio>\n<h3>DAI PIANI DI PEZZE&#8217; &#8220;GRANDE BAITA CIVETTA&#8221; LA DIRETTA FACEBOOK DI RADIOPIU<\/h3>\n<div id=\"fb-root\"><\/div>\n<p><script async=\"1\" defer=\"1\" crossorigin=\"anonymous\" src=\"https:\/\/connect.facebook.net\/it_IT\/sdk.js#xfbml=1&amp;version=v6.0\"><\/script><\/p>\n<div class=\"fb-video\" data-href=\"https:\/\/www.facebook.com\/mirko.mezzacasa\/videos\/10220070509939874\/\" data-width=\"1200\">\n<blockquote cite=\"https:\/\/www.facebook.com\/mirko.mezzacasa\/videos\/10220070509939874\/\" class=\"fb-xfbml-parse-ignore\"><p><a href=\"https:\/\/www.facebook.com\/mirko.mezzacasa\/videos\/10220070509939874\/\"><\/a><\/p>\n<p>Presentazione Spartan Race Alleghe Piani Pezz\u00e8 Grande Baita Civetta<\/p>\n<p>Pubblicato da <a href=\"https:\/\/www.facebook.com\/mirko.mezzacasa\">Mirko Mezzacasa<\/a> su Mercoled\u00ec 26 giugno 2019<\/p><\/blockquote>\n<\/div>\n<p>Sabato e domenica i partecipanti saranno impegnati in un\u2019emozionante sfida, contro se stessi prima ancora che con gli altri, che mette a dura prova non solo i muscoli ma anche la resistenza mentale. Nella Spartan Race i partecipanti si rotolano nel fango, scavalcano il fuoco, affrontano percorsi disseminati di ostacoli di ogni genere, si arrampicano sulle corde e trascinano tronchi, spingendosi al limite delle proprie capacit\u00e0, con l\u2019obiettivo di completare nel minor tempo possibile un percorso da veri guerrieri. Un successo globale quello di Spartan Race nato negli USA nel Vermont, dall\u2019idea di un gruppo di ex militari che anno trasformato il loro addestramento in evento per tutti; una realt\u00e0 quella di Spartan Race che oggi tocca oltre 130 localit\u00e0 all\u2019anno in tutto il mondo. La Spartan Race torna ad Alleghe, nel teatro naturale offerto dalle Dolomiti Bellunesi elette dall\u2019Unesco a patrimonio mondiale dell\u2019umanit\u00e0, dopo il successo dell\u2019edizione 2018. Quest\u2019anno si alza l\u2019asticella, l\u2019evento infatti rappresenta la finale del Campionato Europeo e verranno assegnati i titoli individuali e a squadre per la specialit\u00e0 \u201cBeast\u201d. Sono attesi oltre 5000 concorrenti tra cui i migliori provenienti dalle national series che si sono svolte in precedenza in tutto il continente.<\/p>\n<p><strong><a class=\"dt-pswp-item\" href=\"http:\/\/www.radiopiu.net\/wordpress\/wp-content\/uploads\/2019\/06\/sportograf-129099775.png\" data-dt-img-description=\"\" data-large_image_width=\"750\" data-large_image_height=\"500\"><img loading=\"lazy\" decoding=\"async\" class=\" wp-image-89771 alignleft\" src=\"http:\/\/www.radiopiu.net\/wordpress\/wp-content\/uploads\/2019\/06\/sportograf-129099775-300x200.png\" alt=\"\" width=\"272\" height=\"181\" srcset=\"https:\/\/www.radiopiu.net\/wordpress\/wp-content\/uploads\/2019\/06\/sportograf-129099775-300x200.png 300w, https:\/\/www.radiopiu.net\/wordpress\/wp-content\/uploads\/2019\/06\/sportograf-129099775.png 750w\" sizes=\"auto, (max-width: 272px) 100vw, 272px\" \/><\/a>IL FORMAT DELLA GARA <\/strong>L&#8217; evento Spartan Race di Alleghe si divider\u00e0 in due giornate: <strong>Sabato <\/strong>sar\u00e0 la volta del pi\u00f9 duro dei tre classici format:\u00a0 \u2022 Spartan Beast, cercher\u00e0 di mettere alla prova la resistenza psicofisica dei partecipanti. E\u2019 racchiusa in 21 km con pi\u00f9 di 30 ostacoli e rappresenta l\u2019ultima barriera verso la gloria per il conseguimento della Trifecta, il tempo pi\u00f9 veloce registrato \u00e8 stato di 3 ore. <strong>Domenica<\/strong> invece si dar\u00e0 spazio alle altre due categorie di gara :\u00a0 \u2022 Spartan Super, per la sua complessit\u00e0 e distanza, \u00e8 una sorta di via di mezzo fra Sprint e Beast che si articola in 13 km con pi\u00f9 di 25 ostacoli posizionati lungo il percorso. Il tempo pi\u00f9 veloce \u00e8 stimato in soli 80 minuti. \u2022 Spartan Sprint, seconda tipologia della giornata, \u00e8 il format pi\u00f9 breve, adatta a tutti i livelli di atleti, soprattutto per quelli alle prime armi con Spartan Race. Il percorso di gara prevede 5 km con pi\u00f9 di 20 ostacoli, il tempo pi\u00f9 veloce \u00e8 di 40 minuti.<\/p>\n<p><strong>ANDREA DAL FARRA, \u00a0responsabile marketing di Alleghe Funivie.<\/strong><\/p>\n<p><a class=\"dt-pswp-item\" href=\"http:\/\/www.radiopiu.net\/wordpress\/wp-content\/uploads\/2019\/06\/conferenza2_IMG_8500.png\" data-dt-img-description=\"\" data-large_image_width=\"750\" data-large_image_height=\"501\"><img loading=\"lazy\" decoding=\"async\" class=\"size-medium wp-image-89769 alignright\" src=\"http:\/\/www.radiopiu.net\/wordpress\/wp-content\/uploads\/2019\/06\/conferenza2_IMG_8500-300x200.png\" alt=\"\" width=\"300\" height=\"200\" srcset=\"https:\/\/www.radiopiu.net\/wordpress\/wp-content\/uploads\/2019\/06\/conferenza2_IMG_8500-300x200.png 300w, https:\/\/www.radiopiu.net\/wordpress\/wp-content\/uploads\/2019\/06\/conferenza2_IMG_8500.png 750w\" sizes=\"auto, (max-width: 300px) 100vw, 300px\" \/><\/a><em>\u201cSiamo molto contenti di ospitare una manifestazione di livello internazionale come la Spartan Race. Un evento importante che lancia una stagione estiva che sar\u00e0 ricca di appuntamenti da non perdere. Tra poche settimane il 21 luglio c\u2019\u00e8 la corsa in montagna con la Transcivetta e a seguire l\u2019Adventure Outdoor Fest, pensato per tutti gli appassionati di natura e avventura, pi\u00f9 tutta una serie di eventi organizzati anche in paese. L\u2019obiettivo \u00e8 di coinvolgere tutti dalle famiglie, a chi cerca una vacanza di relax, fino ai giovani che vogliono una vacanza attiva di sport e divertimento. Tutto questo si riallaccia a un progetto pi\u00f9 ampio che Alleghe Funivie sta portando avanti stagione dopo stagione con la produzone diretta, o come in questo caso di Spartan Race ospitando produzioni esterne, di eventi atti ad arricchire quella che e la normale organizzazione e gestione degli impianti e del territorio. Questo perch\u00e9 siamo consapevoli che al di la di quello che \u00e8 il mondo sci e neve d\u2019inverno e delle attivit\u00e0 legate agli impianti d\u2019estate gli utenti cercano sempre pi\u00f9 tutta una serie di attivit\u00e0 e servizi accessori; un evento di questa portata diventa l\u2019o<\/em>ccasione giusta per presentare il territorio e la nostra offerta anche a un pubblico che normalmente non ci frequenterebbe\u201d<\/p>\n<p><strong>ANGELO ZOMEGNAN, LICENZIATARIO SPARTAN RACE ITALIA<\/strong><\/p>\n<p><em><a class=\"dt-pswp-item\" href=\"http:\/\/www.radiopiu.net\/wordpress\/wp-content\/uploads\/2019\/06\/sportograf-129087579.png\" data-dt-img-description=\"\" data-large_image_width=\"750\" data-large_image_height=\"500\"><img loading=\"lazy\" decoding=\"async\" class=\"size-medium wp-image-89770 alignleft\" src=\"http:\/\/www.radiopiu.net\/wordpress\/wp-content\/uploads\/2019\/06\/sportograf-129087579-300x200.png\" alt=\"\" width=\"300\" height=\"200\" srcset=\"https:\/\/www.radiopiu.net\/wordpress\/wp-content\/uploads\/2019\/06\/sportograf-129087579-300x200.png 300w, https:\/\/www.radiopiu.net\/wordpress\/wp-content\/uploads\/2019\/06\/sportograf-129087579.png 750w\" sizes=\"auto, (max-width: 300px) 100vw, 300px\" \/><\/a>\u201cDopo il successo dell\u2019anno scorso, quest\u2019anno qui ad Alleghe abbiamo fatto un ulteriore salto di qualit\u00e0 passando dall\u2019evento Spartan Race normale all\u2019evento valdido anche come Campionato d\u2019Europa, sia individuale che a squadre. Si punta a sfondare il muro delle 5000 partecipazioni (nella categoria elite saranno rappresentate 30 nazioni), saranno presenti delle figure di spicco a livello mondiale di questo movimento che nel mondo conta oltre 1 milione di partecipazioni tra le varie manifestazioni che si svolgono, con solo in Italia pi\u00f9 di 30.000 partecipazioni. Al via non solo tanti campioni ma anche e soprattutto tanti appassionati armati di voglia di arrivare fino in fondo al percorso e di vincere la sfida con se stessi. Al via ci saranno anche degli atleti diversamente abili, la dimostrazione che Spartan Race \u00e8 un evento per tutti, non ci sono limiti. Questi numeri dicono che l\u2019Agordino per questo week-end \u00e8 sold out, e ne siamo tutti contenti, e che Alleghe ha fatto centro un\u2019altra volta per merito di Alleghe Funivie che ha intuito il successo di questa manifestazione intraprendendo con noi un percorso che io mi auguro possa durare nel tempo e che lascer\u00e0 sicuramente sul territorio un importante ricaduta in termini economici e di visibilit\u00e0. A dirlo non sono io o statistiche fatte in modo virtuale ma \u00e8 certificato da studi fatti in modo virtuoso. Inoltre la visibilit\u00e0 dell\u2019evento \u00e8 garantita da una produzione televisiva propria con un live streaming sia il sabato che la domenica che andr\u00e0 su Facebook, sui canali della nostra communty social italiani ed europei e anche su quelli mondiali che vantano oltre 5.300.000 potenziali frequentatori. Numeri importanti ai quali si aggiunge tutta la visibilit\u00e0 ottenuta attraverso i canali convenzionali tra stampa scritta, radio, televisione e web\u201d<\/em><\/p>\n<p>&nbsp;<\/p>\n<p>&nbsp;<\/p>\n<p>&nbsp;<\/p>\n<p>&nbsp;<\/p>\n<h2><em>PIA<\/em><em>N FALCINA, IL DEGRADO ANTI TURISTICO<\/em><\/h2>\n<p><em><strong>SOSPIROLO<\/strong> Uno dei bi<\/em>glietti da visita per il turista che sceglie la Valle del Mis. Al disastro inaspettato di Vaia il successivo alpeggio di capre e pecore, provare a stendere un asciugamano non \u00e8 consigliabile. Attrattiva potrebbe essere il percorso &#8220;vita&#8221; tra alberi, sassi, radici, residui del lago&#8230; e purtroppo anche siringhe che preferiamo non pubblicare. Il consiglio: portatevi ciabatte, sandali, scarpe&#8230;.<\/p>\n<p><a class=\"dt-pswp-item\" href=\"http:\/\/www.radiopiu.net\/wordpress\/wp-content\/uploads\/2019\/06\/65638994_2316950455291744_2852422866584993792_n.jpg\" data-dt-img-description=\"\" data-large_image_width=\"1824\" data-large_image_height=\"1368\"><img loading=\"lazy\" decoding=\"async\" class=\"alignnone wp-image-89746\" src=\"http:\/\/www.radiopiu.net\/wordpress\/wp-content\/uploads\/2019\/06\/65638994_2316950455291744_2852422866584993792_n-300x225.jpg\" alt=\"\" width=\"397\" height=\"298\" srcset=\"https:\/\/www.radiopiu.net\/wordpress\/wp-content\/uploads\/2019\/06\/65638994_2316950455291744_2852422866584993792_n-300x225.jpg 300w, https:\/\/www.radiopiu.net\/wordpress\/wp-content\/uploads\/2019\/06\/65638994_2316950455291744_2852422866584993792_n-768x576.jpg 768w, https:\/\/www.radiopiu.net\/wordpress\/wp-content\/uploads\/2019\/06\/65638994_2316950455291744_2852422866584993792_n-1024x768.jpg 1024w, https:\/\/www.radiopiu.net\/wordpress\/wp-content\/uploads\/2019\/06\/65638994_2316950455291744_2852422866584993792_n.jpg 1824w\" sizes=\"auto, (max-width: 397px) 100vw, 397px\" \/><\/a><a class=\"dt-pswp-item\" href=\"http:\/\/www.radiopiu.net\/wordpress\/wp-content\/uploads\/2019\/06\/65469356_2496562907040803_8138790638817640448_n.jpg\" data-dt-img-description=\"\" data-large_image_width=\"684\" data-large_image_height=\"912\"><img loading=\"lazy\" decoding=\"async\" class=\"alignnone wp-image-89748\" src=\"http:\/\/www.radiopiu.net\/wordpress\/wp-content\/uploads\/2019\/06\/65469356_2496562907040803_8138790638817640448_n-225x300.jpg\" alt=\"\" width=\"225\" height=\"300\" srcset=\"https:\/\/www.radiopiu.net\/wordpress\/wp-content\/uploads\/2019\/06\/65469356_2496562907040803_8138790638817640448_n-225x300.jpg 225w, https:\/\/www.radiopiu.net\/wordpress\/wp-content\/uploads\/2019\/06\/65469356_2496562907040803_8138790638817640448_n.jpg 684w\" sizes=\"auto, (max-width: 225px) 100vw, 225px\" \/><\/a><a class=\"dt-pswp-item\" href=\"http:\/\/www.radiopiu.net\/wordpress\/wp-content\/uploads\/2019\/06\/65169994_532955553906525_2833577641011838976_n.jpg\" data-dt-img-description=\"\" data-large_image_width=\"684\" data-large_image_height=\"912\"><img loading=\"lazy\" decoding=\"async\" class=\"alignnone size-medium wp-image-89745\" src=\"http:\/\/www.radiopiu.net\/wordpress\/wp-content\/uploads\/2019\/06\/65169994_532955553906525_2833577641011838976_n-225x300.jpg\" alt=\"\" width=\"225\" height=\"300\" srcset=\"https:\/\/www.radiopiu.net\/wordpress\/wp-content\/uploads\/2019\/06\/65169994_532955553906525_2833577641011838976_n-225x300.jpg 225w, https:\/\/www.radiopiu.net\/wordpress\/wp-content\/uploads\/2019\/06\/65169994_532955553906525_2833577641011838976_n.jpg 684w\" sizes=\"auto, (max-width: 225px) 100vw, 225px\" \/><\/a><img loading=\"lazy\" decoding=\"async\" class=\"alignnone size-medium wp-image-89747\" src=\"http:\/\/www.radiopiu.net\/wordpress\/wp-content\/uploads\/2019\/06\/65009781_2344117268958645_5392891001352224768_n-225x300.jpg\" alt=\"\" width=\"225\" height=\"300\" srcset=\"https:\/\/www.radiopiu.net\/wordpress\/wp-content\/uploads\/2019\/06\/65009781_2344117268958645_5392891001352224768_n-225x300.jpg 225w, https:\/\/www.radiopiu.net\/wordpress\/wp-content\/uploads\/2019\/06\/65009781_2344117268958645_5392891001352224768_n.jpg 684w\" sizes=\"auto, (max-width: 225px) 100vw, 225px\" \/><a class=\"dt-pswp-item\" href=\"http:\/\/www.radiopiu.net\/wordpress\/wp-content\/uploads\/2019\/06\/65312882_459582064837976_9169970981886754816_n.jpg\" data-dt-img-description=\"\" data-large_image_width=\"684\" data-large_image_height=\"912\"><img loading=\"lazy\" decoding=\"async\" class=\"alignnone size-medium wp-image-89749\" src=\"http:\/\/www.radiopiu.net\/wordpress\/wp-content\/uploads\/2019\/06\/65312882_459582064837976_9169970981886754816_n-225x300.jpg\" alt=\"\" width=\"225\" height=\"300\" srcset=\"https:\/\/www.radiopiu.net\/wordpress\/wp-content\/uploads\/2019\/06\/65312882_459582064837976_9169970981886754816_n-225x300.jpg 225w, https:\/\/www.radiopiu.net\/wordpress\/wp-content\/uploads\/2019\/06\/65312882_459582064837976_9169970981886754816_n.jpg 684w\" sizes=\"auto, (max-width: 225px) 100vw, 225px\" \/><\/a><\/p>\n<p>&nbsp;<\/p>\n<p>&nbsp;<\/p>\n<p>&nbsp;<\/p>\n<p>&nbsp;<\/p>\n<h2>FRANA DI SCHIUCAZ, DALLA PAGINA FACEBOOK DI VENETO STRADE<\/h2>\n<p><span style=\"color: #0000ff;\"><strong>pagina facebook veneto strade<\/strong><\/span><br \/>\nQuesta volta si sono sentiti pi\u00f9 furbi e il primo ciclista dopo il passaggio ha pensato a coprirsi il volto e coprire il passaggio degli altri. Le telecamere (ovviamente non c\u2019\u00e8 solo quella) in realt\u00e0 sono state installate per monitorare i movimenti della frana. Perch\u00e9, \u00e8 bene ribadirlo, soprattutto dopo le due esplosioni \u00e8 molto probabile lo smottamento di qualche sasso o terreno. Quindi ripetiamo ancora una volta: \u00e8 assolutamente proibito<span class=\"text_exposed_show\">\u00a0transitare su quel tratto; c\u2019\u00e8 un serio pericolo di smottamento per via dei lavori di assestamento. Del resto la nostra montagna \u00e8 talmente ricca di percorsi straordinari da fare soprattutto in bicicletta che davvero non capiamo il senso di queste bravate. Ovviamente noi pubblichiamo il video. Ancora una volta non facciamo vedere i volti (ci hanno pensato loro a coprirsi) ma avvertiamo che le immagini sono state consegnate alle forze dell\u2019ordine.<\/span><\/p>\n<div id=\"fb-root\"><\/div>\n<p><script async=\"1\" defer=\"1\" crossorigin=\"anonymous\" src=\"https:\/\/connect.facebook.net\/it_IT\/sdk.js#xfbml=1&amp;version=v6.0\"><\/script><\/p>\n<div class=\"fb-video\" data-href=\"https:\/\/www.facebook.com\/venetostrade\/videos\/828199617552203\/\" data-width=\"1200\">\n<blockquote cite=\"https:\/\/www.facebook.com\/venetostrade\/videos\/828199617552203\/\" class=\"fb-xfbml-parse-ignore\"><p><a href=\"https:\/\/www.facebook.com\/venetostrade\/videos\/828199617552203\/\"><\/a><\/p>\n<p>FRANA DI SCHIUCAZ SONO TORNATI!!! Questa volta si sono sentiti pi\u00f9 furbi e il primo ciclista dopo il passaggio ha pensato a coprirsi il volto e coprire il passaggio degli altri. Le telecamere (ovviamente non c\u2019\u00e8 solo quella) in realt\u00e0 sono state installate per monitorare i movimenti della frana. Perch\u00e9, \u00e8 bene ribadirlo, soprattutto dopo le due esplosioni \u00e8 molto probabile lo smottamento di qualche sasso o terreno. Quindi ripetiamo ancora una volta: \u00e8 assolutamente proibito transitare su quel tratto; c\u2019\u00e8 un serio pericolo di smottamento per via dei lavori di assestamento. Del resto la nostra montagna \u00e8 talmente ricca di percorsi straordinari da fare soprattutto in bicicletta che davvero non capiamo il senso di queste bravate. Ovviamente noi pubblichiamo il video. Ancora una volta non facciamo vedere i volti (ci hanno pensato loro a coprirsi) ma avvertiamo che le immagini sono state consegnate alle forze dell\u2019ordine.<\/p>\n<p>Pubblicato da <a href=\"https:\/\/www.facebook.com\/venetostrade\/\">Veneto Strade Spa<\/a> su Mercoled\u00ec 26 giugno 2019<\/p><\/blockquote>\n<\/div>\n<p><strong>ALPAGO<\/strong> <em>&#8220;Per dare un\u2019idea dei lavori che stiamo facendo e dell\u2019incoscienza di chi, per gioco passa nei tratti assolutamente vietati dimostrando anche una scarsa sensibilit\u00e0 per le persone che hanno dovuto lasciare la loro casa proprio per il pericolo di smottamenti, pubblichiamo alcune foto&#8221;.<\/em><\/p>\n<p><a class=\"dt-pswp-item\" href=\"http:\/\/www.radiopiu.net\/wordpress\/wp-content\/uploads\/2019\/06\/65304579_2319444698124277_2290083511484284928_n.jpg\" data-dt-img-description=\"\" data-large_image_width=\"960\" data-large_image_height=\"720\"><img loading=\"lazy\" decoding=\"async\" class=\"alignnone wp-image-89810\" src=\"http:\/\/www.radiopiu.net\/wordpress\/wp-content\/uploads\/2019\/06\/65304579_2319444698124277_2290083511484284928_n-300x225.jpg\" alt=\"\" width=\"173\" height=\"130\" srcset=\"https:\/\/www.radiopiu.net\/wordpress\/wp-content\/uploads\/2019\/06\/65304579_2319444698124277_2290083511484284928_n-300x225.jpg 300w, https:\/\/www.radiopiu.net\/wordpress\/wp-content\/uploads\/2019\/06\/65304579_2319444698124277_2290083511484284928_n-768x576.jpg 768w, https:\/\/www.radiopiu.net\/wordpress\/wp-content\/uploads\/2019\/06\/65304579_2319444698124277_2290083511484284928_n.jpg 960w\" sizes=\"auto, (max-width: 173px) 100vw, 173px\" \/><\/a><a class=\"dt-pswp-item\" href=\"http:\/\/www.radiopiu.net\/wordpress\/wp-content\/uploads\/2019\/06\/65642155_2319444831457597_3915858839248830464_n.jpg\" data-dt-img-description=\"\" data-large_image_width=\"960\" data-large_image_height=\"720\"><img loading=\"lazy\" decoding=\"async\" class=\"alignnone wp-image-89811\" src=\"http:\/\/www.radiopiu.net\/wordpress\/wp-content\/uploads\/2019\/06\/65642155_2319444831457597_3915858839248830464_n-300x225.jpg\" alt=\"\" width=\"169\" height=\"127\" srcset=\"https:\/\/www.radiopiu.net\/wordpress\/wp-content\/uploads\/2019\/06\/65642155_2319444831457597_3915858839248830464_n-300x225.jpg 300w, https:\/\/www.radiopiu.net\/wordpress\/wp-content\/uploads\/2019\/06\/65642155_2319444831457597_3915858839248830464_n-768x576.jpg 768w, https:\/\/www.radiopiu.net\/wordpress\/wp-content\/uploads\/2019\/06\/65642155_2319444831457597_3915858839248830464_n.jpg 960w\" sizes=\"auto, (max-width: 169px) 100vw, 169px\" \/><\/a><a class=\"dt-pswp-item\" href=\"http:\/\/www.radiopiu.net\/wordpress\/wp-content\/uploads\/2019\/06\/64941203_2319444674790946_6641693888450920448_n.jpg\" data-dt-img-description=\"\" data-large_image_width=\"960\" data-large_image_height=\"720\"><img loading=\"lazy\" decoding=\"async\" class=\"alignnone wp-image-89812\" src=\"http:\/\/www.radiopiu.net\/wordpress\/wp-content\/uploads\/2019\/06\/64941203_2319444674790946_6641693888450920448_n-300x225.jpg\" alt=\"\" width=\"166\" height=\"125\" srcset=\"https:\/\/www.radiopiu.net\/wordpress\/wp-content\/uploads\/2019\/06\/64941203_2319444674790946_6641693888450920448_n-300x225.jpg 300w, https:\/\/www.radiopiu.net\/wordpress\/wp-content\/uploads\/2019\/06\/64941203_2319444674790946_6641693888450920448_n-768x576.jpg 768w, https:\/\/www.radiopiu.net\/wordpress\/wp-content\/uploads\/2019\/06\/64941203_2319444674790946_6641693888450920448_n.jpg 960w\" sizes=\"auto, (max-width: 166px) 100vw, 166px\" \/><\/a><\/p>\n<p>&nbsp;<\/p>\n<p>&nbsp;<\/p>\n<p>&nbsp;<\/p>\n<h2>NESSUN IMMOBILISMO A TAIBON IN ATTESA DELLA CONVALIDA DEGLI ELETTI<\/h2>\n<blockquote><p><em>In questo mese sono stati regolarmente aggiudicati i tre bandi per la vendita di circa 5000 metri cubi di legname schiantato dal vento di fine ottobre. Il lotto di Farsenade porter\u00e0 al Comune 33 euro a metro cubo (prezzo iniziale d&#8217;asta 15 euro), il lotto Borsele 28 (10). Sono invece andate deserte le due gare per il lotto che fa riferimento alla zona Peschiere e Forte, con alberi schiantati fino in alta quota (Fason), in questo caso il Comune proceder\u00e0 con affidamento diretto secondo le direttive del codice appalti.<\/em><\/p><\/blockquote>\n<p><strong><a class=\"dt-pswp-item\" href=\"http:\/\/www.radiopiu.net\/wordpress\/wp-content\/uploads\/2019\/05\/TAIBON-SILVIA-TORMEN.jpeg\" data-dt-img-description=\"\" data-large_image_width=\"1062\" data-large_image_height=\"1600\"><img loading=\"lazy\" decoding=\"async\" class=\"size-medium wp-image-86482 alignleft\" src=\"http:\/\/www.radiopiu.net\/wordpress\/wp-content\/uploads\/2019\/05\/TAIBON-SILVIA-TORMEN-199x300.jpeg\" alt=\"\" width=\"199\" height=\"300\" srcset=\"https:\/\/www.radiopiu.net\/wordpress\/wp-content\/uploads\/2019\/05\/TAIBON-SILVIA-TORMEN-199x300.jpeg 199w, https:\/\/www.radiopiu.net\/wordpress\/wp-content\/uploads\/2019\/05\/TAIBON-SILVIA-TORMEN-768x1157.jpeg 768w, https:\/\/www.radiopiu.net\/wordpress\/wp-content\/uploads\/2019\/05\/TAIBON-SILVIA-TORMEN-680x1024.jpeg 680w, https:\/\/www.radiopiu.net\/wordpress\/wp-content\/uploads\/2019\/05\/TAIBON-SILVIA-TORMEN.jpeg 1062w\" sizes=\"auto, (max-width: 199px) 100vw, 199px\" \/><\/a>TAIBON <\/strong>Un mese dopo le elezioni non \u00e8 stato ancora convocato il consiglio comunale per la nota vicenda legata al candidato a sindaco Bruno Bulf\u00a0 dopo il controllo post-elezioni che non permette la convalida degli eletti. La prossima settimana saranno sciolte le riserve, il buon senso porta a pensare che in consiglio in minoranza potrebbe entrare il primo dei non eletti (nomina che potr\u00e0 essere convalidata contrariamente a quella del ex plurisindaco Bulf sulle poltrone pubbliche da 40 anni) lasciando le cose come stanno, perch\u00e8 il sindaco Silvia Tormen \u00e8 stata votata dalla gran parte del paese, ha vinto la sua &#8220;battaglia&#8221; e con merito visto il risultato. Nel &#8217;97 a Cencenighe \u00e8 vero che le elezioni si sono ripetute, ma allora Benito Orzes (con una condanna definitiva e quindi NON candidabile) avrebbe dovuto sedere sulla poltrona di sindaco e quindi la ripetizione della tornata elettorale era doverosa. In questi 30 giorni il Comune non \u00e8 stato abbandonato al suo destino, gli amministratori uscenti hanno lavorato anche come &#8220;soggetto attuattore&#8221; post Vaia con i decreti portati alla firma nel rispetto delle prossime scadenze (30 settembre)<\/p>\n<blockquote><p><em>&#8220;Nessuna immobilit\u00e0 dell&#8217;ente &#8211; precisa Silvia Tormen &#8211; anche se la giunta non si \u00e8 ancora riunita, in quanto si \u00e8 preferito attendere di sciogliere il nodo del consiglio. Se \u00e8 passato l&#8217;idea che il Comune \u00e8 fermo \u00e8 un&#8217;idea sbagliata. Con la prossima settimana sar\u00f2 in grado di dare notizie chiare e certe&#8221;.<\/em><\/p><\/blockquote>\n<p><strong>DAL CORRIERE DELLE ALPI, DI GIANNI SANTOMASO<\/strong><\/p>\n<audio class=\"wp-audio-shortcode\" id=\"audio-89739-7\" preload=\"none\" style=\"width: 100%;\" controls=\"controls\"><source type=\"audio\/mpeg\" src=\"http:\/\/www.radiopiu.net\/wordpress\/wp-content\/uploads\/2019\/06\/SILVIA-GIANNI-1.mp3?_=7\" \/><a href=\"http:\/\/www.radiopiu.net\/wordpress\/wp-content\/uploads\/2019\/06\/SILVIA-GIANNI-1.mp3\">http:\/\/www.radiopiu.net\/wordpress\/wp-content\/uploads\/2019\/06\/SILVIA-GIANNI-1.mp3<\/a><\/audio>\n<p>&nbsp;<\/p>\n<p>&nbsp;<\/p>\n<h3>TRE ASTE PUBBLICHE PER IL RITORNO ALLA NORMALITA&#8217;\u00a0 IL LAVORO DA FARE E&#8217; ANCORA MOLTO<\/h3>\n<p><strong><a class=\"dt-pswp-item\" href=\"http:\/\/www.radiopiu.net\/wordpress\/wp-content\/uploads\/2018\/02\/LIMANA.jpg\" data-dt-img-description=\"\" data-large_image_width=\"254\" data-large_image_height=\"198\"><img loading=\"lazy\" decoding=\"async\" class=\" wp-image-43936 alignleft\" src=\"http:\/\/www.radiopiu.net\/wordpress\/wp-content\/uploads\/2018\/02\/LIMANA.jpg\" alt=\"\" width=\"158\" height=\"123\" \/><\/a><\/strong><\/p>\n<p>&nbsp;<\/p>\n<p><strong>LIMANA\u00a0<\/strong><\/p>\n<p><strong>di Damiano Tormen\u00a0<\/strong><\/p>\n<audio class=\"wp-audio-shortcode\" id=\"audio-89739-8\" preload=\"none\" style=\"width: 100%;\" controls=\"controls\"><source type=\"audio\/mpeg\" src=\"http:\/\/www.radiopiu.net\/wordpress\/wp-content\/uploads\/2019\/06\/DAMIANO-LIMANA-1.mp3?_=8\" \/><a href=\"http:\/\/www.radiopiu.net\/wordpress\/wp-content\/uploads\/2019\/06\/DAMIANO-LIMANA-1.mp3\">http:\/\/www.radiopiu.net\/wordpress\/wp-content\/uploads\/2019\/06\/DAMIANO-LIMANA-1.mp3<\/a><\/audio>\n<p>&nbsp;<\/p>\n<p>&nbsp;<\/p>\n<p>&nbsp;<\/p>\n<p>&nbsp;<\/p>\n<h2>UNA FAMIGLIA CERCA ZUMA<\/h2>\n<p><strong><a class=\"dt-pswp-item\" href=\"http:\/\/www.radiopiu.net\/wordpress\/wp-content\/uploads\/2019\/06\/zuma.jpg\" data-dt-img-description=\"\" data-large_image_width=\"1200\" data-large_image_height=\"711\"><img loading=\"lazy\" decoding=\"async\" class=\" wp-image-89740 alignleft\" src=\"http:\/\/www.radiopiu.net\/wordpress\/wp-content\/uploads\/2019\/06\/zuma-300x178.jpg\" alt=\"\" width=\"212\" height=\"126\" srcset=\"https:\/\/www.radiopiu.net\/wordpress\/wp-content\/uploads\/2019\/06\/zuma-300x178.jpg 300w, https:\/\/www.radiopiu.net\/wordpress\/wp-content\/uploads\/2019\/06\/zuma-768x455.jpg 768w, https:\/\/www.radiopiu.net\/wordpress\/wp-content\/uploads\/2019\/06\/zuma-1024x607.jpg 1024w, https:\/\/www.radiopiu.net\/wordpress\/wp-content\/uploads\/2019\/06\/zuma.jpg 1200w\" sizes=\"auto, (max-width: 212px) 100vw, 212px\" \/><\/a>SEDICO<\/strong> Zuma ha un anno e mezzo circa, ed \u00e8 sparito da casa sua domenica 16 Giugno in zona Maieran di Sedico (Belluno), era detenuto nel cortile di casa per cui si sospetta sia stato sottratto alla famiglia o che qualcuno abbia fatto uno scherzo crudele perch\u00e8 \u00e8 un cane buonissimo mai avrebbe aggredito chi si fosse avvicinato\u2026di fatto nessuno lo ha pi\u00f9 visto da quel 16 giugno, potrebbe essere ovunque ma non \u00e8 un cane che passa inosservato perch\u00e8 \u00e8 di taglia grande pelo un po\u2019 pezzato scuro. La famiglia \u00e8 in pena ha denunciato il fatto ai carabinieri di Sedico e si spera che le telecamere di sorveglianza possano dare qualche informazione in pi\u00f9 sulla vicenda. Zuma per ora \u00e8 scomparso per cui si invitano tutti coloro che possono averlo avvistato di chiamare i carabinieri di Sedico \u2013 0437 852006.<\/p>\n<p>&nbsp;<\/p>\n<p>&nbsp;<\/p>\n<p>&nbsp;<\/p>\n<h2>CONFINDUSTRIA: NASCE IL GRUPPO TECNICO SPORT E GRANDI EVENTI<\/h2>\n<p><strong><a class=\"dt-pswp-item\" href=\"http:\/\/www.radiopiu.net\/wordpress\/wp-content\/uploads\/2019\/06\/52861338_406196086808953_2592217366788046848_n.jpg\" data-dt-img-description=\"\" data-large_image_width=\"960\" data-large_image_height=\"539\"><img loading=\"lazy\" decoding=\"async\" class=\" wp-image-89768 alignleft\" src=\"http:\/\/www.radiopiu.net\/wordpress\/wp-content\/uploads\/2019\/06\/52861338_406196086808953_2592217366788046848_n-300x168.jpg\" alt=\"\" width=\"263\" height=\"147\" srcset=\"https:\/\/www.radiopiu.net\/wordpress\/wp-content\/uploads\/2019\/06\/52861338_406196086808953_2592217366788046848_n-300x168.jpg 300w, https:\/\/www.radiopiu.net\/wordpress\/wp-content\/uploads\/2019\/06\/52861338_406196086808953_2592217366788046848_n-768x431.jpg 768w, https:\/\/www.radiopiu.net\/wordpress\/wp-content\/uploads\/2019\/06\/52861338_406196086808953_2592217366788046848_n.jpg 960w\" sizes=\"auto, (max-width: 263px) 100vw, 263px\" \/><\/a>ROMA<\/strong> Confindustria costituisce il Gruppo Tecnico sport e grandi eventi affidandone il coordinamento alla Presidente di Confindustria Belluno Dolomiti, Maria Lorraine Berton.\u00a0 La delibera del Consiglio Generale di Confindustria ha anticipato di pochi giorni l&#8217;assegnazione all\u2019Italia dei giochi olimpici invernali del 2026, che nel 2021 saranno preceduti dai campionati mondiali di sci alpino.\u00a0 Attraverso il Gruppo Tecnico, a cui parteciperanno i rappresentanti delle Associazioni e delle imprese maggiormente coinvolte, Confindustria \u00e8 pronta ad assicurare la massima collaborazione \u00a0 per accompagnare e sostenere la preparazione dei grandi appuntamenti e contribuire al successo delle manifestazioni in programma. Il sistema imprenditoriale, con la capacit\u00e0 progettuale, le sinergie e i contributi di idee che pu\u00f2 garantire, \u00e8 pronto a cogliere tutte le opportunit\u00e0 per accrescere la reputazione, l&#8217;attrattivit\u00e0 e la credibilit\u00e0 dell\u2019Italia, fattori di grande rilevanza per il successo del tessuto economico e produttivo del Paese.<br \/>\nIl Gruppo Tecnico di Confindustria si candida quindi ad essere regista nel coordinamento di analisi e proposte per ottimizzare ogni potenziale occasione di crescita, con un\u2019attenzione particolare ai territori e ai settori pi\u00f9 coinvolti.<\/p>\n<p>&nbsp;<\/p>\n<p>&nbsp;<\/p>\n<p>&nbsp;<\/p>\n<p>&nbsp;<\/p>\n<p>&nbsp;<\/p>\n<h3>STATISTICHE: IN VENETO LA POPOLAZIONE TORNA A CRESCERE, EFFETTO MIGRAZIONI<\/h3>\n<p><strong>VENEZIA<\/strong>\u00a0 In Veneto la popolazione riprende a crescere, dopo tre anni di declino: nel 2018 il contatore demografico ha segnato 5 mila abitanti in pi\u00f9, portando la popolazione dei residenti a 4 milioni e 910 mila residenti. A segnalare il dato in controtendenza rispetto all\u2019andamento demografico nazionale (90 mila residenti in meno in un anno nella penisola), \u00e8 l\u2019Ufficio di Statistica della Regione Veneto, con l\u2019ultimo numero di Statistiche Flash, online da luned\u00ec all\u2019indirizzo www.regione.veneto.it\/web\/guest\/statistica. Sono solo 4 regioni in Italia a registrare un saldo positivo nella variazione della popolazione: il Veneto, con un 1,1 abitante in pi\u00f9 ogni mille abitanti, tallona l\u2019Emilia Romagna e la Lombardia (ciascuna con 2\/1000 in pi\u00f9) e insegue il Trentino Alto Adige (pi\u00f9 4,1 abitanti per mille). Tutte le altre regioni \u2018perdono\u2019 popolazione. A contrastare il declino demografico, che ha portato il Veneto a perdere 22.559 abitanti in tre anni, non sono le nascite, ma le migrazioni: il Veneto \u00e8 tornato regione attrattiva, che calamita nuovi residenti da altre regioni (3.804 solo nel 2017) ma soprattutto dall\u2019estero: nel 2017 si sono trasferiti in Veneto dall\u2019estero 25.478 persone. La Provincia pi\u00f9 attrattiva risulta essere Treviso (5577 ingressi), seguita da Venezia (4873) e da Verona (4754). Non accenna a fermarsi, invece, il calo delle nascite: nel 2018 in Veneto i fiocchi rosa e azzurri sono stati mille in meno rispetto ai 36.596 del 2017, che a loro volta erano il 25% in meno rispetto al 2007. Per la prima volta nella storia della regione il numero dei nati \u00e8 sceso sotto quello degli ottantenni, che si attestano a 38.681, di cui ben 1196 ultracentenari. Complessivamente la popolazione veneta risulta essere tra le pi\u00f9 longeve in Italia: l\u2019et\u00e0 media \u00e8 di 83,4 anni (85,6 per le donne), a fronte di una media italiana di 82,7 anni. Ma l\u2019allungarsi delle speranze di vita mette a rischio l\u2019equilibrio demografico: gli over 75 nel 2017 erano 615.558, pari al 12,5 % della popolazione; tra vent\u2019anni, nel 2010, saranno il 18% della popolazione.<\/p>\n<p>&nbsp;<\/p>\n<p>&nbsp;<\/p>\n<h3>\u00abRiconoscimento Unesco e Olimpiadi 2026 Occasioni per costruire il futuro del territorio\u00bb<\/h3>\n<p><strong>BELLUNO<\/strong> Cos\u00ec il Sindaco di Belluno, Jacopo Massaro, commenta il decennale del riconoscimento delle Dolomiti a patrimonio dell&#8217;umanit\u00e0 festeggiato questa mattina a Cortina d&#8217;Ampezzo.<\/p>\n<audio class=\"wp-audio-shortcode\" id=\"audio-89739-9\" preload=\"none\" style=\"width: 100%;\" controls=\"controls\"><source type=\"audio\/mpeg\" src=\"http:\/\/www.radiopiu.net\/wordpress\/wp-content\/uploads\/2019\/06\/MASSARO-2.mp3?_=9\" \/><a href=\"http:\/\/www.radiopiu.net\/wordpress\/wp-content\/uploads\/2019\/06\/MASSARO-2.mp3\">http:\/\/www.radiopiu.net\/wordpress\/wp-content\/uploads\/2019\/06\/MASSARO-2.mp3<\/a><\/audio>\n<p>&nbsp;<\/p>\n<p>&nbsp;<\/p>\n<p>&nbsp;<\/p>\n<h2>AULA PARLAMENTARE IL GRAZIE DI DARIO BOND<\/h2>\n<div style=\"width: 720px;\" class=\"wp-video\"><video class=\"wp-video-shortcode\" id=\"video-89739-1\" width=\"720\" height=\"576\" preload=\"metadata\" controls=\"controls\"><source type=\"video\/mp4\" src=\"http:\/\/www.radiopiu.net\/wordpress\/wp-content\/uploads\/2019\/06\/WhatsApp-Video-2019-06-26-at-17.57.24.mp4?_=1\" \/><a href=\"http:\/\/www.radiopiu.net\/wordpress\/wp-content\/uploads\/2019\/06\/WhatsApp-Video-2019-06-26-at-17.57.24.mp4\">http:\/\/www.radiopiu.net\/wordpress\/wp-content\/uploads\/2019\/06\/WhatsApp-Video-2019-06-26-at-17.57.24.mp4<\/a><\/video><\/div>\n<p>&nbsp;<\/p>\n<p>&nbsp;<\/p>\n<p>&nbsp;<\/p>\n<p>&nbsp;<\/p>\n<blockquote>\n<h3>\u00a0\u201cOlimpiadi 2026, dalla Lega falsa propaganda. Noi sempre favorevoli ai Giochi, avevamo anche chiesto alla Giunta di stanziare risorse proprie, vista la latitanza del Governo gialloverde\u201d<\/h3>\n<\/blockquote>\n<p><strong><a class=\"dt-pswp-item\" href=\"http:\/\/www.radiopiu.net\/wordpress\/wp-content\/uploads\/2018\/11\/PD.png\" data-dt-img-description=\"\" data-large_image_width=\"226\" data-large_image_height=\"182\"><img loading=\"lazy\" decoding=\"async\" class=\"size-full wp-image-67744 alignleft\" src=\"http:\/\/www.radiopiu.net\/wordpress\/wp-content\/uploads\/2018\/11\/PD.png\" alt=\"\" width=\"226\" height=\"182\" \/><\/a>VENEZIA<\/strong>\u00a0 \u201cCapisco che nell\u2019euforia collettiva per un risultato storico, tutto torni buono per fare propaganda. Ma le bugie hanno le gambe corte e basta poco per verificare come il Partito Democratico non sia mai stato contrario alle Olimpiadi a Cortina. Se c\u2019\u00e8 qualcuno che ha cambiato idea \u00e8, semmai, il Governo gialloverde\u201d. \u00c8 quanto afferma Claudio Sinigaglia, consigliere regionale del PD, replicando agli attacchi leghisti dopo la scelta del Cio di assegnare i Giochi invernali 2026 al ticket Milano-Cortina. \u201cPer esempio nell\u2019ultimo Collegato al bilancio, lo scorso dicembre, avevamo presentato un Pdl chiedendo alla Regione di stanziare un milione di euro per la candidatura di Cortina e la sua promozione, visto che il Governo si era impegnato a dare l\u2019appoggio istituzionale senza garantire alcuna risorsa pubblica. Emendamento\u00a0 che venne bocciato dalla maggioranza. Pi\u00f9 volte abbiamo chiesto a Zaia di venire in Consiglio a illustrare la candidatura per i Giochi invernali, proprio perch\u00e9 eravamo convinti che una maggiore condivisione permettesse di fare squadra e arrivare al risultato che tutti auspicavamo. Non si pu\u00f2 certo accusare il Pd di essere il \u2018partito del no\u2019: il governo Gentiloni ha stanziato 300 milioni di euro per i Mondiali di sci a Cortina, trampolino di lancio ideale per i Giochi invernali del 2026; mentre Renzi si spendeva per la candidatura olimpica di Roma 2024, Salvini su Twitter auspicava di \u2018ricoverarlo\u2019 denunciando lo spreco di risorse. Adesso, invece, si accorge sono un\u2019imperdibile occasione di sviluppo per la nostra economia. I leghisti veneti &#8211; conclude Sinigaglia &#8211; sbagliano il bersaglio della loro ironia, dovrebbero rivolgerla contro il \u2018capitano\u2019, campione di acrobazie: un tempo secessionista e oggi sovranista\u201d.<\/p>\n<p>&nbsp;<\/p>\n<p>&nbsp;<\/p>\n<p>&nbsp;<\/p>\n<h2>BRENNERO, ROTELLI (FDI): TONINELLI INTERVENGA SU BLOCCO MERCI CHE CONDANNA IL MADE IN ITALY<\/h2>\n<blockquote><p><em>Dichiarazione di \u00a0Mauro Rotelli, deputato di Fratelli d&#8217;Italia e componente Fdi della commissione Trasporti.<\/em><\/p><\/blockquote>\n<p><strong>&#8220;Il blocco del transito delle merci italiane attuato dall\u2019Austria \u00e8 un altro colpo al made in Italy che condanna i nostri prodotti destinati al mercato europeo. Le uniche mosse del ministro dei Trasporti Toninelli, sono state alcune telefonate al suo omologo tedesco: troppo poco per una situazione che si protrae dal dicembre 2018. Non ci troviamo, dunque, solamente di fronte alla mancata occasione di sviluppo della Tav che costringe la nostra Nazione a restare indietro: a condannare le nostre imprese c\u2019\u00e8 anche la chiusura del Brennero. Questo \u00e8 un chiaro esempio di Europa a due velocit\u00e0: in un\u2019Unione europea che viene troppo spesso dipinta come casa e madre di tutti, ognuno adotta e rispetta le regole che pi\u00f9 fanno comodo. La nostra economia non pu\u00f2 morire per l\u2019impotenza e l\u2019incompetenza del governo\u201d.<\/strong><\/p>\n<p>&nbsp;<\/p>\n<p>&nbsp;<\/p>\n<h3>Dolomiti, dieci anni di Unesco. D&#8217;Inc\u00e0 (M5S): &#8220;Un traguardo che ha dato impulso al territorio. Investiamo ancora nel turismo sostenibile&#8221;<\/h3>\n<audio class=\"wp-audio-shortcode\" id=\"audio-89739-10\" preload=\"none\" style=\"width: 100%;\" controls=\"controls\"><source type=\"audio\/mpeg\" src=\"http:\/\/www.radiopiu.net\/wordpress\/wp-content\/uploads\/2019\/06\/inca-4.mp3?_=10\" \/><a href=\"http:\/\/www.radiopiu.net\/wordpress\/wp-content\/uploads\/2019\/06\/inca-4.mp3\">http:\/\/www.radiopiu.net\/wordpress\/wp-content\/uploads\/2019\/06\/inca-4.mp3<\/a><\/audio>\n<p><strong><a class=\"dt-pswp-item\" href=\"http:\/\/www.radiopiu.net\/wordpress\/wp-content\/uploads\/2015\/07\/600px-lo-sfalcio-fonte-pagina-facebook-dolomites-unesco-labfest-.jpg\" data-dt-img-description=\"\" data-large_image_width=\"600\" data-large_image_height=\"450\"><img loading=\"lazy\" decoding=\"async\" class=\" wp-image-7897 alignleft\" src=\"http:\/\/www.radiopiu.net\/wordpress\/wp-content\/uploads\/2015\/07\/600px-lo-sfalcio-fonte-pagina-facebook-dolomites-unesco-labfest--300x225.jpg\" alt=\"\" width=\"235\" height=\"176\" \/><\/a>ROMA<\/strong> &#8220;Dieci anni di Dolomiti nel Patrimonio Unesco rappresentano una scelta vincente, che ha dato lustro al territorio e ha restituito, allo stesso tempo, un&#8217;immagine molto positiva all&#8217;intera comunit\u00e0&#8221;. \u00c8 l&#8217;opinione di Federico D&#8217;Inc\u00e0, deputato bellunese del Movimento 5 Stelle in merito alla ricorrenza dei dieci anni delle Dolomiti nella lista del Patrimonio Mondiale dell&#8217;Unesco. &#8220;Essere nel rating dei siti Unesco, significa avere un&#8217;affermazione nel settore turistico e in quello culturale &#8211; prosegue il deputato del Movimento 5 Stelle, che aggiunge -: nei prossimi dieci anni ci auguriamo di dare un impatto forte e positivo per continuare a collegare la rete del patrimonio Unesco italiano con quella del mondo. L&#8217;Italia, lo ricordiamo, vanta 54 siti e guida la graduatoria mondiale seguita dalla Cina che ne ha 53&#8221;. Secondo D&#8217;Inc\u00e0 &#8220;le Dolomiti non hanno un confine, ma sono un grande ecosistema che va salvaguardato. Devono essere una fonte di turismo sostenibile e culturale per un territorio in cui si possa vivere serenamente, con un forte impulso economico e imprenditoriale. Anche per questo, bisogna insistere sul marketing territoriale affinch\u00e9 si possa preservare la vita delle persone&#8221;. Il messaggio, quindi, \u00e8 chiaro: \u201cRispettiamo il luogo meraviglioso in cui viviamo, preserviamo le Dolomiti per le future generazioni continuando a vivere in montagna \u2013 conclude il deputato bellunese \u2013\u201d.<\/p>\n<p>&nbsp;<\/p>\n<p>&nbsp;<\/p>\n<p>&nbsp;<\/p>\n<p>&nbsp;<\/p>\n<h2>TUTELA DELL&#8217;AMBIENTE PER LO SVILUPPO PRODUTTIVO ED ECONOMICO DEL VENETO<\/h2>\n<p><strong><a class=\"dt-pswp-item\" href=\"http:\/\/www.radiopiu.net\/wordpress\/wp-content\/uploads\/2019\/06\/Andrea-Meneghel-2.jpg\" data-dt-img-description=\"\" data-large_image_width=\"1000\" data-large_image_height=\"564\"><img loading=\"lazy\" decoding=\"async\" class=\" wp-image-89788 alignleft\" src=\"http:\/\/www.radiopiu.net\/wordpress\/wp-content\/uploads\/2019\/06\/Andrea-Meneghel-2-300x169.jpg\" alt=\"\" width=\"233\" height=\"131\" srcset=\"https:\/\/www.radiopiu.net\/wordpress\/wp-content\/uploads\/2019\/06\/Andrea-Meneghel-2-300x169.jpg 300w, https:\/\/www.radiopiu.net\/wordpress\/wp-content\/uploads\/2019\/06\/Andrea-Meneghel-2-768x433.jpg 768w, https:\/\/www.radiopiu.net\/wordpress\/wp-content\/uploads\/2019\/06\/Andrea-Meneghel-2.jpg 1000w\" sizes=\"auto, (max-width: 233px) 100vw, 233px\" \/><\/a>BELLUNO <\/strong>Di ambiente, opportunit\u00e0 e lavoro si discuter\u00e0 venerd\u00ec 28 giugno dalle 9.30 nella locanda Nogherazza a Castion (Belluno), nell\u2019ambito del convegno \u201cTutela dell&#8217;ambiente per lo sviluppo produttivo ed economico del Veneto\u201d, organizzato dalla Fai Cisl Belluno Treviso e del Veneto. Le problematiche ambientali s\u2019intersecano con le prospettive di sviluppo del Veneto. Per questo, tutti gli investimenti per la tutela dell\u2019ambiente possono configurarsi come grandi opportunit\u00e0.\u00a0 Il soddisfacimento di bisogni individuali e collettivi riconducibili alla tutela della salute e del patrimonio ambientale \u00e8 una sfida importante e potrebbe rappresentare l\u2019obiettivo di un programma di ricostruzione volto a innalzare la qualit\u00e0 della vita nella nostra regione, utilizzando in modo pi\u00f9 razionale il territorio per salvaguardare i beni naturalistici e culturali.<\/p>\n<p><strong>AI MICROFONI DI RADIO PIU ANDREA MENEGHEL SEGRETARIO GENERALE FAI-CISL BELLUNO_TREVISO<\/strong><\/p>\n<audio class=\"wp-audio-shortcode\" id=\"audio-89739-11\" preload=\"none\" style=\"width: 100%;\" controls=\"controls\"><source type=\"audio\/mpeg\" src=\"http:\/\/www.radiopiu.net\/wordpress\/wp-content\/uploads\/2019\/06\/MENEGHE.mp3?_=11\" \/><a href=\"http:\/\/www.radiopiu.net\/wordpress\/wp-content\/uploads\/2019\/06\/MENEGHE.mp3\">http:\/\/www.radiopiu.net\/wordpress\/wp-content\/uploads\/2019\/06\/MENEGHE.mp3<\/a><\/audio>\n<p><strong>AL TAVOLO DEI LAVORI<\/strong><\/p>\n<blockquote><p><a class=\"dt-pswp-item\" href=\"http:\/\/www.radiopiu.net\/wordpress\/wp-content\/uploads\/2018\/12\/CISL.png\" data-dt-img-description=\"\" data-large_image_width=\"292\" data-large_image_height=\"116\"><img loading=\"lazy\" decoding=\"async\" class=\" wp-image-70350 alignleft\" src=\"http:\/\/www.radiopiu.net\/wordpress\/wp-content\/uploads\/2018\/12\/CISL.png\" alt=\"\" width=\"161\" height=\"64\" \/><\/a>Introduzione di Ludovico Ferro Responsabile comunicazione formazionee ricerca FAI CISL Veneto,\u00a0 TAVOLA ROTONDA: Gianluca Forcolin Vicepresidente e Assessore al Bilancio Regione Veneto Alberto Negro Direttore Veneto Agricoltura Giuseppe Romano Presidente Unione Veneta Bonifche Ennio Vigne Presidente Uncem Veneto Rudy Roffar\u00e8 Segretario generale aggiunto CISL Belluno Treviso Conclusioni: Onofrio Rota &#8211; Segretario Generale Fai Cisl nazionale<\/p><\/blockquote>\n<p>&nbsp;<\/p>\n<p>&nbsp;<\/p>\n<p>&nbsp;<\/p>\n<h2>\u201cNuova Patrimoniale in agguato?\u201d<\/h2>\n<p><strong>BOLZANO<\/strong> Intervenendo all\u2019Assemblea dell\u2019Associazione propriet\u00e0 edilizia \u2013 Confedilizia di Bolzano il vice-presidente di Confedilizia Michele Vigne\u00a0 ha dichiarato<\/p>\n<blockquote><p>Sono gi\u00e0 una quindicina le tasse patrimoniali in Italia e non ce n\u2019\u00e8 bisogno di altre per mettere in sicurezza i conti pubblici. Nel 2017 fra Imu, Tasi e Imposta di bollo abbiamo versato al fisco 45,7 miliardi di euro rispetto al 1990 il gettito riconducibile alle imposte di possesso su beni immobiliari e sugli investimenti finanziari in termini nominali \u00e8 aumentato del 400 per cento mentre la l\u2019inflazione \u00e8 cresciuta del 92 per cento. Quasi la met\u00e0 del gettito complessivo delle patrimoniali gi\u00e0 esistenti (21,8 miliardi) \u00e8 riconducibile all\u2019imposizione dell\u2019Imu\/tasi sulle seconde &#8211; terze case, sui capannoni sui negozi e sulle botteghe artigiane. Abbiamo gi\u00e0 sperimentato a suo tempo la patrimoniale ben 2 volte: la prima nel 1992 quando Giuliano Amato si ritrov\u00f2 al Governo di salute pubblica e decret\u00f2 il prelievo forzoso dei conti correnti, una seconda volta quando l\u2019Europa ci impose il governo tecnico al posto di quello politico e il prof. Mario Monti impose una tassa sulla casa che non solo prosciug\u00f2 i conti correnti di molti, ma fece anche crollare il mercato immobiliare e nello specifico quello dell\u2019edilizia. Se la crisi economica fosse tale da richiedere una manovra correttiva la soluzione non dovrebbe comportare un aumento delle tasse, ma una riduzione della spesa corrente attuando quanto Confedilizia da tempo sostiene come la riduzione della pressione fiscale sul comparto immobiliare, l\u2019estensione della cedolare secca a tutti i contratti di locazione, la liberalizzazione delle locazioni commerciali, la stabilizzazione degli incentivi per gli interventi di manutenzione riqualificazione efficientamento energetico e miglioramento sismico del patrimonio edilizia.<\/p><\/blockquote>\n<p>&nbsp;<\/p>\n<p>&nbsp;<\/p>\n<blockquote>\n<h4>UNIONE MONTANA, VENERDI IL CONSIGLIO E I GIOCHI SONO APERTI. CHI GUIDERA&#8217; LA SQUADRA DI PALAZZO BIANCO DOPO LE ELEZIONI DI MAGGIO? QUALE IL FUTURO DELLA PISCINA COMPRENSORIALE DOPO I 5 ANNI DELLA GESTIONE ONDABLU?<\/h4>\n<\/blockquote>\n<p>&nbsp;<\/p>\n<p>&nbsp;<\/p>\n<h3>ALLEGHESI IN UNIONE MONTANA<\/h3>\n<p><strong>ALLEGHE<\/strong> Il sindaco Danilo De Toni ha convocato il consiglio comunale per questa sera alle 21. Unico punto all&#8217;ordine del giorno l&#8217;elezione dei rappresentanti del Comune in seno all&#8217;Unione Montana Agordina che si riunir\u00e0 domani sera.<\/p>\n<p>&nbsp;<\/p>\n<p>&nbsp;<\/p>\n<h3>CONSIGLIO COMUNALE A CENCENIGHE<\/h3>\n<p><strong>CENCENIGHE<\/strong> Il sindaco di Cencenighe Mauro Soppelsa ha convocato il consiglio comunale per domani alle 18.30, in discussione tre variazioni al bilancio e l&#8217;approvazione del bilancio di esercizio 2018 di Asca.<\/p>\n<p>&nbsp;<\/p>\n<p>&nbsp;<\/p>\n<p>&nbsp;<\/p>\n<h3>BANDO DI CONCORSO PUBBLICO, PER ESAMI<\/h3>\n<p><strong><a class=\"dt-pswp-item\" href=\"http:\/\/www.radiopiu.net\/wordpress\/wp-content\/uploads\/2016\/11\/bandi-e-concorsi.jpg\" data-dt-img-description=\"\" data-large_image_width=\"285\" data-large_image_height=\"270\"><img loading=\"lazy\" decoding=\"async\" class=\"wp-image-25479 alignleft\" src=\"http:\/\/www.radiopiu.net\/wordpress\/wp-content\/uploads\/2016\/11\/bandi-e-concorsi.jpg\" alt=\"\" width=\"147\" height=\"139\" \/><\/a>VOLTAGO<\/strong> E&#8217; \u00a0indetta procedura concorsuale pubblica per soli esami per la copertura, con contratto di lavoro a tempo pieno e indeterminato, di un posto di Istruttore Amministrativo di categoria C1, a tempo pieno e indeterminato, presso l&#8217;Area Amministrativa del Comune di Voltago Agordino, a tempo pieno (prestazione lavorativa pari a 36 ore settimanali). Per ogni chiarimento od informazione, i concorrenti potranno rivolgersi all&#8217;Ufficio Anagrafe del Comune di Voltago Agordino (tel. 0437\/669132) posta elettronica: voltago@agordino.bl.it<\/p>\n<p>&nbsp;<\/p>\n<p>&nbsp;<\/p>\n<p>&nbsp;<\/p>\n<h2>LE MUSE, SU IL SIPARIO DOMANI DA SAN TOMASO<\/h2>\n<p><span style=\"color: #ff0000;\"><strong><a class=\"dt-pswp-item\" href=\"http:\/\/www.radiopiu.net\/wordpress\/wp-content\/uploads\/2019\/06\/F.02.07._038s.jpg\" data-dt-img-description=\"\" data-large_image_width=\"2953\" data-large_image_height=\"1969\"><img loading=\"lazy\" decoding=\"async\" class=\"wp-image-89778 alignleft\" src=\"http:\/\/www.radiopiu.net\/wordpress\/wp-content\/uploads\/2019\/06\/F.02.07._038s-300x200.jpg\" alt=\"\" width=\"209\" height=\"139\" srcset=\"https:\/\/www.radiopiu.net\/wordpress\/wp-content\/uploads\/2019\/06\/F.02.07._038s-300x200.jpg 300w, https:\/\/www.radiopiu.net\/wordpress\/wp-content\/uploads\/2019\/06\/F.02.07._038s-768x512.jpg 768w, https:\/\/www.radiopiu.net\/wordpress\/wp-content\/uploads\/2019\/06\/F.02.07._038s-1024x683.jpg 1024w\" sizes=\"auto, (max-width: 209px) 100vw, 209px\" \/><\/a><\/strong><\/span><\/p>\n<p>&nbsp;<\/p>\n<p>&nbsp;<\/p>\n<p><span style=\"color: #ff0000;\"><strong>LA PRESENTAZIONE DELLA PRIMA SERATA, ODA\u00a0 ZOE HOCHSCHEID\u00a0<\/strong><\/span><\/p>\n<audio class=\"wp-audio-shortcode\" id=\"audio-89739-12\" preload=\"none\" style=\"width: 100%;\" controls=\"controls\"><source type=\"audio\/mpeg\" src=\"http:\/\/www.radiopiu.net\/wordpress\/wp-content\/uploads\/2019\/06\/ODA.mp3?_=12\" \/><a href=\"http:\/\/www.radiopiu.net\/wordpress\/wp-content\/uploads\/2019\/06\/ODA.mp3\">http:\/\/www.radiopiu.net\/wordpress\/wp-content\/uploads\/2019\/06\/ODA.mp3<\/a><\/audio>\n<p>&nbsp;<\/p>\n<p>&nbsp;<\/p>\n<p>&nbsp;<\/p>\n<p>&nbsp;<\/p>\n<p>&nbsp;<\/p>\n<h2>SEMPRE AVANTI&#8230;IL MESSAGGIO DEL CAI, SEZIONE AGORDINA<\/h2>\n<p>DALLA RASSEGNA STAMPA CLAUDIA CATTADORI<\/p>\n<audio class=\"wp-audio-shortcode\" id=\"audio-89739-13\" preload=\"none\" style=\"width: 100%;\" controls=\"controls\"><source type=\"audio\/mpeg\" src=\"http:\/\/www.radiopiu.net\/wordpress\/wp-content\/uploads\/2019\/06\/CLAUDIA-CAI.mp3?_=13\" \/><a href=\"http:\/\/www.radiopiu.net\/wordpress\/wp-content\/uploads\/2019\/06\/CLAUDIA-CAI.mp3\">http:\/\/www.radiopiu.net\/wordpress\/wp-content\/uploads\/2019\/06\/CLAUDIA-CAI.mp3<\/a><\/audio>\n<p>&nbsp;<\/p>\n<p><strong><a class=\"dt-pswp-item\" href=\"http:\/\/www.radiopiu.net\/wordpress\/wp-content\/uploads\/2015\/07\/sentieri_cai.jpg\" data-dt-img-description=\"\" data-large_image_width=\"450\" data-large_image_height=\"337\"><img loading=\"lazy\" decoding=\"async\" class=\" wp-image-7543 alignleft\" src=\"http:\/\/www.radiopiu.net\/wordpress\/wp-content\/uploads\/2015\/07\/sentieri_cai-300x225.jpg\" alt=\"\" width=\"197\" height=\"148\" \/><\/a>AGORDO<\/strong> Finalmente il tempo sembra aver messo giudizio e ci regala un po&#8217; di caldo\u00a0 e belle giornate che ci invogliano a trovare refrigerio salendo in quota e calpestare magari ancora un po&#8217; di neve. Purtroppo nonostante gli sforzi, ancora numerosi sentieri risultano impraticabili a causa di frane, smottamenti e migliaia di metri cubi di legname schiantato a causa degli eventi di fine ottobre. Il lavoro fatto \u00e8 veramente tanto, basti pensare che con un veloce calcolo fatto dalla Presidente Magro, le ore lavorate finora, superano quota 1500 solo per quanto riguarda le squadre organizzate dalla Sezione (formate anche da numerosi soci provenienti da tutto il Veneto), \u00a0senza contare tutti gli altri gruppi locali (Amici della montagna, Gruppo ambiente, Sezioni Cacciatori, Proloco, ecc) che hanno operato in autonomia e ai quali va il nostro pi\u00f9 sentito ringraziamento.\u00a0 Ovviamente ringraziamo ancora una volta gli oltre 260 soci e non soci che \u00a0sudando e riempendosi si segatura nelle giornate del sentiero, quasi sempre accompagnate dalla fredda pioggia di maggio, hanno reso possibile la riapertura di numerosi tracciati. E se c&#8217;\u00e8 chi lavora, c&#8217;\u00e8 anche chi non si dimentica della montagna ferita e della nostra Sezione e continua a raccogliere fondi per la ricostruzione. In questa occasione ringraziamo la Sezione AVIS di Montebelluna per la donazione in contanti pi\u00f9 una tanica di benzina ed una di olio da parte di un loro socio e ADA Associazione Danza Agordina che ha donato parte del denaro raccolto durante la serata del\u00a0saggio finale di fine maggio.<\/p>\n<p>&nbsp;<\/p>\n<blockquote><p>&nbsp;<\/p><\/blockquote>\n<h2>A 150 anni dalla prima ascesa, una nuova via sulla Grande di Lavaredo, la Grohmann \u2013 Hainz<\/h2>\n<blockquote><p><em>Realizzata da Christoph Hainz in collaborazione con la sezione Cai di Auronzo<\/em><\/p><\/blockquote>\n<p><strong><a class=\"dt-pswp-item\" href=\"http:\/\/www.radiopiu.net\/wordpress\/wp-content\/uploads\/2019\/06\/christoph-hainz-via-grohmann-hainz-giugno-2019-2.jpg\" data-dt-img-description=\"\" data-large_image_width=\"1500\" data-large_image_height=\"1125\"><img loading=\"lazy\" decoding=\"async\" class=\" wp-image-89765 alignleft\" src=\"http:\/\/www.radiopiu.net\/wordpress\/wp-content\/uploads\/2019\/06\/christoph-hainz-via-grohmann-hainz-giugno-2019-2-300x225.jpg\" alt=\"\" width=\"220\" height=\"165\" srcset=\"https:\/\/www.radiopiu.net\/wordpress\/wp-content\/uploads\/2019\/06\/christoph-hainz-via-grohmann-hainz-giugno-2019-2-300x225.jpg 300w, https:\/\/www.radiopiu.net\/wordpress\/wp-content\/uploads\/2019\/06\/christoph-hainz-via-grohmann-hainz-giugno-2019-2-768x576.jpg 768w, https:\/\/www.radiopiu.net\/wordpress\/wp-content\/uploads\/2019\/06\/christoph-hainz-via-grohmann-hainz-giugno-2019-2-1024x768.jpg 1024w, https:\/\/www.radiopiu.net\/wordpress\/wp-content\/uploads\/2019\/06\/christoph-hainz-via-grohmann-hainz-giugno-2019-2.jpg 1500w\" sizes=\"auto, (max-width: 220px) 100vw, 220px\" \/><\/a>AURONZO<\/strong> 150 anni fa, era il 21 agosto del 1869, l&#8217;alpinista viennese Paul Grohmann (1838 \u2013 1908) comp\u00ec la prima ascensione per la via normale, sulla parete sud, alla Cima Grande di Lavaredo. A distanza di un secolo e mezzo dall&#8217;impresa di Grohmann, uomo che riveste un&#8217;importanza notevolissima per quanto riguarda la storia dell&#8217;alpinismo sulle Dolomiti, un&#8217;altra via \u00e8 stata aperta sulla Cima Grande. Il merito \u00e8 di Christoph Hainz, alpinista altoatesino che sulle Dolomiti, e in particolare sulle Tre Cime, ha realizzato cose di valore notevolissimo, aprendo quattro nuove vie: Das Phantom der Zinne sulla Cima Grande, Alpenliebe e Presskn\u00f6dl sulla Cima Ovest, \u00d6tzi trifft Yeti sulla Cima Piccola. Ora si aggiunge una quinta via, una via che vuole celebrare i 150 anni dall&#8217;ascesa di Grohmann e che si snoda sulla Grande, parete sud. Il nome che le \u00e8 stato dato \u00e8 &#8220;Grohmann &#8211; Hainz&#8221;.La nuova via Grohmann \u2013 Hainz e la figura di Paul Grohmann saranno illustrate e celebrate nel corso dell&#8217;estate, alle Tre Cime e ad Auronzo, in particolare nella giornata del 21 agosto prossimo. Il programma dettagliato delle iniziative sar\u00e0 disponibile a breve sul sito www.caiauronzo.it. Ai 150 dall&#8217;ascesa di Paul Grohmann sulla Grande sar\u00e0\u00a0 dedicata anche la Camignada poi si\u00e8 refuge, storica gara di corsa in montagna proposta dalla sezione Cai di Auronzo la prima domenica di agosto.<\/p>\n<blockquote><p><em><a class=\"dt-pswp-item\" href=\"http:\/\/www.radiopiu.net\/wordpress\/wp-content\/uploads\/2019\/06\/via-grohmann-hainz-TRE-CIME-DI-LAVAREDO.jpg\" data-dt-img-description=\"\" data-large_image_width=\"1052\" data-large_image_height=\"1500\"><img loading=\"lazy\" decoding=\"async\" class=\" wp-image-89763 alignleft\" src=\"http:\/\/www.radiopiu.net\/wordpress\/wp-content\/uploads\/2019\/06\/via-grohmann-hainz-TRE-CIME-DI-LAVAREDO-210x300.jpg\" alt=\"\" width=\"169\" height=\"241\" srcset=\"https:\/\/www.radiopiu.net\/wordpress\/wp-content\/uploads\/2019\/06\/via-grohmann-hainz-TRE-CIME-DI-LAVAREDO-210x300.jpg 210w, https:\/\/www.radiopiu.net\/wordpress\/wp-content\/uploads\/2019\/06\/via-grohmann-hainz-TRE-CIME-DI-LAVAREDO-768x1095.jpg 768w, https:\/\/www.radiopiu.net\/wordpress\/wp-content\/uploads\/2019\/06\/via-grohmann-hainz-TRE-CIME-DI-LAVAREDO-718x1024.jpg 718w, https:\/\/www.radiopiu.net\/wordpress\/wp-content\/uploads\/2019\/06\/via-grohmann-hainz-TRE-CIME-DI-LAVAREDO.jpg 1052w\" sizes=\"auto, (max-width: 169px) 100vw, 169px\" \/><\/a>\u00abSono spesso sulle Tre Cime e da tempo pensavo di fare qualcosa di nuovo sulla Grande, una via che fosse bella, facile, una sorta di seconda normale che ricordasse quanto fatto da Grohmann, salendo dal punto pi\u00f9 basso alla vetta\u00bb dice Christoh Hainz. \u00abL&#8217;idea ora \u00e8 divenuta realt\u00e0 grazie alla sezione Cai di Auronzo di Cadore che ha sposato il mio progetto e ne ha supportato la realizzazione. Ora, che un alpinista di eccellenza come Christoph Hainz abbia avuto l&#8217;idea di una via, con passaggi di terzo, quarto e qualcuno di quinto, che richiamasse Gromhann, ci pareva la cosa migliore per celebrare i 150 anni dalla prima ascesa alla Grande. Lo abbiamo sostenuto e, insieme, abbiamo deciso di chiamare la via Grohmann \u2013 Hainz, un abbinamento che valorizza l&#8217;alpinismo delle origini e quello contemporaneo e che valorizza al contempo due protagonisti delle scalate sulle Dolomiti, ognuno interprete a modo suo della passione per la montagna\u00bb.<\/em><\/p><\/blockquote>\n<p>&nbsp;<\/p>\n<p>&nbsp;<\/p>\n<h3>\u00a01 LUGLIO SERATA IN MEMORIA di TOM BALLARD \u2013\u00a0alpinista<\/h3>\n<p><strong><a class=\"dt-pswp-item\" href=\"http:\/\/www.radiopiu.net\/wordpress\/wp-content\/uploads\/2019\/06\/Tom-Ballard-1-07.jpeg\" data-dt-img-description=\"\" data-large_image_width=\"596\" data-large_image_height=\"843\"><img loading=\"lazy\" decoding=\"async\" class=\"size-medium wp-image-89762 alignleft\" src=\"http:\/\/www.radiopiu.net\/wordpress\/wp-content\/uploads\/2019\/06\/Tom-Ballard-1-07-212x300.jpeg\" alt=\"\" width=\"212\" height=\"300\" srcset=\"https:\/\/www.radiopiu.net\/wordpress\/wp-content\/uploads\/2019\/06\/Tom-Ballard-1-07-212x300.jpeg 212w, https:\/\/www.radiopiu.net\/wordpress\/wp-content\/uploads\/2019\/06\/Tom-Ballard-1-07.jpeg 596w\" sizes=\"auto, (max-width: 212px) 100vw, 212px\" \/><\/a>POZZA DI FASSA<\/strong> Luned\u00ec 1 luglio 2019, alle\u00a0 21 presso la sala Consiliare, del Comune di Sen Jan\/Pozza di Fassa, si terr\u00e0 la serata evento con proiezione esclusiva del film documentario TOM, in memoria dell\u2019alpinista scozzese Tom Ballard, deceduto il 25 febbraio scorso mentre tentava l\u2019ascensione dello Sperone Mummery al Nanga Parbat, in Pakistan. Tom Ballard ha vissuto diversi anni in Val di Fassa, lasciando evidenti tracce della sua grande capacit\u00e0 ed attivit\u00e0 alpinistica. Figlio di Alison Hargreaves, prima donna a scalare l\u2019Everest senza ossigeno, poi scomparsa scendendo dal K2, era considerato uno dei grandi talenti dell\u2019alpinismo mondiale. Forza e capacit\u00e0 alpinistiche che aveva espresso realizzando in pochi mesi la salita delle sei pareti nord pi\u00f9 impegnative delle Alpi. Una vita avventurosa quella di Tom, come era desiderio congiunto della madre e del padre Jim, che verr\u00e0 ripercorsa attraverso la proiezione, del film TOM, realizzato nel 2015 dal regista spagnolo Angel Esteban ed Elena Goatelli.\u00a0 In quarantacinque minuti di riprese si racconta la vita dell\u2019alpinista scomparso sul Nanga Parbat. Un documento unico, che ora con la morte di Tom Ballard, acquista ancora pi\u00f9 valore. Il film \u00e8 in lingua inglese con sottotitoli in italiano, ha partecipato ai maggiori film festival della montagna mondiali dove \u00e8 stato sempre premiato tra le migliori opere in concorso. Tom Ballard considerava la Val di Fassa, la sua casa, non solo alpinisticamente parlando ma anche per il legame personale che aveva con Stefania Pederiva, sua compagna di vita e roccia.<\/p>\n<p>&nbsp;<\/p>\n<p>&nbsp;<\/p>\n<p>&nbsp;<\/p>\n<p>&nbsp;<\/p>\n<p>&nbsp;<\/p>\n<h2>GRAGLIA, DA LOS ANGELS A LA VALLE AGORDINA<\/h2>\n<p><a class=\"dt-pswp-item\" href=\"http:\/\/www.radiopiu.net\/wordpress\/wp-content\/uploads\/2019\/06\/WhatsApp-Image-2019-06-26-at-09.31.10.jpeg\" data-dt-img-description=\"\" data-large_image_width=\"1600\" data-large_image_height=\"1200\"><img loading=\"lazy\" decoding=\"async\" class=\"alignnone wp-image-89805\" src=\"http:\/\/www.radiopiu.net\/wordpress\/wp-content\/uploads\/2019\/06\/WhatsApp-Image-2019-06-26-at-09.31.10-300x225.jpeg\" alt=\"\" width=\"237\" height=\"178\" srcset=\"https:\/\/www.radiopiu.net\/wordpress\/wp-content\/uploads\/2019\/06\/WhatsApp-Image-2019-06-26-at-09.31.10-300x225.jpeg 300w, https:\/\/www.radiopiu.net\/wordpress\/wp-content\/uploads\/2019\/06\/WhatsApp-Image-2019-06-26-at-09.31.10-768x576.jpeg 768w, https:\/\/www.radiopiu.net\/wordpress\/wp-content\/uploads\/2019\/06\/WhatsApp-Image-2019-06-26-at-09.31.10-1024x768.jpeg 1024w, https:\/\/www.radiopiu.net\/wordpress\/wp-content\/uploads\/2019\/06\/WhatsApp-Image-2019-06-26-at-09.31.10.jpeg 1600w\" sizes=\"auto, (max-width: 237px) 100vw, 237px\" \/><\/a><a class=\"dt-pswp-item\" href=\"http:\/\/www.radiopiu.net\/wordpress\/wp-content\/uploads\/2019\/06\/WhatsApp-Image-2019-06-26-at-09.31.22.jpeg\" data-dt-img-description=\"\" data-large_image_width=\"1600\" data-large_image_height=\"1200\"><img loading=\"lazy\" decoding=\"async\" class=\"alignnone wp-image-89806\" src=\"http:\/\/www.radiopiu.net\/wordpress\/wp-content\/uploads\/2019\/06\/WhatsApp-Image-2019-06-26-at-09.31.22-300x225.jpeg\" alt=\"\" width=\"235\" height=\"176\" srcset=\"https:\/\/www.radiopiu.net\/wordpress\/wp-content\/uploads\/2019\/06\/WhatsApp-Image-2019-06-26-at-09.31.22-300x225.jpeg 300w, https:\/\/www.radiopiu.net\/wordpress\/wp-content\/uploads\/2019\/06\/WhatsApp-Image-2019-06-26-at-09.31.22-768x576.jpeg 768w, https:\/\/www.radiopiu.net\/wordpress\/wp-content\/uploads\/2019\/06\/WhatsApp-Image-2019-06-26-at-09.31.22-1024x768.jpeg 1024w, https:\/\/www.radiopiu.net\/wordpress\/wp-content\/uploads\/2019\/06\/WhatsApp-Image-2019-06-26-at-09.31.22.jpeg 1600w\" sizes=\"auto, (max-width: 235px) 100vw, 235px\" \/><\/a><\/p>\n<p><strong>LA VALLE<\/strong> L&#8217;altra sera\u00a0 \u00e8 arrivato in Agordino da Los Angeles, accompagnato dal giornalista sportivo Dino Bonelli, Michele Graglia, uno dei pi\u00f9 forti ultramaratoneti del mondo. L\u2019anno scorso vincitore della Badwater gara di 217 km nella valle della morte in California. Michele ha voluto visitare l\u2019Agordino affascinato dai racconti di William Da Roit che ha conosciuto correndo con lui nel deserto del Sahara.\u00a0 Questa sera\u00a0sar\u00e0 protagonista di un\u2019incontro con il pubblico in sala convegni a Cortina dalle 20:30.<\/p>\n<p>&nbsp;<\/p>\n<p>&nbsp;<\/p>\n<h2>GLI SPECIALI DI RADIO PIU<\/h2>\n<h3>CGIA: GIU\u2019 LE TASSE, TAGLIANDO DEDUZIONI E DETRAZIONI FISCALI AI PIU\u2019 ABBIENTI<\/h3>\n<blockquote class=\"wp-embedded-content\" data-secret=\"BJfnuJHQIF\"><p><a href=\"http:\/\/www.radiopiu.net\/wordpress\/cgia-giu-le-tasse-tagliando-deduzioni-e-detrazioni-fiscali-ai-piu-abbienti\/\">CGIA: GIU\u2019 LE TASSE, TAGLIANDO DEDUZIONI E DETRAZIONI FISCALI AI PIU\u2019 ABBIENTI<\/a><\/p><\/blockquote>\n<p><iframe loading=\"lazy\" class=\"wp-embedded-content\" sandbox=\"allow-scripts\" security=\"restricted\" style=\"position: absolute; clip: rect(1px, 1px, 1px, 1px);\" src=\"http:\/\/www.radiopiu.net\/wordpress\/cgia-giu-le-tasse-tagliando-deduzioni-e-detrazioni-fiscali-ai-piu-abbienti\/embed\/#?secret=BJfnuJHQIF\" data-secret=\"BJfnuJHQIF\" width=\"600\" height=\"338\" title=\"&#8220;CGIA: GIU\u2019 LE TASSE, TAGLIANDO DEDUZIONI E DETRAZIONI FISCALI AI PIU\u2019 ABBIENTI&#8221; &#8212; Radio Pi\u00f9\" frameborder=\"0\" marginwidth=\"0\" marginheight=\"0\" scrolling=\"no\"><\/iframe><\/p>\n<p>&nbsp;<\/p>\n<p>&nbsp;<\/p>\n<h3>CONSACRAZIONE QUINDICI ANNI FA PER IL VESCOVO GIUSEPPE ANDRICH DI RENATO BONA<\/h3>\n<blockquote class=\"wp-embedded-content\" data-secret=\"Iwyd9yB4lF\"><p><a href=\"http:\/\/www.radiopiu.net\/wordpress\/consacrazione-quindici-anni-fa-per-il-vescovo-giuseppe-andrich\/\">CONSACRAZIONE QUINDICI ANNI FA PER IL VESCOVO GIUSEPPE ANDRICH di RENATO BONA<\/a><\/p><\/blockquote>\n<p><iframe loading=\"lazy\" class=\"wp-embedded-content\" sandbox=\"allow-scripts\" security=\"restricted\" style=\"position: absolute; clip: rect(1px, 1px, 1px, 1px);\" src=\"http:\/\/www.radiopiu.net\/wordpress\/consacrazione-quindici-anni-fa-per-il-vescovo-giuseppe-andrich\/embed\/#?secret=Iwyd9yB4lF\" data-secret=\"Iwyd9yB4lF\" width=\"600\" height=\"338\" title=\"&#8220;CONSACRAZIONE QUINDICI ANNI FA PER IL VESCOVO GIUSEPPE ANDRICH di RENATO BONA&#8221; &#8212; Radio Pi\u00f9\" frameborder=\"0\" marginwidth=\"0\" marginheight=\"0\" scrolling=\"no\"><\/iframe><\/p>\n<p>&nbsp;<\/p>\n<p>&nbsp;<\/p>\n<h3>\u201cRadici e Ali\u201d: dal 29 giugno al 4 agosto le opere di Renata Zopp\u00e8 al palazzo municipale di Pieve.<\/h3>\n<p><strong><a class=\"dt-pswp-item\" href=\"http:\/\/www.radiopiu.net\/wordpress\/wp-content\/uploads\/2019\/06\/Mostra-Zopp\u00e8.jpg\" data-dt-img-description=\"\" data-large_image_width=\"1418\" data-large_image_height=\"2020\"><img loading=\"lazy\" decoding=\"async\" class=\" wp-image-89767 alignleft\" src=\"http:\/\/www.radiopiu.net\/wordpress\/wp-content\/uploads\/2019\/06\/Mostra-Zopp\u00e8-211x300.jpg\" alt=\"\" width=\"141\" height=\"200\" srcset=\"https:\/\/www.radiopiu.net\/wordpress\/wp-content\/uploads\/2019\/06\/Mostra-Zopp\u00e8-211x300.jpg 211w, https:\/\/www.radiopiu.net\/wordpress\/wp-content\/uploads\/2019\/06\/Mostra-Zopp\u00e8-768x1094.jpg 768w, https:\/\/www.radiopiu.net\/wordpress\/wp-content\/uploads\/2019\/06\/Mostra-Zopp\u00e8-719x1024.jpg 719w, https:\/\/www.radiopiu.net\/wordpress\/wp-content\/uploads\/2019\/06\/Mostra-Zopp\u00e8.jpg 1418w\" sizes=\"auto, (max-width: 141px) 100vw, 141px\" \/><\/a>ALPAGO<\/strong> Si annuncia certamente come uno degli appuntamenti culturali di maggior rilievo di questo 2019 per il Comune di Alpago la mostra antologica di Renata Zopp\u00e8, che sar\u00e0 ospitata per oltre un mese nel palazzo municipale di Pieve. La vernice dell\u2019esposizione, in programma sabato 29 giugno alle ore 16, vedr\u00e0 l\u2019intervento del critico d\u2019arte Lidia Rui, alternato agli intermezzi musicali eseguiti ed interpretati dai Maestri Jessica Da Re e Fabio Reolon. L&#8217;obiettivo della mostra \u00e8 quello di valorizzare l&#8217;opera artistica della pittrice veneta Renata Zopp\u00e8, originaria dell\u2019Alpago, conosciuta ed apprezzata a livello nazionale ed internazionale. \u201cRadici e Ali\u201d \u00e8 il titolo dato all\u2019esposizione, perch\u00e9 la mostra intende coniugare un ritorno alle origini, ai luoghi natii (le radici) ed al tempo stesso un aprirsi in uno spazio indefinito (le ali), intesi non solo sul piano della rappresentazione del mondo visibile, ma anche nel loro farsi proiezione dell\u2019anima. La mostra prevede una prima sezione antologica, con la presenza delle opere pi\u00f9 significative dell\u2019artista, ed una seconda sezione centrata, invece, sulla produzione legata ai temi individuati dai curatori dell\u2019evento, ossia il legame indissolubile con la terra natale (numerosi negli anni i quadri che l\u2019artista ha donato alle istituzioni locali) e la scoperta, sempre rinnovata, di altri luoghi, altri tempi, altri orizzonti fisici e spirituali.<\/p>\n<blockquote><p><em>La mostra sar\u00e0 aperta al pubblico dal 29 giugno al 4 agosto presso i locali, come detto, del Municipio di Pieve. Orari di apertura: dal luned\u00ec al venerd\u00ec 9-12; sabato, domenica e festivi 10-12 e 16.30 &#8211; 18.30.<\/em><\/p><\/blockquote>\n<p>&nbsp;<\/p>\n<p>&nbsp;<\/p>\n<p>&nbsp;<\/p>\n<h3><a class=\"dt-pswp-item\" href=\"http:\/\/www.radiopiu.net\/wordpress\/wp-content\/uploads\/2018\/09\/appuntamenti.jpeg\" data-dt-img-description=\"\" data-large_image_width=\"800\" data-large_image_height=\"100\"><img loading=\"lazy\" decoding=\"async\" class=\"alignnone size-full wp-image-61958\" src=\"http:\/\/www.radiopiu.net\/wordpress\/wp-content\/uploads\/2018\/09\/appuntamenti.jpeg\" alt=\"\" width=\"800\" height=\"100\" srcset=\"https:\/\/www.radiopiu.net\/wordpress\/wp-content\/uploads\/2018\/09\/appuntamenti.jpeg 800w, https:\/\/www.radiopiu.net\/wordpress\/wp-content\/uploads\/2018\/09\/appuntamenti-300x38.jpeg 300w, https:\/\/www.radiopiu.net\/wordpress\/wp-content\/uploads\/2018\/09\/appuntamenti-768x96.jpeg 768w\" sizes=\"auto, (max-width: 800px) 100vw, 800px\" \/><\/a><\/h3>\n<p>&nbsp;<\/p>\n<p>&nbsp;<\/p>\n<h2>FALCADE, I GIOVEDI DELLE BIBLIOTECHE<\/h2>\n<p>DI GIANNI SANTOMASO<\/p>\n<audio class=\"wp-audio-shortcode\" id=\"audio-89739-14\" preload=\"none\" style=\"width: 100%;\" controls=\"controls\"><source type=\"audio\/mpeg\" src=\"http:\/\/www.radiopiu.net\/wordpress\/wp-content\/uploads\/2019\/06\/GIANNI-LIBRI.mp3?_=14\" \/><a href=\"http:\/\/www.radiopiu.net\/wordpress\/wp-content\/uploads\/2019\/06\/GIANNI-LIBRI.mp3\">http:\/\/www.radiopiu.net\/wordpress\/wp-content\/uploads\/2019\/06\/GIANNI-LIBRI.mp3<\/a><\/audio>\n<p><strong><a class=\"dt-pswp-item\" href=\"http:\/\/www.radiopiu.net\/wordpress\/wp-content\/uploads\/2019\/06\/gioved\u00ec-delle-biblioteche_generale-1_page-0001.jpg\" data-dt-img-description=\"\" data-large_image_width=\"1754\" data-large_image_height=\"2481\"><img loading=\"lazy\" decoding=\"async\" class=\" wp-image-89648 alignleft\" src=\"http:\/\/www.radiopiu.net\/wordpress\/wp-content\/uploads\/2019\/06\/gioved\u00ec-delle-biblioteche_generale-1_page-0001-212x300.jpg\" alt=\"\" width=\"125\" height=\"177\" srcset=\"https:\/\/www.radiopiu.net\/wordpress\/wp-content\/uploads\/2019\/06\/gioved\u00ec-delle-biblioteche_generale-1_page-0001-212x300.jpg 212w, https:\/\/www.radiopiu.net\/wordpress\/wp-content\/uploads\/2019\/06\/gioved\u00ec-delle-biblioteche_generale-1_page-0001-768x1086.jpg 768w, https:\/\/www.radiopiu.net\/wordpress\/wp-content\/uploads\/2019\/06\/gioved\u00ec-delle-biblioteche_generale-1_page-0001-724x1024.jpg 724w, https:\/\/www.radiopiu.net\/wordpress\/wp-content\/uploads\/2019\/06\/gioved\u00ec-delle-biblioteche_generale-1_page-0001.jpg 1754w\" sizes=\"auto, (max-width: 125px) 100vw, 125px\" \/><\/a>QUESTA SERA <\/strong>La Compagnia Instabile Don Bosco presenta \u201cFumo negli occhi\u201d Casa della Giovent\u00f9 di Caviola, ore 20.45<\/p>\n<blockquote><p><em>Avere o Essere? La signora Teresa vorrebbe realizzare la riduzione ad unit\u00e0 della nota alternativa&#8230;cos\u00ec lei, facendo finta di avere, finge anche di essere! \u00c8 questo il leit motiv di questa spassosa vicenda ambientata negli anni del boom economico e della contestazione giovanile, agli albori della civilt\u00e0 consumistica che spinge le famiglie a gareggiare tra di loro a chi ha (o sembra avere) di pi\u00f9! Ma fin quando regger\u00e0 questo castello di carte?<\/em><\/p><\/blockquote>\n<p>&nbsp;<\/p>\n<p>&nbsp;<\/p>\n<h3>GEMELLAGGIO SFOGLIANDO IL LIBRO DEI RICORDI<\/h3>\n<p><span style=\"color: #ff0000;\">AUDIO DAL NOTIZIARIO PRINCIPALE, Claudia Cattadori<\/span><\/p>\n<audio class=\"wp-audio-shortcode\" id=\"audio-89739-15\" preload=\"none\" style=\"width: 100%;\" controls=\"controls\"><source type=\"audio\/mpeg\" src=\"http:\/\/www.radiopiu.net\/wordpress\/wp-content\/uploads\/2019\/06\/claudia.mp3?_=15\" \/><a href=\"http:\/\/www.radiopiu.net\/wordpress\/wp-content\/uploads\/2019\/06\/claudia.mp3\">http:\/\/www.radiopiu.net\/wordpress\/wp-content\/uploads\/2019\/06\/claudia.mp3<\/a><\/audio>\n<p>&nbsp;<\/p>\n<p><strong>AGORDO<\/strong> Tra gli eventi legati alla sagra de San Piero, ci sar\u00e0 quest&#8217;anno la presentazione del libro scritto in occasione dei trent&#8217;anni di gemellaggio tra Agordo e Zugliano dal titolo IL FILO DI SETA TRA AGORDO E ZUGLIANO- Storia di emigrazione, lavoro e amicizia. Alla presentazione, a cura di Loris Santomaso, saranno presenti gli autori Arianna Brazzale e Giulio Dalla Ricca del gruppo storico di Zugliano e Patrizio De Ventura del Circolo Culturale Agordino. L&#8217;appuntamento, patrocinato dai comuni di Agordo e di Zugliano e organizzato dal Comitato di Gemellaggio \u00e8 ad Agordo sabato 29 giugno alle ore 17.00 presso la sala della Biblioteca.<\/p>\n<p>&nbsp;<\/p>\n<p>&nbsp;<\/p>\n<p>&nbsp;<\/p>\n<h3>LE CHIAVI DI SAN PIETRO APRONO GLI SCRIGNI BELLUNESI<\/h3>\n<p><strong><a class=\"dt-pswp-item\" href=\"http:\/\/www.radiopiu.net\/wordpress\/wp-content\/uploads\/2019\/06\/Con_le_chiavi_di_S.Pietro1.jpg\" data-dt-img-description=\"\" data-large_image_width=\"1130\" data-large_image_height=\"1595\"><img loading=\"lazy\" decoding=\"async\" class=\" wp-image-89510 alignleft\" src=\"http:\/\/www.radiopiu.net\/wordpress\/wp-content\/uploads\/2019\/06\/Con_le_chiavi_di_S.Pietro1-213x300.jpg\" alt=\"\" width=\"119\" height=\"168\" srcset=\"https:\/\/www.radiopiu.net\/wordpress\/wp-content\/uploads\/2019\/06\/Con_le_chiavi_di_S.Pietro1-213x300.jpg 213w, https:\/\/www.radiopiu.net\/wordpress\/wp-content\/uploads\/2019\/06\/Con_le_chiavi_di_S.Pietro1-768x1084.jpg 768w, https:\/\/www.radiopiu.net\/wordpress\/wp-content\/uploads\/2019\/06\/Con_le_chiavi_di_S.Pietro1-725x1024.jpg 725w, https:\/\/www.radiopiu.net\/wordpress\/wp-content\/uploads\/2019\/06\/Con_le_chiavi_di_S.Pietro1.jpg 1130w\" sizes=\"auto, (max-width: 119px) 100vw, 119px\" \/><\/a>BELLUNO<\/strong> L\u2019associazione Campedel presenta \u201cCon le chiavi di San Pietro\u201d, porte aperte a chiese e palazzi di Belluno, il 29 giugno: Battistero, Chiesa San Pietro, Palazzo Pagani Cesa, Palazzo Doglioni Dal Mas, Monte di Piet\u00e0, Archivio di Stato, Chiesa della Salute, Cammino della Sentinella. Alle 18 nel seminario Gregoriano il restauro della Via Crucis della chiesa di San Pietro alle 20.30 concerto del Conservatorio A. Steffani di Castelfranco. Il ricavato andr\u00e0 alla Vai Crucis di A. Federici nella chiesa di San Pietro.<\/p>\n<blockquote><p><strong>AI MICROFONI DI RADIO PIU&#8217; LA PRESIDENTE DELL&#8217;ASSOCIAZIONE CAMPEDEL, MARTA AZZALINI<\/strong><\/p><\/blockquote>\n<audio class=\"wp-audio-shortcode\" id=\"audio-89739-16\" preload=\"none\" style=\"width: 100%;\" controls=\"controls\"><source type=\"audio\/mpeg\" src=\"http:\/\/www.radiopiu.net\/wordpress\/wp-content\/uploads\/2019\/06\/MARTA.mp3?_=16\" \/><a href=\"http:\/\/www.radiopiu.net\/wordpress\/wp-content\/uploads\/2019\/06\/MARTA.mp3\">http:\/\/www.radiopiu.net\/wordpress\/wp-content\/uploads\/2019\/06\/MARTA.mp3<\/a><\/audio>\n<p>&nbsp;<\/p>\n<p>&nbsp;<\/p>\n<p>&nbsp;<\/p>\n<h3>NEL RICORDO DI CHERUBINO\u00a0 SCENE DI VITA VISSUTA<\/h3>\n<p><strong><a class=\"dt-pswp-item\" href=\"http:\/\/www.radiopiu.net\/wordpress\/wp-content\/uploads\/2019\/06\/62592492_2453742121344639_4010088381613604864_n.jpg\" data-dt-img-description=\"\" data-large_image_width=\"601\" data-large_image_height=\"801\"><img loading=\"lazy\" decoding=\"async\" class=\" wp-image-89524 alignleft\" src=\"http:\/\/www.radiopiu.net\/wordpress\/wp-content\/uploads\/2019\/06\/62592492_2453742121344639_4010088381613604864_n-225x300.jpg\" alt=\"\" width=\"115\" height=\"153\" srcset=\"https:\/\/www.radiopiu.net\/wordpress\/wp-content\/uploads\/2019\/06\/62592492_2453742121344639_4010088381613604864_n-225x300.jpg 225w, https:\/\/www.radiopiu.net\/wordpress\/wp-content\/uploads\/2019\/06\/62592492_2453742121344639_4010088381613604864_n.jpg 601w\" sizes=\"auto, (max-width: 115px) 100vw, 115px\" \/><\/a>AGORDO.<\/strong> &#8220;Tu non sai&#8221; \u00e8 il titolo del libro di Cherubino Miana che verr\u00e0 presentato sabato 29 giugno alle 11 in sala &#8220;don Tamis&#8221; ad Agordo. Si tratta di un volume che raccoglie poesie e racconti di Miana (gi\u00e0 vicesindaco di Voltago dal 2004 al 2009 e presidente dell&#8217;Associazione dei periti minerari), morto nel 2015 dopo una lunga malattia. Il ricavato della vendita sar\u00e0 devoluto all&#8217;associazione Pettirosso Agordino.<\/p>\n<p><strong>L&#8217;INTERVISTA DI RADIO PIU AD ATTILIO PIETROGIOVANNA &#8220;NELLA&#8221;<\/strong><\/p>\n<audio class=\"wp-audio-shortcode\" id=\"audio-89739-17\" preload=\"none\" style=\"width: 100%;\" controls=\"controls\"><source type=\"audio\/mpeg\" src=\"http:\/\/www.radiopiu.net\/wordpress\/wp-content\/uploads\/2019\/06\/ATTILIO-PIETROGIOVANNA.mp3?_=17\" \/><a href=\"http:\/\/www.radiopiu.net\/wordpress\/wp-content\/uploads\/2019\/06\/ATTILIO-PIETROGIOVANNA.mp3\">http:\/\/www.radiopiu.net\/wordpress\/wp-content\/uploads\/2019\/06\/ATTILIO-PIETROGIOVANNA.mp3<\/a><\/audio>\n<h2><\/h2>\n<p>&nbsp;<\/p>\n<p>&nbsp;<\/p>\n<h2>SAN PIERO FINE SETTIMANA DI FESTA CON AD AGORDO PROLOCO<\/h2>\n<p>Celeste Paganin.<\/p>\n<p><strong><a class=\"dt-pswp-item\" href=\"http:\/\/www.radiopiu.net\/wordpress\/wp-content\/uploads\/2019\/06\/21097-festa-agordo.jpg\" data-dt-img-description=\"\" data-large_image_width=\"450\" data-large_image_height=\"299\"><img loading=\"lazy\" decoding=\"async\" class=\"size-medium wp-image-89436 alignleft\" src=\"http:\/\/www.radiopiu.net\/wordpress\/wp-content\/uploads\/2019\/06\/21097-festa-agordo-300x199.jpg\" alt=\"\" width=\"300\" height=\"199\" srcset=\"https:\/\/www.radiopiu.net\/wordpress\/wp-content\/uploads\/2019\/06\/21097-festa-agordo-300x199.jpg 300w, https:\/\/www.radiopiu.net\/wordpress\/wp-content\/uploads\/2019\/06\/21097-festa-agordo.jpg 450w\" sizes=\"auto, (max-width: 300px) 100vw, 300px\" \/><\/a>AGORDO<\/strong> Anche quest&#8217;anno ci siamo! Arriva ad Agordo sul Broi (caratteristico prato al centro della piazza) la Sagra di San Piero organizzata da Ad Agordo Proloco. Il cambiamento pi\u00f9 importante per noi quest&#8217;anno sono le stoviglie biodegradabili con le quali eliminiamo quasi completamente la plastica! Di seguito trovate il programma dei tre giorni della sagra.<br \/>\nVENERD\u00cc 28 giugno si inizia con l&#8217;apertura della cucina a cena con due s\ufb01ziose specialit\u00e0 (frittura di pesce e seppie in umido) e per la serata saremo accompagnati dalla band dei &#8220;VERTICAL SMILE&#8221; SABATO 29 giugno SAN PIERO tutto il giorno mercato e a pranzo e cena il classico men\u00f9 di San Piero; alle ore 11 in sala Don Tamis e alle ore 17 in biblioteca presentazione di due importanti libri (trovi le informazioni in locandina); alle ore 15 sul Broi ci saranno i giochi con i pompieri; alle ore 17 sotto il tendone Jessica Lena e Paolo<br \/>\nFornasier suoneranno e canteranno per noi; accompagna la serata la band &#8220;ROCK SCHOOL &#8221;\u00a0 DOMENICA 30 giugno a pranzo l&#8217;immancabile spiedo e la sera per \ufb01nire in bellezza canederli e toc\u00e0 de boia; la sera si balla con &#8220;CHRISTIAN&amp;COSMO GROUP&#8221;\u00a0 Sul gruppo Facebook Ad Agordo Proloco troverete tutte le informazioni e le novit\u00e0 dell&#8217;anno. Vi aspettiamo!<\/p>\n<p>&nbsp;<\/p>\n<p>&nbsp;<\/p>\n<p>&nbsp;<\/p>\n<h2 align=\"JUSTIFY\"><a class=\"dt-pswp-item\" href=\"http:\/\/www.radiopiu.net\/wordpress\/wp-content\/uploads\/2019\/06\/78583225-8dbb-412d-989e-8a5c544e7aea.jpg\" data-dt-img-description=\"\" data-large_image_width=\"1080\" data-large_image_height=\"1521\"><img loading=\"lazy\" decoding=\"async\" class=\" wp-image-89665 alignleft\" src=\"http:\/\/www.radiopiu.net\/wordpress\/wp-content\/uploads\/2019\/06\/78583225-8dbb-412d-989e-8a5c544e7aea-213x300.jpg\" alt=\"\" width=\"134\" height=\"189\" srcset=\"https:\/\/www.radiopiu.net\/wordpress\/wp-content\/uploads\/2019\/06\/78583225-8dbb-412d-989e-8a5c544e7aea-213x300.jpg 213w, https:\/\/www.radiopiu.net\/wordpress\/wp-content\/uploads\/2019\/06\/78583225-8dbb-412d-989e-8a5c544e7aea-768x1082.jpg 768w, https:\/\/www.radiopiu.net\/wordpress\/wp-content\/uploads\/2019\/06\/78583225-8dbb-412d-989e-8a5c544e7aea-727x1024.jpg 727w, https:\/\/www.radiopiu.net\/wordpress\/wp-content\/uploads\/2019\/06\/78583225-8dbb-412d-989e-8a5c544e7aea.jpg 1080w\" sizes=\"auto, (max-width: 134px) 100vw, 134px\" \/><\/a><\/h2>\n<h2 align=\"JUSTIFY\"><\/h2>\n<h2 align=\"JUSTIFY\"><\/h2>\n<h2 align=\"JUSTIFY\">MOTORI E DISABILITA&#8217;\u00a0 A SCOPO BENEFICO<\/h2>\n<p><strong>di ROBERTO BONA<\/strong><\/p>\n<audio class=\"wp-audio-shortcode\" id=\"audio-89739-18\" preload=\"none\" style=\"width: 100%;\" controls=\"controls\"><source type=\"audio\/mpeg\" src=\"http:\/\/www.radiopiu.net\/wordpress\/wp-content\/uploads\/2019\/06\/bona.mp3?_=18\" \/><a href=\"http:\/\/www.radiopiu.net\/wordpress\/wp-content\/uploads\/2019\/06\/bona.mp3\">http:\/\/www.radiopiu.net\/wordpress\/wp-content\/uploads\/2019\/06\/bona.mp3<\/a><\/audio>\n<h3 align=\"JUSTIFY\"><\/h3>\n<p>&nbsp;<\/p>\n<p>&nbsp;<\/p>\n<h4>INTERCLUB AGORDINO GIACINTO FACCHETTI, TEMPO DI TESSERAMENTO<\/h4>\n<p><span class=\"\" style=\"color: #747474; font-family: Open Sans, sans-serif; font-size: medium;\"><span class=\"\">Dal primo luglio prende il via\u00a0 la campagna tesseramento dell\u2019 Inter Club Agordino Giacinto Facchetti da:\u00a0 <\/span><\/span>\u201cMila Market di Sito Claudio e Bonomi Paola\u201d ad Agordo, \u201cBar Carlin di Carlin Ivan\u201d loc. Toccol ad Agordo, \u201cSport Hotel Cristal Fam. Serafini\u201d a Falcade, \u201cMacelleria Fa\u00e8 Fam. Fa\u00e8\u201d a Cencenighe, \u201cBar Ristorante Larin di Nascimben Alberto &amp; C.\u201d a La Valle Agordina, \u201cBar La Tana delle Birbe di Joanne e Angelo\u201d a Taibon, \u201cFiocco Calzature e Souvenir di Fiocco Raffaela e Monica\u201d a Canale d\u2019Agordo, \u201cBar Bianco di Da Tos Manuel\u201d ad Alleghe, \u201cOttica La Muda di Montagnoli Marco\u201d a Mas di Sedico.<\/p>\n<p>&nbsp;<\/p>\n<p>&nbsp;<\/p>\n<p>&nbsp;<\/p>\n<p>&nbsp;<\/p>\n<p>&nbsp;<\/p>\n<p><a class=\"dt-pswp-item\" href=\"http:\/\/www.radiopiu.net\/wordpress\/wp-content\/uploads\/2018\/09\/viabilita.jpeg\" data-dt-img-description=\"\" data-large_image_width=\"800\" data-large_image_height=\"100\"><img loading=\"lazy\" decoding=\"async\" class=\"alignnone size-full wp-image-61954\" src=\"http:\/\/www.radiopiu.net\/wordpress\/wp-content\/uploads\/2018\/09\/viabilita.jpeg\" alt=\"\" width=\"800\" height=\"100\" srcset=\"https:\/\/www.radiopiu.net\/wordpress\/wp-content\/uploads\/2018\/09\/viabilita.jpeg 800w, https:\/\/www.radiopiu.net\/wordpress\/wp-content\/uploads\/2018\/09\/viabilita-300x38.jpeg 300w, https:\/\/www.radiopiu.net\/wordpress\/wp-content\/uploads\/2018\/09\/viabilita-768x96.jpeg 768w\" sizes=\"auto, (max-width: 800px) 100vw, 800px\" \/><\/a><\/p>\n<p>&nbsp;<\/p>\n<p><strong>GOSALDO<\/strong> dal 24 al 28 giugno, dalle 8 alle 12 e dalle 13 alle 17.30 interdizione totale al traffico in localit\u00e0 Tiser per lavori di scavo posa cavi.<\/p>\n<p><strong>LA VALLE\u00a0 <\/strong>Fino\u00a031 luglio (festivi e prefestivi esclusi) senso unico a seconda delle esigenze con semaforo o movieri lungo la regionale 203 agordina in localit\u00e0 La Muda<\/p>\n<p><strong>REGIONALE 203 AGORDINA<\/strong> Fino al 28 giugno sabato e domenica escluso, senso unico alternato tra Alleghe e Caprile.<\/p>\n<p><strong>PROVINCIALE 563 DI SALESEI<\/strong> Fino al 28 giugno esclusi giorni festivi e prefestivi senso unico alternato tra Caprile e Saviner<\/p>\n<p><strong>PROVINCIALE 8 DI SAN TOMASO<\/strong> Fino\u00a0 al 28 giugno (esclusi festivi e prefestivi) senso unico alternato tra Pian Molin e Roi<\/p>\n<p><strong>PROVINCIALE 563 DI SALESEI <\/strong>Fino al 19 luglio\u00a0 In localit\u00e0 Sopracordevole in Comune di Rocca Pietore senso unico alternato con semaforo o movieri e divieto di transito ai mezzi con massa superiore a 7,5 tonellate.<\/p>\n<p>&nbsp;<\/p>\n<p>&nbsp;<\/p>\n<p><a class=\"dt-pswp-item\" href=\"http:\/\/www.radiopiu.net\/wordpress\/wp-content\/uploads\/2018\/09\/sport.jpg\" data-dt-img-description=\"\" data-large_image_width=\"800\" data-large_image_height=\"100\"><img loading=\"lazy\" decoding=\"async\" class=\"alignnone wp-image-60761 size-full\" src=\"http:\/\/www.radiopiu.net\/wordpress\/wp-content\/uploads\/2018\/09\/sport.jpg\" alt=\"\" width=\"800\" height=\"100\" srcset=\"https:\/\/www.radiopiu.net\/wordpress\/wp-content\/uploads\/2018\/09\/sport.jpg 800w, https:\/\/www.radiopiu.net\/wordpress\/wp-content\/uploads\/2018\/09\/sport-300x38.jpg 300w, https:\/\/www.radiopiu.net\/wordpress\/wp-content\/uploads\/2018\/09\/sport-768x96.jpg 768w\" sizes=\"auto, (max-width: 800px) 100vw, 800px\" \/><\/a><\/p>\n<h3><\/h3>\n<p>&nbsp;<\/p>\n<h3>CAMPIONATO AGORDINO FEMMINILE \u2013 QUINTA GIORNATA<\/h3>\n<p><span style=\"color: #ff0000;\">Marco Gaz<\/span><\/p>\n<p>Si \u00e8 svolta ieri sera la quinta giornata del Campionato Agordino femminile. Nella giornata in cui le campionesse in carica del Le Ville riposavano, l&#8217;Alleghe ha perso a Cernadoi e il Voltago supera di misura il Taibon. Prima vittoria per le\u00a0 orsette fodome che sul sintetico di casa hanno costretto l&#8217;Alleghe all&#8217;inchino gol di Roilo e Denicol\u00f2.\u00a0 Al \u201cRenzo Da Campo\u201d di Voltago le padrone di casa aggiungono altri 3 punti alla classifica restando in solitaria in testa a punteggio pieno.\u00a0 Unica rete delle voltaghesi a firma di Moretti.<\/p>\n<blockquote>\n<h3>I RISULTATI Voltago \u2013 Taibon 1-0 Fodom \u2013 Alleghe 2-0 riposa il Le Ville CLASSIFICA Voltago 12 Taibon 6\u00a0 Alleghe e\u00a0 Le Ville 4 Fodom 3<\/h3>\n<\/blockquote>\n<h3><\/h3>\n<h3><\/h3>\n<h3>La Sportiva Lavaredo Ultra Trail, Auronzo di Cadore tiene a battesimo la UltraDolomites, novit\u00e0 2019.<\/h3>\n<p><strong><a class=\"dt-pswp-item\" href=\"http:\/\/www.radiopiu.net\/wordpress\/wp-content\/uploads\/2019\/06\/b8e2376a-0c4d-4c1d-a21d-733a5d4b305d.jpg\" data-dt-img-description=\"\" data-large_image_width=\"800\" data-large_image_height=\"314\"><img loading=\"lazy\" decoding=\"async\" class=\"size-medium wp-image-89760 alignleft\" src=\"http:\/\/www.radiopiu.net\/wordpress\/wp-content\/uploads\/2019\/06\/b8e2376a-0c4d-4c1d-a21d-733a5d4b305d-300x118.jpg\" alt=\"\" width=\"300\" height=\"118\" srcset=\"https:\/\/www.radiopiu.net\/wordpress\/wp-content\/uploads\/2019\/06\/b8e2376a-0c4d-4c1d-a21d-733a5d4b305d-300x118.jpg 300w, https:\/\/www.radiopiu.net\/wordpress\/wp-content\/uploads\/2019\/06\/b8e2376a-0c4d-4c1d-a21d-733a5d4b305d-768x301.jpg 768w, https:\/\/www.radiopiu.net\/wordpress\/wp-content\/uploads\/2019\/06\/b8e2376a-0c4d-4c1d-a21d-733a5d4b305d.jpg 800w\" sizes=\"auto, (max-width: 300px) 100vw, 300px\" \/><\/a>CORTINA\u00a0<\/strong> Sar\u00e0 Auronzo di Cadore a tenere a battesimo la prima edizione della UltraDolomites, la novit\u00e0 2019 che arricchisce le proposte de La Sportiva Lavaredo Ultra Trail, evento che ha il suo \u201ccuore\u201d a Cortina d&#8217;Ampezzo. UltraDolomites si disputer\u00e0 sabato\u00a0 e si svilupper\u00e0 su un tracciato di 87 chilometri, con 4600 metri di dislivello positivo e 4250 metri di dislivello negativo. La partenza \u00e8 fissata dalla \u201cspiaggia delle Dolomiti\u201d, vale a dire il Lago di Santa Caterina, ad Auronzo, una sorta di ritorno alle origini.\u00a0 Al via, alle prime luci di sabato, ben novecento concorrenti, oltre met\u00e0 dei quali stranieri. Francia, Spagna e Polonia sono le nazioni pi\u00f9 rappresentate ma ci saranno concorrenti che arrivano da lontanissimo, ad esempio dal Canada, dal Brasile e dall&#8217;Argentina, dalla Cina e dal Giappone.<\/p>\n<p>&nbsp;<\/p>\n<p>&nbsp;<\/p>\n<p>&nbsp;<\/p>\n<p>&nbsp;<\/p>\n<p>&nbsp;<\/p>\n<p><a class=\"dt-pswp-item\" href=\"http:\/\/www.radiopiu.net\/wordpress\/wp-content\/uploads\/2018\/09\/WhatsApp-Image-2018-09-20-at-16.04.06.jpeg\" data-dt-img-description=\"\" data-large_image_width=\"800\" data-large_image_height=\"100\"><img loading=\"lazy\" decoding=\"async\" class=\"alignnone wp-image-61378 size-full\" src=\"http:\/\/www.radiopiu.net\/wordpress\/wp-content\/uploads\/2018\/09\/WhatsApp-Image-2018-09-20-at-16.04.06.jpeg\" alt=\"\" width=\"800\" height=\"100\" srcset=\"https:\/\/www.radiopiu.net\/wordpress\/wp-content\/uploads\/2018\/09\/WhatsApp-Image-2018-09-20-at-16.04.06.jpeg 800w, https:\/\/www.radiopiu.net\/wordpress\/wp-content\/uploads\/2018\/09\/WhatsApp-Image-2018-09-20-at-16.04.06-300x38.jpeg 300w, https:\/\/www.radiopiu.net\/wordpress\/wp-content\/uploads\/2018\/09\/WhatsApp-Image-2018-09-20-at-16.04.06-768x96.jpeg 768w\" sizes=\"auto, (max-width: 800px) 100vw, 800px\" \/><\/a><\/p>\n<p><center><b>Giovedi 27<\/b><\/center><b>Tempo atteso: <\/b>Tempo ben soleggiato, con cielo perlopi\u00f9 sereno, con sviluppo contenuto dei cumuli a ridosso dei rilievi, che limiteranno in maniera molto limitata il soleggiamento. Probabile raggiungimento dell&#8217;apice del caldo. Clima ventilato e aria molto asciutta in quota.<br \/>\n<b>Precipitazioni: <\/b>Assenti (0%).<br \/>\n<b>Temperature: <\/b>In ulteriore aumento, con valori anche 10\/12\u00b0C superiori alle medie del periodo, specie in quota. Su Prealpi a 1500 m min 20\u00b0C max 27\u00b0C, a 2000 m min 18\u00b0C max 23\u00b0C. Su Dolomiti a 2000 m min 17\u00b0C max 23\u00b0C, a 3000 m min 9\u00b0C max 14\u00b0C.<br \/>\n<b>Venti: <\/b>Nelle valli deboli\/moderati a regime di brezza; in quota perlopi\u00f9 moderati da Nord, a 10-25 km\/h a 2000 m, 25-40 km\/h a 3000 m.<\/p>\n<hr \/>\n<p><center><b>Venerdi 28<\/b><\/center><b>Tempo atteso: <\/b>Tempo perlopi\u00f9 soleggiato, ma con cumuli ad evoluzione diurna un po&#8217; pi\u00f9 sviluppati dei giorni precedenti, che ridurranno parzialmente il soleggiamento al pomeriggio, ma ancora con rischio molto contenuto di fenomeni di instabilit\u00e0. Temperature sempre di molti gradi superiori alle medie del periodo, anche se in calo rispetto a gioved\u00ec.<br \/>\n<b>Precipitazioni: <\/b>Generalmente assenti, al pi\u00f9 limitate a isolati e brevi piovaschi pomeridiani o serali, o isolati e brevi temporali di calore (10\/30%).<br \/>\n<b>Temperature: <\/b>Minime stazionarie nelle valli, in calo in quota alla sera; massime in calo, pi\u00f9 apprezzabile in quota. Su Prealpi a 1500 m min 20\u00b0C max 25\u00b0C, a 2000 m min 16\u00b0C max 20\u00b0C. Su Dolomiti a 2000 m min 14\u00b0C max 19\u00b0C, a 3000 m min 8\u00b0C max 11\u00b0C.<br \/>\n<b>Venti: <\/b>Nelle valli deboli\/moderati a regime di brezza; in quota moderati\/tesi da Nord, a 15-30 km\/h a 2000 m, 30-40 km\/h a 3000 m.<\/p>\n<hr \/>\n<p><center><b>Sabato 29<\/b><\/center>Tempo perlopi\u00f9 soleggiato, con cielo sereno o poco nuvoloso per modesti cumuli ad evoluzione diurna, senza fenomeni. Clima sempre caldo, con valori ancora superiori alle medie del periodo anche se con massime in ulteriore lieve calo. Venti ancora moderati settentrionali in quota.<\/p>\n<hr \/>\n<p><center><b>Domenica 30<\/b><\/center>Tempo perlopi\u00f9 soleggiato, molto caldo e stabile. Masse d&#8217;aria un po&#8217; pi\u00f9 umida potranno favorire una maggiore nuvolosit\u00e0 cumuliforme diurna, ma sempre senza fenomeni associati. Temperature diurne in nuovo lieve rialzo con aumento della sensazione di afa nelle valli. Venti deboli a tutte le quote. Previsore: G.M.<\/p>\n","protected":false},"excerpt":{"rendered":"<p>La Diocesi di Vittorio Veneto acquista la casa di Papa Luciani grazie alla donazione di un devoto, \u00e8 l&#8217;articolo di apertura del Corriere delle Alpi a firma di Gianni Santomaso. In paese attesi tanti visitatori e con i fondi di confine la Canale del futuro Beato Luciani si rif\u00e0 il look. \u00a0Sta meglio il sessantenne&hellip;<\/p>\n","protected":false},"author":1,"featured_media":89780,"comment_status":"closed","ping_status":"closed","sticky":false,"template":"","format":"standard","meta":{"_monsterinsights_skip_tracking":false,"_monsterinsights_sitenote_active":false,"_monsterinsights_sitenote_note":"","_monsterinsights_sitenote_category":0,"footnotes":""},"categories":[86],"tags":[],"class_list":["post-89739","post","type-post","status-publish","format-standard","has-post-thumbnail","hentry","category-gr","category-86","description-off"],"img_url":"https:\/\/www.radiopiu.net\/wordpress\/wp-content\/uploads\/2019\/06\/logo-2.jpg","_links":{"self":[{"href":"https:\/\/www.radiopiu.net\/wordpress\/wp-json\/wp\/v2\/posts\/89739","targetHints":{"allow":["GET"]}}],"collection":[{"href":"https:\/\/www.radiopiu.net\/wordpress\/wp-json\/wp\/v2\/posts"}],"about":[{"href":"https:\/\/www.radiopiu.net\/wordpress\/wp-json\/wp\/v2\/types\/post"}],"author":[{"embeddable":true,"href":"https:\/\/www.radiopiu.net\/wordpress\/wp-json\/wp\/v2\/users\/1"}],"replies":[{"embeddable":true,"href":"https:\/\/www.radiopiu.net\/wordpress\/wp-json\/wp\/v2\/comments?post=89739"}],"version-history":[{"count":0,"href":"https:\/\/www.radiopiu.net\/wordpress\/wp-json\/wp\/v2\/posts\/89739\/revisions"}],"wp:featuredmedia":[{"embeddable":true,"href":"https:\/\/www.radiopiu.net\/wordpress\/wp-json\/wp\/v2\/media\/89780"}],"wp:attachment":[{"href":"https:\/\/www.radiopiu.net\/wordpress\/wp-json\/wp\/v2\/media?parent=89739"}],"wp:term":[{"taxonomy":"category","embeddable":true,"href":"https:\/\/www.radiopiu.net\/wordpress\/wp-json\/wp\/v2\/categories?post=89739"},{"taxonomy":"post_tag","embeddable":true,"href":"https:\/\/www.radiopiu.net\/wordpress\/wp-json\/wp\/v2\/tags?post=89739"}],"curies":[{"name":"wp","href":"https:\/\/api.w.org\/{rel}","templated":true}]}}