{"id":89774,"date":"2019-06-26T17:56:54","date_gmt":"2019-06-26T15:56:54","guid":{"rendered":"http:\/\/www.radiopiu.net\/wordpress\/?p=89774"},"modified":"2019-06-28T06:18:30","modified_gmt":"2019-06-28T04:18:30","slug":"spartan-race-per-almeno-5000-super-atleti-sabato-e-domenica-ai-piedi-di-sua-maesta-civetta","status":"publish","type":"post","link":"https:\/\/www.radiopiu.net\/wordpress\/spartan-race-per-almeno-5000-super-atleti-sabato-e-domenica-ai-piedi-di-sua-maesta-civetta\/","title":{"rendered":"SPARTAN RACE PER ALMENO 5000 SUPER ATLETI, SABATO E DOMENICA AI PIEDI DI SUA MAESTA&#8217; CIVETTA."},"content":{"rendered":"<h3><\/h3>\n<p><strong>IL SINDACO DANILO DE TONI:<\/strong> <em>\u201cPer noi \u00e8 l\u2019inizio della stagione estiva e l\u2019evento Spartan Race, con il suo format particolare e avvinciente, per Alleghe diventa un prodotto promozionale importantissimo oltre che una bella passerella a livello di immagine. Lo abbiamo gi\u00e0 visto e vissuto l\u2019anno scorso, con un fiume di persone tra partecipanti e pubblico dei curiosi che hanno presenziato. Quest\u2019anno le aspettative sono ancora maggiori e auspico che la nostra localit\u00e0 sappia tenersi stretto questo evento nel tempo\u201d<\/em><\/p>\n<p><a class=\"dt-pswp-item\" href=\"http:\/\/www.radiopiu.net\/wordpress\/wp-content\/uploads\/2019\/06\/conferenza1_IMG_8496.png\" data-dt-img-description=\"\" data-large_image_width=\"750\" data-large_image_height=\"500\"><img loading=\"lazy\" decoding=\"async\" class=\"alignnone wp-image-89772 size-full\" src=\"http:\/\/www.radiopiu.net\/wordpress\/wp-content\/uploads\/2019\/06\/conferenza1_IMG_8496.png\" alt=\"\" width=\"750\" height=\"500\" srcset=\"https:\/\/www.radiopiu.net\/wordpress\/wp-content\/uploads\/2019\/06\/conferenza1_IMG_8496.png 750w, https:\/\/www.radiopiu.net\/wordpress\/wp-content\/uploads\/2019\/06\/conferenza1_IMG_8496-300x200.png 300w\" sizes=\"auto, (max-width: 750px) 100vw, 750px\" \/><\/a><\/p>\n<p><strong>ALLEGHE<\/strong> Angelo Zomegnan con Andrea Dal Farra, Cristian Moretti di Alleghe Funive e Danilo De Toni sindaco del paese, ha presentato ieri ai Piani di Pezz\u00e8 l&#8217;evento agonistico del fine settimana. Migliaia di persone si ritroveranno nel comprensorio del Civetta anche alla luce del successo della prima edizione di un anno fa. Alberghi sold out, tanta gente da tutta Europa e divertimento assicurato per chi partecipa e per chi si prepara a battere le mani e seguire prove entusiasmanti.<\/p>\n<h3>DAI PIANI DI PEZZE&#8217; &#8220;GRANDE BAITA CIVETTA&#8221; LA DIRETTA FACEBOOK DI RADIOPIU<\/h3>\n<div id=\"fb-root\"><\/div>\n<p><script async=\"1\" defer=\"1\" crossorigin=\"anonymous\" src=\"https:\/\/connect.facebook.net\/it_IT\/sdk.js#xfbml=1&amp;version=v6.0\"><\/script><\/p>\n<div class=\"fb-video\" data-href=\"https:\/\/www.facebook.com\/mirko.mezzacasa\/videos\/10220070509939874\/\" data-width=\"1200\">\n<blockquote cite=\"https:\/\/www.facebook.com\/mirko.mezzacasa\/videos\/10220070509939874\/\" class=\"fb-xfbml-parse-ignore\"><p><a href=\"https:\/\/www.facebook.com\/mirko.mezzacasa\/videos\/10220070509939874\/\"><\/a><\/p>\n<p>Presentazione Spartan Race Alleghe Piani Pezz\u00e8 Grande Baita Civetta<\/p>\n<p>Pubblicato da <a href=\"https:\/\/www.facebook.com\/mirko.mezzacasa\">Mirko Mezzacasa<\/a> su Mercoled\u00ec 26 giugno 2019<\/p><\/blockquote>\n<\/div>\n<p>Sabato e domenica i partecipanti saranno impegnati in un\u2019emozionante sfida, contro se stessi prima ancora che con gli altri, che mette a dura prova non solo i muscoli ma anche la resistenza mentale. Nella Spartan Race i partecipanti si rotolano nel fango, scavalcano il fuoco, affrontano percorsi disseminati di ostacoli di ogni genere, si arrampicano sulle corde e trascinano tronchi, spingendosi al limite delle proprie capacit\u00e0, con l\u2019obiettivo di completare nel minor tempo possibile un percorso da veri guerrieri. Un successo globale quello di Spartan Race nato negli USA nel Vermont, dall\u2019idea di un gruppo di ex militari che anno trasformato il loro addestramento in evento per tutti; una realt\u00e0 quella di Spartan Race che oggi tocca oltre 130 localit\u00e0 all\u2019anno in tutto il mondo. La Spartan Race torna ad Alleghe, nel teatro naturale offerto dalle Dolomiti Bellunesi elette dall\u2019Unesco a patrimonio mondiale dell\u2019umanit\u00e0, dopo il successo dell\u2019edizione 2018. Quest\u2019anno si alza l\u2019asticella, l\u2019evento infatti rappresenta la finale del Campionato Europeo e verranno assegnati i titoli individuali e a squadre per la specialit\u00e0 \u201cBeast\u201d. Sono attesi oltre 5000 concorrenti tra cui i migliori provenienti dalle national series che si sono svolte in precedenza in tutto il continente.<\/p>\n<p><strong><a class=\"dt-pswp-item\" href=\"http:\/\/www.radiopiu.net\/wordpress\/wp-content\/uploads\/2019\/06\/sportograf-129099775.png\" data-dt-img-description=\"\" data-large_image_width=\"750\" data-large_image_height=\"500\"><img loading=\"lazy\" decoding=\"async\" class=\" wp-image-89771 alignleft\" src=\"http:\/\/www.radiopiu.net\/wordpress\/wp-content\/uploads\/2019\/06\/sportograf-129099775-300x200.png\" alt=\"\" width=\"272\" height=\"181\" srcset=\"https:\/\/www.radiopiu.net\/wordpress\/wp-content\/uploads\/2019\/06\/sportograf-129099775-300x200.png 300w, https:\/\/www.radiopiu.net\/wordpress\/wp-content\/uploads\/2019\/06\/sportograf-129099775.png 750w\" sizes=\"auto, (max-width: 272px) 100vw, 272px\" \/><\/a>IL FORMAT DELLA GARA <\/strong>L&#8217; evento Spartan Race di Alleghe si divider\u00e0 in due giornate: <strong>Sabato <\/strong>sar\u00e0 la volta del pi\u00f9 duro dei tre classici format:\u00a0 \u2022 Spartan Beast, cercher\u00e0 di mettere alla prova la resistenza psicofisica dei partecipanti. E\u2019 racchiusa in 21 km con pi\u00f9 di 30 ostacoli e rappresenta l\u2019ultima barriera verso la gloria per il conseguimento della Trifecta, il tempo pi\u00f9 veloce registrato \u00e8 stato di 3 ore. <strong>Domenica<\/strong> invece si dar\u00e0 spazio alle altre due categorie di gara :\u00a0 \u2022 Spartan Super, per la sua complessit\u00e0 e distanza, \u00e8 una sorta di via di mezzo fra Sprint e Beast che si articola in 13 km con pi\u00f9 di 25 ostacoli posizionati lungo il percorso. Il tempo pi\u00f9 veloce \u00e8 stimato in soli 80 minuti. \u2022 Spartan Sprint, seconda tipologia della giornata, \u00e8 il format pi\u00f9 breve, adatta a tutti i livelli di atleti, soprattutto per quelli alle prime armi con Spartan Race. Il percorso di gara prevede 5 km con pi\u00f9 di 20 ostacoli, il tempo pi\u00f9 veloce \u00e8 di 40 minuti.<\/p>\n<p><strong>ANDREA DAL FARRA, \u00a0responsabile marketing di Alleghe Funivie.<\/strong><\/p>\n<p><a class=\"dt-pswp-item\" href=\"http:\/\/www.radiopiu.net\/wordpress\/wp-content\/uploads\/2019\/06\/conferenza2_IMG_8500.png\" data-dt-img-description=\"\" data-large_image_width=\"750\" data-large_image_height=\"501\"><img loading=\"lazy\" decoding=\"async\" class=\"size-medium wp-image-89769 alignright\" src=\"http:\/\/www.radiopiu.net\/wordpress\/wp-content\/uploads\/2019\/06\/conferenza2_IMG_8500-300x200.png\" alt=\"\" width=\"300\" height=\"200\" srcset=\"https:\/\/www.radiopiu.net\/wordpress\/wp-content\/uploads\/2019\/06\/conferenza2_IMG_8500-300x200.png 300w, https:\/\/www.radiopiu.net\/wordpress\/wp-content\/uploads\/2019\/06\/conferenza2_IMG_8500.png 750w\" sizes=\"auto, (max-width: 300px) 100vw, 300px\" \/><\/a><em>\u201cSiamo molto contenti di ospitare una manifestazione di livello internazionale come la Spartan Race. Un evento importante che lancia una stagione estiva che sar\u00e0 ricca di appuntamenti da non perdere. Tra poche settimane il 21 luglio c\u2019\u00e8 la corsa in montagna con la Transcivetta e a seguire l\u2019Adventure Outdoor Fest, pensato per tutti gli appassionati di natura e avventura, pi\u00f9 tutta una serie di eventi organizzati anche in paese. L\u2019obiettivo \u00e8 di coinvolgere tutti dalle famiglie, a chi cerca una vacanza di relax, fino ai giovani che vogliono una vacanza attiva di sport e divertimento. Tutto questo si riallaccia a un progetto pi\u00f9 ampio che Alleghe Funivie sta portando avanti stagione dopo stagione con la produzone diretta, o come in questo caso di Spartan Race ospitando produzioni esterne, di eventi atti ad arricchire quella che e la normale organizzazione e gestione degli impianti e del territorio. Questo perch\u00e9 siamo consapevoli che al di la di quello che \u00e8 il mondo sci e neve d\u2019inverno e delle attivit\u00e0 legate agli impianti d\u2019estate gli utenti cercano sempre pi\u00f9 tutta una serie di attivit\u00e0 e servizi accessori; un evento di questa portata diventa l\u2019o<\/em>ccasione giusta per presentare il territorio e la nostra offerta anche a un pubblico che normalmente non ci frequenterebbe\u201d<\/p>\n<p><strong>ANGELO ZOMEGNAN, LICENZIATARIO SPARTAN RACE ITALIA<\/strong><\/p>\n<p><em><a class=\"dt-pswp-item\" href=\"http:\/\/www.radiopiu.net\/wordpress\/wp-content\/uploads\/2019\/06\/sportograf-129087579.png\" data-dt-img-description=\"\" data-large_image_width=\"750\" data-large_image_height=\"500\"><img loading=\"lazy\" decoding=\"async\" class=\"size-medium wp-image-89770 alignleft\" src=\"http:\/\/www.radiopiu.net\/wordpress\/wp-content\/uploads\/2019\/06\/sportograf-129087579-300x200.png\" alt=\"\" width=\"300\" height=\"200\" srcset=\"https:\/\/www.radiopiu.net\/wordpress\/wp-content\/uploads\/2019\/06\/sportograf-129087579-300x200.png 300w, https:\/\/www.radiopiu.net\/wordpress\/wp-content\/uploads\/2019\/06\/sportograf-129087579.png 750w\" sizes=\"auto, (max-width: 300px) 100vw, 300px\" \/><\/a>\u201cDopo il successo dell\u2019anno scorso, quest\u2019anno qui ad Alleghe abbiamo fatto un ulteriore salto di qualit\u00e0 passando dall\u2019evento Spartan Race normale all\u2019evento valdido anche come Campionato d\u2019Europa, sia individuale che a squadre. Si punta a sfondare il muro delle 5000 partecipazioni (nella categoria elite saranno rappresentate 30 nazioni), saranno presenti delle figure di spicco a livello mondiale di questo movimento che nel mondo conta oltre 1 milione di partecipazioni tra le varie manifestazioni che si svolgono, con solo in Italia pi\u00f9 di 30.000 partecipazioni. Al via non solo tanti campioni ma anche e soprattutto tanti appassionati armati di voglia di arrivare fino in fondo al percorso e di vincere la sfida con se stessi. Al via ci saranno anche degli atleti diversamente abili, la dimostrazione che Spartan Race \u00e8 un evento per tutti, non ci sono limiti. Questi numeri dicono che l\u2019Agordino per questo week-end \u00e8 sold out, e ne siamo tutti contenti, e che Alleghe ha fatto centro un\u2019altra volta per merito di Alleghe Funivie che ha intuito il successo di questa manifestazione intraprendendo con noi un percorso che io mi auguro possa durare nel tempo e che lascer\u00e0 sicuramente sul territorio un importante ricaduta in termini economici e di visibilit\u00e0. A dirlo non sono io o statistiche fatte in modo virtuale ma \u00e8 certificato da studi fatti in modo virtuoso. Inoltre la visibilit\u00e0 dell\u2019evento \u00e8 garantita da una produzione televisiva propria con un live streaming sia il sabato che la domenica che andr\u00e0 su Facebook, sui canali della nostra communty social italiani ed europei e anche su quelli mondiali che vantano oltre 5.300.000 potenziali frequentatori. Numeri importanti ai quali si aggiunge tutta la visibilit\u00e0 ottenuta attraverso i canali convenzionali tra stampa scritta, radio, televisione e web\u201d<\/em><\/p>\n<p>&nbsp;<\/p>\n","protected":false},"excerpt":{"rendered":"<p>IL SINDACO DANILO DE TONI: \u201cPer noi \u00e8 l\u2019inizio della stagione estiva e l\u2019evento Spartan Race, con il suo format particolare e avvinciente, per Alleghe diventa un prodotto promozionale importantissimo oltre che una bella passerella a livello di immagine. Lo abbiamo gi\u00e0 visto e vissuto l\u2019anno scorso, con un fiume di persone tra partecipanti e&hellip;<\/p>\n","protected":false},"author":1,"featured_media":89772,"comment_status":"closed","ping_status":"closed","sticky":false,"template":"","format":"standard","meta":{"_monsterinsights_skip_tracking":false,"_monsterinsights_sitenote_active":false,"_monsterinsights_sitenote_note":"","_monsterinsights_sitenote_category":0,"footnotes":""},"categories":[49],"tags":[],"class_list":["post-89774","post","type-post","status-publish","format-standard","has-post-thumbnail","hentry","category-news-18","category-49","description-off"],"img_url":"https:\/\/www.radiopiu.net\/wordpress\/wp-content\/uploads\/2019\/06\/conferenza1_IMG_8496.png","_links":{"self":[{"href":"https:\/\/www.radiopiu.net\/wordpress\/wp-json\/wp\/v2\/posts\/89774","targetHints":{"allow":["GET"]}}],"collection":[{"href":"https:\/\/www.radiopiu.net\/wordpress\/wp-json\/wp\/v2\/posts"}],"about":[{"href":"https:\/\/www.radiopiu.net\/wordpress\/wp-json\/wp\/v2\/types\/post"}],"author":[{"embeddable":true,"href":"https:\/\/www.radiopiu.net\/wordpress\/wp-json\/wp\/v2\/users\/1"}],"replies":[{"embeddable":true,"href":"https:\/\/www.radiopiu.net\/wordpress\/wp-json\/wp\/v2\/comments?post=89774"}],"version-history":[{"count":0,"href":"https:\/\/www.radiopiu.net\/wordpress\/wp-json\/wp\/v2\/posts\/89774\/revisions"}],"wp:featuredmedia":[{"embeddable":true,"href":"https:\/\/www.radiopiu.net\/wordpress\/wp-json\/wp\/v2\/media\/89772"}],"wp:attachment":[{"href":"https:\/\/www.radiopiu.net\/wordpress\/wp-json\/wp\/v2\/media?parent=89774"}],"wp:term":[{"taxonomy":"category","embeddable":true,"href":"https:\/\/www.radiopiu.net\/wordpress\/wp-json\/wp\/v2\/categories?post=89774"},{"taxonomy":"post_tag","embeddable":true,"href":"https:\/\/www.radiopiu.net\/wordpress\/wp-json\/wp\/v2\/tags?post=89774"}],"curies":[{"name":"wp","href":"https:\/\/api.w.org\/{rel}","templated":true}]}}