{"id":89847,"date":"2019-06-27T06:07:04","date_gmt":"2019-06-27T04:07:04","guid":{"rendered":"http:\/\/www.radiopiu.net\/wordpress\/?p=89847"},"modified":"2019-06-28T06:18:18","modified_gmt":"2019-06-28T04:18:18","slug":"frana-di-schiucaz-i-fenomeni-sono-tornati-in-barba-ai-divieti","status":"publish","type":"post","link":"https:\/\/www.radiopiu.net\/wordpress\/frana-di-schiucaz-i-fenomeni-sono-tornati-in-barba-ai-divieti\/","title":{"rendered":"FRANA DI SCHIUCAZ, I &#8220;FENOMENI&#8221; SONO TORNATI IN BARBA AI DIVIETI"},"content":{"rendered":"<p><span style=\"color: #0000ff;\"><strong>pagina facebook veneto strade<\/strong><\/span><br \/>\nQuesta volta si sono sentiti pi\u00f9 furbi e il primo ciclista dopo il passaggio ha pensato a coprirsi il volto e coprire il passaggio degli altri. Le telecamere (ovviamente non c\u2019\u00e8 solo quella) in realt\u00e0 sono state installate per monitorare i movimenti della frana. Perch\u00e9, \u00e8 bene ribadirlo, soprattutto dopo le due esplosioni \u00e8 molto probabile lo smottamento di qualche sasso o terreno. Quindi ripetiamo ancora una volta: \u00e8 assolutamente proibito<span class=\"text_exposed_show\">\u00a0transitare su quel tratto; c\u2019\u00e8 un serio pericolo di smottamento per via dei lavori di assestamento. Del resto la nostra montagna \u00e8 talmente ricca di percorsi straordinari da fare soprattutto in bicicletta che davvero non capiamo il senso di queste bravate. Ovviamente noi pubblichiamo il video. Ancora una volta non facciamo vedere i volti (ci hanno pensato loro a coprirsi) ma avvertiamo che le immagini sono state consegnate alle forze dell\u2019ordine.<\/span><\/p>\n<div id=\"fb-root\"><\/div>\n<p><script async=\"1\" defer=\"1\" crossorigin=\"anonymous\" src=\"https:\/\/connect.facebook.net\/it_IT\/sdk.js#xfbml=1&amp;version=v6.0\"><\/script><\/p>\n<div class=\"fb-video\" data-href=\"https:\/\/www.facebook.com\/venetostrade\/videos\/828199617552203\/\" data-width=\"1200\">\n<blockquote cite=\"https:\/\/www.facebook.com\/venetostrade\/videos\/828199617552203\/\" class=\"fb-xfbml-parse-ignore\"><p><a href=\"https:\/\/www.facebook.com\/venetostrade\/videos\/828199617552203\/\"><\/a><\/p>\n<p>FRANA DI SCHIUCAZ SONO TORNATI!!! Questa volta si sono sentiti pi\u00f9 furbi e il primo ciclista dopo il passaggio ha pensato a coprirsi il volto e coprire il passaggio degli altri. Le telecamere (ovviamente non c\u2019\u00e8 solo quella) in realt\u00e0 sono state installate per monitorare i movimenti della frana. Perch\u00e9, \u00e8 bene ribadirlo, soprattutto dopo le due esplosioni \u00e8 molto probabile lo smottamento di qualche sasso o terreno. Quindi ripetiamo ancora una volta: \u00e8 assolutamente proibito transitare su quel tratto; c\u2019\u00e8 un serio pericolo di smottamento per via dei lavori di assestamento. Del resto la nostra montagna \u00e8 talmente ricca di percorsi straordinari da fare soprattutto in bicicletta che davvero non capiamo il senso di queste bravate. Ovviamente noi pubblichiamo il video. Ancora una volta non facciamo vedere i volti (ci hanno pensato loro a coprirsi) ma avvertiamo che le immagini sono state consegnate alle forze dell\u2019ordine.<\/p>\n<p>Pubblicato da <a href=\"https:\/\/www.facebook.com\/venetostrade\/\">Veneto Strade Spa<\/a> su Mercoled\u00ec 26 giugno 2019<\/p><\/blockquote>\n<\/div>\n<p><strong>ALPAGO<\/strong> <em>&#8220;Per dare un\u2019idea dei lavori che stiamo facendo e dell\u2019incoscienza di chi, per gioco passa nei tratti assolutamente vietati dimostrando anche una scarsa sensibilit\u00e0 per le persone che hanno dovuto lasciare la loro casa proprio per il pericolo di smottamenti, pubblichiamo alcune foto&#8221;.<\/em><\/p>\n<p><a class=\"dt-pswp-item\" href=\"http:\/\/www.radiopiu.net\/wordpress\/wp-content\/uploads\/2019\/06\/65304579_2319444698124277_2290083511484284928_n.jpg\" data-dt-img-description=\"\" data-large_image_width=\"960\" data-large_image_height=\"720\"><img loading=\"lazy\" decoding=\"async\" class=\"alignnone wp-image-89810\" src=\"http:\/\/www.radiopiu.net\/wordpress\/wp-content\/uploads\/2019\/06\/65304579_2319444698124277_2290083511484284928_n-300x225.jpg\" alt=\"\" width=\"173\" height=\"130\" srcset=\"https:\/\/www.radiopiu.net\/wordpress\/wp-content\/uploads\/2019\/06\/65304579_2319444698124277_2290083511484284928_n-300x225.jpg 300w, https:\/\/www.radiopiu.net\/wordpress\/wp-content\/uploads\/2019\/06\/65304579_2319444698124277_2290083511484284928_n-768x576.jpg 768w, https:\/\/www.radiopiu.net\/wordpress\/wp-content\/uploads\/2019\/06\/65304579_2319444698124277_2290083511484284928_n.jpg 960w\" sizes=\"auto, (max-width: 173px) 100vw, 173px\" \/><\/a><a class=\"dt-pswp-item\" href=\"http:\/\/www.radiopiu.net\/wordpress\/wp-content\/uploads\/2019\/06\/65642155_2319444831457597_3915858839248830464_n.jpg\" data-dt-img-description=\"\" data-large_image_width=\"960\" data-large_image_height=\"720\"><img loading=\"lazy\" decoding=\"async\" class=\"alignnone wp-image-89811\" src=\"http:\/\/www.radiopiu.net\/wordpress\/wp-content\/uploads\/2019\/06\/65642155_2319444831457597_3915858839248830464_n-300x225.jpg\" alt=\"\" width=\"169\" height=\"127\" srcset=\"https:\/\/www.radiopiu.net\/wordpress\/wp-content\/uploads\/2019\/06\/65642155_2319444831457597_3915858839248830464_n-300x225.jpg 300w, https:\/\/www.radiopiu.net\/wordpress\/wp-content\/uploads\/2019\/06\/65642155_2319444831457597_3915858839248830464_n-768x576.jpg 768w, https:\/\/www.radiopiu.net\/wordpress\/wp-content\/uploads\/2019\/06\/65642155_2319444831457597_3915858839248830464_n.jpg 960w\" sizes=\"auto, (max-width: 169px) 100vw, 169px\" \/><\/a><a class=\"dt-pswp-item\" href=\"http:\/\/www.radiopiu.net\/wordpress\/wp-content\/uploads\/2019\/06\/64941203_2319444674790946_6641693888450920448_n.jpg\" data-dt-img-description=\"\" data-large_image_width=\"960\" data-large_image_height=\"720\"><img loading=\"lazy\" decoding=\"async\" class=\"alignnone wp-image-89812\" src=\"http:\/\/www.radiopiu.net\/wordpress\/wp-content\/uploads\/2019\/06\/64941203_2319444674790946_6641693888450920448_n-300x225.jpg\" alt=\"\" width=\"166\" height=\"125\" srcset=\"https:\/\/www.radiopiu.net\/wordpress\/wp-content\/uploads\/2019\/06\/64941203_2319444674790946_6641693888450920448_n-300x225.jpg 300w, https:\/\/www.radiopiu.net\/wordpress\/wp-content\/uploads\/2019\/06\/64941203_2319444674790946_6641693888450920448_n-768x576.jpg 768w, https:\/\/www.radiopiu.net\/wordpress\/wp-content\/uploads\/2019\/06\/64941203_2319444674790946_6641693888450920448_n.jpg 960w\" sizes=\"auto, (max-width: 166px) 100vw, 166px\" \/><\/a><\/p>\n<p>&nbsp;<\/p>\n","protected":false},"excerpt":{"rendered":"<p>pagina facebook veneto strade Questa volta si sono sentiti pi\u00f9 furbi e il primo ciclista dopo il passaggio ha pensato a coprirsi il volto e coprire il passaggio degli altri. Le telecamere (ovviamente non c\u2019\u00e8 solo quella) in realt\u00e0 sono state installate per monitorare i movimenti della frana. Perch\u00e9, \u00e8 bene ribadirlo, soprattutto dopo le&hellip;<\/p>\n","protected":false},"author":1,"featured_media":89812,"comment_status":"closed","ping_status":"closed","sticky":false,"template":"","format":"standard","meta":{"_monsterinsights_skip_tracking":false,"_monsterinsights_sitenote_active":false,"_monsterinsights_sitenote_note":"","_monsterinsights_sitenote_category":0,"footnotes":""},"categories":[49],"tags":[],"class_list":["post-89847","post","type-post","status-publish","format-standard","has-post-thumbnail","hentry","category-news-18","category-49","description-off"],"img_url":"https:\/\/www.radiopiu.net\/wordpress\/wp-content\/uploads\/2019\/06\/64941203_2319444674790946_6641693888450920448_n.jpg","_links":{"self":[{"href":"https:\/\/www.radiopiu.net\/wordpress\/wp-json\/wp\/v2\/posts\/89847","targetHints":{"allow":["GET"]}}],"collection":[{"href":"https:\/\/www.radiopiu.net\/wordpress\/wp-json\/wp\/v2\/posts"}],"about":[{"href":"https:\/\/www.radiopiu.net\/wordpress\/wp-json\/wp\/v2\/types\/post"}],"author":[{"embeddable":true,"href":"https:\/\/www.radiopiu.net\/wordpress\/wp-json\/wp\/v2\/users\/1"}],"replies":[{"embeddable":true,"href":"https:\/\/www.radiopiu.net\/wordpress\/wp-json\/wp\/v2\/comments?post=89847"}],"version-history":[{"count":0,"href":"https:\/\/www.radiopiu.net\/wordpress\/wp-json\/wp\/v2\/posts\/89847\/revisions"}],"wp:featuredmedia":[{"embeddable":true,"href":"https:\/\/www.radiopiu.net\/wordpress\/wp-json\/wp\/v2\/media\/89812"}],"wp:attachment":[{"href":"https:\/\/www.radiopiu.net\/wordpress\/wp-json\/wp\/v2\/media?parent=89847"}],"wp:term":[{"taxonomy":"category","embeddable":true,"href":"https:\/\/www.radiopiu.net\/wordpress\/wp-json\/wp\/v2\/categories?post=89847"},{"taxonomy":"post_tag","embeddable":true,"href":"https:\/\/www.radiopiu.net\/wordpress\/wp-json\/wp\/v2\/tags?post=89847"}],"curies":[{"name":"wp","href":"https:\/\/api.w.org\/{rel}","templated":true}]}}