{"id":89901,"date":"2019-06-27T15:49:45","date_gmt":"2019-06-27T13:49:45","guid":{"rendered":"http:\/\/www.radiopiu.net\/wordpress\/?p=89901"},"modified":"2019-06-27T15:49:45","modified_gmt":"2019-06-27T13:49:45","slug":"transcivetta-karpos-2019-ancora-pochi-giorni-per-iscriversi","status":"publish","type":"post","link":"https:\/\/www.radiopiu.net\/wordpress\/transcivetta-karpos-2019-ancora-pochi-giorni-per-iscriversi\/","title":{"rendered":"Transcivetta Karpos 2019, ancora pochi giorni per iscriversi"},"content":{"rendered":"<blockquote><p><span style=\"font-family: verdana, sans-serif;\"><b><a class=\"dt-pswp-item\" href=\"http:\/\/www.radiopiu.net\/wordpress\/wp-content\/uploads\/2019\/06\/transcivetta-15-luglio-2018-luca-cagnati-guida-la-gara-al-laghetto-del-coldai.jpg\" data-dt-img-description=\"\" data-large_image_width=\"1900\" data-large_image_height=\"1267\"><img loading=\"lazy\" decoding=\"async\" class=\" wp-image-89902 alignleft\" src=\"http:\/\/www.radiopiu.net\/wordpress\/wp-content\/uploads\/2019\/06\/transcivetta-15-luglio-2018-luca-cagnati-guida-la-gara-al-laghetto-del-coldai-300x200.jpg\" alt=\"\" width=\"249\" height=\"166\" srcset=\"https:\/\/www.radiopiu.net\/wordpress\/wp-content\/uploads\/2019\/06\/transcivetta-15-luglio-2018-luca-cagnati-guida-la-gara-al-laghetto-del-coldai-300x200.jpg 300w, https:\/\/www.radiopiu.net\/wordpress\/wp-content\/uploads\/2019\/06\/transcivetta-15-luglio-2018-luca-cagnati-guida-la-gara-al-laghetto-del-coldai-768x512.jpg 768w, https:\/\/www.radiopiu.net\/wordpress\/wp-content\/uploads\/2019\/06\/transcivetta-15-luglio-2018-luca-cagnati-guida-la-gara-al-laghetto-del-coldai-1024x683.jpg 1024w, https:\/\/www.radiopiu.net\/wordpress\/wp-content\/uploads\/2019\/06\/transcivetta-15-luglio-2018-luca-cagnati-guida-la-gara-al-laghetto-del-coldai.jpg 1900w\" sizes=\"auto, (max-width: 249px) 100vw, 249px\" \/><\/a>ALLEGHE <\/b>Rimangono ancora pochi giorni per iscriversi alla Transcivetta Karpos 2019. Il termine ultimo per aderire classica della corsa in montagna a coppie che si svolge tra Listolade e i Piani di Pezz\u00e8, nel cuore delle Dolomiti bellunesi, \u00e8 infatti fissato per mercoled\u00ec 3 luglio. <\/span><span style=\"font-family: verdana, sans-serif;\">Il costo di adesione \u00e8 fissato in 80 euro a coppia. Le iscrizioni sono possibili sul sito della manifestazione, <\/span><a style=\"font-family: verdana, sans-serif;\" href=\"http:\/\/www.transcivetta.it\/\">www.transcivetta.it<\/a><span style=\"font-family: verdana, sans-serif;\">. <\/span><span style=\"font-family: verdana, sans-serif;\">Come gi\u00e0 per le ultime stagioni, anche per l\u2019edizione 2019 ci sar\u00e0 una doppia possibilit\u00e0 di partecipazione alla gara: versione agonistica oppure versione non agonistica. La prova agonistica, per la quale sar\u00e0 redatta una classifica ufficiale, prevede che i concorrenti al momento dell\u2019iscrizione presentino un attestato medico sportivo dedicato all\u2019attivit\u00e0 agonistica. La coppia pu\u00f2 in alternativa iscriversi alla manifestazione \u201cnon competitiva\u201d: in questo caso avr\u00e0 diritto a tutti i servizi dell\u2019evento, ad esclusione della presenza nella classifica agonistica. Verr\u00e0 comunque stilato un documento relativo alla \u201cnon competitiva\u201d, in ordine di pettorale, con i tempi rilevati all\u2019arrivo. <\/span><span style=\"font-family: verdana, sans-serif;\">La Transcivetta Karpos si svolger\u00e0 nella giornata di domenica 21 luglio, con partenza alle 9. Il tracciato misura 23 chilometri (1950 i metri di dislivello positivo, 870 i metri di dislivello negativo) e si snoda tra Listolade (comune di Taibon Agordino) ai Piani di Pezz\u00e8 (Alleghe), attraversando la Val Corpassa, la Val Civetta, il Col Negro e Forcella Coldai, toccando i rifugi Capanna Trieste, Vazzoler, Tissi e Coldai. <\/span><span style=\"font-family: verdana, sans-serif;\">La giornata ai piedi del Civetta proporr\u00e0 anche un momento dedicato ai pi\u00f9 piccoli: si tratta della Transcievtta Kids, manifestazione dedicata a bambini e ragazzi tra i 5 e i 12 anni. La manifestazione si snoda lungo i prati dei Piani di Pezz\u00e8 e misura 2.5 chilometri. Il via \u00e8 previsto per le 14.30. Le iscrizioni si possono perfezionare sul posto fino alle 12.<\/span><\/p><\/blockquote>\n","protected":false},"excerpt":{"rendered":"<p>ALLEGHE Rimangono ancora pochi giorni per iscriversi alla Transcivetta Karpos 2019. Il termine ultimo per aderire classica della corsa in montagna a coppie che si svolge tra Listolade e i Piani di Pezz\u00e8, nel cuore delle Dolomiti bellunesi, \u00e8 infatti fissato per mercoled\u00ec 3 luglio. Il costo di adesione \u00e8 fissato in 80 euro a&hellip;<\/p>\n","protected":false},"author":1,"featured_media":89902,"comment_status":"closed","ping_status":"closed","sticky":false,"template":"","format":"standard","meta":{"_monsterinsights_skip_tracking":false,"_monsterinsights_sitenote_active":false,"_monsterinsights_sitenote_note":"","_monsterinsights_sitenote_category":0,"footnotes":""},"categories":[49],"tags":[],"class_list":["post-89901","post","type-post","status-publish","format-standard","has-post-thumbnail","hentry","category-news-18","category-49","description-off"],"img_url":"https:\/\/www.radiopiu.net\/wordpress\/wp-content\/uploads\/2019\/06\/transcivetta-15-luglio-2018-luca-cagnati-guida-la-gara-al-laghetto-del-coldai.jpg","_links":{"self":[{"href":"https:\/\/www.radiopiu.net\/wordpress\/wp-json\/wp\/v2\/posts\/89901","targetHints":{"allow":["GET"]}}],"collection":[{"href":"https:\/\/www.radiopiu.net\/wordpress\/wp-json\/wp\/v2\/posts"}],"about":[{"href":"https:\/\/www.radiopiu.net\/wordpress\/wp-json\/wp\/v2\/types\/post"}],"author":[{"embeddable":true,"href":"https:\/\/www.radiopiu.net\/wordpress\/wp-json\/wp\/v2\/users\/1"}],"replies":[{"embeddable":true,"href":"https:\/\/www.radiopiu.net\/wordpress\/wp-json\/wp\/v2\/comments?post=89901"}],"version-history":[{"count":0,"href":"https:\/\/www.radiopiu.net\/wordpress\/wp-json\/wp\/v2\/posts\/89901\/revisions"}],"wp:featuredmedia":[{"embeddable":true,"href":"https:\/\/www.radiopiu.net\/wordpress\/wp-json\/wp\/v2\/media\/89902"}],"wp:attachment":[{"href":"https:\/\/www.radiopiu.net\/wordpress\/wp-json\/wp\/v2\/media?parent=89901"}],"wp:term":[{"taxonomy":"category","embeddable":true,"href":"https:\/\/www.radiopiu.net\/wordpress\/wp-json\/wp\/v2\/categories?post=89901"},{"taxonomy":"post_tag","embeddable":true,"href":"https:\/\/www.radiopiu.net\/wordpress\/wp-json\/wp\/v2\/tags?post=89901"}],"curies":[{"name":"wp","href":"https:\/\/api.w.org\/{rel}","templated":true}]}}